{"id":15146,"date":"2021-09-22T15:56:35","date_gmt":"2021-09-22T18:56:35","guid":{"rendered":"https:\/\/redenoticiaz.com.br\/litoralsp\/?p=15146"},"modified":"2021-09-22T15:56:58","modified_gmt":"2021-09-22T18:56:58","slug":"comerciantes-e-empresarios-conhecem-os-projetos-de-revitalizacao-do-centro-de-santos","status":"publish","type":"post","link":"https:\/\/redenoticiaz.com.br\/litoralsp\/2021\/09\/22\/comerciantes-e-empresarios-conhecem-os-projetos-de-revitalizacao-do-centro-de-santos","title":{"rendered":"Comerciantes e empres\u00e1rios conhecem os projetos de revitaliza\u00e7\u00e3o do Centro de Santos"},"content":{"rendered":"<p>H\u00e1 muito tempo que moradores, comerciantes e empres\u00e1rios pedem que o Centro Hist\u00f3rico de <a href=\"https:\/\/www.santos.sp.gov.br\/\">Santos<\/a> seja revitalizado para que seja novamente atrativo, bem frequentado e que possa atrair cada vez mais empresas. Nesta quarta-feira (22), foram apresentados os <strong>projetos urban\u00edsticos<\/strong> na sede da Associa\u00e7\u00e3o Comercial de Santos.<\/p>\n<p>Segundo a prefeitura, a ideia, al\u00e9m de uma reurbaniza\u00e7\u00e3o, \u00e9 de promover a reorganiza\u00e7\u00e3o urbana com o repovoamento dos bairros e o encontro foi uma forma de esclarecer e unir esfor\u00e7os pelas transforma\u00e7\u00f5es.<\/p>\n<p>Ap\u00f3s um diagn\u00f3stico com hist\u00f3rico e caracter\u00edsticas atuais da \u00e1rea, que engloba os bairros Vila Mathias, Vila Nova, Paquet\u00e1, Centro-Hist\u00f3rico, Valongo, Chin\u00eas, Porto Valongo e Porto Paquet\u00e1, o secret\u00e1rio de Desenvolvimento Urbano, Glaucus Farinello, mostrou alguns projetos para uma reorganiza\u00e7\u00e3o urbana. \u201cO desenvolvimento do VLT vai gerar uma transforma\u00e7\u00e3o natural. Conforme novos modais forem criados, a malha se torna mais complexa e eficiente, atraindo investimentos\u201d.<\/p>\n<p>Glaucus\u00a0tamb\u00e9m falou de um replanejamento em vias e linhas de transporte p\u00fablico. \u201cCom o VLT operando, vamos reorganizar as vias e os modais. Tamb\u00e9m queremos ampliar, por exemplo, as \u00e1reas exclusivas para pedestres, para que a mobilidade seja um fator positivo, gerando novas oportunidades\u201d.<\/p>\n<h3 id=\"menu1\">Projeto de verticaliza\u00e7\u00e3o<\/h3>\n<p>Outra quest\u00e3o destacada pelo secret\u00e1rio foi a exist\u00eancia de \u00e1reas dispon\u00edveis para novas constru\u00e7\u00f5es. S\u00e3o 100 mil metros quadrados no Valongo e 200 mil metros quadrados no Paquet\u00e1. \u201cExiste um mito de que todos os im\u00f3veis na regi\u00e3o central s\u00e3o de prote\u00e7\u00e3o cultural, mas isso n\u00e3o \u00e9 verdade. H\u00e1 uma \u00e1rea muito grande para que possamos promover uma renova\u00e7\u00e3o urbana, inclusive com a verticaliza\u00e7\u00e3o\u201d, comentou o secret\u00e1rio.<\/p>\n<p>Farinello\u00a0tamb\u00e9m mencionou outras a\u00e7\u00f5es que devem ser planejadas, como amplia\u00e7\u00e3o das \u00e1reas de lazer, consolida\u00e7\u00e3o da regi\u00e3o como centro empresarial e hoteleiro e atra\u00e7\u00f5es para o p\u00fablico universit\u00e1rio.<\/p>\n<p><strong>LEIA TAMB\u00c9M<\/strong><\/p>\n<p><a href=\"https:\/\/redenoticiaz.com.br\/litoralsp\/2021\/09\/21\/obras-do-vlt-em-santos-estao-na-mira-do-ministerio-publico\">Obras do VLT em Santos est\u00e3o na mira do Minist\u00e9rio P\u00fablico<\/a><\/p>\n","protected":false},"excerpt":{"rendered":"<p>H\u00e1 muito tempo que moradores, comerciantes e empres\u00e1rios pedem que o Centro Hist\u00f3rico de Santos seja revitalizado para que seja novamente atrativo, bem frequentado e que possa atrair cada vez mais empresas. Nesta quarta-feira (22), foram apresentados os projetos urban\u00edsticos na sede da Associa\u00e7\u00e3o Comercial de Santos. Segundo a prefeitura, a ideia, al\u00e9m de uma &hellip;<\/p>\n","protected":false},"author":6,"featured_media":15147,"comment_status":"open","ping_status":"closed","sticky":false,"template":"","format":"standard","meta":{"footnotes":""},"categories":[4,1579,180,88],"tags":[19165,30797,35505,986],"class_list":["post-15146","post","type-post","status-publish","format-standard","has-post-thumbnail","hentry","category-geral","category-obras","category-santos","category-transportes","tag-centro-de-santos","tag-centro-historico","tag-projeto-de-reurbanizacao","tag-santos"],"yoast_head":"<!-- This site is optimized with the Yoast SEO plugin v27.4 - https:\/\/yoast.com\/product\/yoast-seo-wordpress\/ -->\n<title>Comerciantes e empres\u00e1rios conhecem os projetos de revitaliza\u00e7\u00e3o do Centro de Santos - Litoral SP<\/title>\n<meta name=\"description\" content=\"H\u00e1 muito tempo que moradores, comerciantes e empres\u00e1rios pedem que o Centro Hist\u00f3rico de Santos seja revitalizado para\" \/>\n<meta name=\"robots\" content=\"index, follow, max-snippet:-1, max-image-preview:large, max-video-preview:-1\" \/>\n<link rel=\"canonical\" href=\"https:\/\/redenoticiaz.com.br\/litoralsp\/2021\/09\/22\/comerciantes-e-empresarios-conhecem-os-projetos-de-revitalizacao-do-centro-de-santos\" \/>\n<meta property=\"og:locale\" content=\"pt_BR\" \/>\n<meta property=\"og:type\" content=\"article\" \/>\n<meta property=\"og:title\" content=\"Comerciantes e empres\u00e1rios conhecem os projetos de revitaliza\u00e7\u00e3o do Centro de Santos - Litoral SP\" \/>\n<meta property=\"og:description\" content=\"H\u00e1 muito tempo que moradores, comerciantes e empres\u00e1rios pedem que o Centro Hist\u00f3rico de Santos seja revitalizado para\" \/>\n<meta property=\"og:url\" content=\"https:\/\/redenoticiaz.com.br\/litoralsp\/2021\/09\/22\/comerciantes-e-empresarios-conhecem-os-projetos-de-revitalizacao-do-centro-de-santos\" \/>\n<meta property=\"og:site_name\" content=\"Litoral SP\" \/>\n<meta property=\"article:published_time\" content=\"2021-09-22T18:56:35+00:00\" \/>\n<meta property=\"article:modified_time\" content=\"2021-09-22T18:56:58+00:00\" \/>\n<meta property=\"og:image\" content=\"https:\/\/redenoticiaz.com.br\/litoralsp\/wp-content\/uploads\/sites\/3\/2021\/09\/centrosantos.jpg\" \/>\n\t<meta property=\"og:image:width\" content=\"900\" \/>\n\t<meta property=\"og:image:height\" content=\"600\" \/>\n\t<meta property=\"og:image:type\" content=\"image\/jpeg\" \/>\n<meta name=\"author\" content=\"Leonardo Francisco\" \/>\n<meta name=\"twitter:card\" content=\"summary_large_image\" \/>\n<meta name=\"twitter:label1\" content=\"Escrito por\" \/>\n\t<meta name=\"twitter:data1\" content=\"Leonardo Francisco\" \/>\n\t<meta name=\"twitter:label2\" content=\"Est. tempo de leitura\" \/>\n\t<meta name=\"twitter:data2\" content=\"2 minutos\" \/>\n<script type=\"application\/ld+json\" class=\"yoast-schema-graph\">{\"@context\":\"https:\\\/\\\/schema.org\",\"@graph\":[{\"@type\":\"Article\",\"@id\":\"https:\\\/\\\/redenoticiaz.com.br\\\/litoralsp\\\/2021\\\/09\\\/22\\\/comerciantes-e-empresarios-conhecem-os-projetos-de-revitalizacao-do-centro-de-santos#article\",\"isPartOf\":{\"@id\":\"https:\\\/\\\/redenoticiaz.com.br\\\/litoralsp\\\/2021\\\/09\\\/22\\\/comerciantes-e-empresarios-conhecem-os-projetos-de-revitalizacao-do-centro-de-santos\"},\"author\":{\"name\":\"Leonardo Francisco\",\"@id\":\"https:\\\/\\\/redenoticiaz.com.br\\\/litoralsp\\\/#\\\/schema\\\/person\\\/0f0b8a5bdafefe82841e07ae8d81ecb3\"},\"headline\":\"Comerciantes e empres\u00e1rios conhecem os projetos de revitaliza\u00e7\u00e3o do Centro de Santos\",\"datePublished\":\"2021-09-22T18:56:35+00:00\",\"dateModified\":\"2021-09-22T18:56:58+00:00\",\"mainEntityOfPage\":{\"@id\":\"https:\\\/\\\/redenoticiaz.com.br\\\/litoralsp\\\/2021\\\/09\\\/22\\\/comerciantes-e-empresarios-conhecem-os-projetos-de-revitalizacao-do-centro-de-santos\"},\"wordCount\":359,\"commentCount\":0,\"publisher\":{\"@id\":\"https:\\\/\\\/redenoticiaz.com.br\\\/litoralsp\\\/#organization\"},\"image\":{\"@id\":\"https:\\\/\\\/redenoticiaz.com.br\\\/litoralsp\\\/2021\\\/09\\\/22\\\/comerciantes-e-empresarios-conhecem-os-projetos-de-revitalizacao-do-centro-de-santos#primaryimage\"},\"thumbnailUrl\":\"https:\\\/\\\/redenoticiaz.com.br\\\/litoralsp\\\/wp-content\\\/uploads\\\/sites\\\/3\\\/2021\\\/09\\\/centrosantos.jpg\",\"keywords\":[\"CENTRO DE SANTOS\",\"CENTRO HIST\u00d3RICO\",\"PROJETO DE REURBANIZA\u00c7\u00c3O\",\"Santos\"],\"articleSection\":[\"Geral\",\"Obras\",\"Santos\",\"Transportes\"],\"inLanguage\":\"pt-BR\",\"potentialAction\":[{\"@type\":\"CommentAction\",\"name\":\"Comment\",\"target\":[\"https:\\\/\\\/redenoticiaz.com.br\\\/litoralsp\\\/2021\\\/09\\\/22\\\/comerciantes-e-empresarios-conhecem-os-projetos-de-revitalizacao-do-centro-de-santos#respond\"]}]},{\"@type\":\"WebPage\",\"@id\":\"https:\\\/\\\/redenoticiaz.com.br\\\/litoralsp\\\/2021\\\/09\\\/22\\\/comerciantes-e-empresarios-conhecem-os-projetos-de-revitalizacao-do-centro-de-santos\",\"url\":\"https:\\\/\\\/redenoticiaz.com.br\\\/litoralsp\\\/2021\\\/09\\\/22\\\/comerciantes-e-empresarios-conhecem-os-projetos-de-revitalizacao-do-centro-de-santos\",\"name\":\"Comerciantes e empres\u00e1rios conhecem os projetos de revitaliza\u00e7\u00e3o do Centro de Santos - Litoral SP\",\"isPartOf\":{\"@id\":\"https:\\\/\\\/redenoticiaz.com.br\\\/litoralsp\\\/#website\"},\"primaryImageOfPage\":{\"@id\":\"https:\\\/\\\/redenoticiaz.com.br\\\/litoralsp\\\/2021\\\/09\\\/22\\\/comerciantes-e-empresarios-conhecem-os-projetos-de-revitalizacao-do-centro-de-santos#primaryimage\"},\"image\":{\"@id\":\"https:\\\/\\\/redenoticiaz.com.br\\\/litoralsp\\\/2021\\\/09\\\/22\\\/comerciantes-e-empresarios-conhecem-os-projetos-de-revitalizacao-do-centro-de-santos#primaryimage\"},\"thumbnailUrl\":\"https:\\\/\\\/redenoticiaz.com.br\\\/litoralsp\\\/wp-content\\\/uploads\\\/sites\\\/3\\\/2021\\\/09\\\/centrosantos.jpg\",\"datePublished\":\"2021-09-22T18:56:35+00:00\",\"dateModified\":\"2021-09-22T18:56:58+00:00\",\"description\":\"H\u00e1 muito tempo que moradores, comerciantes e empres\u00e1rios pedem que o Centro Hist\u00f3rico de Santos seja revitalizado para\",\"inLanguage\":\"pt-BR\",\"potentialAction\":[{\"@type\":\"ReadAction\",\"target\":[\"https:\\\/\\\/redenoticiaz.com.br\\\/litoralsp\\\/2021\\\/09\\\/22\\\/comerciantes-e-empresarios-conhecem-os-projetos-de-revitalizacao-do-centro-de-santos\"]}]},{\"@type\":\"ImageObject\",\"inLanguage\":\"pt-BR\",\"@id\":\"https:\\\/\\\/redenoticiaz.com.br\\\/litoralsp\\\/2021\\\/09\\\/22\\\/comerciantes-e-empresarios-conhecem-os-projetos-de-revitalizacao-do-centro-de-santos#primaryimage\",\"url\":\"https:\\\/\\\/redenoticiaz.com.br\\\/litoralsp\\\/wp-content\\\/uploads\\\/sites\\\/3\\\/2021\\\/09\\\/centrosantos.jpg\",\"contentUrl\":\"https:\\\/\\\/redenoticiaz.com.br\\\/litoralsp\\\/wp-content\\\/uploads\\\/sites\\\/3\\\/2021\\\/09\\\/centrosantos.jpg\",\"width\":900,\"height\":600,\"caption\":\"Secret\u00e1rio apresenta projeto de revitaliza\u00e7\u00e3o. Cr\u00e9ditos: Divulga\u00e7\u00e3o\\\/Prefeitura de Santos.\"},{\"@type\":\"WebSite\",\"@id\":\"https:\\\/\\\/redenoticiaz.com.br\\\/litoralsp\\\/#website\",\"url\":\"https:\\\/\\\/redenoticiaz.com.br\\\/litoralsp\\\/\",\"name\":\"Litoral SP\",\"description\":\"Rede NoticiaZ\",\"publisher\":{\"@id\":\"https:\\\/\\\/redenoticiaz.com.br\\\/litoralsp\\\/#organization\"},\"potentialAction\":[{\"@type\":\"SearchAction\",\"target\":{\"@type\":\"EntryPoint\",\"urlTemplate\":\"https:\\\/\\\/redenoticiaz.com.br\\\/litoralsp\\\/?s={search_term_string}\"},\"query-input\":{\"@type\":\"PropertyValueSpecification\",\"valueRequired\":true,\"valueName\":\"search_term_string\"}}],\"inLanguage\":\"pt-BR\"},{\"@type\":\"Organization\",\"@id\":\"https:\\\/\\\/redenoticiaz.com.br\\\/litoralsp\\\/#organization\",\"name\":\"Litoral SP\",\"url\":\"https:\\\/\\\/redenoticiaz.com.br\\\/litoralsp\\\/\",\"logo\":{\"@type\":\"ImageObject\",\"inLanguage\":\"pt-BR\",\"@id\":\"https:\\\/\\\/redenoticiaz.com.br\\\/litoralsp\\\/#\\\/schema\\\/logo\\\/image\\\/\",\"url\":\"https:\\\/\\\/redenoticiaz.com.br\\\/litoralsp\\\/wp-content\\\/uploads\\\/sites\\\/3\\\/2020\\\/11\\\/logo.jpg\",\"contentUrl\":\"https:\\\/\\\/redenoticiaz.com.br\\\/litoralsp\\\/wp-content\\\/uploads\\\/sites\\\/3\\\/2020\\\/11\\\/logo.jpg\",\"width\":400,\"height\":250,\"caption\":\"Litoral SP\"},\"image\":{\"@id\":\"https:\\\/\\\/redenoticiaz.com.br\\\/litoralsp\\\/#\\\/schema\\\/logo\\\/image\\\/\"}},{\"@type\":\"Person\",\"@id\":\"https:\\\/\\\/redenoticiaz.com.br\\\/litoralsp\\\/#\\\/schema\\\/person\\\/0f0b8a5bdafefe82841e07ae8d81ecb3\",\"name\":\"Leonardo Francisco\",\"image\":{\"@type\":\"ImageObject\",\"inLanguage\":\"pt-BR\",\"@id\":\"https:\\\/\\\/secure.gravatar.com\\\/avatar\\\/a7358cb406a99b682ec6df1e77e31ae82e63601f6784e8a3df411d72b37864da?s=96&d=mm&r=g\",\"url\":\"https:\\\/\\\/secure.gravatar.com\\\/avatar\\\/a7358cb406a99b682ec6df1e77e31ae82e63601f6784e8a3df411d72b37864da?s=96&d=mm&r=g\",\"contentUrl\":\"https:\\\/\\\/secure.gravatar.com\\\/avatar\\\/a7358cb406a99b682ec6df1e77e31ae82e63601f6784e8a3df411d72b37864da?s=96&d=mm&r=g\",\"caption\":\"Leonardo Francisco\"},\"url\":\"https:\\\/\\\/redenoticiaz.com.br\\\/litoralsp\\\/author\\\/leonardo-francisco\"}]}<\/script>\n<!-- \/ Yoast SEO plugin. -->","yoast_head_json":{"title":"Comerciantes e empres\u00e1rios conhecem os projetos de revitaliza\u00e7\u00e3o do Centro de Santos - Litoral SP","description":"H\u00e1 muito tempo que moradores, comerciantes e empres\u00e1rios pedem que o Centro Hist\u00f3rico de Santos seja revitalizado para","robots":{"index":"index","follow":"follow","max-snippet":"max-snippet:-1","max-image-preview":"max-image-preview:large","max-video-preview":"max-video-preview:-1"},"canonical":"https:\/\/redenoticiaz.com.br\/litoralsp\/2021\/09\/22\/comerciantes-e-empresarios-conhecem-os-projetos-de-revitalizacao-do-centro-de-santos","og_locale":"pt_BR","og_type":"article","og_title":"Comerciantes e empres\u00e1rios conhecem os projetos de revitaliza\u00e7\u00e3o do Centro de Santos - Litoral SP","og_description":"H\u00e1 muito tempo que moradores, comerciantes e empres\u00e1rios pedem que o Centro Hist\u00f3rico de Santos seja revitalizado para","og_url":"https:\/\/redenoticiaz.com.br\/litoralsp\/2021\/09\/22\/comerciantes-e-empresarios-conhecem-os-projetos-de-revitalizacao-do-centro-de-santos","og_site_name":"Litoral SP","article_published_time":"2021-09-22T18:56:35+00:00","article_modified_time":"2021-09-22T18:56:58+00:00","og_image":[{"width":900,"height":600,"url":"https:\/\/redenoticiaz.com.br\/litoralsp\/wp-content\/uploads\/sites\/3\/2021\/09\/centrosantos.jpg","type":"image\/jpeg"}],"author":"Leonardo Francisco","twitter_card":"summary_large_image","twitter_misc":{"Escrito por":"Leonardo Francisco","Est. tempo de leitura":"2 minutos"},"schema":{"@context":"https:\/\/schema.org","@graph":[{"@type":"Article","@id":"https:\/\/redenoticiaz.com.br\/litoralsp\/2021\/09\/22\/comerciantes-e-empresarios-conhecem-os-projetos-de-revitalizacao-do-centro-de-santos#article","isPartOf":{"@id":"https:\/\/redenoticiaz.com.br\/litoralsp\/2021\/09\/22\/comerciantes-e-empresarios-conhecem-os-projetos-de-revitalizacao-do-centro-de-santos"},"author":{"name":"Leonardo Francisco","@id":"https:\/\/redenoticiaz.com.br\/litoralsp\/#\/schema\/person\/0f0b8a5bdafefe82841e07ae8d81ecb3"},"headline":"Comerciantes e empres\u00e1rios conhecem os projetos de revitaliza\u00e7\u00e3o do Centro de Santos","datePublished":"2021-09-22T18:56:35+00:00","dateModified":"2021-09-22T18:56:58+00:00","mainEntityOfPage":{"@id":"https:\/\/redenoticiaz.com.br\/litoralsp\/2021\/09\/22\/comerciantes-e-empresarios-conhecem-os-projetos-de-revitalizacao-do-centro-de-santos"},"wordCount":359,"commentCount":0,"publisher":{"@id":"https:\/\/redenoticiaz.com.br\/litoralsp\/#organization"},"image":{"@id":"https:\/\/redenoticiaz.com.br\/litoralsp\/2021\/09\/22\/comerciantes-e-empresarios-conhecem-os-projetos-de-revitalizacao-do-centro-de-santos#primaryimage"},"thumbnailUrl":"https:\/\/redenoticiaz.com.br\/litoralsp\/wp-content\/uploads\/sites\/3\/2021\/09\/centrosantos.jpg","keywords":["CENTRO DE SANTOS","CENTRO HIST\u00d3RICO","PROJETO DE REURBANIZA\u00c7\u00c3O","Santos"],"articleSection":["Geral","Obras","Santos","Transportes"],"inLanguage":"pt-BR","potentialAction":[{"@type":"CommentAction","name":"Comment","target":["https:\/\/redenoticiaz.com.br\/litoralsp\/2021\/09\/22\/comerciantes-e-empresarios-conhecem-os-projetos-de-revitalizacao-do-centro-de-santos#respond"]}]},{"@type":"WebPage","@id":"https:\/\/redenoticiaz.com.br\/litoralsp\/2021\/09\/22\/comerciantes-e-empresarios-conhecem-os-projetos-de-revitalizacao-do-centro-de-santos","url":"https:\/\/redenoticiaz.com.br\/litoralsp\/2021\/09\/22\/comerciantes-e-empresarios-conhecem-os-projetos-de-revitalizacao-do-centro-de-santos","name":"Comerciantes e empres\u00e1rios conhecem os projetos de revitaliza\u00e7\u00e3o do Centro de Santos - Litoral SP","isPartOf":{"@id":"https:\/\/redenoticiaz.com.br\/litoralsp\/#website"},"primaryImageOfPage":{"@id":"https:\/\/redenoticiaz.com.br\/litoralsp\/2021\/09\/22\/comerciantes-e-empresarios-conhecem-os-projetos-de-revitalizacao-do-centro-de-santos#primaryimage"},"image":{"@id":"https:\/\/redenoticiaz.com.br\/litoralsp\/2021\/09\/22\/comerciantes-e-empresarios-conhecem-os-projetos-de-revitalizacao-do-centro-de-santos#primaryimage"},"thumbnailUrl":"https:\/\/redenoticiaz.com.br\/litoralsp\/wp-content\/uploads\/sites\/3\/2021\/09\/centrosantos.jpg","datePublished":"2021-09-22T18:56:35+00:00","dateModified":"2021-09-22T18:56:58+00:00","description":"H\u00e1 muito tempo que moradores, comerciantes e empres\u00e1rios pedem que o Centro Hist\u00f3rico de Santos seja revitalizado para","inLanguage":"pt-BR","potentialAction":[{"@type":"ReadAction","target":["https:\/\/redenoticiaz.com.br\/litoralsp\/2021\/09\/22\/comerciantes-e-empresarios-conhecem-os-projetos-de-revitalizacao-do-centro-de-santos"]}]},{"@type":"ImageObject","inLanguage":"pt-BR","@id":"https:\/\/redenoticiaz.com.br\/litoralsp\/2021\/09\/22\/comerciantes-e-empresarios-conhecem-os-projetos-de-revitalizacao-do-centro-de-santos#primaryimage","url":"https:\/\/redenoticiaz.com.br\/litoralsp\/wp-content\/uploads\/sites\/3\/2021\/09\/centrosantos.jpg","contentUrl":"https:\/\/redenoticiaz.com.br\/litoralsp\/wp-content\/uploads\/sites\/3\/2021\/09\/centrosantos.jpg","width":900,"height":600,"caption":"Secret\u00e1rio apresenta projeto de revitaliza\u00e7\u00e3o. Cr\u00e9ditos: Divulga\u00e7\u00e3o\/Prefeitura de Santos."},{"@type":"WebSite","@id":"https:\/\/redenoticiaz.com.br\/litoralsp\/#website","url":"https:\/\/redenoticiaz.com.br\/litoralsp\/","name":"Litoral SP","description":"Rede NoticiaZ","publisher":{"@id":"https:\/\/redenoticiaz.com.br\/litoralsp\/#organization"},"potentialAction":[{"@type":"SearchAction","target":{"@type":"EntryPoint","urlTemplate":"https:\/\/redenoticiaz.com.br\/litoralsp\/?s={search_term_string}"},"query-input":{"@type":"PropertyValueSpecification","valueRequired":true,"valueName":"search_term_string"}}],"inLanguage":"pt-BR"},{"@type":"Organization","@id":"https:\/\/redenoticiaz.com.br\/litoralsp\/#organization","name":"Litoral SP","url":"https:\/\/redenoticiaz.com.br\/litoralsp\/","logo":{"@type":"ImageObject","inLanguage":"pt-BR","@id":"https:\/\/redenoticiaz.com.br\/litoralsp\/#\/schema\/logo\/image\/","url":"https:\/\/redenoticiaz.com.br\/litoralsp\/wp-content\/uploads\/sites\/3\/2020\/11\/logo.jpg","contentUrl":"https:\/\/redenoticiaz.com.br\/litoralsp\/wp-content\/uploads\/sites\/3\/2020\/11\/logo.jpg","width":400,"height":250,"caption":"Litoral SP"},"image":{"@id":"https:\/\/redenoticiaz.com.br\/litoralsp\/#\/schema\/logo\/image\/"}},{"@type":"Person","@id":"https:\/\/redenoticiaz.com.br\/litoralsp\/#\/schema\/person\/0f0b8a5bdafefe82841e07ae8d81ecb3","name":"Leonardo Francisco","image":{"@type":"ImageObject","inLanguage":"pt-BR","@id":"https:\/\/secure.gravatar.com\/avatar\/a7358cb406a99b682ec6df1e77e31ae82e63601f6784e8a3df411d72b37864da?s=96&d=mm&r=g","url":"https:\/\/secure.gravatar.com\/avatar\/a7358cb406a99b682ec6df1e77e31ae82e63601f6784e8a3df411d72b37864da?s=96&d=mm&r=g","contentUrl":"https:\/\/secure.gravatar.com\/avatar\/a7358cb406a99b682ec6df1e77e31ae82e63601f6784e8a3df411d72b37864da?s=96&d=mm&r=g","caption":"Leonardo Francisco"},"url":"https:\/\/redenoticiaz.com.br\/litoralsp\/author\/leonardo-francisco"}]}},"_links":{"self":[{"href":"https:\/\/redenoticiaz.com.br\/litoralsp\/wp-json\/wp\/v2\/posts\/15146","targetHints":{"allow":["GET"]}}],"collection":[{"href":"https:\/\/redenoticiaz.com.br\/litoralsp\/wp-json\/wp\/v2\/posts"}],"about":[{"href":"https:\/\/redenoticiaz.com.br\/litoralsp\/wp-json\/wp\/v2\/types\/post"}],"author":[{"embeddable":true,"href":"https:\/\/redenoticiaz.com.br\/litoralsp\/wp-json\/wp\/v2\/users\/6"}],"replies":[{"embeddable":true,"href":"https:\/\/redenoticiaz.com.br\/litoralsp\/wp-json\/wp\/v2\/comments?post=15146"}],"version-history":[{"count":2,"href":"https:\/\/redenoticiaz.com.br\/litoralsp\/wp-json\/wp\/v2\/posts\/15146\/revisions"}],"predecessor-version":[{"id":15149,"href":"https:\/\/redenoticiaz.com.br\/litoralsp\/wp-json\/wp\/v2\/posts\/15146\/revisions\/15149"}],"wp:featuredmedia":[{"embeddable":true,"href":"https:\/\/redenoticiaz.com.br\/litoralsp\/wp-json\/wp\/v2\/media\/15147"}],"wp:attachment":[{"href":"https:\/\/redenoticiaz.com.br\/litoralsp\/wp-json\/wp\/v2\/media?parent=15146"}],"wp:term":[{"taxonomy":"category","embeddable":true,"href":"https:\/\/redenoticiaz.com.br\/litoralsp\/wp-json\/wp\/v2\/categories?post=15146"},{"taxonomy":"post_tag","embeddable":true,"href":"https:\/\/redenoticiaz.com.br\/litoralsp\/wp-json\/wp\/v2\/tags?post=15146"}],"curies":[{"name":"wp","href":"https:\/\/api.w.org\/{rel}","templated":true}]}}