{"id":15205,"date":"2021-09-23T11:52:15","date_gmt":"2021-09-23T14:52:15","guid":{"rendered":"https:\/\/redenoticiaz.com.br\/litoralsp\/2021\/09\/23\/lula-lidera-corrida-eleitoral-para-presidencia-segundo-ipec"},"modified":"2021-09-23T11:55:57","modified_gmt":"2021-09-23T14:55:57","slug":"lula-lidera-corrida-eleitoral-para-presidencia-segundo-ipec","status":"publish","type":"post","link":"https:\/\/redenoticiaz.com.br\/litoralsp\/2021\/09\/23\/lula-lidera-corrida-eleitoral-para-presidencia-segundo-ipec","title":{"rendered":"Lula lidera corrida eleitoral para presid\u00eancia, segundo Ipec"},"content":{"rendered":"<p>Saiu uma pesquisa divulgada pelo <a href=\"https:\/\/ipecpesquisas.org.br\/\">Ipec<\/a> nessa quarta-feira (22) das inten\u00e7\u00f5es de voto na corrida das elei\u00e7\u00f5es presidenciais de 2022. E nela o <strong>ex-presidente Lula<\/strong> (PT) est\u00e1 com 20 pontos percentuais acima do atual presidente Jair Bolsonaro (Sem partido). Lula aparece com 48% contra 23% de Bolsonaro.<\/p>\n<p>Em ambos os cen\u00e1rios, Lula tem mais inten\u00e7\u00f5es de voto do que todos os outros poss\u00edveis candidatos somados. Veja os n\u00fameros abaixo.<\/p>\n<div class=\"mc-column content-text active-extra-styles\" data-block-type=\"raw\" data-block-weight=\"2\" data-block-id=\"3\">\n<div class=\"content-intertitle\">\n<h3>Cen\u00e1rio 1<\/h3>\n<\/div>\n<\/div>\n<div class=\"mc-column content-text active-extra-styles\" data-block-type=\"raw\" data-block-weight=\"35\" data-block-id=\"4\">\n<ul class=\"content-unordered-list\">\n<li>Luiz In\u00e1cio Lula da Silva\u00a0(PT):\u00a048%<\/li>\n<li>Jair Bolsonaro\u00a0(sem partido):\u00a023%<\/li>\n<li>Ciro Gomes\u00a0(PDT):\u00a08%<\/li>\n<li>Jo\u00e3o Doria\u00a0(PSDB):\u00a03%<\/li>\n<li>Luiz Henrique Mandetta\u00a0(DEM):\u00a03%<\/li>\n<li>Brancos \/ Nulos:\u00a010%<\/li>\n<li>N\u00e3o sabem \/ N\u00e3o responderam:\u00a04%<\/li>\n<\/ul>\n<\/div>\n<div class=\"mc-column content-text active-extra-styles \" data-block-type=\"unstyled\" data-block-weight=\"38\" data-block-id=\"5\">\n<p class=\"content-text__container \" data-track-category=\"Link no Texto\" data-track-links=\"\">Em rela\u00e7\u00e3o \u00e0\u00a0pesquisa anterior, de junho, Lula mant\u00e9m 11 pontos percentuais a mais do que a soma de todos os seus poss\u00edveis advers\u00e1rios, o que o levaria a vencer no 1\u00ba turno se as elei\u00e7\u00f5es fossem hoje.<\/p>\n<div class=\"mc-column content-text active-extra-styles\" data-block-type=\"raw\" data-block-weight=\"2\" data-block-id=\"7\">\n<div class=\"content-intertitle\">\n<h3>Cen\u00e1rio 2<\/h3>\n<\/div>\n<\/div>\n<div class=\"mc-column content-text active-extra-styles\" data-block-type=\"raw\" data-block-weight=\"32\" data-block-id=\"8\">\n<ul class=\"content-unordered-list\">\n<li>Lula:\u00a045%<\/li>\n<li>Bolsonaro:\u00a022%<\/li>\n<li>Ciro Gomes:\u00a06%<\/li>\n<li>Sergio Moro:\u00a05%<\/li>\n<li>Datena:\u00a03%<\/li>\n<li>Jo\u00e3o Doria:\u00a02%<\/li>\n<li>Mandetta:\u00a01%<\/li>\n<li>Rodrigo Pacheco:\u00a01%<\/li>\n<li>Alessandro Vieira:\u00a00%<\/li>\n<li>Simone Tebet:\u00a00%<\/li>\n<li>Brancos\/nulos:\u00a09%<\/li>\n<li>N\u00e3o sabe\/n\u00e3o respondeu:\u00a05%<\/li>\n<\/ul>\n<\/div>\n<div class=\"mc-column content-text active-extra-styles \" data-block-type=\"unstyled\" data-block-weight=\"21\" data-block-id=\"9\">\n<p class=\"content-text__container \" data-track-category=\"Link no Texto\" data-track-links=\"\">Neste cen\u00e1rio, Lula estaria no limite da margem de erro para vencer j\u00e1 no 1\u00ba turno se as elei\u00e7\u00f5es fossem hoje. O levantamento do Ipec foi feito de 16 a 20 de setembro e ouviu 2.002 pessoas em 141 munic\u00edpios. A margem de erro \u00e9 de 2 pontos para mais e para menos. O n\u00edvel de confian\u00e7a \u00e9 de 95%.<\/p>\n<div class=\"mc-column content-text active-extra-styles \" data-block-type=\"unstyled\" data-block-weight=\"33\" data-block-id=\"11\">\n<p class=\"content-text__container \" data-track-category=\"Link no Texto\" data-track-links=\"\">O Ipec foi criado por ex-executivos do Ibope Intelig\u00eancia ap\u00f3s o seu encerramento. O novo instituto de pesquisa atua na \u00e1rea de consultoria e intelig\u00eancia em pesquisas de mercado, opini\u00e3o p\u00fablica e pol\u00edtica.<\/p>\n<\/div>\n<div class=\"mc-column content-text active-extra-styles \" data-block-type=\"unstyled\" data-block-weight=\"27\" data-block-id=\"12\">\n<p class=\"content-text__container \" data-track-category=\"Link no Texto\" data-track-links=\"\">Desta vez, al\u00e9m do cen\u00e1rio com os cinco nomes dispostos em junho (Lula, Bolsonaro, Ciro, Doria e Mandetta), um novo, com outros cinco nomes, tamb\u00e9m foi pesquisado.<\/p>\n<\/div>\n<div class=\"mc-column content-text active-extra-styles\" data-block-type=\"raw\" data-block-weight=\"3\" data-block-id=\"13\">\n<div class=\"content-intertitle\">\n<h3>Perfil dos entrevistados<\/h3>\n<\/div>\n<\/div>\n<div class=\"mc-column content-text active-extra-styles \" data-block-type=\"unstyled\" data-block-weight=\"14\" data-block-id=\"14\">\n<p class=\"content-text__container \" data-track-category=\"Link no Texto\" data-track-links=\"\">Segundo o Ipec, as inten\u00e7\u00f5es de voto no ex-presidente Lula s\u00e3o mais expressivas entre:<\/p>\n<\/div>\n<div class=\"mc-column content-text active-extra-styles\" data-block-type=\"raw\" data-block-weight=\"53\" data-block-id=\"15\">\n<ul class=\"content-unordered-list\">\n<li>aqueles que residem no Nordeste (oscila de 63% para 65%)<\/li>\n<li>os que t\u00eam ensino fundamental I (cresce de 52% para 61%) e o ensino fundamental II (varia de 59% para 58%)<\/li>\n<li>os que residem em munic\u00edpios com at\u00e9 50 mil habitantes (oscila de 54% para 53%)<\/li>\n<li>os cat\u00f3licos (passa de 52% para 54%)<\/li>\n<\/ul>\n<\/div>\n<div class=\"content-ads content-ads--reveal\" data-block-type=\"ads\" data-block-id=\"16\"><\/div>\n<div class=\"mc-column content-text active-extra-styles \" data-block-type=\"unstyled\" data-block-weight=\"44\" data-block-id=\"17\">\n<p class=\"content-text__container \" data-track-category=\"Link no Texto\" data-track-links=\"\">O instituto diz ainda que as inten\u00e7\u00f5es de voto em Lula s\u00e3o maiores quanto menor a renda familiar mensal: varia de 29% entre quem tem renda familiar mensal acima de 5 sal\u00e1rios m\u00ednimos para 59% entre quem tem renda familiar at\u00e9 1 sal\u00e1rio m\u00ednimo.<\/p>\n<\/div>\n<div class=\"mc-column content-text active-extra-styles \" data-block-type=\"unstyled\" data-block-weight=\"13\" data-block-id=\"18\">\n<p class=\"content-text__container \" data-track-category=\"Link no Texto\" data-track-links=\"\">O presidente Jair Bolsonaro, por sua vez, tem maiores inten\u00e7\u00f5es de voto entre:<\/p>\n<\/div>\n<div class=\"mc-column content-text active-extra-styles\" data-block-type=\"raw\" data-block-weight=\"34\" data-block-id=\"19\">\n<ul class=\"content-unordered-list\">\n<li>os moradores da regi\u00e3o Norte\/Centro-Oeste (oscila de 28% para 31%)<\/li>\n<li>os homens (28%, mesmo percentual da pesquisa anterior)<\/li>\n<li>os evang\u00e9licos (oscila de 32% para 31%)<\/li>\n<li>quem se autodeclara branco (varia de 29% para 28%)<\/li>\n<\/ul>\n<\/div>\n<div class=\"mc-column content-text active-extra-styles \" data-block-type=\"unstyled\" data-block-weight=\"40\" data-block-id=\"20\">\n<p class=\"content-text__container \" data-track-category=\"Link no Texto\" data-track-links=\"\">De acordo com o Ipec, as men\u00e7\u00f5es ao presidente aumentam quanto maior a renda familiar mensal do entrevistado, passando de 16% entre quem tem renda at\u00e9 1 sal\u00e1rio m\u00ednimo para 40% entre quem tem renda acima de 5 sal\u00e1rios m\u00ednimos.<\/p>\n<\/div>\n<div class=\"mc-column content-text active-extra-styles \" data-block-type=\"unstyled\" data-block-weight=\"25\" data-block-id=\"21\">\n<p class=\"content-text__container \" data-track-category=\"Link no Texto\" data-track-links=\"\">Ciro Gomes tem a prefer\u00eancia dos eleitores com ensino superior (13%). Os demais candidatos apresentam inten\u00e7\u00f5es de voto distribu\u00eddas de maneira homog\u00eanea nos segmentos analisados.<\/p>\n<div class=\"mc-column content-text active-extra-styles\" data-block-type=\"raw\" data-block-weight=\"4\" data-block-id=\"22\">\n<div class=\"content-intertitle\">\n<h3><strong>Avalia\u00e7\u00e3o do governo Bolsonaro<\/strong><\/h3>\n<\/div>\n<\/div>\n<div class=\"mc-column content-text active-extra-styles \" data-block-type=\"unstyled\" data-block-weight=\"14\" data-block-id=\"23\">\n<p class=\"content-text__container \" data-track-category=\"Link no Texto\" data-track-links=\"\">O Ipec tamb\u00e9m divulgou a\u00a0avalia\u00e7\u00e3o do governo Bolsonaro\u00a0e apontou os seguintes percentuais:<\/p>\n<\/div>\n<div class=\"mc-column content-text active-extra-styles\" data-block-type=\"raw\" data-block-weight=\"10\" data-block-id=\"24\">\n<ul class=\"content-unordered-list\">\n<li><strong>\u00d3timo\/bom:<\/strong>\u00a022%<\/li>\n<li><strong>Regular:\u00a0<\/strong>23%<\/li>\n<li><strong>Ruim\/p\u00e9ssimo:<\/strong>\u00a053%<\/li>\n<li><strong>N\u00e3o sabe\/n\u00e3o respondeu:<\/strong>\u00a01%<\/li>\n<\/ul>\n<\/div>\n<div class=\"mc-column content-text active-extra-styles \" data-block-type=\"unstyled\" data-block-weight=\"26\" data-block-id=\"25\">\n<p class=\"content-text__container \" data-track-category=\"Link no Texto\" data-track-links=\"\">A pergunta feita pelo instituto foi \u201cNa sua avalia\u00e7\u00e3o, o governo do presidente Jair Bolsonaro est\u00e1 sendo\u201d, com as op\u00e7\u00f5es \u201c\u00d3timo\u201d, \u201cbom\u201d, \u201cregular\u201d, \u201cruim\u201d ou \u201cp\u00e9ssimo\u201d.<\/p>\n<\/div>\n<div class=\"mc-column content-text active-extra-styles \" data-block-type=\"unstyled\" data-block-weight=\"22\" data-block-id=\"26\">\n<p class=\"content-text__container \" data-track-category=\"Link no Texto\" data-track-links=\"\">Somados, os itens \u201c\u00f3timo\u201d e \u201cbom\u201d correspondem ao percentual de aprova\u00e7\u00e3o da administra\u00e7\u00e3o; e os itens \u201cruim\u201d e p\u00e9ssimo\u201d, ao de reprova\u00e7\u00e3o.<\/p>\n<\/div>\n<div class=\"mc-column content-text active-extra-styles\" data-block-type=\"raw\" data-block-weight=\"3\" data-block-id=\"27\">\n<div class=\"content-intertitle\">\n<h3><strong>Forma de governar<\/strong><\/h3>\n<\/div>\n<\/div>\n<div class=\"mc-column content-text active-extra-styles \" data-block-type=\"unstyled\" data-block-weight=\"43\" data-block-id=\"28\">\n<p class=\"content-text__container \" data-track-category=\"Link no Texto\" data-track-links=\"\">Um dos aspectos pesquisados diz respeito \u00e0 aprova\u00e7\u00e3o da maneira de governar do presidente. Nesse caso, a pergunta feita foi: &#8220;E o(a) senhor(a) aprova ou desaprova a maneira como o presidente Jair Bolsonaro est\u00e1 governando o Brasil?&#8221; Sobre este quesito, os resultados foram:<\/p>\n<\/div>\n<div class=\"mc-column content-text active-extra-styles\" data-block-type=\"raw\" data-block-weight=\"10\" data-block-id=\"29\">\n<ul class=\"content-unordered-list\">\n<li><strong>Aprova:\u00a0<\/strong>28%<\/li>\n<li><strong>Desaprova:<\/strong>\u00a068%<\/li>\n<li><strong>N\u00e3o sabe ou n\u00e3o respondeu:<\/strong>\u00a04%<\/li>\n<\/ul>\n<\/div>\n<div class=\"mc-column content-text active-extra-styles\" data-block-type=\"raw\" data-block-weight=\"3\" data-block-id=\"30\">\n<div class=\"content-intertitle\">\n<h3><strong>Confian\u00e7a no presidente<\/strong><\/h3>\n<\/div>\n<\/div>\n<div class=\"mc-column content-text active-extra-styles \" data-block-type=\"unstyled\" data-block-weight=\"20\" data-block-id=\"31\">\n<p class=\"content-text__container \" data-track-category=\"Link no Texto\" data-track-links=\"\">A pesquisa tamb\u00e9m fez a pergunta: &#8220;E o(a) senhor(a) confia ou n\u00e3o confia no presidente Jair Bolsonaro?&#8221; Os percentuais foram:<\/p>\n<\/div>\n<div class=\"content-ads content-ads--reveal\" data-block-type=\"ads\" data-block-id=\"32\"><\/div>\n<div class=\"mc-column content-text active-extra-styles\" data-block-type=\"raw\" data-block-weight=\"9\" data-block-id=\"33\">\n<ul class=\"content-unordered-list\">\n<li><strong>Confia:<\/strong>\u00a028%<\/li>\n<li><strong>N\u00e3o confia:<\/strong>\u00a069%<\/li>\n<li><strong>N\u00e3o sabe\/n\u00e3o respondeu:<\/strong>\u00a03%<\/li>\n<\/ul>\n<p><strong>LEIA TAMB\u00c9M<\/strong><\/p>\n<p><a href=\"https:\/\/redenoticiaz.com.br\/blog\/2021\/09\/17\/lula-lidera-intencoes-de-voto-para-presidente-segundo-datafolha\">Lula lidera inten\u00e7\u00f5es de voto para presidente, segundo Datafolha<\/a><\/p>\n<\/div>\n<\/div>\n<\/div>\n<\/div>\n","protected":false},"excerpt":{"rendered":"<p>Saiu uma pesquisa divulgada pelo Ipec nessa quarta-feira (22) das inten\u00e7\u00f5es de voto na corrida das elei\u00e7\u00f5es presidenciais de 2022. E nela o ex-presidente Lula (PT) est\u00e1 com 20 pontos percentuais acima do atual presidente Jair Bolsonaro (Sem partido). Lula aparece com 48% contra 23% de Bolsonaro. Em ambos os cen\u00e1rios, Lula tem mais inten\u00e7\u00f5es &hellip;<\/p>\n","protected":false},"author":6,"featured_media":15206,"comment_status":"open","ping_status":"closed","sticky":false,"template":"","format":"standard","meta":{"footnotes":""},"categories":[15],"tags":[34604,34605,30772,4170,58],"class_list":["post-15205","post","type-post","status-publish","format-standard","has-post-thumbnail","hentry","category-politica","tag-eleicoes-presidenciais","tag-intencoes-de-voto","tag-ipec","tag-lula","tag-pesquisa"],"yoast_head":"<!-- This site is optimized with the Yoast SEO plugin v27.4 - https:\/\/yoast.com\/product\/yoast-seo-wordpress\/ -->\n<title>Lula lidera corrida eleitoral para presid\u00eancia, segundo Ipec - Litoral SP<\/title>\n<meta name=\"description\" content=\"divulgada pelo Ipec nessa quarta-feira (22) das inten\u00e7\u00f5es de voto na corrida das elei\u00e7\u00f5es presidenciais de 2022. E nela o ex-presidente Lula (PT)\" \/>\n<meta name=\"robots\" content=\"index, follow, max-snippet:-1, max-image-preview:large, max-video-preview:-1\" \/>\n<link rel=\"canonical\" href=\"https:\/\/redenoticiaz.com.br\/litoralsp\/2021\/09\/23\/lula-lidera-corrida-eleitoral-para-presidencia-segundo-ipec\" \/>\n<meta property=\"og:locale\" content=\"pt_BR\" \/>\n<meta property=\"og:type\" content=\"article\" \/>\n<meta property=\"og:title\" content=\"Lula lidera corrida eleitoral para presid\u00eancia, segundo Ipec - Litoral SP\" \/>\n<meta property=\"og:description\" content=\"divulgada pelo Ipec nessa quarta-feira (22) das inten\u00e7\u00f5es de voto na corrida das elei\u00e7\u00f5es presidenciais de 2022. E nela o ex-presidente Lula (PT)\" \/>\n<meta property=\"og:url\" content=\"https:\/\/redenoticiaz.com.br\/litoralsp\/2021\/09\/23\/lula-lidera-corrida-eleitoral-para-presidencia-segundo-ipec\" \/>\n<meta property=\"og:site_name\" content=\"Litoral SP\" \/>\n<meta property=\"article:published_time\" content=\"2021-09-23T14:52:15+00:00\" \/>\n<meta property=\"article:modified_time\" content=\"2021-09-23T14:55:57+00:00\" \/>\n<meta property=\"og:image\" content=\"https:\/\/redenoticiaz.com.br\/litoralsp\/wp-content\/uploads\/sites\/3\/2021\/09\/lula-radio-vitoriosa-750x440-1.jpeg\" \/>\n\t<meta property=\"og:image:width\" content=\"750\" \/>\n\t<meta property=\"og:image:height\" content=\"440\" \/>\n\t<meta property=\"og:image:type\" content=\"image\/jpeg\" \/>\n<meta name=\"author\" content=\"Leonardo Francisco\" \/>\n<meta name=\"twitter:card\" content=\"summary_large_image\" \/>\n<meta name=\"twitter:label1\" content=\"Escrito por\" \/>\n\t<meta name=\"twitter:data1\" content=\"Leonardo Francisco\" \/>\n\t<meta name=\"twitter:label2\" content=\"Est. tempo de leitura\" \/>\n\t<meta name=\"twitter:data2\" content=\"4 minutos\" \/>\n<script type=\"application\/ld+json\" class=\"yoast-schema-graph\">{\"@context\":\"https:\\\/\\\/schema.org\",\"@graph\":[{\"@type\":\"Article\",\"@id\":\"https:\\\/\\\/redenoticiaz.com.br\\\/litoralsp\\\/2021\\\/09\\\/23\\\/lula-lidera-corrida-eleitoral-para-presidencia-segundo-ipec#article\",\"isPartOf\":{\"@id\":\"https:\\\/\\\/redenoticiaz.com.br\\\/litoralsp\\\/2021\\\/09\\\/23\\\/lula-lidera-corrida-eleitoral-para-presidencia-segundo-ipec\"},\"author\":{\"name\":\"Leonardo Francisco\",\"@id\":\"https:\\\/\\\/redenoticiaz.com.br\\\/litoralsp\\\/#\\\/schema\\\/person\\\/0f0b8a5bdafefe82841e07ae8d81ecb3\"},\"headline\":\"Lula lidera corrida eleitoral para presid\u00eancia, segundo Ipec\",\"datePublished\":\"2021-09-23T14:52:15+00:00\",\"dateModified\":\"2021-09-23T14:55:57+00:00\",\"mainEntityOfPage\":{\"@id\":\"https:\\\/\\\/redenoticiaz.com.br\\\/litoralsp\\\/2021\\\/09\\\/23\\\/lula-lidera-corrida-eleitoral-para-presidencia-segundo-ipec\"},\"wordCount\":722,\"commentCount\":0,\"publisher\":{\"@id\":\"https:\\\/\\\/redenoticiaz.com.br\\\/litoralsp\\\/#organization\"},\"image\":{\"@id\":\"https:\\\/\\\/redenoticiaz.com.br\\\/litoralsp\\\/2021\\\/09\\\/23\\\/lula-lidera-corrida-eleitoral-para-presidencia-segundo-ipec#primaryimage\"},\"thumbnailUrl\":\"https:\\\/\\\/redenoticiaz.com.br\\\/litoralsp\\\/wp-content\\\/uploads\\\/sites\\\/3\\\/2021\\\/09\\\/lula-radio-vitoriosa-750x440-1.jpeg\",\"keywords\":[\"Elei\u00e7\u00f5es Presidenciais\",\"inten\u00e7\u00f5es de voto\",\"IPEC\",\"Lula\",\"pesquisa\"],\"articleSection\":[\"Pol\u00edtica\"],\"inLanguage\":\"pt-BR\",\"potentialAction\":[{\"@type\":\"CommentAction\",\"name\":\"Comment\",\"target\":[\"https:\\\/\\\/redenoticiaz.com.br\\\/litoralsp\\\/2021\\\/09\\\/23\\\/lula-lidera-corrida-eleitoral-para-presidencia-segundo-ipec#respond\"]}]},{\"@type\":\"WebPage\",\"@id\":\"https:\\\/\\\/redenoticiaz.com.br\\\/litoralsp\\\/2021\\\/09\\\/23\\\/lula-lidera-corrida-eleitoral-para-presidencia-segundo-ipec\",\"url\":\"https:\\\/\\\/redenoticiaz.com.br\\\/litoralsp\\\/2021\\\/09\\\/23\\\/lula-lidera-corrida-eleitoral-para-presidencia-segundo-ipec\",\"name\":\"Lula lidera corrida eleitoral para presid\u00eancia, segundo Ipec - Litoral SP\",\"isPartOf\":{\"@id\":\"https:\\\/\\\/redenoticiaz.com.br\\\/litoralsp\\\/#website\"},\"primaryImageOfPage\":{\"@id\":\"https:\\\/\\\/redenoticiaz.com.br\\\/litoralsp\\\/2021\\\/09\\\/23\\\/lula-lidera-corrida-eleitoral-para-presidencia-segundo-ipec#primaryimage\"},\"image\":{\"@id\":\"https:\\\/\\\/redenoticiaz.com.br\\\/litoralsp\\\/2021\\\/09\\\/23\\\/lula-lidera-corrida-eleitoral-para-presidencia-segundo-ipec#primaryimage\"},\"thumbnailUrl\":\"https:\\\/\\\/redenoticiaz.com.br\\\/litoralsp\\\/wp-content\\\/uploads\\\/sites\\\/3\\\/2021\\\/09\\\/lula-radio-vitoriosa-750x440-1.jpeg\",\"datePublished\":\"2021-09-23T14:52:15+00:00\",\"dateModified\":\"2021-09-23T14:55:57+00:00\",\"description\":\"divulgada pelo Ipec nessa quarta-feira (22) das inten\u00e7\u00f5es de voto na corrida das elei\u00e7\u00f5es presidenciais de 2022. E nela o ex-presidente Lula (PT)\",\"inLanguage\":\"pt-BR\",\"potentialAction\":[{\"@type\":\"ReadAction\",\"target\":[\"https:\\\/\\\/redenoticiaz.com.br\\\/litoralsp\\\/2021\\\/09\\\/23\\\/lula-lidera-corrida-eleitoral-para-presidencia-segundo-ipec\"]}]},{\"@type\":\"ImageObject\",\"inLanguage\":\"pt-BR\",\"@id\":\"https:\\\/\\\/redenoticiaz.com.br\\\/litoralsp\\\/2021\\\/09\\\/23\\\/lula-lidera-corrida-eleitoral-para-presidencia-segundo-ipec#primaryimage\",\"url\":\"https:\\\/\\\/redenoticiaz.com.br\\\/litoralsp\\\/wp-content\\\/uploads\\\/sites\\\/3\\\/2021\\\/09\\\/lula-radio-vitoriosa-750x440-1.jpeg\",\"contentUrl\":\"https:\\\/\\\/redenoticiaz.com.br\\\/litoralsp\\\/wp-content\\\/uploads\\\/sites\\\/3\\\/2021\\\/09\\\/lula-radio-vitoriosa-750x440-1.jpeg\",\"width\":750,\"height\":440,\"caption\":\"Cr\u00e9ditos: Divulga\u00e7\u00e3o\\\/PT.\"},{\"@type\":\"WebSite\",\"@id\":\"https:\\\/\\\/redenoticiaz.com.br\\\/litoralsp\\\/#website\",\"url\":\"https:\\\/\\\/redenoticiaz.com.br\\\/litoralsp\\\/\",\"name\":\"Litoral SP\",\"description\":\"Rede NoticiaZ\",\"publisher\":{\"@id\":\"https:\\\/\\\/redenoticiaz.com.br\\\/litoralsp\\\/#organization\"},\"potentialAction\":[{\"@type\":\"SearchAction\",\"target\":{\"@type\":\"EntryPoint\",\"urlTemplate\":\"https:\\\/\\\/redenoticiaz.com.br\\\/litoralsp\\\/?s={search_term_string}\"},\"query-input\":{\"@type\":\"PropertyValueSpecification\",\"valueRequired\":true,\"valueName\":\"search_term_string\"}}],\"inLanguage\":\"pt-BR\"},{\"@type\":\"Organization\",\"@id\":\"https:\\\/\\\/redenoticiaz.com.br\\\/litoralsp\\\/#organization\",\"name\":\"Litoral SP\",\"url\":\"https:\\\/\\\/redenoticiaz.com.br\\\/litoralsp\\\/\",\"logo\":{\"@type\":\"ImageObject\",\"inLanguage\":\"pt-BR\",\"@id\":\"https:\\\/\\\/redenoticiaz.com.br\\\/litoralsp\\\/#\\\/schema\\\/logo\\\/image\\\/\",\"url\":\"https:\\\/\\\/redenoticiaz.com.br\\\/litoralsp\\\/wp-content\\\/uploads\\\/sites\\\/3\\\/2020\\\/11\\\/logo.jpg\",\"contentUrl\":\"https:\\\/\\\/redenoticiaz.com.br\\\/litoralsp\\\/wp-content\\\/uploads\\\/sites\\\/3\\\/2020\\\/11\\\/logo.jpg\",\"width\":400,\"height\":250,\"caption\":\"Litoral SP\"},\"image\":{\"@id\":\"https:\\\/\\\/redenoticiaz.com.br\\\/litoralsp\\\/#\\\/schema\\\/logo\\\/image\\\/\"}},{\"@type\":\"Person\",\"@id\":\"https:\\\/\\\/redenoticiaz.com.br\\\/litoralsp\\\/#\\\/schema\\\/person\\\/0f0b8a5bdafefe82841e07ae8d81ecb3\",\"name\":\"Leonardo Francisco\",\"image\":{\"@type\":\"ImageObject\",\"inLanguage\":\"pt-BR\",\"@id\":\"https:\\\/\\\/secure.gravatar.com\\\/avatar\\\/a7358cb406a99b682ec6df1e77e31ae82e63601f6784e8a3df411d72b37864da?s=96&d=mm&r=g\",\"url\":\"https:\\\/\\\/secure.gravatar.com\\\/avatar\\\/a7358cb406a99b682ec6df1e77e31ae82e63601f6784e8a3df411d72b37864da?s=96&d=mm&r=g\",\"contentUrl\":\"https:\\\/\\\/secure.gravatar.com\\\/avatar\\\/a7358cb406a99b682ec6df1e77e31ae82e63601f6784e8a3df411d72b37864da?s=96&d=mm&r=g\",\"caption\":\"Leonardo Francisco\"},\"url\":\"https:\\\/\\\/redenoticiaz.com.br\\\/litoralsp\\\/author\\\/leonardo-francisco\"}]}<\/script>\n<!-- \/ Yoast SEO plugin. -->","yoast_head_json":{"title":"Lula lidera corrida eleitoral para presid\u00eancia, segundo Ipec - Litoral SP","description":"divulgada pelo Ipec nessa quarta-feira (22) das inten\u00e7\u00f5es de voto na corrida das elei\u00e7\u00f5es presidenciais de 2022. E nela o ex-presidente Lula (PT)","robots":{"index":"index","follow":"follow","max-snippet":"max-snippet:-1","max-image-preview":"max-image-preview:large","max-video-preview":"max-video-preview:-1"},"canonical":"https:\/\/redenoticiaz.com.br\/litoralsp\/2021\/09\/23\/lula-lidera-corrida-eleitoral-para-presidencia-segundo-ipec","og_locale":"pt_BR","og_type":"article","og_title":"Lula lidera corrida eleitoral para presid\u00eancia, segundo Ipec - Litoral SP","og_description":"divulgada pelo Ipec nessa quarta-feira (22) das inten\u00e7\u00f5es de voto na corrida das elei\u00e7\u00f5es presidenciais de 2022. E nela o ex-presidente Lula (PT)","og_url":"https:\/\/redenoticiaz.com.br\/litoralsp\/2021\/09\/23\/lula-lidera-corrida-eleitoral-para-presidencia-segundo-ipec","og_site_name":"Litoral SP","article_published_time":"2021-09-23T14:52:15+00:00","article_modified_time":"2021-09-23T14:55:57+00:00","og_image":[{"width":750,"height":440,"url":"https:\/\/redenoticiaz.com.br\/litoralsp\/wp-content\/uploads\/sites\/3\/2021\/09\/lula-radio-vitoriosa-750x440-1.jpeg","type":"image\/jpeg"}],"author":"Leonardo Francisco","twitter_card":"summary_large_image","twitter_misc":{"Escrito por":"Leonardo Francisco","Est. tempo de leitura":"4 minutos"},"schema":{"@context":"https:\/\/schema.org","@graph":[{"@type":"Article","@id":"https:\/\/redenoticiaz.com.br\/litoralsp\/2021\/09\/23\/lula-lidera-corrida-eleitoral-para-presidencia-segundo-ipec#article","isPartOf":{"@id":"https:\/\/redenoticiaz.com.br\/litoralsp\/2021\/09\/23\/lula-lidera-corrida-eleitoral-para-presidencia-segundo-ipec"},"author":{"name":"Leonardo Francisco","@id":"https:\/\/redenoticiaz.com.br\/litoralsp\/#\/schema\/person\/0f0b8a5bdafefe82841e07ae8d81ecb3"},"headline":"Lula lidera corrida eleitoral para presid\u00eancia, segundo Ipec","datePublished":"2021-09-23T14:52:15+00:00","dateModified":"2021-09-23T14:55:57+00:00","mainEntityOfPage":{"@id":"https:\/\/redenoticiaz.com.br\/litoralsp\/2021\/09\/23\/lula-lidera-corrida-eleitoral-para-presidencia-segundo-ipec"},"wordCount":722,"commentCount":0,"publisher":{"@id":"https:\/\/redenoticiaz.com.br\/litoralsp\/#organization"},"image":{"@id":"https:\/\/redenoticiaz.com.br\/litoralsp\/2021\/09\/23\/lula-lidera-corrida-eleitoral-para-presidencia-segundo-ipec#primaryimage"},"thumbnailUrl":"https:\/\/redenoticiaz.com.br\/litoralsp\/wp-content\/uploads\/sites\/3\/2021\/09\/lula-radio-vitoriosa-750x440-1.jpeg","keywords":["Elei\u00e7\u00f5es Presidenciais","inten\u00e7\u00f5es de voto","IPEC","Lula","pesquisa"],"articleSection":["Pol\u00edtica"],"inLanguage":"pt-BR","potentialAction":[{"@type":"CommentAction","name":"Comment","target":["https:\/\/redenoticiaz.com.br\/litoralsp\/2021\/09\/23\/lula-lidera-corrida-eleitoral-para-presidencia-segundo-ipec#respond"]}]},{"@type":"WebPage","@id":"https:\/\/redenoticiaz.com.br\/litoralsp\/2021\/09\/23\/lula-lidera-corrida-eleitoral-para-presidencia-segundo-ipec","url":"https:\/\/redenoticiaz.com.br\/litoralsp\/2021\/09\/23\/lula-lidera-corrida-eleitoral-para-presidencia-segundo-ipec","name":"Lula lidera corrida eleitoral para presid\u00eancia, segundo Ipec - Litoral SP","isPartOf":{"@id":"https:\/\/redenoticiaz.com.br\/litoralsp\/#website"},"primaryImageOfPage":{"@id":"https:\/\/redenoticiaz.com.br\/litoralsp\/2021\/09\/23\/lula-lidera-corrida-eleitoral-para-presidencia-segundo-ipec#primaryimage"},"image":{"@id":"https:\/\/redenoticiaz.com.br\/litoralsp\/2021\/09\/23\/lula-lidera-corrida-eleitoral-para-presidencia-segundo-ipec#primaryimage"},"thumbnailUrl":"https:\/\/redenoticiaz.com.br\/litoralsp\/wp-content\/uploads\/sites\/3\/2021\/09\/lula-radio-vitoriosa-750x440-1.jpeg","datePublished":"2021-09-23T14:52:15+00:00","dateModified":"2021-09-23T14:55:57+00:00","description":"divulgada pelo Ipec nessa quarta-feira (22) das inten\u00e7\u00f5es de voto na corrida das elei\u00e7\u00f5es presidenciais de 2022. E nela o ex-presidente Lula (PT)","inLanguage":"pt-BR","potentialAction":[{"@type":"ReadAction","target":["https:\/\/redenoticiaz.com.br\/litoralsp\/2021\/09\/23\/lula-lidera-corrida-eleitoral-para-presidencia-segundo-ipec"]}]},{"@type":"ImageObject","inLanguage":"pt-BR","@id":"https:\/\/redenoticiaz.com.br\/litoralsp\/2021\/09\/23\/lula-lidera-corrida-eleitoral-para-presidencia-segundo-ipec#primaryimage","url":"https:\/\/redenoticiaz.com.br\/litoralsp\/wp-content\/uploads\/sites\/3\/2021\/09\/lula-radio-vitoriosa-750x440-1.jpeg","contentUrl":"https:\/\/redenoticiaz.com.br\/litoralsp\/wp-content\/uploads\/sites\/3\/2021\/09\/lula-radio-vitoriosa-750x440-1.jpeg","width":750,"height":440,"caption":"Cr\u00e9ditos: Divulga\u00e7\u00e3o\/PT."},{"@type":"WebSite","@id":"https:\/\/redenoticiaz.com.br\/litoralsp\/#website","url":"https:\/\/redenoticiaz.com.br\/litoralsp\/","name":"Litoral SP","description":"Rede NoticiaZ","publisher":{"@id":"https:\/\/redenoticiaz.com.br\/litoralsp\/#organization"},"potentialAction":[{"@type":"SearchAction","target":{"@type":"EntryPoint","urlTemplate":"https:\/\/redenoticiaz.com.br\/litoralsp\/?s={search_term_string}"},"query-input":{"@type":"PropertyValueSpecification","valueRequired":true,"valueName":"search_term_string"}}],"inLanguage":"pt-BR"},{"@type":"Organization","@id":"https:\/\/redenoticiaz.com.br\/litoralsp\/#organization","name":"Litoral SP","url":"https:\/\/redenoticiaz.com.br\/litoralsp\/","logo":{"@type":"ImageObject","inLanguage":"pt-BR","@id":"https:\/\/redenoticiaz.com.br\/litoralsp\/#\/schema\/logo\/image\/","url":"https:\/\/redenoticiaz.com.br\/litoralsp\/wp-content\/uploads\/sites\/3\/2020\/11\/logo.jpg","contentUrl":"https:\/\/redenoticiaz.com.br\/litoralsp\/wp-content\/uploads\/sites\/3\/2020\/11\/logo.jpg","width":400,"height":250,"caption":"Litoral SP"},"image":{"@id":"https:\/\/redenoticiaz.com.br\/litoralsp\/#\/schema\/logo\/image\/"}},{"@type":"Person","@id":"https:\/\/redenoticiaz.com.br\/litoralsp\/#\/schema\/person\/0f0b8a5bdafefe82841e07ae8d81ecb3","name":"Leonardo Francisco","image":{"@type":"ImageObject","inLanguage":"pt-BR","@id":"https:\/\/secure.gravatar.com\/avatar\/a7358cb406a99b682ec6df1e77e31ae82e63601f6784e8a3df411d72b37864da?s=96&d=mm&r=g","url":"https:\/\/secure.gravatar.com\/avatar\/a7358cb406a99b682ec6df1e77e31ae82e63601f6784e8a3df411d72b37864da?s=96&d=mm&r=g","contentUrl":"https:\/\/secure.gravatar.com\/avatar\/a7358cb406a99b682ec6df1e77e31ae82e63601f6784e8a3df411d72b37864da?s=96&d=mm&r=g","caption":"Leonardo Francisco"},"url":"https:\/\/redenoticiaz.com.br\/litoralsp\/author\/leonardo-francisco"}]}},"_links":{"self":[{"href":"https:\/\/redenoticiaz.com.br\/litoralsp\/wp-json\/wp\/v2\/posts\/15205","targetHints":{"allow":["GET"]}}],"collection":[{"href":"https:\/\/redenoticiaz.com.br\/litoralsp\/wp-json\/wp\/v2\/posts"}],"about":[{"href":"https:\/\/redenoticiaz.com.br\/litoralsp\/wp-json\/wp\/v2\/types\/post"}],"author":[{"embeddable":true,"href":"https:\/\/redenoticiaz.com.br\/litoralsp\/wp-json\/wp\/v2\/users\/6"}],"replies":[{"embeddable":true,"href":"https:\/\/redenoticiaz.com.br\/litoralsp\/wp-json\/wp\/v2\/comments?post=15205"}],"version-history":[{"count":1,"href":"https:\/\/redenoticiaz.com.br\/litoralsp\/wp-json\/wp\/v2\/posts\/15205\/revisions"}],"predecessor-version":[{"id":15207,"href":"https:\/\/redenoticiaz.com.br\/litoralsp\/wp-json\/wp\/v2\/posts\/15205\/revisions\/15207"}],"wp:featuredmedia":[{"embeddable":true,"href":"https:\/\/redenoticiaz.com.br\/litoralsp\/wp-json\/wp\/v2\/media\/15206"}],"wp:attachment":[{"href":"https:\/\/redenoticiaz.com.br\/litoralsp\/wp-json\/wp\/v2\/media?parent=15205"}],"wp:term":[{"taxonomy":"category","embeddable":true,"href":"https:\/\/redenoticiaz.com.br\/litoralsp\/wp-json\/wp\/v2\/categories?post=15205"},{"taxonomy":"post_tag","embeddable":true,"href":"https:\/\/redenoticiaz.com.br\/litoralsp\/wp-json\/wp\/v2\/tags?post=15205"}],"curies":[{"name":"wp","href":"https:\/\/api.w.org\/{rel}","templated":true}]}}