{"id":15266,"date":"2021-09-24T11:09:37","date_gmt":"2021-09-24T14:09:37","guid":{"rendered":"https:\/\/redenoticiaz.com.br\/litoralsp\/2021\/09\/24\/o-publico-vai-voltar-aos-estadios-em-outubro"},"modified":"2021-09-24T11:13:37","modified_gmt":"2021-09-24T14:13:37","slug":"o-publico-vai-voltar-aos-estadios-em-outubro","status":"publish","type":"post","link":"https:\/\/redenoticiaz.com.br\/litoralsp\/2021\/09\/24\/o-publico-vai-voltar-aos-estadios-em-outubro","title":{"rendered":"O p\u00fablico vai voltar aos est\u00e1dios em outubro"},"content":{"rendered":"<p>O torcedor est\u00e1 com muita saudade de ver o seu clube de cora\u00e7\u00e3o nos <strong>est\u00e1dios, arenas ou gin\u00e1sios<\/strong>. Mas em breve estes locais voltar\u00e3o a ter <strong>p\u00fablico<\/strong> j\u00e1 em outubro. \u00c9 o que foi anunciado pelo <a href=\"https:\/\/www.saopaulo.sp.gov.br\/\">Governo de S\u00e3o Paulo<\/a> na noite de quinta-feira (23). A previs\u00e3o anterior era que a volta ocorresse em 1\u00ba de novembro. Contudo, regras dos protocolos sanit\u00e1rios ter\u00e3o de ser seguidas.<\/p>\n<p>Segundo o comunicado do Executivo Paulista, a capacidade ser\u00e1 limitada para 30% do setor, com o cumprimento de todas as normas sanit\u00e1rias e de preven\u00e7\u00e3o contra a Covid-19. A previs\u00e3o \u00e9 que a capacidade seja ampliada para 50% em 15 de outubro. E para 100% em 1\u00ba de novembro. Portanto a volta ser\u00e1 de maneira gradual.<\/p>\n<div class=\"mc-column content-text active-extra-styles \" data-block-type=\"unstyled\" data-block-weight=\"30\" data-block-id=\"3\">\n<p class=\"content-text__container \" data-track-category=\"Link no Texto\" data-track-links=\"\"><span class=\"highlight highlighted\">Os clubes ter\u00e3o de exigir dos torcedores que forem aos est\u00e1dios um comprovante com esquema vacinal completo (duas doses da vacina Coronavac, Astrazeneca e Pfizer ou dose \u00fanica da Janssen)<\/span>. Mas para quem tomou a primeira das duas doses necess\u00e1rias, a\u00ed ter\u00e3o de apresentar um teste negativo com validade de 48 horas para o tipo PCR ou de 24 horas para os de ant\u00edgeno. <span class=\"highlight highlighted\">O uso de m\u00e1scara, segundo o protocolo, ser\u00e1 obrigat\u00f3rio em todo o est\u00e1dio.<\/span><\/p>\n<div class=\"mc-column content-text active-extra-styles \" data-block-type=\"unstyled\" data-block-weight=\"41\" data-block-id=\"7\">\n<p class=\"content-text__container \" data-track-category=\"Link no Texto\" data-track-links=\"\">At\u00e9 agora, no estado de S\u00e3o Paulo, 69% dos adultos est\u00e3o com o esquema vacinal completo (53% da popula\u00e7\u00e3o geral). Na capital, onde est\u00e3o os times de maior torcida, 74% da popula\u00e7\u00e3o adulta j\u00e1 tem duas doses ou a dose \u00fanica.<\/p>\n<\/div>\n<div data-track-category=\"multicontent\" data-track-action=\"ultimo chunk conteudo\" data-track-noninteraction=\"false\" data-track-scroll=\"view\">\n<div class=\"mc-column content-text active-extra-styles \" data-block-type=\"unstyled\" data-block-weight=\"36\" data-block-id=\"9\">\n<p class=\"content-text__container \" data-track-category=\"Link no Texto\" data-track-links=\"\">No caso dos jogos da S\u00e9rie A do Campeonato Brasileiro, a CBF tem marcado para o pr\u00f3ximo dia 28 um Conselho T\u00e9cnico para debater entre todos os 20 clubes o retorno do p\u00fablico aos est\u00e1dios.<\/p>\n<p data-track-category=\"Link no Texto\" data-track-links=\"\"><strong>LEIA TAMB\u00c9M<\/strong><\/p>\n<p data-track-category=\"Link no Texto\" data-track-links=\"\"><a href=\"https:\/\/redenoticiaz.com.br\/blog\/2021\/09\/23\/sao-paulo-tropeca-para-o-america-mg-e-nao-embala-no-brasileirao\">S\u00e3o Paulo trope\u00e7a para o Am\u00e9rica-MG e n\u00e3o embala no Brasileir\u00e3o<\/a><\/p>\n<\/div>\n<\/div>\n<\/div>\n","protected":false},"excerpt":{"rendered":"<p>O torcedor est\u00e1 com muita saudade de ver o seu clube de cora\u00e7\u00e3o nos est\u00e1dios, arenas ou gin\u00e1sios. Mas em breve estes locais voltar\u00e3o a ter p\u00fablico j\u00e1 em outubro. \u00c9 o que foi anunciado pelo Governo de S\u00e3o Paulo na noite de quinta-feira (23). A previs\u00e3o anterior era que a volta ocorresse em 1\u00ba &hellip;<\/p>\n","protected":false},"author":6,"featured_media":15267,"comment_status":"open","ping_status":"closed","sticky":false,"template":"","format":"standard","meta":{"footnotes":""},"categories":[35,23],"tags":[35701,30455,35702,1152,35703,65,35704],"class_list":["post-15266","post","type-post","status-publish","format-standard","has-post-thumbnail","hentry","category-esporte","category-saude","tag-arenas","tag-estadios","tag-ginasios","tag-governo-de-sao-paulo","tag-retorno-do-publico","tag-sao-paulo","tag-volta-gradual"],"yoast_head":"<!-- This site is optimized with the Yoast SEO plugin v27.4 - https:\/\/yoast.com\/product\/yoast-seo-wordpress\/ -->\n<title>O p\u00fablico vai voltar aos est\u00e1dios em outubro - Litoral SP<\/title>\n<meta name=\"description\" content=\"est\u00e1 com muita saudade de ver o seu clube de cora\u00e7\u00e3o nos est\u00e1dios, arenas ou gin\u00e1sios. Mas em breve estes locais voltar\u00e3o a ter p\u00fablico\" \/>\n<meta name=\"robots\" content=\"index, follow, max-snippet:-1, max-image-preview:large, max-video-preview:-1\" \/>\n<link rel=\"canonical\" href=\"https:\/\/redenoticiaz.com.br\/litoralsp\/2021\/09\/24\/o-publico-vai-voltar-aos-estadios-em-outubro\" \/>\n<meta property=\"og:locale\" content=\"pt_BR\" \/>\n<meta property=\"og:type\" content=\"article\" \/>\n<meta property=\"og:title\" content=\"O p\u00fablico vai voltar aos est\u00e1dios em outubro - Litoral SP\" \/>\n<meta property=\"og:description\" content=\"est\u00e1 com muita saudade de ver o seu clube de cora\u00e7\u00e3o nos est\u00e1dios, arenas ou gin\u00e1sios. Mas em breve estes locais voltar\u00e3o a ter p\u00fablico\" \/>\n<meta property=\"og:url\" content=\"https:\/\/redenoticiaz.com.br\/litoralsp\/2021\/09\/24\/o-publico-vai-voltar-aos-estadios-em-outubro\" \/>\n<meta property=\"og:site_name\" content=\"Litoral SP\" \/>\n<meta property=\"article:published_time\" content=\"2021-09-24T14:09:37+00:00\" \/>\n<meta property=\"article:modified_time\" content=\"2021-09-24T14:13:37+00:00\" \/>\n<meta property=\"og:image\" content=\"https:\/\/redenoticiaz.com.br\/litoralsp\/wp-content\/uploads\/sites\/3\/2021\/09\/236610-modesto-optou-por-jogar-na-vila-belmiro-pela-fama-que-o-santos-tem-de-invencivel-em-seu-estadio-1024x638-1.jpg\" \/>\n\t<meta property=\"og:image:width\" content=\"1024\" \/>\n\t<meta property=\"og:image:height\" content=\"638\" \/>\n\t<meta property=\"og:image:type\" content=\"image\/jpeg\" \/>\n<meta name=\"author\" content=\"Leonardo Francisco\" \/>\n<meta name=\"twitter:card\" content=\"summary_large_image\" \/>\n<meta name=\"twitter:label1\" content=\"Escrito por\" \/>\n\t<meta name=\"twitter:data1\" content=\"Leonardo Francisco\" \/>\n\t<meta name=\"twitter:label2\" content=\"Est. tempo de leitura\" \/>\n\t<meta name=\"twitter:data2\" content=\"2 minutos\" \/>\n<script type=\"application\/ld+json\" class=\"yoast-schema-graph\">{\"@context\":\"https:\\\/\\\/schema.org\",\"@graph\":[{\"@type\":\"Article\",\"@id\":\"https:\\\/\\\/redenoticiaz.com.br\\\/litoralsp\\\/2021\\\/09\\\/24\\\/o-publico-vai-voltar-aos-estadios-em-outubro#article\",\"isPartOf\":{\"@id\":\"https:\\\/\\\/redenoticiaz.com.br\\\/litoralsp\\\/2021\\\/09\\\/24\\\/o-publico-vai-voltar-aos-estadios-em-outubro\"},\"author\":{\"name\":\"Leonardo Francisco\",\"@id\":\"https:\\\/\\\/redenoticiaz.com.br\\\/litoralsp\\\/#\\\/schema\\\/person\\\/0f0b8a5bdafefe82841e07ae8d81ecb3\"},\"headline\":\"O p\u00fablico vai voltar aos est\u00e1dios em outubro\",\"datePublished\":\"2021-09-24T14:09:37+00:00\",\"dateModified\":\"2021-09-24T14:13:37+00:00\",\"mainEntityOfPage\":{\"@id\":\"https:\\\/\\\/redenoticiaz.com.br\\\/litoralsp\\\/2021\\\/09\\\/24\\\/o-publico-vai-voltar-aos-estadios-em-outubro\"},\"wordCount\":318,\"commentCount\":0,\"publisher\":{\"@id\":\"https:\\\/\\\/redenoticiaz.com.br\\\/litoralsp\\\/#organization\"},\"image\":{\"@id\":\"https:\\\/\\\/redenoticiaz.com.br\\\/litoralsp\\\/2021\\\/09\\\/24\\\/o-publico-vai-voltar-aos-estadios-em-outubro#primaryimage\"},\"thumbnailUrl\":\"https:\\\/\\\/redenoticiaz.com.br\\\/litoralsp\\\/wp-content\\\/uploads\\\/sites\\\/3\\\/2021\\\/09\\\/236610-modesto-optou-por-jogar-na-vila-belmiro-pela-fama-que-o-santos-tem-de-invencivel-em-seu-estadio-1024x638-1.jpg\",\"keywords\":[\"ARENAS\",\"EST\u00c1DIOS\",\"GIN\u00c1SIOS\",\"Governo de S\u00e3o Paulo\",\"RETORNO DO P\u00daBLICO\",\"S\u00e3o Paulo\",\"VOLTA GRADUAL\"],\"articleSection\":[\"Esporte\",\"Sa\u00fade\"],\"inLanguage\":\"pt-BR\",\"potentialAction\":[{\"@type\":\"CommentAction\",\"name\":\"Comment\",\"target\":[\"https:\\\/\\\/redenoticiaz.com.br\\\/litoralsp\\\/2021\\\/09\\\/24\\\/o-publico-vai-voltar-aos-estadios-em-outubro#respond\"]}]},{\"@type\":\"WebPage\",\"@id\":\"https:\\\/\\\/redenoticiaz.com.br\\\/litoralsp\\\/2021\\\/09\\\/24\\\/o-publico-vai-voltar-aos-estadios-em-outubro\",\"url\":\"https:\\\/\\\/redenoticiaz.com.br\\\/litoralsp\\\/2021\\\/09\\\/24\\\/o-publico-vai-voltar-aos-estadios-em-outubro\",\"name\":\"O p\u00fablico vai voltar aos est\u00e1dios em outubro - Litoral SP\",\"isPartOf\":{\"@id\":\"https:\\\/\\\/redenoticiaz.com.br\\\/litoralsp\\\/#website\"},\"primaryImageOfPage\":{\"@id\":\"https:\\\/\\\/redenoticiaz.com.br\\\/litoralsp\\\/2021\\\/09\\\/24\\\/o-publico-vai-voltar-aos-estadios-em-outubro#primaryimage\"},\"image\":{\"@id\":\"https:\\\/\\\/redenoticiaz.com.br\\\/litoralsp\\\/2021\\\/09\\\/24\\\/o-publico-vai-voltar-aos-estadios-em-outubro#primaryimage\"},\"thumbnailUrl\":\"https:\\\/\\\/redenoticiaz.com.br\\\/litoralsp\\\/wp-content\\\/uploads\\\/sites\\\/3\\\/2021\\\/09\\\/236610-modesto-optou-por-jogar-na-vila-belmiro-pela-fama-que-o-santos-tem-de-invencivel-em-seu-estadio-1024x638-1.jpg\",\"datePublished\":\"2021-09-24T14:09:37+00:00\",\"dateModified\":\"2021-09-24T14:13:37+00:00\",\"description\":\"est\u00e1 com muita saudade de ver o seu clube de cora\u00e7\u00e3o nos est\u00e1dios, arenas ou gin\u00e1sios. Mas em breve estes locais voltar\u00e3o a ter p\u00fablico\",\"inLanguage\":\"pt-BR\",\"potentialAction\":[{\"@type\":\"ReadAction\",\"target\":[\"https:\\\/\\\/redenoticiaz.com.br\\\/litoralsp\\\/2021\\\/09\\\/24\\\/o-publico-vai-voltar-aos-estadios-em-outubro\"]}]},{\"@type\":\"ImageObject\",\"inLanguage\":\"pt-BR\",\"@id\":\"https:\\\/\\\/redenoticiaz.com.br\\\/litoralsp\\\/2021\\\/09\\\/24\\\/o-publico-vai-voltar-aos-estadios-em-outubro#primaryimage\",\"url\":\"https:\\\/\\\/redenoticiaz.com.br\\\/litoralsp\\\/wp-content\\\/uploads\\\/sites\\\/3\\\/2021\\\/09\\\/236610-modesto-optou-por-jogar-na-vila-belmiro-pela-fama-que-o-santos-tem-de-invencivel-em-seu-estadio-1024x638-1.jpg\",\"contentUrl\":\"https:\\\/\\\/redenoticiaz.com.br\\\/litoralsp\\\/wp-content\\\/uploads\\\/sites\\\/3\\\/2021\\\/09\\\/236610-modesto-optou-por-jogar-na-vila-belmiro-pela-fama-que-o-santos-tem-de-invencivel-em-seu-estadio-1024x638-1.jpg\",\"width\":1024,\"height\":638,\"caption\":\"A \u00faltima vez que os jogos de futebol tiveram presen\u00e7a de p\u00fablico foi em mar\u00e7o de 2020, antes do decreto da pandemia do coronav\u00edrus.\"},{\"@type\":\"WebSite\",\"@id\":\"https:\\\/\\\/redenoticiaz.com.br\\\/litoralsp\\\/#website\",\"url\":\"https:\\\/\\\/redenoticiaz.com.br\\\/litoralsp\\\/\",\"name\":\"Litoral SP\",\"description\":\"Rede NoticiaZ\",\"publisher\":{\"@id\":\"https:\\\/\\\/redenoticiaz.com.br\\\/litoralsp\\\/#organization\"},\"potentialAction\":[{\"@type\":\"SearchAction\",\"target\":{\"@type\":\"EntryPoint\",\"urlTemplate\":\"https:\\\/\\\/redenoticiaz.com.br\\\/litoralsp\\\/?s={search_term_string}\"},\"query-input\":{\"@type\":\"PropertyValueSpecification\",\"valueRequired\":true,\"valueName\":\"search_term_string\"}}],\"inLanguage\":\"pt-BR\"},{\"@type\":\"Organization\",\"@id\":\"https:\\\/\\\/redenoticiaz.com.br\\\/litoralsp\\\/#organization\",\"name\":\"Litoral SP\",\"url\":\"https:\\\/\\\/redenoticiaz.com.br\\\/litoralsp\\\/\",\"logo\":{\"@type\":\"ImageObject\",\"inLanguage\":\"pt-BR\",\"@id\":\"https:\\\/\\\/redenoticiaz.com.br\\\/litoralsp\\\/#\\\/schema\\\/logo\\\/image\\\/\",\"url\":\"https:\\\/\\\/redenoticiaz.com.br\\\/litoralsp\\\/wp-content\\\/uploads\\\/sites\\\/3\\\/2020\\\/11\\\/logo.jpg\",\"contentUrl\":\"https:\\\/\\\/redenoticiaz.com.br\\\/litoralsp\\\/wp-content\\\/uploads\\\/sites\\\/3\\\/2020\\\/11\\\/logo.jpg\",\"width\":400,\"height\":250,\"caption\":\"Litoral SP\"},\"image\":{\"@id\":\"https:\\\/\\\/redenoticiaz.com.br\\\/litoralsp\\\/#\\\/schema\\\/logo\\\/image\\\/\"}},{\"@type\":\"Person\",\"@id\":\"https:\\\/\\\/redenoticiaz.com.br\\\/litoralsp\\\/#\\\/schema\\\/person\\\/0f0b8a5bdafefe82841e07ae8d81ecb3\",\"name\":\"Leonardo Francisco\",\"image\":{\"@type\":\"ImageObject\",\"inLanguage\":\"pt-BR\",\"@id\":\"https:\\\/\\\/secure.gravatar.com\\\/avatar\\\/a7358cb406a99b682ec6df1e77e31ae82e63601f6784e8a3df411d72b37864da?s=96&d=mm&r=g\",\"url\":\"https:\\\/\\\/secure.gravatar.com\\\/avatar\\\/a7358cb406a99b682ec6df1e77e31ae82e63601f6784e8a3df411d72b37864da?s=96&d=mm&r=g\",\"contentUrl\":\"https:\\\/\\\/secure.gravatar.com\\\/avatar\\\/a7358cb406a99b682ec6df1e77e31ae82e63601f6784e8a3df411d72b37864da?s=96&d=mm&r=g\",\"caption\":\"Leonardo Francisco\"},\"url\":\"https:\\\/\\\/redenoticiaz.com.br\\\/litoralsp\\\/author\\\/leonardo-francisco\"}]}<\/script>\n<!-- \/ Yoast SEO plugin. -->","yoast_head_json":{"title":"O p\u00fablico vai voltar aos est\u00e1dios em outubro - Litoral SP","description":"est\u00e1 com muita saudade de ver o seu clube de cora\u00e7\u00e3o nos est\u00e1dios, arenas ou gin\u00e1sios. Mas em breve estes locais voltar\u00e3o a ter p\u00fablico","robots":{"index":"index","follow":"follow","max-snippet":"max-snippet:-1","max-image-preview":"max-image-preview:large","max-video-preview":"max-video-preview:-1"},"canonical":"https:\/\/redenoticiaz.com.br\/litoralsp\/2021\/09\/24\/o-publico-vai-voltar-aos-estadios-em-outubro","og_locale":"pt_BR","og_type":"article","og_title":"O p\u00fablico vai voltar aos est\u00e1dios em outubro - Litoral SP","og_description":"est\u00e1 com muita saudade de ver o seu clube de cora\u00e7\u00e3o nos est\u00e1dios, arenas ou gin\u00e1sios. Mas em breve estes locais voltar\u00e3o a ter p\u00fablico","og_url":"https:\/\/redenoticiaz.com.br\/litoralsp\/2021\/09\/24\/o-publico-vai-voltar-aos-estadios-em-outubro","og_site_name":"Litoral SP","article_published_time":"2021-09-24T14:09:37+00:00","article_modified_time":"2021-09-24T14:13:37+00:00","og_image":[{"width":1024,"height":638,"url":"https:\/\/redenoticiaz.com.br\/litoralsp\/wp-content\/uploads\/sites\/3\/2021\/09\/236610-modesto-optou-por-jogar-na-vila-belmiro-pela-fama-que-o-santos-tem-de-invencivel-em-seu-estadio-1024x638-1.jpg","type":"image\/jpeg"}],"author":"Leonardo Francisco","twitter_card":"summary_large_image","twitter_misc":{"Escrito por":"Leonardo Francisco","Est. tempo de leitura":"2 minutos"},"schema":{"@context":"https:\/\/schema.org","@graph":[{"@type":"Article","@id":"https:\/\/redenoticiaz.com.br\/litoralsp\/2021\/09\/24\/o-publico-vai-voltar-aos-estadios-em-outubro#article","isPartOf":{"@id":"https:\/\/redenoticiaz.com.br\/litoralsp\/2021\/09\/24\/o-publico-vai-voltar-aos-estadios-em-outubro"},"author":{"name":"Leonardo Francisco","@id":"https:\/\/redenoticiaz.com.br\/litoralsp\/#\/schema\/person\/0f0b8a5bdafefe82841e07ae8d81ecb3"},"headline":"O p\u00fablico vai voltar aos est\u00e1dios em outubro","datePublished":"2021-09-24T14:09:37+00:00","dateModified":"2021-09-24T14:13:37+00:00","mainEntityOfPage":{"@id":"https:\/\/redenoticiaz.com.br\/litoralsp\/2021\/09\/24\/o-publico-vai-voltar-aos-estadios-em-outubro"},"wordCount":318,"commentCount":0,"publisher":{"@id":"https:\/\/redenoticiaz.com.br\/litoralsp\/#organization"},"image":{"@id":"https:\/\/redenoticiaz.com.br\/litoralsp\/2021\/09\/24\/o-publico-vai-voltar-aos-estadios-em-outubro#primaryimage"},"thumbnailUrl":"https:\/\/redenoticiaz.com.br\/litoralsp\/wp-content\/uploads\/sites\/3\/2021\/09\/236610-modesto-optou-por-jogar-na-vila-belmiro-pela-fama-que-o-santos-tem-de-invencivel-em-seu-estadio-1024x638-1.jpg","keywords":["ARENAS","EST\u00c1DIOS","GIN\u00c1SIOS","Governo de S\u00e3o Paulo","RETORNO DO P\u00daBLICO","S\u00e3o Paulo","VOLTA GRADUAL"],"articleSection":["Esporte","Sa\u00fade"],"inLanguage":"pt-BR","potentialAction":[{"@type":"CommentAction","name":"Comment","target":["https:\/\/redenoticiaz.com.br\/litoralsp\/2021\/09\/24\/o-publico-vai-voltar-aos-estadios-em-outubro#respond"]}]},{"@type":"WebPage","@id":"https:\/\/redenoticiaz.com.br\/litoralsp\/2021\/09\/24\/o-publico-vai-voltar-aos-estadios-em-outubro","url":"https:\/\/redenoticiaz.com.br\/litoralsp\/2021\/09\/24\/o-publico-vai-voltar-aos-estadios-em-outubro","name":"O p\u00fablico vai voltar aos est\u00e1dios em outubro - Litoral SP","isPartOf":{"@id":"https:\/\/redenoticiaz.com.br\/litoralsp\/#website"},"primaryImageOfPage":{"@id":"https:\/\/redenoticiaz.com.br\/litoralsp\/2021\/09\/24\/o-publico-vai-voltar-aos-estadios-em-outubro#primaryimage"},"image":{"@id":"https:\/\/redenoticiaz.com.br\/litoralsp\/2021\/09\/24\/o-publico-vai-voltar-aos-estadios-em-outubro#primaryimage"},"thumbnailUrl":"https:\/\/redenoticiaz.com.br\/litoralsp\/wp-content\/uploads\/sites\/3\/2021\/09\/236610-modesto-optou-por-jogar-na-vila-belmiro-pela-fama-que-o-santos-tem-de-invencivel-em-seu-estadio-1024x638-1.jpg","datePublished":"2021-09-24T14:09:37+00:00","dateModified":"2021-09-24T14:13:37+00:00","description":"est\u00e1 com muita saudade de ver o seu clube de cora\u00e7\u00e3o nos est\u00e1dios, arenas ou gin\u00e1sios. Mas em breve estes locais voltar\u00e3o a ter p\u00fablico","inLanguage":"pt-BR","potentialAction":[{"@type":"ReadAction","target":["https:\/\/redenoticiaz.com.br\/litoralsp\/2021\/09\/24\/o-publico-vai-voltar-aos-estadios-em-outubro"]}]},{"@type":"ImageObject","inLanguage":"pt-BR","@id":"https:\/\/redenoticiaz.com.br\/litoralsp\/2021\/09\/24\/o-publico-vai-voltar-aos-estadios-em-outubro#primaryimage","url":"https:\/\/redenoticiaz.com.br\/litoralsp\/wp-content\/uploads\/sites\/3\/2021\/09\/236610-modesto-optou-por-jogar-na-vila-belmiro-pela-fama-que-o-santos-tem-de-invencivel-em-seu-estadio-1024x638-1.jpg","contentUrl":"https:\/\/redenoticiaz.com.br\/litoralsp\/wp-content\/uploads\/sites\/3\/2021\/09\/236610-modesto-optou-por-jogar-na-vila-belmiro-pela-fama-que-o-santos-tem-de-invencivel-em-seu-estadio-1024x638-1.jpg","width":1024,"height":638,"caption":"A \u00faltima vez que os jogos de futebol tiveram presen\u00e7a de p\u00fablico foi em mar\u00e7o de 2020, antes do decreto da pandemia do coronav\u00edrus."},{"@type":"WebSite","@id":"https:\/\/redenoticiaz.com.br\/litoralsp\/#website","url":"https:\/\/redenoticiaz.com.br\/litoralsp\/","name":"Litoral SP","description":"Rede NoticiaZ","publisher":{"@id":"https:\/\/redenoticiaz.com.br\/litoralsp\/#organization"},"potentialAction":[{"@type":"SearchAction","target":{"@type":"EntryPoint","urlTemplate":"https:\/\/redenoticiaz.com.br\/litoralsp\/?s={search_term_string}"},"query-input":{"@type":"PropertyValueSpecification","valueRequired":true,"valueName":"search_term_string"}}],"inLanguage":"pt-BR"},{"@type":"Organization","@id":"https:\/\/redenoticiaz.com.br\/litoralsp\/#organization","name":"Litoral SP","url":"https:\/\/redenoticiaz.com.br\/litoralsp\/","logo":{"@type":"ImageObject","inLanguage":"pt-BR","@id":"https:\/\/redenoticiaz.com.br\/litoralsp\/#\/schema\/logo\/image\/","url":"https:\/\/redenoticiaz.com.br\/litoralsp\/wp-content\/uploads\/sites\/3\/2020\/11\/logo.jpg","contentUrl":"https:\/\/redenoticiaz.com.br\/litoralsp\/wp-content\/uploads\/sites\/3\/2020\/11\/logo.jpg","width":400,"height":250,"caption":"Litoral SP"},"image":{"@id":"https:\/\/redenoticiaz.com.br\/litoralsp\/#\/schema\/logo\/image\/"}},{"@type":"Person","@id":"https:\/\/redenoticiaz.com.br\/litoralsp\/#\/schema\/person\/0f0b8a5bdafefe82841e07ae8d81ecb3","name":"Leonardo Francisco","image":{"@type":"ImageObject","inLanguage":"pt-BR","@id":"https:\/\/secure.gravatar.com\/avatar\/a7358cb406a99b682ec6df1e77e31ae82e63601f6784e8a3df411d72b37864da?s=96&d=mm&r=g","url":"https:\/\/secure.gravatar.com\/avatar\/a7358cb406a99b682ec6df1e77e31ae82e63601f6784e8a3df411d72b37864da?s=96&d=mm&r=g","contentUrl":"https:\/\/secure.gravatar.com\/avatar\/a7358cb406a99b682ec6df1e77e31ae82e63601f6784e8a3df411d72b37864da?s=96&d=mm&r=g","caption":"Leonardo Francisco"},"url":"https:\/\/redenoticiaz.com.br\/litoralsp\/author\/leonardo-francisco"}]}},"_links":{"self":[{"href":"https:\/\/redenoticiaz.com.br\/litoralsp\/wp-json\/wp\/v2\/posts\/15266","targetHints":{"allow":["GET"]}}],"collection":[{"href":"https:\/\/redenoticiaz.com.br\/litoralsp\/wp-json\/wp\/v2\/posts"}],"about":[{"href":"https:\/\/redenoticiaz.com.br\/litoralsp\/wp-json\/wp\/v2\/types\/post"}],"author":[{"embeddable":true,"href":"https:\/\/redenoticiaz.com.br\/litoralsp\/wp-json\/wp\/v2\/users\/6"}],"replies":[{"embeddable":true,"href":"https:\/\/redenoticiaz.com.br\/litoralsp\/wp-json\/wp\/v2\/comments?post=15266"}],"version-history":[{"count":1,"href":"https:\/\/redenoticiaz.com.br\/litoralsp\/wp-json\/wp\/v2\/posts\/15266\/revisions"}],"predecessor-version":[{"id":15271,"href":"https:\/\/redenoticiaz.com.br\/litoralsp\/wp-json\/wp\/v2\/posts\/15266\/revisions\/15271"}],"wp:featuredmedia":[{"embeddable":true,"href":"https:\/\/redenoticiaz.com.br\/litoralsp\/wp-json\/wp\/v2\/media\/15267"}],"wp:attachment":[{"href":"https:\/\/redenoticiaz.com.br\/litoralsp\/wp-json\/wp\/v2\/media?parent=15266"}],"wp:term":[{"taxonomy":"category","embeddable":true,"href":"https:\/\/redenoticiaz.com.br\/litoralsp\/wp-json\/wp\/v2\/categories?post=15266"},{"taxonomy":"post_tag","embeddable":true,"href":"https:\/\/redenoticiaz.com.br\/litoralsp\/wp-json\/wp\/v2\/tags?post=15266"}],"curies":[{"name":"wp","href":"https:\/\/api.w.org\/{rel}","templated":true}]}}