{"id":15547,"date":"2021-09-28T21:03:42","date_gmt":"2021-09-29T00:03:42","guid":{"rendered":"https:\/\/redenoticiaz.com.br\/litoralsp\/2021\/09\/28\/cpi-da-covid-advogada-confirma-pacto-negacionista-e-coacao-da-prevent-senior"},"modified":"2021-09-28T21:07:25","modified_gmt":"2021-09-29T00:07:25","slug":"cpi-da-covid-advogada-confirma-pacto-negacionista-e-coacao-da-prevent-senior","status":"publish","type":"post","link":"https:\/\/redenoticiaz.com.br\/litoralsp\/2021\/09\/28\/cpi-da-covid-advogada-confirma-pacto-negacionista-e-coacao-da-prevent-senior","title":{"rendered":"CPI da Covid: Advogada confirma pacto negacionista e coa\u00e7\u00e3o da Prevent Senior"},"content":{"rendered":"<p>Nesta ter\u00e7a-feira (28) aconteceu mais um depoimento da CPI da Covid, no <a href=\"https:\/\/www12.senado.leg.br\/hpsenado\">Senado Federal<\/a>. A <strong>advogada<\/strong> Bruna Morato foi ouvida e revelou rotina de amea\u00e7as a m\u00e9dicos da operadora de sa\u00fade Prevent Senior durante a pandemia de Covid. O depoimento levou sete horas para ser conclu\u00eddo.<\/p>\n<p>De acordo com ela, houve falta de autonomia dos profissionais, exig\u00eancia da prescri\u00e7\u00e3o de rem\u00e9dios ineficazes e o envolvimento da empresa em um &#8220;pacto&#8221; com o chamado &#8220;gabinete paralelo&#8221; do Pal\u00e1cio do Planalto, que, segundo a CPI, orientava o presidente Jair Bolsonaro sobre condutas para o enfrentamento da pandemia.<\/p>\n<p>Bruna Morato \u00e9 a respons\u00e1vel por defender 12 m\u00e9dicos que trabalharam para a operadora de sa\u00fade e os ajudou a elaborar um dossi\u00ea, formado por mais de 10 mil p\u00e1ginas, com den\u00fancias sobre a operadora. A Prevent Senior \u00e9\u00a0acusada de ocultar mortes de pacientes\u00a0de Covid e de prescrever o chamado \u201ckit Covid\u201d sem o consentimento dos pacientes.<\/p>\n<div class=\"mc-column content-text active-extra-styles \" data-block-type=\"unstyled\" data-block-weight=\"62\" data-block-id=\"6\">\n<p class=\"content-text__container \" data-track-category=\"Link no Texto\" data-track-links=\"\">A\u00a0empresa nega as acusa\u00e7\u00f5es e afirma que sempre atuou dentro de par\u00e2metros \u00e9ticos\u00a0e legais. Argumenta que sempre respeitou a autonomia dos m\u00e9dicos e nega fraude em estudo realizado para testar efic\u00e1cia da hidroxicloroquina no combate \u00e0 Covid-19. No \u00faltimo dia 22, \u00e0 CPI, o diretor-executivo da Prevent Senior tamb\u00e9m\u00a0negou oculta\u00e7\u00e3o de dados para esconder mortes\u00a0em raz\u00e3o da doen\u00e7a.<\/p>\n<\/div>\n<div class=\"mc-column content-text active-extra-styles \" data-block-type=\"unstyled\" data-block-weight=\"56\" data-block-id=\"7\">\n<p class=\"content-text__container \" data-track-category=\"Link no Texto\" data-track-links=\"\">Ao final da reuni\u00e3o da comiss\u00e3o parlamentar de inqu\u00e9rito, o senador Randolfe Rodrigues (Rede-AP), vice-presidente da CPI, disse que o depoimento de Bruna Morato foi o mais impactante que ouviu. Dessa forma j\u00e1 solicitou \u00e0 Pol\u00edcia Federal prote\u00e7\u00e3o para a advogada. Tudo porque durante o depoimento, ela relatou que j\u00e1 teve o escrit\u00f3rio invadido.<\/p>\n<h3 data-track-category=\"Link no Texto\">Cr\u00edticas<\/h3>\n<div class=\"mc-column content-text active-extra-styles \" data-block-type=\"unstyled\" data-block-weight=\"27\" data-block-id=\"10\">\n<p class=\"content-text__container \" data-track-category=\"Link no Texto\" data-track-links=\"\">Na audi\u00eancia, senadores criticaram a falta de atitude do Conselho Federal de Medicina (CFM) e dos conselhos regionais de medicina diante das acusa\u00e7\u00f5es contra a operadora.<\/p>\n<\/div>\n<div class=\"mc-column content-text active-extra-styles \" data-block-type=\"unstyled\" data-block-weight=\"43\" data-block-id=\"11\">\n<p class=\"content-text__container \" data-track-category=\"Link no Texto\" data-track-links=\"\">\u201cQual \u00e9 a teoria que eu tenho na minha cabe\u00e7a agora? O governo federal, o gabinete paralelo, o Conselho Federal de Medicina e a Prevent Senior atuaram em conjunto para permitir que essa situa\u00e7\u00e3o acontecesse\u201d, disse o senador Humberto Costa (PT-PE).<\/p>\n<\/div>\n<div class=\"mc-column content-text active-extra-styles \" data-block-type=\"unstyled\" data-block-weight=\"51\" data-block-id=\"12\">\n<p class=\"content-text__container \" data-track-category=\"Link no Texto\" data-track-links=\"\">A CPI aprovou requerimento que pede \u00e0 Procuradoria da Rep\u00fablica em S\u00e3o Paulo e no Distrito Federal e tamb\u00e9m \u00e0 Pol\u00edcia Federal que investiguem poss\u00edveis omiss\u00f5es por parte do CFM, do Conselho Regional de Medicina do Estado de S\u00e3o Paulo (Cremesp) e da Ag\u00eancia Nacional de Sa\u00fade Suplementar (ANS).<\/p>\n<\/div>\n<div class=\"mc-column content-text active-extra-styles\" data-block-type=\"raw\" data-block-weight=\"4\" data-block-id=\"13\">\n<div class=\"content-intertitle\">\n<h2>Den\u00fancias come\u00e7aram em 2020<\/h2>\n<\/div>\n<\/div>\n<div class=\"mc-column content-text active-extra-styles \" data-block-type=\"unstyled\" data-block-weight=\"31\" data-block-id=\"14\">\n<p class=\"content-text__container \" data-track-category=\"Link no Texto\" data-track-links=\"\">De acordo com Bruna Morato, as primeiras den\u00fancias envolvendo a Prevent come\u00e7aram logo no in\u00edcio da pandemia, em mar\u00e7o de 2020. \u00c0 \u00e9poca, ela atendia diretores cl\u00ednicos da operadora.<\/p>\n<\/div>\n<div class=\"mc-column content-text active-extra-styles \" data-block-type=\"unstyled\" data-block-weight=\"28\" data-block-id=\"15\">\n<p class=\"content-text__container \" data-track-category=\"Link no Texto\" data-track-links=\"\">Segundo a advogada, m\u00e9dicos relataram que, naquele momento, o plano de sa\u00fade n\u00e3o disponibilizava equipamentos de prote\u00e7\u00e3o individual (EPIs). A justificativa era para n\u00e3o \u201cdesesperar\u201d e n\u00e3o preocupar os pacientes.<\/p>\n<\/div>\n<div class=\"mc-column content-text active-extra-styles \" data-block-type=\"unstyled\" data-block-weight=\"21\" data-block-id=\"16\">\n<p class=\"content-text__container \" data-track-category=\"Link no Texto\" data-track-links=\"\">Ela relatou ainda a morte de um enfermeiro que tratava doentes com Covid. Ainda assim n\u00e3o podia usar os equipamentos. Na sequ\u00eancia, j\u00e1 no fim de mar\u00e7o daquele ano, Bruna Morato contou, foi iniciada a ado\u00e7\u00e3o de um \u201cprotocolo de manejo\u201d para o tratamento \u2013 o chamado \u201cKit Covid\u201d, formado por oito medicamentos. Entre eles haviam os quais hidroxicloroquina e ivermectina, rem\u00e9dios de inefic\u00e1cia comprovada no tratamento da Covid.<\/p>\n<\/div>\n<div class=\"mc-column content-text active-extra-styles \" data-block-type=\"unstyled\" data-block-weight=\"21\" data-block-id=\"19\">\n<p class=\"content-text__container \" data-track-category=\"Link no Texto\" data-track-links=\"\">Para dar efetividade \u00e0 ado\u00e7\u00e3o do kit, a Prevent Senior, segundo a advogada, procurou m\u00e9dicos do chamado \u201cgabinete paralelo\u201d.<\/p>\n<\/div>\n<div class=\"mc-column content-text active-extra-styles \" data-block-type=\"unstyled\" data-block-weight=\"70\" data-block-id=\"20\">\n<p class=\"content-text__container \" data-track-category=\"Link no Texto\" data-track-links=\"\">A advogada afirmou que existia um \u201cplano\u201d da Prevent Senior para que as pessoas pudessem sair \u00e0s ruas sem sentir medo de se infectar. Segundo ela, o \u201cpacto\u201d previa a colabora\u00e7\u00e3o da operadora com o \u201caconselhamento de m\u00e9dicos\u201d, entre os quais Anthony Wong, Nise Yamaguchi e Paolo Zanotto (que \u00e9 virologista) \u2013 a CPI suspeita que o trio formava o chamado \u201cgabinete paralelo\u201d que dava conselhos ao presidente da Rep\u00fablica.<\/p>\n<blockquote>\n<p data-track-category=\"Link no Texto\" data-track-links=\"\">&#8220;O que eles falavam era em alinhamento ideol\u00f3gico. Tinha que dar esperan\u00e7a para as pessoas irem \u00e0s ruas, e essa esperan\u00e7a tinha um nome: hidroxicloroquina&#8221;, declarou.<\/p>\n<\/blockquote>\n<h3 data-track-category=\"Link no Texto\">Interesses<\/h3>\n<div class=\"mc-column content-text active-extra-styles \" data-block-type=\"unstyled\" data-block-weight=\"43\" data-block-id=\"22\">\n<p class=\"content-text__container \" data-track-category=\"Link no Texto\" data-track-links=\"\">A advogada disse que havia um \u201cinteresse vinculado\u201d ao governo federal de que o Brasil n\u00e3o poderia parar por causa da Covid e tamb\u00e9m uma preocupa\u00e7\u00e3o com a possibilidade de &#8220;lockdown&#8221; (confinamento como forma de conter a propaga\u00e7\u00e3o do v\u00edrus).<\/p>\n<\/div>\n<div class=\"mc-column content-text active-extra-styles \" data-block-type=\"unstyled\" data-block-weight=\"67\" data-block-id=\"23\">\n<p class=\"content-text__container \" data-track-category=\"Link no Texto\" data-track-links=\"\">\u201cPor conta disso, as informa\u00e7\u00f5es levadas aos m\u00e9dicos em uma reuni\u00e3o promovida pela institui\u00e7\u00e3o foi a seguinte: existir\u00e1 uma colabora\u00e7\u00e3o com rela\u00e7\u00e3o \u00e0 institui\u00e7\u00e3o Prevent Senior na produ\u00e7\u00e3o de informa\u00e7\u00f5es que convergissem com essa teoria \u2014 de que \u00e9 poss\u00edvel utilizar determinado tratamento como prote\u00e7\u00e3o. No come\u00e7o, se chamava de tratamento preventivo e depois, com estudos, entendeu-se que n\u00e3o era preventivo, e sim, precoce&#8221;, disse Morato.<\/p>\n<div class=\"mc-column content-text active-extra-styles\" data-block-type=\"raw\" data-block-weight=\"3\" data-block-id=\"26\">\n<div class=\"content-intertitle\">\n<h2>Amea\u00e7as de puni\u00e7\u00e3o<\/h2>\n<\/div>\n<\/div>\n<div class=\"mc-column content-text active-extra-styles \" data-block-type=\"unstyled\" data-block-weight=\"43\" data-block-id=\"27\">\n<p class=\"content-text__container \" data-track-category=\"Link no Texto\" data-track-links=\"\">A advogada tamb\u00e9m detalhou que a prescri\u00e7\u00e3o de hidroxicloroquina era feita sem a realiza\u00e7\u00e3o de eletrocardiograma \u2013 o medicamento \u00e9 contraindicado para quem tem problemas card\u00edacos \u2013 e que pacientes recebiam o \u201ckit Covid\u201d sem o detalhamento dos rem\u00e9dios que o acompanhava.<\/p>\n<\/div>\n<div class=\"mc-column content-text active-extra-styles \" data-block-type=\"unstyled\" data-block-weight=\"23\" data-block-id=\"28\">\n<p class=\"content-text__container \" data-track-category=\"Link no Texto\" data-track-links=\"\">Os pacientes, contou, tamb\u00e9m assinavam um documento \u201cgen\u00e9rico\u201d sem saber que aquele era o termo de consentimento para uso da medica\u00e7\u00e3o. Segundo a advogada, ao contr\u00e1rio do que diz a Prevent Senior, os m\u00e9dicos n\u00e3o tinham autonomia para rejeitar o protocolo definido pela operadora e eram amea\u00e7ados de demiss\u00e3o caso contrariassem a indica\u00e7\u00e3o.<\/p>\n<\/div>\n<div class=\"mc-column content-text active-extra-styles \" data-block-type=\"unstyled\" data-block-weight=\"34\" data-block-id=\"29\">\n<p data-track-category=\"Link no Texto\" data-track-links=\"\">&#8220;In\u00fameros profissionais foram coagidos. Eram repreendidos na frente dos colegas. Outros foram demitidos e existia castigo estipulado dentro da rede, que era a redu\u00e7\u00e3o de plant\u00f5es. Se voc\u00ea n\u00e3o demonstrasse lealdade aos preceitos da empresa e obedi\u00eancia aos protocolos apresentados, voc\u00ea recebia puni\u00e7\u00f5es&#8221;, disse.<\/p>\n<div class=\"mc-column content-text active-extra-styles \" data-block-type=\"unstyled\" data-block-weight=\"55\" data-block-id=\"32\">\n<p class=\"content-text__container \" data-track-category=\"Link no Texto\" data-track-links=\"\">&#8220;Chegou a um ponto t\u00e3o lament\u00e1vel, na minha opini\u00e3o. Esse kit era composto por 8 itens. O plantonista dizia para o paciente: &#8216;Preciso te dar. Se eu n\u00e3o der, sou demitido. Se voc\u00ea for tomar, toma s\u00f3 as vitaminas e prote\u00ednas. Os outros [medicamentos], al\u00e9m de n\u00e3o terem efic\u00e1cia, s\u00e3o muito perigosos'&#8221;, relatou Morato.<\/p>\n<\/div>\n<div class=\"mc-column content-text active-extra-styles \" data-block-type=\"unstyled\" data-block-weight=\"32\" data-block-id=\"34\">\n<p class=\"content-text__container \" data-track-category=\"Link no Texto\" data-track-links=\"\">A iniciativa de prescrever o kit, segundo a advogada, visava mais do que criar a falsa impress\u00e3o de que havia tratamento para a doen\u00e7a. Ela teria tamb\u00e9m uma finalidade financeira.<\/p>\n<\/div>\n<div class=\"mc-column content-text active-extra-styles \" data-block-type=\"unstyled\" data-block-weight=\"30\" data-block-id=\"35\">\n<p class=\"content-text__container \" data-track-category=\"Link no Texto\" data-track-links=\"\">&#8220;Era uma estrat\u00e9gia para redu\u00e7\u00e3o de custos, uma vez que \u00e9 muito mais barato para a operadora de sa\u00fade disponibilizar determinados medicamentos do que efetivamente fazer interna\u00e7\u00e3o daqueles pacientes.&#8221;<\/p>\n<\/div>\n<div class=\"mc-column content-text active-extra-styles\" data-block-type=\"raw\" data-block-weight=\"3\" data-block-id=\"36\">\n<div class=\"content-intertitle\">\n<h2>Oculta\u00e7\u00e3o de mortes<\/h2>\n<\/div>\n<\/div>\n<div class=\"mc-column content-text active-extra-styles \" data-block-type=\"unstyled\" data-block-weight=\"27\" data-block-id=\"37\">\n<p class=\"content-text__container \" data-track-category=\"Link no Texto\" data-track-links=\"\">Aos senadores, a advogada refor\u00e7ou a den\u00fancia de que a\u00a0Prevent Senior ocultou dados de pacientes que aderiram ao protocolo do \u201ckit Covid\u201d\u00a0e acabaram morrendo.<\/p>\n<\/div>\n<div class=\"mc-column content-text active-extra-styles \" data-block-type=\"unstyled\" data-block-weight=\"35\" data-block-id=\"38\">\n<p class=\"content-text__container \" data-track-category=\"Link no Texto\" data-track-links=\"\">Durante a reuni\u00e3o da CPI, senadores apresentaram publica\u00e7\u00e3o feita pelo presidente Jair Bolsonaro na qual ele exaltou o estudo da operadora segundo o qual nenhum paciente que tomou hidroxicloroquina morreu. A advogada contestou.<\/p>\n<\/div>\n<div class=\"mc-column content-text active-extra-styles \" data-block-type=\"unstyled\" data-block-weight=\"47\" data-block-id=\"39\">\n<p class=\"content-text__container \" data-track-category=\"Link no Texto\" data-track-links=\"\">\u201cRespondendo aos dados que foram apresentados, as tabelas apresentadas pela equipe de pesquisa que teve acesso \u00e0 informa\u00e7\u00e3o desmentem essas informa\u00e7\u00f5es publicadas. Na verdade, dos que n\u00e3o fizeram uso da hidroxicloroquina, n\u00f3s tivemos dois \u00f3bitos. Dos que tiveram o uso da hidroxicloroquina, sete \u00f3bitos\u201d, afirmou.<\/p>\n<h3 data-track-category=\"Link no Texto\">Anthony Wong<\/h3>\n<\/div>\n<div class=\"mc-column content-text active-extra-styles \" data-block-type=\"unstyled\" data-block-weight=\"45\" data-block-id=\"40\">\n<p class=\"content-text__container \" data-track-category=\"Link no Texto\" data-track-links=\"\">Morato tamb\u00e9m detalhou como se deu o caso do m\u00e9dico Anthony Wong. Ele morreu em janeiro deste ano. A Prevent Senior omitiu no atestado de \u00f3bito que ele faleceu em decorr\u00eancia da Covid. Wong tamb\u00e9m recebeu o tratamento com o chamado \u201ckit Covid\u201d.<\/p>\n<\/div>\n<div class=\"mc-column content-text active-extra-styles \" data-block-type=\"unstyled\" data-block-weight=\"65\" data-block-id=\"41\">\n<p class=\"content-text__container \" data-track-category=\"Link no Texto\" data-track-links=\"\">\u201cNo caso do doutor Anthony Wong, foi vasta a quantidade de publica\u00e7\u00f5es referentes \u00e0 interna\u00e7\u00e3o, dizendo se tratar de hemorragia digestiva, e, ao \u00f3bito, dizendo se tratar de choque s\u00e9ptico. Na verdade, ele tamb\u00e9m teve choque s\u00e9ptico, mas foi pulmonar, em decorr\u00eancia da Covid-19. Isso deveria ter sido devidamente colocado na sua declara\u00e7\u00e3o de \u00f3bito para que constasse na certid\u00e3o de \u00f3bito\u201d, afirmou.<\/p>\n<\/div>\n<div class=\"mc-column content-text active-extra-styles \" data-block-type=\"unstyled\" data-block-weight=\"37\" data-block-id=\"42\">\n<p class=\"content-text__container \" data-track-category=\"Link no Texto\" data-track-links=\"\">A advogada disse ainda que, durante o tratamento, o m\u00e9dico foi internado em uma unidade da Prevent Senior. S\u00f3 que neste local, sequer tem tratamento para a Covid e ao lado de pacientes que n\u00e3o tinham a doen\u00e7a.<\/p>\n<\/div>\n<div class=\"mc-column content-text active-extra-styles \" data-block-type=\"unstyled\" data-block-weight=\"67\" data-block-id=\"44\">\n<p class=\"content-text__container \" data-track-category=\"Link no Texto\" data-track-links=\"\">\u201cO que me choca n\u00e3o \u00e9 s\u00f3 o fato de ele ter feito uso do tratamento preventivo e de ter sido cobaia para determinados tratamentos, mas o fato de ele ter sido admitido em uma unidade cardiol\u00f3gica em meio a outros tantos pacientes, colocando em risco a vida daquelas pessoas que estavam com ele dentro de uma UTI que n\u00e3o tinha isolamento para Covid\u201d, afirmou.<\/p>\n<p data-track-category=\"Link no Texto\" data-track-links=\"\"><strong>LEIA TAMB\u00c9M<\/strong><\/p>\n<p data-track-category=\"Link no Texto\" data-track-links=\"\"><a href=\"https:\/\/redenoticiaz.com.br\/blog\/2021\/09\/28\/idosos-com-mais-de-60-anos-terao-de-tomar-dose-de-reforco-contra-a-covid-anuncia-marcelo-queiroga\">Idosos com mais de 60 anos ter\u00e3o de tomar dose de refor\u00e7o contra a Covid, anuncia Marcelo Queiroga<\/a><\/p>\n<\/div>\n<\/div>\n<\/div>\n<\/div>\n<\/div>\n","protected":false},"excerpt":{"rendered":"<p>Nesta ter\u00e7a-feira (28) aconteceu mais um depoimento da CPI da Covid, no Senado Federal. A advogada Bruna Morato foi ouvida e revelou rotina de amea\u00e7as a m\u00e9dicos da operadora de sa\u00fade Prevent Senior durante a pandemia de Covid. O depoimento levou sete horas para ser conclu\u00eddo. De acordo com ela, houve falta de autonomia dos &hellip;<\/p>\n","protected":false},"author":6,"featured_media":15548,"comment_status":"open","ping_status":"closed","sticky":false,"template":"","format":"standard","meta":{"footnotes":""},"categories":[22,15,23],"tags":[20391,36276,36277,34409,18891],"class_list":["post-15547","post","type-post","status-publish","format-standard","has-post-thumbnail","hentry","category-justica","category-politica","category-saude","tag-cpi-da-covid","tag-depoimento-de-advogada","tag-mortes-ocultadas","tag-prevent-senior","tag-senado-federal"],"yoast_head":"<!-- This site is optimized with the Yoast SEO plugin v27.5 - https:\/\/yoast.com\/product\/yoast-seo-wordpress\/ -->\n<title>CPI da Covid: Advogada confirma pacto negacionista e coa\u00e7\u00e3o da Prevent Senior - Litoral SP<\/title>\n<meta name=\"description\" content=\"Nesta ter\u00e7a-feira (28) aconteceu mais um depoimento da CPI da Covid, no Senado Federal. A advogada Bruna Morato foi ouvida\" \/>\n<meta name=\"robots\" content=\"index, follow, max-snippet:-1, max-image-preview:large, max-video-preview:-1\" \/>\n<link rel=\"canonical\" href=\"https:\/\/redenoticiaz.com.br\/litoralsp\/2021\/09\/28\/cpi-da-covid-advogada-confirma-pacto-negacionista-e-coacao-da-prevent-senior\" \/>\n<meta property=\"og:locale\" content=\"pt_BR\" \/>\n<meta property=\"og:type\" content=\"article\" \/>\n<meta property=\"og:title\" content=\"CPI da Covid: Advogada confirma pacto negacionista e coa\u00e7\u00e3o da Prevent Senior - Litoral SP\" \/>\n<meta property=\"og:description\" content=\"Nesta ter\u00e7a-feira (28) aconteceu mais um depoimento da CPI da Covid, no Senado Federal. A advogada Bruna Morato foi ouvida\" \/>\n<meta property=\"og:url\" content=\"https:\/\/redenoticiaz.com.br\/litoralsp\/2021\/09\/28\/cpi-da-covid-advogada-confirma-pacto-negacionista-e-coacao-da-prevent-senior\" \/>\n<meta property=\"og:site_name\" content=\"Litoral SP\" \/>\n<meta property=\"article:published_time\" content=\"2021-09-29T00:03:42+00:00\" \/>\n<meta property=\"article:modified_time\" content=\"2021-09-29T00:07:25+00:00\" \/>\n<meta property=\"og:image\" content=\"https:\/\/redenoticiaz.com.br\/litoralsp\/wp-content\/uploads\/sites\/3\/2021\/09\/image-27.jpg\" \/>\n\t<meta property=\"og:image:width\" content=\"1100\" \/>\n\t<meta property=\"og:image:height\" content=\"733\" \/>\n\t<meta property=\"og:image:type\" content=\"image\/jpeg\" \/>\n<meta name=\"author\" content=\"Leonardo Francisco\" \/>\n<meta name=\"twitter:card\" content=\"summary_large_image\" \/>\n<meta name=\"twitter:label1\" content=\"Escrito por\" \/>\n\t<meta name=\"twitter:data1\" content=\"Leonardo Francisco\" \/>\n\t<meta name=\"twitter:label2\" content=\"Est. tempo de leitura\" \/>\n\t<meta name=\"twitter:data2\" content=\"7 minutos\" \/>\n<script type=\"application\/ld+json\" class=\"yoast-schema-graph\">{\"@context\":\"https:\\\/\\\/schema.org\",\"@graph\":[{\"@type\":\"Article\",\"@id\":\"https:\\\/\\\/redenoticiaz.com.br\\\/litoralsp\\\/2021\\\/09\\\/28\\\/cpi-da-covid-advogada-confirma-pacto-negacionista-e-coacao-da-prevent-senior#article\",\"isPartOf\":{\"@id\":\"https:\\\/\\\/redenoticiaz.com.br\\\/litoralsp\\\/2021\\\/09\\\/28\\\/cpi-da-covid-advogada-confirma-pacto-negacionista-e-coacao-da-prevent-senior\"},\"author\":{\"name\":\"Leonardo Francisco\",\"@id\":\"https:\\\/\\\/redenoticiaz.com.br\\\/litoralsp\\\/#\\\/schema\\\/person\\\/0f0b8a5bdafefe82841e07ae8d81ecb3\"},\"headline\":\"CPI da Covid: Advogada confirma pacto negacionista e coa\u00e7\u00e3o da Prevent Senior\",\"datePublished\":\"2021-09-29T00:03:42+00:00\",\"dateModified\":\"2021-09-29T00:07:25+00:00\",\"mainEntityOfPage\":{\"@id\":\"https:\\\/\\\/redenoticiaz.com.br\\\/litoralsp\\\/2021\\\/09\\\/28\\\/cpi-da-covid-advogada-confirma-pacto-negacionista-e-coacao-da-prevent-senior\"},\"wordCount\":1471,\"commentCount\":0,\"publisher\":{\"@id\":\"https:\\\/\\\/redenoticiaz.com.br\\\/litoralsp\\\/#organization\"},\"image\":{\"@id\":\"https:\\\/\\\/redenoticiaz.com.br\\\/litoralsp\\\/2021\\\/09\\\/28\\\/cpi-da-covid-advogada-confirma-pacto-negacionista-e-coacao-da-prevent-senior#primaryimage\"},\"thumbnailUrl\":\"https:\\\/\\\/redenoticiaz.com.br\\\/litoralsp\\\/wp-content\\\/uploads\\\/sites\\\/3\\\/2021\\\/09\\\/image-27.jpg\",\"keywords\":[\"CPI DA COVID\",\"DEPOIMENTO DE ADVOGADA\",\"MORTES OCULTADAS\",\"PREVENT SENIOR\",\"SENADO FEDERAL\"],\"articleSection\":[\"Justi\u00e7a\",\"Pol\u00edtica\",\"Sa\u00fade\"],\"inLanguage\":\"pt-BR\",\"potentialAction\":[{\"@type\":\"CommentAction\",\"name\":\"Comment\",\"target\":[\"https:\\\/\\\/redenoticiaz.com.br\\\/litoralsp\\\/2021\\\/09\\\/28\\\/cpi-da-covid-advogada-confirma-pacto-negacionista-e-coacao-da-prevent-senior#respond\"]}]},{\"@type\":\"WebPage\",\"@id\":\"https:\\\/\\\/redenoticiaz.com.br\\\/litoralsp\\\/2021\\\/09\\\/28\\\/cpi-da-covid-advogada-confirma-pacto-negacionista-e-coacao-da-prevent-senior\",\"url\":\"https:\\\/\\\/redenoticiaz.com.br\\\/litoralsp\\\/2021\\\/09\\\/28\\\/cpi-da-covid-advogada-confirma-pacto-negacionista-e-coacao-da-prevent-senior\",\"name\":\"CPI da Covid: Advogada confirma pacto negacionista e coa\u00e7\u00e3o da Prevent Senior - Litoral SP\",\"isPartOf\":{\"@id\":\"https:\\\/\\\/redenoticiaz.com.br\\\/litoralsp\\\/#website\"},\"primaryImageOfPage\":{\"@id\":\"https:\\\/\\\/redenoticiaz.com.br\\\/litoralsp\\\/2021\\\/09\\\/28\\\/cpi-da-covid-advogada-confirma-pacto-negacionista-e-coacao-da-prevent-senior#primaryimage\"},\"image\":{\"@id\":\"https:\\\/\\\/redenoticiaz.com.br\\\/litoralsp\\\/2021\\\/09\\\/28\\\/cpi-da-covid-advogada-confirma-pacto-negacionista-e-coacao-da-prevent-senior#primaryimage\"},\"thumbnailUrl\":\"https:\\\/\\\/redenoticiaz.com.br\\\/litoralsp\\\/wp-content\\\/uploads\\\/sites\\\/3\\\/2021\\\/09\\\/image-27.jpg\",\"datePublished\":\"2021-09-29T00:03:42+00:00\",\"dateModified\":\"2021-09-29T00:07:25+00:00\",\"description\":\"Nesta ter\u00e7a-feira (28) aconteceu mais um depoimento da CPI da Covid, no Senado Federal. A advogada Bruna Morato foi ouvida\",\"inLanguage\":\"pt-BR\",\"potentialAction\":[{\"@type\":\"ReadAction\",\"target\":[\"https:\\\/\\\/redenoticiaz.com.br\\\/litoralsp\\\/2021\\\/09\\\/28\\\/cpi-da-covid-advogada-confirma-pacto-negacionista-e-coacao-da-prevent-senior\"]}]},{\"@type\":\"ImageObject\",\"inLanguage\":\"pt-BR\",\"@id\":\"https:\\\/\\\/redenoticiaz.com.br\\\/litoralsp\\\/2021\\\/09\\\/28\\\/cpi-da-covid-advogada-confirma-pacto-negacionista-e-coacao-da-prevent-senior#primaryimage\",\"url\":\"https:\\\/\\\/redenoticiaz.com.br\\\/litoralsp\\\/wp-content\\\/uploads\\\/sites\\\/3\\\/2021\\\/09\\\/image-27.jpg\",\"contentUrl\":\"https:\\\/\\\/redenoticiaz.com.br\\\/litoralsp\\\/wp-content\\\/uploads\\\/sites\\\/3\\\/2021\\\/09\\\/image-27.jpg\",\"width\":1100,\"height\":733},{\"@type\":\"WebSite\",\"@id\":\"https:\\\/\\\/redenoticiaz.com.br\\\/litoralsp\\\/#website\",\"url\":\"https:\\\/\\\/redenoticiaz.com.br\\\/litoralsp\\\/\",\"name\":\"Litoral SP\",\"description\":\"Rede NoticiaZ\",\"publisher\":{\"@id\":\"https:\\\/\\\/redenoticiaz.com.br\\\/litoralsp\\\/#organization\"},\"potentialAction\":[{\"@type\":\"SearchAction\",\"target\":{\"@type\":\"EntryPoint\",\"urlTemplate\":\"https:\\\/\\\/redenoticiaz.com.br\\\/litoralsp\\\/?s={search_term_string}\"},\"query-input\":{\"@type\":\"PropertyValueSpecification\",\"valueRequired\":true,\"valueName\":\"search_term_string\"}}],\"inLanguage\":\"pt-BR\"},{\"@type\":\"Organization\",\"@id\":\"https:\\\/\\\/redenoticiaz.com.br\\\/litoralsp\\\/#organization\",\"name\":\"Litoral SP\",\"url\":\"https:\\\/\\\/redenoticiaz.com.br\\\/litoralsp\\\/\",\"logo\":{\"@type\":\"ImageObject\",\"inLanguage\":\"pt-BR\",\"@id\":\"https:\\\/\\\/redenoticiaz.com.br\\\/litoralsp\\\/#\\\/schema\\\/logo\\\/image\\\/\",\"url\":\"https:\\\/\\\/redenoticiaz.com.br\\\/litoralsp\\\/wp-content\\\/uploads\\\/sites\\\/3\\\/2020\\\/11\\\/logo.jpg\",\"contentUrl\":\"https:\\\/\\\/redenoticiaz.com.br\\\/litoralsp\\\/wp-content\\\/uploads\\\/sites\\\/3\\\/2020\\\/11\\\/logo.jpg\",\"width\":400,\"height\":250,\"caption\":\"Litoral SP\"},\"image\":{\"@id\":\"https:\\\/\\\/redenoticiaz.com.br\\\/litoralsp\\\/#\\\/schema\\\/logo\\\/image\\\/\"}},{\"@type\":\"Person\",\"@id\":\"https:\\\/\\\/redenoticiaz.com.br\\\/litoralsp\\\/#\\\/schema\\\/person\\\/0f0b8a5bdafefe82841e07ae8d81ecb3\",\"name\":\"Leonardo Francisco\",\"image\":{\"@type\":\"ImageObject\",\"inLanguage\":\"pt-BR\",\"@id\":\"https:\\\/\\\/secure.gravatar.com\\\/avatar\\\/a7358cb406a99b682ec6df1e77e31ae82e63601f6784e8a3df411d72b37864da?s=96&d=mm&r=g\",\"url\":\"https:\\\/\\\/secure.gravatar.com\\\/avatar\\\/a7358cb406a99b682ec6df1e77e31ae82e63601f6784e8a3df411d72b37864da?s=96&d=mm&r=g\",\"contentUrl\":\"https:\\\/\\\/secure.gravatar.com\\\/avatar\\\/a7358cb406a99b682ec6df1e77e31ae82e63601f6784e8a3df411d72b37864da?s=96&d=mm&r=g\",\"caption\":\"Leonardo Francisco\"},\"url\":\"https:\\\/\\\/redenoticiaz.com.br\\\/litoralsp\\\/author\\\/leonardo-francisco\"}]}<\/script>\n<!-- \/ Yoast SEO plugin. -->","yoast_head_json":{"title":"CPI da Covid: Advogada confirma pacto negacionista e coa\u00e7\u00e3o da Prevent Senior - Litoral SP","description":"Nesta ter\u00e7a-feira (28) aconteceu mais um depoimento da CPI da Covid, no Senado Federal. A advogada Bruna Morato foi ouvida","robots":{"index":"index","follow":"follow","max-snippet":"max-snippet:-1","max-image-preview":"max-image-preview:large","max-video-preview":"max-video-preview:-1"},"canonical":"https:\/\/redenoticiaz.com.br\/litoralsp\/2021\/09\/28\/cpi-da-covid-advogada-confirma-pacto-negacionista-e-coacao-da-prevent-senior","og_locale":"pt_BR","og_type":"article","og_title":"CPI da Covid: Advogada confirma pacto negacionista e coa\u00e7\u00e3o da Prevent Senior - Litoral SP","og_description":"Nesta ter\u00e7a-feira (28) aconteceu mais um depoimento da CPI da Covid, no Senado Federal. A advogada Bruna Morato foi ouvida","og_url":"https:\/\/redenoticiaz.com.br\/litoralsp\/2021\/09\/28\/cpi-da-covid-advogada-confirma-pacto-negacionista-e-coacao-da-prevent-senior","og_site_name":"Litoral SP","article_published_time":"2021-09-29T00:03:42+00:00","article_modified_time":"2021-09-29T00:07:25+00:00","og_image":[{"width":1100,"height":733,"url":"https:\/\/redenoticiaz.com.br\/litoralsp\/wp-content\/uploads\/sites\/3\/2021\/09\/image-27.jpg","type":"image\/jpeg"}],"author":"Leonardo Francisco","twitter_card":"summary_large_image","twitter_misc":{"Escrito por":"Leonardo Francisco","Est. tempo de leitura":"7 minutos"},"schema":{"@context":"https:\/\/schema.org","@graph":[{"@type":"Article","@id":"https:\/\/redenoticiaz.com.br\/litoralsp\/2021\/09\/28\/cpi-da-covid-advogada-confirma-pacto-negacionista-e-coacao-da-prevent-senior#article","isPartOf":{"@id":"https:\/\/redenoticiaz.com.br\/litoralsp\/2021\/09\/28\/cpi-da-covid-advogada-confirma-pacto-negacionista-e-coacao-da-prevent-senior"},"author":{"name":"Leonardo Francisco","@id":"https:\/\/redenoticiaz.com.br\/litoralsp\/#\/schema\/person\/0f0b8a5bdafefe82841e07ae8d81ecb3"},"headline":"CPI da Covid: Advogada confirma pacto negacionista e coa\u00e7\u00e3o da Prevent Senior","datePublished":"2021-09-29T00:03:42+00:00","dateModified":"2021-09-29T00:07:25+00:00","mainEntityOfPage":{"@id":"https:\/\/redenoticiaz.com.br\/litoralsp\/2021\/09\/28\/cpi-da-covid-advogada-confirma-pacto-negacionista-e-coacao-da-prevent-senior"},"wordCount":1471,"commentCount":0,"publisher":{"@id":"https:\/\/redenoticiaz.com.br\/litoralsp\/#organization"},"image":{"@id":"https:\/\/redenoticiaz.com.br\/litoralsp\/2021\/09\/28\/cpi-da-covid-advogada-confirma-pacto-negacionista-e-coacao-da-prevent-senior#primaryimage"},"thumbnailUrl":"https:\/\/redenoticiaz.com.br\/litoralsp\/wp-content\/uploads\/sites\/3\/2021\/09\/image-27.jpg","keywords":["CPI DA COVID","DEPOIMENTO DE ADVOGADA","MORTES OCULTADAS","PREVENT SENIOR","SENADO FEDERAL"],"articleSection":["Justi\u00e7a","Pol\u00edtica","Sa\u00fade"],"inLanguage":"pt-BR","potentialAction":[{"@type":"CommentAction","name":"Comment","target":["https:\/\/redenoticiaz.com.br\/litoralsp\/2021\/09\/28\/cpi-da-covid-advogada-confirma-pacto-negacionista-e-coacao-da-prevent-senior#respond"]}]},{"@type":"WebPage","@id":"https:\/\/redenoticiaz.com.br\/litoralsp\/2021\/09\/28\/cpi-da-covid-advogada-confirma-pacto-negacionista-e-coacao-da-prevent-senior","url":"https:\/\/redenoticiaz.com.br\/litoralsp\/2021\/09\/28\/cpi-da-covid-advogada-confirma-pacto-negacionista-e-coacao-da-prevent-senior","name":"CPI da Covid: Advogada confirma pacto negacionista e coa\u00e7\u00e3o da Prevent Senior - Litoral SP","isPartOf":{"@id":"https:\/\/redenoticiaz.com.br\/litoralsp\/#website"},"primaryImageOfPage":{"@id":"https:\/\/redenoticiaz.com.br\/litoralsp\/2021\/09\/28\/cpi-da-covid-advogada-confirma-pacto-negacionista-e-coacao-da-prevent-senior#primaryimage"},"image":{"@id":"https:\/\/redenoticiaz.com.br\/litoralsp\/2021\/09\/28\/cpi-da-covid-advogada-confirma-pacto-negacionista-e-coacao-da-prevent-senior#primaryimage"},"thumbnailUrl":"https:\/\/redenoticiaz.com.br\/litoralsp\/wp-content\/uploads\/sites\/3\/2021\/09\/image-27.jpg","datePublished":"2021-09-29T00:03:42+00:00","dateModified":"2021-09-29T00:07:25+00:00","description":"Nesta ter\u00e7a-feira (28) aconteceu mais um depoimento da CPI da Covid, no Senado Federal. A advogada Bruna Morato foi ouvida","inLanguage":"pt-BR","potentialAction":[{"@type":"ReadAction","target":["https:\/\/redenoticiaz.com.br\/litoralsp\/2021\/09\/28\/cpi-da-covid-advogada-confirma-pacto-negacionista-e-coacao-da-prevent-senior"]}]},{"@type":"ImageObject","inLanguage":"pt-BR","@id":"https:\/\/redenoticiaz.com.br\/litoralsp\/2021\/09\/28\/cpi-da-covid-advogada-confirma-pacto-negacionista-e-coacao-da-prevent-senior#primaryimage","url":"https:\/\/redenoticiaz.com.br\/litoralsp\/wp-content\/uploads\/sites\/3\/2021\/09\/image-27.jpg","contentUrl":"https:\/\/redenoticiaz.com.br\/litoralsp\/wp-content\/uploads\/sites\/3\/2021\/09\/image-27.jpg","width":1100,"height":733},{"@type":"WebSite","@id":"https:\/\/redenoticiaz.com.br\/litoralsp\/#website","url":"https:\/\/redenoticiaz.com.br\/litoralsp\/","name":"Litoral SP","description":"Rede NoticiaZ","publisher":{"@id":"https:\/\/redenoticiaz.com.br\/litoralsp\/#organization"},"potentialAction":[{"@type":"SearchAction","target":{"@type":"EntryPoint","urlTemplate":"https:\/\/redenoticiaz.com.br\/litoralsp\/?s={search_term_string}"},"query-input":{"@type":"PropertyValueSpecification","valueRequired":true,"valueName":"search_term_string"}}],"inLanguage":"pt-BR"},{"@type":"Organization","@id":"https:\/\/redenoticiaz.com.br\/litoralsp\/#organization","name":"Litoral SP","url":"https:\/\/redenoticiaz.com.br\/litoralsp\/","logo":{"@type":"ImageObject","inLanguage":"pt-BR","@id":"https:\/\/redenoticiaz.com.br\/litoralsp\/#\/schema\/logo\/image\/","url":"https:\/\/redenoticiaz.com.br\/litoralsp\/wp-content\/uploads\/sites\/3\/2020\/11\/logo.jpg","contentUrl":"https:\/\/redenoticiaz.com.br\/litoralsp\/wp-content\/uploads\/sites\/3\/2020\/11\/logo.jpg","width":400,"height":250,"caption":"Litoral SP"},"image":{"@id":"https:\/\/redenoticiaz.com.br\/litoralsp\/#\/schema\/logo\/image\/"}},{"@type":"Person","@id":"https:\/\/redenoticiaz.com.br\/litoralsp\/#\/schema\/person\/0f0b8a5bdafefe82841e07ae8d81ecb3","name":"Leonardo Francisco","image":{"@type":"ImageObject","inLanguage":"pt-BR","@id":"https:\/\/secure.gravatar.com\/avatar\/a7358cb406a99b682ec6df1e77e31ae82e63601f6784e8a3df411d72b37864da?s=96&d=mm&r=g","url":"https:\/\/secure.gravatar.com\/avatar\/a7358cb406a99b682ec6df1e77e31ae82e63601f6784e8a3df411d72b37864da?s=96&d=mm&r=g","contentUrl":"https:\/\/secure.gravatar.com\/avatar\/a7358cb406a99b682ec6df1e77e31ae82e63601f6784e8a3df411d72b37864da?s=96&d=mm&r=g","caption":"Leonardo Francisco"},"url":"https:\/\/redenoticiaz.com.br\/litoralsp\/author\/leonardo-francisco"}]}},"_links":{"self":[{"href":"https:\/\/redenoticiaz.com.br\/litoralsp\/wp-json\/wp\/v2\/posts\/15547","targetHints":{"allow":["GET"]}}],"collection":[{"href":"https:\/\/redenoticiaz.com.br\/litoralsp\/wp-json\/wp\/v2\/posts"}],"about":[{"href":"https:\/\/redenoticiaz.com.br\/litoralsp\/wp-json\/wp\/v2\/types\/post"}],"author":[{"embeddable":true,"href":"https:\/\/redenoticiaz.com.br\/litoralsp\/wp-json\/wp\/v2\/users\/6"}],"replies":[{"embeddable":true,"href":"https:\/\/redenoticiaz.com.br\/litoralsp\/wp-json\/wp\/v2\/comments?post=15547"}],"version-history":[{"count":1,"href":"https:\/\/redenoticiaz.com.br\/litoralsp\/wp-json\/wp\/v2\/posts\/15547\/revisions"}],"predecessor-version":[{"id":15549,"href":"https:\/\/redenoticiaz.com.br\/litoralsp\/wp-json\/wp\/v2\/posts\/15547\/revisions\/15549"}],"wp:featuredmedia":[{"embeddable":true,"href":"https:\/\/redenoticiaz.com.br\/litoralsp\/wp-json\/wp\/v2\/media\/15548"}],"wp:attachment":[{"href":"https:\/\/redenoticiaz.com.br\/litoralsp\/wp-json\/wp\/v2\/media?parent=15547"}],"wp:term":[{"taxonomy":"category","embeddable":true,"href":"https:\/\/redenoticiaz.com.br\/litoralsp\/wp-json\/wp\/v2\/categories?post=15547"},{"taxonomy":"post_tag","embeddable":true,"href":"https:\/\/redenoticiaz.com.br\/litoralsp\/wp-json\/wp\/v2\/tags?post=15547"}],"curies":[{"name":"wp","href":"https:\/\/api.w.org\/{rel}","templated":true}]}}