{"id":15588,"date":"2021-09-29T12:23:54","date_gmt":"2021-09-29T15:23:54","guid":{"rendered":"https:\/\/redenoticiaz.com.br\/litoralsp\/2021\/09\/29\/dono-da-havan-e-ouvido-na-cpi-mas-sessao-e-suspensa-apos-tumulto"},"modified":"2021-09-29T12:26:54","modified_gmt":"2021-09-29T15:26:54","slug":"dono-da-havan-e-ouvido-na-cpi-mas-sessao-e-suspensa-apos-tumulto","status":"publish","type":"post","link":"https:\/\/redenoticiaz.com.br\/litoralsp\/2021\/09\/29\/dono-da-havan-e-ouvido-na-cpi-mas-sessao-e-suspensa-apos-tumulto","title":{"rendered":"Dono da Havan \u00e9 ouvido na CPI, mas sess\u00e3o \u00e9 suspensa ap\u00f3s tumulto"},"content":{"rendered":"<p>Nesta quarta-feira (29) est\u00e1 ocorrendo o depoimento do <strong>empres\u00e1rio Luciano Hang<\/strong>, o dono da rede de lojas Havan, na <a href=\"https:\/\/www12.senado.leg.br\/hpsenado\">CPI da Covid<\/a>. Ele \u00e9 acusado de financiar um esquema de divulgar fake news a favor do presidente Jair Bolsonaro. Mas a sess\u00e3o foi interrompida ap\u00f3s uma enorme confus\u00e3o.<\/p>\n<p>Ele come\u00e7ou o depoimento se defendendo das acusa\u00e7\u00f5es. &#8220;Quero afirmar aqui nesta Casa, com a consci\u00eancia tranquila e com a serenidade de quem tem a verdade a seu lado, que n\u00e3o conhe\u00e7o, n\u00e3o fa\u00e7o e nunca fiz parte de nenhum gabinete paralelo. Nunca financiei nenhum esquema de fake news e n\u00e3o sou negacionista&#8221;, declarou Hang no in\u00edcio do depoimento.<\/p>\n<div class=\"mc-column content-text active-extra-styles \" data-block-type=\"unstyled\" data-block-weight=\"37\" data-block-id=\"5\">\n<p class=\"content-text__container \" data-track-category=\"Link no Texto\" data-track-links=\"\">Em maio deste ano, a Pol\u00edcia Federal cumpriu\u00a0mandados de busca e apreens\u00e3o em endere\u00e7os ligados a Luciano Hang. A opera\u00e7\u00e3o mirou o suposto envolvimento de pol\u00edticos, empres\u00e1rios e blogueiros na dissemina\u00e7\u00e3o de conte\u00fado falso na internet.<\/p>\n<\/div>\n<div class=\"mc-column content-text active-extra-styles \" data-block-type=\"unstyled\" data-block-weight=\"17\" data-block-id=\"6\">\n<p class=\"content-text__container \" data-track-category=\"Link no Texto\" data-track-links=\"\">Na fala aos senadores nesta quarta, o empres\u00e1rio disse que n\u00e3o \u00e9 e &#8220;nunca&#8221; foi contra vacinas. &#8220;Tanto que disponibilizei todos os nossos estacionamentos como pontos de vacina\u00e7\u00e3o. Al\u00e9m disso, juntamente com outros empres\u00e1rios, fizemos campanha para que a inciativa privada pudesse comprar e doar para acelerar o processo de imuniza\u00e7\u00e3o&#8221;, declarou.<\/p>\n<\/div>\n<div class=\"mc-column content-text active-extra-styles \" data-block-type=\"unstyled\" data-block-weight=\"29\" data-block-id=\"8\">\n<p class=\"content-text__container \" data-track-category=\"Link no Texto\" data-track-links=\"\">Segundo Hang, as opini\u00f5es deles s\u00e3o publicadas em redes sociais. &#8220;Como qualquer brasileiro, resguardado pela nossa Constitui\u00e7\u00e3o e pela democracia, n\u00e3o abro m\u00e3o da minha liberdade de express\u00e3o&#8221;, afirmou.<\/p>\n<h3 data-track-category=\"Link no Texto\">As contas no exterior<\/h3>\n<p>O relator Renan Calheiros (MDB-AL) fez o questionamento a Luciano Hang sobre as contas no exterior. O empres\u00e1rio ent\u00e3o, indagou se a resposta deveria ser &#8220;sim&#8221; ou &#8220;n\u00e3o&#8221;.<\/p>\n<div class=\"mc-column content-text active-extra-styles \" data-block-type=\"unstyled\" data-block-weight=\"43\" data-block-id=\"13\">\n<p class=\"content-text__container \" data-track-category=\"Link no Texto\" data-track-links=\"\">O presidente da CPI,\u00a0Omar Aziz\u00a0(PSD-AM), ent\u00e3o, abriu o microfone e afirmou: &#8220;N\u00e3o interessa. Tem ou n\u00e3o tem? Sabe por que ele est\u00e1 perguntando? Porque a gente tem ind\u00edcios de que vossa excel\u00eancia usa suas contas no exterior para financiar fake news&#8221;.<\/p>\n<\/div>\n<div class=\"mc-column content-text active-extra-styles \" data-block-type=\"unstyled\" data-block-weight=\"56\" data-block-id=\"14\">\n<p class=\"content-text__container \" data-track-category=\"Link no Texto\" data-track-links=\"\">Hang, na sequ\u00eancia, se dirigiu a Aziz e declarou: &#8220;N\u00e3o, n\u00e3o. Omar, eu tenho tudo, eu estou tranquilo. Senador, eu tenho todo tempo do mundo para responder a todas as perguntas de maneira l\u00f3gica para quem est\u00e1 nos vendo atr\u00e1s das c\u00e2meras. Tenham a tranquilidade de receber a informa\u00e7\u00e3o correta. Faz a pergunta e eu respondo&#8221;.<\/p>\n<\/div>\n<div class=\"mc-column content-text active-extra-styles \" data-block-type=\"unstyled\" data-block-weight=\"10\" data-block-id=\"15\">\n<p class=\"content-text__container \" data-track-category=\"Link no Texto\" data-track-links=\"\">&#8220;O senhor tem conta no exterior?&#8221;, indagou novamente Renan Calheiros.<\/p>\n<\/div>\n<div class=\"mc-column content-text active-extra-styles \" data-block-type=\"unstyled\" data-block-weight=\"4\" data-block-id=\"16\">\n<p class=\"content-text__container \" data-track-category=\"Link no Texto\" data-track-links=\"\">&#8220;Temos&#8221;, respondeu o empres\u00e1rio.<\/p>\n<\/div>\n<div class=\"mc-column content-text active-extra-styles\" data-block-type=\"raw\" data-block-weight=\"3\" data-block-id=\"17\">\n<div class=\"content-intertitle\">\n<h3>A Havan<\/h3>\n<\/div>\n<\/div>\n<div class=\"mc-column content-text active-extra-styles \" data-block-type=\"unstyled\" data-block-weight=\"44\" data-block-id=\"18\">\n<p class=\"content-text__container \" data-track-category=\"Link no Texto\" data-track-links=\"\">Ainda no depoimento, Luciano Hang disse que a rede Havan \u00e9 conhecida, mas o dono, &#8220;desconhecido&#8221;. Segundo ele, h\u00e1 uma fake news segundo a qual a rede pertence aos filhos do ex-presidente Luiz In\u00e1cio Lula da Silva e \u00e0 filha da ex-presidente Dilma Roussef.<\/p>\n<\/div>\n<div class=\"mc-column content-text active-extra-styles \" data-block-type=\"unstyled\" data-block-weight=\"6\" data-block-id=\"19\">\n<p class=\"content-text__container \" data-track-category=\"Link no Texto\" data-track-links=\"\">&#8220;Quem falava isso?&#8221;, indagou Omar Aziz.<\/p>\n<\/div>\n<div class=\"mc-column content-text active-extra-styles \" data-block-type=\"unstyled\" data-block-weight=\"4\" data-block-id=\"21\">\n<p class=\"content-text__container \" data-track-category=\"Link no Texto\" data-track-links=\"\">&#8220;O povo&#8221;, respondeu Hang.<\/p>\n<\/div>\n<div class=\"mc-column content-text active-extra-styles \" data-block-type=\"unstyled\" data-block-weight=\"10\" data-block-id=\"22\">\n<p class=\"content-text__container \" data-track-category=\"Link no Texto\" data-track-links=\"\">&#8220;O povo n\u00e3o vai inventar uma hist\u00f3ria dessas&#8221;, respondeu Aziz.<\/p>\n<\/div>\n<div class=\"mc-column content-text active-extra-styles \" data-block-type=\"unstyled\" data-block-weight=\"19\" data-block-id=\"23\">\n<p class=\"content-text__container \" data-track-category=\"Link no Texto\" data-track-links=\"\">O senador\u00a0Humberto Costa\u00a0(PT-PE), ent\u00e3o, disse que quem fez a afirma\u00e7\u00e3o foi a deputada bolsonarista Carla Zambelli (PSL-SP).<\/p>\n<\/div>\n<div class=\"mc-column content-text active-extra-styles \" data-block-type=\"unstyled\" data-block-weight=\"13\" data-block-id=\"24\">\n<p class=\"content-text__container \" data-track-category=\"Link no Texto\" data-track-links=\"\">&#8220;\u00c9 isso, Humberto, at\u00e9 a deputada caiu na fake news&#8221;, disse Luciano Hang.<\/p>\n<\/div>\n<div class=\"mc-column content-text active-extra-styles \" data-block-type=\"unstyled\" data-block-weight=\"10\" data-block-id=\"25\">\n<p class=\"content-text__container \" data-track-category=\"Link no Texto\" data-track-links=\"\">&#8220;Ela n\u00e3o caiu, ela criou. \u00c9 diferente&#8221;, respondeu Humberto Costa.<\/p>\n<div class=\"mc-column content-text active-extra-styles\" data-block-type=\"raw\" data-block-weight=\"3\" data-block-id=\"27\">\n<div class=\"content-intertitle\">\n<h2>Morte da m\u00e3e<\/h2>\n<\/div>\n<\/div>\n<div class=\"mc-column content-text active-extra-styles \" data-block-type=\"unstyled\" data-block-weight=\"40\" data-block-id=\"28\">\n<p class=\"content-text__container \" data-track-category=\"Link no Texto\" data-track-links=\"\">O nome de Luciano Hang tamb\u00e9m apareceu, na CPI, durante as investiga\u00e7\u00f5es sobre a operadora de plano de sa\u00fade Prevent Senior. A m\u00e3e do empres\u00e1rio, Regina Hang, falecida em fevereiro ap\u00f3s complica\u00e7\u00f5es da Covid,\u00a0era cliente do plano de sa\u00fade.<\/p>\n<\/div>\n<div class=\"mc-column content-text active-extra-styles \" data-block-type=\"unstyled\" data-block-weight=\"16\" data-block-id=\"29\">\n<p class=\"content-text__container \" data-track-category=\"Link no Texto\" data-track-links=\"\">Durante o depoimento desta quarta, Hang disse que a morte da m\u00e3e dele foi usada politicamente. O presidente da CPI, Omar Aziz, ent\u00e3o, respondeu: &#8220;N\u00e3o fomos n\u00f3s que trouxemos sua genitora para o debate.&#8221;<\/p>\n<h3 data-track-category=\"Link no Texto\">A confus\u00e3o<\/h3>\n<p>Luciano Hang provocou irrita\u00e7\u00e3o na CPI da Covid depois que levou placas com dizeres como: &#8220;N\u00e3o me deixam falar&#8221;. O presidente da comiss\u00e3o, Omar Aziz (PSD-AM), pediu para que as placas fossem retiradas e suspendeu a sess\u00e3o. Omar tamb\u00e9m pediu que um advogado de Hang, que se envolveu em discuss\u00e3o com o senador Rog\u00e9rio Carvalho (PT-SE), deixasse a sess\u00e3o.<\/p>\n<div class=\"wall protected-content\">\n<div class=\"mc-column content-text active-extra-styles \" data-block-type=\"unstyled\" data-block-weight=\"16\" data-block-id=\"2\">\n<p class=\"content-text__container \" data-track-category=\"Link no Texto\" data-track-links=\"\">A sess\u00e3o come\u00e7ou tumultuada e se manteve tensa durante todo o tempo at\u00e9 a suspens\u00e3o. Logo em sua fala inicial, Hang mostrou, com autoriza\u00e7\u00e3o de Omar, um v\u00eddeo sobre sua empresa. Senadores protestaram e argumentaram que se tratava de propaganda.<\/p>\n<p data-track-category=\"Link no Texto\" data-track-links=\"\">Dessa forma a sess\u00e3o est\u00e1 suspensa e os senadores discutem os pr\u00f3ximos passos.<\/p>\n<p data-track-category=\"Link no Texto\" data-track-links=\"\"><strong>LEIA TAMB\u00c9M<\/strong><\/p>\n<p data-track-category=\"Link no Texto\" data-track-links=\"\"><a href=\"https:\/\/redenoticiaz.com.br\/blog\/2021\/09\/28\/cpi-da-covid-advogada-confirma-pacto-negacionista-e-coacao-da-prevent-senior\">CPI da Covid: Advogada confirma pacto negacionista e coa\u00e7\u00e3o da Prevent Senior<\/a><\/p>\n<\/div>\n<\/div>\n<\/div>\n<\/div>\n<\/div>\n","protected":false},"excerpt":{"rendered":"<p>Nesta quarta-feira (29) est\u00e1 ocorrendo o depoimento do empres\u00e1rio Luciano Hang, o dono da rede de lojas Havan, na CPI da Covid. Ele \u00e9 acusado de financiar um esquema de divulgar fake news a favor do presidente Jair Bolsonaro. Mas a sess\u00e3o foi interrompida ap\u00f3s uma enorme confus\u00e3o. Ele come\u00e7ou o depoimento se defendendo das &hellip;<\/p>\n","protected":false},"author":6,"featured_media":15589,"comment_status":"open","ping_status":"closed","sticky":false,"template":"","format":"standard","meta":{"footnotes":""},"categories":[22,15],"tags":[11939,20391,36328,36329,18891,36330],"class_list":["post-15588","post","type-post","status-publish","format-standard","has-post-thumbnail","hentry","category-justica","category-politica","tag-confusao","tag-cpi-da-covid","tag-dono-da-havan","tag-luciano-hang","tag-senado-federal","tag-sessao-suspensa"],"yoast_head":"<!-- This site is optimized with the Yoast SEO plugin v27.5 - https:\/\/yoast.com\/product\/yoast-seo-wordpress\/ -->\n<title>Dono da Havan \u00e9 ouvido na CPI, mas sess\u00e3o \u00e9 suspensa ap\u00f3s tumulto - Litoral SP<\/title>\n<meta name=\"description\" content=\"quarta-feira (29) est\u00e1 ocorrendo o depoimento do empres\u00e1rio Luciano Hang, o dono da rede de lojas Havan, na CPI da Covid. Ele\" \/>\n<meta name=\"robots\" content=\"index, follow, max-snippet:-1, max-image-preview:large, max-video-preview:-1\" \/>\n<link rel=\"canonical\" href=\"https:\/\/redenoticiaz.com.br\/litoralsp\/2021\/09\/29\/dono-da-havan-e-ouvido-na-cpi-mas-sessao-e-suspensa-apos-tumulto\" \/>\n<meta property=\"og:locale\" content=\"pt_BR\" \/>\n<meta property=\"og:type\" content=\"article\" \/>\n<meta property=\"og:title\" content=\"Dono da Havan \u00e9 ouvido na CPI, mas sess\u00e3o \u00e9 suspensa ap\u00f3s tumulto - Litoral SP\" \/>\n<meta property=\"og:description\" content=\"quarta-feira (29) est\u00e1 ocorrendo o depoimento do empres\u00e1rio Luciano Hang, o dono da rede de lojas Havan, na CPI da Covid. Ele\" \/>\n<meta property=\"og:url\" content=\"https:\/\/redenoticiaz.com.br\/litoralsp\/2021\/09\/29\/dono-da-havan-e-ouvido-na-cpi-mas-sessao-e-suspensa-apos-tumulto\" \/>\n<meta property=\"og:site_name\" content=\"Litoral SP\" \/>\n<meta property=\"article:published_time\" content=\"2021-09-29T15:23:54+00:00\" \/>\n<meta property=\"article:modified_time\" content=\"2021-09-29T15:26:54+00:00\" \/>\n<meta property=\"og:image\" content=\"https:\/\/redenoticiaz.com.br\/litoralsp\/wp-content\/uploads\/sites\/3\/2021\/09\/havan.jpg\" \/>\n\t<meta property=\"og:image:width\" content=\"924\" \/>\n\t<meta property=\"og:image:height\" content=\"616\" \/>\n\t<meta property=\"og:image:type\" content=\"image\/jpeg\" \/>\n<meta name=\"author\" content=\"Leonardo Francisco\" \/>\n<meta name=\"twitter:card\" content=\"summary_large_image\" \/>\n<meta name=\"twitter:label1\" content=\"Escrito por\" \/>\n\t<meta name=\"twitter:data1\" content=\"Leonardo Francisco\" \/>\n\t<meta name=\"twitter:label2\" content=\"Est. tempo de leitura\" \/>\n\t<meta name=\"twitter:data2\" content=\"4 minutos\" \/>\n<script type=\"application\/ld+json\" class=\"yoast-schema-graph\">{\"@context\":\"https:\\\/\\\/schema.org\",\"@graph\":[{\"@type\":\"Article\",\"@id\":\"https:\\\/\\\/redenoticiaz.com.br\\\/litoralsp\\\/2021\\\/09\\\/29\\\/dono-da-havan-e-ouvido-na-cpi-mas-sessao-e-suspensa-apos-tumulto#article\",\"isPartOf\":{\"@id\":\"https:\\\/\\\/redenoticiaz.com.br\\\/litoralsp\\\/2021\\\/09\\\/29\\\/dono-da-havan-e-ouvido-na-cpi-mas-sessao-e-suspensa-apos-tumulto\"},\"author\":{\"name\":\"Leonardo Francisco\",\"@id\":\"https:\\\/\\\/redenoticiaz.com.br\\\/litoralsp\\\/#\\\/schema\\\/person\\\/0f0b8a5bdafefe82841e07ae8d81ecb3\"},\"headline\":\"Dono da Havan \u00e9 ouvido na CPI, mas sess\u00e3o \u00e9 suspensa ap\u00f3s tumulto\",\"datePublished\":\"2021-09-29T15:23:54+00:00\",\"dateModified\":\"2021-09-29T15:26:54+00:00\",\"mainEntityOfPage\":{\"@id\":\"https:\\\/\\\/redenoticiaz.com.br\\\/litoralsp\\\/2021\\\/09\\\/29\\\/dono-da-havan-e-ouvido-na-cpi-mas-sessao-e-suspensa-apos-tumulto\"},\"wordCount\":775,\"commentCount\":0,\"publisher\":{\"@id\":\"https:\\\/\\\/redenoticiaz.com.br\\\/litoralsp\\\/#organization\"},\"image\":{\"@id\":\"https:\\\/\\\/redenoticiaz.com.br\\\/litoralsp\\\/2021\\\/09\\\/29\\\/dono-da-havan-e-ouvido-na-cpi-mas-sessao-e-suspensa-apos-tumulto#primaryimage\"},\"thumbnailUrl\":\"https:\\\/\\\/redenoticiaz.com.br\\\/litoralsp\\\/wp-content\\\/uploads\\\/sites\\\/3\\\/2021\\\/09\\\/havan.jpg\",\"keywords\":[\"CONFUS\u00c3O\",\"CPI DA COVID\",\"DONO DA HAVAN\",\"LUCIANO HANG\",\"SENADO FEDERAL\",\"SESS\u00c3O SUSPENSA\"],\"articleSection\":[\"Justi\u00e7a\",\"Pol\u00edtica\"],\"inLanguage\":\"pt-BR\",\"potentialAction\":[{\"@type\":\"CommentAction\",\"name\":\"Comment\",\"target\":[\"https:\\\/\\\/redenoticiaz.com.br\\\/litoralsp\\\/2021\\\/09\\\/29\\\/dono-da-havan-e-ouvido-na-cpi-mas-sessao-e-suspensa-apos-tumulto#respond\"]}]},{\"@type\":\"WebPage\",\"@id\":\"https:\\\/\\\/redenoticiaz.com.br\\\/litoralsp\\\/2021\\\/09\\\/29\\\/dono-da-havan-e-ouvido-na-cpi-mas-sessao-e-suspensa-apos-tumulto\",\"url\":\"https:\\\/\\\/redenoticiaz.com.br\\\/litoralsp\\\/2021\\\/09\\\/29\\\/dono-da-havan-e-ouvido-na-cpi-mas-sessao-e-suspensa-apos-tumulto\",\"name\":\"Dono da Havan \u00e9 ouvido na CPI, mas sess\u00e3o \u00e9 suspensa ap\u00f3s tumulto - Litoral SP\",\"isPartOf\":{\"@id\":\"https:\\\/\\\/redenoticiaz.com.br\\\/litoralsp\\\/#website\"},\"primaryImageOfPage\":{\"@id\":\"https:\\\/\\\/redenoticiaz.com.br\\\/litoralsp\\\/2021\\\/09\\\/29\\\/dono-da-havan-e-ouvido-na-cpi-mas-sessao-e-suspensa-apos-tumulto#primaryimage\"},\"image\":{\"@id\":\"https:\\\/\\\/redenoticiaz.com.br\\\/litoralsp\\\/2021\\\/09\\\/29\\\/dono-da-havan-e-ouvido-na-cpi-mas-sessao-e-suspensa-apos-tumulto#primaryimage\"},\"thumbnailUrl\":\"https:\\\/\\\/redenoticiaz.com.br\\\/litoralsp\\\/wp-content\\\/uploads\\\/sites\\\/3\\\/2021\\\/09\\\/havan.jpg\",\"datePublished\":\"2021-09-29T15:23:54+00:00\",\"dateModified\":\"2021-09-29T15:26:54+00:00\",\"description\":\"quarta-feira (29) est\u00e1 ocorrendo o depoimento do empres\u00e1rio Luciano Hang, o dono da rede de lojas Havan, na CPI da Covid. Ele\",\"inLanguage\":\"pt-BR\",\"potentialAction\":[{\"@type\":\"ReadAction\",\"target\":[\"https:\\\/\\\/redenoticiaz.com.br\\\/litoralsp\\\/2021\\\/09\\\/29\\\/dono-da-havan-e-ouvido-na-cpi-mas-sessao-e-suspensa-apos-tumulto\"]}]},{\"@type\":\"ImageObject\",\"inLanguage\":\"pt-BR\",\"@id\":\"https:\\\/\\\/redenoticiaz.com.br\\\/litoralsp\\\/2021\\\/09\\\/29\\\/dono-da-havan-e-ouvido-na-cpi-mas-sessao-e-suspensa-apos-tumulto#primaryimage\",\"url\":\"https:\\\/\\\/redenoticiaz.com.br\\\/litoralsp\\\/wp-content\\\/uploads\\\/sites\\\/3\\\/2021\\\/09\\\/havan.jpg\",\"contentUrl\":\"https:\\\/\\\/redenoticiaz.com.br\\\/litoralsp\\\/wp-content\\\/uploads\\\/sites\\\/3\\\/2021\\\/09\\\/havan.jpg\",\"width\":924,\"height\":616,\"caption\":\"Bolsonarista responde a financiamentos e a propaga\u00e7\u00e3o de fake news. Cr\u00e9ditos: Repdou\u00e7\u00e3o.\"},{\"@type\":\"WebSite\",\"@id\":\"https:\\\/\\\/redenoticiaz.com.br\\\/litoralsp\\\/#website\",\"url\":\"https:\\\/\\\/redenoticiaz.com.br\\\/litoralsp\\\/\",\"name\":\"Litoral SP\",\"description\":\"Rede NoticiaZ\",\"publisher\":{\"@id\":\"https:\\\/\\\/redenoticiaz.com.br\\\/litoralsp\\\/#organization\"},\"potentialAction\":[{\"@type\":\"SearchAction\",\"target\":{\"@type\":\"EntryPoint\",\"urlTemplate\":\"https:\\\/\\\/redenoticiaz.com.br\\\/litoralsp\\\/?s={search_term_string}\"},\"query-input\":{\"@type\":\"PropertyValueSpecification\",\"valueRequired\":true,\"valueName\":\"search_term_string\"}}],\"inLanguage\":\"pt-BR\"},{\"@type\":\"Organization\",\"@id\":\"https:\\\/\\\/redenoticiaz.com.br\\\/litoralsp\\\/#organization\",\"name\":\"Litoral SP\",\"url\":\"https:\\\/\\\/redenoticiaz.com.br\\\/litoralsp\\\/\",\"logo\":{\"@type\":\"ImageObject\",\"inLanguage\":\"pt-BR\",\"@id\":\"https:\\\/\\\/redenoticiaz.com.br\\\/litoralsp\\\/#\\\/schema\\\/logo\\\/image\\\/\",\"url\":\"https:\\\/\\\/redenoticiaz.com.br\\\/litoralsp\\\/wp-content\\\/uploads\\\/sites\\\/3\\\/2020\\\/11\\\/logo.jpg\",\"contentUrl\":\"https:\\\/\\\/redenoticiaz.com.br\\\/litoralsp\\\/wp-content\\\/uploads\\\/sites\\\/3\\\/2020\\\/11\\\/logo.jpg\",\"width\":400,\"height\":250,\"caption\":\"Litoral SP\"},\"image\":{\"@id\":\"https:\\\/\\\/redenoticiaz.com.br\\\/litoralsp\\\/#\\\/schema\\\/logo\\\/image\\\/\"}},{\"@type\":\"Person\",\"@id\":\"https:\\\/\\\/redenoticiaz.com.br\\\/litoralsp\\\/#\\\/schema\\\/person\\\/0f0b8a5bdafefe82841e07ae8d81ecb3\",\"name\":\"Leonardo Francisco\",\"image\":{\"@type\":\"ImageObject\",\"inLanguage\":\"pt-BR\",\"@id\":\"https:\\\/\\\/secure.gravatar.com\\\/avatar\\\/a7358cb406a99b682ec6df1e77e31ae82e63601f6784e8a3df411d72b37864da?s=96&d=mm&r=g\",\"url\":\"https:\\\/\\\/secure.gravatar.com\\\/avatar\\\/a7358cb406a99b682ec6df1e77e31ae82e63601f6784e8a3df411d72b37864da?s=96&d=mm&r=g\",\"contentUrl\":\"https:\\\/\\\/secure.gravatar.com\\\/avatar\\\/a7358cb406a99b682ec6df1e77e31ae82e63601f6784e8a3df411d72b37864da?s=96&d=mm&r=g\",\"caption\":\"Leonardo Francisco\"},\"url\":\"https:\\\/\\\/redenoticiaz.com.br\\\/litoralsp\\\/author\\\/leonardo-francisco\"}]}<\/script>\n<!-- \/ Yoast SEO plugin. -->","yoast_head_json":{"title":"Dono da Havan \u00e9 ouvido na CPI, mas sess\u00e3o \u00e9 suspensa ap\u00f3s tumulto - Litoral SP","description":"quarta-feira (29) est\u00e1 ocorrendo o depoimento do empres\u00e1rio Luciano Hang, o dono da rede de lojas Havan, na CPI da Covid. Ele","robots":{"index":"index","follow":"follow","max-snippet":"max-snippet:-1","max-image-preview":"max-image-preview:large","max-video-preview":"max-video-preview:-1"},"canonical":"https:\/\/redenoticiaz.com.br\/litoralsp\/2021\/09\/29\/dono-da-havan-e-ouvido-na-cpi-mas-sessao-e-suspensa-apos-tumulto","og_locale":"pt_BR","og_type":"article","og_title":"Dono da Havan \u00e9 ouvido na CPI, mas sess\u00e3o \u00e9 suspensa ap\u00f3s tumulto - Litoral SP","og_description":"quarta-feira (29) est\u00e1 ocorrendo o depoimento do empres\u00e1rio Luciano Hang, o dono da rede de lojas Havan, na CPI da Covid. Ele","og_url":"https:\/\/redenoticiaz.com.br\/litoralsp\/2021\/09\/29\/dono-da-havan-e-ouvido-na-cpi-mas-sessao-e-suspensa-apos-tumulto","og_site_name":"Litoral SP","article_published_time":"2021-09-29T15:23:54+00:00","article_modified_time":"2021-09-29T15:26:54+00:00","og_image":[{"width":924,"height":616,"url":"https:\/\/redenoticiaz.com.br\/litoralsp\/wp-content\/uploads\/sites\/3\/2021\/09\/havan.jpg","type":"image\/jpeg"}],"author":"Leonardo Francisco","twitter_card":"summary_large_image","twitter_misc":{"Escrito por":"Leonardo Francisco","Est. tempo de leitura":"4 minutos"},"schema":{"@context":"https:\/\/schema.org","@graph":[{"@type":"Article","@id":"https:\/\/redenoticiaz.com.br\/litoralsp\/2021\/09\/29\/dono-da-havan-e-ouvido-na-cpi-mas-sessao-e-suspensa-apos-tumulto#article","isPartOf":{"@id":"https:\/\/redenoticiaz.com.br\/litoralsp\/2021\/09\/29\/dono-da-havan-e-ouvido-na-cpi-mas-sessao-e-suspensa-apos-tumulto"},"author":{"name":"Leonardo Francisco","@id":"https:\/\/redenoticiaz.com.br\/litoralsp\/#\/schema\/person\/0f0b8a5bdafefe82841e07ae8d81ecb3"},"headline":"Dono da Havan \u00e9 ouvido na CPI, mas sess\u00e3o \u00e9 suspensa ap\u00f3s tumulto","datePublished":"2021-09-29T15:23:54+00:00","dateModified":"2021-09-29T15:26:54+00:00","mainEntityOfPage":{"@id":"https:\/\/redenoticiaz.com.br\/litoralsp\/2021\/09\/29\/dono-da-havan-e-ouvido-na-cpi-mas-sessao-e-suspensa-apos-tumulto"},"wordCount":775,"commentCount":0,"publisher":{"@id":"https:\/\/redenoticiaz.com.br\/litoralsp\/#organization"},"image":{"@id":"https:\/\/redenoticiaz.com.br\/litoralsp\/2021\/09\/29\/dono-da-havan-e-ouvido-na-cpi-mas-sessao-e-suspensa-apos-tumulto#primaryimage"},"thumbnailUrl":"https:\/\/redenoticiaz.com.br\/litoralsp\/wp-content\/uploads\/sites\/3\/2021\/09\/havan.jpg","keywords":["CONFUS\u00c3O","CPI DA COVID","DONO DA HAVAN","LUCIANO HANG","SENADO FEDERAL","SESS\u00c3O SUSPENSA"],"articleSection":["Justi\u00e7a","Pol\u00edtica"],"inLanguage":"pt-BR","potentialAction":[{"@type":"CommentAction","name":"Comment","target":["https:\/\/redenoticiaz.com.br\/litoralsp\/2021\/09\/29\/dono-da-havan-e-ouvido-na-cpi-mas-sessao-e-suspensa-apos-tumulto#respond"]}]},{"@type":"WebPage","@id":"https:\/\/redenoticiaz.com.br\/litoralsp\/2021\/09\/29\/dono-da-havan-e-ouvido-na-cpi-mas-sessao-e-suspensa-apos-tumulto","url":"https:\/\/redenoticiaz.com.br\/litoralsp\/2021\/09\/29\/dono-da-havan-e-ouvido-na-cpi-mas-sessao-e-suspensa-apos-tumulto","name":"Dono da Havan \u00e9 ouvido na CPI, mas sess\u00e3o \u00e9 suspensa ap\u00f3s tumulto - Litoral SP","isPartOf":{"@id":"https:\/\/redenoticiaz.com.br\/litoralsp\/#website"},"primaryImageOfPage":{"@id":"https:\/\/redenoticiaz.com.br\/litoralsp\/2021\/09\/29\/dono-da-havan-e-ouvido-na-cpi-mas-sessao-e-suspensa-apos-tumulto#primaryimage"},"image":{"@id":"https:\/\/redenoticiaz.com.br\/litoralsp\/2021\/09\/29\/dono-da-havan-e-ouvido-na-cpi-mas-sessao-e-suspensa-apos-tumulto#primaryimage"},"thumbnailUrl":"https:\/\/redenoticiaz.com.br\/litoralsp\/wp-content\/uploads\/sites\/3\/2021\/09\/havan.jpg","datePublished":"2021-09-29T15:23:54+00:00","dateModified":"2021-09-29T15:26:54+00:00","description":"quarta-feira (29) est\u00e1 ocorrendo o depoimento do empres\u00e1rio Luciano Hang, o dono da rede de lojas Havan, na CPI da Covid. Ele","inLanguage":"pt-BR","potentialAction":[{"@type":"ReadAction","target":["https:\/\/redenoticiaz.com.br\/litoralsp\/2021\/09\/29\/dono-da-havan-e-ouvido-na-cpi-mas-sessao-e-suspensa-apos-tumulto"]}]},{"@type":"ImageObject","inLanguage":"pt-BR","@id":"https:\/\/redenoticiaz.com.br\/litoralsp\/2021\/09\/29\/dono-da-havan-e-ouvido-na-cpi-mas-sessao-e-suspensa-apos-tumulto#primaryimage","url":"https:\/\/redenoticiaz.com.br\/litoralsp\/wp-content\/uploads\/sites\/3\/2021\/09\/havan.jpg","contentUrl":"https:\/\/redenoticiaz.com.br\/litoralsp\/wp-content\/uploads\/sites\/3\/2021\/09\/havan.jpg","width":924,"height":616,"caption":"Bolsonarista responde a financiamentos e a propaga\u00e7\u00e3o de fake news. Cr\u00e9ditos: Repdou\u00e7\u00e3o."},{"@type":"WebSite","@id":"https:\/\/redenoticiaz.com.br\/litoralsp\/#website","url":"https:\/\/redenoticiaz.com.br\/litoralsp\/","name":"Litoral SP","description":"Rede NoticiaZ","publisher":{"@id":"https:\/\/redenoticiaz.com.br\/litoralsp\/#organization"},"potentialAction":[{"@type":"SearchAction","target":{"@type":"EntryPoint","urlTemplate":"https:\/\/redenoticiaz.com.br\/litoralsp\/?s={search_term_string}"},"query-input":{"@type":"PropertyValueSpecification","valueRequired":true,"valueName":"search_term_string"}}],"inLanguage":"pt-BR"},{"@type":"Organization","@id":"https:\/\/redenoticiaz.com.br\/litoralsp\/#organization","name":"Litoral SP","url":"https:\/\/redenoticiaz.com.br\/litoralsp\/","logo":{"@type":"ImageObject","inLanguage":"pt-BR","@id":"https:\/\/redenoticiaz.com.br\/litoralsp\/#\/schema\/logo\/image\/","url":"https:\/\/redenoticiaz.com.br\/litoralsp\/wp-content\/uploads\/sites\/3\/2020\/11\/logo.jpg","contentUrl":"https:\/\/redenoticiaz.com.br\/litoralsp\/wp-content\/uploads\/sites\/3\/2020\/11\/logo.jpg","width":400,"height":250,"caption":"Litoral SP"},"image":{"@id":"https:\/\/redenoticiaz.com.br\/litoralsp\/#\/schema\/logo\/image\/"}},{"@type":"Person","@id":"https:\/\/redenoticiaz.com.br\/litoralsp\/#\/schema\/person\/0f0b8a5bdafefe82841e07ae8d81ecb3","name":"Leonardo Francisco","image":{"@type":"ImageObject","inLanguage":"pt-BR","@id":"https:\/\/secure.gravatar.com\/avatar\/a7358cb406a99b682ec6df1e77e31ae82e63601f6784e8a3df411d72b37864da?s=96&d=mm&r=g","url":"https:\/\/secure.gravatar.com\/avatar\/a7358cb406a99b682ec6df1e77e31ae82e63601f6784e8a3df411d72b37864da?s=96&d=mm&r=g","contentUrl":"https:\/\/secure.gravatar.com\/avatar\/a7358cb406a99b682ec6df1e77e31ae82e63601f6784e8a3df411d72b37864da?s=96&d=mm&r=g","caption":"Leonardo Francisco"},"url":"https:\/\/redenoticiaz.com.br\/litoralsp\/author\/leonardo-francisco"}]}},"_links":{"self":[{"href":"https:\/\/redenoticiaz.com.br\/litoralsp\/wp-json\/wp\/v2\/posts\/15588","targetHints":{"allow":["GET"]}}],"collection":[{"href":"https:\/\/redenoticiaz.com.br\/litoralsp\/wp-json\/wp\/v2\/posts"}],"about":[{"href":"https:\/\/redenoticiaz.com.br\/litoralsp\/wp-json\/wp\/v2\/types\/post"}],"author":[{"embeddable":true,"href":"https:\/\/redenoticiaz.com.br\/litoralsp\/wp-json\/wp\/v2\/users\/6"}],"replies":[{"embeddable":true,"href":"https:\/\/redenoticiaz.com.br\/litoralsp\/wp-json\/wp\/v2\/comments?post=15588"}],"version-history":[{"count":1,"href":"https:\/\/redenoticiaz.com.br\/litoralsp\/wp-json\/wp\/v2\/posts\/15588\/revisions"}],"predecessor-version":[{"id":15590,"href":"https:\/\/redenoticiaz.com.br\/litoralsp\/wp-json\/wp\/v2\/posts\/15588\/revisions\/15590"}],"wp:featuredmedia":[{"embeddable":true,"href":"https:\/\/redenoticiaz.com.br\/litoralsp\/wp-json\/wp\/v2\/media\/15589"}],"wp:attachment":[{"href":"https:\/\/redenoticiaz.com.br\/litoralsp\/wp-json\/wp\/v2\/media?parent=15588"}],"wp:term":[{"taxonomy":"category","embeddable":true,"href":"https:\/\/redenoticiaz.com.br\/litoralsp\/wp-json\/wp\/v2\/categories?post=15588"},{"taxonomy":"post_tag","embeddable":true,"href":"https:\/\/redenoticiaz.com.br\/litoralsp\/wp-json\/wp\/v2\/tags?post=15588"}],"curies":[{"name":"wp","href":"https:\/\/api.w.org\/{rel}","templated":true}]}}