{"id":15591,"date":"2021-09-29T13:20:45","date_gmt":"2021-09-29T16:20:45","guid":{"rendered":"https:\/\/redenoticiaz.com.br\/litoralsp\/?p=15591"},"modified":"2021-09-29T13:21:28","modified_gmt":"2021-09-29T16:21:28","slug":"viuva-acusada-de-matar-o-marido-em-sao-sebastiao-e-condenada-a-18-anos-de-prisao","status":"publish","type":"post","link":"https:\/\/redenoticiaz.com.br\/litoralsp\/2021\/09\/29\/viuva-acusada-de-matar-o-marido-em-sao-sebastiao-e-condenada-a-18-anos-de-prisao","title":{"rendered":"Vi\u00fava acusada de matar o marido em S\u00e3o Sebasti\u00e3o \u00e9 condenada a 18 anos de pris\u00e3o"},"content":{"rendered":"<p>Somente nesta quarta-feira (29) que acabou o j\u00fari popular em <a href=\"http:\/\/www.saosebastiao.sp.gov.br\/\">S\u00e3o Sebasti\u00e3o<\/a> e culminou com a condena\u00e7\u00e3o de Paula Regina Martins Sant&#8217;anna. Ela foi condenada a cumprir 18 anos e 8 meses de pris\u00e3o em regime inicial fechado pelo\u00a0assassinato do marido em outubro de 2018. A senten\u00e7a foi dada na madrugada desta quarta-feira (29) ap\u00f3s dois dias de julgamento. A defesa da <strong>vi\u00fava<\/strong> informou que vai recorrer.<\/p>\n<p>O crime aconteceu em 2018 na casa em que Wesley Augusto Sant\u2019anna morava com Paula no bairro Varadouro. Foi Paula quem acionou a pol\u00edcia ap\u00f3s ouvir o barulho do tiro e movimenta\u00e7\u00e3o no quintal da casa.<\/p>\n<div class=\"mc-column content-text active-extra-styles \" data-block-type=\"unstyled\" data-block-weight=\"42\" data-block-id=\"5\">\n<p class=\"content-text__container \" data-track-category=\"Link no Texto\" data-track-links=\"\">Quando a pol\u00edcia chegou ao local, encontrou o homem no sof\u00e1 com um tiro na cabe\u00e7a. Ele j\u00e1 estava morto. A v\u00edtima ocupava, na \u00e9poca do homic\u00eddio, o cargo de chefe da Divis\u00e3o de Fiscaliza\u00e7\u00e3o Obras Particulares na Prefeitura de S\u00e3o Sebasti\u00e3o.<\/p>\n<\/div>\n<div class=\"mc-column content-text active-extra-styles \" data-block-type=\"unstyled\" data-block-weight=\"45\" data-block-id=\"6\">\n<p class=\"content-text__container \" data-track-category=\"Link no Texto\" data-track-links=\"\">Os investigadores desconfiaram da mulher depois que viram troca de mensagens no celular dela com o acusado de ser o executor do crime. Para eles, a motiva\u00e7\u00e3o da dupla foi financeira &#8211; a mulher fez movimenta\u00e7\u00f5es da conta do marido ap\u00f3s a morte dele.<\/p>\n<\/div>\n<div class=\"content-ads content-ads--reveal\" data-block-type=\"ads\" data-block-id=\"7\"><\/div>\n<div class=\"mc-column content-text active-extra-styles \" data-block-type=\"unstyled\" data-block-weight=\"38\" data-block-id=\"8\">\n<p class=\"content-text__container \" data-track-category=\"Link no Texto\" data-track-links=\"\">Na \u00e9poca do crime, Robson se\u00a0entregou a pol\u00edcia horas ap\u00f3s o mandado\u00a0de pris\u00e3o ser expedido, em novembro. A pol\u00edcia localizou o suspeito por meio de imagens de c\u00e2meras de seguran\u00e7a. Paula foi presa um m\u00eas depois.<\/p>\n<h3 data-track-category=\"Link no Texto\">Acusada est\u00e1 presa<\/h3>\n<p>A mulher est\u00e1 presa desde a \u00e9poca do crime. Al\u00e9m da vi\u00fava, que foi condenada nesta quarta, um homem apontado como amante de Paula e executor do assassinato \u00e9 acusado pelo crime. Robson de Souza seria julgado com Paula, mas o processo dele foi desmembrado ap\u00f3s a defesa apresentar um atestado m\u00e9dico.<\/p>\n<p>Os advogados de defesa da acusada do assassinaram disseram que respeitam a decis\u00e3o do j\u00fari. Mas entendem que &#8220;a decis\u00e3o se mostrou contr\u00e1ria \u00e0 decis\u00e3o dos autos \u00e0s quais n\u00e3o foram conclusivas em demonstrar a participa\u00e7\u00e3o da Paula no crime&#8221;. A defesa vai recorrer da senten\u00e7a.<\/p>\n<p>J\u00e1 a defesa de Robson Souza n\u00e3o se manifestou sobre o caso.<\/p>\n<p><strong>LEIA TAMB\u00c9M<\/strong><\/p>\n<p><a href=\"https:\/\/redenoticiaz.com.br\/litoralsp\/2021\/09\/28\/idoso-e-morto-dentro-da-propria-casa\">Idoso \u00e9 morto dentro da pr\u00f3pria casa<\/a><\/p>\n<\/div>\n","protected":false},"excerpt":{"rendered":"<p>Somente nesta quarta-feira (29) que acabou o j\u00fari popular em S\u00e3o Sebasti\u00e3o e culminou com a condena\u00e7\u00e3o de Paula Regina Martins Sant&#8217;anna. Ela foi condenada a cumprir 18 anos e 8 meses de pris\u00e3o em regime inicial fechado pelo\u00a0assassinato do marido em outubro de 2018. A senten\u00e7a foi dada na madrugada desta quarta-feira (29) ap\u00f3s &hellip;<\/p>\n","protected":false},"author":6,"featured_media":15592,"comment_status":"open","ping_status":"closed","sticky":false,"template":"","format":"standard","meta":{"footnotes":""},"categories":[22,188],"tags":[33316,36344,7487,3707,36343],"class_list":["post-15591","post","type-post","status-publish","format-standard","has-post-thumbnail","hentry","category-justica","category-sao-sebastiao","tag-juri-popular","tag-morte-do-marido","tag-mulher-presa","tag-sao-sebastiao","tag-viuva-condenada"],"yoast_head":"<!-- This site is optimized with the Yoast SEO plugin v27.5 - https:\/\/yoast.com\/product\/yoast-seo-wordpress\/ -->\n<title>Vi\u00fava acusada de matar o marido em S\u00e3o Sebasti\u00e3o \u00e9 condenada a 18 anos de pris\u00e3o - Litoral SP<\/title>\n<meta name=\"description\" content=\"Somente nesta quarta-feira (29) que acabou o j\u00fari popular em S\u00e3o Sebasti\u00e3o e culminou com a condena\u00e7\u00e3o de Paula Regina Martins Sant&#039;anna.\" \/>\n<meta name=\"robots\" content=\"index, follow, max-snippet:-1, max-image-preview:large, max-video-preview:-1\" \/>\n<link rel=\"canonical\" href=\"https:\/\/redenoticiaz.com.br\/litoralsp\/2021\/09\/29\/viuva-acusada-de-matar-o-marido-em-sao-sebastiao-e-condenada-a-18-anos-de-prisao\" \/>\n<meta property=\"og:locale\" content=\"pt_BR\" \/>\n<meta property=\"og:type\" content=\"article\" \/>\n<meta property=\"og:title\" content=\"Vi\u00fava acusada de matar o marido em S\u00e3o Sebasti\u00e3o \u00e9 condenada a 18 anos de pris\u00e3o - Litoral SP\" \/>\n<meta property=\"og:description\" content=\"Somente nesta quarta-feira (29) que acabou o j\u00fari popular em S\u00e3o Sebasti\u00e3o e culminou com a condena\u00e7\u00e3o de Paula Regina Martins Sant&#039;anna.\" \/>\n<meta property=\"og:url\" content=\"https:\/\/redenoticiaz.com.br\/litoralsp\/2021\/09\/29\/viuva-acusada-de-matar-o-marido-em-sao-sebastiao-e-condenada-a-18-anos-de-prisao\" \/>\n<meta property=\"og:site_name\" content=\"Litoral SP\" \/>\n<meta property=\"article:published_time\" content=\"2021-09-29T16:20:45+00:00\" \/>\n<meta property=\"article:modified_time\" content=\"2021-09-29T16:21:28+00:00\" \/>\n<meta property=\"og:image\" content=\"https:\/\/redenoticiaz.com.br\/litoralsp\/wp-content\/uploads\/sites\/3\/2021\/09\/vitima.jpg\" \/>\n\t<meta property=\"og:image:width\" content=\"984\" \/>\n\t<meta property=\"og:image:height\" content=\"883\" \/>\n\t<meta property=\"og:image:type\" content=\"image\/jpeg\" \/>\n<meta name=\"author\" content=\"Leonardo Francisco\" \/>\n<meta name=\"twitter:card\" content=\"summary_large_image\" \/>\n<meta name=\"twitter:label1\" content=\"Escrito por\" \/>\n\t<meta name=\"twitter:data1\" content=\"Leonardo Francisco\" \/>\n\t<meta name=\"twitter:label2\" content=\"Est. tempo de leitura\" \/>\n\t<meta name=\"twitter:data2\" content=\"2 minutos\" \/>\n<script type=\"application\/ld+json\" class=\"yoast-schema-graph\">{\"@context\":\"https:\\\/\\\/schema.org\",\"@graph\":[{\"@type\":\"Article\",\"@id\":\"https:\\\/\\\/redenoticiaz.com.br\\\/litoralsp\\\/2021\\\/09\\\/29\\\/viuva-acusada-de-matar-o-marido-em-sao-sebastiao-e-condenada-a-18-anos-de-prisao#article\",\"isPartOf\":{\"@id\":\"https:\\\/\\\/redenoticiaz.com.br\\\/litoralsp\\\/2021\\\/09\\\/29\\\/viuva-acusada-de-matar-o-marido-em-sao-sebastiao-e-condenada-a-18-anos-de-prisao\"},\"author\":{\"name\":\"Leonardo Francisco\",\"@id\":\"https:\\\/\\\/redenoticiaz.com.br\\\/litoralsp\\\/#\\\/schema\\\/person\\\/0f0b8a5bdafefe82841e07ae8d81ecb3\"},\"headline\":\"Vi\u00fava acusada de matar o marido em S\u00e3o Sebasti\u00e3o \u00e9 condenada a 18 anos de pris\u00e3o\",\"datePublished\":\"2021-09-29T16:20:45+00:00\",\"dateModified\":\"2021-09-29T16:21:28+00:00\",\"mainEntityOfPage\":{\"@id\":\"https:\\\/\\\/redenoticiaz.com.br\\\/litoralsp\\\/2021\\\/09\\\/29\\\/viuva-acusada-de-matar-o-marido-em-sao-sebastiao-e-condenada-a-18-anos-de-prisao\"},\"wordCount\":405,\"commentCount\":0,\"publisher\":{\"@id\":\"https:\\\/\\\/redenoticiaz.com.br\\\/litoralsp\\\/#organization\"},\"image\":{\"@id\":\"https:\\\/\\\/redenoticiaz.com.br\\\/litoralsp\\\/2021\\\/09\\\/29\\\/viuva-acusada-de-matar-o-marido-em-sao-sebastiao-e-condenada-a-18-anos-de-prisao#primaryimage\"},\"thumbnailUrl\":\"https:\\\/\\\/redenoticiaz.com.br\\\/litoralsp\\\/wp-content\\\/uploads\\\/sites\\\/3\\\/2021\\\/09\\\/vitima.jpg\",\"keywords\":[\"J\u00daRI POPULAR\",\"MORTE DO MARIDO\",\"MULHER PRESA\",\"S\u00c3O SEBASTI\u00c3O\",\"VI\u00daVA CONDENADA\"],\"articleSection\":[\"Justi\u00e7a\",\"S\u00e3o Sebasti\u00e3o\"],\"inLanguage\":\"pt-BR\",\"potentialAction\":[{\"@type\":\"CommentAction\",\"name\":\"Comment\",\"target\":[\"https:\\\/\\\/redenoticiaz.com.br\\\/litoralsp\\\/2021\\\/09\\\/29\\\/viuva-acusada-de-matar-o-marido-em-sao-sebastiao-e-condenada-a-18-anos-de-prisao#respond\"]}]},{\"@type\":\"WebPage\",\"@id\":\"https:\\\/\\\/redenoticiaz.com.br\\\/litoralsp\\\/2021\\\/09\\\/29\\\/viuva-acusada-de-matar-o-marido-em-sao-sebastiao-e-condenada-a-18-anos-de-prisao\",\"url\":\"https:\\\/\\\/redenoticiaz.com.br\\\/litoralsp\\\/2021\\\/09\\\/29\\\/viuva-acusada-de-matar-o-marido-em-sao-sebastiao-e-condenada-a-18-anos-de-prisao\",\"name\":\"Vi\u00fava acusada de matar o marido em S\u00e3o Sebasti\u00e3o \u00e9 condenada a 18 anos de pris\u00e3o - Litoral SP\",\"isPartOf\":{\"@id\":\"https:\\\/\\\/redenoticiaz.com.br\\\/litoralsp\\\/#website\"},\"primaryImageOfPage\":{\"@id\":\"https:\\\/\\\/redenoticiaz.com.br\\\/litoralsp\\\/2021\\\/09\\\/29\\\/viuva-acusada-de-matar-o-marido-em-sao-sebastiao-e-condenada-a-18-anos-de-prisao#primaryimage\"},\"image\":{\"@id\":\"https:\\\/\\\/redenoticiaz.com.br\\\/litoralsp\\\/2021\\\/09\\\/29\\\/viuva-acusada-de-matar-o-marido-em-sao-sebastiao-e-condenada-a-18-anos-de-prisao#primaryimage\"},\"thumbnailUrl\":\"https:\\\/\\\/redenoticiaz.com.br\\\/litoralsp\\\/wp-content\\\/uploads\\\/sites\\\/3\\\/2021\\\/09\\\/vitima.jpg\",\"datePublished\":\"2021-09-29T16:20:45+00:00\",\"dateModified\":\"2021-09-29T16:21:28+00:00\",\"description\":\"Somente nesta quarta-feira (29) que acabou o j\u00fari popular em S\u00e3o Sebasti\u00e3o e culminou com a condena\u00e7\u00e3o de Paula Regina Martins Sant'anna.\",\"inLanguage\":\"pt-BR\",\"potentialAction\":[{\"@type\":\"ReadAction\",\"target\":[\"https:\\\/\\\/redenoticiaz.com.br\\\/litoralsp\\\/2021\\\/09\\\/29\\\/viuva-acusada-de-matar-o-marido-em-sao-sebastiao-e-condenada-a-18-anos-de-prisao\"]}]},{\"@type\":\"ImageObject\",\"inLanguage\":\"pt-BR\",\"@id\":\"https:\\\/\\\/redenoticiaz.com.br\\\/litoralsp\\\/2021\\\/09\\\/29\\\/viuva-acusada-de-matar-o-marido-em-sao-sebastiao-e-condenada-a-18-anos-de-prisao#primaryimage\",\"url\":\"https:\\\/\\\/redenoticiaz.com.br\\\/litoralsp\\\/wp-content\\\/uploads\\\/sites\\\/3\\\/2021\\\/09\\\/vitima.jpg\",\"contentUrl\":\"https:\\\/\\\/redenoticiaz.com.br\\\/litoralsp\\\/wp-content\\\/uploads\\\/sites\\\/3\\\/2021\\\/09\\\/vitima.jpg\",\"width\":984,\"height\":883,\"caption\":\"Cr\u00e9ditos: Arquivo Pessoal.\"},{\"@type\":\"WebSite\",\"@id\":\"https:\\\/\\\/redenoticiaz.com.br\\\/litoralsp\\\/#website\",\"url\":\"https:\\\/\\\/redenoticiaz.com.br\\\/litoralsp\\\/\",\"name\":\"Litoral SP\",\"description\":\"Rede NoticiaZ\",\"publisher\":{\"@id\":\"https:\\\/\\\/redenoticiaz.com.br\\\/litoralsp\\\/#organization\"},\"potentialAction\":[{\"@type\":\"SearchAction\",\"target\":{\"@type\":\"EntryPoint\",\"urlTemplate\":\"https:\\\/\\\/redenoticiaz.com.br\\\/litoralsp\\\/?s={search_term_string}\"},\"query-input\":{\"@type\":\"PropertyValueSpecification\",\"valueRequired\":true,\"valueName\":\"search_term_string\"}}],\"inLanguage\":\"pt-BR\"},{\"@type\":\"Organization\",\"@id\":\"https:\\\/\\\/redenoticiaz.com.br\\\/litoralsp\\\/#organization\",\"name\":\"Litoral SP\",\"url\":\"https:\\\/\\\/redenoticiaz.com.br\\\/litoralsp\\\/\",\"logo\":{\"@type\":\"ImageObject\",\"inLanguage\":\"pt-BR\",\"@id\":\"https:\\\/\\\/redenoticiaz.com.br\\\/litoralsp\\\/#\\\/schema\\\/logo\\\/image\\\/\",\"url\":\"https:\\\/\\\/redenoticiaz.com.br\\\/litoralsp\\\/wp-content\\\/uploads\\\/sites\\\/3\\\/2020\\\/11\\\/logo.jpg\",\"contentUrl\":\"https:\\\/\\\/redenoticiaz.com.br\\\/litoralsp\\\/wp-content\\\/uploads\\\/sites\\\/3\\\/2020\\\/11\\\/logo.jpg\",\"width\":400,\"height\":250,\"caption\":\"Litoral SP\"},\"image\":{\"@id\":\"https:\\\/\\\/redenoticiaz.com.br\\\/litoralsp\\\/#\\\/schema\\\/logo\\\/image\\\/\"}},{\"@type\":\"Person\",\"@id\":\"https:\\\/\\\/redenoticiaz.com.br\\\/litoralsp\\\/#\\\/schema\\\/person\\\/0f0b8a5bdafefe82841e07ae8d81ecb3\",\"name\":\"Leonardo Francisco\",\"image\":{\"@type\":\"ImageObject\",\"inLanguage\":\"pt-BR\",\"@id\":\"https:\\\/\\\/secure.gravatar.com\\\/avatar\\\/a7358cb406a99b682ec6df1e77e31ae82e63601f6784e8a3df411d72b37864da?s=96&d=mm&r=g\",\"url\":\"https:\\\/\\\/secure.gravatar.com\\\/avatar\\\/a7358cb406a99b682ec6df1e77e31ae82e63601f6784e8a3df411d72b37864da?s=96&d=mm&r=g\",\"contentUrl\":\"https:\\\/\\\/secure.gravatar.com\\\/avatar\\\/a7358cb406a99b682ec6df1e77e31ae82e63601f6784e8a3df411d72b37864da?s=96&d=mm&r=g\",\"caption\":\"Leonardo Francisco\"},\"url\":\"https:\\\/\\\/redenoticiaz.com.br\\\/litoralsp\\\/author\\\/leonardo-francisco\"}]}<\/script>\n<!-- \/ Yoast SEO plugin. -->","yoast_head_json":{"title":"Vi\u00fava acusada de matar o marido em S\u00e3o Sebasti\u00e3o \u00e9 condenada a 18 anos de pris\u00e3o - Litoral SP","description":"Somente nesta quarta-feira (29) que acabou o j\u00fari popular em S\u00e3o Sebasti\u00e3o e culminou com a condena\u00e7\u00e3o de Paula Regina Martins Sant'anna.","robots":{"index":"index","follow":"follow","max-snippet":"max-snippet:-1","max-image-preview":"max-image-preview:large","max-video-preview":"max-video-preview:-1"},"canonical":"https:\/\/redenoticiaz.com.br\/litoralsp\/2021\/09\/29\/viuva-acusada-de-matar-o-marido-em-sao-sebastiao-e-condenada-a-18-anos-de-prisao","og_locale":"pt_BR","og_type":"article","og_title":"Vi\u00fava acusada de matar o marido em S\u00e3o Sebasti\u00e3o \u00e9 condenada a 18 anos de pris\u00e3o - Litoral SP","og_description":"Somente nesta quarta-feira (29) que acabou o j\u00fari popular em S\u00e3o Sebasti\u00e3o e culminou com a condena\u00e7\u00e3o de Paula Regina Martins Sant'anna.","og_url":"https:\/\/redenoticiaz.com.br\/litoralsp\/2021\/09\/29\/viuva-acusada-de-matar-o-marido-em-sao-sebastiao-e-condenada-a-18-anos-de-prisao","og_site_name":"Litoral SP","article_published_time":"2021-09-29T16:20:45+00:00","article_modified_time":"2021-09-29T16:21:28+00:00","og_image":[{"width":984,"height":883,"url":"https:\/\/redenoticiaz.com.br\/litoralsp\/wp-content\/uploads\/sites\/3\/2021\/09\/vitima.jpg","type":"image\/jpeg"}],"author":"Leonardo Francisco","twitter_card":"summary_large_image","twitter_misc":{"Escrito por":"Leonardo Francisco","Est. tempo de leitura":"2 minutos"},"schema":{"@context":"https:\/\/schema.org","@graph":[{"@type":"Article","@id":"https:\/\/redenoticiaz.com.br\/litoralsp\/2021\/09\/29\/viuva-acusada-de-matar-o-marido-em-sao-sebastiao-e-condenada-a-18-anos-de-prisao#article","isPartOf":{"@id":"https:\/\/redenoticiaz.com.br\/litoralsp\/2021\/09\/29\/viuva-acusada-de-matar-o-marido-em-sao-sebastiao-e-condenada-a-18-anos-de-prisao"},"author":{"name":"Leonardo Francisco","@id":"https:\/\/redenoticiaz.com.br\/litoralsp\/#\/schema\/person\/0f0b8a5bdafefe82841e07ae8d81ecb3"},"headline":"Vi\u00fava acusada de matar o marido em S\u00e3o Sebasti\u00e3o \u00e9 condenada a 18 anos de pris\u00e3o","datePublished":"2021-09-29T16:20:45+00:00","dateModified":"2021-09-29T16:21:28+00:00","mainEntityOfPage":{"@id":"https:\/\/redenoticiaz.com.br\/litoralsp\/2021\/09\/29\/viuva-acusada-de-matar-o-marido-em-sao-sebastiao-e-condenada-a-18-anos-de-prisao"},"wordCount":405,"commentCount":0,"publisher":{"@id":"https:\/\/redenoticiaz.com.br\/litoralsp\/#organization"},"image":{"@id":"https:\/\/redenoticiaz.com.br\/litoralsp\/2021\/09\/29\/viuva-acusada-de-matar-o-marido-em-sao-sebastiao-e-condenada-a-18-anos-de-prisao#primaryimage"},"thumbnailUrl":"https:\/\/redenoticiaz.com.br\/litoralsp\/wp-content\/uploads\/sites\/3\/2021\/09\/vitima.jpg","keywords":["J\u00daRI POPULAR","MORTE DO MARIDO","MULHER PRESA","S\u00c3O SEBASTI\u00c3O","VI\u00daVA CONDENADA"],"articleSection":["Justi\u00e7a","S\u00e3o Sebasti\u00e3o"],"inLanguage":"pt-BR","potentialAction":[{"@type":"CommentAction","name":"Comment","target":["https:\/\/redenoticiaz.com.br\/litoralsp\/2021\/09\/29\/viuva-acusada-de-matar-o-marido-em-sao-sebastiao-e-condenada-a-18-anos-de-prisao#respond"]}]},{"@type":"WebPage","@id":"https:\/\/redenoticiaz.com.br\/litoralsp\/2021\/09\/29\/viuva-acusada-de-matar-o-marido-em-sao-sebastiao-e-condenada-a-18-anos-de-prisao","url":"https:\/\/redenoticiaz.com.br\/litoralsp\/2021\/09\/29\/viuva-acusada-de-matar-o-marido-em-sao-sebastiao-e-condenada-a-18-anos-de-prisao","name":"Vi\u00fava acusada de matar o marido em S\u00e3o Sebasti\u00e3o \u00e9 condenada a 18 anos de pris\u00e3o - Litoral SP","isPartOf":{"@id":"https:\/\/redenoticiaz.com.br\/litoralsp\/#website"},"primaryImageOfPage":{"@id":"https:\/\/redenoticiaz.com.br\/litoralsp\/2021\/09\/29\/viuva-acusada-de-matar-o-marido-em-sao-sebastiao-e-condenada-a-18-anos-de-prisao#primaryimage"},"image":{"@id":"https:\/\/redenoticiaz.com.br\/litoralsp\/2021\/09\/29\/viuva-acusada-de-matar-o-marido-em-sao-sebastiao-e-condenada-a-18-anos-de-prisao#primaryimage"},"thumbnailUrl":"https:\/\/redenoticiaz.com.br\/litoralsp\/wp-content\/uploads\/sites\/3\/2021\/09\/vitima.jpg","datePublished":"2021-09-29T16:20:45+00:00","dateModified":"2021-09-29T16:21:28+00:00","description":"Somente nesta quarta-feira (29) que acabou o j\u00fari popular em S\u00e3o Sebasti\u00e3o e culminou com a condena\u00e7\u00e3o de Paula Regina Martins Sant'anna.","inLanguage":"pt-BR","potentialAction":[{"@type":"ReadAction","target":["https:\/\/redenoticiaz.com.br\/litoralsp\/2021\/09\/29\/viuva-acusada-de-matar-o-marido-em-sao-sebastiao-e-condenada-a-18-anos-de-prisao"]}]},{"@type":"ImageObject","inLanguage":"pt-BR","@id":"https:\/\/redenoticiaz.com.br\/litoralsp\/2021\/09\/29\/viuva-acusada-de-matar-o-marido-em-sao-sebastiao-e-condenada-a-18-anos-de-prisao#primaryimage","url":"https:\/\/redenoticiaz.com.br\/litoralsp\/wp-content\/uploads\/sites\/3\/2021\/09\/vitima.jpg","contentUrl":"https:\/\/redenoticiaz.com.br\/litoralsp\/wp-content\/uploads\/sites\/3\/2021\/09\/vitima.jpg","width":984,"height":883,"caption":"Cr\u00e9ditos: Arquivo Pessoal."},{"@type":"WebSite","@id":"https:\/\/redenoticiaz.com.br\/litoralsp\/#website","url":"https:\/\/redenoticiaz.com.br\/litoralsp\/","name":"Litoral SP","description":"Rede NoticiaZ","publisher":{"@id":"https:\/\/redenoticiaz.com.br\/litoralsp\/#organization"},"potentialAction":[{"@type":"SearchAction","target":{"@type":"EntryPoint","urlTemplate":"https:\/\/redenoticiaz.com.br\/litoralsp\/?s={search_term_string}"},"query-input":{"@type":"PropertyValueSpecification","valueRequired":true,"valueName":"search_term_string"}}],"inLanguage":"pt-BR"},{"@type":"Organization","@id":"https:\/\/redenoticiaz.com.br\/litoralsp\/#organization","name":"Litoral SP","url":"https:\/\/redenoticiaz.com.br\/litoralsp\/","logo":{"@type":"ImageObject","inLanguage":"pt-BR","@id":"https:\/\/redenoticiaz.com.br\/litoralsp\/#\/schema\/logo\/image\/","url":"https:\/\/redenoticiaz.com.br\/litoralsp\/wp-content\/uploads\/sites\/3\/2020\/11\/logo.jpg","contentUrl":"https:\/\/redenoticiaz.com.br\/litoralsp\/wp-content\/uploads\/sites\/3\/2020\/11\/logo.jpg","width":400,"height":250,"caption":"Litoral SP"},"image":{"@id":"https:\/\/redenoticiaz.com.br\/litoralsp\/#\/schema\/logo\/image\/"}},{"@type":"Person","@id":"https:\/\/redenoticiaz.com.br\/litoralsp\/#\/schema\/person\/0f0b8a5bdafefe82841e07ae8d81ecb3","name":"Leonardo Francisco","image":{"@type":"ImageObject","inLanguage":"pt-BR","@id":"https:\/\/secure.gravatar.com\/avatar\/a7358cb406a99b682ec6df1e77e31ae82e63601f6784e8a3df411d72b37864da?s=96&d=mm&r=g","url":"https:\/\/secure.gravatar.com\/avatar\/a7358cb406a99b682ec6df1e77e31ae82e63601f6784e8a3df411d72b37864da?s=96&d=mm&r=g","contentUrl":"https:\/\/secure.gravatar.com\/avatar\/a7358cb406a99b682ec6df1e77e31ae82e63601f6784e8a3df411d72b37864da?s=96&d=mm&r=g","caption":"Leonardo Francisco"},"url":"https:\/\/redenoticiaz.com.br\/litoralsp\/author\/leonardo-francisco"}]}},"_links":{"self":[{"href":"https:\/\/redenoticiaz.com.br\/litoralsp\/wp-json\/wp\/v2\/posts\/15591","targetHints":{"allow":["GET"]}}],"collection":[{"href":"https:\/\/redenoticiaz.com.br\/litoralsp\/wp-json\/wp\/v2\/posts"}],"about":[{"href":"https:\/\/redenoticiaz.com.br\/litoralsp\/wp-json\/wp\/v2\/types\/post"}],"author":[{"embeddable":true,"href":"https:\/\/redenoticiaz.com.br\/litoralsp\/wp-json\/wp\/v2\/users\/6"}],"replies":[{"embeddable":true,"href":"https:\/\/redenoticiaz.com.br\/litoralsp\/wp-json\/wp\/v2\/comments?post=15591"}],"version-history":[{"count":1,"href":"https:\/\/redenoticiaz.com.br\/litoralsp\/wp-json\/wp\/v2\/posts\/15591\/revisions"}],"predecessor-version":[{"id":15593,"href":"https:\/\/redenoticiaz.com.br\/litoralsp\/wp-json\/wp\/v2\/posts\/15591\/revisions\/15593"}],"wp:featuredmedia":[{"embeddable":true,"href":"https:\/\/redenoticiaz.com.br\/litoralsp\/wp-json\/wp\/v2\/media\/15592"}],"wp:attachment":[{"href":"https:\/\/redenoticiaz.com.br\/litoralsp\/wp-json\/wp\/v2\/media?parent=15591"}],"wp:term":[{"taxonomy":"category","embeddable":true,"href":"https:\/\/redenoticiaz.com.br\/litoralsp\/wp-json\/wp\/v2\/categories?post=15591"},{"taxonomy":"post_tag","embeddable":true,"href":"https:\/\/redenoticiaz.com.br\/litoralsp\/wp-json\/wp\/v2\/tags?post=15591"}],"curies":[{"name":"wp","href":"https:\/\/api.w.org\/{rel}","templated":true}]}}