{"id":15644,"date":"2021-09-29T20:49:20","date_gmt":"2021-09-29T23:49:20","guid":{"rendered":"https:\/\/redenoticiaz.com.br\/litoralsp\/2021\/09\/29\/luciano-hang-volta-a-ser-ouvido-na-cpi-da-covid"},"modified":"2021-09-29T20:55:42","modified_gmt":"2021-09-29T23:55:42","slug":"luciano-hang-volta-a-ser-ouvido-na-cpi-da-covid","status":"publish","type":"post","link":"https:\/\/redenoticiaz.com.br\/litoralsp\/2021\/09\/29\/luciano-hang-volta-a-ser-ouvido-na-cpi-da-covid","title":{"rendered":"Luciano Hang volta a ser ouvido na CPI da Covid"},"content":{"rendered":"<p>Depois do tumulto nesta quarta-feira (29) na <a href=\"https:\/\/www12.senado.leg.br\/hpsenado\">CPI da Covid<\/a>, o empres\u00e1rio <strong>Luciano Hang<\/strong> voltou a ser ouvido e deu depoimento. Ele contou que s\u00f3 soube pela CPI que a Prevent Senior omitiu a Covid do atestado de \u00f3bito da m\u00e3e dele.<\/p>\n<p>O dono da rede de lojas Havan foi convocado a prestar depoimento sobre as suspeitas de que financiou a dissemina\u00e7\u00e3o de fake news, principalmente sobre tratamentos ineficazes contra a Covid, o que\u00a0o empres\u00e1rio nega.<\/p>\n<div class=\"mc-column content-text active-extra-styles \" data-block-type=\"unstyled\" data-block-weight=\"45\" data-block-id=\"4\">\n<p class=\"content-text__container \" data-track-category=\"Link no Texto\" data-track-links=\"\">Aos senadores, Luciano Hang disse que, ao saber que a Covid n\u00e3o constava do atestado de \u00f3bito da m\u00e3e, procurou a Prevent Senior. De acordo com o empres\u00e1rio, a operadora de sa\u00fade forneceu um segundo documento. Segundo ele, esse segundo documento, sim, mencionava a Covid.<\/p>\n<p data-track-category=\"Link no Texto\" data-track-links=\"\">&#8220;Fiquei sabendo atrav\u00e9s da CPI que tanto o atestado de \u00f3bito quanto o prontu\u00e1rio da minha m\u00e3e foi pego. E que l\u00e1 no atestado de \u00f3bito n\u00e3o constava Covid. Eu sou leigo, n\u00e3o sei o que tem que botar no atestado de \u00f3bito&#8221;, declarou Hang.<\/p>\n<p data-track-category=\"Link no Texto\" data-track-links=\"\">Entretanto a assessoria da Havn apontou que em abril deste ano a equipe de Luciano Hang\u00a0j\u00e1 sabia da omiss\u00e3o na certid\u00e3o de \u00f3bito naquele momento. Na mensagem, a assessora do empres\u00e1rio diz que Regina morreu por ter &#8220;m\u00faltiplas comorbidades&#8221; e que j\u00e1 havia se curado da Covid.<\/p>\n<h3 data-track-category=\"Link no Texto\">Depoimento<\/h3>\n<p>No depoimento dado \u00e0 CPI nesta quarta, o empres\u00e1rio afirmou ter sido informado pela Prevent Senior que houve um erro do m\u00e9dico plantonista que atendeu \u00e0 m\u00e3e do empres\u00e1rio. &#8220;Segundo eles, quem preencheu o atestado de \u00f3bito foi o plantonista. No dia seguinte, a comiss\u00e3o de controle de infec\u00e7\u00e3o hospitalar viu o erro do plantonista,&#8221; declarou.<\/p>\n<div class=\"mc-column content-text active-extra-styles \" data-block-type=\"unstyled\" data-block-weight=\"35\" data-block-id=\"12\">\n<p class=\"content-text__container \" data-track-category=\"Link no Texto\" data-track-links=\"\">No \u00faltimo dia 22, tamb\u00e9m em depoimento \u00e0 CPI, o diretor-executivo da Prevent, Pedro Benedito Batista Junior, foi questionado sobre a m\u00e3e de Luciano Hang e respondeu que n\u00e3o tinha autoriza\u00e7\u00e3o para falar de pacientes.<\/p>\n<\/div>\n<div class=\"mc-column content-text active-extra-styles \" data-block-type=\"unstyled\" data-block-weight=\"39\" data-block-id=\"13\">\n<p class=\"content-text__container \" data-track-category=\"Link no Texto\" data-track-links=\"\">O diretor admitiu, no entanto, que\u00a0a operadora alterou o prontu\u00e1rio de pacientes com Covid\u00a0para excluir o diagn\u00f3stico dos registros, mas que isso seria somente para saber quem j\u00e1 n\u00e3o estava mais com a doen\u00e7a. A empresa nega.<\/p>\n<div class=\"mc-column content-text active-extra-styles\" data-block-type=\"raw\" data-block-weight=\"2\" data-block-id=\"16\">\n<div class=\"content-intertitle\">\n<h3>Drogas ineficazes<\/h3>\n<\/div>\n<\/div>\n<div class=\"mc-column content-text active-extra-styles \" data-block-type=\"unstyled\" data-block-weight=\"41\" data-block-id=\"17\">\n<p class=\"content-text__container \" data-track-category=\"Link no Texto\" data-track-links=\"\">Ainda no depoimento, Hang disse que a m\u00e3e foi diagnosticada com Covid no dia 28 de dezembro de 2020. Segundo ele, m\u00e9dicos foram chamados e come\u00e7aram a medic\u00e1-la com rem\u00e9dios que comp\u00f5em o chamado &#8220;kit Covid&#8221; e que s\u00e3o comprovadamente ineficazes.<\/p>\n<\/div>\n<div class=\"mc-column content-text active-extra-styles \" data-block-type=\"unstyled\" data-block-weight=\"42\" data-block-id=\"18\">\n<p class=\"content-text__container \" data-track-category=\"Link no Texto\" data-track-links=\"\">Hang, assim como o presidente\u00a0Jair Bolsonaro\u00a0e aliados, defende desde o in\u00edcio da pandemia o uso de rem\u00e9dios comprovadamente ineficazes contra a Covid. A CPI investiga o quanto a defesa dessas medica\u00e7\u00f5es pelo presidente prejudicou o combate \u00e0 pandemia no pa\u00eds.<\/p>\n<\/div>\n<div class=\"mc-column content-text active-extra-styles \" data-block-type=\"unstyled\" data-block-weight=\"22\" data-block-id=\"19\">\n<p class=\"content-text__container \" data-track-category=\"Link no Texto\" data-track-links=\"\">O empres\u00e1rio disse que tamb\u00e9m autorizou que os m\u00e9dicos da Prevent Senior adotassem terapias ineficazes no tratamento da m\u00e3e dele, como ozonioterapia.<\/p>\n<\/div>\n<div class=\"mc-column content-text active-extra-styles \" data-block-type=\"unstyled\" data-block-weight=\"34\" data-block-id=\"20\">\n<p class=\"content-text__container \" data-track-category=\"Link no Texto\" data-track-links=\"\">&#8220;Ofereceram ozonioterapia e eu aceitei [&#8230;]. Coloquei nas m\u00e3os dos m\u00e9dicos. Autorizei a Prevent a fazer tudo que estivesse dispon\u00edvel para salvar minha m\u00e3e. Autonomia m\u00e9dica d\u00e1 liberdade para que o m\u00e9dico prescreva&#8221;, afirmou.<\/p>\n<\/div>\n<div class=\"mc-column content-text active-extra-styles \" data-block-type=\"unstyled\" data-block-weight=\"35\" data-block-id=\"21\">\n<p class=\"content-text__container \" data-track-category=\"Link no Texto\" data-track-links=\"\">Durante o depoimento, o relator da CPI, Renan Calheiros (MDB-AL), apresentou o atestado de \u00f3bito que informou seis causas da morte da m\u00e3e de Hang, entre os quais pneumonia bacteriana e disfun\u00e7\u00e3o de m\u00faltiplos \u00f3rg\u00e3os.<\/p>\n<p data-track-category=\"Link no Texto\" data-track-links=\"\"><strong>LEIA TAMB\u00c9M<\/strong><\/p>\n<p data-track-category=\"Link no Texto\" data-track-links=\"\"><a href=\"https:\/\/redenoticiaz.com.br\/blog\/2021\/09\/29\/dono-da-havan-e-ouvido-na-cpi-mas-sessao-e-suspensa-apos-tumulto\">Dono da Havan \u00e9 ouvido na CPI, mas sess\u00e3o \u00e9 suspensa ap\u00f3s tumulto<\/a><\/p>\n<\/div>\n<\/div>\n<\/div>\n","protected":false},"excerpt":{"rendered":"<p>Depois do tumulto nesta quarta-feira (29) na CPI da Covid, o empres\u00e1rio Luciano Hang voltou a ser ouvido e deu depoimento. Ele contou que s\u00f3 soube pela CPI que a Prevent Senior omitiu a Covid do atestado de \u00f3bito da m\u00e3e dele. O dono da rede de lojas Havan foi convocado a prestar depoimento sobre &hellip;<\/p>\n","protected":false},"author":6,"featured_media":15645,"comment_status":"open","ping_status":"closed","sticky":false,"template":"","format":"standard","meta":{"footnotes":""},"categories":[22,15],"tags":[20391,8712,36328,36329,34409,18427],"class_list":["post-15644","post","type-post","status-publish","format-standard","has-post-thumbnail","hentry","category-justica","category-politica","tag-cpi-da-covid","tag-depoimento","tag-dono-da-havan","tag-luciano-hang","tag-prevent-senior","tag-senado"],"yoast_head":"<!-- This site is optimized with the Yoast SEO plugin v27.5 - https:\/\/yoast.com\/product\/yoast-seo-wordpress\/ -->\n<title>Luciano Hang volta a ser ouvido na CPI da Covid - Litoral SP<\/title>\n<meta name=\"description\" content=\"tumulto nesta quarta-feira (29) na CPI da Covid, o empres\u00e1rio Luciano Hang voltou a ser ouvido e deu depoimento. Ele contou\" \/>\n<meta name=\"robots\" content=\"index, follow, max-snippet:-1, max-image-preview:large, max-video-preview:-1\" \/>\n<link rel=\"canonical\" href=\"https:\/\/redenoticiaz.com.br\/litoralsp\/2021\/09\/29\/luciano-hang-volta-a-ser-ouvido-na-cpi-da-covid\" \/>\n<meta property=\"og:locale\" content=\"pt_BR\" \/>\n<meta property=\"og:type\" content=\"article\" \/>\n<meta property=\"og:title\" content=\"Luciano Hang volta a ser ouvido na CPI da Covid - Litoral SP\" \/>\n<meta property=\"og:description\" content=\"tumulto nesta quarta-feira (29) na CPI da Covid, o empres\u00e1rio Luciano Hang voltou a ser ouvido e deu depoimento. Ele contou\" \/>\n<meta property=\"og:url\" content=\"https:\/\/redenoticiaz.com.br\/litoralsp\/2021\/09\/29\/luciano-hang-volta-a-ser-ouvido-na-cpi-da-covid\" \/>\n<meta property=\"og:site_name\" content=\"Litoral SP\" \/>\n<meta property=\"article:published_time\" content=\"2021-09-29T23:49:20+00:00\" \/>\n<meta property=\"article:modified_time\" content=\"2021-09-29T23:55:42+00:00\" \/>\n<meta property=\"og:image\" content=\"https:\/\/redenoticiaz.com.br\/litoralsp\/wp-content\/uploads\/sites\/3\/2021\/09\/hang.jpg\" \/>\n\t<meta property=\"og:image:width\" content=\"984\" \/>\n\t<meta property=\"og:image:height\" content=\"656\" \/>\n\t<meta property=\"og:image:type\" content=\"image\/jpeg\" \/>\n<meta name=\"author\" content=\"Leonardo Francisco\" \/>\n<meta name=\"twitter:card\" content=\"summary_large_image\" \/>\n<meta name=\"twitter:label1\" content=\"Escrito por\" \/>\n\t<meta name=\"twitter:data1\" content=\"Leonardo Francisco\" \/>\n\t<meta name=\"twitter:label2\" content=\"Est. tempo de leitura\" \/>\n\t<meta name=\"twitter:data2\" content=\"3 minutos\" \/>\n<script type=\"application\/ld+json\" class=\"yoast-schema-graph\">{\"@context\":\"https:\\\/\\\/schema.org\",\"@graph\":[{\"@type\":\"Article\",\"@id\":\"https:\\\/\\\/redenoticiaz.com.br\\\/litoralsp\\\/2021\\\/09\\\/29\\\/luciano-hang-volta-a-ser-ouvido-na-cpi-da-covid#article\",\"isPartOf\":{\"@id\":\"https:\\\/\\\/redenoticiaz.com.br\\\/litoralsp\\\/2021\\\/09\\\/29\\\/luciano-hang-volta-a-ser-ouvido-na-cpi-da-covid\"},\"author\":{\"name\":\"Leonardo Francisco\",\"@id\":\"https:\\\/\\\/redenoticiaz.com.br\\\/litoralsp\\\/#\\\/schema\\\/person\\\/0f0b8a5bdafefe82841e07ae8d81ecb3\"},\"headline\":\"Luciano Hang volta a ser ouvido na CPI da Covid\",\"datePublished\":\"2021-09-29T23:49:20+00:00\",\"dateModified\":\"2021-09-29T23:55:42+00:00\",\"mainEntityOfPage\":{\"@id\":\"https:\\\/\\\/redenoticiaz.com.br\\\/litoralsp\\\/2021\\\/09\\\/29\\\/luciano-hang-volta-a-ser-ouvido-na-cpi-da-covid\"},\"wordCount\":595,\"commentCount\":0,\"publisher\":{\"@id\":\"https:\\\/\\\/redenoticiaz.com.br\\\/litoralsp\\\/#organization\"},\"image\":{\"@id\":\"https:\\\/\\\/redenoticiaz.com.br\\\/litoralsp\\\/2021\\\/09\\\/29\\\/luciano-hang-volta-a-ser-ouvido-na-cpi-da-covid#primaryimage\"},\"thumbnailUrl\":\"https:\\\/\\\/redenoticiaz.com.br\\\/litoralsp\\\/wp-content\\\/uploads\\\/sites\\\/3\\\/2021\\\/09\\\/hang.jpg\",\"keywords\":[\"CPI DA COVID\",\"DEPOIMENTO\",\"DONO DA HAVAN\",\"LUCIANO HANG\",\"PREVENT SENIOR\",\"Senado\"],\"articleSection\":[\"Justi\u00e7a\",\"Pol\u00edtica\"],\"inLanguage\":\"pt-BR\",\"potentialAction\":[{\"@type\":\"CommentAction\",\"name\":\"Comment\",\"target\":[\"https:\\\/\\\/redenoticiaz.com.br\\\/litoralsp\\\/2021\\\/09\\\/29\\\/luciano-hang-volta-a-ser-ouvido-na-cpi-da-covid#respond\"]}]},{\"@type\":\"WebPage\",\"@id\":\"https:\\\/\\\/redenoticiaz.com.br\\\/litoralsp\\\/2021\\\/09\\\/29\\\/luciano-hang-volta-a-ser-ouvido-na-cpi-da-covid\",\"url\":\"https:\\\/\\\/redenoticiaz.com.br\\\/litoralsp\\\/2021\\\/09\\\/29\\\/luciano-hang-volta-a-ser-ouvido-na-cpi-da-covid\",\"name\":\"Luciano Hang volta a ser ouvido na CPI da Covid - Litoral SP\",\"isPartOf\":{\"@id\":\"https:\\\/\\\/redenoticiaz.com.br\\\/litoralsp\\\/#website\"},\"primaryImageOfPage\":{\"@id\":\"https:\\\/\\\/redenoticiaz.com.br\\\/litoralsp\\\/2021\\\/09\\\/29\\\/luciano-hang-volta-a-ser-ouvido-na-cpi-da-covid#primaryimage\"},\"image\":{\"@id\":\"https:\\\/\\\/redenoticiaz.com.br\\\/litoralsp\\\/2021\\\/09\\\/29\\\/luciano-hang-volta-a-ser-ouvido-na-cpi-da-covid#primaryimage\"},\"thumbnailUrl\":\"https:\\\/\\\/redenoticiaz.com.br\\\/litoralsp\\\/wp-content\\\/uploads\\\/sites\\\/3\\\/2021\\\/09\\\/hang.jpg\",\"datePublished\":\"2021-09-29T23:49:20+00:00\",\"dateModified\":\"2021-09-29T23:55:42+00:00\",\"description\":\"tumulto nesta quarta-feira (29) na CPI da Covid, o empres\u00e1rio Luciano Hang voltou a ser ouvido e deu depoimento. Ele contou\",\"inLanguage\":\"pt-BR\",\"potentialAction\":[{\"@type\":\"ReadAction\",\"target\":[\"https:\\\/\\\/redenoticiaz.com.br\\\/litoralsp\\\/2021\\\/09\\\/29\\\/luciano-hang-volta-a-ser-ouvido-na-cpi-da-covid\"]}]},{\"@type\":\"ImageObject\",\"inLanguage\":\"pt-BR\",\"@id\":\"https:\\\/\\\/redenoticiaz.com.br\\\/litoralsp\\\/2021\\\/09\\\/29\\\/luciano-hang-volta-a-ser-ouvido-na-cpi-da-covid#primaryimage\",\"url\":\"https:\\\/\\\/redenoticiaz.com.br\\\/litoralsp\\\/wp-content\\\/uploads\\\/sites\\\/3\\\/2021\\\/09\\\/hang.jpg\",\"contentUrl\":\"https:\\\/\\\/redenoticiaz.com.br\\\/litoralsp\\\/wp-content\\\/uploads\\\/sites\\\/3\\\/2021\\\/09\\\/hang.jpg\",\"width\":984,\"height\":656,\"caption\":\"Cr\u00e9ditos: Divulga\u00e7\u00e3o\\\/Ag\u00eancia Senado\"},{\"@type\":\"WebSite\",\"@id\":\"https:\\\/\\\/redenoticiaz.com.br\\\/litoralsp\\\/#website\",\"url\":\"https:\\\/\\\/redenoticiaz.com.br\\\/litoralsp\\\/\",\"name\":\"Litoral SP\",\"description\":\"Rede NoticiaZ\",\"publisher\":{\"@id\":\"https:\\\/\\\/redenoticiaz.com.br\\\/litoralsp\\\/#organization\"},\"potentialAction\":[{\"@type\":\"SearchAction\",\"target\":{\"@type\":\"EntryPoint\",\"urlTemplate\":\"https:\\\/\\\/redenoticiaz.com.br\\\/litoralsp\\\/?s={search_term_string}\"},\"query-input\":{\"@type\":\"PropertyValueSpecification\",\"valueRequired\":true,\"valueName\":\"search_term_string\"}}],\"inLanguage\":\"pt-BR\"},{\"@type\":\"Organization\",\"@id\":\"https:\\\/\\\/redenoticiaz.com.br\\\/litoralsp\\\/#organization\",\"name\":\"Litoral SP\",\"url\":\"https:\\\/\\\/redenoticiaz.com.br\\\/litoralsp\\\/\",\"logo\":{\"@type\":\"ImageObject\",\"inLanguage\":\"pt-BR\",\"@id\":\"https:\\\/\\\/redenoticiaz.com.br\\\/litoralsp\\\/#\\\/schema\\\/logo\\\/image\\\/\",\"url\":\"https:\\\/\\\/redenoticiaz.com.br\\\/litoralsp\\\/wp-content\\\/uploads\\\/sites\\\/3\\\/2020\\\/11\\\/logo.jpg\",\"contentUrl\":\"https:\\\/\\\/redenoticiaz.com.br\\\/litoralsp\\\/wp-content\\\/uploads\\\/sites\\\/3\\\/2020\\\/11\\\/logo.jpg\",\"width\":400,\"height\":250,\"caption\":\"Litoral SP\"},\"image\":{\"@id\":\"https:\\\/\\\/redenoticiaz.com.br\\\/litoralsp\\\/#\\\/schema\\\/logo\\\/image\\\/\"}},{\"@type\":\"Person\",\"@id\":\"https:\\\/\\\/redenoticiaz.com.br\\\/litoralsp\\\/#\\\/schema\\\/person\\\/0f0b8a5bdafefe82841e07ae8d81ecb3\",\"name\":\"Leonardo Francisco\",\"image\":{\"@type\":\"ImageObject\",\"inLanguage\":\"pt-BR\",\"@id\":\"https:\\\/\\\/secure.gravatar.com\\\/avatar\\\/a7358cb406a99b682ec6df1e77e31ae82e63601f6784e8a3df411d72b37864da?s=96&d=mm&r=g\",\"url\":\"https:\\\/\\\/secure.gravatar.com\\\/avatar\\\/a7358cb406a99b682ec6df1e77e31ae82e63601f6784e8a3df411d72b37864da?s=96&d=mm&r=g\",\"contentUrl\":\"https:\\\/\\\/secure.gravatar.com\\\/avatar\\\/a7358cb406a99b682ec6df1e77e31ae82e63601f6784e8a3df411d72b37864da?s=96&d=mm&r=g\",\"caption\":\"Leonardo Francisco\"},\"url\":\"https:\\\/\\\/redenoticiaz.com.br\\\/litoralsp\\\/author\\\/leonardo-francisco\"}]}<\/script>\n<!-- \/ Yoast SEO plugin. -->","yoast_head_json":{"title":"Luciano Hang volta a ser ouvido na CPI da Covid - Litoral SP","description":"tumulto nesta quarta-feira (29) na CPI da Covid, o empres\u00e1rio Luciano Hang voltou a ser ouvido e deu depoimento. Ele contou","robots":{"index":"index","follow":"follow","max-snippet":"max-snippet:-1","max-image-preview":"max-image-preview:large","max-video-preview":"max-video-preview:-1"},"canonical":"https:\/\/redenoticiaz.com.br\/litoralsp\/2021\/09\/29\/luciano-hang-volta-a-ser-ouvido-na-cpi-da-covid","og_locale":"pt_BR","og_type":"article","og_title":"Luciano Hang volta a ser ouvido na CPI da Covid - Litoral SP","og_description":"tumulto nesta quarta-feira (29) na CPI da Covid, o empres\u00e1rio Luciano Hang voltou a ser ouvido e deu depoimento. Ele contou","og_url":"https:\/\/redenoticiaz.com.br\/litoralsp\/2021\/09\/29\/luciano-hang-volta-a-ser-ouvido-na-cpi-da-covid","og_site_name":"Litoral SP","article_published_time":"2021-09-29T23:49:20+00:00","article_modified_time":"2021-09-29T23:55:42+00:00","og_image":[{"width":984,"height":656,"url":"https:\/\/redenoticiaz.com.br\/litoralsp\/wp-content\/uploads\/sites\/3\/2021\/09\/hang.jpg","type":"image\/jpeg"}],"author":"Leonardo Francisco","twitter_card":"summary_large_image","twitter_misc":{"Escrito por":"Leonardo Francisco","Est. tempo de leitura":"3 minutos"},"schema":{"@context":"https:\/\/schema.org","@graph":[{"@type":"Article","@id":"https:\/\/redenoticiaz.com.br\/litoralsp\/2021\/09\/29\/luciano-hang-volta-a-ser-ouvido-na-cpi-da-covid#article","isPartOf":{"@id":"https:\/\/redenoticiaz.com.br\/litoralsp\/2021\/09\/29\/luciano-hang-volta-a-ser-ouvido-na-cpi-da-covid"},"author":{"name":"Leonardo Francisco","@id":"https:\/\/redenoticiaz.com.br\/litoralsp\/#\/schema\/person\/0f0b8a5bdafefe82841e07ae8d81ecb3"},"headline":"Luciano Hang volta a ser ouvido na CPI da Covid","datePublished":"2021-09-29T23:49:20+00:00","dateModified":"2021-09-29T23:55:42+00:00","mainEntityOfPage":{"@id":"https:\/\/redenoticiaz.com.br\/litoralsp\/2021\/09\/29\/luciano-hang-volta-a-ser-ouvido-na-cpi-da-covid"},"wordCount":595,"commentCount":0,"publisher":{"@id":"https:\/\/redenoticiaz.com.br\/litoralsp\/#organization"},"image":{"@id":"https:\/\/redenoticiaz.com.br\/litoralsp\/2021\/09\/29\/luciano-hang-volta-a-ser-ouvido-na-cpi-da-covid#primaryimage"},"thumbnailUrl":"https:\/\/redenoticiaz.com.br\/litoralsp\/wp-content\/uploads\/sites\/3\/2021\/09\/hang.jpg","keywords":["CPI DA COVID","DEPOIMENTO","DONO DA HAVAN","LUCIANO HANG","PREVENT SENIOR","Senado"],"articleSection":["Justi\u00e7a","Pol\u00edtica"],"inLanguage":"pt-BR","potentialAction":[{"@type":"CommentAction","name":"Comment","target":["https:\/\/redenoticiaz.com.br\/litoralsp\/2021\/09\/29\/luciano-hang-volta-a-ser-ouvido-na-cpi-da-covid#respond"]}]},{"@type":"WebPage","@id":"https:\/\/redenoticiaz.com.br\/litoralsp\/2021\/09\/29\/luciano-hang-volta-a-ser-ouvido-na-cpi-da-covid","url":"https:\/\/redenoticiaz.com.br\/litoralsp\/2021\/09\/29\/luciano-hang-volta-a-ser-ouvido-na-cpi-da-covid","name":"Luciano Hang volta a ser ouvido na CPI da Covid - Litoral SP","isPartOf":{"@id":"https:\/\/redenoticiaz.com.br\/litoralsp\/#website"},"primaryImageOfPage":{"@id":"https:\/\/redenoticiaz.com.br\/litoralsp\/2021\/09\/29\/luciano-hang-volta-a-ser-ouvido-na-cpi-da-covid#primaryimage"},"image":{"@id":"https:\/\/redenoticiaz.com.br\/litoralsp\/2021\/09\/29\/luciano-hang-volta-a-ser-ouvido-na-cpi-da-covid#primaryimage"},"thumbnailUrl":"https:\/\/redenoticiaz.com.br\/litoralsp\/wp-content\/uploads\/sites\/3\/2021\/09\/hang.jpg","datePublished":"2021-09-29T23:49:20+00:00","dateModified":"2021-09-29T23:55:42+00:00","description":"tumulto nesta quarta-feira (29) na CPI da Covid, o empres\u00e1rio Luciano Hang voltou a ser ouvido e deu depoimento. Ele contou","inLanguage":"pt-BR","potentialAction":[{"@type":"ReadAction","target":["https:\/\/redenoticiaz.com.br\/litoralsp\/2021\/09\/29\/luciano-hang-volta-a-ser-ouvido-na-cpi-da-covid"]}]},{"@type":"ImageObject","inLanguage":"pt-BR","@id":"https:\/\/redenoticiaz.com.br\/litoralsp\/2021\/09\/29\/luciano-hang-volta-a-ser-ouvido-na-cpi-da-covid#primaryimage","url":"https:\/\/redenoticiaz.com.br\/litoralsp\/wp-content\/uploads\/sites\/3\/2021\/09\/hang.jpg","contentUrl":"https:\/\/redenoticiaz.com.br\/litoralsp\/wp-content\/uploads\/sites\/3\/2021\/09\/hang.jpg","width":984,"height":656,"caption":"Cr\u00e9ditos: Divulga\u00e7\u00e3o\/Ag\u00eancia Senado"},{"@type":"WebSite","@id":"https:\/\/redenoticiaz.com.br\/litoralsp\/#website","url":"https:\/\/redenoticiaz.com.br\/litoralsp\/","name":"Litoral SP","description":"Rede NoticiaZ","publisher":{"@id":"https:\/\/redenoticiaz.com.br\/litoralsp\/#organization"},"potentialAction":[{"@type":"SearchAction","target":{"@type":"EntryPoint","urlTemplate":"https:\/\/redenoticiaz.com.br\/litoralsp\/?s={search_term_string}"},"query-input":{"@type":"PropertyValueSpecification","valueRequired":true,"valueName":"search_term_string"}}],"inLanguage":"pt-BR"},{"@type":"Organization","@id":"https:\/\/redenoticiaz.com.br\/litoralsp\/#organization","name":"Litoral SP","url":"https:\/\/redenoticiaz.com.br\/litoralsp\/","logo":{"@type":"ImageObject","inLanguage":"pt-BR","@id":"https:\/\/redenoticiaz.com.br\/litoralsp\/#\/schema\/logo\/image\/","url":"https:\/\/redenoticiaz.com.br\/litoralsp\/wp-content\/uploads\/sites\/3\/2020\/11\/logo.jpg","contentUrl":"https:\/\/redenoticiaz.com.br\/litoralsp\/wp-content\/uploads\/sites\/3\/2020\/11\/logo.jpg","width":400,"height":250,"caption":"Litoral SP"},"image":{"@id":"https:\/\/redenoticiaz.com.br\/litoralsp\/#\/schema\/logo\/image\/"}},{"@type":"Person","@id":"https:\/\/redenoticiaz.com.br\/litoralsp\/#\/schema\/person\/0f0b8a5bdafefe82841e07ae8d81ecb3","name":"Leonardo Francisco","image":{"@type":"ImageObject","inLanguage":"pt-BR","@id":"https:\/\/secure.gravatar.com\/avatar\/a7358cb406a99b682ec6df1e77e31ae82e63601f6784e8a3df411d72b37864da?s=96&d=mm&r=g","url":"https:\/\/secure.gravatar.com\/avatar\/a7358cb406a99b682ec6df1e77e31ae82e63601f6784e8a3df411d72b37864da?s=96&d=mm&r=g","contentUrl":"https:\/\/secure.gravatar.com\/avatar\/a7358cb406a99b682ec6df1e77e31ae82e63601f6784e8a3df411d72b37864da?s=96&d=mm&r=g","caption":"Leonardo Francisco"},"url":"https:\/\/redenoticiaz.com.br\/litoralsp\/author\/leonardo-francisco"}]}},"_links":{"self":[{"href":"https:\/\/redenoticiaz.com.br\/litoralsp\/wp-json\/wp\/v2\/posts\/15644","targetHints":{"allow":["GET"]}}],"collection":[{"href":"https:\/\/redenoticiaz.com.br\/litoralsp\/wp-json\/wp\/v2\/posts"}],"about":[{"href":"https:\/\/redenoticiaz.com.br\/litoralsp\/wp-json\/wp\/v2\/types\/post"}],"author":[{"embeddable":true,"href":"https:\/\/redenoticiaz.com.br\/litoralsp\/wp-json\/wp\/v2\/users\/6"}],"replies":[{"embeddable":true,"href":"https:\/\/redenoticiaz.com.br\/litoralsp\/wp-json\/wp\/v2\/comments?post=15644"}],"version-history":[{"count":2,"href":"https:\/\/redenoticiaz.com.br\/litoralsp\/wp-json\/wp\/v2\/posts\/15644\/revisions"}],"predecessor-version":[{"id":15647,"href":"https:\/\/redenoticiaz.com.br\/litoralsp\/wp-json\/wp\/v2\/posts\/15644\/revisions\/15647"}],"wp:featuredmedia":[{"embeddable":true,"href":"https:\/\/redenoticiaz.com.br\/litoralsp\/wp-json\/wp\/v2\/media\/15645"}],"wp:attachment":[{"href":"https:\/\/redenoticiaz.com.br\/litoralsp\/wp-json\/wp\/v2\/media?parent=15644"}],"wp:term":[{"taxonomy":"category","embeddable":true,"href":"https:\/\/redenoticiaz.com.br\/litoralsp\/wp-json\/wp\/v2\/categories?post=15644"},{"taxonomy":"post_tag","embeddable":true,"href":"https:\/\/redenoticiaz.com.br\/litoralsp\/wp-json\/wp\/v2\/tags?post=15644"}],"curies":[{"name":"wp","href":"https:\/\/api.w.org\/{rel}","templated":true}]}}