{"id":15876,"date":"2021-10-04T13:39:13","date_gmt":"2021-10-04T16:39:13","guid":{"rendered":"https:\/\/redenoticiaz.com.br\/litoralsp\/?p=15876"},"modified":"2021-10-04T13:39:13","modified_gmt":"2021-10-04T16:39:13","slug":"previsao-da-semana-e-de-muita-chuva-na-baixada-santista","status":"publish","type":"post","link":"https:\/\/redenoticiaz.com.br\/litoralsp\/2021\/10\/04\/previsao-da-semana-e-de-muita-chuva-na-baixada-santista","title":{"rendered":"Previs\u00e3o da semana \u00e9 de muita chuva na Baixada Santista"},"content":{"rendered":"<p>Esta<strong> segunda-feira (4) e ter\u00e7a-feira (5) devem ser os\u00a0dias mais chuvosos<\/strong>\u00a0da primeira semana de outubro na Baixada Santista. Por\u00e9m, a chuva deve diminuir de intensidade nos pr\u00f3ximos dias. Segundo o meteorologista da\u00a0<strong><a href=\"https:\/\/www.santos.sp.gov.br\/\">Defesa Civil<\/a><\/strong>\u00a0de Santos, Franco Cassol, h\u00e1 previs\u00e3o de mar\u00e9 alta, com picos principalmente na ter\u00e7a e quarta-feira (6).<\/p>\n<p>Para esta segunda-feira, a previs\u00e3o \u00e9 de m\u00e1ximas de 26\u00baC e m\u00ednimas de 20\u00baC. O clima, no entanto, ser\u00e1 de tempo fechado e moderadamente chuvoso, mas persistente, de acordo com informa\u00e7\u00f5es da Defesa Civil.<\/p>\n<p>Nesta ter\u00e7a-feira, as temperaturas devem baixar para m\u00e1ximas de 22\u00baC. As chuvas podem reduzir um pouco em intensidade e registrar 12mm, mas devem ser cont\u00ednuas ao longo do dia e noite. A umidade do ar deve chegar a 90%.<\/p>\n<p>A chuva segue com algumas poucas aberturas de sol durante a semana e predomin\u00e2ncia de tempo nublado. As temperaturas devem se manter amenas, chegando a uma m\u00e1xima de 25\u00baC na sexta-feira (8).<\/p>\n<p>J\u00e1 no fim de semana, a incid\u00eancia cai. No s\u00e1bado (9), a previs\u00e3o \u00e9 de m\u00e1xima de 18\u00baC e m\u00ednima de 16\u00baC. No domingo (10), deve fazer m\u00e1xima de 17\u00baC, com previs\u00e3o de chuva de 90%.<\/p>\n<p><strong>LEIA TAMB\u00c9M<\/strong><\/p>\n<p><a href=\"https:\/\/redenoticiaz.com.br\/litoralsp\/2021\/10\/04\/video-homem-invade-casa-de-veraneio-em-praia-grande\">V\u00cdDEO \u2013 Homem invade casa de veraneio em Praia Grande<\/a><\/p>\n","protected":false},"excerpt":{"rendered":"<p>Esta segunda-feira (4) e ter\u00e7a-feira (5) devem ser os\u00a0dias mais chuvosos\u00a0da primeira semana de outubro na Baixada Santista. Por\u00e9m, a chuva deve diminuir de intensidade nos pr\u00f3ximos dias. Segundo o meteorologista da\u00a0Defesa Civil\u00a0de Santos, Franco Cassol, h\u00e1 previs\u00e3o de mar\u00e9 alta, com picos principalmente na ter\u00e7a e quarta-feira (6). Para esta segunda-feira, a previs\u00e3o \u00e9 &hellip;<\/p>\n","protected":false},"author":11,"featured_media":15877,"comment_status":"open","ping_status":"closed","sticky":false,"template":"","format":"standard","meta":{"footnotes":""},"categories":[2,26798],"tags":[1148,8510,11633,26825,33490],"class_list":["post-15876","post","type-post","status-publish","format-standard","has-post-thumbnail","hentry","category-cidades","category-climatologia","tag-baixada-santista","tag-chuva","tag-climatologia","tag-previsao-do-tempo","tag-tempo-chuvoso"],"yoast_head":"<!-- This site is optimized with the Yoast SEO plugin v27.5 - https:\/\/yoast.com\/product\/yoast-seo-wordpress\/ -->\n<title>Previs\u00e3o da semana \u00e9 de muita chuva na Baixada Santista - Litoral SP<\/title>\n<meta name=\"description\" content=\"Esta segunda-feira (4) e ter\u00e7a-feira (5) devem ser os\u00a0dias mais chuvosos\u00a0da primeira semana de outubro na Baixada Santista.\" \/>\n<meta name=\"robots\" content=\"index, follow, max-snippet:-1, max-image-preview:large, max-video-preview:-1\" \/>\n<link rel=\"canonical\" href=\"https:\/\/redenoticiaz.com.br\/litoralsp\/2021\/10\/04\/previsao-da-semana-e-de-muita-chuva-na-baixada-santista\" \/>\n<meta property=\"og:locale\" content=\"pt_BR\" \/>\n<meta property=\"og:type\" content=\"article\" \/>\n<meta property=\"og:title\" content=\"Previs\u00e3o da semana \u00e9 de muita chuva na Baixada Santista - Litoral SP\" \/>\n<meta property=\"og:description\" content=\"Esta segunda-feira (4) e ter\u00e7a-feira (5) devem ser os\u00a0dias mais chuvosos\u00a0da primeira semana de outubro na Baixada Santista.\" \/>\n<meta property=\"og:url\" content=\"https:\/\/redenoticiaz.com.br\/litoralsp\/2021\/10\/04\/previsao-da-semana-e-de-muita-chuva-na-baixada-santista\" \/>\n<meta property=\"og:site_name\" content=\"Litoral SP\" \/>\n<meta property=\"article:published_time\" content=\"2021-10-04T16:39:13+00:00\" \/>\n<meta property=\"og:image\" content=\"https:\/\/redenoticiaz.com.br\/litoralsp\/wp-content\/uploads\/sites\/3\/2021\/10\/chuva-pixabay.jpg\" \/>\n\t<meta property=\"og:image:width\" content=\"1280\" \/>\n\t<meta property=\"og:image:height\" content=\"718\" \/>\n\t<meta property=\"og:image:type\" content=\"image\/jpeg\" \/>\n<meta name=\"twitter:card\" content=\"summary_large_image\" \/>\n<meta name=\"twitter:label1\" content=\"Escrito por\" \/>\n\t<meta name=\"twitter:data1\" content=\"\" \/>\n\t<meta name=\"twitter:label2\" content=\"Est. tempo de leitura\" \/>\n\t<meta name=\"twitter:data2\" content=\"1 minuto\" \/>\n<script type=\"application\/ld+json\" class=\"yoast-schema-graph\">{\"@context\":\"https:\\\/\\\/schema.org\",\"@graph\":[{\"@type\":\"Article\",\"@id\":\"https:\\\/\\\/redenoticiaz.com.br\\\/litoralsp\\\/2021\\\/10\\\/04\\\/previsao-da-semana-e-de-muita-chuva-na-baixada-santista#article\",\"isPartOf\":{\"@id\":\"https:\\\/\\\/redenoticiaz.com.br\\\/litoralsp\\\/2021\\\/10\\\/04\\\/previsao-da-semana-e-de-muita-chuva-na-baixada-santista\"},\"author\":{\"name\":\"\",\"@id\":\"\"},\"headline\":\"Previs\u00e3o da semana \u00e9 de muita chuva na Baixada Santista\",\"datePublished\":\"2021-10-04T16:39:13+00:00\",\"mainEntityOfPage\":{\"@id\":\"https:\\\/\\\/redenoticiaz.com.br\\\/litoralsp\\\/2021\\\/10\\\/04\\\/previsao-da-semana-e-de-muita-chuva-na-baixada-santista\"},\"wordCount\":228,\"commentCount\":0,\"publisher\":{\"@id\":\"https:\\\/\\\/redenoticiaz.com.br\\\/litoralsp\\\/#organization\"},\"image\":{\"@id\":\"https:\\\/\\\/redenoticiaz.com.br\\\/litoralsp\\\/2021\\\/10\\\/04\\\/previsao-da-semana-e-de-muita-chuva-na-baixada-santista#primaryimage\"},\"thumbnailUrl\":\"https:\\\/\\\/redenoticiaz.com.br\\\/litoralsp\\\/wp-content\\\/uploads\\\/sites\\\/3\\\/2021\\\/10\\\/chuva-pixabay.jpg\",\"keywords\":[\"BAIXADA SANTISTA\",\"CHUVA\",\"CLIMATOLOGIA\",\"PREVIS\u00c3O DO TEMPO\",\"TEMPO CHUVOSO\"],\"articleSection\":[\"Cidades\",\"Climatologia\"],\"inLanguage\":\"pt-BR\",\"potentialAction\":[{\"@type\":\"CommentAction\",\"name\":\"Comment\",\"target\":[\"https:\\\/\\\/redenoticiaz.com.br\\\/litoralsp\\\/2021\\\/10\\\/04\\\/previsao-da-semana-e-de-muita-chuva-na-baixada-santista#respond\"]}]},{\"@type\":\"WebPage\",\"@id\":\"https:\\\/\\\/redenoticiaz.com.br\\\/litoralsp\\\/2021\\\/10\\\/04\\\/previsao-da-semana-e-de-muita-chuva-na-baixada-santista\",\"url\":\"https:\\\/\\\/redenoticiaz.com.br\\\/litoralsp\\\/2021\\\/10\\\/04\\\/previsao-da-semana-e-de-muita-chuva-na-baixada-santista\",\"name\":\"Previs\u00e3o da semana \u00e9 de muita chuva na Baixada Santista - Litoral SP\",\"isPartOf\":{\"@id\":\"https:\\\/\\\/redenoticiaz.com.br\\\/litoralsp\\\/#website\"},\"primaryImageOfPage\":{\"@id\":\"https:\\\/\\\/redenoticiaz.com.br\\\/litoralsp\\\/2021\\\/10\\\/04\\\/previsao-da-semana-e-de-muita-chuva-na-baixada-santista#primaryimage\"},\"image\":{\"@id\":\"https:\\\/\\\/redenoticiaz.com.br\\\/litoralsp\\\/2021\\\/10\\\/04\\\/previsao-da-semana-e-de-muita-chuva-na-baixada-santista#primaryimage\"},\"thumbnailUrl\":\"https:\\\/\\\/redenoticiaz.com.br\\\/litoralsp\\\/wp-content\\\/uploads\\\/sites\\\/3\\\/2021\\\/10\\\/chuva-pixabay.jpg\",\"datePublished\":\"2021-10-04T16:39:13+00:00\",\"description\":\"Esta segunda-feira (4) e ter\u00e7a-feira (5) devem ser os\u00a0dias mais chuvosos\u00a0da primeira semana de outubro na Baixada Santista.\",\"inLanguage\":\"pt-BR\",\"potentialAction\":[{\"@type\":\"ReadAction\",\"target\":[\"https:\\\/\\\/redenoticiaz.com.br\\\/litoralsp\\\/2021\\\/10\\\/04\\\/previsao-da-semana-e-de-muita-chuva-na-baixada-santista\"]}]},{\"@type\":\"ImageObject\",\"inLanguage\":\"pt-BR\",\"@id\":\"https:\\\/\\\/redenoticiaz.com.br\\\/litoralsp\\\/2021\\\/10\\\/04\\\/previsao-da-semana-e-de-muita-chuva-na-baixada-santista#primaryimage\",\"url\":\"https:\\\/\\\/redenoticiaz.com.br\\\/litoralsp\\\/wp-content\\\/uploads\\\/sites\\\/3\\\/2021\\\/10\\\/chuva-pixabay.jpg\",\"contentUrl\":\"https:\\\/\\\/redenoticiaz.com.br\\\/litoralsp\\\/wp-content\\\/uploads\\\/sites\\\/3\\\/2021\\\/10\\\/chuva-pixabay.jpg\",\"width\":1280,\"height\":718,\"caption\":\"Foto: Pixabay.\"},{\"@type\":\"WebSite\",\"@id\":\"https:\\\/\\\/redenoticiaz.com.br\\\/litoralsp\\\/#website\",\"url\":\"https:\\\/\\\/redenoticiaz.com.br\\\/litoralsp\\\/\",\"name\":\"Litoral SP\",\"description\":\"Rede NoticiaZ\",\"publisher\":{\"@id\":\"https:\\\/\\\/redenoticiaz.com.br\\\/litoralsp\\\/#organization\"},\"potentialAction\":[{\"@type\":\"SearchAction\",\"target\":{\"@type\":\"EntryPoint\",\"urlTemplate\":\"https:\\\/\\\/redenoticiaz.com.br\\\/litoralsp\\\/?s={search_term_string}\"},\"query-input\":{\"@type\":\"PropertyValueSpecification\",\"valueRequired\":true,\"valueName\":\"search_term_string\"}}],\"inLanguage\":\"pt-BR\"},{\"@type\":\"Organization\",\"@id\":\"https:\\\/\\\/redenoticiaz.com.br\\\/litoralsp\\\/#organization\",\"name\":\"Litoral SP\",\"url\":\"https:\\\/\\\/redenoticiaz.com.br\\\/litoralsp\\\/\",\"logo\":{\"@type\":\"ImageObject\",\"inLanguage\":\"pt-BR\",\"@id\":\"https:\\\/\\\/redenoticiaz.com.br\\\/litoralsp\\\/#\\\/schema\\\/logo\\\/image\\\/\",\"url\":\"https:\\\/\\\/redenoticiaz.com.br\\\/litoralsp\\\/wp-content\\\/uploads\\\/sites\\\/3\\\/2020\\\/11\\\/logo.jpg\",\"contentUrl\":\"https:\\\/\\\/redenoticiaz.com.br\\\/litoralsp\\\/wp-content\\\/uploads\\\/sites\\\/3\\\/2020\\\/11\\\/logo.jpg\",\"width\":400,\"height\":250,\"caption\":\"Litoral SP\"},\"image\":{\"@id\":\"https:\\\/\\\/redenoticiaz.com.br\\\/litoralsp\\\/#\\\/schema\\\/logo\\\/image\\\/\"}},{\"@type\":\"Person\",\"@id\":\"\",\"url\":\"https:\\\/\\\/redenoticiaz.com.br\\\/litoralsp\\\/author\"}]}<\/script>\n<!-- \/ Yoast SEO plugin. -->","yoast_head_json":{"title":"Previs\u00e3o da semana \u00e9 de muita chuva na Baixada Santista - Litoral SP","description":"Esta segunda-feira (4) e ter\u00e7a-feira (5) devem ser os\u00a0dias mais chuvosos\u00a0da primeira semana de outubro na Baixada Santista.","robots":{"index":"index","follow":"follow","max-snippet":"max-snippet:-1","max-image-preview":"max-image-preview:large","max-video-preview":"max-video-preview:-1"},"canonical":"https:\/\/redenoticiaz.com.br\/litoralsp\/2021\/10\/04\/previsao-da-semana-e-de-muita-chuva-na-baixada-santista","og_locale":"pt_BR","og_type":"article","og_title":"Previs\u00e3o da semana \u00e9 de muita chuva na Baixada Santista - Litoral SP","og_description":"Esta segunda-feira (4) e ter\u00e7a-feira (5) devem ser os\u00a0dias mais chuvosos\u00a0da primeira semana de outubro na Baixada Santista.","og_url":"https:\/\/redenoticiaz.com.br\/litoralsp\/2021\/10\/04\/previsao-da-semana-e-de-muita-chuva-na-baixada-santista","og_site_name":"Litoral SP","article_published_time":"2021-10-04T16:39:13+00:00","og_image":[{"width":1280,"height":718,"url":"https:\/\/redenoticiaz.com.br\/litoralsp\/wp-content\/uploads\/sites\/3\/2021\/10\/chuva-pixabay.jpg","type":"image\/jpeg"}],"twitter_card":"summary_large_image","twitter_misc":{"Escrito por":"","Est. tempo de leitura":"1 minuto"},"schema":{"@context":"https:\/\/schema.org","@graph":[{"@type":"Article","@id":"https:\/\/redenoticiaz.com.br\/litoralsp\/2021\/10\/04\/previsao-da-semana-e-de-muita-chuva-na-baixada-santista#article","isPartOf":{"@id":"https:\/\/redenoticiaz.com.br\/litoralsp\/2021\/10\/04\/previsao-da-semana-e-de-muita-chuva-na-baixada-santista"},"author":{"name":"","@id":""},"headline":"Previs\u00e3o da semana \u00e9 de muita chuva na Baixada Santista","datePublished":"2021-10-04T16:39:13+00:00","mainEntityOfPage":{"@id":"https:\/\/redenoticiaz.com.br\/litoralsp\/2021\/10\/04\/previsao-da-semana-e-de-muita-chuva-na-baixada-santista"},"wordCount":228,"commentCount":0,"publisher":{"@id":"https:\/\/redenoticiaz.com.br\/litoralsp\/#organization"},"image":{"@id":"https:\/\/redenoticiaz.com.br\/litoralsp\/2021\/10\/04\/previsao-da-semana-e-de-muita-chuva-na-baixada-santista#primaryimage"},"thumbnailUrl":"https:\/\/redenoticiaz.com.br\/litoralsp\/wp-content\/uploads\/sites\/3\/2021\/10\/chuva-pixabay.jpg","keywords":["BAIXADA SANTISTA","CHUVA","CLIMATOLOGIA","PREVIS\u00c3O DO TEMPO","TEMPO CHUVOSO"],"articleSection":["Cidades","Climatologia"],"inLanguage":"pt-BR","potentialAction":[{"@type":"CommentAction","name":"Comment","target":["https:\/\/redenoticiaz.com.br\/litoralsp\/2021\/10\/04\/previsao-da-semana-e-de-muita-chuva-na-baixada-santista#respond"]}]},{"@type":"WebPage","@id":"https:\/\/redenoticiaz.com.br\/litoralsp\/2021\/10\/04\/previsao-da-semana-e-de-muita-chuva-na-baixada-santista","url":"https:\/\/redenoticiaz.com.br\/litoralsp\/2021\/10\/04\/previsao-da-semana-e-de-muita-chuva-na-baixada-santista","name":"Previs\u00e3o da semana \u00e9 de muita chuva na Baixada Santista - Litoral SP","isPartOf":{"@id":"https:\/\/redenoticiaz.com.br\/litoralsp\/#website"},"primaryImageOfPage":{"@id":"https:\/\/redenoticiaz.com.br\/litoralsp\/2021\/10\/04\/previsao-da-semana-e-de-muita-chuva-na-baixada-santista#primaryimage"},"image":{"@id":"https:\/\/redenoticiaz.com.br\/litoralsp\/2021\/10\/04\/previsao-da-semana-e-de-muita-chuva-na-baixada-santista#primaryimage"},"thumbnailUrl":"https:\/\/redenoticiaz.com.br\/litoralsp\/wp-content\/uploads\/sites\/3\/2021\/10\/chuva-pixabay.jpg","datePublished":"2021-10-04T16:39:13+00:00","description":"Esta segunda-feira (4) e ter\u00e7a-feira (5) devem ser os\u00a0dias mais chuvosos\u00a0da primeira semana de outubro na Baixada Santista.","inLanguage":"pt-BR","potentialAction":[{"@type":"ReadAction","target":["https:\/\/redenoticiaz.com.br\/litoralsp\/2021\/10\/04\/previsao-da-semana-e-de-muita-chuva-na-baixada-santista"]}]},{"@type":"ImageObject","inLanguage":"pt-BR","@id":"https:\/\/redenoticiaz.com.br\/litoralsp\/2021\/10\/04\/previsao-da-semana-e-de-muita-chuva-na-baixada-santista#primaryimage","url":"https:\/\/redenoticiaz.com.br\/litoralsp\/wp-content\/uploads\/sites\/3\/2021\/10\/chuva-pixabay.jpg","contentUrl":"https:\/\/redenoticiaz.com.br\/litoralsp\/wp-content\/uploads\/sites\/3\/2021\/10\/chuva-pixabay.jpg","width":1280,"height":718,"caption":"Foto: Pixabay."},{"@type":"WebSite","@id":"https:\/\/redenoticiaz.com.br\/litoralsp\/#website","url":"https:\/\/redenoticiaz.com.br\/litoralsp\/","name":"Litoral SP","description":"Rede NoticiaZ","publisher":{"@id":"https:\/\/redenoticiaz.com.br\/litoralsp\/#organization"},"potentialAction":[{"@type":"SearchAction","target":{"@type":"EntryPoint","urlTemplate":"https:\/\/redenoticiaz.com.br\/litoralsp\/?s={search_term_string}"},"query-input":{"@type":"PropertyValueSpecification","valueRequired":true,"valueName":"search_term_string"}}],"inLanguage":"pt-BR"},{"@type":"Organization","@id":"https:\/\/redenoticiaz.com.br\/litoralsp\/#organization","name":"Litoral SP","url":"https:\/\/redenoticiaz.com.br\/litoralsp\/","logo":{"@type":"ImageObject","inLanguage":"pt-BR","@id":"https:\/\/redenoticiaz.com.br\/litoralsp\/#\/schema\/logo\/image\/","url":"https:\/\/redenoticiaz.com.br\/litoralsp\/wp-content\/uploads\/sites\/3\/2020\/11\/logo.jpg","contentUrl":"https:\/\/redenoticiaz.com.br\/litoralsp\/wp-content\/uploads\/sites\/3\/2020\/11\/logo.jpg","width":400,"height":250,"caption":"Litoral SP"},"image":{"@id":"https:\/\/redenoticiaz.com.br\/litoralsp\/#\/schema\/logo\/image\/"}},{"@type":"Person","@id":"","url":"https:\/\/redenoticiaz.com.br\/litoralsp\/author"}]}},"_links":{"self":[{"href":"https:\/\/redenoticiaz.com.br\/litoralsp\/wp-json\/wp\/v2\/posts\/15876","targetHints":{"allow":["GET"]}}],"collection":[{"href":"https:\/\/redenoticiaz.com.br\/litoralsp\/wp-json\/wp\/v2\/posts"}],"about":[{"href":"https:\/\/redenoticiaz.com.br\/litoralsp\/wp-json\/wp\/v2\/types\/post"}],"author":[{"embeddable":true,"href":"https:\/\/redenoticiaz.com.br\/litoralsp\/wp-json\/wp\/v2\/users\/11"}],"replies":[{"embeddable":true,"href":"https:\/\/redenoticiaz.com.br\/litoralsp\/wp-json\/wp\/v2\/comments?post=15876"}],"version-history":[{"count":1,"href":"https:\/\/redenoticiaz.com.br\/litoralsp\/wp-json\/wp\/v2\/posts\/15876\/revisions"}],"predecessor-version":[{"id":15878,"href":"https:\/\/redenoticiaz.com.br\/litoralsp\/wp-json\/wp\/v2\/posts\/15876\/revisions\/15878"}],"wp:featuredmedia":[{"embeddable":true,"href":"https:\/\/redenoticiaz.com.br\/litoralsp\/wp-json\/wp\/v2\/media\/15877"}],"wp:attachment":[{"href":"https:\/\/redenoticiaz.com.br\/litoralsp\/wp-json\/wp\/v2\/media?parent=15876"}],"wp:term":[{"taxonomy":"category","embeddable":true,"href":"https:\/\/redenoticiaz.com.br\/litoralsp\/wp-json\/wp\/v2\/categories?post=15876"},{"taxonomy":"post_tag","embeddable":true,"href":"https:\/\/redenoticiaz.com.br\/litoralsp\/wp-json\/wp\/v2\/tags?post=15876"}],"curies":[{"name":"wp","href":"https:\/\/api.w.org\/{rel}","templated":true}]}}