{"id":16179,"date":"2021-10-08T20:13:33","date_gmt":"2021-10-08T23:13:33","guid":{"rendered":"https:\/\/redenoticiaz.com.br\/litoralsp\/?p=16179"},"modified":"2021-10-08T20:13:53","modified_gmt":"2021-10-08T23:13:53","slug":"video-apartamento-pega-fogo-em-santos-e-gera-grande-mobilizacao-dos-bombeiros","status":"publish","type":"post","link":"https:\/\/redenoticiaz.com.br\/litoralsp\/2021\/10\/08\/video-apartamento-pega-fogo-em-santos-e-gera-grande-mobilizacao-dos-bombeiros","title":{"rendered":"V\u00cdDEO &#8211; Apartamento pega fogo em Santos e gera grande mobiliza\u00e7\u00e3o dos bombeiros"},"content":{"rendered":"<p>Moradores de um pr\u00e9dio no Campo Grande, em <a href=\"https:\/\/www.santos.sp.gov.br\/\">Santos<\/a>, levaram um grande susto nesta sexta-feira (8). Um apartamento pegou fogo e as chamas invadiram a sacada. At\u00e9 o momento n\u00e3o h\u00e1 informa\u00e7\u00f5es sobre feridos.<\/p>\n<p>O <em><strong>Rede Noticiaz<\/strong><\/em> recebeu imagens de um leitor que passou de carro e gravou o momento das chamas tomarem o apartamento. Equipes do Corpo de Bombeiros vieram at\u00e9 \u00e0 Rua Carlos Gomes e informou que o inc\u00eandio aconteceu por volta das 17h. Cinco viaturas e cerca de 14 bombeiros no local, atuando para conter o fogo. Ainda n\u00e3o se sabe as causas do inc\u00eandio.<\/p>\n<div class=\"mc-column content-text active-extra-styles \" data-block-type=\"unstyled\" data-block-weight=\"31\" data-block-id=\"4\">\n<p class=\"content-text__container \" data-track-category=\"Link no Texto\" data-track-links=\"\">Peda\u00e7os de vidro da sacada do apartamento ca\u00edram na cal\u00e7ada, e moradores sa\u00edram \u00e0s pressas. At\u00e9 a \u00faltima atualiza\u00e7\u00e3o desta reportagem, as equipes seguiam no pr\u00e9dio para tentar conter as chamas.<\/p>\n<p data-track-category=\"Link no Texto\" data-track-links=\"\"><strong>Veja o v\u00eddeo:<\/strong><\/p>\n<\/div>\n<div style=\"width: 640px;\" class=\"wp-video\"><video class=\"wp-video-shortcode\" id=\"video-16179-1\" width=\"640\" height=\"352\" preload=\"metadata\" controls=\"controls\"><source type=\"video\/mp4\" src=\"https:\/\/redenoticiaz.com.br\/litoralsp\/wp-content\/uploads\/sites\/3\/2021\/10\/whatsapp-video-2021-10-08-at-6-46-52-pm.mp4?_=1\" \/><a href=\"https:\/\/redenoticiaz.com.br\/litoralsp\/wp-content\/uploads\/sites\/3\/2021\/10\/whatsapp-video-2021-10-08-at-6-46-52-pm.mp4\">https:\/\/redenoticiaz.com.br\/litoralsp\/wp-content\/uploads\/sites\/3\/2021\/10\/whatsapp-video-2021-10-08-at-6-46-52-pm.mp4<\/a><\/video><\/div>\n<p data-track-category=\"Link no Texto\" data-track-links=\"\"><strong>LEIA TAMB\u00c9M<\/strong><\/p>\n<p data-track-category=\"Link no Texto\" data-track-links=\"\"><a href=\"https:\/\/redenoticiaz.com.br\/litoralsp\/2021\/10\/07\/policia-ambiental-demole-imoveis-de-alto-padrao-em-sao-vicente\">Pol\u00edcia Ambiental demole im\u00f3veis de alto padr\u00e3o em S\u00e3o Vicente<\/a><\/p>\n","protected":false},"excerpt":{"rendered":"<p>Moradores de um pr\u00e9dio no Campo Grande, em Santos, levaram um grande susto nesta sexta-feira (8). Um apartamento pegou fogo e as chamas invadiram a sacada. At\u00e9 o momento n\u00e3o h\u00e1 informa\u00e7\u00f5es sobre feridos. O Rede Noticiaz recebeu imagens de um leitor que passou de carro e gravou o momento das chamas tomarem o apartamento. &hellip;<\/p>\n","protected":false},"author":6,"featured_media":16181,"comment_status":"open","ping_status":"closed","sticky":false,"template":"","format":"standard","meta":{"footnotes":""},"categories":[10,180],"tags":[30754,24555,5316,4039,986],"class_list":["post-16179","post","type-post","status-publish","format-standard","has-post-thumbnail","hentry","category-policia","category-santos","tag-apartamento-pega-fogo","tag-campo-grande","tag-corpo-de-bombeiros","tag-incendio","tag-santos"],"yoast_head":"<!-- This site is optimized with the Yoast SEO plugin v27.5 - https:\/\/yoast.com\/product\/yoast-seo-wordpress\/ -->\n<title>V\u00cdDEO - Apartamento pega fogo em Santos e gera grande mobiliza\u00e7\u00e3o dos bombeiros - Litoral SP<\/title>\n<meta name=\"description\" content=\"de um pr\u00e9dio no Campo Grande, em Santos, levaram um grande susto nesta sexta-feira (8). Um apartamento pegou fogo\" \/>\n<meta name=\"robots\" content=\"index, follow, max-snippet:-1, max-image-preview:large, max-video-preview:-1\" \/>\n<link rel=\"canonical\" href=\"https:\/\/redenoticiaz.com.br\/litoralsp\/2021\/10\/08\/video-apartamento-pega-fogo-em-santos-e-gera-grande-mobilizacao-dos-bombeiros\" \/>\n<meta property=\"og:locale\" content=\"pt_BR\" \/>\n<meta property=\"og:type\" content=\"article\" \/>\n<meta property=\"og:title\" content=\"V\u00cdDEO - Apartamento pega fogo em Santos e gera grande mobiliza\u00e7\u00e3o dos bombeiros - Litoral SP\" \/>\n<meta property=\"og:description\" content=\"de um pr\u00e9dio no Campo Grande, em Santos, levaram um grande susto nesta sexta-feira (8). Um apartamento pegou fogo\" \/>\n<meta property=\"og:url\" content=\"https:\/\/redenoticiaz.com.br\/litoralsp\/2021\/10\/08\/video-apartamento-pega-fogo-em-santos-e-gera-grande-mobilizacao-dos-bombeiros\" \/>\n<meta property=\"og:site_name\" content=\"Litoral SP\" \/>\n<meta property=\"article:published_time\" content=\"2021-10-08T23:13:33+00:00\" \/>\n<meta property=\"article:modified_time\" content=\"2021-10-08T23:13:53+00:00\" \/>\n<meta property=\"og:image\" content=\"https:\/\/redenoticiaz.com.br\/litoralsp\/wp-content\/uploads\/sites\/3\/2021\/10\/incendio-stos.jpg\" \/>\n\t<meta property=\"og:image:width\" content=\"984\" \/>\n\t<meta property=\"og:image:height\" content=\"664\" \/>\n\t<meta property=\"og:image:type\" content=\"image\/jpeg\" \/>\n<meta name=\"author\" content=\"Leonardo Francisco\" \/>\n<meta name=\"twitter:card\" content=\"summary_large_image\" \/>\n<meta name=\"twitter:label1\" content=\"Escrito por\" \/>\n\t<meta name=\"twitter:data1\" content=\"Leonardo Francisco\" \/>\n\t<meta name=\"twitter:label2\" content=\"Est. tempo de leitura\" \/>\n\t<meta name=\"twitter:data2\" content=\"1 minuto\" \/>\n<script type=\"application\/ld+json\" class=\"yoast-schema-graph\">{\"@context\":\"https:\\\/\\\/schema.org\",\"@graph\":[{\"@type\":\"Article\",\"@id\":\"https:\\\/\\\/redenoticiaz.com.br\\\/litoralsp\\\/2021\\\/10\\\/08\\\/video-apartamento-pega-fogo-em-santos-e-gera-grande-mobilizacao-dos-bombeiros#article\",\"isPartOf\":{\"@id\":\"https:\\\/\\\/redenoticiaz.com.br\\\/litoralsp\\\/2021\\\/10\\\/08\\\/video-apartamento-pega-fogo-em-santos-e-gera-grande-mobilizacao-dos-bombeiros\"},\"author\":{\"name\":\"Leonardo Francisco\",\"@id\":\"https:\\\/\\\/redenoticiaz.com.br\\\/litoralsp\\\/#\\\/schema\\\/person\\\/0f0b8a5bdafefe82841e07ae8d81ecb3\"},\"headline\":\"V\u00cdDEO &#8211; Apartamento pega fogo em Santos e gera grande mobiliza\u00e7\u00e3o dos bombeiros\",\"datePublished\":\"2021-10-08T23:13:33+00:00\",\"dateModified\":\"2021-10-08T23:13:53+00:00\",\"mainEntityOfPage\":{\"@id\":\"https:\\\/\\\/redenoticiaz.com.br\\\/litoralsp\\\/2021\\\/10\\\/08\\\/video-apartamento-pega-fogo-em-santos-e-gera-grande-mobilizacao-dos-bombeiros\"},\"wordCount\":195,\"commentCount\":0,\"publisher\":{\"@id\":\"https:\\\/\\\/redenoticiaz.com.br\\\/litoralsp\\\/#organization\"},\"image\":{\"@id\":\"https:\\\/\\\/redenoticiaz.com.br\\\/litoralsp\\\/2021\\\/10\\\/08\\\/video-apartamento-pega-fogo-em-santos-e-gera-grande-mobilizacao-dos-bombeiros#primaryimage\"},\"thumbnailUrl\":\"https:\\\/\\\/redenoticiaz.com.br\\\/litoralsp\\\/wp-content\\\/uploads\\\/sites\\\/3\\\/2021\\\/10\\\/incendio-stos.jpg\",\"keywords\":[\"APARTAMENTO PEGA FOGO\",\"CAMPO GRANDE\",\"CORPO DE BOMBEIROS\",\"inc\u00eandio\",\"Santos\"],\"articleSection\":[\"Pol\u00edcia\",\"Santos\"],\"inLanguage\":\"pt-BR\",\"potentialAction\":[{\"@type\":\"CommentAction\",\"name\":\"Comment\",\"target\":[\"https:\\\/\\\/redenoticiaz.com.br\\\/litoralsp\\\/2021\\\/10\\\/08\\\/video-apartamento-pega-fogo-em-santos-e-gera-grande-mobilizacao-dos-bombeiros#respond\"]}]},{\"@type\":\"WebPage\",\"@id\":\"https:\\\/\\\/redenoticiaz.com.br\\\/litoralsp\\\/2021\\\/10\\\/08\\\/video-apartamento-pega-fogo-em-santos-e-gera-grande-mobilizacao-dos-bombeiros\",\"url\":\"https:\\\/\\\/redenoticiaz.com.br\\\/litoralsp\\\/2021\\\/10\\\/08\\\/video-apartamento-pega-fogo-em-santos-e-gera-grande-mobilizacao-dos-bombeiros\",\"name\":\"V\u00cdDEO - Apartamento pega fogo em Santos e gera grande mobiliza\u00e7\u00e3o dos bombeiros - Litoral SP\",\"isPartOf\":{\"@id\":\"https:\\\/\\\/redenoticiaz.com.br\\\/litoralsp\\\/#website\"},\"primaryImageOfPage\":{\"@id\":\"https:\\\/\\\/redenoticiaz.com.br\\\/litoralsp\\\/2021\\\/10\\\/08\\\/video-apartamento-pega-fogo-em-santos-e-gera-grande-mobilizacao-dos-bombeiros#primaryimage\"},\"image\":{\"@id\":\"https:\\\/\\\/redenoticiaz.com.br\\\/litoralsp\\\/2021\\\/10\\\/08\\\/video-apartamento-pega-fogo-em-santos-e-gera-grande-mobilizacao-dos-bombeiros#primaryimage\"},\"thumbnailUrl\":\"https:\\\/\\\/redenoticiaz.com.br\\\/litoralsp\\\/wp-content\\\/uploads\\\/sites\\\/3\\\/2021\\\/10\\\/incendio-stos.jpg\",\"datePublished\":\"2021-10-08T23:13:33+00:00\",\"dateModified\":\"2021-10-08T23:13:53+00:00\",\"description\":\"de um pr\u00e9dio no Campo Grande, em Santos, levaram um grande susto nesta sexta-feira (8). Um apartamento pegou fogo\",\"inLanguage\":\"pt-BR\",\"potentialAction\":[{\"@type\":\"ReadAction\",\"target\":[\"https:\\\/\\\/redenoticiaz.com.br\\\/litoralsp\\\/2021\\\/10\\\/08\\\/video-apartamento-pega-fogo-em-santos-e-gera-grande-mobilizacao-dos-bombeiros\"]}]},{\"@type\":\"ImageObject\",\"inLanguage\":\"pt-BR\",\"@id\":\"https:\\\/\\\/redenoticiaz.com.br\\\/litoralsp\\\/2021\\\/10\\\/08\\\/video-apartamento-pega-fogo-em-santos-e-gera-grande-mobilizacao-dos-bombeiros#primaryimage\",\"url\":\"https:\\\/\\\/redenoticiaz.com.br\\\/litoralsp\\\/wp-content\\\/uploads\\\/sites\\\/3\\\/2021\\\/10\\\/incendio-stos.jpg\",\"contentUrl\":\"https:\\\/\\\/redenoticiaz.com.br\\\/litoralsp\\\/wp-content\\\/uploads\\\/sites\\\/3\\\/2021\\\/10\\\/incendio-stos.jpg\",\"width\":984,\"height\":664,\"caption\":\"Cr\u00e9ditos: Divulga\u00e7\u00e3o\\\/Arquivo Pessoal.\"},{\"@type\":\"WebSite\",\"@id\":\"https:\\\/\\\/redenoticiaz.com.br\\\/litoralsp\\\/#website\",\"url\":\"https:\\\/\\\/redenoticiaz.com.br\\\/litoralsp\\\/\",\"name\":\"Litoral SP\",\"description\":\"Rede NoticiaZ\",\"publisher\":{\"@id\":\"https:\\\/\\\/redenoticiaz.com.br\\\/litoralsp\\\/#organization\"},\"potentialAction\":[{\"@type\":\"SearchAction\",\"target\":{\"@type\":\"EntryPoint\",\"urlTemplate\":\"https:\\\/\\\/redenoticiaz.com.br\\\/litoralsp\\\/?s={search_term_string}\"},\"query-input\":{\"@type\":\"PropertyValueSpecification\",\"valueRequired\":true,\"valueName\":\"search_term_string\"}}],\"inLanguage\":\"pt-BR\"},{\"@type\":\"Organization\",\"@id\":\"https:\\\/\\\/redenoticiaz.com.br\\\/litoralsp\\\/#organization\",\"name\":\"Litoral SP\",\"url\":\"https:\\\/\\\/redenoticiaz.com.br\\\/litoralsp\\\/\",\"logo\":{\"@type\":\"ImageObject\",\"inLanguage\":\"pt-BR\",\"@id\":\"https:\\\/\\\/redenoticiaz.com.br\\\/litoralsp\\\/#\\\/schema\\\/logo\\\/image\\\/\",\"url\":\"https:\\\/\\\/redenoticiaz.com.br\\\/litoralsp\\\/wp-content\\\/uploads\\\/sites\\\/3\\\/2020\\\/11\\\/logo.jpg\",\"contentUrl\":\"https:\\\/\\\/redenoticiaz.com.br\\\/litoralsp\\\/wp-content\\\/uploads\\\/sites\\\/3\\\/2020\\\/11\\\/logo.jpg\",\"width\":400,\"height\":250,\"caption\":\"Litoral SP\"},\"image\":{\"@id\":\"https:\\\/\\\/redenoticiaz.com.br\\\/litoralsp\\\/#\\\/schema\\\/logo\\\/image\\\/\"}},{\"@type\":\"Person\",\"@id\":\"https:\\\/\\\/redenoticiaz.com.br\\\/litoralsp\\\/#\\\/schema\\\/person\\\/0f0b8a5bdafefe82841e07ae8d81ecb3\",\"name\":\"Leonardo Francisco\",\"image\":{\"@type\":\"ImageObject\",\"inLanguage\":\"pt-BR\",\"@id\":\"https:\\\/\\\/secure.gravatar.com\\\/avatar\\\/a7358cb406a99b682ec6df1e77e31ae82e63601f6784e8a3df411d72b37864da?s=96&d=mm&r=g\",\"url\":\"https:\\\/\\\/secure.gravatar.com\\\/avatar\\\/a7358cb406a99b682ec6df1e77e31ae82e63601f6784e8a3df411d72b37864da?s=96&d=mm&r=g\",\"contentUrl\":\"https:\\\/\\\/secure.gravatar.com\\\/avatar\\\/a7358cb406a99b682ec6df1e77e31ae82e63601f6784e8a3df411d72b37864da?s=96&d=mm&r=g\",\"caption\":\"Leonardo Francisco\"},\"url\":\"https:\\\/\\\/redenoticiaz.com.br\\\/litoralsp\\\/author\\\/leonardo-francisco\"}]}<\/script>\n<!-- \/ Yoast SEO plugin. -->","yoast_head_json":{"title":"V\u00cdDEO - Apartamento pega fogo em Santos e gera grande mobiliza\u00e7\u00e3o dos bombeiros - Litoral SP","description":"de um pr\u00e9dio no Campo Grande, em Santos, levaram um grande susto nesta sexta-feira (8). Um apartamento pegou fogo","robots":{"index":"index","follow":"follow","max-snippet":"max-snippet:-1","max-image-preview":"max-image-preview:large","max-video-preview":"max-video-preview:-1"},"canonical":"https:\/\/redenoticiaz.com.br\/litoralsp\/2021\/10\/08\/video-apartamento-pega-fogo-em-santos-e-gera-grande-mobilizacao-dos-bombeiros","og_locale":"pt_BR","og_type":"article","og_title":"V\u00cdDEO - Apartamento pega fogo em Santos e gera grande mobiliza\u00e7\u00e3o dos bombeiros - Litoral SP","og_description":"de um pr\u00e9dio no Campo Grande, em Santos, levaram um grande susto nesta sexta-feira (8). Um apartamento pegou fogo","og_url":"https:\/\/redenoticiaz.com.br\/litoralsp\/2021\/10\/08\/video-apartamento-pega-fogo-em-santos-e-gera-grande-mobilizacao-dos-bombeiros","og_site_name":"Litoral SP","article_published_time":"2021-10-08T23:13:33+00:00","article_modified_time":"2021-10-08T23:13:53+00:00","og_image":[{"width":984,"height":664,"url":"https:\/\/redenoticiaz.com.br\/litoralsp\/wp-content\/uploads\/sites\/3\/2021\/10\/incendio-stos.jpg","type":"image\/jpeg"}],"author":"Leonardo Francisco","twitter_card":"summary_large_image","twitter_misc":{"Escrito por":"Leonardo Francisco","Est. tempo de leitura":"1 minuto"},"schema":{"@context":"https:\/\/schema.org","@graph":[{"@type":"Article","@id":"https:\/\/redenoticiaz.com.br\/litoralsp\/2021\/10\/08\/video-apartamento-pega-fogo-em-santos-e-gera-grande-mobilizacao-dos-bombeiros#article","isPartOf":{"@id":"https:\/\/redenoticiaz.com.br\/litoralsp\/2021\/10\/08\/video-apartamento-pega-fogo-em-santos-e-gera-grande-mobilizacao-dos-bombeiros"},"author":{"name":"Leonardo Francisco","@id":"https:\/\/redenoticiaz.com.br\/litoralsp\/#\/schema\/person\/0f0b8a5bdafefe82841e07ae8d81ecb3"},"headline":"V\u00cdDEO &#8211; Apartamento pega fogo em Santos e gera grande mobiliza\u00e7\u00e3o dos bombeiros","datePublished":"2021-10-08T23:13:33+00:00","dateModified":"2021-10-08T23:13:53+00:00","mainEntityOfPage":{"@id":"https:\/\/redenoticiaz.com.br\/litoralsp\/2021\/10\/08\/video-apartamento-pega-fogo-em-santos-e-gera-grande-mobilizacao-dos-bombeiros"},"wordCount":195,"commentCount":0,"publisher":{"@id":"https:\/\/redenoticiaz.com.br\/litoralsp\/#organization"},"image":{"@id":"https:\/\/redenoticiaz.com.br\/litoralsp\/2021\/10\/08\/video-apartamento-pega-fogo-em-santos-e-gera-grande-mobilizacao-dos-bombeiros#primaryimage"},"thumbnailUrl":"https:\/\/redenoticiaz.com.br\/litoralsp\/wp-content\/uploads\/sites\/3\/2021\/10\/incendio-stos.jpg","keywords":["APARTAMENTO PEGA FOGO","CAMPO GRANDE","CORPO DE BOMBEIROS","inc\u00eandio","Santos"],"articleSection":["Pol\u00edcia","Santos"],"inLanguage":"pt-BR","potentialAction":[{"@type":"CommentAction","name":"Comment","target":["https:\/\/redenoticiaz.com.br\/litoralsp\/2021\/10\/08\/video-apartamento-pega-fogo-em-santos-e-gera-grande-mobilizacao-dos-bombeiros#respond"]}]},{"@type":"WebPage","@id":"https:\/\/redenoticiaz.com.br\/litoralsp\/2021\/10\/08\/video-apartamento-pega-fogo-em-santos-e-gera-grande-mobilizacao-dos-bombeiros","url":"https:\/\/redenoticiaz.com.br\/litoralsp\/2021\/10\/08\/video-apartamento-pega-fogo-em-santos-e-gera-grande-mobilizacao-dos-bombeiros","name":"V\u00cdDEO - Apartamento pega fogo em Santos e gera grande mobiliza\u00e7\u00e3o dos bombeiros - Litoral SP","isPartOf":{"@id":"https:\/\/redenoticiaz.com.br\/litoralsp\/#website"},"primaryImageOfPage":{"@id":"https:\/\/redenoticiaz.com.br\/litoralsp\/2021\/10\/08\/video-apartamento-pega-fogo-em-santos-e-gera-grande-mobilizacao-dos-bombeiros#primaryimage"},"image":{"@id":"https:\/\/redenoticiaz.com.br\/litoralsp\/2021\/10\/08\/video-apartamento-pega-fogo-em-santos-e-gera-grande-mobilizacao-dos-bombeiros#primaryimage"},"thumbnailUrl":"https:\/\/redenoticiaz.com.br\/litoralsp\/wp-content\/uploads\/sites\/3\/2021\/10\/incendio-stos.jpg","datePublished":"2021-10-08T23:13:33+00:00","dateModified":"2021-10-08T23:13:53+00:00","description":"de um pr\u00e9dio no Campo Grande, em Santos, levaram um grande susto nesta sexta-feira (8). Um apartamento pegou fogo","inLanguage":"pt-BR","potentialAction":[{"@type":"ReadAction","target":["https:\/\/redenoticiaz.com.br\/litoralsp\/2021\/10\/08\/video-apartamento-pega-fogo-em-santos-e-gera-grande-mobilizacao-dos-bombeiros"]}]},{"@type":"ImageObject","inLanguage":"pt-BR","@id":"https:\/\/redenoticiaz.com.br\/litoralsp\/2021\/10\/08\/video-apartamento-pega-fogo-em-santos-e-gera-grande-mobilizacao-dos-bombeiros#primaryimage","url":"https:\/\/redenoticiaz.com.br\/litoralsp\/wp-content\/uploads\/sites\/3\/2021\/10\/incendio-stos.jpg","contentUrl":"https:\/\/redenoticiaz.com.br\/litoralsp\/wp-content\/uploads\/sites\/3\/2021\/10\/incendio-stos.jpg","width":984,"height":664,"caption":"Cr\u00e9ditos: Divulga\u00e7\u00e3o\/Arquivo Pessoal."},{"@type":"WebSite","@id":"https:\/\/redenoticiaz.com.br\/litoralsp\/#website","url":"https:\/\/redenoticiaz.com.br\/litoralsp\/","name":"Litoral SP","description":"Rede NoticiaZ","publisher":{"@id":"https:\/\/redenoticiaz.com.br\/litoralsp\/#organization"},"potentialAction":[{"@type":"SearchAction","target":{"@type":"EntryPoint","urlTemplate":"https:\/\/redenoticiaz.com.br\/litoralsp\/?s={search_term_string}"},"query-input":{"@type":"PropertyValueSpecification","valueRequired":true,"valueName":"search_term_string"}}],"inLanguage":"pt-BR"},{"@type":"Organization","@id":"https:\/\/redenoticiaz.com.br\/litoralsp\/#organization","name":"Litoral SP","url":"https:\/\/redenoticiaz.com.br\/litoralsp\/","logo":{"@type":"ImageObject","inLanguage":"pt-BR","@id":"https:\/\/redenoticiaz.com.br\/litoralsp\/#\/schema\/logo\/image\/","url":"https:\/\/redenoticiaz.com.br\/litoralsp\/wp-content\/uploads\/sites\/3\/2020\/11\/logo.jpg","contentUrl":"https:\/\/redenoticiaz.com.br\/litoralsp\/wp-content\/uploads\/sites\/3\/2020\/11\/logo.jpg","width":400,"height":250,"caption":"Litoral SP"},"image":{"@id":"https:\/\/redenoticiaz.com.br\/litoralsp\/#\/schema\/logo\/image\/"}},{"@type":"Person","@id":"https:\/\/redenoticiaz.com.br\/litoralsp\/#\/schema\/person\/0f0b8a5bdafefe82841e07ae8d81ecb3","name":"Leonardo Francisco","image":{"@type":"ImageObject","inLanguage":"pt-BR","@id":"https:\/\/secure.gravatar.com\/avatar\/a7358cb406a99b682ec6df1e77e31ae82e63601f6784e8a3df411d72b37864da?s=96&d=mm&r=g","url":"https:\/\/secure.gravatar.com\/avatar\/a7358cb406a99b682ec6df1e77e31ae82e63601f6784e8a3df411d72b37864da?s=96&d=mm&r=g","contentUrl":"https:\/\/secure.gravatar.com\/avatar\/a7358cb406a99b682ec6df1e77e31ae82e63601f6784e8a3df411d72b37864da?s=96&d=mm&r=g","caption":"Leonardo Francisco"},"url":"https:\/\/redenoticiaz.com.br\/litoralsp\/author\/leonardo-francisco"}]}},"_links":{"self":[{"href":"https:\/\/redenoticiaz.com.br\/litoralsp\/wp-json\/wp\/v2\/posts\/16179","targetHints":{"allow":["GET"]}}],"collection":[{"href":"https:\/\/redenoticiaz.com.br\/litoralsp\/wp-json\/wp\/v2\/posts"}],"about":[{"href":"https:\/\/redenoticiaz.com.br\/litoralsp\/wp-json\/wp\/v2\/types\/post"}],"author":[{"embeddable":true,"href":"https:\/\/redenoticiaz.com.br\/litoralsp\/wp-json\/wp\/v2\/users\/6"}],"replies":[{"embeddable":true,"href":"https:\/\/redenoticiaz.com.br\/litoralsp\/wp-json\/wp\/v2\/comments?post=16179"}],"version-history":[{"count":1,"href":"https:\/\/redenoticiaz.com.br\/litoralsp\/wp-json\/wp\/v2\/posts\/16179\/revisions"}],"predecessor-version":[{"id":16182,"href":"https:\/\/redenoticiaz.com.br\/litoralsp\/wp-json\/wp\/v2\/posts\/16179\/revisions\/16182"}],"wp:featuredmedia":[{"embeddable":true,"href":"https:\/\/redenoticiaz.com.br\/litoralsp\/wp-json\/wp\/v2\/media\/16181"}],"wp:attachment":[{"href":"https:\/\/redenoticiaz.com.br\/litoralsp\/wp-json\/wp\/v2\/media?parent=16179"}],"wp:term":[{"taxonomy":"category","embeddable":true,"href":"https:\/\/redenoticiaz.com.br\/litoralsp\/wp-json\/wp\/v2\/categories?post=16179"},{"taxonomy":"post_tag","embeddable":true,"href":"https:\/\/redenoticiaz.com.br\/litoralsp\/wp-json\/wp\/v2\/tags?post=16179"}],"curies":[{"name":"wp","href":"https:\/\/api.w.org\/{rel}","templated":true}]}}