{"id":16273,"date":"2021-10-11T10:40:40","date_gmt":"2021-10-11T13:40:40","guid":{"rendered":"https:\/\/redenoticiaz.com.br\/litoralsp\/?p=16273"},"modified":"2021-10-11T10:40:40","modified_gmt":"2021-10-11T13:40:40","slug":"turistas-sao-sequestrados-e-mantidos-em-cativeiro-em-bertioga","status":"publish","type":"post","link":"https:\/\/redenoticiaz.com.br\/litoralsp\/2021\/10\/11\/turistas-sao-sequestrados-e-mantidos-em-cativeiro-em-bertioga","title":{"rendered":"Turistas s\u00e3o sequestrados e mantidos em cativeiro em Bertioga"},"content":{"rendered":"<p><strong>Turistas que vieram de Uberl\u00e2ndia at\u00e9 Bertioga, foram sequestrados por um homem e duas mulheres,<\/strong> no s\u00e1bado, em <a href=\"http:\/\/www.bertioga.sp.gov.br\/\">Bertioga<\/a>. Os sequestradores utilizaram uma casa de veraneio como cativeiro e se apoderou dos celulares das v\u00edtimas para transferir dinheiro das contas por meio de Pix. Caso aconteceu por volta das 23 horas.<\/p>\n<p>O casal saiu da Riviera de S\u00e3o Louren\u00e7o no s\u00e1bado \u00e0 noite, para ir at\u00e9 uma farm\u00e1cia. O rapaz dirigia um carro e as orienta\u00e7\u00f5es transmitidas pelo GPS o levou \u00e0 Rua Lauro Ribeiro da Silva, no Jardim Rafael, que \u00e9 de terra e pouco movimentada. Nesta via, um homem armado com um rev\u00f3lver niquelado, rendeu os turistas, mandou que sa\u00edssem do ve\u00edculo e entrassem em uma casa.<\/p>\n<p>Duas mulheres acompanhavam o criminoso, que possu\u00eda a chave do im\u00f3vel. O casal foi obrigado a ficar no \u00faltimo quarto e teve roubados seis cart\u00f5es banc\u00e1rios, dois celulares, joias e documentos. O trio tamb\u00e9m exigiu que as v\u00edtimas revelassem as suas senhas de banco para realizar as transa\u00e7\u00f5es por Pix. Como os turistas tiveram os telefones levados, eles ainda n\u00e3o apuraram os valores transferidos.<\/p>\n<h2>Dura\u00e7\u00e3o do sequestro<\/h2>\n<p>O sequestro durou cerca de tr\u00eas horas. Os marginais consumiram maconha no cativeiro e chegaram a oferecer a droga \u00e0s v\u00edtimas. O trio foi embora da resid\u00eancia em um Citro\u00ebn C3 preto. O casal aguardou a sa\u00edda dos criminosos para deixar o local com seguran\u00e7a. Neste momento, o publicit\u00e1rio e a engenheira constataram que roupas e outros pertences que estavam em seu carro tamb\u00e9m foram roubados.<\/p>\n<p>Os turistas haviam chegado \u00e0 Riviera na sexta-feira (8). No final da manh\u00e3 de domingo (10), eles compareceram \u00e0 Delegacia de Bertioga e comunicaram o caso \u00e0 equipe do delegado Marco Ant\u00f4nio do Couto Perez. Posteriormente, foi identificado o dono casa usada como cativeiro. Ele informou que um casal apareceu na rua a p\u00e9 alugou o im\u00f3vel para o fim de semana.<\/p>\n<p><strong>LEIA TAMB\u00c9M<\/strong><\/p>\n<p><a href=\"https:\/\/redenoticiaz.com.br\/litoralsp\/2021\/10\/11\/policia-frustra-tentativa-de-furto-no-praiamar-shopping-em-santos\">Pol\u00edcia frustra tentativa de furto no Praiamar Shopping em Santos<\/a><\/p>\n","protected":false},"excerpt":{"rendered":"<p>Turistas que vieram de Uberl\u00e2ndia at\u00e9 Bertioga, foram sequestrados por um homem e duas mulheres, no s\u00e1bado, em Bertioga. Os sequestradores utilizaram uma casa de veraneio como cativeiro e se apoderou dos celulares das v\u00edtimas para transferir dinheiro das contas por meio de Pix. Caso aconteceu por volta das 23 horas. O casal saiu da &hellip;<\/p>\n","protected":false},"author":11,"featured_media":16274,"comment_status":"open","ping_status":"closed","sticky":false,"template":"","format":"standard","meta":{"footnotes":""},"categories":[1107,10],"tags":[7430,1038,7663,939,1764],"class_list":["post-16273","post","type-post","status-publish","format-standard","has-post-thumbnail","hentry","category-bertioga","category-policia","tag-bandidos","tag-bertioga","tag-cativeiro","tag-pix","tag-sequestro"],"yoast_head":"<!-- This site is optimized with the Yoast SEO plugin v27.4 - https:\/\/yoast.com\/product\/yoast-seo-wordpress\/ -->\n<title>Turistas s\u00e3o sequestrados e mantidos em cativeiro em Bertioga - Litoral SP<\/title>\n<meta name=\"description\" content=\"Turistas que vieram de Uberl\u00e2ndia at\u00e9 Bertioga para passear, foram sequestrados por um homem e duas mulheres, no s\u00e1bado, em Bertioga.\" \/>\n<meta name=\"robots\" content=\"index, follow, max-snippet:-1, max-image-preview:large, max-video-preview:-1\" \/>\n<link rel=\"canonical\" href=\"https:\/\/redenoticiaz.com.br\/litoralsp\/2021\/10\/11\/turistas-sao-sequestrados-e-mantidos-em-cativeiro-em-bertioga\" \/>\n<meta property=\"og:locale\" content=\"pt_BR\" \/>\n<meta property=\"og:type\" content=\"article\" \/>\n<meta property=\"og:title\" content=\"Turistas s\u00e3o sequestrados e mantidos em cativeiro em Bertioga - Litoral SP\" \/>\n<meta property=\"og:description\" content=\"Turistas que vieram de Uberl\u00e2ndia at\u00e9 Bertioga para passear, foram sequestrados por um homem e duas mulheres, no s\u00e1bado, em Bertioga.\" \/>\n<meta property=\"og:url\" content=\"https:\/\/redenoticiaz.com.br\/litoralsp\/2021\/10\/11\/turistas-sao-sequestrados-e-mantidos-em-cativeiro-em-bertioga\" \/>\n<meta property=\"og:site_name\" content=\"Litoral SP\" \/>\n<meta property=\"article:published_time\" content=\"2021-10-11T13:40:40+00:00\" \/>\n<meta property=\"og:image\" content=\"https:\/\/redenoticiaz.com.br\/litoralsp\/wp-content\/uploads\/sites\/3\/2021\/10\/whatsapp-image-2021-10-11-at-7-09-18-am.jpg\" \/>\n\t<meta property=\"og:image:width\" content=\"936\" \/>\n\t<meta property=\"og:image:height\" content=\"548\" \/>\n\t<meta property=\"og:image:type\" content=\"image\/jpeg\" \/>\n<meta name=\"twitter:card\" content=\"summary_large_image\" \/>\n<meta name=\"twitter:label1\" content=\"Escrito por\" \/>\n\t<meta name=\"twitter:data1\" content=\"\" \/>\n\t<meta name=\"twitter:label2\" content=\"Est. tempo de leitura\" \/>\n\t<meta name=\"twitter:data2\" content=\"2 minutos\" \/>\n<script type=\"application\/ld+json\" class=\"yoast-schema-graph\">{\"@context\":\"https:\\\/\\\/schema.org\",\"@graph\":[{\"@type\":\"Article\",\"@id\":\"https:\\\/\\\/redenoticiaz.com.br\\\/litoralsp\\\/2021\\\/10\\\/11\\\/turistas-sao-sequestrados-e-mantidos-em-cativeiro-em-bertioga#article\",\"isPartOf\":{\"@id\":\"https:\\\/\\\/redenoticiaz.com.br\\\/litoralsp\\\/2021\\\/10\\\/11\\\/turistas-sao-sequestrados-e-mantidos-em-cativeiro-em-bertioga\"},\"author\":{\"name\":\"\",\"@id\":\"\"},\"headline\":\"Turistas s\u00e3o sequestrados e mantidos em cativeiro em Bertioga\",\"datePublished\":\"2021-10-11T13:40:40+00:00\",\"mainEntityOfPage\":{\"@id\":\"https:\\\/\\\/redenoticiaz.com.br\\\/litoralsp\\\/2021\\\/10\\\/11\\\/turistas-sao-sequestrados-e-mantidos-em-cativeiro-em-bertioga\"},\"wordCount\":359,\"commentCount\":0,\"publisher\":{\"@id\":\"https:\\\/\\\/redenoticiaz.com.br\\\/litoralsp\\\/#organization\"},\"image\":{\"@id\":\"https:\\\/\\\/redenoticiaz.com.br\\\/litoralsp\\\/2021\\\/10\\\/11\\\/turistas-sao-sequestrados-e-mantidos-em-cativeiro-em-bertioga#primaryimage\"},\"thumbnailUrl\":\"https:\\\/\\\/redenoticiaz.com.br\\\/litoralsp\\\/wp-content\\\/uploads\\\/sites\\\/3\\\/2021\\\/10\\\/whatsapp-image-2021-10-11-at-7-09-18-am.jpg\",\"keywords\":[\"BANDIDOS\",\"BERTIOGA\",\"CATIVEIRO\",\"pix\",\"SEQUESTRO\"],\"articleSection\":[\"Bertioga\",\"Pol\u00edcia\"],\"inLanguage\":\"pt-BR\",\"potentialAction\":[{\"@type\":\"CommentAction\",\"name\":\"Comment\",\"target\":[\"https:\\\/\\\/redenoticiaz.com.br\\\/litoralsp\\\/2021\\\/10\\\/11\\\/turistas-sao-sequestrados-e-mantidos-em-cativeiro-em-bertioga#respond\"]}]},{\"@type\":\"WebPage\",\"@id\":\"https:\\\/\\\/redenoticiaz.com.br\\\/litoralsp\\\/2021\\\/10\\\/11\\\/turistas-sao-sequestrados-e-mantidos-em-cativeiro-em-bertioga\",\"url\":\"https:\\\/\\\/redenoticiaz.com.br\\\/litoralsp\\\/2021\\\/10\\\/11\\\/turistas-sao-sequestrados-e-mantidos-em-cativeiro-em-bertioga\",\"name\":\"Turistas s\u00e3o sequestrados e mantidos em cativeiro em Bertioga - Litoral SP\",\"isPartOf\":{\"@id\":\"https:\\\/\\\/redenoticiaz.com.br\\\/litoralsp\\\/#website\"},\"primaryImageOfPage\":{\"@id\":\"https:\\\/\\\/redenoticiaz.com.br\\\/litoralsp\\\/2021\\\/10\\\/11\\\/turistas-sao-sequestrados-e-mantidos-em-cativeiro-em-bertioga#primaryimage\"},\"image\":{\"@id\":\"https:\\\/\\\/redenoticiaz.com.br\\\/litoralsp\\\/2021\\\/10\\\/11\\\/turistas-sao-sequestrados-e-mantidos-em-cativeiro-em-bertioga#primaryimage\"},\"thumbnailUrl\":\"https:\\\/\\\/redenoticiaz.com.br\\\/litoralsp\\\/wp-content\\\/uploads\\\/sites\\\/3\\\/2021\\\/10\\\/whatsapp-image-2021-10-11-at-7-09-18-am.jpg\",\"datePublished\":\"2021-10-11T13:40:40+00:00\",\"description\":\"Turistas que vieram de Uberl\u00e2ndia at\u00e9 Bertioga para passear, foram sequestrados por um homem e duas mulheres, no s\u00e1bado, em Bertioga.\",\"inLanguage\":\"pt-BR\",\"potentialAction\":[{\"@type\":\"ReadAction\",\"target\":[\"https:\\\/\\\/redenoticiaz.com.br\\\/litoralsp\\\/2021\\\/10\\\/11\\\/turistas-sao-sequestrados-e-mantidos-em-cativeiro-em-bertioga\"]}]},{\"@type\":\"ImageObject\",\"inLanguage\":\"pt-BR\",\"@id\":\"https:\\\/\\\/redenoticiaz.com.br\\\/litoralsp\\\/2021\\\/10\\\/11\\\/turistas-sao-sequestrados-e-mantidos-em-cativeiro-em-bertioga#primaryimage\",\"url\":\"https:\\\/\\\/redenoticiaz.com.br\\\/litoralsp\\\/wp-content\\\/uploads\\\/sites\\\/3\\\/2021\\\/10\\\/whatsapp-image-2021-10-11-at-7-09-18-am.jpg\",\"contentUrl\":\"https:\\\/\\\/redenoticiaz.com.br\\\/litoralsp\\\/wp-content\\\/uploads\\\/sites\\\/3\\\/2021\\\/10\\\/whatsapp-image-2021-10-11-at-7-09-18-am.jpg\",\"width\":936,\"height\":548,\"caption\":\"Foto: Divulga\u00e7\u00e3o.\"},{\"@type\":\"WebSite\",\"@id\":\"https:\\\/\\\/redenoticiaz.com.br\\\/litoralsp\\\/#website\",\"url\":\"https:\\\/\\\/redenoticiaz.com.br\\\/litoralsp\\\/\",\"name\":\"Litoral SP\",\"description\":\"Rede NoticiaZ\",\"publisher\":{\"@id\":\"https:\\\/\\\/redenoticiaz.com.br\\\/litoralsp\\\/#organization\"},\"potentialAction\":[{\"@type\":\"SearchAction\",\"target\":{\"@type\":\"EntryPoint\",\"urlTemplate\":\"https:\\\/\\\/redenoticiaz.com.br\\\/litoralsp\\\/?s={search_term_string}\"},\"query-input\":{\"@type\":\"PropertyValueSpecification\",\"valueRequired\":true,\"valueName\":\"search_term_string\"}}],\"inLanguage\":\"pt-BR\"},{\"@type\":\"Organization\",\"@id\":\"https:\\\/\\\/redenoticiaz.com.br\\\/litoralsp\\\/#organization\",\"name\":\"Litoral SP\",\"url\":\"https:\\\/\\\/redenoticiaz.com.br\\\/litoralsp\\\/\",\"logo\":{\"@type\":\"ImageObject\",\"inLanguage\":\"pt-BR\",\"@id\":\"https:\\\/\\\/redenoticiaz.com.br\\\/litoralsp\\\/#\\\/schema\\\/logo\\\/image\\\/\",\"url\":\"https:\\\/\\\/redenoticiaz.com.br\\\/litoralsp\\\/wp-content\\\/uploads\\\/sites\\\/3\\\/2020\\\/11\\\/logo.jpg\",\"contentUrl\":\"https:\\\/\\\/redenoticiaz.com.br\\\/litoralsp\\\/wp-content\\\/uploads\\\/sites\\\/3\\\/2020\\\/11\\\/logo.jpg\",\"width\":400,\"height\":250,\"caption\":\"Litoral SP\"},\"image\":{\"@id\":\"https:\\\/\\\/redenoticiaz.com.br\\\/litoralsp\\\/#\\\/schema\\\/logo\\\/image\\\/\"}},{\"@type\":\"Person\",\"@id\":\"\",\"url\":\"https:\\\/\\\/redenoticiaz.com.br\\\/litoralsp\\\/author\"}]}<\/script>\n<!-- \/ Yoast SEO plugin. -->","yoast_head_json":{"title":"Turistas s\u00e3o sequestrados e mantidos em cativeiro em Bertioga - Litoral SP","description":"Turistas que vieram de Uberl\u00e2ndia at\u00e9 Bertioga para passear, foram sequestrados por um homem e duas mulheres, no s\u00e1bado, em Bertioga.","robots":{"index":"index","follow":"follow","max-snippet":"max-snippet:-1","max-image-preview":"max-image-preview:large","max-video-preview":"max-video-preview:-1"},"canonical":"https:\/\/redenoticiaz.com.br\/litoralsp\/2021\/10\/11\/turistas-sao-sequestrados-e-mantidos-em-cativeiro-em-bertioga","og_locale":"pt_BR","og_type":"article","og_title":"Turistas s\u00e3o sequestrados e mantidos em cativeiro em Bertioga - Litoral SP","og_description":"Turistas que vieram de Uberl\u00e2ndia at\u00e9 Bertioga para passear, foram sequestrados por um homem e duas mulheres, no s\u00e1bado, em Bertioga.","og_url":"https:\/\/redenoticiaz.com.br\/litoralsp\/2021\/10\/11\/turistas-sao-sequestrados-e-mantidos-em-cativeiro-em-bertioga","og_site_name":"Litoral SP","article_published_time":"2021-10-11T13:40:40+00:00","og_image":[{"width":936,"height":548,"url":"https:\/\/redenoticiaz.com.br\/litoralsp\/wp-content\/uploads\/sites\/3\/2021\/10\/whatsapp-image-2021-10-11-at-7-09-18-am.jpg","type":"image\/jpeg"}],"twitter_card":"summary_large_image","twitter_misc":{"Escrito por":"","Est. tempo de leitura":"2 minutos"},"schema":{"@context":"https:\/\/schema.org","@graph":[{"@type":"Article","@id":"https:\/\/redenoticiaz.com.br\/litoralsp\/2021\/10\/11\/turistas-sao-sequestrados-e-mantidos-em-cativeiro-em-bertioga#article","isPartOf":{"@id":"https:\/\/redenoticiaz.com.br\/litoralsp\/2021\/10\/11\/turistas-sao-sequestrados-e-mantidos-em-cativeiro-em-bertioga"},"author":{"name":"","@id":""},"headline":"Turistas s\u00e3o sequestrados e mantidos em cativeiro em Bertioga","datePublished":"2021-10-11T13:40:40+00:00","mainEntityOfPage":{"@id":"https:\/\/redenoticiaz.com.br\/litoralsp\/2021\/10\/11\/turistas-sao-sequestrados-e-mantidos-em-cativeiro-em-bertioga"},"wordCount":359,"commentCount":0,"publisher":{"@id":"https:\/\/redenoticiaz.com.br\/litoralsp\/#organization"},"image":{"@id":"https:\/\/redenoticiaz.com.br\/litoralsp\/2021\/10\/11\/turistas-sao-sequestrados-e-mantidos-em-cativeiro-em-bertioga#primaryimage"},"thumbnailUrl":"https:\/\/redenoticiaz.com.br\/litoralsp\/wp-content\/uploads\/sites\/3\/2021\/10\/whatsapp-image-2021-10-11-at-7-09-18-am.jpg","keywords":["BANDIDOS","BERTIOGA","CATIVEIRO","pix","SEQUESTRO"],"articleSection":["Bertioga","Pol\u00edcia"],"inLanguage":"pt-BR","potentialAction":[{"@type":"CommentAction","name":"Comment","target":["https:\/\/redenoticiaz.com.br\/litoralsp\/2021\/10\/11\/turistas-sao-sequestrados-e-mantidos-em-cativeiro-em-bertioga#respond"]}]},{"@type":"WebPage","@id":"https:\/\/redenoticiaz.com.br\/litoralsp\/2021\/10\/11\/turistas-sao-sequestrados-e-mantidos-em-cativeiro-em-bertioga","url":"https:\/\/redenoticiaz.com.br\/litoralsp\/2021\/10\/11\/turistas-sao-sequestrados-e-mantidos-em-cativeiro-em-bertioga","name":"Turistas s\u00e3o sequestrados e mantidos em cativeiro em Bertioga - Litoral SP","isPartOf":{"@id":"https:\/\/redenoticiaz.com.br\/litoralsp\/#website"},"primaryImageOfPage":{"@id":"https:\/\/redenoticiaz.com.br\/litoralsp\/2021\/10\/11\/turistas-sao-sequestrados-e-mantidos-em-cativeiro-em-bertioga#primaryimage"},"image":{"@id":"https:\/\/redenoticiaz.com.br\/litoralsp\/2021\/10\/11\/turistas-sao-sequestrados-e-mantidos-em-cativeiro-em-bertioga#primaryimage"},"thumbnailUrl":"https:\/\/redenoticiaz.com.br\/litoralsp\/wp-content\/uploads\/sites\/3\/2021\/10\/whatsapp-image-2021-10-11-at-7-09-18-am.jpg","datePublished":"2021-10-11T13:40:40+00:00","description":"Turistas que vieram de Uberl\u00e2ndia at\u00e9 Bertioga para passear, foram sequestrados por um homem e duas mulheres, no s\u00e1bado, em Bertioga.","inLanguage":"pt-BR","potentialAction":[{"@type":"ReadAction","target":["https:\/\/redenoticiaz.com.br\/litoralsp\/2021\/10\/11\/turistas-sao-sequestrados-e-mantidos-em-cativeiro-em-bertioga"]}]},{"@type":"ImageObject","inLanguage":"pt-BR","@id":"https:\/\/redenoticiaz.com.br\/litoralsp\/2021\/10\/11\/turistas-sao-sequestrados-e-mantidos-em-cativeiro-em-bertioga#primaryimage","url":"https:\/\/redenoticiaz.com.br\/litoralsp\/wp-content\/uploads\/sites\/3\/2021\/10\/whatsapp-image-2021-10-11-at-7-09-18-am.jpg","contentUrl":"https:\/\/redenoticiaz.com.br\/litoralsp\/wp-content\/uploads\/sites\/3\/2021\/10\/whatsapp-image-2021-10-11-at-7-09-18-am.jpg","width":936,"height":548,"caption":"Foto: Divulga\u00e7\u00e3o."},{"@type":"WebSite","@id":"https:\/\/redenoticiaz.com.br\/litoralsp\/#website","url":"https:\/\/redenoticiaz.com.br\/litoralsp\/","name":"Litoral SP","description":"Rede NoticiaZ","publisher":{"@id":"https:\/\/redenoticiaz.com.br\/litoralsp\/#organization"},"potentialAction":[{"@type":"SearchAction","target":{"@type":"EntryPoint","urlTemplate":"https:\/\/redenoticiaz.com.br\/litoralsp\/?s={search_term_string}"},"query-input":{"@type":"PropertyValueSpecification","valueRequired":true,"valueName":"search_term_string"}}],"inLanguage":"pt-BR"},{"@type":"Organization","@id":"https:\/\/redenoticiaz.com.br\/litoralsp\/#organization","name":"Litoral SP","url":"https:\/\/redenoticiaz.com.br\/litoralsp\/","logo":{"@type":"ImageObject","inLanguage":"pt-BR","@id":"https:\/\/redenoticiaz.com.br\/litoralsp\/#\/schema\/logo\/image\/","url":"https:\/\/redenoticiaz.com.br\/litoralsp\/wp-content\/uploads\/sites\/3\/2020\/11\/logo.jpg","contentUrl":"https:\/\/redenoticiaz.com.br\/litoralsp\/wp-content\/uploads\/sites\/3\/2020\/11\/logo.jpg","width":400,"height":250,"caption":"Litoral SP"},"image":{"@id":"https:\/\/redenoticiaz.com.br\/litoralsp\/#\/schema\/logo\/image\/"}},{"@type":"Person","@id":"","url":"https:\/\/redenoticiaz.com.br\/litoralsp\/author"}]}},"_links":{"self":[{"href":"https:\/\/redenoticiaz.com.br\/litoralsp\/wp-json\/wp\/v2\/posts\/16273","targetHints":{"allow":["GET"]}}],"collection":[{"href":"https:\/\/redenoticiaz.com.br\/litoralsp\/wp-json\/wp\/v2\/posts"}],"about":[{"href":"https:\/\/redenoticiaz.com.br\/litoralsp\/wp-json\/wp\/v2\/types\/post"}],"author":[{"embeddable":true,"href":"https:\/\/redenoticiaz.com.br\/litoralsp\/wp-json\/wp\/v2\/users\/11"}],"replies":[{"embeddable":true,"href":"https:\/\/redenoticiaz.com.br\/litoralsp\/wp-json\/wp\/v2\/comments?post=16273"}],"version-history":[{"count":1,"href":"https:\/\/redenoticiaz.com.br\/litoralsp\/wp-json\/wp\/v2\/posts\/16273\/revisions"}],"predecessor-version":[{"id":16275,"href":"https:\/\/redenoticiaz.com.br\/litoralsp\/wp-json\/wp\/v2\/posts\/16273\/revisions\/16275"}],"wp:featuredmedia":[{"embeddable":true,"href":"https:\/\/redenoticiaz.com.br\/litoralsp\/wp-json\/wp\/v2\/media\/16274"}],"wp:attachment":[{"href":"https:\/\/redenoticiaz.com.br\/litoralsp\/wp-json\/wp\/v2\/media?parent=16273"}],"wp:term":[{"taxonomy":"category","embeddable":true,"href":"https:\/\/redenoticiaz.com.br\/litoralsp\/wp-json\/wp\/v2\/categories?post=16273"},{"taxonomy":"post_tag","embeddable":true,"href":"https:\/\/redenoticiaz.com.br\/litoralsp\/wp-json\/wp\/v2\/tags?post=16273"}],"curies":[{"name":"wp","href":"https:\/\/api.w.org\/{rel}","templated":true}]}}