{"id":16287,"date":"2021-10-11T10:57:49","date_gmt":"2021-10-11T13:57:49","guid":{"rendered":"https:\/\/redenoticiaz.com.br\/litoralsp\/?p=16287"},"modified":"2021-10-11T10:57:49","modified_gmt":"2021-10-11T13:57:49","slug":"sete-vans-sao-impedidas-de-entrar-em-santos-neste-final-de-semana","status":"publish","type":"post","link":"https:\/\/redenoticiaz.com.br\/litoralsp\/2021\/10\/11\/sete-vans-sao-impedidas-de-entrar-em-santos-neste-final-de-semana","title":{"rendered":"Sete vans s\u00e3o impedidas de entrar em Santos neste final de semana"},"content":{"rendered":"<div class=\"mc-column content-text active-extra-styles \" data-block-type=\"unstyled\" data-block-weight=\"61\" data-block-id=\"2\">\n<p class=\"content-text__container \" data-track-category=\"Link no Texto\" data-track-links=\"\"><strong>Sete vans foram impedidas de entrar<\/strong> em <a href=\"https:\/\/www.santos.sp.gov.br\/\">Santos<\/a>, neste domingo. Os ve\u00edculos passaram pela barreira sanit\u00e1ria organizada pela Prefeitura de Santos, na entrada da cidade. Segundo a prefeitura, elas vieram de S\u00e3o Paulo e n\u00e3o tinham autoriza\u00e7\u00e3o. Emitida pelo Sistema de Turismo (Sistur) para entrar no munic\u00edpio, por isso, e precisaram retornar \u00e0 capital paulista.<\/p>\n<\/div>\n<div class=\"wall protected-content\">\n<div class=\"mc-column content-text active-extra-styles \" data-block-type=\"unstyled\" data-block-weight=\"48\" data-block-id=\"3\">\n<p class=\"content-text__container \" data-track-category=\"Link no Texto\" data-track-links=\"\">A barreira sanit\u00e1ria foi realizada das 6h30 \u00e0s 10h. Por equipes da Guarda Civil Municipal (GCM) e da Companhia de Engenharia de Tr\u00e1fego (CET), na Avenida Martins Fontes, no Sabo\u00f3. A opera\u00e7\u00e3o segue na entrada da cidade at\u00e9 ter\u00e7a-feira (12), feriado de Nossa Senhora Aparecida, padroeira do Brasil.<\/p>\n<\/div>\n<div class=\"mc-column content-text active-extra-styles \" data-block-type=\"unstyled\" data-block-weight=\"38\" data-block-id=\"4\">\n<p class=\"content-text__container \" data-track-category=\"Link no Texto\" data-track-links=\"\">A a\u00e7\u00e3o \u00e9 realizada para impedir a entrada de \u00f4nibus, vans e micro-\u00f4nibus de turismo n\u00e3o cadastrados no Sistur. Desde o final de novembro, a prefeitura n\u00e3o concede novas autoriza\u00e7\u00f5es para ve\u00edculos com turistas de um dia.<\/p>\n<\/div>\n<div class=\"mc-column content-text active-extra-styles \" data-block-type=\"unstyled\" data-block-weight=\"29\" data-block-id=\"5\">\n<p class=\"content-text__container \" data-track-category=\"Link no Texto\" data-track-links=\"\">Segundo a prefeitura, est\u00e1 liberado apenas o acesso de ve\u00edculos cujos passageiros comprovem reserva de pelo menos um pernoite na cidade ou\u00a0<em>city tour<\/em>\u00a0com destino a equipamentos tur\u00edsticos.<\/p>\n<\/div>\n<div class=\"mc-column content-text active-extra-styles\" data-block-type=\"raw\" data-block-weight=\"1\" data-block-id=\"6\">\n<div class=\"content-intertitle\">\n<h2>Fiscaliza\u00e7\u00e3o<\/h2>\n<\/div>\n<\/div>\n<div class=\"mc-column content-text active-extra-styles \" data-block-type=\"unstyled\" data-block-weight=\"46\" data-block-id=\"7\">\n<p class=\"content-text__container \" data-track-category=\"Link no Texto\" data-track-links=\"\">As cidades da Baixada Santista\u00a0refor\u00e7aram a fiscaliza\u00e7\u00e3o para\u00a0<span class=\"highlight highlighted\">coibir aglomera\u00e7\u00f5es e festas clandestinas<\/span>na regi\u00e3o durante o feriado prolongado de Nossa Senhora de Aparecida, que come\u00e7ou no s\u00e1bado e segue at\u00e9 ter\u00e7a-feira (12). As medidas visam evitar o avan\u00e7o da transmiss\u00e3o da Covid-19 na regi\u00e3o.<\/p>\n<div class=\"mid-mc-placeholder\">Segundo a Ecovias, concession\u00e1ria respons\u00e1vel pelo Sistema Anchieta-Imigrantes, \u00e9 esperada a descida de\u00a0250 mil a 380 mil ve\u00edculos em dire\u00e7\u00e3o \u00e0 Baixada Santista, entre 0h desta sexta-feira e 0h de ter\u00e7a-feira, dia do feriado.<\/div>\n<\/div>\n<\/div>\n<div><\/div>\n<div><strong>LEIA TAMB\u00c9M<\/strong><\/div>\n<div><a href=\"https:\/\/redenoticiaz.com.br\/litoralsp\/2021\/10\/11\/praia-de-boicucanga-recebera-1a-etapa-do-circuito-brasileiro-de-skimboard\">Praia de Boi\u00e7ucanga receber\u00e1 1\u00aa Etapa do Circuito Brasileiro de Skimboard<\/a><\/div>\n","protected":false},"excerpt":{"rendered":"<p>Sete vans foram impedidas de entrar em Santos, neste domingo. Os ve\u00edculos passaram pela barreira sanit\u00e1ria organizada pela Prefeitura de Santos, na entrada da cidade. Segundo a prefeitura, elas vieram de S\u00e3o Paulo e n\u00e3o tinham autoriza\u00e7\u00e3o. Emitida pelo Sistema de Turismo (Sistur) para entrar no munic\u00edpio, por isso, e precisaram retornar \u00e0 capital paulista. &hellip;<\/p>\n","protected":false},"author":11,"featured_media":16288,"comment_status":"open","ping_status":"closed","sticky":false,"template":"","format":"standard","meta":{"footnotes":""},"categories":[10,180],"tags":[7482,37760,37761,37759],"class_list":["post-16287","post","type-post","status-publish","format-standard","has-post-thumbnail","hentry","category-policia","category-santos","tag-entrada-de-santos","tag-proibida","tag-sem-autorizacao","tag-vans"],"yoast_head":"<!-- This site is optimized with the Yoast SEO plugin v27.5 - https:\/\/yoast.com\/product\/yoast-seo-wordpress\/ -->\n<title>Sete vans s\u00e3o impedidas de entrar em Santos neste final de semana - Litoral SP<\/title>\n<meta name=\"description\" content=\"Sete vans foram impedidas de entrar em Santos, neste domingo. Os ve\u00edculos passaram pela barreira sanit\u00e1ria organizada pela Prefeitura de Santos,\" \/>\n<meta name=\"robots\" content=\"index, follow, max-snippet:-1, max-image-preview:large, max-video-preview:-1\" \/>\n<link rel=\"canonical\" href=\"https:\/\/redenoticiaz.com.br\/litoralsp\/2021\/10\/11\/sete-vans-sao-impedidas-de-entrar-em-santos-neste-final-de-semana\" \/>\n<meta property=\"og:locale\" content=\"pt_BR\" \/>\n<meta property=\"og:type\" content=\"article\" \/>\n<meta property=\"og:title\" content=\"Sete vans s\u00e3o impedidas de entrar em Santos neste final de semana - Litoral SP\" \/>\n<meta property=\"og:description\" content=\"Sete vans foram impedidas de entrar em Santos, neste domingo. Os ve\u00edculos passaram pela barreira sanit\u00e1ria organizada pela Prefeitura de Santos,\" \/>\n<meta property=\"og:url\" content=\"https:\/\/redenoticiaz.com.br\/litoralsp\/2021\/10\/11\/sete-vans-sao-impedidas-de-entrar-em-santos-neste-final-de-semana\" \/>\n<meta property=\"og:site_name\" content=\"Litoral SP\" \/>\n<meta property=\"article:published_time\" content=\"2021-10-11T13:57:49+00:00\" \/>\n<meta property=\"og:image\" content=\"https:\/\/redenoticiaz.com.br\/litoralsp\/wp-content\/uploads\/sites\/3\/2021\/10\/barreira.jpeg\" \/>\n\t<meta property=\"og:image:width\" content=\"984\" \/>\n\t<meta property=\"og:image:height\" content=\"546\" \/>\n\t<meta property=\"og:image:type\" content=\"image\/jpeg\" \/>\n<meta name=\"twitter:card\" content=\"summary_large_image\" \/>\n<meta name=\"twitter:label1\" content=\"Escrito por\" \/>\n\t<meta name=\"twitter:data1\" content=\"\" \/>\n\t<meta name=\"twitter:label2\" content=\"Est. tempo de leitura\" \/>\n\t<meta name=\"twitter:data2\" content=\"1 minuto\" \/>\n<script type=\"application\/ld+json\" class=\"yoast-schema-graph\">{\"@context\":\"https:\\\/\\\/schema.org\",\"@graph\":[{\"@type\":\"Article\",\"@id\":\"https:\\\/\\\/redenoticiaz.com.br\\\/litoralsp\\\/2021\\\/10\\\/11\\\/sete-vans-sao-impedidas-de-entrar-em-santos-neste-final-de-semana#article\",\"isPartOf\":{\"@id\":\"https:\\\/\\\/redenoticiaz.com.br\\\/litoralsp\\\/2021\\\/10\\\/11\\\/sete-vans-sao-impedidas-de-entrar-em-santos-neste-final-de-semana\"},\"author\":{\"name\":\"\",\"@id\":\"\"},\"headline\":\"Sete vans s\u00e3o impedidas de entrar em Santos neste final de semana\",\"datePublished\":\"2021-10-11T13:57:49+00:00\",\"mainEntityOfPage\":{\"@id\":\"https:\\\/\\\/redenoticiaz.com.br\\\/litoralsp\\\/2021\\\/10\\\/11\\\/sete-vans-sao-impedidas-de-entrar-em-santos-neste-final-de-semana\"},\"wordCount\":303,\"commentCount\":0,\"publisher\":{\"@id\":\"https:\\\/\\\/redenoticiaz.com.br\\\/litoralsp\\\/#organization\"},\"image\":{\"@id\":\"https:\\\/\\\/redenoticiaz.com.br\\\/litoralsp\\\/2021\\\/10\\\/11\\\/sete-vans-sao-impedidas-de-entrar-em-santos-neste-final-de-semana#primaryimage\"},\"thumbnailUrl\":\"https:\\\/\\\/redenoticiaz.com.br\\\/litoralsp\\\/wp-content\\\/uploads\\\/sites\\\/3\\\/2021\\\/10\\\/barreira.jpeg\",\"keywords\":[\"ENTRADA DE SANTOS\",\"PROIBIDA\",\"SEM AUTORIZA\u00c7\u00c3O\",\"VANS\"],\"articleSection\":[\"Pol\u00edcia\",\"Santos\"],\"inLanguage\":\"pt-BR\",\"potentialAction\":[{\"@type\":\"CommentAction\",\"name\":\"Comment\",\"target\":[\"https:\\\/\\\/redenoticiaz.com.br\\\/litoralsp\\\/2021\\\/10\\\/11\\\/sete-vans-sao-impedidas-de-entrar-em-santos-neste-final-de-semana#respond\"]}]},{\"@type\":\"WebPage\",\"@id\":\"https:\\\/\\\/redenoticiaz.com.br\\\/litoralsp\\\/2021\\\/10\\\/11\\\/sete-vans-sao-impedidas-de-entrar-em-santos-neste-final-de-semana\",\"url\":\"https:\\\/\\\/redenoticiaz.com.br\\\/litoralsp\\\/2021\\\/10\\\/11\\\/sete-vans-sao-impedidas-de-entrar-em-santos-neste-final-de-semana\",\"name\":\"Sete vans s\u00e3o impedidas de entrar em Santos neste final de semana - Litoral SP\",\"isPartOf\":{\"@id\":\"https:\\\/\\\/redenoticiaz.com.br\\\/litoralsp\\\/#website\"},\"primaryImageOfPage\":{\"@id\":\"https:\\\/\\\/redenoticiaz.com.br\\\/litoralsp\\\/2021\\\/10\\\/11\\\/sete-vans-sao-impedidas-de-entrar-em-santos-neste-final-de-semana#primaryimage\"},\"image\":{\"@id\":\"https:\\\/\\\/redenoticiaz.com.br\\\/litoralsp\\\/2021\\\/10\\\/11\\\/sete-vans-sao-impedidas-de-entrar-em-santos-neste-final-de-semana#primaryimage\"},\"thumbnailUrl\":\"https:\\\/\\\/redenoticiaz.com.br\\\/litoralsp\\\/wp-content\\\/uploads\\\/sites\\\/3\\\/2021\\\/10\\\/barreira.jpeg\",\"datePublished\":\"2021-10-11T13:57:49+00:00\",\"description\":\"Sete vans foram impedidas de entrar em Santos, neste domingo. Os ve\u00edculos passaram pela barreira sanit\u00e1ria organizada pela Prefeitura de Santos,\",\"inLanguage\":\"pt-BR\",\"potentialAction\":[{\"@type\":\"ReadAction\",\"target\":[\"https:\\\/\\\/redenoticiaz.com.br\\\/litoralsp\\\/2021\\\/10\\\/11\\\/sete-vans-sao-impedidas-de-entrar-em-santos-neste-final-de-semana\"]}]},{\"@type\":\"ImageObject\",\"inLanguage\":\"pt-BR\",\"@id\":\"https:\\\/\\\/redenoticiaz.com.br\\\/litoralsp\\\/2021\\\/10\\\/11\\\/sete-vans-sao-impedidas-de-entrar-em-santos-neste-final-de-semana#primaryimage\",\"url\":\"https:\\\/\\\/redenoticiaz.com.br\\\/litoralsp\\\/wp-content\\\/uploads\\\/sites\\\/3\\\/2021\\\/10\\\/barreira.jpeg\",\"contentUrl\":\"https:\\\/\\\/redenoticiaz.com.br\\\/litoralsp\\\/wp-content\\\/uploads\\\/sites\\\/3\\\/2021\\\/10\\\/barreira.jpeg\",\"width\":984,\"height\":546,\"caption\":\"Foto: Prefeitura de Santos.\"},{\"@type\":\"WebSite\",\"@id\":\"https:\\\/\\\/redenoticiaz.com.br\\\/litoralsp\\\/#website\",\"url\":\"https:\\\/\\\/redenoticiaz.com.br\\\/litoralsp\\\/\",\"name\":\"Litoral SP\",\"description\":\"Rede NoticiaZ\",\"publisher\":{\"@id\":\"https:\\\/\\\/redenoticiaz.com.br\\\/litoralsp\\\/#organization\"},\"potentialAction\":[{\"@type\":\"SearchAction\",\"target\":{\"@type\":\"EntryPoint\",\"urlTemplate\":\"https:\\\/\\\/redenoticiaz.com.br\\\/litoralsp\\\/?s={search_term_string}\"},\"query-input\":{\"@type\":\"PropertyValueSpecification\",\"valueRequired\":true,\"valueName\":\"search_term_string\"}}],\"inLanguage\":\"pt-BR\"},{\"@type\":\"Organization\",\"@id\":\"https:\\\/\\\/redenoticiaz.com.br\\\/litoralsp\\\/#organization\",\"name\":\"Litoral SP\",\"url\":\"https:\\\/\\\/redenoticiaz.com.br\\\/litoralsp\\\/\",\"logo\":{\"@type\":\"ImageObject\",\"inLanguage\":\"pt-BR\",\"@id\":\"https:\\\/\\\/redenoticiaz.com.br\\\/litoralsp\\\/#\\\/schema\\\/logo\\\/image\\\/\",\"url\":\"https:\\\/\\\/redenoticiaz.com.br\\\/litoralsp\\\/wp-content\\\/uploads\\\/sites\\\/3\\\/2020\\\/11\\\/logo.jpg\",\"contentUrl\":\"https:\\\/\\\/redenoticiaz.com.br\\\/litoralsp\\\/wp-content\\\/uploads\\\/sites\\\/3\\\/2020\\\/11\\\/logo.jpg\",\"width\":400,\"height\":250,\"caption\":\"Litoral SP\"},\"image\":{\"@id\":\"https:\\\/\\\/redenoticiaz.com.br\\\/litoralsp\\\/#\\\/schema\\\/logo\\\/image\\\/\"}},{\"@type\":\"Person\",\"@id\":\"\",\"url\":\"https:\\\/\\\/redenoticiaz.com.br\\\/litoralsp\\\/author\"}]}<\/script>\n<!-- \/ Yoast SEO plugin. -->","yoast_head_json":{"title":"Sete vans s\u00e3o impedidas de entrar em Santos neste final de semana - Litoral SP","description":"Sete vans foram impedidas de entrar em Santos, neste domingo. Os ve\u00edculos passaram pela barreira sanit\u00e1ria organizada pela Prefeitura de Santos,","robots":{"index":"index","follow":"follow","max-snippet":"max-snippet:-1","max-image-preview":"max-image-preview:large","max-video-preview":"max-video-preview:-1"},"canonical":"https:\/\/redenoticiaz.com.br\/litoralsp\/2021\/10\/11\/sete-vans-sao-impedidas-de-entrar-em-santos-neste-final-de-semana","og_locale":"pt_BR","og_type":"article","og_title":"Sete vans s\u00e3o impedidas de entrar em Santos neste final de semana - Litoral SP","og_description":"Sete vans foram impedidas de entrar em Santos, neste domingo. Os ve\u00edculos passaram pela barreira sanit\u00e1ria organizada pela Prefeitura de Santos,","og_url":"https:\/\/redenoticiaz.com.br\/litoralsp\/2021\/10\/11\/sete-vans-sao-impedidas-de-entrar-em-santos-neste-final-de-semana","og_site_name":"Litoral SP","article_published_time":"2021-10-11T13:57:49+00:00","og_image":[{"width":984,"height":546,"url":"https:\/\/redenoticiaz.com.br\/litoralsp\/wp-content\/uploads\/sites\/3\/2021\/10\/barreira.jpeg","type":"image\/jpeg"}],"twitter_card":"summary_large_image","twitter_misc":{"Escrito por":"","Est. tempo de leitura":"1 minuto"},"schema":{"@context":"https:\/\/schema.org","@graph":[{"@type":"Article","@id":"https:\/\/redenoticiaz.com.br\/litoralsp\/2021\/10\/11\/sete-vans-sao-impedidas-de-entrar-em-santos-neste-final-de-semana#article","isPartOf":{"@id":"https:\/\/redenoticiaz.com.br\/litoralsp\/2021\/10\/11\/sete-vans-sao-impedidas-de-entrar-em-santos-neste-final-de-semana"},"author":{"name":"","@id":""},"headline":"Sete vans s\u00e3o impedidas de entrar em Santos neste final de semana","datePublished":"2021-10-11T13:57:49+00:00","mainEntityOfPage":{"@id":"https:\/\/redenoticiaz.com.br\/litoralsp\/2021\/10\/11\/sete-vans-sao-impedidas-de-entrar-em-santos-neste-final-de-semana"},"wordCount":303,"commentCount":0,"publisher":{"@id":"https:\/\/redenoticiaz.com.br\/litoralsp\/#organization"},"image":{"@id":"https:\/\/redenoticiaz.com.br\/litoralsp\/2021\/10\/11\/sete-vans-sao-impedidas-de-entrar-em-santos-neste-final-de-semana#primaryimage"},"thumbnailUrl":"https:\/\/redenoticiaz.com.br\/litoralsp\/wp-content\/uploads\/sites\/3\/2021\/10\/barreira.jpeg","keywords":["ENTRADA DE SANTOS","PROIBIDA","SEM AUTORIZA\u00c7\u00c3O","VANS"],"articleSection":["Pol\u00edcia","Santos"],"inLanguage":"pt-BR","potentialAction":[{"@type":"CommentAction","name":"Comment","target":["https:\/\/redenoticiaz.com.br\/litoralsp\/2021\/10\/11\/sete-vans-sao-impedidas-de-entrar-em-santos-neste-final-de-semana#respond"]}]},{"@type":"WebPage","@id":"https:\/\/redenoticiaz.com.br\/litoralsp\/2021\/10\/11\/sete-vans-sao-impedidas-de-entrar-em-santos-neste-final-de-semana","url":"https:\/\/redenoticiaz.com.br\/litoralsp\/2021\/10\/11\/sete-vans-sao-impedidas-de-entrar-em-santos-neste-final-de-semana","name":"Sete vans s\u00e3o impedidas de entrar em Santos neste final de semana - Litoral SP","isPartOf":{"@id":"https:\/\/redenoticiaz.com.br\/litoralsp\/#website"},"primaryImageOfPage":{"@id":"https:\/\/redenoticiaz.com.br\/litoralsp\/2021\/10\/11\/sete-vans-sao-impedidas-de-entrar-em-santos-neste-final-de-semana#primaryimage"},"image":{"@id":"https:\/\/redenoticiaz.com.br\/litoralsp\/2021\/10\/11\/sete-vans-sao-impedidas-de-entrar-em-santos-neste-final-de-semana#primaryimage"},"thumbnailUrl":"https:\/\/redenoticiaz.com.br\/litoralsp\/wp-content\/uploads\/sites\/3\/2021\/10\/barreira.jpeg","datePublished":"2021-10-11T13:57:49+00:00","description":"Sete vans foram impedidas de entrar em Santos, neste domingo. Os ve\u00edculos passaram pela barreira sanit\u00e1ria organizada pela Prefeitura de Santos,","inLanguage":"pt-BR","potentialAction":[{"@type":"ReadAction","target":["https:\/\/redenoticiaz.com.br\/litoralsp\/2021\/10\/11\/sete-vans-sao-impedidas-de-entrar-em-santos-neste-final-de-semana"]}]},{"@type":"ImageObject","inLanguage":"pt-BR","@id":"https:\/\/redenoticiaz.com.br\/litoralsp\/2021\/10\/11\/sete-vans-sao-impedidas-de-entrar-em-santos-neste-final-de-semana#primaryimage","url":"https:\/\/redenoticiaz.com.br\/litoralsp\/wp-content\/uploads\/sites\/3\/2021\/10\/barreira.jpeg","contentUrl":"https:\/\/redenoticiaz.com.br\/litoralsp\/wp-content\/uploads\/sites\/3\/2021\/10\/barreira.jpeg","width":984,"height":546,"caption":"Foto: Prefeitura de Santos."},{"@type":"WebSite","@id":"https:\/\/redenoticiaz.com.br\/litoralsp\/#website","url":"https:\/\/redenoticiaz.com.br\/litoralsp\/","name":"Litoral SP","description":"Rede NoticiaZ","publisher":{"@id":"https:\/\/redenoticiaz.com.br\/litoralsp\/#organization"},"potentialAction":[{"@type":"SearchAction","target":{"@type":"EntryPoint","urlTemplate":"https:\/\/redenoticiaz.com.br\/litoralsp\/?s={search_term_string}"},"query-input":{"@type":"PropertyValueSpecification","valueRequired":true,"valueName":"search_term_string"}}],"inLanguage":"pt-BR"},{"@type":"Organization","@id":"https:\/\/redenoticiaz.com.br\/litoralsp\/#organization","name":"Litoral SP","url":"https:\/\/redenoticiaz.com.br\/litoralsp\/","logo":{"@type":"ImageObject","inLanguage":"pt-BR","@id":"https:\/\/redenoticiaz.com.br\/litoralsp\/#\/schema\/logo\/image\/","url":"https:\/\/redenoticiaz.com.br\/litoralsp\/wp-content\/uploads\/sites\/3\/2020\/11\/logo.jpg","contentUrl":"https:\/\/redenoticiaz.com.br\/litoralsp\/wp-content\/uploads\/sites\/3\/2020\/11\/logo.jpg","width":400,"height":250,"caption":"Litoral SP"},"image":{"@id":"https:\/\/redenoticiaz.com.br\/litoralsp\/#\/schema\/logo\/image\/"}},{"@type":"Person","@id":"","url":"https:\/\/redenoticiaz.com.br\/litoralsp\/author"}]}},"_links":{"self":[{"href":"https:\/\/redenoticiaz.com.br\/litoralsp\/wp-json\/wp\/v2\/posts\/16287","targetHints":{"allow":["GET"]}}],"collection":[{"href":"https:\/\/redenoticiaz.com.br\/litoralsp\/wp-json\/wp\/v2\/posts"}],"about":[{"href":"https:\/\/redenoticiaz.com.br\/litoralsp\/wp-json\/wp\/v2\/types\/post"}],"author":[{"embeddable":true,"href":"https:\/\/redenoticiaz.com.br\/litoralsp\/wp-json\/wp\/v2\/users\/11"}],"replies":[{"embeddable":true,"href":"https:\/\/redenoticiaz.com.br\/litoralsp\/wp-json\/wp\/v2\/comments?post=16287"}],"version-history":[{"count":1,"href":"https:\/\/redenoticiaz.com.br\/litoralsp\/wp-json\/wp\/v2\/posts\/16287\/revisions"}],"predecessor-version":[{"id":16289,"href":"https:\/\/redenoticiaz.com.br\/litoralsp\/wp-json\/wp\/v2\/posts\/16287\/revisions\/16289"}],"wp:featuredmedia":[{"embeddable":true,"href":"https:\/\/redenoticiaz.com.br\/litoralsp\/wp-json\/wp\/v2\/media\/16288"}],"wp:attachment":[{"href":"https:\/\/redenoticiaz.com.br\/litoralsp\/wp-json\/wp\/v2\/media?parent=16287"}],"wp:term":[{"taxonomy":"category","embeddable":true,"href":"https:\/\/redenoticiaz.com.br\/litoralsp\/wp-json\/wp\/v2\/categories?post=16287"},{"taxonomy":"post_tag","embeddable":true,"href":"https:\/\/redenoticiaz.com.br\/litoralsp\/wp-json\/wp\/v2\/tags?post=16287"}],"curies":[{"name":"wp","href":"https:\/\/api.w.org\/{rel}","templated":true}]}}