{"id":16300,"date":"2021-10-11T11:34:02","date_gmt":"2021-10-11T14:34:02","guid":{"rendered":"https:\/\/redenoticiaz.com.br\/litoralsp\/2021\/10\/11\/coquetel-da-astrazeneca-e-esperanca-contra-novos-casos-e-mortes-por-coronavirus"},"modified":"2021-10-11T11:38:40","modified_gmt":"2021-10-11T14:38:40","slug":"coquetel-da-astrazeneca-e-esperanca-contra-novos-casos-e-mortes-por-coronavirus","status":"publish","type":"post","link":"https:\/\/redenoticiaz.com.br\/litoralsp\/2021\/10\/11\/coquetel-da-astrazeneca-e-esperanca-contra-novos-casos-e-mortes-por-coronavirus","title":{"rendered":"Coquetel da AstraZeneca \u00e9 esperan\u00e7a contra novos casos e mortes por coronav\u00edrus"},"content":{"rendered":"<p>Mais um medicamento est\u00e1 sendo desenvolvido para combater a Covid-19. A farmac\u00eautica <a href=\"https:\/\/www.astrazeneca.com.br\/\">AstraZeneca<\/a> est\u00e1 desenvolvendo um <strong>coquetel<\/strong> de drogas experimentais. E de acordo com os estudos, ela se mostrou eficaz na redu\u00e7\u00e3o de casos graves e mortes em pacientes n\u00e3o hospitalizados, informou a companhia nesta segunda-feira (11) em um comunicado.<\/p>\n<div class=\"wall protected-content\">\n<div class=\"mc-column content-text active-extra-styles \" data-block-type=\"unstyled\" data-block-weight=\"32\" data-block-id=\"3\">\n<p class=\"content-text__container \" data-track-category=\"Link no Texto\" data-track-links=\"\">No entanto, os resultados ainda n\u00e3o foram avaliados por outros cientistas e nem mesmo publicados em revista cient\u00edfica. A AstraZeneca produz a chamada vacina de Oxford &#8211; fabricada no Brasil em parceria com a Fiocruz.<\/p>\n<p data-track-category=\"Link no Texto\" data-track-links=\"\">O medicamento, chamado\u00a0<strong>AZD7442<\/strong>, reduziu em 50% o risco de desenvolver a forma grave da doen\u00e7a e morte em pacientes sintom\u00e1ticos, afirmou a farmac\u00eautica. O estudo acompanhou cerca de 900 pacientes. O coquetel injet\u00e1vel \u00e9 sugerido como uma forma de proteger pessoas que, por algum motivo, n\u00e3o produziram resposta imune suficiente com a vacina\u00e7\u00e3o.<\/p>\n<div class=\"mc-column content-text active-extra-styles\" data-block-type=\"raw\" data-block-weight=\"28\" data-block-id=\"9\">\n<blockquote class=\"content-blockquote theme-border-color-primary-before\"><p>&#8220;Uma interven\u00e7\u00e3o precoce pode dar uma redu\u00e7\u00e3o significativa na progress\u00e3o para doen\u00e7a grave, com prote\u00e7\u00e3o cont\u00ednua por mais de seis meses&#8221;, disse Mene Pangalos, vice-presidente executivo da AstraZeneca.<\/p><\/blockquote>\n<\/div>\n<div class=\"mc-column content-text active-extra-styles \" data-block-type=\"unstyled\" data-block-weight=\"35\" data-block-id=\"10\">\n<p class=\"content-text__container \" data-track-category=\"Link no Texto\" data-track-links=\"\">A companhia informou que ir\u00e1 discutir os resultados com &#8220;autoridades sanit\u00e1rias&#8221;, sem especificar. Na semana passada, a farmac\u00eautica solicitou aprova\u00e7\u00e3o de emerg\u00eancia dos reguladores dos\u00a0Estados Unidos\u00a0para seu uso como uma droga de preven\u00e7\u00e3o.<\/p>\n<p data-track-category=\"Link no Texto\" data-track-links=\"\"><strong>LEIA TAMB\u00c9M<\/strong><\/p>\n<p data-track-category=\"Link no Texto\" data-track-links=\"\"><a href=\"https:\/\/redenoticiaz.com.br\/blog\/2021\/10\/01\/pilula-contra-a-covid-produzida-pela-merck-pode-reduzir-em-50-o-risco-de-morte-e-internacao\">P\u00edlula contra a Covid produzida pela Merck pode reduzir em 50% o risco de morte e interna\u00e7\u00e3o<\/a><\/p>\n<\/div>\n<\/div>\n<\/div>\n","protected":false},"excerpt":{"rendered":"<p>Mais um medicamento est\u00e1 sendo desenvolvido para combater a Covid-19. A farmac\u00eautica AstraZeneca est\u00e1 desenvolvendo um coquetel de drogas experimentais. E de acordo com os estudos, ela se mostrou eficaz na redu\u00e7\u00e3o de casos graves e mortes em pacientes n\u00e3o hospitalizados, informou a companhia nesta segunda-feira (11) em um comunicado. No entanto, os resultados ainda &hellip;<\/p>\n","protected":false},"author":6,"featured_media":16301,"comment_status":"open","ping_status":"closed","sticky":false,"template":"","format":"standard","meta":{"footnotes":""},"categories":[84,23],"tags":[1454,37777,13174,26906,7670,2621],"class_list":["post-16300","post","type-post","status-publish","format-standard","has-post-thumbnail","hentry","category-mundo","category-saude","tag-astrazeneca","tag-coquetel-contra-a-covid","tag-estudos","tag-reducao-de-casos","tag-reducao-de-mortes","tag-reino-unido"],"yoast_head":"<!-- This site is optimized with the Yoast SEO plugin v27.5 - https:\/\/yoast.com\/product\/yoast-seo-wordpress\/ -->\n<title>Coquetel da AstraZeneca \u00e9 esperan\u00e7a contra novos casos e mortes por coronav\u00edrus - Litoral SP<\/title>\n<meta name=\"description\" content=\"medicamento est\u00e1 sendo desenvolvido para combater a Covid-19. A farmac\u00eautica AstraZeneca est\u00e1 desenvolvendo um coquetel\" \/>\n<meta name=\"robots\" content=\"index, follow, max-snippet:-1, max-image-preview:large, max-video-preview:-1\" \/>\n<link rel=\"canonical\" href=\"https:\/\/redenoticiaz.com.br\/litoralsp\/2021\/10\/11\/coquetel-da-astrazeneca-e-esperanca-contra-novos-casos-e-mortes-por-coronavirus\" \/>\n<meta property=\"og:locale\" content=\"pt_BR\" \/>\n<meta property=\"og:type\" content=\"article\" \/>\n<meta property=\"og:title\" content=\"Coquetel da AstraZeneca \u00e9 esperan\u00e7a contra novos casos e mortes por coronav\u00edrus - Litoral SP\" \/>\n<meta property=\"og:description\" content=\"medicamento est\u00e1 sendo desenvolvido para combater a Covid-19. A farmac\u00eautica AstraZeneca est\u00e1 desenvolvendo um coquetel\" \/>\n<meta property=\"og:url\" content=\"https:\/\/redenoticiaz.com.br\/litoralsp\/2021\/10\/11\/coquetel-da-astrazeneca-e-esperanca-contra-novos-casos-e-mortes-por-coronavirus\" \/>\n<meta property=\"og:site_name\" content=\"Litoral SP\" \/>\n<meta property=\"article:published_time\" content=\"2021-10-11T14:34:02+00:00\" \/>\n<meta property=\"article:modified_time\" content=\"2021-10-11T14:38:40+00:00\" \/>\n<meta property=\"og:image\" content=\"https:\/\/redenoticiaz.com.br\/litoralsp\/wp-content\/uploads\/sites\/3\/2021\/10\/astrazeneca.jpg\" \/>\n\t<meta property=\"og:image:width\" content=\"512\" \/>\n\t<meta property=\"og:image:height\" content=\"320\" \/>\n\t<meta property=\"og:image:type\" content=\"image\/jpeg\" \/>\n<meta name=\"author\" content=\"Leonardo Francisco\" \/>\n<meta name=\"twitter:card\" content=\"summary_large_image\" \/>\n<meta name=\"twitter:label1\" content=\"Escrito por\" \/>\n\t<meta name=\"twitter:data1\" content=\"Leonardo Francisco\" \/>\n\t<meta name=\"twitter:label2\" content=\"Est. tempo de leitura\" \/>\n\t<meta name=\"twitter:data2\" content=\"1 minuto\" \/>\n<script type=\"application\/ld+json\" class=\"yoast-schema-graph\">{\"@context\":\"https:\\\/\\\/schema.org\",\"@graph\":[{\"@type\":\"Article\",\"@id\":\"https:\\\/\\\/redenoticiaz.com.br\\\/litoralsp\\\/2021\\\/10\\\/11\\\/coquetel-da-astrazeneca-e-esperanca-contra-novos-casos-e-mortes-por-coronavirus#article\",\"isPartOf\":{\"@id\":\"https:\\\/\\\/redenoticiaz.com.br\\\/litoralsp\\\/2021\\\/10\\\/11\\\/coquetel-da-astrazeneca-e-esperanca-contra-novos-casos-e-mortes-por-coronavirus\"},\"author\":{\"name\":\"Leonardo Francisco\",\"@id\":\"https:\\\/\\\/redenoticiaz.com.br\\\/litoralsp\\\/#\\\/schema\\\/person\\\/0f0b8a5bdafefe82841e07ae8d81ecb3\"},\"headline\":\"Coquetel da AstraZeneca \u00e9 esperan\u00e7a contra novos casos e mortes por coronav\u00edrus\",\"datePublished\":\"2021-10-11T14:34:02+00:00\",\"dateModified\":\"2021-10-11T14:38:40+00:00\",\"mainEntityOfPage\":{\"@id\":\"https:\\\/\\\/redenoticiaz.com.br\\\/litoralsp\\\/2021\\\/10\\\/11\\\/coquetel-da-astrazeneca-e-esperanca-contra-novos-casos-e-mortes-por-coronavirus\"},\"wordCount\":254,\"commentCount\":0,\"publisher\":{\"@id\":\"https:\\\/\\\/redenoticiaz.com.br\\\/litoralsp\\\/#organization\"},\"image\":{\"@id\":\"https:\\\/\\\/redenoticiaz.com.br\\\/litoralsp\\\/2021\\\/10\\\/11\\\/coquetel-da-astrazeneca-e-esperanca-contra-novos-casos-e-mortes-por-coronavirus#primaryimage\"},\"thumbnailUrl\":\"https:\\\/\\\/redenoticiaz.com.br\\\/litoralsp\\\/wp-content\\\/uploads\\\/sites\\\/3\\\/2021\\\/10\\\/astrazeneca.jpg\",\"keywords\":[\"Astrazeneca\",\"COQUETEL CONTRA A COVID\",\"ESTUDOS\",\"REDU\u00c7\u00c3O DE CASOS\",\"REDU\u00c7\u00c3O DE MORTES\",\"REINO UNIDO\"],\"articleSection\":[\"Mundo\",\"Sa\u00fade\"],\"inLanguage\":\"pt-BR\",\"potentialAction\":[{\"@type\":\"CommentAction\",\"name\":\"Comment\",\"target\":[\"https:\\\/\\\/redenoticiaz.com.br\\\/litoralsp\\\/2021\\\/10\\\/11\\\/coquetel-da-astrazeneca-e-esperanca-contra-novos-casos-e-mortes-por-coronavirus#respond\"]}]},{\"@type\":\"WebPage\",\"@id\":\"https:\\\/\\\/redenoticiaz.com.br\\\/litoralsp\\\/2021\\\/10\\\/11\\\/coquetel-da-astrazeneca-e-esperanca-contra-novos-casos-e-mortes-por-coronavirus\",\"url\":\"https:\\\/\\\/redenoticiaz.com.br\\\/litoralsp\\\/2021\\\/10\\\/11\\\/coquetel-da-astrazeneca-e-esperanca-contra-novos-casos-e-mortes-por-coronavirus\",\"name\":\"Coquetel da AstraZeneca \u00e9 esperan\u00e7a contra novos casos e mortes por coronav\u00edrus - Litoral SP\",\"isPartOf\":{\"@id\":\"https:\\\/\\\/redenoticiaz.com.br\\\/litoralsp\\\/#website\"},\"primaryImageOfPage\":{\"@id\":\"https:\\\/\\\/redenoticiaz.com.br\\\/litoralsp\\\/2021\\\/10\\\/11\\\/coquetel-da-astrazeneca-e-esperanca-contra-novos-casos-e-mortes-por-coronavirus#primaryimage\"},\"image\":{\"@id\":\"https:\\\/\\\/redenoticiaz.com.br\\\/litoralsp\\\/2021\\\/10\\\/11\\\/coquetel-da-astrazeneca-e-esperanca-contra-novos-casos-e-mortes-por-coronavirus#primaryimage\"},\"thumbnailUrl\":\"https:\\\/\\\/redenoticiaz.com.br\\\/litoralsp\\\/wp-content\\\/uploads\\\/sites\\\/3\\\/2021\\\/10\\\/astrazeneca.jpg\",\"datePublished\":\"2021-10-11T14:34:02+00:00\",\"dateModified\":\"2021-10-11T14:38:40+00:00\",\"description\":\"medicamento est\u00e1 sendo desenvolvido para combater a Covid-19. A farmac\u00eautica AstraZeneca est\u00e1 desenvolvendo um coquetel\",\"inLanguage\":\"pt-BR\",\"potentialAction\":[{\"@type\":\"ReadAction\",\"target\":[\"https:\\\/\\\/redenoticiaz.com.br\\\/litoralsp\\\/2021\\\/10\\\/11\\\/coquetel-da-astrazeneca-e-esperanca-contra-novos-casos-e-mortes-por-coronavirus\"]}]},{\"@type\":\"ImageObject\",\"inLanguage\":\"pt-BR\",\"@id\":\"https:\\\/\\\/redenoticiaz.com.br\\\/litoralsp\\\/2021\\\/10\\\/11\\\/coquetel-da-astrazeneca-e-esperanca-contra-novos-casos-e-mortes-por-coronavirus#primaryimage\",\"url\":\"https:\\\/\\\/redenoticiaz.com.br\\\/litoralsp\\\/wp-content\\\/uploads\\\/sites\\\/3\\\/2021\\\/10\\\/astrazeneca.jpg\",\"contentUrl\":\"https:\\\/\\\/redenoticiaz.com.br\\\/litoralsp\\\/wp-content\\\/uploads\\\/sites\\\/3\\\/2021\\\/10\\\/astrazeneca.jpg\",\"width\":512,\"height\":320},{\"@type\":\"WebSite\",\"@id\":\"https:\\\/\\\/redenoticiaz.com.br\\\/litoralsp\\\/#website\",\"url\":\"https:\\\/\\\/redenoticiaz.com.br\\\/litoralsp\\\/\",\"name\":\"Litoral SP\",\"description\":\"Rede NoticiaZ\",\"publisher\":{\"@id\":\"https:\\\/\\\/redenoticiaz.com.br\\\/litoralsp\\\/#organization\"},\"potentialAction\":[{\"@type\":\"SearchAction\",\"target\":{\"@type\":\"EntryPoint\",\"urlTemplate\":\"https:\\\/\\\/redenoticiaz.com.br\\\/litoralsp\\\/?s={search_term_string}\"},\"query-input\":{\"@type\":\"PropertyValueSpecification\",\"valueRequired\":true,\"valueName\":\"search_term_string\"}}],\"inLanguage\":\"pt-BR\"},{\"@type\":\"Organization\",\"@id\":\"https:\\\/\\\/redenoticiaz.com.br\\\/litoralsp\\\/#organization\",\"name\":\"Litoral SP\",\"url\":\"https:\\\/\\\/redenoticiaz.com.br\\\/litoralsp\\\/\",\"logo\":{\"@type\":\"ImageObject\",\"inLanguage\":\"pt-BR\",\"@id\":\"https:\\\/\\\/redenoticiaz.com.br\\\/litoralsp\\\/#\\\/schema\\\/logo\\\/image\\\/\",\"url\":\"https:\\\/\\\/redenoticiaz.com.br\\\/litoralsp\\\/wp-content\\\/uploads\\\/sites\\\/3\\\/2020\\\/11\\\/logo.jpg\",\"contentUrl\":\"https:\\\/\\\/redenoticiaz.com.br\\\/litoralsp\\\/wp-content\\\/uploads\\\/sites\\\/3\\\/2020\\\/11\\\/logo.jpg\",\"width\":400,\"height\":250,\"caption\":\"Litoral SP\"},\"image\":{\"@id\":\"https:\\\/\\\/redenoticiaz.com.br\\\/litoralsp\\\/#\\\/schema\\\/logo\\\/image\\\/\"}},{\"@type\":\"Person\",\"@id\":\"https:\\\/\\\/redenoticiaz.com.br\\\/litoralsp\\\/#\\\/schema\\\/person\\\/0f0b8a5bdafefe82841e07ae8d81ecb3\",\"name\":\"Leonardo Francisco\",\"image\":{\"@type\":\"ImageObject\",\"inLanguage\":\"pt-BR\",\"@id\":\"https:\\\/\\\/secure.gravatar.com\\\/avatar\\\/a7358cb406a99b682ec6df1e77e31ae82e63601f6784e8a3df411d72b37864da?s=96&d=mm&r=g\",\"url\":\"https:\\\/\\\/secure.gravatar.com\\\/avatar\\\/a7358cb406a99b682ec6df1e77e31ae82e63601f6784e8a3df411d72b37864da?s=96&d=mm&r=g\",\"contentUrl\":\"https:\\\/\\\/secure.gravatar.com\\\/avatar\\\/a7358cb406a99b682ec6df1e77e31ae82e63601f6784e8a3df411d72b37864da?s=96&d=mm&r=g\",\"caption\":\"Leonardo Francisco\"},\"url\":\"https:\\\/\\\/redenoticiaz.com.br\\\/litoralsp\\\/author\\\/leonardo-francisco\"}]}<\/script>\n<!-- \/ Yoast SEO plugin. -->","yoast_head_json":{"title":"Coquetel da AstraZeneca \u00e9 esperan\u00e7a contra novos casos e mortes por coronav\u00edrus - Litoral SP","description":"medicamento est\u00e1 sendo desenvolvido para combater a Covid-19. A farmac\u00eautica AstraZeneca est\u00e1 desenvolvendo um coquetel","robots":{"index":"index","follow":"follow","max-snippet":"max-snippet:-1","max-image-preview":"max-image-preview:large","max-video-preview":"max-video-preview:-1"},"canonical":"https:\/\/redenoticiaz.com.br\/litoralsp\/2021\/10\/11\/coquetel-da-astrazeneca-e-esperanca-contra-novos-casos-e-mortes-por-coronavirus","og_locale":"pt_BR","og_type":"article","og_title":"Coquetel da AstraZeneca \u00e9 esperan\u00e7a contra novos casos e mortes por coronav\u00edrus - Litoral SP","og_description":"medicamento est\u00e1 sendo desenvolvido para combater a Covid-19. A farmac\u00eautica AstraZeneca est\u00e1 desenvolvendo um coquetel","og_url":"https:\/\/redenoticiaz.com.br\/litoralsp\/2021\/10\/11\/coquetel-da-astrazeneca-e-esperanca-contra-novos-casos-e-mortes-por-coronavirus","og_site_name":"Litoral SP","article_published_time":"2021-10-11T14:34:02+00:00","article_modified_time":"2021-10-11T14:38:40+00:00","og_image":[{"width":512,"height":320,"url":"https:\/\/redenoticiaz.com.br\/litoralsp\/wp-content\/uploads\/sites\/3\/2021\/10\/astrazeneca.jpg","type":"image\/jpeg"}],"author":"Leonardo Francisco","twitter_card":"summary_large_image","twitter_misc":{"Escrito por":"Leonardo Francisco","Est. tempo de leitura":"1 minuto"},"schema":{"@context":"https:\/\/schema.org","@graph":[{"@type":"Article","@id":"https:\/\/redenoticiaz.com.br\/litoralsp\/2021\/10\/11\/coquetel-da-astrazeneca-e-esperanca-contra-novos-casos-e-mortes-por-coronavirus#article","isPartOf":{"@id":"https:\/\/redenoticiaz.com.br\/litoralsp\/2021\/10\/11\/coquetel-da-astrazeneca-e-esperanca-contra-novos-casos-e-mortes-por-coronavirus"},"author":{"name":"Leonardo Francisco","@id":"https:\/\/redenoticiaz.com.br\/litoralsp\/#\/schema\/person\/0f0b8a5bdafefe82841e07ae8d81ecb3"},"headline":"Coquetel da AstraZeneca \u00e9 esperan\u00e7a contra novos casos e mortes por coronav\u00edrus","datePublished":"2021-10-11T14:34:02+00:00","dateModified":"2021-10-11T14:38:40+00:00","mainEntityOfPage":{"@id":"https:\/\/redenoticiaz.com.br\/litoralsp\/2021\/10\/11\/coquetel-da-astrazeneca-e-esperanca-contra-novos-casos-e-mortes-por-coronavirus"},"wordCount":254,"commentCount":0,"publisher":{"@id":"https:\/\/redenoticiaz.com.br\/litoralsp\/#organization"},"image":{"@id":"https:\/\/redenoticiaz.com.br\/litoralsp\/2021\/10\/11\/coquetel-da-astrazeneca-e-esperanca-contra-novos-casos-e-mortes-por-coronavirus#primaryimage"},"thumbnailUrl":"https:\/\/redenoticiaz.com.br\/litoralsp\/wp-content\/uploads\/sites\/3\/2021\/10\/astrazeneca.jpg","keywords":["Astrazeneca","COQUETEL CONTRA A COVID","ESTUDOS","REDU\u00c7\u00c3O DE CASOS","REDU\u00c7\u00c3O DE MORTES","REINO UNIDO"],"articleSection":["Mundo","Sa\u00fade"],"inLanguage":"pt-BR","potentialAction":[{"@type":"CommentAction","name":"Comment","target":["https:\/\/redenoticiaz.com.br\/litoralsp\/2021\/10\/11\/coquetel-da-astrazeneca-e-esperanca-contra-novos-casos-e-mortes-por-coronavirus#respond"]}]},{"@type":"WebPage","@id":"https:\/\/redenoticiaz.com.br\/litoralsp\/2021\/10\/11\/coquetel-da-astrazeneca-e-esperanca-contra-novos-casos-e-mortes-por-coronavirus","url":"https:\/\/redenoticiaz.com.br\/litoralsp\/2021\/10\/11\/coquetel-da-astrazeneca-e-esperanca-contra-novos-casos-e-mortes-por-coronavirus","name":"Coquetel da AstraZeneca \u00e9 esperan\u00e7a contra novos casos e mortes por coronav\u00edrus - Litoral SP","isPartOf":{"@id":"https:\/\/redenoticiaz.com.br\/litoralsp\/#website"},"primaryImageOfPage":{"@id":"https:\/\/redenoticiaz.com.br\/litoralsp\/2021\/10\/11\/coquetel-da-astrazeneca-e-esperanca-contra-novos-casos-e-mortes-por-coronavirus#primaryimage"},"image":{"@id":"https:\/\/redenoticiaz.com.br\/litoralsp\/2021\/10\/11\/coquetel-da-astrazeneca-e-esperanca-contra-novos-casos-e-mortes-por-coronavirus#primaryimage"},"thumbnailUrl":"https:\/\/redenoticiaz.com.br\/litoralsp\/wp-content\/uploads\/sites\/3\/2021\/10\/astrazeneca.jpg","datePublished":"2021-10-11T14:34:02+00:00","dateModified":"2021-10-11T14:38:40+00:00","description":"medicamento est\u00e1 sendo desenvolvido para combater a Covid-19. A farmac\u00eautica AstraZeneca est\u00e1 desenvolvendo um coquetel","inLanguage":"pt-BR","potentialAction":[{"@type":"ReadAction","target":["https:\/\/redenoticiaz.com.br\/litoralsp\/2021\/10\/11\/coquetel-da-astrazeneca-e-esperanca-contra-novos-casos-e-mortes-por-coronavirus"]}]},{"@type":"ImageObject","inLanguage":"pt-BR","@id":"https:\/\/redenoticiaz.com.br\/litoralsp\/2021\/10\/11\/coquetel-da-astrazeneca-e-esperanca-contra-novos-casos-e-mortes-por-coronavirus#primaryimage","url":"https:\/\/redenoticiaz.com.br\/litoralsp\/wp-content\/uploads\/sites\/3\/2021\/10\/astrazeneca.jpg","contentUrl":"https:\/\/redenoticiaz.com.br\/litoralsp\/wp-content\/uploads\/sites\/3\/2021\/10\/astrazeneca.jpg","width":512,"height":320},{"@type":"WebSite","@id":"https:\/\/redenoticiaz.com.br\/litoralsp\/#website","url":"https:\/\/redenoticiaz.com.br\/litoralsp\/","name":"Litoral SP","description":"Rede NoticiaZ","publisher":{"@id":"https:\/\/redenoticiaz.com.br\/litoralsp\/#organization"},"potentialAction":[{"@type":"SearchAction","target":{"@type":"EntryPoint","urlTemplate":"https:\/\/redenoticiaz.com.br\/litoralsp\/?s={search_term_string}"},"query-input":{"@type":"PropertyValueSpecification","valueRequired":true,"valueName":"search_term_string"}}],"inLanguage":"pt-BR"},{"@type":"Organization","@id":"https:\/\/redenoticiaz.com.br\/litoralsp\/#organization","name":"Litoral SP","url":"https:\/\/redenoticiaz.com.br\/litoralsp\/","logo":{"@type":"ImageObject","inLanguage":"pt-BR","@id":"https:\/\/redenoticiaz.com.br\/litoralsp\/#\/schema\/logo\/image\/","url":"https:\/\/redenoticiaz.com.br\/litoralsp\/wp-content\/uploads\/sites\/3\/2020\/11\/logo.jpg","contentUrl":"https:\/\/redenoticiaz.com.br\/litoralsp\/wp-content\/uploads\/sites\/3\/2020\/11\/logo.jpg","width":400,"height":250,"caption":"Litoral SP"},"image":{"@id":"https:\/\/redenoticiaz.com.br\/litoralsp\/#\/schema\/logo\/image\/"}},{"@type":"Person","@id":"https:\/\/redenoticiaz.com.br\/litoralsp\/#\/schema\/person\/0f0b8a5bdafefe82841e07ae8d81ecb3","name":"Leonardo Francisco","image":{"@type":"ImageObject","inLanguage":"pt-BR","@id":"https:\/\/secure.gravatar.com\/avatar\/a7358cb406a99b682ec6df1e77e31ae82e63601f6784e8a3df411d72b37864da?s=96&d=mm&r=g","url":"https:\/\/secure.gravatar.com\/avatar\/a7358cb406a99b682ec6df1e77e31ae82e63601f6784e8a3df411d72b37864da?s=96&d=mm&r=g","contentUrl":"https:\/\/secure.gravatar.com\/avatar\/a7358cb406a99b682ec6df1e77e31ae82e63601f6784e8a3df411d72b37864da?s=96&d=mm&r=g","caption":"Leonardo Francisco"},"url":"https:\/\/redenoticiaz.com.br\/litoralsp\/author\/leonardo-francisco"}]}},"_links":{"self":[{"href":"https:\/\/redenoticiaz.com.br\/litoralsp\/wp-json\/wp\/v2\/posts\/16300","targetHints":{"allow":["GET"]}}],"collection":[{"href":"https:\/\/redenoticiaz.com.br\/litoralsp\/wp-json\/wp\/v2\/posts"}],"about":[{"href":"https:\/\/redenoticiaz.com.br\/litoralsp\/wp-json\/wp\/v2\/types\/post"}],"author":[{"embeddable":true,"href":"https:\/\/redenoticiaz.com.br\/litoralsp\/wp-json\/wp\/v2\/users\/6"}],"replies":[{"embeddable":true,"href":"https:\/\/redenoticiaz.com.br\/litoralsp\/wp-json\/wp\/v2\/comments?post=16300"}],"version-history":[{"count":1,"href":"https:\/\/redenoticiaz.com.br\/litoralsp\/wp-json\/wp\/v2\/posts\/16300\/revisions"}],"predecessor-version":[{"id":16302,"href":"https:\/\/redenoticiaz.com.br\/litoralsp\/wp-json\/wp\/v2\/posts\/16300\/revisions\/16302"}],"wp:featuredmedia":[{"embeddable":true,"href":"https:\/\/redenoticiaz.com.br\/litoralsp\/wp-json\/wp\/v2\/media\/16301"}],"wp:attachment":[{"href":"https:\/\/redenoticiaz.com.br\/litoralsp\/wp-json\/wp\/v2\/media?parent=16300"}],"wp:term":[{"taxonomy":"category","embeddable":true,"href":"https:\/\/redenoticiaz.com.br\/litoralsp\/wp-json\/wp\/v2\/categories?post=16300"},{"taxonomy":"post_tag","embeddable":true,"href":"https:\/\/redenoticiaz.com.br\/litoralsp\/wp-json\/wp\/v2\/tags?post=16300"}],"curies":[{"name":"wp","href":"https:\/\/api.w.org\/{rel}","templated":true}]}}