{"id":16325,"date":"2021-10-12T11:28:09","date_gmt":"2021-10-12T14:28:09","guid":{"rendered":"https:\/\/redenoticiaz.com.br\/litoralsp\/2021\/10\/12\/dois-anos-depois-fieis-voltam-a-celebrar-presencialmente-o-dia-da-padroeira-na-basilica-de-aparecida"},"modified":"2021-10-12T11:34:15","modified_gmt":"2021-10-12T14:34:15","slug":"dois-anos-depois-fieis-voltam-a-celebrar-presencialmente-o-dia-da-padroeira-na-basilica-de-aparecida","status":"publish","type":"post","link":"https:\/\/redenoticiaz.com.br\/litoralsp\/2021\/10\/12\/dois-anos-depois-fieis-voltam-a-celebrar-presencialmente-o-dia-da-padroeira-na-basilica-de-aparecida","title":{"rendered":"Dois anos depois, fieis voltam a celebrar presencialmente o dia da Padroeira na Bas\u00edlica de Aparecida"},"content":{"rendered":"<p>O cat\u00f3lico ficou \u00f3rf\u00e3o de n\u00e3o poder celebrar o 12 de Outubro, <strong>Dia de Nossa Senhora Aparecida<\/strong>, na Bas\u00edlica de Aparecida. Devido a pandemia da Covid-19, que ainda n\u00e3o acabou, a Bas\u00edlica ficou fechada em 2020 e as missas \u00e0 Padroeira s\u00f3 podiam ser vistas de maneira online no feriado passado. Mas com o avan\u00e7o da vacina\u00e7\u00e3o e a queda de casos e mortes, enfim o p\u00fablico p\u00f4de estar presente no Santu\u00e1rio de Aparecida. Contudo, cuidados com o coronav\u00edrus continuam.<\/p>\n<figure id=\"attachment_69349\" aria-describedby=\"caption-attachment-69349\" style=\"width: 330px\" class=\"wp-caption alignleft\"><img loading=\"lazy\" decoding=\"async\" class=\"size-medium wp-image-69349\" src=\"https:\/\/redenoticiaz.com.br\/wp-content\/uploads\/2021\/10\/santuario-aparecida-portal_widexl-330x220.jpg\" alt=\"\" width=\"330\" height=\"220\" \/><figcaption id=\"caption-attachment-69349\" class=\"wp-caption-text\">Cr\u00e9ditos: Divulga\u00e7\u00e3o\/Santu\u00e1rio Nacional<\/figcaption><\/figure>\n<p>Nesta ter\u00e7a-feira (12), embora com limite de 2,5 mil fieis por missa, muita gente fez quest\u00e3o de vir pra agradecer pela sa\u00fade e por outras gra\u00e7as e tamb\u00e9m fazer novos pedidos. De acordo com o Santu\u00e1rio Nacional, O interior da Bas\u00edlica, que tem capacidade de receber at\u00e9 35 mil pessoas por missa, neste ano est\u00e1 limitado a 2,5 mil fi\u00e9is em cada celebra\u00e7\u00e3o &#8211; e a capacidade por banco ser\u00e1 limitada a tr\u00eas pessoas.<\/p>\n<p>Antes da pandemia, o Santu\u00e1rio costumava receber em m\u00e9dia 170 mil fi\u00e9is s\u00f3 no dia 12 de Outubro. Em 2020 foram 30 mil fieis nos espa\u00e7os em que era permitida a presen\u00e7a do p\u00fablico.<\/p>\n<h3>Confira a programa\u00e7\u00e3o da Festa de Nossa Senhora Aparecida:<\/h3>\n<div class=\"mc-column content-text active-extra-styles \" data-block-type=\"unstyled\" data-block-weight=\"22\" data-block-id=\"12\">\n<p class=\"content-text__container \" data-track-category=\"Link no Texto\" data-track-links=\"\">Neste dia 12 ser\u00e3o realizadas 14 missas. As atividades religiosas ter\u00e3o in\u00edcio de madrugada e acabam s\u00f3 \u00e0 noite.\u00a0<strong>Veja a programa\u00e7\u00e3o:<\/strong><\/p>\n<\/div>\n<div class=\"mc-column content-text active-extra-styles\" data-block-type=\"raw\" data-block-weight=\"96\" data-block-id=\"13\">\n<ul class=\"content-unordered-list\">\n<li>4h55 &#8211; Toque festivo dos sinos na Bas\u00edlica Hist\u00f3rica<\/li>\n<li>5h &#8211; Missa<\/li>\n<li>7h &#8211; Missa<\/li>\n<li>9h &#8211; Missa solene<\/li>\n<li>12h &#8211; Missa das crian\u00e7as<\/li>\n<li>12h &#8211; Homenagem a Nossa Senhora Aparecida &#8211; Toque dos Sinos<\/li>\n<li>12h30 &#8211; Missa no centro de eventos<\/li>\n<li>14h &#8211; Missa<\/li>\n<li>14h30 &#8211; Missa no centro de eventos<\/li>\n<li>15h &#8211; Consagra\u00e7\u00e3o Solene na Bas\u00edlica Hist\u00f3rica<\/li>\n<li>16h &#8211; Missa<\/li>\n<li>16h30 &#8211; Missa no centro de eventos<\/li>\n<li>18h &#8211; Missa no centro de eventos<\/li>\n<li>18h &#8211; 18h45 &#8211; Angelus na Bas\u00edlica Hist\u00f3rica<\/li>\n<li>19h &#8211; Missa de encerramento<\/li>\n<li>Ap\u00f3s missa das 19h &#8211; Show pirot\u00e9cnico<\/li>\n<\/ul>\n<\/div>\n<div class=\"mc-column content-text active-extra-styles\" data-block-type=\"raw\" data-block-weight=\"9\" data-block-id=\"14\">\n<div class=\"content-intertitle\">\n<h3>Qual a capacidade de p\u00fablico nas missas na Bas\u00edlica?<\/h3>\n<\/div>\n<\/div>\n<div class=\"mc-column content-text active-extra-styles \" data-block-type=\"unstyled\" data-block-weight=\"21\" data-block-id=\"15\">\n<p class=\"content-text__container \" data-track-category=\"Link no Texto\" data-track-links=\"\">Por causa da pandemia, a capacidade de p\u00fablico nas celebra\u00e7\u00f5es foi reduzida. Cada missa poder\u00e1 ser acompanhada presencialmente por 2.500 pessoas.<\/p>\n<div class=\"mc-column content-text active-extra-styles\" data-block-type=\"raw\" data-block-weight=\"10\" data-block-id=\"18\">\n<div class=\"content-intertitle\">\n<h3>Quais s\u00e3o os protocolos para assistir \u00e0s missas na Bas\u00edlica?<\/h3>\n<\/div>\n<\/div>\n<div class=\"mc-column content-text active-extra-styles\" data-block-type=\"raw\" data-block-weight=\"159\" data-block-id=\"19\">\n<ul class=\"content-unordered-list\">\n<li>Uso de m\u00e1scaras de prote\u00e7\u00e3o facial \u00e9 obrigat\u00f3rio, assim como o distanciamento social.<\/li>\n<li>Haver\u00e1 \u00e1lcool em gel dispon\u00edvel para higieniza\u00e7\u00e3o constante das m\u00e3os na entrada da bas\u00edlica e nos principais pontos de visita\u00e7\u00e3o.<\/li>\n<li>O acesso ao subsolo e \u00e0 Sala das Promessas deve ser feito seguindo todas essas indica\u00e7\u00f5es.<\/li>\n<li>A higieniza\u00e7\u00e3o dos ambientes comuns do Santu\u00e1rio foi refor\u00e7ada com procedimentos de limpeza mais intensos, e os colaboradores passaram por um processo de capacita\u00e7\u00e3o. No intervalo de cada missa, o interior do Santu\u00e1rio ser\u00e1 higienizado.<\/li>\n<li>Durante as missas, a capacidade por banco ser\u00e1 limitada a tr\u00eas pessoas. Haver\u00e1 filas para a organiza\u00e7\u00e3o dos fi\u00e9is na entrada pr\u00f3xima \u00e0 Torre Bras\u00edlia.<\/li>\n<li>Tanto na \u00e1rea interna quanto externa ser\u00e1 inibida a forma\u00e7\u00e3o de aglomera\u00e7\u00f5es atrav\u00e9s de avisos pelo sistema de som presente no local, e pela a\u00e7\u00e3o dos funcion\u00e1rios e agentes de seguran\u00e7a.<\/li>\n<li>A fiscaliza\u00e7\u00e3o vai atuar inclusive no estacionamento, proibindo o ac\u00famulo de pessoas perto das vagas de \u00f4nibus e caravanas.<\/li>\n<\/ul>\n<div class=\"mc-column content-text active-extra-styles\" data-block-type=\"raw\" data-block-weight=\"9\" data-block-id=\"21\">\n<div class=\"content-intertitle\">\n<h3>Qual o hor\u00e1rio de visita\u00e7\u00e3o no 12 de outubro?<\/h3>\n<\/div>\n<\/div>\n<div class=\"mc-column content-text active-extra-styles \" data-block-type=\"unstyled\" data-block-weight=\"27\" data-block-id=\"22\">\n<p class=\"content-text__container \" data-track-category=\"Link no Texto\" data-track-links=\"\">No dia 12 a visita \u00e0 imagem no Santu\u00e1rio Nacional come\u00e7a 0h e vai at\u00e9 as 21h. A Bas\u00edlica Hist\u00f3rica poder\u00e1 ser visitada das 6h \u00e0s 17h.<\/p>\n<\/div>\n<div class=\"mc-column content-text active-extra-styles \" data-block-type=\"unstyled\" data-block-weight=\"35\" data-block-id=\"24\">\n<p class=\"content-text__container \" data-track-category=\"Link no Texto\" data-track-links=\"\">Al\u00e9m das missas, a passagem pelo nicho onde fica a imagem de Nossa Senhora Aparecida, Casa de Velas, Sala das Promessas est\u00e3o liberadas ao p\u00fablico, assim como as demais atra\u00e7\u00f5es do Santu\u00e1rio, como o bondinho.<\/p>\n<\/div>\n<div class=\"mc-column content-text active-extra-styles\" data-block-type=\"raw\" data-block-weight=\"6\" data-block-id=\"25\">\n<div class=\"content-intertitle\">\n<h3>Como acompanhar \u00e0s missas \u00e0 dist\u00e2ncia?<\/h3>\n<\/div>\n<\/div>\n<div class=\"mc-column content-text active-extra-styles \" data-block-type=\"unstyled\" data-block-weight=\"31\" data-block-id=\"26\">\n<p class=\"content-text__container \" data-track-category=\"Link no Texto\" data-track-links=\"\">As principais celebra\u00e7\u00f5es do dia ser\u00e3o transmitidas ao vivo pela TV e R\u00e1dio Aparecida, nas redes sociais do Santu\u00e1rio Nacional e\u00a0<a href=\"https:\/\/www.a12.com\/santuario\/festa-da-padroeira\" target=\"_blank\" rel=\"noopener noreferrer\">no site da Bas\u00edlica<\/a>. As missas que ser\u00e3o transmitidas s\u00e3o:<\/p>\n<\/div>\n<div class=\"mc-column content-text active-extra-styles\" data-block-type=\"raw\" data-block-weight=\"23\" data-block-id=\"27\">\n<ul class=\"content-unordered-list\">\n<li>Missa das 7h<\/li>\n<li>Missa Solene das 9h<\/li>\n<li>Celebra\u00e7\u00e3o das Crian\u00e7as das 12h<\/li>\n<li>Consagra\u00e7\u00e3o Solene \u00e0s 15h<\/li>\n<li>Angelus 18h-18h45<\/li>\n<li>Missa de encerramento \u00e0s 19h<\/li>\n<\/ul>\n<\/div>\n<div class=\"mc-column content-text active-extra-styles\" data-block-type=\"raw\" data-block-weight=\"7\" data-block-id=\"28\">\n<div class=\"content-intertitle\">\n<h3>Qual o tema da festa em 2021?<\/h3>\n<\/div>\n<\/div>\n<div class=\"mc-column content-text active-extra-styles \" data-block-type=\"unstyled\" data-block-weight=\"57\" data-block-id=\"29\">\n<p class=\"content-text__container \" data-track-category=\"Link no Texto\" data-track-links=\"\">A Novena e Festa da Padroeira te como tema \u201cCom Maria, somos povo de Deus, unido pela alian\u00e7a\u201d. A reflex\u00e3o convida os devotos a compreenderem a alian\u00e7a de Deus com seu povo. Ela est\u00e1 ligada ao \u00caxodo, que marca a sa\u00edda do povo do Egito, pela for\u00e7a de Deus e lideran\u00e7a de Mois\u00e9s e a sua liberta\u00e7\u00e3o.<\/p>\n<p data-track-category=\"Link no Texto\" data-track-links=\"\"><strong>LEIA TAMB\u00c9M<\/strong><\/p>\n<p data-track-category=\"Link no Texto\" data-track-links=\"\"><a href=\"https:\/\/redenoticiaz.com.br\/blog\/2021\/10\/11\/quer-arrumar-um-amor-venha-para-sao-paulo\">Quer arrumar um amor? Venha para S\u00e3o Paulo<\/a><\/p>\n<\/div>\n<\/div>\n<\/div>\n","protected":false},"excerpt":{"rendered":"<p>O cat\u00f3lico ficou \u00f3rf\u00e3o de n\u00e3o poder celebrar o 12 de Outubro, Dia de Nossa Senhora Aparecida, na Bas\u00edlica de Aparecida. Devido a pandemia da Covid-19, que ainda n\u00e3o acabou, a Bas\u00edlica ficou fechada em 2020 e as missas \u00e0 Padroeira s\u00f3 podiam ser vistas de maneira online no feriado passado. Mas com o avan\u00e7o &hellip;<\/p>\n","protected":false},"author":6,"featured_media":16326,"comment_status":"open","ping_status":"closed","sticky":false,"template":"","format":"standard","meta":{"footnotes":""},"categories":[169,775],"tags":[37831,3541,37832,17961,37833,9102,37834],"class_list":["post-16325","post","type-post","status-publish","format-standard","has-post-thumbnail","hentry","category-cultura","category-turismo","tag-aparecida-do-norte","tag-feriado","tag-limite-de-publico","tag-missas","tag-nossa-senhora-aparecida","tag-programacao","tag-santuario-nacional-de-aparecida"],"yoast_head":"<!-- This site is optimized with the Yoast SEO plugin v27.4 - https:\/\/yoast.com\/product\/yoast-seo-wordpress\/ -->\n<title>Dois anos depois, fieis voltam a celebrar presencialmente o dia da Padroeira na Bas\u00edlica de Aparecida - Litoral SP<\/title>\n<meta name=\"description\" content=\"Aparecida. Devido a pandemia da Covid-19, que ainda n\u00e3o acabou, a Bas\u00edlica ficou fechada em 2020 e as missas \u00e0 Padroeira\" \/>\n<meta name=\"robots\" content=\"index, follow, max-snippet:-1, max-image-preview:large, max-video-preview:-1\" \/>\n<link rel=\"canonical\" href=\"https:\/\/redenoticiaz.com.br\/litoralsp\/2021\/10\/12\/dois-anos-depois-fieis-voltam-a-celebrar-presencialmente-o-dia-da-padroeira-na-basilica-de-aparecida\" \/>\n<meta property=\"og:locale\" content=\"pt_BR\" \/>\n<meta property=\"og:type\" content=\"article\" \/>\n<meta property=\"og:title\" content=\"Dois anos depois, fieis voltam a celebrar presencialmente o dia da Padroeira na Bas\u00edlica de Aparecida - Litoral SP\" \/>\n<meta property=\"og:description\" content=\"Aparecida. Devido a pandemia da Covid-19, que ainda n\u00e3o acabou, a Bas\u00edlica ficou fechada em 2020 e as missas \u00e0 Padroeira\" \/>\n<meta property=\"og:url\" content=\"https:\/\/redenoticiaz.com.br\/litoralsp\/2021\/10\/12\/dois-anos-depois-fieis-voltam-a-celebrar-presencialmente-o-dia-da-padroeira-na-basilica-de-aparecida\" \/>\n<meta property=\"og:site_name\" content=\"Litoral SP\" \/>\n<meta property=\"article:published_time\" content=\"2021-10-12T14:28:09+00:00\" \/>\n<meta property=\"article:modified_time\" content=\"2021-10-12T14:34:15+00:00\" \/>\n<meta property=\"og:image\" content=\"https:\/\/redenoticiaz.com.br\/litoralsp\/wp-content\/uploads\/sites\/3\/2021\/10\/padroeira.jpg\" \/>\n\t<meta property=\"og:image:width\" content=\"1008\" \/>\n\t<meta property=\"og:image:height\" content=\"672\" \/>\n\t<meta property=\"og:image:type\" content=\"image\/jpeg\" \/>\n<meta name=\"author\" content=\"Leonardo Francisco\" \/>\n<meta name=\"twitter:card\" content=\"summary_large_image\" \/>\n<meta name=\"twitter:label1\" content=\"Escrito por\" \/>\n\t<meta name=\"twitter:data1\" content=\"Leonardo Francisco\" \/>\n\t<meta name=\"twitter:label2\" content=\"Est. tempo de leitura\" \/>\n\t<meta name=\"twitter:data2\" content=\"4 minutos\" \/>\n<script type=\"application\/ld+json\" class=\"yoast-schema-graph\">{\"@context\":\"https:\\\/\\\/schema.org\",\"@graph\":[{\"@type\":\"Article\",\"@id\":\"https:\\\/\\\/redenoticiaz.com.br\\\/litoralsp\\\/2021\\\/10\\\/12\\\/dois-anos-depois-fieis-voltam-a-celebrar-presencialmente-o-dia-da-padroeira-na-basilica-de-aparecida#article\",\"isPartOf\":{\"@id\":\"https:\\\/\\\/redenoticiaz.com.br\\\/litoralsp\\\/2021\\\/10\\\/12\\\/dois-anos-depois-fieis-voltam-a-celebrar-presencialmente-o-dia-da-padroeira-na-basilica-de-aparecida\"},\"author\":{\"name\":\"Leonardo Francisco\",\"@id\":\"https:\\\/\\\/redenoticiaz.com.br\\\/litoralsp\\\/#\\\/schema\\\/person\\\/0f0b8a5bdafefe82841e07ae8d81ecb3\"},\"headline\":\"Dois anos depois, fieis voltam a celebrar presencialmente o dia da Padroeira na Bas\u00edlica de Aparecida\",\"datePublished\":\"2021-10-12T14:28:09+00:00\",\"dateModified\":\"2021-10-12T14:34:15+00:00\",\"mainEntityOfPage\":{\"@id\":\"https:\\\/\\\/redenoticiaz.com.br\\\/litoralsp\\\/2021\\\/10\\\/12\\\/dois-anos-depois-fieis-voltam-a-celebrar-presencialmente-o-dia-da-padroeira-na-basilica-de-aparecida\"},\"wordCount\":836,\"commentCount\":0,\"publisher\":{\"@id\":\"https:\\\/\\\/redenoticiaz.com.br\\\/litoralsp\\\/#organization\"},\"image\":{\"@id\":\"https:\\\/\\\/redenoticiaz.com.br\\\/litoralsp\\\/2021\\\/10\\\/12\\\/dois-anos-depois-fieis-voltam-a-celebrar-presencialmente-o-dia-da-padroeira-na-basilica-de-aparecida#primaryimage\"},\"thumbnailUrl\":\"https:\\\/\\\/redenoticiaz.com.br\\\/litoralsp\\\/wp-content\\\/uploads\\\/sites\\\/3\\\/2021\\\/10\\\/padroeira.jpg\",\"keywords\":[\"APARECIDA DO NORTE\",\"feriado\",\"LIMITE DE P\u00daBLICO\",\"MISSAS\",\"Nossa Senhora Aparecida\",\"PROGRAMA\u00c7\u00c3O\",\"SANTU\u00c1RIO NACIONAL DE APARECIDA\"],\"articleSection\":[\"Cultura\",\"Turismo\"],\"inLanguage\":\"pt-BR\",\"potentialAction\":[{\"@type\":\"CommentAction\",\"name\":\"Comment\",\"target\":[\"https:\\\/\\\/redenoticiaz.com.br\\\/litoralsp\\\/2021\\\/10\\\/12\\\/dois-anos-depois-fieis-voltam-a-celebrar-presencialmente-o-dia-da-padroeira-na-basilica-de-aparecida#respond\"]}]},{\"@type\":\"WebPage\",\"@id\":\"https:\\\/\\\/redenoticiaz.com.br\\\/litoralsp\\\/2021\\\/10\\\/12\\\/dois-anos-depois-fieis-voltam-a-celebrar-presencialmente-o-dia-da-padroeira-na-basilica-de-aparecida\",\"url\":\"https:\\\/\\\/redenoticiaz.com.br\\\/litoralsp\\\/2021\\\/10\\\/12\\\/dois-anos-depois-fieis-voltam-a-celebrar-presencialmente-o-dia-da-padroeira-na-basilica-de-aparecida\",\"name\":\"Dois anos depois, fieis voltam a celebrar presencialmente o dia da Padroeira na Bas\u00edlica de Aparecida - Litoral SP\",\"isPartOf\":{\"@id\":\"https:\\\/\\\/redenoticiaz.com.br\\\/litoralsp\\\/#website\"},\"primaryImageOfPage\":{\"@id\":\"https:\\\/\\\/redenoticiaz.com.br\\\/litoralsp\\\/2021\\\/10\\\/12\\\/dois-anos-depois-fieis-voltam-a-celebrar-presencialmente-o-dia-da-padroeira-na-basilica-de-aparecida#primaryimage\"},\"image\":{\"@id\":\"https:\\\/\\\/redenoticiaz.com.br\\\/litoralsp\\\/2021\\\/10\\\/12\\\/dois-anos-depois-fieis-voltam-a-celebrar-presencialmente-o-dia-da-padroeira-na-basilica-de-aparecida#primaryimage\"},\"thumbnailUrl\":\"https:\\\/\\\/redenoticiaz.com.br\\\/litoralsp\\\/wp-content\\\/uploads\\\/sites\\\/3\\\/2021\\\/10\\\/padroeira.jpg\",\"datePublished\":\"2021-10-12T14:28:09+00:00\",\"dateModified\":\"2021-10-12T14:34:15+00:00\",\"description\":\"Aparecida. Devido a pandemia da Covid-19, que ainda n\u00e3o acabou, a Bas\u00edlica ficou fechada em 2020 e as missas \u00e0 Padroeira\",\"inLanguage\":\"pt-BR\",\"potentialAction\":[{\"@type\":\"ReadAction\",\"target\":[\"https:\\\/\\\/redenoticiaz.com.br\\\/litoralsp\\\/2021\\\/10\\\/12\\\/dois-anos-depois-fieis-voltam-a-celebrar-presencialmente-o-dia-da-padroeira-na-basilica-de-aparecida\"]}]},{\"@type\":\"ImageObject\",\"inLanguage\":\"pt-BR\",\"@id\":\"https:\\\/\\\/redenoticiaz.com.br\\\/litoralsp\\\/2021\\\/10\\\/12\\\/dois-anos-depois-fieis-voltam-a-celebrar-presencialmente-o-dia-da-padroeira-na-basilica-de-aparecida#primaryimage\",\"url\":\"https:\\\/\\\/redenoticiaz.com.br\\\/litoralsp\\\/wp-content\\\/uploads\\\/sites\\\/3\\\/2021\\\/10\\\/padroeira.jpg\",\"contentUrl\":\"https:\\\/\\\/redenoticiaz.com.br\\\/litoralsp\\\/wp-content\\\/uploads\\\/sites\\\/3\\\/2021\\\/10\\\/padroeira.jpg\",\"width\":1008,\"height\":672,\"caption\":\"Programa\u00e7\u00e3o ser\u00e1 extensa, embora com restri\u00e7\u00f5es e cuidados. Cr\u00e9ditos: Divulga\u00e7\u00e3o\\\/Santu\u00e1rio Nacional\"},{\"@type\":\"WebSite\",\"@id\":\"https:\\\/\\\/redenoticiaz.com.br\\\/litoralsp\\\/#website\",\"url\":\"https:\\\/\\\/redenoticiaz.com.br\\\/litoralsp\\\/\",\"name\":\"Litoral SP\",\"description\":\"Rede NoticiaZ\",\"publisher\":{\"@id\":\"https:\\\/\\\/redenoticiaz.com.br\\\/litoralsp\\\/#organization\"},\"potentialAction\":[{\"@type\":\"SearchAction\",\"target\":{\"@type\":\"EntryPoint\",\"urlTemplate\":\"https:\\\/\\\/redenoticiaz.com.br\\\/litoralsp\\\/?s={search_term_string}\"},\"query-input\":{\"@type\":\"PropertyValueSpecification\",\"valueRequired\":true,\"valueName\":\"search_term_string\"}}],\"inLanguage\":\"pt-BR\"},{\"@type\":\"Organization\",\"@id\":\"https:\\\/\\\/redenoticiaz.com.br\\\/litoralsp\\\/#organization\",\"name\":\"Litoral SP\",\"url\":\"https:\\\/\\\/redenoticiaz.com.br\\\/litoralsp\\\/\",\"logo\":{\"@type\":\"ImageObject\",\"inLanguage\":\"pt-BR\",\"@id\":\"https:\\\/\\\/redenoticiaz.com.br\\\/litoralsp\\\/#\\\/schema\\\/logo\\\/image\\\/\",\"url\":\"https:\\\/\\\/redenoticiaz.com.br\\\/litoralsp\\\/wp-content\\\/uploads\\\/sites\\\/3\\\/2020\\\/11\\\/logo.jpg\",\"contentUrl\":\"https:\\\/\\\/redenoticiaz.com.br\\\/litoralsp\\\/wp-content\\\/uploads\\\/sites\\\/3\\\/2020\\\/11\\\/logo.jpg\",\"width\":400,\"height\":250,\"caption\":\"Litoral SP\"},\"image\":{\"@id\":\"https:\\\/\\\/redenoticiaz.com.br\\\/litoralsp\\\/#\\\/schema\\\/logo\\\/image\\\/\"}},{\"@type\":\"Person\",\"@id\":\"https:\\\/\\\/redenoticiaz.com.br\\\/litoralsp\\\/#\\\/schema\\\/person\\\/0f0b8a5bdafefe82841e07ae8d81ecb3\",\"name\":\"Leonardo Francisco\",\"image\":{\"@type\":\"ImageObject\",\"inLanguage\":\"pt-BR\",\"@id\":\"https:\\\/\\\/secure.gravatar.com\\\/avatar\\\/a7358cb406a99b682ec6df1e77e31ae82e63601f6784e8a3df411d72b37864da?s=96&d=mm&r=g\",\"url\":\"https:\\\/\\\/secure.gravatar.com\\\/avatar\\\/a7358cb406a99b682ec6df1e77e31ae82e63601f6784e8a3df411d72b37864da?s=96&d=mm&r=g\",\"contentUrl\":\"https:\\\/\\\/secure.gravatar.com\\\/avatar\\\/a7358cb406a99b682ec6df1e77e31ae82e63601f6784e8a3df411d72b37864da?s=96&d=mm&r=g\",\"caption\":\"Leonardo Francisco\"},\"url\":\"https:\\\/\\\/redenoticiaz.com.br\\\/litoralsp\\\/author\\\/leonardo-francisco\"}]}<\/script>\n<!-- \/ Yoast SEO plugin. -->","yoast_head_json":{"title":"Dois anos depois, fieis voltam a celebrar presencialmente o dia da Padroeira na Bas\u00edlica de Aparecida - Litoral SP","description":"Aparecida. Devido a pandemia da Covid-19, que ainda n\u00e3o acabou, a Bas\u00edlica ficou fechada em 2020 e as missas \u00e0 Padroeira","robots":{"index":"index","follow":"follow","max-snippet":"max-snippet:-1","max-image-preview":"max-image-preview:large","max-video-preview":"max-video-preview:-1"},"canonical":"https:\/\/redenoticiaz.com.br\/litoralsp\/2021\/10\/12\/dois-anos-depois-fieis-voltam-a-celebrar-presencialmente-o-dia-da-padroeira-na-basilica-de-aparecida","og_locale":"pt_BR","og_type":"article","og_title":"Dois anos depois, fieis voltam a celebrar presencialmente o dia da Padroeira na Bas\u00edlica de Aparecida - Litoral SP","og_description":"Aparecida. Devido a pandemia da Covid-19, que ainda n\u00e3o acabou, a Bas\u00edlica ficou fechada em 2020 e as missas \u00e0 Padroeira","og_url":"https:\/\/redenoticiaz.com.br\/litoralsp\/2021\/10\/12\/dois-anos-depois-fieis-voltam-a-celebrar-presencialmente-o-dia-da-padroeira-na-basilica-de-aparecida","og_site_name":"Litoral SP","article_published_time":"2021-10-12T14:28:09+00:00","article_modified_time":"2021-10-12T14:34:15+00:00","og_image":[{"width":1008,"height":672,"url":"https:\/\/redenoticiaz.com.br\/litoralsp\/wp-content\/uploads\/sites\/3\/2021\/10\/padroeira.jpg","type":"image\/jpeg"}],"author":"Leonardo Francisco","twitter_card":"summary_large_image","twitter_misc":{"Escrito por":"Leonardo Francisco","Est. tempo de leitura":"4 minutos"},"schema":{"@context":"https:\/\/schema.org","@graph":[{"@type":"Article","@id":"https:\/\/redenoticiaz.com.br\/litoralsp\/2021\/10\/12\/dois-anos-depois-fieis-voltam-a-celebrar-presencialmente-o-dia-da-padroeira-na-basilica-de-aparecida#article","isPartOf":{"@id":"https:\/\/redenoticiaz.com.br\/litoralsp\/2021\/10\/12\/dois-anos-depois-fieis-voltam-a-celebrar-presencialmente-o-dia-da-padroeira-na-basilica-de-aparecida"},"author":{"name":"Leonardo Francisco","@id":"https:\/\/redenoticiaz.com.br\/litoralsp\/#\/schema\/person\/0f0b8a5bdafefe82841e07ae8d81ecb3"},"headline":"Dois anos depois, fieis voltam a celebrar presencialmente o dia da Padroeira na Bas\u00edlica de Aparecida","datePublished":"2021-10-12T14:28:09+00:00","dateModified":"2021-10-12T14:34:15+00:00","mainEntityOfPage":{"@id":"https:\/\/redenoticiaz.com.br\/litoralsp\/2021\/10\/12\/dois-anos-depois-fieis-voltam-a-celebrar-presencialmente-o-dia-da-padroeira-na-basilica-de-aparecida"},"wordCount":836,"commentCount":0,"publisher":{"@id":"https:\/\/redenoticiaz.com.br\/litoralsp\/#organization"},"image":{"@id":"https:\/\/redenoticiaz.com.br\/litoralsp\/2021\/10\/12\/dois-anos-depois-fieis-voltam-a-celebrar-presencialmente-o-dia-da-padroeira-na-basilica-de-aparecida#primaryimage"},"thumbnailUrl":"https:\/\/redenoticiaz.com.br\/litoralsp\/wp-content\/uploads\/sites\/3\/2021\/10\/padroeira.jpg","keywords":["APARECIDA DO NORTE","feriado","LIMITE DE P\u00daBLICO","MISSAS","Nossa Senhora Aparecida","PROGRAMA\u00c7\u00c3O","SANTU\u00c1RIO NACIONAL DE APARECIDA"],"articleSection":["Cultura","Turismo"],"inLanguage":"pt-BR","potentialAction":[{"@type":"CommentAction","name":"Comment","target":["https:\/\/redenoticiaz.com.br\/litoralsp\/2021\/10\/12\/dois-anos-depois-fieis-voltam-a-celebrar-presencialmente-o-dia-da-padroeira-na-basilica-de-aparecida#respond"]}]},{"@type":"WebPage","@id":"https:\/\/redenoticiaz.com.br\/litoralsp\/2021\/10\/12\/dois-anos-depois-fieis-voltam-a-celebrar-presencialmente-o-dia-da-padroeira-na-basilica-de-aparecida","url":"https:\/\/redenoticiaz.com.br\/litoralsp\/2021\/10\/12\/dois-anos-depois-fieis-voltam-a-celebrar-presencialmente-o-dia-da-padroeira-na-basilica-de-aparecida","name":"Dois anos depois, fieis voltam a celebrar presencialmente o dia da Padroeira na Bas\u00edlica de Aparecida - Litoral SP","isPartOf":{"@id":"https:\/\/redenoticiaz.com.br\/litoralsp\/#website"},"primaryImageOfPage":{"@id":"https:\/\/redenoticiaz.com.br\/litoralsp\/2021\/10\/12\/dois-anos-depois-fieis-voltam-a-celebrar-presencialmente-o-dia-da-padroeira-na-basilica-de-aparecida#primaryimage"},"image":{"@id":"https:\/\/redenoticiaz.com.br\/litoralsp\/2021\/10\/12\/dois-anos-depois-fieis-voltam-a-celebrar-presencialmente-o-dia-da-padroeira-na-basilica-de-aparecida#primaryimage"},"thumbnailUrl":"https:\/\/redenoticiaz.com.br\/litoralsp\/wp-content\/uploads\/sites\/3\/2021\/10\/padroeira.jpg","datePublished":"2021-10-12T14:28:09+00:00","dateModified":"2021-10-12T14:34:15+00:00","description":"Aparecida. Devido a pandemia da Covid-19, que ainda n\u00e3o acabou, a Bas\u00edlica ficou fechada em 2020 e as missas \u00e0 Padroeira","inLanguage":"pt-BR","potentialAction":[{"@type":"ReadAction","target":["https:\/\/redenoticiaz.com.br\/litoralsp\/2021\/10\/12\/dois-anos-depois-fieis-voltam-a-celebrar-presencialmente-o-dia-da-padroeira-na-basilica-de-aparecida"]}]},{"@type":"ImageObject","inLanguage":"pt-BR","@id":"https:\/\/redenoticiaz.com.br\/litoralsp\/2021\/10\/12\/dois-anos-depois-fieis-voltam-a-celebrar-presencialmente-o-dia-da-padroeira-na-basilica-de-aparecida#primaryimage","url":"https:\/\/redenoticiaz.com.br\/litoralsp\/wp-content\/uploads\/sites\/3\/2021\/10\/padroeira.jpg","contentUrl":"https:\/\/redenoticiaz.com.br\/litoralsp\/wp-content\/uploads\/sites\/3\/2021\/10\/padroeira.jpg","width":1008,"height":672,"caption":"Programa\u00e7\u00e3o ser\u00e1 extensa, embora com restri\u00e7\u00f5es e cuidados. Cr\u00e9ditos: Divulga\u00e7\u00e3o\/Santu\u00e1rio Nacional"},{"@type":"WebSite","@id":"https:\/\/redenoticiaz.com.br\/litoralsp\/#website","url":"https:\/\/redenoticiaz.com.br\/litoralsp\/","name":"Litoral SP","description":"Rede NoticiaZ","publisher":{"@id":"https:\/\/redenoticiaz.com.br\/litoralsp\/#organization"},"potentialAction":[{"@type":"SearchAction","target":{"@type":"EntryPoint","urlTemplate":"https:\/\/redenoticiaz.com.br\/litoralsp\/?s={search_term_string}"},"query-input":{"@type":"PropertyValueSpecification","valueRequired":true,"valueName":"search_term_string"}}],"inLanguage":"pt-BR"},{"@type":"Organization","@id":"https:\/\/redenoticiaz.com.br\/litoralsp\/#organization","name":"Litoral SP","url":"https:\/\/redenoticiaz.com.br\/litoralsp\/","logo":{"@type":"ImageObject","inLanguage":"pt-BR","@id":"https:\/\/redenoticiaz.com.br\/litoralsp\/#\/schema\/logo\/image\/","url":"https:\/\/redenoticiaz.com.br\/litoralsp\/wp-content\/uploads\/sites\/3\/2020\/11\/logo.jpg","contentUrl":"https:\/\/redenoticiaz.com.br\/litoralsp\/wp-content\/uploads\/sites\/3\/2020\/11\/logo.jpg","width":400,"height":250,"caption":"Litoral SP"},"image":{"@id":"https:\/\/redenoticiaz.com.br\/litoralsp\/#\/schema\/logo\/image\/"}},{"@type":"Person","@id":"https:\/\/redenoticiaz.com.br\/litoralsp\/#\/schema\/person\/0f0b8a5bdafefe82841e07ae8d81ecb3","name":"Leonardo Francisco","image":{"@type":"ImageObject","inLanguage":"pt-BR","@id":"https:\/\/secure.gravatar.com\/avatar\/a7358cb406a99b682ec6df1e77e31ae82e63601f6784e8a3df411d72b37864da?s=96&d=mm&r=g","url":"https:\/\/secure.gravatar.com\/avatar\/a7358cb406a99b682ec6df1e77e31ae82e63601f6784e8a3df411d72b37864da?s=96&d=mm&r=g","contentUrl":"https:\/\/secure.gravatar.com\/avatar\/a7358cb406a99b682ec6df1e77e31ae82e63601f6784e8a3df411d72b37864da?s=96&d=mm&r=g","caption":"Leonardo Francisco"},"url":"https:\/\/redenoticiaz.com.br\/litoralsp\/author\/leonardo-francisco"}]}},"_links":{"self":[{"href":"https:\/\/redenoticiaz.com.br\/litoralsp\/wp-json\/wp\/v2\/posts\/16325","targetHints":{"allow":["GET"]}}],"collection":[{"href":"https:\/\/redenoticiaz.com.br\/litoralsp\/wp-json\/wp\/v2\/posts"}],"about":[{"href":"https:\/\/redenoticiaz.com.br\/litoralsp\/wp-json\/wp\/v2\/types\/post"}],"author":[{"embeddable":true,"href":"https:\/\/redenoticiaz.com.br\/litoralsp\/wp-json\/wp\/v2\/users\/6"}],"replies":[{"embeddable":true,"href":"https:\/\/redenoticiaz.com.br\/litoralsp\/wp-json\/wp\/v2\/comments?post=16325"}],"version-history":[{"count":1,"href":"https:\/\/redenoticiaz.com.br\/litoralsp\/wp-json\/wp\/v2\/posts\/16325\/revisions"}],"predecessor-version":[{"id":16327,"href":"https:\/\/redenoticiaz.com.br\/litoralsp\/wp-json\/wp\/v2\/posts\/16325\/revisions\/16327"}],"wp:featuredmedia":[{"embeddable":true,"href":"https:\/\/redenoticiaz.com.br\/litoralsp\/wp-json\/wp\/v2\/media\/16326"}],"wp:attachment":[{"href":"https:\/\/redenoticiaz.com.br\/litoralsp\/wp-json\/wp\/v2\/media?parent=16325"}],"wp:term":[{"taxonomy":"category","embeddable":true,"href":"https:\/\/redenoticiaz.com.br\/litoralsp\/wp-json\/wp\/v2\/categories?post=16325"},{"taxonomy":"post_tag","embeddable":true,"href":"https:\/\/redenoticiaz.com.br\/litoralsp\/wp-json\/wp\/v2\/tags?post=16325"}],"curies":[{"name":"wp","href":"https:\/\/api.w.org\/{rel}","templated":true}]}}