{"id":16404,"date":"2021-10-13T12:38:31","date_gmt":"2021-10-13T15:38:31","guid":{"rendered":"https:\/\/redenoticiaz.com.br\/litoralsp\/?p=16404"},"modified":"2021-10-13T12:38:31","modified_gmt":"2021-10-13T15:38:31","slug":"homens-sao-presos-com-100-celulares-que-seriam-arremessados-em-penitenciaria","status":"publish","type":"post","link":"https:\/\/redenoticiaz.com.br\/litoralsp\/2021\/10\/13\/homens-sao-presos-com-100-celulares-que-seriam-arremessados-em-penitenciaria","title":{"rendered":"Homens s\u00e3o presos com 100 celulares que seriam arremessados em penitenci\u00e1ria"},"content":{"rendered":"<div class=\"mc-column content-text active-extra-styles \" data-block-type=\"unstyled\" data-block-weight=\"71\" data-block-id=\"2\">\n<p class=\"content-text__container \" data-track-category=\"Link no Texto\" data-track-links=\"\">Policiais da For\u00e7a T\u00e1tica da Pol\u00edcia Militar <strong>apreenderam mais de 100 celulares, chips e 4,3 kg de drogas do lado de fora do Centro de Progress\u00e3o Penitenci\u00e1ria<\/strong> Dr. Rubens Aleixo Sendin, em <a href=\"http:\/\/mongagua.sp.gov.br\/\">Mongagu\u00e1<\/a>. Caso aconteceu na madrugada desta quarta-feira (13). Tr\u00eas suspeitos, de 32, 31 e 22 anos, foram presos ap\u00f3s confessarem que estavam ali para arremessar os itens para dentro do pres\u00eddio.<\/p>\n<\/div>\n<div class=\"wall protected-content\">\n<div class=\"mc-column content-text active-extra-styles \" data-block-type=\"unstyled\" data-block-weight=\"43\" data-block-id=\"3\">\n<p class=\"content-text__container \" data-track-category=\"Link no Texto\" data-track-links=\"\">De acordo com a PM, uma equipe seguiu para as imedia\u00e7\u00f5es da unidade penitenci\u00e1ria e se deparou com um carro estacionado, por volta de 00h40, perto do pres\u00eddio. Os ocupantes apresentaram certo nervosismo ao ver os policiais se aproximarem e decidiram abord\u00e1-los.<\/p>\n<\/div>\n<div class=\"mc-column content-text active-extra-styles \" data-block-type=\"unstyled\" data-block-weight=\"50\" data-block-id=\"4\">\n<p class=\"content-text__container \" data-track-category=\"Link no Texto\" data-track-links=\"\">Durante uma revista pessoal ao tr\u00eas homens, nada de il\u00edcito foi localizado. No entanto, dentro do ve\u00edculo os policiais encontraram diversas sacolas e mochilas com 128 celulares, 30 carregadores, 43 fones de ouvido, dez chips de operadoras diversas, al\u00e9m de 4,3 kg de maconha e 44 gramas de coca\u00edna.<\/p>\n<\/div>\n<div class=\"mc-column content-text active-extra-styles \" data-block-type=\"unstyled\" data-block-weight=\"51\" data-block-id=\"7\">\n<p class=\"content-text__container \" data-track-category=\"Link no Texto\" data-track-links=\"\">Questionados, os suspeitos confessaram que eram membros do Primeiro Comando da Capital (PCC), e estariam com a miss\u00e3o de arremessar os itens para dentro do CPP. Ainda de acordo com a PM, o trio informou que os celulares eram usados dentro da cadeia para aplicar o golpe do falso sequestro.<\/p>\n<\/div>\n<div class=\"mc-column content-text active-extra-styles \" data-block-type=\"unstyled\" data-block-weight=\"20\" data-block-id=\"8\">\n<p class=\"content-text__container \" data-track-category=\"Link no Texto\" data-track-links=\"\">Eles foram encaminhados para a Delegacia Sede de Mongagu\u00e1, onde foram presos em flagrante. O caso segue sob investiga\u00e7\u00e3o.<\/p>\n<\/div>\n<figure id=\"attachment_16406\" aria-describedby=\"caption-attachment-16406\" style=\"width: 764px\" class=\"wp-caption alignnone\"><img loading=\"lazy\" decoding=\"async\" class=\" wp-image-16406\" src=\"https:\/\/redenoticiaz.com.br\/litoralsp\/wp-content\/uploads\/sites\/3\/2021\/10\/whatsapp-image-2021-10-13-at-02-41-24-266x300.jpeg\" alt=\"\" width=\"764\" height=\"862\" srcset=\"https:\/\/redenoticiaz.com.br\/litoralsp\/wp-content\/uploads\/sites\/3\/2021\/10\/whatsapp-image-2021-10-13-at-02-41-24-266x300.jpeg 266w, https:\/\/redenoticiaz.com.br\/litoralsp\/wp-content\/uploads\/sites\/3\/2021\/10\/whatsapp-image-2021-10-13-at-02-41-24-909x1024.jpeg 909w\" sizes=\"auto, (max-width: 764px) 100vw, 764px\" \/><figcaption id=\"caption-attachment-16406\" class=\"wp-caption-text\">Foto: Pol\u00edcia Militar.<\/figcaption><\/figure>\n<div class=\"mc-column content-text active-extra-styles \" data-block-type=\"unstyled\" data-block-weight=\"20\" data-block-id=\"8\">\n<p data-track-category=\"Link no Texto\" data-track-links=\"\"><strong>LEIA TAMB\u00c9M<\/strong><\/p>\n<p data-track-category=\"Link no Texto\" data-track-links=\"\"><a href=\"https:\/\/redenoticiaz.com.br\/litoralsp\/2021\/10\/13\/motorista-pede-pra-encher-tanque-e-foge-em-alta-velocidade-em-bertioga\">Motorista pede pra encher tanque e foge em alta velocidade em Bertioga<\/a><\/p>\n<\/div>\n<\/div>\n","protected":false},"excerpt":{"rendered":"<p>Policiais da For\u00e7a T\u00e1tica da Pol\u00edcia Militar apreenderam mais de 100 celulares, chips e 4,3 kg de drogas do lado de fora do Centro de Progress\u00e3o Penitenci\u00e1ria Dr. Rubens Aleixo Sendin, em Mongagu\u00e1. Caso aconteceu na madrugada desta quarta-feira (13). Tr\u00eas suspeitos, de 32, 31 e 22 anos, foram presos ap\u00f3s confessarem que estavam ali &hellip;<\/p>\n","protected":false},"author":11,"featured_media":16405,"comment_status":"open","ping_status":"closed","sticky":false,"template":"","format":"standard","meta":{"footnotes":""},"categories":[183,10],"tags":[17964,21379,1051,22321],"class_list":["post-16404","post","type-post","status-publish","format-standard","has-post-thumbnail","hentry","category-mongagua","category-policia","tag-celulares","tag-homens-presos","tag-mongagua","tag-penitenciaria"],"yoast_head":"<!-- This site is optimized with the Yoast SEO plugin v27.4 - https:\/\/yoast.com\/product\/yoast-seo-wordpress\/ -->\n<title>Homens s\u00e3o presos com 100 celulares que seriam arremessados em penitenci\u00e1ria - Litoral SP<\/title>\n<meta name=\"description\" content=\"Policiais da For\u00e7a T\u00e1tica da Pol\u00edcia Militar apreenderam mais de 100 celulares, chips e 4,3 kg de drogas do lado de fora do Centro de\" \/>\n<meta name=\"robots\" content=\"index, follow, max-snippet:-1, max-image-preview:large, max-video-preview:-1\" \/>\n<link rel=\"canonical\" href=\"https:\/\/redenoticiaz.com.br\/litoralsp\/2021\/10\/13\/homens-sao-presos-com-100-celulares-que-seriam-arremessados-em-penitenciaria\" \/>\n<meta property=\"og:locale\" content=\"pt_BR\" \/>\n<meta property=\"og:type\" content=\"article\" \/>\n<meta property=\"og:title\" content=\"Homens s\u00e3o presos com 100 celulares que seriam arremessados em penitenci\u00e1ria - Litoral SP\" \/>\n<meta property=\"og:description\" content=\"Policiais da For\u00e7a T\u00e1tica da Pol\u00edcia Militar apreenderam mais de 100 celulares, chips e 4,3 kg de drogas do lado de fora do Centro de\" \/>\n<meta property=\"og:url\" content=\"https:\/\/redenoticiaz.com.br\/litoralsp\/2021\/10\/13\/homens-sao-presos-com-100-celulares-que-seriam-arremessados-em-penitenciaria\" \/>\n<meta property=\"og:site_name\" content=\"Litoral SP\" \/>\n<meta property=\"article:published_time\" content=\"2021-10-13T15:38:31+00:00\" \/>\n<meta property=\"og:image\" content=\"https:\/\/redenoticiaz.com.br\/litoralsp\/wp-content\/uploads\/sites\/3\/2021\/10\/whatsapp-image-2021-10-13-at-02-41-25.jpeg\" \/>\n\t<meta property=\"og:image:width\" content=\"984\" \/>\n\t<meta property=\"og:image:height\" content=\"361\" \/>\n\t<meta property=\"og:image:type\" content=\"image\/jpeg\" \/>\n<meta name=\"twitter:card\" content=\"summary_large_image\" \/>\n<meta name=\"twitter:label1\" content=\"Escrito por\" \/>\n\t<meta name=\"twitter:data1\" content=\"\" \/>\n\t<meta name=\"twitter:label2\" content=\"Est. tempo de leitura\" \/>\n\t<meta name=\"twitter:data2\" content=\"1 minuto\" \/>\n<script type=\"application\/ld+json\" class=\"yoast-schema-graph\">{\"@context\":\"https:\\\/\\\/schema.org\",\"@graph\":[{\"@type\":\"Article\",\"@id\":\"https:\\\/\\\/redenoticiaz.com.br\\\/litoralsp\\\/2021\\\/10\\\/13\\\/homens-sao-presos-com-100-celulares-que-seriam-arremessados-em-penitenciaria#article\",\"isPartOf\":{\"@id\":\"https:\\\/\\\/redenoticiaz.com.br\\\/litoralsp\\\/2021\\\/10\\\/13\\\/homens-sao-presos-com-100-celulares-que-seriam-arremessados-em-penitenciaria\"},\"author\":{\"name\":\"\",\"@id\":\"\"},\"headline\":\"Homens s\u00e3o presos com 100 celulares que seriam arremessados em penitenci\u00e1ria\",\"datePublished\":\"2021-10-13T15:38:31+00:00\",\"mainEntityOfPage\":{\"@id\":\"https:\\\/\\\/redenoticiaz.com.br\\\/litoralsp\\\/2021\\\/10\\\/13\\\/homens-sao-presos-com-100-celulares-que-seriam-arremessados-em-penitenciaria\"},\"wordCount\":269,\"commentCount\":0,\"publisher\":{\"@id\":\"https:\\\/\\\/redenoticiaz.com.br\\\/litoralsp\\\/#organization\"},\"image\":{\"@id\":\"https:\\\/\\\/redenoticiaz.com.br\\\/litoralsp\\\/2021\\\/10\\\/13\\\/homens-sao-presos-com-100-celulares-que-seriam-arremessados-em-penitenciaria#primaryimage\"},\"thumbnailUrl\":\"https:\\\/\\\/redenoticiaz.com.br\\\/litoralsp\\\/wp-content\\\/uploads\\\/sites\\\/3\\\/2021\\\/10\\\/whatsapp-image-2021-10-13-at-02-41-25.jpeg\",\"keywords\":[\"CELULARES\",\"HOMENS PRESOS\",\"MONGAGU\u00c1\",\"penitenci\u00e1ria\"],\"articleSection\":[\"Mongagu\u00e1\",\"Pol\u00edcia\"],\"inLanguage\":\"pt-BR\",\"potentialAction\":[{\"@type\":\"CommentAction\",\"name\":\"Comment\",\"target\":[\"https:\\\/\\\/redenoticiaz.com.br\\\/litoralsp\\\/2021\\\/10\\\/13\\\/homens-sao-presos-com-100-celulares-que-seriam-arremessados-em-penitenciaria#respond\"]}]},{\"@type\":\"WebPage\",\"@id\":\"https:\\\/\\\/redenoticiaz.com.br\\\/litoralsp\\\/2021\\\/10\\\/13\\\/homens-sao-presos-com-100-celulares-que-seriam-arremessados-em-penitenciaria\",\"url\":\"https:\\\/\\\/redenoticiaz.com.br\\\/litoralsp\\\/2021\\\/10\\\/13\\\/homens-sao-presos-com-100-celulares-que-seriam-arremessados-em-penitenciaria\",\"name\":\"Homens s\u00e3o presos com 100 celulares que seriam arremessados em penitenci\u00e1ria - Litoral SP\",\"isPartOf\":{\"@id\":\"https:\\\/\\\/redenoticiaz.com.br\\\/litoralsp\\\/#website\"},\"primaryImageOfPage\":{\"@id\":\"https:\\\/\\\/redenoticiaz.com.br\\\/litoralsp\\\/2021\\\/10\\\/13\\\/homens-sao-presos-com-100-celulares-que-seriam-arremessados-em-penitenciaria#primaryimage\"},\"image\":{\"@id\":\"https:\\\/\\\/redenoticiaz.com.br\\\/litoralsp\\\/2021\\\/10\\\/13\\\/homens-sao-presos-com-100-celulares-que-seriam-arremessados-em-penitenciaria#primaryimage\"},\"thumbnailUrl\":\"https:\\\/\\\/redenoticiaz.com.br\\\/litoralsp\\\/wp-content\\\/uploads\\\/sites\\\/3\\\/2021\\\/10\\\/whatsapp-image-2021-10-13-at-02-41-25.jpeg\",\"datePublished\":\"2021-10-13T15:38:31+00:00\",\"description\":\"Policiais da For\u00e7a T\u00e1tica da Pol\u00edcia Militar apreenderam mais de 100 celulares, chips e 4,3 kg de drogas do lado de fora do Centro de\",\"inLanguage\":\"pt-BR\",\"potentialAction\":[{\"@type\":\"ReadAction\",\"target\":[\"https:\\\/\\\/redenoticiaz.com.br\\\/litoralsp\\\/2021\\\/10\\\/13\\\/homens-sao-presos-com-100-celulares-que-seriam-arremessados-em-penitenciaria\"]}]},{\"@type\":\"ImageObject\",\"inLanguage\":\"pt-BR\",\"@id\":\"https:\\\/\\\/redenoticiaz.com.br\\\/litoralsp\\\/2021\\\/10\\\/13\\\/homens-sao-presos-com-100-celulares-que-seriam-arremessados-em-penitenciaria#primaryimage\",\"url\":\"https:\\\/\\\/redenoticiaz.com.br\\\/litoralsp\\\/wp-content\\\/uploads\\\/sites\\\/3\\\/2021\\\/10\\\/whatsapp-image-2021-10-13-at-02-41-25.jpeg\",\"contentUrl\":\"https:\\\/\\\/redenoticiaz.com.br\\\/litoralsp\\\/wp-content\\\/uploads\\\/sites\\\/3\\\/2021\\\/10\\\/whatsapp-image-2021-10-13-at-02-41-25.jpeg\",\"width\":984,\"height\":361,\"caption\":\"Foto: Pol\u00edcia Militar\"},{\"@type\":\"WebSite\",\"@id\":\"https:\\\/\\\/redenoticiaz.com.br\\\/litoralsp\\\/#website\",\"url\":\"https:\\\/\\\/redenoticiaz.com.br\\\/litoralsp\\\/\",\"name\":\"Litoral SP\",\"description\":\"Rede NoticiaZ\",\"publisher\":{\"@id\":\"https:\\\/\\\/redenoticiaz.com.br\\\/litoralsp\\\/#organization\"},\"potentialAction\":[{\"@type\":\"SearchAction\",\"target\":{\"@type\":\"EntryPoint\",\"urlTemplate\":\"https:\\\/\\\/redenoticiaz.com.br\\\/litoralsp\\\/?s={search_term_string}\"},\"query-input\":{\"@type\":\"PropertyValueSpecification\",\"valueRequired\":true,\"valueName\":\"search_term_string\"}}],\"inLanguage\":\"pt-BR\"},{\"@type\":\"Organization\",\"@id\":\"https:\\\/\\\/redenoticiaz.com.br\\\/litoralsp\\\/#organization\",\"name\":\"Litoral SP\",\"url\":\"https:\\\/\\\/redenoticiaz.com.br\\\/litoralsp\\\/\",\"logo\":{\"@type\":\"ImageObject\",\"inLanguage\":\"pt-BR\",\"@id\":\"https:\\\/\\\/redenoticiaz.com.br\\\/litoralsp\\\/#\\\/schema\\\/logo\\\/image\\\/\",\"url\":\"https:\\\/\\\/redenoticiaz.com.br\\\/litoralsp\\\/wp-content\\\/uploads\\\/sites\\\/3\\\/2020\\\/11\\\/logo.jpg\",\"contentUrl\":\"https:\\\/\\\/redenoticiaz.com.br\\\/litoralsp\\\/wp-content\\\/uploads\\\/sites\\\/3\\\/2020\\\/11\\\/logo.jpg\",\"width\":400,\"height\":250,\"caption\":\"Litoral SP\"},\"image\":{\"@id\":\"https:\\\/\\\/redenoticiaz.com.br\\\/litoralsp\\\/#\\\/schema\\\/logo\\\/image\\\/\"}},{\"@type\":\"Person\",\"@id\":\"\",\"url\":\"https:\\\/\\\/redenoticiaz.com.br\\\/litoralsp\\\/author\"}]}<\/script>\n<!-- \/ Yoast SEO plugin. -->","yoast_head_json":{"title":"Homens s\u00e3o presos com 100 celulares que seriam arremessados em penitenci\u00e1ria - Litoral SP","description":"Policiais da For\u00e7a T\u00e1tica da Pol\u00edcia Militar apreenderam mais de 100 celulares, chips e 4,3 kg de drogas do lado de fora do Centro de","robots":{"index":"index","follow":"follow","max-snippet":"max-snippet:-1","max-image-preview":"max-image-preview:large","max-video-preview":"max-video-preview:-1"},"canonical":"https:\/\/redenoticiaz.com.br\/litoralsp\/2021\/10\/13\/homens-sao-presos-com-100-celulares-que-seriam-arremessados-em-penitenciaria","og_locale":"pt_BR","og_type":"article","og_title":"Homens s\u00e3o presos com 100 celulares que seriam arremessados em penitenci\u00e1ria - Litoral SP","og_description":"Policiais da For\u00e7a T\u00e1tica da Pol\u00edcia Militar apreenderam mais de 100 celulares, chips e 4,3 kg de drogas do lado de fora do Centro de","og_url":"https:\/\/redenoticiaz.com.br\/litoralsp\/2021\/10\/13\/homens-sao-presos-com-100-celulares-que-seriam-arremessados-em-penitenciaria","og_site_name":"Litoral SP","article_published_time":"2021-10-13T15:38:31+00:00","og_image":[{"width":984,"height":361,"url":"https:\/\/redenoticiaz.com.br\/litoralsp\/wp-content\/uploads\/sites\/3\/2021\/10\/whatsapp-image-2021-10-13-at-02-41-25.jpeg","type":"image\/jpeg"}],"twitter_card":"summary_large_image","twitter_misc":{"Escrito por":"","Est. tempo de leitura":"1 minuto"},"schema":{"@context":"https:\/\/schema.org","@graph":[{"@type":"Article","@id":"https:\/\/redenoticiaz.com.br\/litoralsp\/2021\/10\/13\/homens-sao-presos-com-100-celulares-que-seriam-arremessados-em-penitenciaria#article","isPartOf":{"@id":"https:\/\/redenoticiaz.com.br\/litoralsp\/2021\/10\/13\/homens-sao-presos-com-100-celulares-que-seriam-arremessados-em-penitenciaria"},"author":{"name":"","@id":""},"headline":"Homens s\u00e3o presos com 100 celulares que seriam arremessados em penitenci\u00e1ria","datePublished":"2021-10-13T15:38:31+00:00","mainEntityOfPage":{"@id":"https:\/\/redenoticiaz.com.br\/litoralsp\/2021\/10\/13\/homens-sao-presos-com-100-celulares-que-seriam-arremessados-em-penitenciaria"},"wordCount":269,"commentCount":0,"publisher":{"@id":"https:\/\/redenoticiaz.com.br\/litoralsp\/#organization"},"image":{"@id":"https:\/\/redenoticiaz.com.br\/litoralsp\/2021\/10\/13\/homens-sao-presos-com-100-celulares-que-seriam-arremessados-em-penitenciaria#primaryimage"},"thumbnailUrl":"https:\/\/redenoticiaz.com.br\/litoralsp\/wp-content\/uploads\/sites\/3\/2021\/10\/whatsapp-image-2021-10-13-at-02-41-25.jpeg","keywords":["CELULARES","HOMENS PRESOS","MONGAGU\u00c1","penitenci\u00e1ria"],"articleSection":["Mongagu\u00e1","Pol\u00edcia"],"inLanguage":"pt-BR","potentialAction":[{"@type":"CommentAction","name":"Comment","target":["https:\/\/redenoticiaz.com.br\/litoralsp\/2021\/10\/13\/homens-sao-presos-com-100-celulares-que-seriam-arremessados-em-penitenciaria#respond"]}]},{"@type":"WebPage","@id":"https:\/\/redenoticiaz.com.br\/litoralsp\/2021\/10\/13\/homens-sao-presos-com-100-celulares-que-seriam-arremessados-em-penitenciaria","url":"https:\/\/redenoticiaz.com.br\/litoralsp\/2021\/10\/13\/homens-sao-presos-com-100-celulares-que-seriam-arremessados-em-penitenciaria","name":"Homens s\u00e3o presos com 100 celulares que seriam arremessados em penitenci\u00e1ria - Litoral SP","isPartOf":{"@id":"https:\/\/redenoticiaz.com.br\/litoralsp\/#website"},"primaryImageOfPage":{"@id":"https:\/\/redenoticiaz.com.br\/litoralsp\/2021\/10\/13\/homens-sao-presos-com-100-celulares-que-seriam-arremessados-em-penitenciaria#primaryimage"},"image":{"@id":"https:\/\/redenoticiaz.com.br\/litoralsp\/2021\/10\/13\/homens-sao-presos-com-100-celulares-que-seriam-arremessados-em-penitenciaria#primaryimage"},"thumbnailUrl":"https:\/\/redenoticiaz.com.br\/litoralsp\/wp-content\/uploads\/sites\/3\/2021\/10\/whatsapp-image-2021-10-13-at-02-41-25.jpeg","datePublished":"2021-10-13T15:38:31+00:00","description":"Policiais da For\u00e7a T\u00e1tica da Pol\u00edcia Militar apreenderam mais de 100 celulares, chips e 4,3 kg de drogas do lado de fora do Centro de","inLanguage":"pt-BR","potentialAction":[{"@type":"ReadAction","target":["https:\/\/redenoticiaz.com.br\/litoralsp\/2021\/10\/13\/homens-sao-presos-com-100-celulares-que-seriam-arremessados-em-penitenciaria"]}]},{"@type":"ImageObject","inLanguage":"pt-BR","@id":"https:\/\/redenoticiaz.com.br\/litoralsp\/2021\/10\/13\/homens-sao-presos-com-100-celulares-que-seriam-arremessados-em-penitenciaria#primaryimage","url":"https:\/\/redenoticiaz.com.br\/litoralsp\/wp-content\/uploads\/sites\/3\/2021\/10\/whatsapp-image-2021-10-13-at-02-41-25.jpeg","contentUrl":"https:\/\/redenoticiaz.com.br\/litoralsp\/wp-content\/uploads\/sites\/3\/2021\/10\/whatsapp-image-2021-10-13-at-02-41-25.jpeg","width":984,"height":361,"caption":"Foto: Pol\u00edcia Militar"},{"@type":"WebSite","@id":"https:\/\/redenoticiaz.com.br\/litoralsp\/#website","url":"https:\/\/redenoticiaz.com.br\/litoralsp\/","name":"Litoral SP","description":"Rede NoticiaZ","publisher":{"@id":"https:\/\/redenoticiaz.com.br\/litoralsp\/#organization"},"potentialAction":[{"@type":"SearchAction","target":{"@type":"EntryPoint","urlTemplate":"https:\/\/redenoticiaz.com.br\/litoralsp\/?s={search_term_string}"},"query-input":{"@type":"PropertyValueSpecification","valueRequired":true,"valueName":"search_term_string"}}],"inLanguage":"pt-BR"},{"@type":"Organization","@id":"https:\/\/redenoticiaz.com.br\/litoralsp\/#organization","name":"Litoral SP","url":"https:\/\/redenoticiaz.com.br\/litoralsp\/","logo":{"@type":"ImageObject","inLanguage":"pt-BR","@id":"https:\/\/redenoticiaz.com.br\/litoralsp\/#\/schema\/logo\/image\/","url":"https:\/\/redenoticiaz.com.br\/litoralsp\/wp-content\/uploads\/sites\/3\/2020\/11\/logo.jpg","contentUrl":"https:\/\/redenoticiaz.com.br\/litoralsp\/wp-content\/uploads\/sites\/3\/2020\/11\/logo.jpg","width":400,"height":250,"caption":"Litoral SP"},"image":{"@id":"https:\/\/redenoticiaz.com.br\/litoralsp\/#\/schema\/logo\/image\/"}},{"@type":"Person","@id":"","url":"https:\/\/redenoticiaz.com.br\/litoralsp\/author"}]}},"_links":{"self":[{"href":"https:\/\/redenoticiaz.com.br\/litoralsp\/wp-json\/wp\/v2\/posts\/16404","targetHints":{"allow":["GET"]}}],"collection":[{"href":"https:\/\/redenoticiaz.com.br\/litoralsp\/wp-json\/wp\/v2\/posts"}],"about":[{"href":"https:\/\/redenoticiaz.com.br\/litoralsp\/wp-json\/wp\/v2\/types\/post"}],"author":[{"embeddable":true,"href":"https:\/\/redenoticiaz.com.br\/litoralsp\/wp-json\/wp\/v2\/users\/11"}],"replies":[{"embeddable":true,"href":"https:\/\/redenoticiaz.com.br\/litoralsp\/wp-json\/wp\/v2\/comments?post=16404"}],"version-history":[{"count":2,"href":"https:\/\/redenoticiaz.com.br\/litoralsp\/wp-json\/wp\/v2\/posts\/16404\/revisions"}],"predecessor-version":[{"id":16408,"href":"https:\/\/redenoticiaz.com.br\/litoralsp\/wp-json\/wp\/v2\/posts\/16404\/revisions\/16408"}],"wp:featuredmedia":[{"embeddable":true,"href":"https:\/\/redenoticiaz.com.br\/litoralsp\/wp-json\/wp\/v2\/media\/16405"}],"wp:attachment":[{"href":"https:\/\/redenoticiaz.com.br\/litoralsp\/wp-json\/wp\/v2\/media?parent=16404"}],"wp:term":[{"taxonomy":"category","embeddable":true,"href":"https:\/\/redenoticiaz.com.br\/litoralsp\/wp-json\/wp\/v2\/categories?post=16404"},{"taxonomy":"post_tag","embeddable":true,"href":"https:\/\/redenoticiaz.com.br\/litoralsp\/wp-json\/wp\/v2\/tags?post=16404"}],"curies":[{"name":"wp","href":"https:\/\/api.w.org\/{rel}","templated":true}]}}