{"id":16643,"date":"2021-10-17T13:02:27","date_gmt":"2021-10-17T16:02:27","guid":{"rendered":"https:\/\/redenoticiaz.com.br\/litoralsp\/?p=16643"},"modified":"2021-10-17T13:02:52","modified_gmt":"2021-10-17T16:02:52","slug":"onibus-e-alvo-de-tentativa-de-assalto-em-praia-grande-e-e-apedrejado","status":"publish","type":"post","link":"https:\/\/redenoticiaz.com.br\/litoralsp\/2021\/10\/17\/onibus-e-alvo-de-tentativa-de-assalto-em-praia-grande-e-e-apedrejado","title":{"rendered":"\u00d4nibus \u00e9 alvo de tentativa de assalto em Praia Grande e \u00e9 apedrejado"},"content":{"rendered":"<p>O motorista e os passageiros de um <strong>\u00f4nibus<\/strong> intermunicipal de <a href=\"https:\/\/www.praiagrande.sp.gov.br\/HomePortal-.asp?cd_pagina=71\">Praia Grande<\/a> passaram por maus bocados nesse s\u00e1bado (16). Um bandido apedrejou o ve\u00edculo e tentou executar o roubo. Por sorte a a\u00e7\u00e3o n\u00e3o teve sucesso e ele escapou.<\/p>\n<p>Segundo a Empresa Metropolitana de Transportes Urbanos de S\u00e3o Paulo (EMTU), o caso aconteceu por volta das 23h40 enquanto o ve\u00edculo se preparava para sair do Terminal Rodovi\u00e1rio Tude Bastos de Praia Grande e seguir trajeto sentido Santos. O autor dos ataques ainda n\u00e3o foi identificado. Testemunhas que estavam no local confirmaram o caso.<\/p>\n<div class=\"mc-column content-text active-extra-styles \" data-block-type=\"unstyled\" data-block-weight=\"36\" data-block-id=\"4\">\n<p class=\"content-text__container \" data-track-category=\"Link no Texto\" data-track-links=\"\">A empresa respons\u00e1vel pela opera\u00e7\u00e3o da linha de transporte p\u00fablico informou que o ocorrido n\u00e3o deixou v\u00edtimas e que os ataques danificaram o vidro para-brisa do ve\u00edculo. A EMTU ressalta que a linha j\u00e1 funciona normalmente.<\/p>\n<\/div>\n<div class=\"mc-column content-text active-extra-styles \" data-block-type=\"unstyled\" data-block-weight=\"22\" data-block-id=\"5\">\n<p class=\"content-text__container \" data-track-category=\"Link no Texto\" data-track-links=\"\">Ainda segundo a empresa metropolitana, a pol\u00edcia n\u00e3o esteve presente no local e, at\u00e9 o momento, n\u00e3o foi registrado boletim de ocorr\u00eancia.<\/p>\n<\/div>\n<div class=\"block-podcast\"><strong>LEIA TAMB\u00c9M<\/strong><\/div>\n<div><\/div>\n<div><a href=\"https:\/\/redenoticiaz.com.br\/litoralsp\/2021\/10\/16\/homem-invade-casa-de-ex-mulher-e-da-golpes-de-faca-em-mongagua\">Homem invade casa de ex-mulher e d\u00e1 golpes de faca em Mongagu\u00e1<\/a><\/div>\n","protected":false},"excerpt":{"rendered":"<p>O motorista e os passageiros de um \u00f4nibus intermunicipal de Praia Grande passaram por maus bocados nesse s\u00e1bado (16). Um bandido apedrejou o ve\u00edculo e tentou executar o roubo. Por sorte a a\u00e7\u00e3o n\u00e3o teve sucesso e ele escapou. Segundo a Empresa Metropolitana de Transportes Urbanos de S\u00e3o Paulo (EMTU), o caso aconteceu por volta &hellip;<\/p>\n","protected":false},"author":6,"featured_media":16644,"comment_status":"open","ping_status":"closed","sticky":false,"template":"","format":"standard","meta":{"footnotes":""},"categories":[10,182,88],"tags":[38452,19772,1101,9612,38451],"class_list":["post-16643","post","type-post","status-publish","format-standard","has-post-thumbnail","hentry","category-policia","category-praia-grande","category-transportes","tag-onibus-apedrejado","tag-onibus-intermunicipal","tag-praia-grande","tag-tentativa-de-assalto","tag-terminal-tude-bastos"],"yoast_head":"<!-- This site is optimized with the Yoast SEO plugin v27.4 - https:\/\/yoast.com\/product\/yoast-seo-wordpress\/ -->\n<title>\u00d4nibus \u00e9 alvo de tentativa de assalto em Praia Grande e \u00e9 apedrejado - Litoral SP<\/title>\n<meta name=\"description\" content=\"O motorista e os passageiros de um \u00f4nibus intermunicipal de Praia Grande passaram por maus bocados nesse s\u00e1bado (16). Um bandido\" \/>\n<meta name=\"robots\" content=\"index, follow, max-snippet:-1, max-image-preview:large, max-video-preview:-1\" \/>\n<link rel=\"canonical\" href=\"https:\/\/redenoticiaz.com.br\/litoralsp\/2021\/10\/17\/onibus-e-alvo-de-tentativa-de-assalto-em-praia-grande-e-e-apedrejado\" \/>\n<meta property=\"og:locale\" content=\"pt_BR\" \/>\n<meta property=\"og:type\" content=\"article\" \/>\n<meta property=\"og:title\" content=\"\u00d4nibus \u00e9 alvo de tentativa de assalto em Praia Grande e \u00e9 apedrejado - Litoral SP\" \/>\n<meta property=\"og:description\" content=\"O motorista e os passageiros de um \u00f4nibus intermunicipal de Praia Grande passaram por maus bocados nesse s\u00e1bado (16). Um bandido\" \/>\n<meta property=\"og:url\" content=\"https:\/\/redenoticiaz.com.br\/litoralsp\/2021\/10\/17\/onibus-e-alvo-de-tentativa-de-assalto-em-praia-grande-e-e-apedrejado\" \/>\n<meta property=\"og:site_name\" content=\"Litoral SP\" \/>\n<meta property=\"article:published_time\" content=\"2021-10-17T16:02:27+00:00\" \/>\n<meta property=\"article:modified_time\" content=\"2021-10-17T16:02:52+00:00\" \/>\n<meta property=\"og:image\" content=\"https:\/\/redenoticiaz.com.br\/litoralsp\/wp-content\/uploads\/sites\/3\/2021\/10\/onibusafoakn-cortado.jpg\" \/>\n\t<meta property=\"og:image:width\" content=\"984\" \/>\n\t<meta property=\"og:image:height\" content=\"873\" \/>\n\t<meta property=\"og:image:type\" content=\"image\/jpeg\" \/>\n<meta name=\"author\" content=\"Leonardo Francisco\" \/>\n<meta name=\"twitter:card\" content=\"summary_large_image\" \/>\n<meta name=\"twitter:label1\" content=\"Escrito por\" \/>\n\t<meta name=\"twitter:data1\" content=\"Leonardo Francisco\" \/>\n\t<meta name=\"twitter:label2\" content=\"Est. tempo de leitura\" \/>\n\t<meta name=\"twitter:data2\" content=\"1 minuto\" \/>\n<script type=\"application\/ld+json\" class=\"yoast-schema-graph\">{\"@context\":\"https:\\\/\\\/schema.org\",\"@graph\":[{\"@type\":\"Article\",\"@id\":\"https:\\\/\\\/redenoticiaz.com.br\\\/litoralsp\\\/2021\\\/10\\\/17\\\/onibus-e-alvo-de-tentativa-de-assalto-em-praia-grande-e-e-apedrejado#article\",\"isPartOf\":{\"@id\":\"https:\\\/\\\/redenoticiaz.com.br\\\/litoralsp\\\/2021\\\/10\\\/17\\\/onibus-e-alvo-de-tentativa-de-assalto-em-praia-grande-e-e-apedrejado\"},\"author\":{\"name\":\"Leonardo Francisco\",\"@id\":\"https:\\\/\\\/redenoticiaz.com.br\\\/litoralsp\\\/#\\\/schema\\\/person\\\/0f0b8a5bdafefe82841e07ae8d81ecb3\"},\"headline\":\"\u00d4nibus \u00e9 alvo de tentativa de assalto em Praia Grande e \u00e9 apedrejado\",\"datePublished\":\"2021-10-17T16:02:27+00:00\",\"dateModified\":\"2021-10-17T16:02:52+00:00\",\"mainEntityOfPage\":{\"@id\":\"https:\\\/\\\/redenoticiaz.com.br\\\/litoralsp\\\/2021\\\/10\\\/17\\\/onibus-e-alvo-de-tentativa-de-assalto-em-praia-grande-e-e-apedrejado\"},\"wordCount\":194,\"commentCount\":0,\"publisher\":{\"@id\":\"https:\\\/\\\/redenoticiaz.com.br\\\/litoralsp\\\/#organization\"},\"image\":{\"@id\":\"https:\\\/\\\/redenoticiaz.com.br\\\/litoralsp\\\/2021\\\/10\\\/17\\\/onibus-e-alvo-de-tentativa-de-assalto-em-praia-grande-e-e-apedrejado#primaryimage\"},\"thumbnailUrl\":\"https:\\\/\\\/redenoticiaz.com.br\\\/litoralsp\\\/wp-content\\\/uploads\\\/sites\\\/3\\\/2021\\\/10\\\/onibusafoakn-cortado.jpg\",\"keywords\":[\"\u00d4NIBUS APEDREJADO\",\"\u00d4NIBUS INTERMUNICIPAL\",\"PRAIA GRANDE\",\"TENTATIVA DE ASSALTO\",\"TERMINAL TUDE BASTOS\"],\"articleSection\":[\"Pol\u00edcia\",\"Praia Grande\",\"Transportes\"],\"inLanguage\":\"pt-BR\",\"potentialAction\":[{\"@type\":\"CommentAction\",\"name\":\"Comment\",\"target\":[\"https:\\\/\\\/redenoticiaz.com.br\\\/litoralsp\\\/2021\\\/10\\\/17\\\/onibus-e-alvo-de-tentativa-de-assalto-em-praia-grande-e-e-apedrejado#respond\"]}]},{\"@type\":\"WebPage\",\"@id\":\"https:\\\/\\\/redenoticiaz.com.br\\\/litoralsp\\\/2021\\\/10\\\/17\\\/onibus-e-alvo-de-tentativa-de-assalto-em-praia-grande-e-e-apedrejado\",\"url\":\"https:\\\/\\\/redenoticiaz.com.br\\\/litoralsp\\\/2021\\\/10\\\/17\\\/onibus-e-alvo-de-tentativa-de-assalto-em-praia-grande-e-e-apedrejado\",\"name\":\"\u00d4nibus \u00e9 alvo de tentativa de assalto em Praia Grande e \u00e9 apedrejado - Litoral SP\",\"isPartOf\":{\"@id\":\"https:\\\/\\\/redenoticiaz.com.br\\\/litoralsp\\\/#website\"},\"primaryImageOfPage\":{\"@id\":\"https:\\\/\\\/redenoticiaz.com.br\\\/litoralsp\\\/2021\\\/10\\\/17\\\/onibus-e-alvo-de-tentativa-de-assalto-em-praia-grande-e-e-apedrejado#primaryimage\"},\"image\":{\"@id\":\"https:\\\/\\\/redenoticiaz.com.br\\\/litoralsp\\\/2021\\\/10\\\/17\\\/onibus-e-alvo-de-tentativa-de-assalto-em-praia-grande-e-e-apedrejado#primaryimage\"},\"thumbnailUrl\":\"https:\\\/\\\/redenoticiaz.com.br\\\/litoralsp\\\/wp-content\\\/uploads\\\/sites\\\/3\\\/2021\\\/10\\\/onibusafoakn-cortado.jpg\",\"datePublished\":\"2021-10-17T16:02:27+00:00\",\"dateModified\":\"2021-10-17T16:02:52+00:00\",\"description\":\"O motorista e os passageiros de um \u00f4nibus intermunicipal de Praia Grande passaram por maus bocados nesse s\u00e1bado (16). Um bandido\",\"inLanguage\":\"pt-BR\",\"potentialAction\":[{\"@type\":\"ReadAction\",\"target\":[\"https:\\\/\\\/redenoticiaz.com.br\\\/litoralsp\\\/2021\\\/10\\\/17\\\/onibus-e-alvo-de-tentativa-de-assalto-em-praia-grande-e-e-apedrejado\"]}]},{\"@type\":\"ImageObject\",\"inLanguage\":\"pt-BR\",\"@id\":\"https:\\\/\\\/redenoticiaz.com.br\\\/litoralsp\\\/2021\\\/10\\\/17\\\/onibus-e-alvo-de-tentativa-de-assalto-em-praia-grande-e-e-apedrejado#primaryimage\",\"url\":\"https:\\\/\\\/redenoticiaz.com.br\\\/litoralsp\\\/wp-content\\\/uploads\\\/sites\\\/3\\\/2021\\\/10\\\/onibusafoakn-cortado.jpg\",\"contentUrl\":\"https:\\\/\\\/redenoticiaz.com.br\\\/litoralsp\\\/wp-content\\\/uploads\\\/sites\\\/3\\\/2021\\\/10\\\/onibusafoakn-cortado.jpg\",\"width\":984,\"height\":873,\"caption\":\"Suspeito est\u00e1 sendo procurado. Cr\u00e9ditos: Reprodu\u00e7\u00e3o\\\/Facebook Moro em S\u00e3o Vicente e Regi\u00e3o\"},{\"@type\":\"WebSite\",\"@id\":\"https:\\\/\\\/redenoticiaz.com.br\\\/litoralsp\\\/#website\",\"url\":\"https:\\\/\\\/redenoticiaz.com.br\\\/litoralsp\\\/\",\"name\":\"Litoral SP\",\"description\":\"Rede NoticiaZ\",\"publisher\":{\"@id\":\"https:\\\/\\\/redenoticiaz.com.br\\\/litoralsp\\\/#organization\"},\"potentialAction\":[{\"@type\":\"SearchAction\",\"target\":{\"@type\":\"EntryPoint\",\"urlTemplate\":\"https:\\\/\\\/redenoticiaz.com.br\\\/litoralsp\\\/?s={search_term_string}\"},\"query-input\":{\"@type\":\"PropertyValueSpecification\",\"valueRequired\":true,\"valueName\":\"search_term_string\"}}],\"inLanguage\":\"pt-BR\"},{\"@type\":\"Organization\",\"@id\":\"https:\\\/\\\/redenoticiaz.com.br\\\/litoralsp\\\/#organization\",\"name\":\"Litoral SP\",\"url\":\"https:\\\/\\\/redenoticiaz.com.br\\\/litoralsp\\\/\",\"logo\":{\"@type\":\"ImageObject\",\"inLanguage\":\"pt-BR\",\"@id\":\"https:\\\/\\\/redenoticiaz.com.br\\\/litoralsp\\\/#\\\/schema\\\/logo\\\/image\\\/\",\"url\":\"https:\\\/\\\/redenoticiaz.com.br\\\/litoralsp\\\/wp-content\\\/uploads\\\/sites\\\/3\\\/2020\\\/11\\\/logo.jpg\",\"contentUrl\":\"https:\\\/\\\/redenoticiaz.com.br\\\/litoralsp\\\/wp-content\\\/uploads\\\/sites\\\/3\\\/2020\\\/11\\\/logo.jpg\",\"width\":400,\"height\":250,\"caption\":\"Litoral SP\"},\"image\":{\"@id\":\"https:\\\/\\\/redenoticiaz.com.br\\\/litoralsp\\\/#\\\/schema\\\/logo\\\/image\\\/\"}},{\"@type\":\"Person\",\"@id\":\"https:\\\/\\\/redenoticiaz.com.br\\\/litoralsp\\\/#\\\/schema\\\/person\\\/0f0b8a5bdafefe82841e07ae8d81ecb3\",\"name\":\"Leonardo Francisco\",\"image\":{\"@type\":\"ImageObject\",\"inLanguage\":\"pt-BR\",\"@id\":\"https:\\\/\\\/secure.gravatar.com\\\/avatar\\\/a7358cb406a99b682ec6df1e77e31ae82e63601f6784e8a3df411d72b37864da?s=96&d=mm&r=g\",\"url\":\"https:\\\/\\\/secure.gravatar.com\\\/avatar\\\/a7358cb406a99b682ec6df1e77e31ae82e63601f6784e8a3df411d72b37864da?s=96&d=mm&r=g\",\"contentUrl\":\"https:\\\/\\\/secure.gravatar.com\\\/avatar\\\/a7358cb406a99b682ec6df1e77e31ae82e63601f6784e8a3df411d72b37864da?s=96&d=mm&r=g\",\"caption\":\"Leonardo Francisco\"},\"url\":\"https:\\\/\\\/redenoticiaz.com.br\\\/litoralsp\\\/author\\\/leonardo-francisco\"}]}<\/script>\n<!-- \/ Yoast SEO plugin. -->","yoast_head_json":{"title":"\u00d4nibus \u00e9 alvo de tentativa de assalto em Praia Grande e \u00e9 apedrejado - Litoral SP","description":"O motorista e os passageiros de um \u00f4nibus intermunicipal de Praia Grande passaram por maus bocados nesse s\u00e1bado (16). Um bandido","robots":{"index":"index","follow":"follow","max-snippet":"max-snippet:-1","max-image-preview":"max-image-preview:large","max-video-preview":"max-video-preview:-1"},"canonical":"https:\/\/redenoticiaz.com.br\/litoralsp\/2021\/10\/17\/onibus-e-alvo-de-tentativa-de-assalto-em-praia-grande-e-e-apedrejado","og_locale":"pt_BR","og_type":"article","og_title":"\u00d4nibus \u00e9 alvo de tentativa de assalto em Praia Grande e \u00e9 apedrejado - Litoral SP","og_description":"O motorista e os passageiros de um \u00f4nibus intermunicipal de Praia Grande passaram por maus bocados nesse s\u00e1bado (16). Um bandido","og_url":"https:\/\/redenoticiaz.com.br\/litoralsp\/2021\/10\/17\/onibus-e-alvo-de-tentativa-de-assalto-em-praia-grande-e-e-apedrejado","og_site_name":"Litoral SP","article_published_time":"2021-10-17T16:02:27+00:00","article_modified_time":"2021-10-17T16:02:52+00:00","og_image":[{"width":984,"height":873,"url":"https:\/\/redenoticiaz.com.br\/litoralsp\/wp-content\/uploads\/sites\/3\/2021\/10\/onibusafoakn-cortado.jpg","type":"image\/jpeg"}],"author":"Leonardo Francisco","twitter_card":"summary_large_image","twitter_misc":{"Escrito por":"Leonardo Francisco","Est. tempo de leitura":"1 minuto"},"schema":{"@context":"https:\/\/schema.org","@graph":[{"@type":"Article","@id":"https:\/\/redenoticiaz.com.br\/litoralsp\/2021\/10\/17\/onibus-e-alvo-de-tentativa-de-assalto-em-praia-grande-e-e-apedrejado#article","isPartOf":{"@id":"https:\/\/redenoticiaz.com.br\/litoralsp\/2021\/10\/17\/onibus-e-alvo-de-tentativa-de-assalto-em-praia-grande-e-e-apedrejado"},"author":{"name":"Leonardo Francisco","@id":"https:\/\/redenoticiaz.com.br\/litoralsp\/#\/schema\/person\/0f0b8a5bdafefe82841e07ae8d81ecb3"},"headline":"\u00d4nibus \u00e9 alvo de tentativa de assalto em Praia Grande e \u00e9 apedrejado","datePublished":"2021-10-17T16:02:27+00:00","dateModified":"2021-10-17T16:02:52+00:00","mainEntityOfPage":{"@id":"https:\/\/redenoticiaz.com.br\/litoralsp\/2021\/10\/17\/onibus-e-alvo-de-tentativa-de-assalto-em-praia-grande-e-e-apedrejado"},"wordCount":194,"commentCount":0,"publisher":{"@id":"https:\/\/redenoticiaz.com.br\/litoralsp\/#organization"},"image":{"@id":"https:\/\/redenoticiaz.com.br\/litoralsp\/2021\/10\/17\/onibus-e-alvo-de-tentativa-de-assalto-em-praia-grande-e-e-apedrejado#primaryimage"},"thumbnailUrl":"https:\/\/redenoticiaz.com.br\/litoralsp\/wp-content\/uploads\/sites\/3\/2021\/10\/onibusafoakn-cortado.jpg","keywords":["\u00d4NIBUS APEDREJADO","\u00d4NIBUS INTERMUNICIPAL","PRAIA GRANDE","TENTATIVA DE ASSALTO","TERMINAL TUDE BASTOS"],"articleSection":["Pol\u00edcia","Praia Grande","Transportes"],"inLanguage":"pt-BR","potentialAction":[{"@type":"CommentAction","name":"Comment","target":["https:\/\/redenoticiaz.com.br\/litoralsp\/2021\/10\/17\/onibus-e-alvo-de-tentativa-de-assalto-em-praia-grande-e-e-apedrejado#respond"]}]},{"@type":"WebPage","@id":"https:\/\/redenoticiaz.com.br\/litoralsp\/2021\/10\/17\/onibus-e-alvo-de-tentativa-de-assalto-em-praia-grande-e-e-apedrejado","url":"https:\/\/redenoticiaz.com.br\/litoralsp\/2021\/10\/17\/onibus-e-alvo-de-tentativa-de-assalto-em-praia-grande-e-e-apedrejado","name":"\u00d4nibus \u00e9 alvo de tentativa de assalto em Praia Grande e \u00e9 apedrejado - Litoral SP","isPartOf":{"@id":"https:\/\/redenoticiaz.com.br\/litoralsp\/#website"},"primaryImageOfPage":{"@id":"https:\/\/redenoticiaz.com.br\/litoralsp\/2021\/10\/17\/onibus-e-alvo-de-tentativa-de-assalto-em-praia-grande-e-e-apedrejado#primaryimage"},"image":{"@id":"https:\/\/redenoticiaz.com.br\/litoralsp\/2021\/10\/17\/onibus-e-alvo-de-tentativa-de-assalto-em-praia-grande-e-e-apedrejado#primaryimage"},"thumbnailUrl":"https:\/\/redenoticiaz.com.br\/litoralsp\/wp-content\/uploads\/sites\/3\/2021\/10\/onibusafoakn-cortado.jpg","datePublished":"2021-10-17T16:02:27+00:00","dateModified":"2021-10-17T16:02:52+00:00","description":"O motorista e os passageiros de um \u00f4nibus intermunicipal de Praia Grande passaram por maus bocados nesse s\u00e1bado (16). Um bandido","inLanguage":"pt-BR","potentialAction":[{"@type":"ReadAction","target":["https:\/\/redenoticiaz.com.br\/litoralsp\/2021\/10\/17\/onibus-e-alvo-de-tentativa-de-assalto-em-praia-grande-e-e-apedrejado"]}]},{"@type":"ImageObject","inLanguage":"pt-BR","@id":"https:\/\/redenoticiaz.com.br\/litoralsp\/2021\/10\/17\/onibus-e-alvo-de-tentativa-de-assalto-em-praia-grande-e-e-apedrejado#primaryimage","url":"https:\/\/redenoticiaz.com.br\/litoralsp\/wp-content\/uploads\/sites\/3\/2021\/10\/onibusafoakn-cortado.jpg","contentUrl":"https:\/\/redenoticiaz.com.br\/litoralsp\/wp-content\/uploads\/sites\/3\/2021\/10\/onibusafoakn-cortado.jpg","width":984,"height":873,"caption":"Suspeito est\u00e1 sendo procurado. Cr\u00e9ditos: Reprodu\u00e7\u00e3o\/Facebook Moro em S\u00e3o Vicente e Regi\u00e3o"},{"@type":"WebSite","@id":"https:\/\/redenoticiaz.com.br\/litoralsp\/#website","url":"https:\/\/redenoticiaz.com.br\/litoralsp\/","name":"Litoral SP","description":"Rede NoticiaZ","publisher":{"@id":"https:\/\/redenoticiaz.com.br\/litoralsp\/#organization"},"potentialAction":[{"@type":"SearchAction","target":{"@type":"EntryPoint","urlTemplate":"https:\/\/redenoticiaz.com.br\/litoralsp\/?s={search_term_string}"},"query-input":{"@type":"PropertyValueSpecification","valueRequired":true,"valueName":"search_term_string"}}],"inLanguage":"pt-BR"},{"@type":"Organization","@id":"https:\/\/redenoticiaz.com.br\/litoralsp\/#organization","name":"Litoral SP","url":"https:\/\/redenoticiaz.com.br\/litoralsp\/","logo":{"@type":"ImageObject","inLanguage":"pt-BR","@id":"https:\/\/redenoticiaz.com.br\/litoralsp\/#\/schema\/logo\/image\/","url":"https:\/\/redenoticiaz.com.br\/litoralsp\/wp-content\/uploads\/sites\/3\/2020\/11\/logo.jpg","contentUrl":"https:\/\/redenoticiaz.com.br\/litoralsp\/wp-content\/uploads\/sites\/3\/2020\/11\/logo.jpg","width":400,"height":250,"caption":"Litoral SP"},"image":{"@id":"https:\/\/redenoticiaz.com.br\/litoralsp\/#\/schema\/logo\/image\/"}},{"@type":"Person","@id":"https:\/\/redenoticiaz.com.br\/litoralsp\/#\/schema\/person\/0f0b8a5bdafefe82841e07ae8d81ecb3","name":"Leonardo Francisco","image":{"@type":"ImageObject","inLanguage":"pt-BR","@id":"https:\/\/secure.gravatar.com\/avatar\/a7358cb406a99b682ec6df1e77e31ae82e63601f6784e8a3df411d72b37864da?s=96&d=mm&r=g","url":"https:\/\/secure.gravatar.com\/avatar\/a7358cb406a99b682ec6df1e77e31ae82e63601f6784e8a3df411d72b37864da?s=96&d=mm&r=g","contentUrl":"https:\/\/secure.gravatar.com\/avatar\/a7358cb406a99b682ec6df1e77e31ae82e63601f6784e8a3df411d72b37864da?s=96&d=mm&r=g","caption":"Leonardo Francisco"},"url":"https:\/\/redenoticiaz.com.br\/litoralsp\/author\/leonardo-francisco"}]}},"_links":{"self":[{"href":"https:\/\/redenoticiaz.com.br\/litoralsp\/wp-json\/wp\/v2\/posts\/16643","targetHints":{"allow":["GET"]}}],"collection":[{"href":"https:\/\/redenoticiaz.com.br\/litoralsp\/wp-json\/wp\/v2\/posts"}],"about":[{"href":"https:\/\/redenoticiaz.com.br\/litoralsp\/wp-json\/wp\/v2\/types\/post"}],"author":[{"embeddable":true,"href":"https:\/\/redenoticiaz.com.br\/litoralsp\/wp-json\/wp\/v2\/users\/6"}],"replies":[{"embeddable":true,"href":"https:\/\/redenoticiaz.com.br\/litoralsp\/wp-json\/wp\/v2\/comments?post=16643"}],"version-history":[{"count":1,"href":"https:\/\/redenoticiaz.com.br\/litoralsp\/wp-json\/wp\/v2\/posts\/16643\/revisions"}],"predecessor-version":[{"id":16645,"href":"https:\/\/redenoticiaz.com.br\/litoralsp\/wp-json\/wp\/v2\/posts\/16643\/revisions\/16645"}],"wp:featuredmedia":[{"embeddable":true,"href":"https:\/\/redenoticiaz.com.br\/litoralsp\/wp-json\/wp\/v2\/media\/16644"}],"wp:attachment":[{"href":"https:\/\/redenoticiaz.com.br\/litoralsp\/wp-json\/wp\/v2\/media?parent=16643"}],"wp:term":[{"taxonomy":"category","embeddable":true,"href":"https:\/\/redenoticiaz.com.br\/litoralsp\/wp-json\/wp\/v2\/categories?post=16643"},{"taxonomy":"post_tag","embeddable":true,"href":"https:\/\/redenoticiaz.com.br\/litoralsp\/wp-json\/wp\/v2\/tags?post=16643"}],"curies":[{"name":"wp","href":"https:\/\/api.w.org\/{rel}","templated":true}]}}