{"id":16646,"date":"2021-10-17T13:23:53","date_gmt":"2021-10-17T16:23:53","guid":{"rendered":"https:\/\/redenoticiaz.com.br\/litoralsp\/?p=16646"},"modified":"2021-10-17T13:24:21","modified_gmt":"2021-10-17T16:24:21","slug":"acusado-de-importunacao-sexual-diz-que-usa-fralda-e-nega-crime","status":"publish","type":"post","link":"https:\/\/redenoticiaz.com.br\/litoralsp\/2021\/10\/17\/acusado-de-importunacao-sexual-diz-que-usa-fralda-e-nega-crime","title":{"rendered":"Acusado de importuna\u00e7\u00e3o sexual diz que &#8216;usa fralda&#8217; e nega crime"},"content":{"rendered":"<p>Depois de ser preso pelo crime de i<strong>mportuna\u00e7\u00e3o sexual<\/strong> dentro de um \u00f4nibus de <a href=\"https:\/\/www.praiagrande.sp.gov.br\/HomePortal-.asp?cd_pagina=71\">Praia Grande<\/a>, o homem deu depoimento e negou que tenha cometido o crime. Segundo o relatado no boletim de ocorr\u00eancia, ele negou o crime e alegou que se mexeu por estar &#8220;arrumando a fralda&#8221; que usava. A alega\u00e7\u00e3o foi que utiliza o item por conta de um problema de inconting\u00eancia urin\u00e1ria.<\/p>\n<p>O crime aconteceu na \u00faltima quinta-feira (14) e na ocasi\u00e3o testemunhas viram o suspeito abrindo o z\u00edper da cal\u00e7a e tentou esfregar as partes \u00edntimas na menor. O homem tentou descer do coletivo quando percebeu que os passageiros viram a a\u00e7\u00e3o, mas foi detido. O delegado respons\u00e1vel pelo caso, Alex Mendon\u00e7a do Nascimento, explica que o suspeito negou o crime, alegando um problema de sa\u00fade.<\/p>\n<div class=\"mc-column content-text active-extra-styles \" data-block-type=\"unstyled\" data-block-weight=\"57\" data-block-id=\"5\">\n<p class=\"content-text__container \" data-track-category=\"Link no Texto\" data-track-links=\"\">&#8220;Ele n\u00e3o confirma [a autoria do crime], fala que estava no \u00f4nibus porque gosta de caminhar, deixou o carro dele no terminal e acabou indo a p\u00e9 at\u00e9 o bairro Guilhermina, quando pegou esse \u00f4nibus. Durante o trajeto, ele teria supostamente mexido na bermuda porque tem inconting\u00eancia urin\u00e1ria e usa fralda, e que a fralda incomodava&#8221;, explica.<\/p>\n<figure id=\"attachment_16567\" aria-describedby=\"caption-attachment-16567\" style=\"width: 300px\" class=\"wp-caption alignleft\"><img loading=\"lazy\" decoding=\"async\" class=\"size-medium wp-image-16567\" src=\"https:\/\/redenoticiaz.com.br\/litoralsp\/wp-content\/uploads\/sites\/3\/2021\/10\/importuncao-300x200.jpg\" alt=\"\" width=\"300\" height=\"200\" srcset=\"https:\/\/redenoticiaz.com.br\/litoralsp\/wp-content\/uploads\/sites\/3\/2021\/10\/importuncao-300x200.jpg 300w, https:\/\/redenoticiaz.com.br\/litoralsp\/wp-content\/uploads\/sites\/3\/2021\/10\/importuncao-768x512.jpg 768w, https:\/\/redenoticiaz.com.br\/litoralsp\/wp-content\/uploads\/sites\/3\/2021\/10\/importuncao.jpg 900w\" sizes=\"auto, (max-width: 300px) 100vw, 300px\" \/><figcaption id=\"caption-attachment-16567\" class=\"wp-caption-text\">Cr\u00e9ditos: Reprodu\u00e7\u00e3o<\/figcaption><\/figure>\n<\/div>\n<div class=\"content-ads content-ads--reveal\" data-block-type=\"ads\" data-block-id=\"6\"><\/div>\n<div class=\"mc-column content-text active-extra-styles \" data-block-type=\"unstyled\" data-block-weight=\"40\" data-block-id=\"7\">\n<p class=\"content-text__container \" data-track-category=\"Link no Texto\" data-track-links=\"\">Entretanto, o delegado reitera que h\u00e1 testemunhas que refor\u00e7am a den\u00fancia, e informaram que o homem tentou esfregar as partes \u00edntimas na adolescente. De acordo com Mendon\u00e7a, o inqu\u00e9rito est\u00e1 quase completo, e aguarda apenas mais imagens para a finaliza\u00e7\u00e3o.<\/p>\n<\/div>\n<div class=\"mc-column content-text active-extra-styles \" data-block-type=\"unstyled\" data-block-weight=\"51\" data-block-id=\"8\">\n<p class=\"content-text__container \" data-track-category=\"Link no Texto\" data-track-links=\"\">&#8220;No outro dia, ele acabou passando pela audi\u00eancia de cust\u00f3dia, e o juiz entendeu que era o caso de converter o flagrante em pris\u00e3o preventiva. N\u00f3s praticamente finalizamos o inqu\u00e9rito, eu s\u00f3 solicitei as imagens, mandei of\u00edcio para a empresa respons\u00e1vel pelo \u00f4nibus, para que forne\u00e7a os v\u00eddeos internos&#8221;, esclarece.<\/p>\n<p data-track-category=\"Link no Texto\" data-track-links=\"\"><strong>LEIA TAMB\u00c9M<\/strong><\/p>\n<p data-track-category=\"Link no Texto\" data-track-links=\"\"><a href=\"https:\/\/redenoticiaz.com.br\/litoralsp\/2021\/10\/15\/guarda-de-praia-grande-prende-homem-por-importunacao-sexual-dentro-de-terminal\">Guarda de Praia Grande prende homem por importuna\u00e7\u00e3o sexual dentro de terminal<\/a><\/p>\n<\/div>\n","protected":false},"excerpt":{"rendered":"<p>Depois de ser preso pelo crime de importuna\u00e7\u00e3o sexual dentro de um \u00f4nibus de Praia Grande, o homem deu depoimento e negou que tenha cometido o crime. Segundo o relatado no boletim de ocorr\u00eancia, ele negou o crime e alegou que se mexeu por estar &#8220;arrumando a fralda&#8221; que usava. A alega\u00e7\u00e3o foi que utiliza &hellip;<\/p>\n","protected":false},"author":6,"featured_media":16647,"comment_status":"open","ping_status":"closed","sticky":false,"template":"","format":"standard","meta":{"footnotes":""},"categories":[10,182],"tags":[6342,14454,1287,1762,1101],"class_list":["post-16646","post","type-post","status-publish","format-standard","has-post-thumbnail","hentry","category-policia","category-praia-grande","tag-homem-preso","tag-importunacao-sexual","tag-onibus","tag-policia-civil","tag-praia-grande"],"yoast_head":"<!-- This site is optimized with the Yoast SEO plugin v27.4 - https:\/\/yoast.com\/product\/yoast-seo-wordpress\/ -->\n<title>Acusado de importuna\u00e7\u00e3o sexual diz que &#039;usa fralda&#039; e nega crime - Litoral SP<\/title>\n<meta name=\"description\" content=\"Depois de ser preso pelo crime de importuna\u00e7\u00e3o sexual dentro de um \u00f4nibus de Praia Grande, o homem deu depoimento\" \/>\n<meta name=\"robots\" content=\"index, follow, max-snippet:-1, max-image-preview:large, max-video-preview:-1\" \/>\n<link rel=\"canonical\" href=\"https:\/\/redenoticiaz.com.br\/litoralsp\/2021\/10\/17\/acusado-de-importunacao-sexual-diz-que-usa-fralda-e-nega-crime\" \/>\n<meta property=\"og:locale\" content=\"pt_BR\" \/>\n<meta property=\"og:type\" content=\"article\" \/>\n<meta property=\"og:title\" content=\"Acusado de importuna\u00e7\u00e3o sexual diz que &#039;usa fralda&#039; e nega crime - Litoral SP\" \/>\n<meta property=\"og:description\" content=\"Depois de ser preso pelo crime de importuna\u00e7\u00e3o sexual dentro de um \u00f4nibus de Praia Grande, o homem deu depoimento\" \/>\n<meta property=\"og:url\" content=\"https:\/\/redenoticiaz.com.br\/litoralsp\/2021\/10\/17\/acusado-de-importunacao-sexual-diz-que-usa-fralda-e-nega-crime\" \/>\n<meta property=\"og:site_name\" content=\"Litoral SP\" \/>\n<meta property=\"article:published_time\" content=\"2021-10-17T16:23:53+00:00\" \/>\n<meta property=\"article:modified_time\" content=\"2021-10-17T16:24:21+00:00\" \/>\n<meta property=\"og:image\" content=\"https:\/\/redenoticiaz.com.br\/litoralsp\/wp-content\/uploads\/sites\/3\/2021\/10\/importunacao-onibus.jpg\" \/>\n\t<meta property=\"og:image:width\" content=\"984\" \/>\n\t<meta property=\"og:image:height\" content=\"492\" \/>\n\t<meta property=\"og:image:type\" content=\"image\/jpeg\" \/>\n<meta name=\"author\" content=\"Leonardo Francisco\" \/>\n<meta name=\"twitter:card\" content=\"summary_large_image\" \/>\n<meta name=\"twitter:label1\" content=\"Escrito por\" \/>\n\t<meta name=\"twitter:data1\" content=\"Leonardo Francisco\" \/>\n\t<meta name=\"twitter:label2\" content=\"Est. tempo de leitura\" \/>\n\t<meta name=\"twitter:data2\" content=\"2 minutos\" \/>\n<script type=\"application\/ld+json\" class=\"yoast-schema-graph\">{\"@context\":\"https:\\\/\\\/schema.org\",\"@graph\":[{\"@type\":\"Article\",\"@id\":\"https:\\\/\\\/redenoticiaz.com.br\\\/litoralsp\\\/2021\\\/10\\\/17\\\/acusado-de-importunacao-sexual-diz-que-usa-fralda-e-nega-crime#article\",\"isPartOf\":{\"@id\":\"https:\\\/\\\/redenoticiaz.com.br\\\/litoralsp\\\/2021\\\/10\\\/17\\\/acusado-de-importunacao-sexual-diz-que-usa-fralda-e-nega-crime\"},\"author\":{\"name\":\"Leonardo Francisco\",\"@id\":\"https:\\\/\\\/redenoticiaz.com.br\\\/litoralsp\\\/#\\\/schema\\\/person\\\/0f0b8a5bdafefe82841e07ae8d81ecb3\"},\"headline\":\"Acusado de importuna\u00e7\u00e3o sexual diz que &#8216;usa fralda&#8217; e nega crime\",\"datePublished\":\"2021-10-17T16:23:53+00:00\",\"dateModified\":\"2021-10-17T16:24:21+00:00\",\"mainEntityOfPage\":{\"@id\":\"https:\\\/\\\/redenoticiaz.com.br\\\/litoralsp\\\/2021\\\/10\\\/17\\\/acusado-de-importunacao-sexual-diz-que-usa-fralda-e-nega-crime\"},\"wordCount\":344,\"commentCount\":0,\"publisher\":{\"@id\":\"https:\\\/\\\/redenoticiaz.com.br\\\/litoralsp\\\/#organization\"},\"image\":{\"@id\":\"https:\\\/\\\/redenoticiaz.com.br\\\/litoralsp\\\/2021\\\/10\\\/17\\\/acusado-de-importunacao-sexual-diz-que-usa-fralda-e-nega-crime#primaryimage\"},\"thumbnailUrl\":\"https:\\\/\\\/redenoticiaz.com.br\\\/litoralsp\\\/wp-content\\\/uploads\\\/sites\\\/3\\\/2021\\\/10\\\/importunacao-onibus.jpg\",\"keywords\":[\"HOMEM PRESO\",\"IMPORTUNA\u00c7\u00c3O SEXUAL\",\"\u00d4NIBUS\",\"POL\u00cdCIA CIVIL\",\"PRAIA GRANDE\"],\"articleSection\":[\"Pol\u00edcia\",\"Praia Grande\"],\"inLanguage\":\"pt-BR\",\"potentialAction\":[{\"@type\":\"CommentAction\",\"name\":\"Comment\",\"target\":[\"https:\\\/\\\/redenoticiaz.com.br\\\/litoralsp\\\/2021\\\/10\\\/17\\\/acusado-de-importunacao-sexual-diz-que-usa-fralda-e-nega-crime#respond\"]}]},{\"@type\":\"WebPage\",\"@id\":\"https:\\\/\\\/redenoticiaz.com.br\\\/litoralsp\\\/2021\\\/10\\\/17\\\/acusado-de-importunacao-sexual-diz-que-usa-fralda-e-nega-crime\",\"url\":\"https:\\\/\\\/redenoticiaz.com.br\\\/litoralsp\\\/2021\\\/10\\\/17\\\/acusado-de-importunacao-sexual-diz-que-usa-fralda-e-nega-crime\",\"name\":\"Acusado de importuna\u00e7\u00e3o sexual diz que 'usa fralda' e nega crime - Litoral SP\",\"isPartOf\":{\"@id\":\"https:\\\/\\\/redenoticiaz.com.br\\\/litoralsp\\\/#website\"},\"primaryImageOfPage\":{\"@id\":\"https:\\\/\\\/redenoticiaz.com.br\\\/litoralsp\\\/2021\\\/10\\\/17\\\/acusado-de-importunacao-sexual-diz-que-usa-fralda-e-nega-crime#primaryimage\"},\"image\":{\"@id\":\"https:\\\/\\\/redenoticiaz.com.br\\\/litoralsp\\\/2021\\\/10\\\/17\\\/acusado-de-importunacao-sexual-diz-que-usa-fralda-e-nega-crime#primaryimage\"},\"thumbnailUrl\":\"https:\\\/\\\/redenoticiaz.com.br\\\/litoralsp\\\/wp-content\\\/uploads\\\/sites\\\/3\\\/2021\\\/10\\\/importunacao-onibus.jpg\",\"datePublished\":\"2021-10-17T16:23:53+00:00\",\"dateModified\":\"2021-10-17T16:24:21+00:00\",\"description\":\"Depois de ser preso pelo crime de importuna\u00e7\u00e3o sexual dentro de um \u00f4nibus de Praia Grande, o homem deu depoimento\",\"inLanguage\":\"pt-BR\",\"potentialAction\":[{\"@type\":\"ReadAction\",\"target\":[\"https:\\\/\\\/redenoticiaz.com.br\\\/litoralsp\\\/2021\\\/10\\\/17\\\/acusado-de-importunacao-sexual-diz-que-usa-fralda-e-nega-crime\"]}]},{\"@type\":\"ImageObject\",\"inLanguage\":\"pt-BR\",\"@id\":\"https:\\\/\\\/redenoticiaz.com.br\\\/litoralsp\\\/2021\\\/10\\\/17\\\/acusado-de-importunacao-sexual-diz-que-usa-fralda-e-nega-crime#primaryimage\",\"url\":\"https:\\\/\\\/redenoticiaz.com.br\\\/litoralsp\\\/wp-content\\\/uploads\\\/sites\\\/3\\\/2021\\\/10\\\/importunacao-onibus.jpg\",\"contentUrl\":\"https:\\\/\\\/redenoticiaz.com.br\\\/litoralsp\\\/wp-content\\\/uploads\\\/sites\\\/3\\\/2021\\\/10\\\/importunacao-onibus.jpg\",\"width\":984,\"height\":492,\"caption\":\"Cr\u00e9ditos: Reprodu\u00e7\u00e3o\"},{\"@type\":\"WebSite\",\"@id\":\"https:\\\/\\\/redenoticiaz.com.br\\\/litoralsp\\\/#website\",\"url\":\"https:\\\/\\\/redenoticiaz.com.br\\\/litoralsp\\\/\",\"name\":\"Litoral SP\",\"description\":\"Rede NoticiaZ\",\"publisher\":{\"@id\":\"https:\\\/\\\/redenoticiaz.com.br\\\/litoralsp\\\/#organization\"},\"potentialAction\":[{\"@type\":\"SearchAction\",\"target\":{\"@type\":\"EntryPoint\",\"urlTemplate\":\"https:\\\/\\\/redenoticiaz.com.br\\\/litoralsp\\\/?s={search_term_string}\"},\"query-input\":{\"@type\":\"PropertyValueSpecification\",\"valueRequired\":true,\"valueName\":\"search_term_string\"}}],\"inLanguage\":\"pt-BR\"},{\"@type\":\"Organization\",\"@id\":\"https:\\\/\\\/redenoticiaz.com.br\\\/litoralsp\\\/#organization\",\"name\":\"Litoral SP\",\"url\":\"https:\\\/\\\/redenoticiaz.com.br\\\/litoralsp\\\/\",\"logo\":{\"@type\":\"ImageObject\",\"inLanguage\":\"pt-BR\",\"@id\":\"https:\\\/\\\/redenoticiaz.com.br\\\/litoralsp\\\/#\\\/schema\\\/logo\\\/image\\\/\",\"url\":\"https:\\\/\\\/redenoticiaz.com.br\\\/litoralsp\\\/wp-content\\\/uploads\\\/sites\\\/3\\\/2020\\\/11\\\/logo.jpg\",\"contentUrl\":\"https:\\\/\\\/redenoticiaz.com.br\\\/litoralsp\\\/wp-content\\\/uploads\\\/sites\\\/3\\\/2020\\\/11\\\/logo.jpg\",\"width\":400,\"height\":250,\"caption\":\"Litoral SP\"},\"image\":{\"@id\":\"https:\\\/\\\/redenoticiaz.com.br\\\/litoralsp\\\/#\\\/schema\\\/logo\\\/image\\\/\"}},{\"@type\":\"Person\",\"@id\":\"https:\\\/\\\/redenoticiaz.com.br\\\/litoralsp\\\/#\\\/schema\\\/person\\\/0f0b8a5bdafefe82841e07ae8d81ecb3\",\"name\":\"Leonardo Francisco\",\"image\":{\"@type\":\"ImageObject\",\"inLanguage\":\"pt-BR\",\"@id\":\"https:\\\/\\\/secure.gravatar.com\\\/avatar\\\/a7358cb406a99b682ec6df1e77e31ae82e63601f6784e8a3df411d72b37864da?s=96&d=mm&r=g\",\"url\":\"https:\\\/\\\/secure.gravatar.com\\\/avatar\\\/a7358cb406a99b682ec6df1e77e31ae82e63601f6784e8a3df411d72b37864da?s=96&d=mm&r=g\",\"contentUrl\":\"https:\\\/\\\/secure.gravatar.com\\\/avatar\\\/a7358cb406a99b682ec6df1e77e31ae82e63601f6784e8a3df411d72b37864da?s=96&d=mm&r=g\",\"caption\":\"Leonardo Francisco\"},\"url\":\"https:\\\/\\\/redenoticiaz.com.br\\\/litoralsp\\\/author\\\/leonardo-francisco\"}]}<\/script>\n<!-- \/ Yoast SEO plugin. -->","yoast_head_json":{"title":"Acusado de importuna\u00e7\u00e3o sexual diz que 'usa fralda' e nega crime - Litoral SP","description":"Depois de ser preso pelo crime de importuna\u00e7\u00e3o sexual dentro de um \u00f4nibus de Praia Grande, o homem deu depoimento","robots":{"index":"index","follow":"follow","max-snippet":"max-snippet:-1","max-image-preview":"max-image-preview:large","max-video-preview":"max-video-preview:-1"},"canonical":"https:\/\/redenoticiaz.com.br\/litoralsp\/2021\/10\/17\/acusado-de-importunacao-sexual-diz-que-usa-fralda-e-nega-crime","og_locale":"pt_BR","og_type":"article","og_title":"Acusado de importuna\u00e7\u00e3o sexual diz que 'usa fralda' e nega crime - Litoral SP","og_description":"Depois de ser preso pelo crime de importuna\u00e7\u00e3o sexual dentro de um \u00f4nibus de Praia Grande, o homem deu depoimento","og_url":"https:\/\/redenoticiaz.com.br\/litoralsp\/2021\/10\/17\/acusado-de-importunacao-sexual-diz-que-usa-fralda-e-nega-crime","og_site_name":"Litoral SP","article_published_time":"2021-10-17T16:23:53+00:00","article_modified_time":"2021-10-17T16:24:21+00:00","og_image":[{"width":984,"height":492,"url":"https:\/\/redenoticiaz.com.br\/litoralsp\/wp-content\/uploads\/sites\/3\/2021\/10\/importunacao-onibus.jpg","type":"image\/jpeg"}],"author":"Leonardo Francisco","twitter_card":"summary_large_image","twitter_misc":{"Escrito por":"Leonardo Francisco","Est. tempo de leitura":"2 minutos"},"schema":{"@context":"https:\/\/schema.org","@graph":[{"@type":"Article","@id":"https:\/\/redenoticiaz.com.br\/litoralsp\/2021\/10\/17\/acusado-de-importunacao-sexual-diz-que-usa-fralda-e-nega-crime#article","isPartOf":{"@id":"https:\/\/redenoticiaz.com.br\/litoralsp\/2021\/10\/17\/acusado-de-importunacao-sexual-diz-que-usa-fralda-e-nega-crime"},"author":{"name":"Leonardo Francisco","@id":"https:\/\/redenoticiaz.com.br\/litoralsp\/#\/schema\/person\/0f0b8a5bdafefe82841e07ae8d81ecb3"},"headline":"Acusado de importuna\u00e7\u00e3o sexual diz que &#8216;usa fralda&#8217; e nega crime","datePublished":"2021-10-17T16:23:53+00:00","dateModified":"2021-10-17T16:24:21+00:00","mainEntityOfPage":{"@id":"https:\/\/redenoticiaz.com.br\/litoralsp\/2021\/10\/17\/acusado-de-importunacao-sexual-diz-que-usa-fralda-e-nega-crime"},"wordCount":344,"commentCount":0,"publisher":{"@id":"https:\/\/redenoticiaz.com.br\/litoralsp\/#organization"},"image":{"@id":"https:\/\/redenoticiaz.com.br\/litoralsp\/2021\/10\/17\/acusado-de-importunacao-sexual-diz-que-usa-fralda-e-nega-crime#primaryimage"},"thumbnailUrl":"https:\/\/redenoticiaz.com.br\/litoralsp\/wp-content\/uploads\/sites\/3\/2021\/10\/importunacao-onibus.jpg","keywords":["HOMEM PRESO","IMPORTUNA\u00c7\u00c3O SEXUAL","\u00d4NIBUS","POL\u00cdCIA CIVIL","PRAIA GRANDE"],"articleSection":["Pol\u00edcia","Praia Grande"],"inLanguage":"pt-BR","potentialAction":[{"@type":"CommentAction","name":"Comment","target":["https:\/\/redenoticiaz.com.br\/litoralsp\/2021\/10\/17\/acusado-de-importunacao-sexual-diz-que-usa-fralda-e-nega-crime#respond"]}]},{"@type":"WebPage","@id":"https:\/\/redenoticiaz.com.br\/litoralsp\/2021\/10\/17\/acusado-de-importunacao-sexual-diz-que-usa-fralda-e-nega-crime","url":"https:\/\/redenoticiaz.com.br\/litoralsp\/2021\/10\/17\/acusado-de-importunacao-sexual-diz-que-usa-fralda-e-nega-crime","name":"Acusado de importuna\u00e7\u00e3o sexual diz que 'usa fralda' e nega crime - Litoral SP","isPartOf":{"@id":"https:\/\/redenoticiaz.com.br\/litoralsp\/#website"},"primaryImageOfPage":{"@id":"https:\/\/redenoticiaz.com.br\/litoralsp\/2021\/10\/17\/acusado-de-importunacao-sexual-diz-que-usa-fralda-e-nega-crime#primaryimage"},"image":{"@id":"https:\/\/redenoticiaz.com.br\/litoralsp\/2021\/10\/17\/acusado-de-importunacao-sexual-diz-que-usa-fralda-e-nega-crime#primaryimage"},"thumbnailUrl":"https:\/\/redenoticiaz.com.br\/litoralsp\/wp-content\/uploads\/sites\/3\/2021\/10\/importunacao-onibus.jpg","datePublished":"2021-10-17T16:23:53+00:00","dateModified":"2021-10-17T16:24:21+00:00","description":"Depois de ser preso pelo crime de importuna\u00e7\u00e3o sexual dentro de um \u00f4nibus de Praia Grande, o homem deu depoimento","inLanguage":"pt-BR","potentialAction":[{"@type":"ReadAction","target":["https:\/\/redenoticiaz.com.br\/litoralsp\/2021\/10\/17\/acusado-de-importunacao-sexual-diz-que-usa-fralda-e-nega-crime"]}]},{"@type":"ImageObject","inLanguage":"pt-BR","@id":"https:\/\/redenoticiaz.com.br\/litoralsp\/2021\/10\/17\/acusado-de-importunacao-sexual-diz-que-usa-fralda-e-nega-crime#primaryimage","url":"https:\/\/redenoticiaz.com.br\/litoralsp\/wp-content\/uploads\/sites\/3\/2021\/10\/importunacao-onibus.jpg","contentUrl":"https:\/\/redenoticiaz.com.br\/litoralsp\/wp-content\/uploads\/sites\/3\/2021\/10\/importunacao-onibus.jpg","width":984,"height":492,"caption":"Cr\u00e9ditos: Reprodu\u00e7\u00e3o"},{"@type":"WebSite","@id":"https:\/\/redenoticiaz.com.br\/litoralsp\/#website","url":"https:\/\/redenoticiaz.com.br\/litoralsp\/","name":"Litoral SP","description":"Rede NoticiaZ","publisher":{"@id":"https:\/\/redenoticiaz.com.br\/litoralsp\/#organization"},"potentialAction":[{"@type":"SearchAction","target":{"@type":"EntryPoint","urlTemplate":"https:\/\/redenoticiaz.com.br\/litoralsp\/?s={search_term_string}"},"query-input":{"@type":"PropertyValueSpecification","valueRequired":true,"valueName":"search_term_string"}}],"inLanguage":"pt-BR"},{"@type":"Organization","@id":"https:\/\/redenoticiaz.com.br\/litoralsp\/#organization","name":"Litoral SP","url":"https:\/\/redenoticiaz.com.br\/litoralsp\/","logo":{"@type":"ImageObject","inLanguage":"pt-BR","@id":"https:\/\/redenoticiaz.com.br\/litoralsp\/#\/schema\/logo\/image\/","url":"https:\/\/redenoticiaz.com.br\/litoralsp\/wp-content\/uploads\/sites\/3\/2020\/11\/logo.jpg","contentUrl":"https:\/\/redenoticiaz.com.br\/litoralsp\/wp-content\/uploads\/sites\/3\/2020\/11\/logo.jpg","width":400,"height":250,"caption":"Litoral SP"},"image":{"@id":"https:\/\/redenoticiaz.com.br\/litoralsp\/#\/schema\/logo\/image\/"}},{"@type":"Person","@id":"https:\/\/redenoticiaz.com.br\/litoralsp\/#\/schema\/person\/0f0b8a5bdafefe82841e07ae8d81ecb3","name":"Leonardo Francisco","image":{"@type":"ImageObject","inLanguage":"pt-BR","@id":"https:\/\/secure.gravatar.com\/avatar\/a7358cb406a99b682ec6df1e77e31ae82e63601f6784e8a3df411d72b37864da?s=96&d=mm&r=g","url":"https:\/\/secure.gravatar.com\/avatar\/a7358cb406a99b682ec6df1e77e31ae82e63601f6784e8a3df411d72b37864da?s=96&d=mm&r=g","contentUrl":"https:\/\/secure.gravatar.com\/avatar\/a7358cb406a99b682ec6df1e77e31ae82e63601f6784e8a3df411d72b37864da?s=96&d=mm&r=g","caption":"Leonardo Francisco"},"url":"https:\/\/redenoticiaz.com.br\/litoralsp\/author\/leonardo-francisco"}]}},"_links":{"self":[{"href":"https:\/\/redenoticiaz.com.br\/litoralsp\/wp-json\/wp\/v2\/posts\/16646","targetHints":{"allow":["GET"]}}],"collection":[{"href":"https:\/\/redenoticiaz.com.br\/litoralsp\/wp-json\/wp\/v2\/posts"}],"about":[{"href":"https:\/\/redenoticiaz.com.br\/litoralsp\/wp-json\/wp\/v2\/types\/post"}],"author":[{"embeddable":true,"href":"https:\/\/redenoticiaz.com.br\/litoralsp\/wp-json\/wp\/v2\/users\/6"}],"replies":[{"embeddable":true,"href":"https:\/\/redenoticiaz.com.br\/litoralsp\/wp-json\/wp\/v2\/comments?post=16646"}],"version-history":[{"count":1,"href":"https:\/\/redenoticiaz.com.br\/litoralsp\/wp-json\/wp\/v2\/posts\/16646\/revisions"}],"predecessor-version":[{"id":16648,"href":"https:\/\/redenoticiaz.com.br\/litoralsp\/wp-json\/wp\/v2\/posts\/16646\/revisions\/16648"}],"wp:featuredmedia":[{"embeddable":true,"href":"https:\/\/redenoticiaz.com.br\/litoralsp\/wp-json\/wp\/v2\/media\/16647"}],"wp:attachment":[{"href":"https:\/\/redenoticiaz.com.br\/litoralsp\/wp-json\/wp\/v2\/media?parent=16646"}],"wp:term":[{"taxonomy":"category","embeddable":true,"href":"https:\/\/redenoticiaz.com.br\/litoralsp\/wp-json\/wp\/v2\/categories?post=16646"},{"taxonomy":"post_tag","embeddable":true,"href":"https:\/\/redenoticiaz.com.br\/litoralsp\/wp-json\/wp\/v2\/tags?post=16646"}],"curies":[{"name":"wp","href":"https:\/\/api.w.org\/{rel}","templated":true}]}}