{"id":16655,"date":"2021-10-17T14:21:59","date_gmt":"2021-10-17T17:21:59","guid":{"rendered":"https:\/\/redenoticiaz.com.br\/litoralsp\/?p=16655"},"modified":"2021-10-17T14:22:16","modified_gmt":"2021-10-17T17:22:16","slug":"mais-uma-linha-de-onibus-comeca-a-funcionar-em-santos","status":"publish","type":"post","link":"https:\/\/redenoticiaz.com.br\/litoralsp\/2021\/10\/17\/mais-uma-linha-de-onibus-comeca-a-funcionar-em-santos","title":{"rendered":"Mais uma linha de \u00f4nibus come\u00e7a a funcionar em Santos"},"content":{"rendered":"<p>H\u00e1 muito tempo que quem trabalha na regi\u00e3o portu\u00e1ria e em empresas da Alemoa pediam uma linha de \u00f4nibus para poderem se deslocar com mais seguran\u00e7a. Pois bem, ela chegou e vai come\u00e7ar a funcionar j\u00e1 nesta segunda-feira (18). \u00c9 a <strong>linha 197<\/strong> e conforme a Companhia de Engenharia de Tr\u00e1fego (CET-Santos), os funcion\u00e1rios das mais de empresas instaladas no local ser\u00e3o beneficiados.<\/p>\n<p>Segundo a <a href=\"https:\/\/www.santos.sp.gov.br\/\">prefeitura<\/a>, a iniciativa do \u00f3rg\u00e3o de tr\u00e2nsito levou em considera\u00e7\u00e3o o pleito da Associa\u00e7\u00e3o das Empresas do Distrito Industrial e Portu\u00e1rio da Alemoa (AMA) e da empresa Brasil Terminal Portu\u00e1rio (BTP), e visa disponibilizar transporte para as vias internas do bairro, como por exemplo a Avenida Engenheiro Augusto Barata e a Rua Dr. Albert Schwedtzer. As op\u00e7\u00f5es atuais de coletivos t\u00eam como itiner\u00e1rios a Avenida dos Bandeirantes (linha municipal 108) e a Rodovia Anchieta (linhas intermunicipais).<\/p>\n<p>O prefeito Rog\u00e9rio Santos ressalta que a implanta\u00e7\u00e3o dessa linha vem atender a reivindica\u00e7\u00e3o dos trabalhadores das empresas instaladas no bairro, beneficiando tamb\u00e9m a popula\u00e7\u00e3o. \u201cAgora esses colaboradores ter\u00e3o mais facilidade para chegar \u00e0 Alemoa, inclusive pela integra\u00e7\u00e3o, a partir do terminal do Valongo, com outras linhas que circulam pela Cidade\u201d.<\/p>\n<h3 id=\"menu1\">Integra\u00e7\u00e3o com outras linhas<\/h3>\n<p>Para facilitar os deslocamentos, a linha far\u00e1 conex\u00e3o com outras no Terminal de Integra\u00e7\u00e3o de Passageiros Rubens Paiva, no Valongo. Ou seja, pagando tarifa \u00fanica, aqueles que se utilizam das linhas 29, 42, 80, 100, 101, 102, 108, 118, 139, 152, 153, 154, 155, 156, 158, 181, 184, 191, 193 e 194, poder\u00e3o embarcar nos coletivos com destino \u00e0 Alemoa.<\/p>\n<p>Ser\u00e3o 22 pontos de parada implementados em todo o trajeto, tanto nos trechos de vias municipais, quanto naqueles gerenciados pela Santos Port Authority (Codesp).<\/p>\n<p><strong>LEIA TAMB\u00c9M<\/strong><\/p>\n<p><a href=\"https:\/\/redenoticiaz.com.br\/litoralsp\/2021\/10\/16\/interdicao-da-campos-melo-para-obras-do-vlt-de-santos-vai-ate-dezembro\">Interdi\u00e7\u00e3o da Campos Melo para obras do VLT de Santos vai at\u00e9 dezembro<\/a><\/p>\n","protected":false},"excerpt":{"rendered":"<p>H\u00e1 muito tempo que quem trabalha na regi\u00e3o portu\u00e1ria e em empresas da Alemoa pediam uma linha de \u00f4nibus para poderem se deslocar com mais seguran\u00e7a. Pois bem, ela chegou e vai come\u00e7ar a funcionar j\u00e1 nesta segunda-feira (18). \u00c9 a linha 197 e conforme a Companhia de Engenharia de Tr\u00e1fego (CET-Santos), os funcion\u00e1rios das &hellip;<\/p>\n","protected":false},"author":6,"featured_media":16656,"comment_status":"open","ping_status":"closed","sticky":false,"template":"","format":"standard","meta":{"footnotes":""},"categories":[180,5],"tags":[19703,38472,1287,986,10990,13939],"class_list":["post-16655","post","type-post","status-publish","format-standard","has-post-thumbnail","hentry","category-santos","category-transito","tag-alemoa","tag-linha-197","tag-onibus","tag-santos","tag-trabalhadores","tag-transporte-publico"],"yoast_head":"<!-- This site is optimized with the Yoast SEO plugin v27.5 - https:\/\/yoast.com\/product\/yoast-seo-wordpress\/ -->\n<title>Mais uma linha de \u00f4nibus come\u00e7a a funcionar em Santos - Litoral SP<\/title>\n<meta name=\"description\" content=\"H\u00e1 muito tempo que quem trabalha na regi\u00e3o portu\u00e1ria e em empresas da Alemoa pediam uma linha de \u00f4nibus para poderem\" \/>\n<meta name=\"robots\" content=\"index, follow, max-snippet:-1, max-image-preview:large, max-video-preview:-1\" \/>\n<link rel=\"canonical\" href=\"https:\/\/redenoticiaz.com.br\/litoralsp\/2021\/10\/17\/mais-uma-linha-de-onibus-comeca-a-funcionar-em-santos\" \/>\n<meta property=\"og:locale\" content=\"pt_BR\" \/>\n<meta property=\"og:type\" content=\"article\" \/>\n<meta property=\"og:title\" content=\"Mais uma linha de \u00f4nibus come\u00e7a a funcionar em Santos - Litoral SP\" \/>\n<meta property=\"og:description\" content=\"H\u00e1 muito tempo que quem trabalha na regi\u00e3o portu\u00e1ria e em empresas da Alemoa pediam uma linha de \u00f4nibus para poderem\" \/>\n<meta property=\"og:url\" content=\"https:\/\/redenoticiaz.com.br\/litoralsp\/2021\/10\/17\/mais-uma-linha-de-onibus-comeca-a-funcionar-em-santos\" \/>\n<meta property=\"og:site_name\" content=\"Litoral SP\" \/>\n<meta property=\"article:published_time\" content=\"2021-10-17T17:21:59+00:00\" \/>\n<meta property=\"article:modified_time\" content=\"2021-10-17T17:22:16+00:00\" \/>\n<meta property=\"og:image\" content=\"https:\/\/redenoticiaz.com.br\/litoralsp\/wp-content\/uploads\/sites\/3\/2021\/10\/onibus-santos.jpg\" \/>\n\t<meta property=\"og:image:width\" content=\"927\" \/>\n\t<meta property=\"og:image:height\" content=\"845\" \/>\n\t<meta property=\"og:image:type\" content=\"image\/jpeg\" \/>\n<meta name=\"author\" content=\"Leonardo Francisco\" \/>\n<meta name=\"twitter:card\" content=\"summary_large_image\" \/>\n<meta name=\"twitter:label1\" content=\"Escrito por\" \/>\n\t<meta name=\"twitter:data1\" content=\"Leonardo Francisco\" \/>\n\t<meta name=\"twitter:label2\" content=\"Est. tempo de leitura\" \/>\n\t<meta name=\"twitter:data2\" content=\"1 minuto\" \/>\n<script type=\"application\/ld+json\" class=\"yoast-schema-graph\">{\"@context\":\"https:\\\/\\\/schema.org\",\"@graph\":[{\"@type\":\"Article\",\"@id\":\"https:\\\/\\\/redenoticiaz.com.br\\\/litoralsp\\\/2021\\\/10\\\/17\\\/mais-uma-linha-de-onibus-comeca-a-funcionar-em-santos#article\",\"isPartOf\":{\"@id\":\"https:\\\/\\\/redenoticiaz.com.br\\\/litoralsp\\\/2021\\\/10\\\/17\\\/mais-uma-linha-de-onibus-comeca-a-funcionar-em-santos\"},\"author\":{\"name\":\"Leonardo Francisco\",\"@id\":\"https:\\\/\\\/redenoticiaz.com.br\\\/litoralsp\\\/#\\\/schema\\\/person\\\/0f0b8a5bdafefe82841e07ae8d81ecb3\"},\"headline\":\"Mais uma linha de \u00f4nibus come\u00e7a a funcionar em Santos\",\"datePublished\":\"2021-10-17T17:21:59+00:00\",\"dateModified\":\"2021-10-17T17:22:16+00:00\",\"mainEntityOfPage\":{\"@id\":\"https:\\\/\\\/redenoticiaz.com.br\\\/litoralsp\\\/2021\\\/10\\\/17\\\/mais-uma-linha-de-onibus-comeca-a-funcionar-em-santos\"},\"wordCount\":309,\"commentCount\":0,\"publisher\":{\"@id\":\"https:\\\/\\\/redenoticiaz.com.br\\\/litoralsp\\\/#organization\"},\"image\":{\"@id\":\"https:\\\/\\\/redenoticiaz.com.br\\\/litoralsp\\\/2021\\\/10\\\/17\\\/mais-uma-linha-de-onibus-comeca-a-funcionar-em-santos#primaryimage\"},\"thumbnailUrl\":\"https:\\\/\\\/redenoticiaz.com.br\\\/litoralsp\\\/wp-content\\\/uploads\\\/sites\\\/3\\\/2021\\\/10\\\/onibus-santos.jpg\",\"keywords\":[\"ALEMOA\",\"LINHA 197\",\"\u00d4NIBUS\",\"Santos\",\"trabalhadores\",\"TRANSPORTE P\u00daBLICO\"],\"articleSection\":[\"Santos\",\"Tr\u00e2nsito\"],\"inLanguage\":\"pt-BR\",\"potentialAction\":[{\"@type\":\"CommentAction\",\"name\":\"Comment\",\"target\":[\"https:\\\/\\\/redenoticiaz.com.br\\\/litoralsp\\\/2021\\\/10\\\/17\\\/mais-uma-linha-de-onibus-comeca-a-funcionar-em-santos#respond\"]}]},{\"@type\":\"WebPage\",\"@id\":\"https:\\\/\\\/redenoticiaz.com.br\\\/litoralsp\\\/2021\\\/10\\\/17\\\/mais-uma-linha-de-onibus-comeca-a-funcionar-em-santos\",\"url\":\"https:\\\/\\\/redenoticiaz.com.br\\\/litoralsp\\\/2021\\\/10\\\/17\\\/mais-uma-linha-de-onibus-comeca-a-funcionar-em-santos\",\"name\":\"Mais uma linha de \u00f4nibus come\u00e7a a funcionar em Santos - Litoral SP\",\"isPartOf\":{\"@id\":\"https:\\\/\\\/redenoticiaz.com.br\\\/litoralsp\\\/#website\"},\"primaryImageOfPage\":{\"@id\":\"https:\\\/\\\/redenoticiaz.com.br\\\/litoralsp\\\/2021\\\/10\\\/17\\\/mais-uma-linha-de-onibus-comeca-a-funcionar-em-santos#primaryimage\"},\"image\":{\"@id\":\"https:\\\/\\\/redenoticiaz.com.br\\\/litoralsp\\\/2021\\\/10\\\/17\\\/mais-uma-linha-de-onibus-comeca-a-funcionar-em-santos#primaryimage\"},\"thumbnailUrl\":\"https:\\\/\\\/redenoticiaz.com.br\\\/litoralsp\\\/wp-content\\\/uploads\\\/sites\\\/3\\\/2021\\\/10\\\/onibus-santos.jpg\",\"datePublished\":\"2021-10-17T17:21:59+00:00\",\"dateModified\":\"2021-10-17T17:22:16+00:00\",\"description\":\"H\u00e1 muito tempo que quem trabalha na regi\u00e3o portu\u00e1ria e em empresas da Alemoa pediam uma linha de \u00f4nibus para poderem\",\"inLanguage\":\"pt-BR\",\"potentialAction\":[{\"@type\":\"ReadAction\",\"target\":[\"https:\\\/\\\/redenoticiaz.com.br\\\/litoralsp\\\/2021\\\/10\\\/17\\\/mais-uma-linha-de-onibus-comeca-a-funcionar-em-santos\"]}]},{\"@type\":\"ImageObject\",\"inLanguage\":\"pt-BR\",\"@id\":\"https:\\\/\\\/redenoticiaz.com.br\\\/litoralsp\\\/2021\\\/10\\\/17\\\/mais-uma-linha-de-onibus-comeca-a-funcionar-em-santos#primaryimage\",\"url\":\"https:\\\/\\\/redenoticiaz.com.br\\\/litoralsp\\\/wp-content\\\/uploads\\\/sites\\\/3\\\/2021\\\/10\\\/onibus-santos.jpg\",\"contentUrl\":\"https:\\\/\\\/redenoticiaz.com.br\\\/litoralsp\\\/wp-content\\\/uploads\\\/sites\\\/3\\\/2021\\\/10\\\/onibus-santos.jpg\",\"width\":927,\"height\":845,\"caption\":\"Cr\u00e9ditos: Divulga\u00e7\u00e3o\\\/Prefeitura de Santos\"},{\"@type\":\"WebSite\",\"@id\":\"https:\\\/\\\/redenoticiaz.com.br\\\/litoralsp\\\/#website\",\"url\":\"https:\\\/\\\/redenoticiaz.com.br\\\/litoralsp\\\/\",\"name\":\"Litoral SP\",\"description\":\"Rede NoticiaZ\",\"publisher\":{\"@id\":\"https:\\\/\\\/redenoticiaz.com.br\\\/litoralsp\\\/#organization\"},\"potentialAction\":[{\"@type\":\"SearchAction\",\"target\":{\"@type\":\"EntryPoint\",\"urlTemplate\":\"https:\\\/\\\/redenoticiaz.com.br\\\/litoralsp\\\/?s={search_term_string}\"},\"query-input\":{\"@type\":\"PropertyValueSpecification\",\"valueRequired\":true,\"valueName\":\"search_term_string\"}}],\"inLanguage\":\"pt-BR\"},{\"@type\":\"Organization\",\"@id\":\"https:\\\/\\\/redenoticiaz.com.br\\\/litoralsp\\\/#organization\",\"name\":\"Litoral SP\",\"url\":\"https:\\\/\\\/redenoticiaz.com.br\\\/litoralsp\\\/\",\"logo\":{\"@type\":\"ImageObject\",\"inLanguage\":\"pt-BR\",\"@id\":\"https:\\\/\\\/redenoticiaz.com.br\\\/litoralsp\\\/#\\\/schema\\\/logo\\\/image\\\/\",\"url\":\"https:\\\/\\\/redenoticiaz.com.br\\\/litoralsp\\\/wp-content\\\/uploads\\\/sites\\\/3\\\/2020\\\/11\\\/logo.jpg\",\"contentUrl\":\"https:\\\/\\\/redenoticiaz.com.br\\\/litoralsp\\\/wp-content\\\/uploads\\\/sites\\\/3\\\/2020\\\/11\\\/logo.jpg\",\"width\":400,\"height\":250,\"caption\":\"Litoral SP\"},\"image\":{\"@id\":\"https:\\\/\\\/redenoticiaz.com.br\\\/litoralsp\\\/#\\\/schema\\\/logo\\\/image\\\/\"}},{\"@type\":\"Person\",\"@id\":\"https:\\\/\\\/redenoticiaz.com.br\\\/litoralsp\\\/#\\\/schema\\\/person\\\/0f0b8a5bdafefe82841e07ae8d81ecb3\",\"name\":\"Leonardo Francisco\",\"image\":{\"@type\":\"ImageObject\",\"inLanguage\":\"pt-BR\",\"@id\":\"https:\\\/\\\/secure.gravatar.com\\\/avatar\\\/a7358cb406a99b682ec6df1e77e31ae82e63601f6784e8a3df411d72b37864da?s=96&d=mm&r=g\",\"url\":\"https:\\\/\\\/secure.gravatar.com\\\/avatar\\\/a7358cb406a99b682ec6df1e77e31ae82e63601f6784e8a3df411d72b37864da?s=96&d=mm&r=g\",\"contentUrl\":\"https:\\\/\\\/secure.gravatar.com\\\/avatar\\\/a7358cb406a99b682ec6df1e77e31ae82e63601f6784e8a3df411d72b37864da?s=96&d=mm&r=g\",\"caption\":\"Leonardo Francisco\"},\"url\":\"https:\\\/\\\/redenoticiaz.com.br\\\/litoralsp\\\/author\\\/leonardo-francisco\"}]}<\/script>\n<!-- \/ Yoast SEO plugin. -->","yoast_head_json":{"title":"Mais uma linha de \u00f4nibus come\u00e7a a funcionar em Santos - Litoral SP","description":"H\u00e1 muito tempo que quem trabalha na regi\u00e3o portu\u00e1ria e em empresas da Alemoa pediam uma linha de \u00f4nibus para poderem","robots":{"index":"index","follow":"follow","max-snippet":"max-snippet:-1","max-image-preview":"max-image-preview:large","max-video-preview":"max-video-preview:-1"},"canonical":"https:\/\/redenoticiaz.com.br\/litoralsp\/2021\/10\/17\/mais-uma-linha-de-onibus-comeca-a-funcionar-em-santos","og_locale":"pt_BR","og_type":"article","og_title":"Mais uma linha de \u00f4nibus come\u00e7a a funcionar em Santos - Litoral SP","og_description":"H\u00e1 muito tempo que quem trabalha na regi\u00e3o portu\u00e1ria e em empresas da Alemoa pediam uma linha de \u00f4nibus para poderem","og_url":"https:\/\/redenoticiaz.com.br\/litoralsp\/2021\/10\/17\/mais-uma-linha-de-onibus-comeca-a-funcionar-em-santos","og_site_name":"Litoral SP","article_published_time":"2021-10-17T17:21:59+00:00","article_modified_time":"2021-10-17T17:22:16+00:00","og_image":[{"width":927,"height":845,"url":"https:\/\/redenoticiaz.com.br\/litoralsp\/wp-content\/uploads\/sites\/3\/2021\/10\/onibus-santos.jpg","type":"image\/jpeg"}],"author":"Leonardo Francisco","twitter_card":"summary_large_image","twitter_misc":{"Escrito por":"Leonardo Francisco","Est. tempo de leitura":"1 minuto"},"schema":{"@context":"https:\/\/schema.org","@graph":[{"@type":"Article","@id":"https:\/\/redenoticiaz.com.br\/litoralsp\/2021\/10\/17\/mais-uma-linha-de-onibus-comeca-a-funcionar-em-santos#article","isPartOf":{"@id":"https:\/\/redenoticiaz.com.br\/litoralsp\/2021\/10\/17\/mais-uma-linha-de-onibus-comeca-a-funcionar-em-santos"},"author":{"name":"Leonardo Francisco","@id":"https:\/\/redenoticiaz.com.br\/litoralsp\/#\/schema\/person\/0f0b8a5bdafefe82841e07ae8d81ecb3"},"headline":"Mais uma linha de \u00f4nibus come\u00e7a a funcionar em Santos","datePublished":"2021-10-17T17:21:59+00:00","dateModified":"2021-10-17T17:22:16+00:00","mainEntityOfPage":{"@id":"https:\/\/redenoticiaz.com.br\/litoralsp\/2021\/10\/17\/mais-uma-linha-de-onibus-comeca-a-funcionar-em-santos"},"wordCount":309,"commentCount":0,"publisher":{"@id":"https:\/\/redenoticiaz.com.br\/litoralsp\/#organization"},"image":{"@id":"https:\/\/redenoticiaz.com.br\/litoralsp\/2021\/10\/17\/mais-uma-linha-de-onibus-comeca-a-funcionar-em-santos#primaryimage"},"thumbnailUrl":"https:\/\/redenoticiaz.com.br\/litoralsp\/wp-content\/uploads\/sites\/3\/2021\/10\/onibus-santos.jpg","keywords":["ALEMOA","LINHA 197","\u00d4NIBUS","Santos","trabalhadores","TRANSPORTE P\u00daBLICO"],"articleSection":["Santos","Tr\u00e2nsito"],"inLanguage":"pt-BR","potentialAction":[{"@type":"CommentAction","name":"Comment","target":["https:\/\/redenoticiaz.com.br\/litoralsp\/2021\/10\/17\/mais-uma-linha-de-onibus-comeca-a-funcionar-em-santos#respond"]}]},{"@type":"WebPage","@id":"https:\/\/redenoticiaz.com.br\/litoralsp\/2021\/10\/17\/mais-uma-linha-de-onibus-comeca-a-funcionar-em-santos","url":"https:\/\/redenoticiaz.com.br\/litoralsp\/2021\/10\/17\/mais-uma-linha-de-onibus-comeca-a-funcionar-em-santos","name":"Mais uma linha de \u00f4nibus come\u00e7a a funcionar em Santos - Litoral SP","isPartOf":{"@id":"https:\/\/redenoticiaz.com.br\/litoralsp\/#website"},"primaryImageOfPage":{"@id":"https:\/\/redenoticiaz.com.br\/litoralsp\/2021\/10\/17\/mais-uma-linha-de-onibus-comeca-a-funcionar-em-santos#primaryimage"},"image":{"@id":"https:\/\/redenoticiaz.com.br\/litoralsp\/2021\/10\/17\/mais-uma-linha-de-onibus-comeca-a-funcionar-em-santos#primaryimage"},"thumbnailUrl":"https:\/\/redenoticiaz.com.br\/litoralsp\/wp-content\/uploads\/sites\/3\/2021\/10\/onibus-santos.jpg","datePublished":"2021-10-17T17:21:59+00:00","dateModified":"2021-10-17T17:22:16+00:00","description":"H\u00e1 muito tempo que quem trabalha na regi\u00e3o portu\u00e1ria e em empresas da Alemoa pediam uma linha de \u00f4nibus para poderem","inLanguage":"pt-BR","potentialAction":[{"@type":"ReadAction","target":["https:\/\/redenoticiaz.com.br\/litoralsp\/2021\/10\/17\/mais-uma-linha-de-onibus-comeca-a-funcionar-em-santos"]}]},{"@type":"ImageObject","inLanguage":"pt-BR","@id":"https:\/\/redenoticiaz.com.br\/litoralsp\/2021\/10\/17\/mais-uma-linha-de-onibus-comeca-a-funcionar-em-santos#primaryimage","url":"https:\/\/redenoticiaz.com.br\/litoralsp\/wp-content\/uploads\/sites\/3\/2021\/10\/onibus-santos.jpg","contentUrl":"https:\/\/redenoticiaz.com.br\/litoralsp\/wp-content\/uploads\/sites\/3\/2021\/10\/onibus-santos.jpg","width":927,"height":845,"caption":"Cr\u00e9ditos: Divulga\u00e7\u00e3o\/Prefeitura de Santos"},{"@type":"WebSite","@id":"https:\/\/redenoticiaz.com.br\/litoralsp\/#website","url":"https:\/\/redenoticiaz.com.br\/litoralsp\/","name":"Litoral SP","description":"Rede NoticiaZ","publisher":{"@id":"https:\/\/redenoticiaz.com.br\/litoralsp\/#organization"},"potentialAction":[{"@type":"SearchAction","target":{"@type":"EntryPoint","urlTemplate":"https:\/\/redenoticiaz.com.br\/litoralsp\/?s={search_term_string}"},"query-input":{"@type":"PropertyValueSpecification","valueRequired":true,"valueName":"search_term_string"}}],"inLanguage":"pt-BR"},{"@type":"Organization","@id":"https:\/\/redenoticiaz.com.br\/litoralsp\/#organization","name":"Litoral SP","url":"https:\/\/redenoticiaz.com.br\/litoralsp\/","logo":{"@type":"ImageObject","inLanguage":"pt-BR","@id":"https:\/\/redenoticiaz.com.br\/litoralsp\/#\/schema\/logo\/image\/","url":"https:\/\/redenoticiaz.com.br\/litoralsp\/wp-content\/uploads\/sites\/3\/2020\/11\/logo.jpg","contentUrl":"https:\/\/redenoticiaz.com.br\/litoralsp\/wp-content\/uploads\/sites\/3\/2020\/11\/logo.jpg","width":400,"height":250,"caption":"Litoral SP"},"image":{"@id":"https:\/\/redenoticiaz.com.br\/litoralsp\/#\/schema\/logo\/image\/"}},{"@type":"Person","@id":"https:\/\/redenoticiaz.com.br\/litoralsp\/#\/schema\/person\/0f0b8a5bdafefe82841e07ae8d81ecb3","name":"Leonardo Francisco","image":{"@type":"ImageObject","inLanguage":"pt-BR","@id":"https:\/\/secure.gravatar.com\/avatar\/a7358cb406a99b682ec6df1e77e31ae82e63601f6784e8a3df411d72b37864da?s=96&d=mm&r=g","url":"https:\/\/secure.gravatar.com\/avatar\/a7358cb406a99b682ec6df1e77e31ae82e63601f6784e8a3df411d72b37864da?s=96&d=mm&r=g","contentUrl":"https:\/\/secure.gravatar.com\/avatar\/a7358cb406a99b682ec6df1e77e31ae82e63601f6784e8a3df411d72b37864da?s=96&d=mm&r=g","caption":"Leonardo Francisco"},"url":"https:\/\/redenoticiaz.com.br\/litoralsp\/author\/leonardo-francisco"}]}},"_links":{"self":[{"href":"https:\/\/redenoticiaz.com.br\/litoralsp\/wp-json\/wp\/v2\/posts\/16655","targetHints":{"allow":["GET"]}}],"collection":[{"href":"https:\/\/redenoticiaz.com.br\/litoralsp\/wp-json\/wp\/v2\/posts"}],"about":[{"href":"https:\/\/redenoticiaz.com.br\/litoralsp\/wp-json\/wp\/v2\/types\/post"}],"author":[{"embeddable":true,"href":"https:\/\/redenoticiaz.com.br\/litoralsp\/wp-json\/wp\/v2\/users\/6"}],"replies":[{"embeddable":true,"href":"https:\/\/redenoticiaz.com.br\/litoralsp\/wp-json\/wp\/v2\/comments?post=16655"}],"version-history":[{"count":1,"href":"https:\/\/redenoticiaz.com.br\/litoralsp\/wp-json\/wp\/v2\/posts\/16655\/revisions"}],"predecessor-version":[{"id":16657,"href":"https:\/\/redenoticiaz.com.br\/litoralsp\/wp-json\/wp\/v2\/posts\/16655\/revisions\/16657"}],"wp:featuredmedia":[{"embeddable":true,"href":"https:\/\/redenoticiaz.com.br\/litoralsp\/wp-json\/wp\/v2\/media\/16656"}],"wp:attachment":[{"href":"https:\/\/redenoticiaz.com.br\/litoralsp\/wp-json\/wp\/v2\/media?parent=16655"}],"wp:term":[{"taxonomy":"category","embeddable":true,"href":"https:\/\/redenoticiaz.com.br\/litoralsp\/wp-json\/wp\/v2\/categories?post=16655"},{"taxonomy":"post_tag","embeddable":true,"href":"https:\/\/redenoticiaz.com.br\/litoralsp\/wp-json\/wp\/v2\/tags?post=16655"}],"curies":[{"name":"wp","href":"https:\/\/api.w.org\/{rel}","templated":true}]}}