{"id":16727,"date":"2021-10-18T17:22:26","date_gmt":"2021-10-18T20:22:26","guid":{"rendered":"https:\/\/redenoticiaz.com.br\/litoralsp\/2021\/10\/18\/cpi-da-covid-ouve-parentes-das-vitimas-fatais-da-doenca"},"modified":"2021-10-18T17:25:09","modified_gmt":"2021-10-18T20:25:09","slug":"cpi-da-covid-ouve-parentes-das-vitimas-fatais-da-doenca","status":"publish","type":"post","link":"https:\/\/redenoticiaz.com.br\/litoralsp\/2021\/10\/18\/cpi-da-covid-ouve-parentes-das-vitimas-fatais-da-doenca","title":{"rendered":"CPI da Covid ouve parentes das v\u00edtimas fatais da doen\u00e7a"},"content":{"rendered":"<p>Nesta segunda-feira (18), aconteceu mais um dia de depoimentos da <strong>CPI da Covid<\/strong>, no <a href=\"https:\/\/www12.senado.leg.br\/hpsenado\">Senado<\/a>. Mas ao inv\u00e9s de ouvir pol\u00edticos, empres\u00e1rios e m\u00e9dicos, foi a vez de pessoas e familiares das v\u00edtimas fatais do coronav\u00edrus prestarem depoimento. Foi a oportunidade de todos desabafarem, contarem\u00a0 que houve e cobrarem por Justi\u00e7a em nome das\u00a0 mais de 600 mil vidas perdidas.<\/p>\n<p>A grande maioria das falas eram cr\u00edticas ao comportamento do presidente\u00a0Jair Bolsonaro durante a pandemia, mas tamb\u00e9m de declara\u00e7\u00f5es favor\u00e1veis \u00e0 vacina\u00e7\u00e3o. Desde o in\u00edcio da pandemia, Bolsonaro contraria a ci\u00eancia promovendo aglomera\u00e7\u00f5es, criticando o\u00a0uso de m\u00e1scara, defendendo a tese j\u00e1 recha\u00e7ada da\u00a0imunidade de rebanho\u00a0e afirmando que\u00a0n\u00e3o vai se vacinar.<\/p>\n<p>Entidades m\u00e9dicas nacionais e internacionais preconizam justamente essas medidas como forma de preven\u00e7\u00e3o:\u00a0<span class=\"highlight highlighted\">vacina\u00e7\u00e3o, uso de m\u00e1scara, higieniza\u00e7\u00e3o das m\u00e3os e evitar aglomera\u00e7\u00f5es<\/span>.<\/p>\n<p>Conforme o cons\u00f3rcio de ve\u00edculos de imprensa, o Brasil registrou at\u00e9 este domingo (17)\u00a0603.324 \u00f3bitos por Covid\u00a0e\u00a021.642.194 casos confirmados\u00a0desde o in\u00edcio da pandemia.<\/p>\n<h3>Depoimentos<\/h3>\n<p>&#8220;A dor \u00e9 grande, mas a vontade de justi\u00e7a \u00e9 maior. Estou aqui hoje para representar as v\u00e1rias fam\u00edlias que passaram pela dor que passamos. \u00c9 por isso que estou t\u00e3o emocionada de estar aqui. S\u00e3o vidas, sonhos, hist\u00f3rias encerradas por tantas neglig\u00eancias. E n\u00f3s queremos justi\u00e7a. O sangue de cada uma das v\u00edtimas escorre nas m\u00e3os de cada um que subestimou o v\u00edrus&#8221;, afirmou Katia Shirlene Castilho dos Santos, que perdeu os pais para a Covid.<\/p>\n<div class=\"mc-column content-text active-extra-styles \" data-block-type=\"unstyled\" data-block-weight=\"36\" data-block-id=\"9\">\n<p class=\"content-text__container \" data-track-category=\"Link no Texto\" data-track-links=\"\">Durante a sess\u00e3o, M\u00e1rcio Antonio do Nascimento Silva entregou uma caixa com os len\u00e7os que a ONG Rio de Paz usou para fazer um\u00a0ato em Copacabana, simbolizando as mais de 600 mil v\u00edtimas da Covid. O taxista, que perdeu o filho para a Covid, tamb\u00e9m cobrou um pedido de desculpas do presidente Jair Bolsonaro e criticou atos e declara\u00e7\u00f5es presidenciais\u00a0durante a pandemia.<\/p>\n<\/div>\n<div class=\"mc-column content-text active-extra-styles \" data-block-type=\"unstyled\" data-block-weight=\"82\" data-block-id=\"11\">\n<blockquote>\n<p class=\"content-text__container \" data-track-category=\"Link no Texto\" data-track-links=\"\">&#8220;Eu acho que n\u00f3s merec\u00edamos um pedido de desculpa da maior autoridade do pa\u00eds. Porque n\u00e3o \u00e9 quest\u00e3o pol\u00edtica \u2013 se \u00e9 de um partido, se \u00e9 de outro. N\u00f3s estamos falando de vidas de pessoas. Cada depoimento aqui, eu acho que, em cada depoimento, um sentiu o depoimento do outro e acrescentou o que o outro tinha para falar, entendeu? Ent\u00e3o, a nossa dor n\u00e3o \u00e9 mimimi, n\u00f3s n\u00e3o somos palha\u00e7os, entendeu? \u00c9 real, sabe?\u201d, afirmou Silva, visivelmente abalado.<\/p>\n<\/blockquote>\n<div class=\"mc-column content-text active-extra-styles\" data-block-type=\"raw\" data-block-weight=\"2\" data-block-id=\"13\">\n<div class=\"content-intertitle\">\n<h2>A CPI<\/h2>\n<\/div>\n<\/div>\n<div class=\"mc-column content-text active-extra-styles \" data-block-type=\"unstyled\" data-block-weight=\"30\" data-block-id=\"14\">\n<p class=\"content-text__container \" data-track-category=\"Link no Texto\" data-track-links=\"\">A CPI tem, entre as atribui\u00e7\u00f5es, elaborar um relat\u00f3rio conclusivo sobre os trabalhos. Dever\u00e3o constar do documento pedidos de indiciamento de pessoas consideradas respons\u00e1veis pelo agravamento da pandemia no pa\u00eds.<\/p>\n<\/div>\n<div class=\"content-ads content-ads--reveal\" data-block-type=\"ads\" data-block-id=\"15\"><\/div>\n<div class=\"mc-column content-text active-extra-styles \" data-block-type=\"unstyled\" data-block-weight=\"27\" data-block-id=\"16\">\n<p class=\"content-text__container \" data-track-category=\"Link no Texto\" data-track-links=\"\">O relator\u00a0Renan Calheiros\u00a0(MDB-AL) deve propor a\u00a0responsabiliza\u00e7\u00e3o de Bolsonaro\u00a0por pelo menos 11 crimes. O parecer deve ser\u00a0<span class=\"highlight highlighted\">votado na pr\u00f3xima ter\u00e7a-feira<\/span>\u00a0(26).<\/p>\n<\/div>\n<div class=\"mc-column content-text active-extra-styles \" data-block-type=\"unstyled\" data-block-weight=\"40\" data-block-id=\"17\">\n<p class=\"content-text__container \" data-track-category=\"Link no Texto\" data-track-links=\"\">A comiss\u00e3o tamb\u00e9m deve propor mudan\u00e7as na legisla\u00e7\u00e3o. Uma das possibilidades \u00e9 que seja proposto um projeto para que o governo federal d\u00ea uma\u00a0indeniza\u00e7\u00e3o a \u00f3rf\u00e3os de at\u00e9 21 anos\u00a0que perderam os pais para a doen\u00e7a.<\/p>\n<\/div>\n<div class=\"mc-column content-text active-extra-styles \" data-block-type=\"unstyled\" data-block-weight=\"52\" data-block-id=\"18\">\n<p class=\"content-text__container \" data-track-category=\"Link no Texto\" data-track-links=\"\">Em um dos depoimentos desta segunda-feira, a estudante Giovanna Gomes Mendes da Silva, de 19 anos, contou que perdeu a m\u00e3e e o pai e que teve de assumir a guarda da irm\u00e3, de 11 anos. Aos senadores, ela relatou que as duas passaram por um impacto &#8220;emocional e financeiro&#8221;.<\/p>\n<\/div>\n<div class=\"mc-column content-text active-extra-styles \" data-block-type=\"unstyled\" data-block-weight=\"70\" data-block-id=\"19\">\n<p class=\"content-text__container \" data-track-category=\"Link no Texto\" data-track-links=\"\">&#8220;A gente tinha os dois esteios da nossa vida, os dois pilares, as pessoas que cuidavam da gente, que sustentavam e faziam tudo. N\u00e3o tinha essa responsabilidade. A gente passou a n\u00e3o ter e tamb\u00e9m a n\u00e3o ter quem nos ajudasse com isso. Tivemos pessoas pr\u00f3ximas, familiares e amigos da minha m\u00e3e, que, com o pouco que tinham, eles come\u00e7aram a ajudar a gente&#8221;, contou.<\/p>\n<h3 data-track-category=\"Link no Texto\">Situa\u00e7\u00e3o dos hospitais<\/h3>\n<p>De acordo com a enfermeira Mayra Pires Lima, que perdeu a irm\u00e3 para o coronav\u00edrus em janeiro deste ano e mora em Manaus, o palco da rede p\u00fablica de sa\u00fade que levou \u00e0 morte de pacientes por falta de oxig\u00eanio, era de um colapso total. A irm\u00e3 de Mayra deixou quatro crian\u00e7as.<\/p>\n<div class=\"content-ads content-ads--reveal\" data-block-type=\"ads\" data-block-id=\"23\"><\/div>\n<div class=\"mc-column content-text active-extra-styles \" data-block-type=\"unstyled\" data-block-weight=\"17\" data-block-id=\"24\">\n<p class=\"content-text__container \" data-track-category=\"Link no Texto\" data-track-links=\"\">\u00c0 CPI, a enfermeira relatou aos senadores a dificuldade para conseguir um leito de UTI.<\/p>\n<\/div>\n<div class=\"mc-column content-text active-extra-styles \" data-block-type=\"unstyled\" data-block-weight=\"73\" data-block-id=\"25\">\n<blockquote>\n<p class=\"content-text__container \" data-track-category=\"Link no Texto\" data-track-links=\"\">&#8220;Em cinco dias de sintomas, na fase inflamat\u00f3ria da doen\u00e7a, ela precisava de UTI, e, infelizmente, a UTI demorou dez dias enquanto ela estava no hospital. A cidade de Manaus virou um deserto. As \u00fanicas pessoas que andavam em Manaus eram os profissionais de sa\u00fade, a pol\u00edcia e os servi\u00e7os essenciais, porque, se a popula\u00e7\u00e3o toda adoece, voc\u00ea pode mandar uma grande quantidade de oxig\u00eanio que voc\u00ea n\u00e3o vai resolver&#8221;, contou.<\/p>\n<\/blockquote>\n<\/div>\n<div class=\"mc-column content-text active-extra-styles \" data-block-type=\"unstyled\" data-block-weight=\"20\" data-block-id=\"26\">\n<p class=\"content-text__container \" data-track-category=\"Link no Texto\" data-track-links=\"\">A enfermeira relatou ainda que acabou o oxig\u00eanio da irm\u00e3 e a pr\u00f3pria fam\u00edlia se uniu para comprar o insumo. &#8220;Todo o oxig\u00eanio mandado pelo governo federal e por todas as pessoas que foram benfeitoras n\u00e3o foi o suficiente, porque era uma grande quantidade, mas infelizmente o n\u00famero de doentes era bem maior do que a quantidade enviada&#8221;, contou.<\/p>\n<h3 data-track-category=\"Link no Texto\">Presidente sofre duras criticas<\/h3>\n<div class=\"mc-column content-text active-extra-styles \" data-block-type=\"unstyled\" data-block-weight=\"35\" data-block-id=\"30\">\n<p class=\"content-text__container \" data-track-category=\"Link no Texto\" data-track-links=\"\">Durante a sess\u00e3o desta segunda, houve diversas cr\u00edticas ao presidente Jair Bolsonaro. A depoente Katia Shirlene contou os \u00faltimos momentos com a m\u00e3e no hospital e como as declara\u00e7\u00f5es de Bolsonaro s\u00e3o &#8220;dolorosas&#8221;.<\/p>\n<\/div>\n<div class=\"mc-column content-text active-extra-styles \" data-block-type=\"unstyled\" data-block-weight=\"82\" data-block-id=\"31\">\n<p class=\"content-text__container \" data-track-category=\"Link no Texto\" data-track-links=\"\">&#8220;&#8216;Filha, eu estou com sede, eu quero \u00e1gua'&#8221;. E a enfermeira dizia que eu n\u00e3o podia nem tirar a m\u00e1scara para dar \u00e1gua para ela, porque ela estava tomando a \u00e1gua espessa \u2013 que era espessada com um material que eles colocam para deixar ela mais grossinha, para n\u00e3o engasgar. E a\u00ed a enfermeira falou que a situa\u00e7\u00e3o dela estava bem complicada, e eu peguei uma gaze e molhei a boca dela para aliviar um pouco a sede dela&#8221;, contou.<\/p>\n<\/div>\n<div class=\"content-ads content-ads--reveal\" data-block-type=\"ads\" data-block-id=\"32\"><\/div>\n<div class=\"mc-column content-text active-extra-styles \" data-block-type=\"unstyled\" data-block-weight=\"55\" data-block-id=\"33\">\n<p class=\"content-text__container \" data-track-category=\"Link no Texto\" data-track-links=\"\">&#8220;Por isso \u00e9 que eu falo que quando a gente v\u00ea um presidente da Rep\u00fablica imitando uma pessoa com falta de ar, isso para n\u00f3s \u00e9 muito doloroso. Se ele tivesse ideia do mal que ele faz para a na\u00e7\u00e3o, al\u00e9m de todo o mal que ele j\u00e1 fez, ele n\u00e3o faria isso&#8221;, afirmou.<\/p>\n<\/div>\n<div class=\"mc-column content-text active-extra-styles \" data-block-type=\"unstyled\" data-block-weight=\"32\" data-block-id=\"34\">\n<p class=\"content-text__container \" data-track-category=\"Link no Texto\" data-track-links=\"\">Tamb\u00e9m prestou depoimento o presidente da ONG Rio de Paz, Ant\u00f4nio Carlos Costa. Para ele, Bolsonaro foi a &#8220;ant\u00edtese de tudo o que se esperava de um presidente da Rep\u00fablica&#8221;.<\/p>\n<\/div>\n<div class=\"mc-column content-text active-extra-styles \" data-block-type=\"unstyled\" data-block-weight=\"64\" data-block-id=\"35\">\n<blockquote>\n<p class=\"content-text__container \" data-track-category=\"Link no Texto\" data-track-links=\"\">&#8220;Jamais o vimos derramar l\u00e1grima de compaix\u00e3o ou expressar profundo pesar pelo povo brasileiro. N\u00e3o soubemos de favela que ele tenha visitado ou hospital para o qual tenha se dirigido, a fim de comunicar \u00e2nimo aos nossos profissionais de sa\u00fade. Nenhuma palavra de dire\u00e7\u00e3o ou encorajamento \u00e0s milh\u00f5es de fam\u00edlias aturdidas com a crise m\u00faltipla que se estabeleceu no nosso pa\u00eds&#8221;, afirmou.<\/p>\n<\/blockquote>\n<p data-track-category=\"Link no Texto\" data-track-links=\"\"><strong>LEIA TAMB\u00c9M<\/strong><\/p>\n<p data-track-category=\"Link no Texto\" data-track-links=\"\"><a href=\"https:\/\/redenoticiaz.com.br\/blog\/2021\/10\/17\/setima-e-ultima-vitima-de-naufragio-de-barco-hotel-e-encontrada\">S\u00e9tima e \u00faltima v\u00edtima de naufr\u00e1gio de barco-hotel \u00e9 encontrada<\/a><\/p>\n<\/div>\n<\/div>\n<\/div>\n<\/div>\n","protected":false},"excerpt":{"rendered":"<p>Nesta segunda-feira (18), aconteceu mais um dia de depoimentos da CPI da Covid, no Senado. Mas ao inv\u00e9s de ouvir pol\u00edticos, empres\u00e1rios e m\u00e9dicos, foi a vez de pessoas e familiares das v\u00edtimas fatais do coronav\u00edrus prestarem depoimento. Foi a oportunidade de todos desabafarem, contarem\u00a0 que houve e cobrarem por Justi\u00e7a em nome das\u00a0 mais &hellip;<\/p>\n","protected":false},"author":6,"featured_media":16728,"comment_status":"open","ping_status":"closed","sticky":false,"template":"","format":"standard","meta":{"footnotes":""},"categories":[15],"tags":[20391,26395,38546,38547,18891,38548],"class_list":["post-16727","post","type-post","status-publish","format-standard","has-post-thumbnail","hentry","category-politica","tag-cpi-da-covid","tag-depoimentos","tag-familiares","tag-parentes","tag-senado-federal","tag-vitimas-do-covid"],"yoast_head":"<!-- This site is optimized with the Yoast SEO plugin v27.5 - https:\/\/yoast.com\/product\/yoast-seo-wordpress\/ -->\n<title>CPI da Covid ouve parentes das v\u00edtimas fatais da doen\u00e7a - Litoral SP<\/title>\n<meta name=\"robots\" content=\"index, follow, max-snippet:-1, max-image-preview:large, max-video-preview:-1\" \/>\n<link rel=\"canonical\" href=\"https:\/\/redenoticiaz.com.br\/litoralsp\/2021\/10\/18\/cpi-da-covid-ouve-parentes-das-vitimas-fatais-da-doenca\" \/>\n<meta property=\"og:locale\" content=\"pt_BR\" \/>\n<meta property=\"og:type\" content=\"article\" \/>\n<meta property=\"og:title\" content=\"CPI da Covid ouve parentes das v\u00edtimas fatais da doen\u00e7a - Litoral SP\" \/>\n<meta property=\"og:description\" content=\"Nesta segunda-feira (18), aconteceu mais um dia de depoimentos da CPI da Covid, no Senado. Mas ao inv\u00e9s de ouvir pol\u00edticos, empres\u00e1rios e m\u00e9dicos, foi a vez de pessoas e familiares das v\u00edtimas fatais do coronav\u00edrus prestarem depoimento. Foi a oportunidade de todos desabafarem, contarem\u00a0 que houve e cobrarem por Justi\u00e7a em nome das\u00a0 mais &hellip;\" \/>\n<meta property=\"og:url\" content=\"https:\/\/redenoticiaz.com.br\/litoralsp\/2021\/10\/18\/cpi-da-covid-ouve-parentes-das-vitimas-fatais-da-doenca\" \/>\n<meta property=\"og:site_name\" content=\"Litoral SP\" \/>\n<meta property=\"article:published_time\" content=\"2021-10-18T20:22:26+00:00\" \/>\n<meta property=\"article:modified_time\" content=\"2021-10-18T20:25:09+00:00\" \/>\n<meta property=\"og:image\" content=\"https:\/\/redenoticiaz.com.br\/litoralsp\/wp-content\/uploads\/sites\/3\/2021\/10\/senado.jpeg\" \/>\n\t<meta property=\"og:image:width\" content=\"1600\" \/>\n\t<meta property=\"og:image:height\" content=\"1066\" \/>\n\t<meta property=\"og:image:type\" content=\"image\/jpeg\" \/>\n<meta name=\"author\" content=\"Leonardo Francisco\" \/>\n<meta name=\"twitter:card\" content=\"summary_large_image\" \/>\n<meta name=\"twitter:label1\" content=\"Escrito por\" \/>\n\t<meta name=\"twitter:data1\" content=\"Leonardo Francisco\" \/>\n\t<meta name=\"twitter:label2\" content=\"Est. tempo de leitura\" \/>\n\t<meta name=\"twitter:data2\" content=\"6 minutos\" \/>\n<script type=\"application\/ld+json\" class=\"yoast-schema-graph\">{\"@context\":\"https:\\\/\\\/schema.org\",\"@graph\":[{\"@type\":\"Article\",\"@id\":\"https:\\\/\\\/redenoticiaz.com.br\\\/litoralsp\\\/2021\\\/10\\\/18\\\/cpi-da-covid-ouve-parentes-das-vitimas-fatais-da-doenca#article\",\"isPartOf\":{\"@id\":\"https:\\\/\\\/redenoticiaz.com.br\\\/litoralsp\\\/2021\\\/10\\\/18\\\/cpi-da-covid-ouve-parentes-das-vitimas-fatais-da-doenca\"},\"author\":{\"name\":\"Leonardo Francisco\",\"@id\":\"https:\\\/\\\/redenoticiaz.com.br\\\/litoralsp\\\/#\\\/schema\\\/person\\\/0f0b8a5bdafefe82841e07ae8d81ecb3\"},\"headline\":\"CPI da Covid ouve parentes das v\u00edtimas fatais da doen\u00e7a\",\"datePublished\":\"2021-10-18T20:22:26+00:00\",\"dateModified\":\"2021-10-18T20:25:09+00:00\",\"mainEntityOfPage\":{\"@id\":\"https:\\\/\\\/redenoticiaz.com.br\\\/litoralsp\\\/2021\\\/10\\\/18\\\/cpi-da-covid-ouve-parentes-das-vitimas-fatais-da-doenca\"},\"wordCount\":1188,\"commentCount\":0,\"publisher\":{\"@id\":\"https:\\\/\\\/redenoticiaz.com.br\\\/litoralsp\\\/#organization\"},\"image\":{\"@id\":\"https:\\\/\\\/redenoticiaz.com.br\\\/litoralsp\\\/2021\\\/10\\\/18\\\/cpi-da-covid-ouve-parentes-das-vitimas-fatais-da-doenca#primaryimage\"},\"thumbnailUrl\":\"https:\\\/\\\/redenoticiaz.com.br\\\/litoralsp\\\/wp-content\\\/uploads\\\/sites\\\/3\\\/2021\\\/10\\\/senado.jpeg\",\"keywords\":[\"CPI DA COVID\",\"DEPOIMENTOS\",\"FAMILIARES\",\"PARENTES\",\"SENADO FEDERAL\",\"V\u00cdTIMAS DO COVID\"],\"articleSection\":[\"Pol\u00edtica\"],\"inLanguage\":\"pt-BR\",\"potentialAction\":[{\"@type\":\"CommentAction\",\"name\":\"Comment\",\"target\":[\"https:\\\/\\\/redenoticiaz.com.br\\\/litoralsp\\\/2021\\\/10\\\/18\\\/cpi-da-covid-ouve-parentes-das-vitimas-fatais-da-doenca#respond\"]}]},{\"@type\":\"WebPage\",\"@id\":\"https:\\\/\\\/redenoticiaz.com.br\\\/litoralsp\\\/2021\\\/10\\\/18\\\/cpi-da-covid-ouve-parentes-das-vitimas-fatais-da-doenca\",\"url\":\"https:\\\/\\\/redenoticiaz.com.br\\\/litoralsp\\\/2021\\\/10\\\/18\\\/cpi-da-covid-ouve-parentes-das-vitimas-fatais-da-doenca\",\"name\":\"CPI da Covid ouve parentes das v\u00edtimas fatais da doen\u00e7a - Litoral SP\",\"isPartOf\":{\"@id\":\"https:\\\/\\\/redenoticiaz.com.br\\\/litoralsp\\\/#website\"},\"primaryImageOfPage\":{\"@id\":\"https:\\\/\\\/redenoticiaz.com.br\\\/litoralsp\\\/2021\\\/10\\\/18\\\/cpi-da-covid-ouve-parentes-das-vitimas-fatais-da-doenca#primaryimage\"},\"image\":{\"@id\":\"https:\\\/\\\/redenoticiaz.com.br\\\/litoralsp\\\/2021\\\/10\\\/18\\\/cpi-da-covid-ouve-parentes-das-vitimas-fatais-da-doenca#primaryimage\"},\"thumbnailUrl\":\"https:\\\/\\\/redenoticiaz.com.br\\\/litoralsp\\\/wp-content\\\/uploads\\\/sites\\\/3\\\/2021\\\/10\\\/senado.jpeg\",\"datePublished\":\"2021-10-18T20:22:26+00:00\",\"dateModified\":\"2021-10-18T20:25:09+00:00\",\"inLanguage\":\"pt-BR\",\"potentialAction\":[{\"@type\":\"ReadAction\",\"target\":[\"https:\\\/\\\/redenoticiaz.com.br\\\/litoralsp\\\/2021\\\/10\\\/18\\\/cpi-da-covid-ouve-parentes-das-vitimas-fatais-da-doenca\"]}]},{\"@type\":\"ImageObject\",\"inLanguage\":\"pt-BR\",\"@id\":\"https:\\\/\\\/redenoticiaz.com.br\\\/litoralsp\\\/2021\\\/10\\\/18\\\/cpi-da-covid-ouve-parentes-das-vitimas-fatais-da-doenca#primaryimage\",\"url\":\"https:\\\/\\\/redenoticiaz.com.br\\\/litoralsp\\\/wp-content\\\/uploads\\\/sites\\\/3\\\/2021\\\/10\\\/senado.jpeg\",\"contentUrl\":\"https:\\\/\\\/redenoticiaz.com.br\\\/litoralsp\\\/wp-content\\\/uploads\\\/sites\\\/3\\\/2021\\\/10\\\/senado.jpeg\",\"width\":1600,\"height\":1066,\"caption\":\"Cada pessoa contou o que o familiar viveu por conta da pandemia. Cr\u00e9ditos: Ag\u00eancia Senado\"},{\"@type\":\"WebSite\",\"@id\":\"https:\\\/\\\/redenoticiaz.com.br\\\/litoralsp\\\/#website\",\"url\":\"https:\\\/\\\/redenoticiaz.com.br\\\/litoralsp\\\/\",\"name\":\"Litoral SP\",\"description\":\"Rede NoticiaZ\",\"publisher\":{\"@id\":\"https:\\\/\\\/redenoticiaz.com.br\\\/litoralsp\\\/#organization\"},\"potentialAction\":[{\"@type\":\"SearchAction\",\"target\":{\"@type\":\"EntryPoint\",\"urlTemplate\":\"https:\\\/\\\/redenoticiaz.com.br\\\/litoralsp\\\/?s={search_term_string}\"},\"query-input\":{\"@type\":\"PropertyValueSpecification\",\"valueRequired\":true,\"valueName\":\"search_term_string\"}}],\"inLanguage\":\"pt-BR\"},{\"@type\":\"Organization\",\"@id\":\"https:\\\/\\\/redenoticiaz.com.br\\\/litoralsp\\\/#organization\",\"name\":\"Litoral SP\",\"url\":\"https:\\\/\\\/redenoticiaz.com.br\\\/litoralsp\\\/\",\"logo\":{\"@type\":\"ImageObject\",\"inLanguage\":\"pt-BR\",\"@id\":\"https:\\\/\\\/redenoticiaz.com.br\\\/litoralsp\\\/#\\\/schema\\\/logo\\\/image\\\/\",\"url\":\"https:\\\/\\\/redenoticiaz.com.br\\\/litoralsp\\\/wp-content\\\/uploads\\\/sites\\\/3\\\/2020\\\/11\\\/logo.jpg\",\"contentUrl\":\"https:\\\/\\\/redenoticiaz.com.br\\\/litoralsp\\\/wp-content\\\/uploads\\\/sites\\\/3\\\/2020\\\/11\\\/logo.jpg\",\"width\":400,\"height\":250,\"caption\":\"Litoral SP\"},\"image\":{\"@id\":\"https:\\\/\\\/redenoticiaz.com.br\\\/litoralsp\\\/#\\\/schema\\\/logo\\\/image\\\/\"}},{\"@type\":\"Person\",\"@id\":\"https:\\\/\\\/redenoticiaz.com.br\\\/litoralsp\\\/#\\\/schema\\\/person\\\/0f0b8a5bdafefe82841e07ae8d81ecb3\",\"name\":\"Leonardo Francisco\",\"image\":{\"@type\":\"ImageObject\",\"inLanguage\":\"pt-BR\",\"@id\":\"https:\\\/\\\/secure.gravatar.com\\\/avatar\\\/a7358cb406a99b682ec6df1e77e31ae82e63601f6784e8a3df411d72b37864da?s=96&d=mm&r=g\",\"url\":\"https:\\\/\\\/secure.gravatar.com\\\/avatar\\\/a7358cb406a99b682ec6df1e77e31ae82e63601f6784e8a3df411d72b37864da?s=96&d=mm&r=g\",\"contentUrl\":\"https:\\\/\\\/secure.gravatar.com\\\/avatar\\\/a7358cb406a99b682ec6df1e77e31ae82e63601f6784e8a3df411d72b37864da?s=96&d=mm&r=g\",\"caption\":\"Leonardo Francisco\"},\"url\":\"https:\\\/\\\/redenoticiaz.com.br\\\/litoralsp\\\/author\\\/leonardo-francisco\"}]}<\/script>\n<!-- \/ Yoast SEO plugin. -->","yoast_head_json":{"title":"CPI da Covid ouve parentes das v\u00edtimas fatais da doen\u00e7a - Litoral SP","robots":{"index":"index","follow":"follow","max-snippet":"max-snippet:-1","max-image-preview":"max-image-preview:large","max-video-preview":"max-video-preview:-1"},"canonical":"https:\/\/redenoticiaz.com.br\/litoralsp\/2021\/10\/18\/cpi-da-covid-ouve-parentes-das-vitimas-fatais-da-doenca","og_locale":"pt_BR","og_type":"article","og_title":"CPI da Covid ouve parentes das v\u00edtimas fatais da doen\u00e7a - Litoral SP","og_description":"Nesta segunda-feira (18), aconteceu mais um dia de depoimentos da CPI da Covid, no Senado. Mas ao inv\u00e9s de ouvir pol\u00edticos, empres\u00e1rios e m\u00e9dicos, foi a vez de pessoas e familiares das v\u00edtimas fatais do coronav\u00edrus prestarem depoimento. Foi a oportunidade de todos desabafarem, contarem\u00a0 que houve e cobrarem por Justi\u00e7a em nome das\u00a0 mais &hellip;","og_url":"https:\/\/redenoticiaz.com.br\/litoralsp\/2021\/10\/18\/cpi-da-covid-ouve-parentes-das-vitimas-fatais-da-doenca","og_site_name":"Litoral SP","article_published_time":"2021-10-18T20:22:26+00:00","article_modified_time":"2021-10-18T20:25:09+00:00","og_image":[{"width":1600,"height":1066,"url":"https:\/\/redenoticiaz.com.br\/litoralsp\/wp-content\/uploads\/sites\/3\/2021\/10\/senado.jpeg","type":"image\/jpeg"}],"author":"Leonardo Francisco","twitter_card":"summary_large_image","twitter_misc":{"Escrito por":"Leonardo Francisco","Est. tempo de leitura":"6 minutos"},"schema":{"@context":"https:\/\/schema.org","@graph":[{"@type":"Article","@id":"https:\/\/redenoticiaz.com.br\/litoralsp\/2021\/10\/18\/cpi-da-covid-ouve-parentes-das-vitimas-fatais-da-doenca#article","isPartOf":{"@id":"https:\/\/redenoticiaz.com.br\/litoralsp\/2021\/10\/18\/cpi-da-covid-ouve-parentes-das-vitimas-fatais-da-doenca"},"author":{"name":"Leonardo Francisco","@id":"https:\/\/redenoticiaz.com.br\/litoralsp\/#\/schema\/person\/0f0b8a5bdafefe82841e07ae8d81ecb3"},"headline":"CPI da Covid ouve parentes das v\u00edtimas fatais da doen\u00e7a","datePublished":"2021-10-18T20:22:26+00:00","dateModified":"2021-10-18T20:25:09+00:00","mainEntityOfPage":{"@id":"https:\/\/redenoticiaz.com.br\/litoralsp\/2021\/10\/18\/cpi-da-covid-ouve-parentes-das-vitimas-fatais-da-doenca"},"wordCount":1188,"commentCount":0,"publisher":{"@id":"https:\/\/redenoticiaz.com.br\/litoralsp\/#organization"},"image":{"@id":"https:\/\/redenoticiaz.com.br\/litoralsp\/2021\/10\/18\/cpi-da-covid-ouve-parentes-das-vitimas-fatais-da-doenca#primaryimage"},"thumbnailUrl":"https:\/\/redenoticiaz.com.br\/litoralsp\/wp-content\/uploads\/sites\/3\/2021\/10\/senado.jpeg","keywords":["CPI DA COVID","DEPOIMENTOS","FAMILIARES","PARENTES","SENADO FEDERAL","V\u00cdTIMAS DO COVID"],"articleSection":["Pol\u00edtica"],"inLanguage":"pt-BR","potentialAction":[{"@type":"CommentAction","name":"Comment","target":["https:\/\/redenoticiaz.com.br\/litoralsp\/2021\/10\/18\/cpi-da-covid-ouve-parentes-das-vitimas-fatais-da-doenca#respond"]}]},{"@type":"WebPage","@id":"https:\/\/redenoticiaz.com.br\/litoralsp\/2021\/10\/18\/cpi-da-covid-ouve-parentes-das-vitimas-fatais-da-doenca","url":"https:\/\/redenoticiaz.com.br\/litoralsp\/2021\/10\/18\/cpi-da-covid-ouve-parentes-das-vitimas-fatais-da-doenca","name":"CPI da Covid ouve parentes das v\u00edtimas fatais da doen\u00e7a - Litoral SP","isPartOf":{"@id":"https:\/\/redenoticiaz.com.br\/litoralsp\/#website"},"primaryImageOfPage":{"@id":"https:\/\/redenoticiaz.com.br\/litoralsp\/2021\/10\/18\/cpi-da-covid-ouve-parentes-das-vitimas-fatais-da-doenca#primaryimage"},"image":{"@id":"https:\/\/redenoticiaz.com.br\/litoralsp\/2021\/10\/18\/cpi-da-covid-ouve-parentes-das-vitimas-fatais-da-doenca#primaryimage"},"thumbnailUrl":"https:\/\/redenoticiaz.com.br\/litoralsp\/wp-content\/uploads\/sites\/3\/2021\/10\/senado.jpeg","datePublished":"2021-10-18T20:22:26+00:00","dateModified":"2021-10-18T20:25:09+00:00","inLanguage":"pt-BR","potentialAction":[{"@type":"ReadAction","target":["https:\/\/redenoticiaz.com.br\/litoralsp\/2021\/10\/18\/cpi-da-covid-ouve-parentes-das-vitimas-fatais-da-doenca"]}]},{"@type":"ImageObject","inLanguage":"pt-BR","@id":"https:\/\/redenoticiaz.com.br\/litoralsp\/2021\/10\/18\/cpi-da-covid-ouve-parentes-das-vitimas-fatais-da-doenca#primaryimage","url":"https:\/\/redenoticiaz.com.br\/litoralsp\/wp-content\/uploads\/sites\/3\/2021\/10\/senado.jpeg","contentUrl":"https:\/\/redenoticiaz.com.br\/litoralsp\/wp-content\/uploads\/sites\/3\/2021\/10\/senado.jpeg","width":1600,"height":1066,"caption":"Cada pessoa contou o que o familiar viveu por conta da pandemia. Cr\u00e9ditos: Ag\u00eancia Senado"},{"@type":"WebSite","@id":"https:\/\/redenoticiaz.com.br\/litoralsp\/#website","url":"https:\/\/redenoticiaz.com.br\/litoralsp\/","name":"Litoral SP","description":"Rede NoticiaZ","publisher":{"@id":"https:\/\/redenoticiaz.com.br\/litoralsp\/#organization"},"potentialAction":[{"@type":"SearchAction","target":{"@type":"EntryPoint","urlTemplate":"https:\/\/redenoticiaz.com.br\/litoralsp\/?s={search_term_string}"},"query-input":{"@type":"PropertyValueSpecification","valueRequired":true,"valueName":"search_term_string"}}],"inLanguage":"pt-BR"},{"@type":"Organization","@id":"https:\/\/redenoticiaz.com.br\/litoralsp\/#organization","name":"Litoral SP","url":"https:\/\/redenoticiaz.com.br\/litoralsp\/","logo":{"@type":"ImageObject","inLanguage":"pt-BR","@id":"https:\/\/redenoticiaz.com.br\/litoralsp\/#\/schema\/logo\/image\/","url":"https:\/\/redenoticiaz.com.br\/litoralsp\/wp-content\/uploads\/sites\/3\/2020\/11\/logo.jpg","contentUrl":"https:\/\/redenoticiaz.com.br\/litoralsp\/wp-content\/uploads\/sites\/3\/2020\/11\/logo.jpg","width":400,"height":250,"caption":"Litoral SP"},"image":{"@id":"https:\/\/redenoticiaz.com.br\/litoralsp\/#\/schema\/logo\/image\/"}},{"@type":"Person","@id":"https:\/\/redenoticiaz.com.br\/litoralsp\/#\/schema\/person\/0f0b8a5bdafefe82841e07ae8d81ecb3","name":"Leonardo Francisco","image":{"@type":"ImageObject","inLanguage":"pt-BR","@id":"https:\/\/secure.gravatar.com\/avatar\/a7358cb406a99b682ec6df1e77e31ae82e63601f6784e8a3df411d72b37864da?s=96&d=mm&r=g","url":"https:\/\/secure.gravatar.com\/avatar\/a7358cb406a99b682ec6df1e77e31ae82e63601f6784e8a3df411d72b37864da?s=96&d=mm&r=g","contentUrl":"https:\/\/secure.gravatar.com\/avatar\/a7358cb406a99b682ec6df1e77e31ae82e63601f6784e8a3df411d72b37864da?s=96&d=mm&r=g","caption":"Leonardo Francisco"},"url":"https:\/\/redenoticiaz.com.br\/litoralsp\/author\/leonardo-francisco"}]}},"_links":{"self":[{"href":"https:\/\/redenoticiaz.com.br\/litoralsp\/wp-json\/wp\/v2\/posts\/16727","targetHints":{"allow":["GET"]}}],"collection":[{"href":"https:\/\/redenoticiaz.com.br\/litoralsp\/wp-json\/wp\/v2\/posts"}],"about":[{"href":"https:\/\/redenoticiaz.com.br\/litoralsp\/wp-json\/wp\/v2\/types\/post"}],"author":[{"embeddable":true,"href":"https:\/\/redenoticiaz.com.br\/litoralsp\/wp-json\/wp\/v2\/users\/6"}],"replies":[{"embeddable":true,"href":"https:\/\/redenoticiaz.com.br\/litoralsp\/wp-json\/wp\/v2\/comments?post=16727"}],"version-history":[{"count":2,"href":"https:\/\/redenoticiaz.com.br\/litoralsp\/wp-json\/wp\/v2\/posts\/16727\/revisions"}],"predecessor-version":[{"id":16730,"href":"https:\/\/redenoticiaz.com.br\/litoralsp\/wp-json\/wp\/v2\/posts\/16727\/revisions\/16730"}],"wp:featuredmedia":[{"embeddable":true,"href":"https:\/\/redenoticiaz.com.br\/litoralsp\/wp-json\/wp\/v2\/media\/16728"}],"wp:attachment":[{"href":"https:\/\/redenoticiaz.com.br\/litoralsp\/wp-json\/wp\/v2\/media?parent=16727"}],"wp:term":[{"taxonomy":"category","embeddable":true,"href":"https:\/\/redenoticiaz.com.br\/litoralsp\/wp-json\/wp\/v2\/categories?post=16727"},{"taxonomy":"post_tag","embeddable":true,"href":"https:\/\/redenoticiaz.com.br\/litoralsp\/wp-json\/wp\/v2\/tags?post=16727"}],"curies":[{"name":"wp","href":"https:\/\/api.w.org\/{rel}","templated":true}]}}