{"id":16731,"date":"2021-10-18T19:20:54","date_gmt":"2021-10-18T22:20:54","guid":{"rendered":"https:\/\/redenoticiaz.com.br\/litoralsp\/?p=16731"},"modified":"2021-10-18T19:21:17","modified_gmt":"2021-10-18T22:21:17","slug":"funcionarios-de-escolas-estaduais-fazem-protesto-em-diretorias-regionais-da-baixada","status":"publish","type":"post","link":"https:\/\/redenoticiaz.com.br\/litoralsp\/2021\/10\/18\/funcionarios-de-escolas-estaduais-fazem-protesto-em-diretorias-regionais-da-baixada","title":{"rendered":"Funcion\u00e1rios de escolas estaduais fazem protesto em diretorias regionais da Baixada"},"content":{"rendered":"<p>A segunda-feira (18) ficou marcada por protestos feitos por <strong>funcion\u00e1rios da \u00e1rea administrativa de escolas estaduais<\/strong> da Baixada Santista. A manifesta\u00e7\u00e3o da categoria \u00e9 por melhores sal\u00e1rios e por um abono salarial. Al\u00e9m disso, os trabalhadores afirmam ser contra o Projeto de Lei Complementar 26\/2021, proposto pelo Governo do Estado.<\/p>\n<p>O gerente de organiza\u00e7\u00e3o escolar George Henrique, de 36 anos, explicou que o protesto ocorreu em frente \u00e0s <a href=\"https:\/\/www.educacao.sp.gov.br\/\">diretorias regionais<\/a> de Ensino de Santos e S\u00e3o Vicente. Mas tamb\u00e9m foram feitos os atos em outras partes da Capital Paulista. A concentra\u00e7\u00e3o ocorreu \u00e0s 14h.<\/p>\n<div class=\"mc-column content-text active-extra-styles \" data-block-type=\"unstyled\" data-block-weight=\"74\" data-block-id=\"4\">\n<p class=\"content-text__container \" data-track-category=\"Link no Texto\" data-track-links=\"\">&#8220;Esse protesto \u00e9 do quadro de apoio escolar, que compete aos funcion\u00e1rios do administrativo das escolas, que fazem a parte operacional, ou seja, abrir e fechar o port\u00e3o para os alunos, atender aos pais de alunos nas secretarias, os inspetores, aqueles que fazem o servi\u00e7o de hist\u00f3rico escolar, e at\u00e9 os mais complexos e burocr\u00e1ticos, como folha de pagamento, vida funcional dos professores. O cora\u00e7\u00e3o da escola est\u00e1 na parte administrativa&#8221;, afirma o gerente.<\/p>\n<h3 data-track-category=\"Link no Texto\">Justificativa<\/h3>\n<\/div>\n<div class=\"mc-column content-text active-extra-styles \" data-block-type=\"unstyled\" data-block-weight=\"67\" data-block-id=\"5\">\n<p class=\"content-text__container \" data-track-category=\"Link no Texto\" data-track-links=\"\">De acordo com Henrique, no dia 15 deste m\u00eas, Dia dos Professores, o governador Jo\u00e3o Doria (PSDB) afirmou que daria abono salarial aos professores, mas excluiu a categoria administrativa das escolas deste benef\u00edcio. &#8220;Ent\u00e3o, estamos reivindicando o abono, e tamb\u00e9m um plano de carreira melhor. E protestamos contra o Projeto de Lei Complementar 26\/2021, que ser\u00e1 votado na Alesp, e retira os poucos direitos que temos&#8221;, afirma.<\/p>\n<div class=\"mc-column content-text active-extra-styles \" data-block-type=\"unstyled\" data-block-weight=\"34\" data-block-id=\"8\">\n<p class=\"content-text__container \" data-track-category=\"Link no Texto\" data-track-links=\"\">Ainda conforme o gerente de organiza\u00e7\u00e3o escolar, a categoria trabalhou presencialmente em quase todo o per\u00edodo da pandemia, e realiza o protesto como &#8220;forma de indigna\u00e7\u00e3o pela falta de valoriza\u00e7\u00e3o de seus trabalhos&#8221;.<\/p>\n<\/div>\n<div class=\"mc-column content-text active-extra-styles \" data-block-type=\"unstyled\" data-block-weight=\"64\" data-block-id=\"9\">\n<p class=\"content-text__container \" data-track-category=\"Link no Texto\" data-track-links=\"\">&#8220;Trabalhamos presencialmente quase o ano passado inteiro, e esse ano, dando suporte para que os alunos e professores pudessem fazer o ensino remoto. Ent\u00e3o, \u00e9 totalmente inescrupuloso da parte de quem decidiu que vai dar esse abono somente aos professores. Sim, \u00e9 merecido por eles, mas tamb\u00e9m \u00e9 merecido por n\u00f3s, que somos parte t\u00e3o importante quanto eles do processo educacional&#8221;, diz o profissional.<\/p>\n<\/div>\n<div class=\"mc-column content-text active-extra-styles\" data-block-type=\"raw\" data-block-weight=\"1\" data-block-id=\"10\">\n<div class=\"content-intertitle\">\n<h2>Estado<\/h2>\n<\/div>\n<\/div>\n<div class=\"mc-column content-text active-extra-styles \" data-block-type=\"unstyled\" data-block-weight=\"53\" data-block-id=\"11\">\n<p class=\"content-text__container \" data-track-category=\"Link no Texto\" data-track-links=\"\">Em nota, a Secretaria da Educa\u00e7\u00e3o do Estado de S\u00e3o Paulo (Seduc-SP) informou que est\u00e1 ciente sobre as demandas dos agentes de organiza\u00e7\u00e3o escolar (AOEs). A pasta afirma que, no momento, a Lei Federal Complementar 173\/2020, que vigora desde maio de 2020, impede o reajuste no sal\u00e1rio dos servidores federais, estaduais e municipais.<\/p>\n<\/div>\n<div class=\"mc-column content-text active-extra-styles \" data-block-type=\"unstyled\" data-block-weight=\"56\" data-block-id=\"12\">\n<p class=\"content-text__container \" data-track-category=\"Link no Texto\" data-track-links=\"\">A Seduc-SP afirma que tem buscado todas as maneiras legais e vi\u00e1veis para melhorias da carreira desta categoria, essencial para a secretaria. Segundo a pasta, o Projeto de Lei Complementar n\u00ba 026\/2021 (PLC 26) foi enviado \u00e0 Assembleia Legislativa de S\u00e3o Paulo e prev\u00ea uma adequa\u00e7\u00e3o na carreira dos AOEs, com \u00eanfase em uma base pedag\u00f3gica.<\/p>\n<\/div>\n<div class=\"mc-column content-text active-extra-styles \" data-block-type=\"unstyled\" data-block-weight=\"77\" data-block-id=\"14\">\n<p class=\"content-text__container \" data-track-category=\"Link no Texto\" data-track-links=\"\">Segundo a pasta, isso permitir\u00e1 que, no futuro, os servidores da classe dos AOEs possam ser contemplados em a\u00e7\u00f5es da secretaria que, hoje, por conta de normativos anteriores, n\u00e3o podem participar, como o pagamento do abono e de gratifica\u00e7\u00f5es, programas para forma\u00e7\u00e3o continuada, subs\u00eddio na compra de equipamentos, entre outras. Al\u00e9m disso, alega que o projeto prev\u00ea valoriza\u00e7\u00e3o dos servidores por meio de aumento na remunera\u00e7\u00e3o a partir de 2022, uma reivindica\u00e7\u00e3o antiga e justa dos servidores.<\/p>\n<\/div>\n<div class=\"mc-column content-text active-extra-styles \" data-block-type=\"unstyled\" data-block-weight=\"45\" data-block-id=\"15\">\n<p class=\"content-text__container \" data-track-category=\"Link no Texto\" data-track-links=\"\">A secretaria afirma que est\u00e1 ativamente trabalhando para a aprova\u00e7\u00e3o do PLC 26,justamente para que seja possibilitada as a\u00e7\u00f5es descritas no intuito de reconhecer todos os profissionais que atuam em suas escolas e contribuem diariamente para a qualidade do ensino de todos os estudantes.<\/p>\n<h3 data-track-category=\"Link no Texto\">Pagamento<\/h3>\n<\/div>\n<div class=\"mc-column content-text active-extra-styles \" data-block-type=\"unstyled\" data-block-weight=\"68\" data-block-id=\"16\">\n<p class=\"content-text__container \" data-track-category=\"Link no Texto\" data-track-links=\"\">Quanto ao pagamento de abono salarial para os integrantes do Quadro do Magist\u00e9rio, anunciado no dia 15 de outubro, a Secretaria de Estado da Educa\u00e7\u00e3o esclarece que, apesar de ser motivo de grande orgulho poder apoiar os profissionais da educa\u00e7\u00e3o neste momento, n\u00e3o \u00e9 poss\u00edvel, por quest\u00f5es legais, incluir os profissionais do Quadro de Apoio Escolar (QAE) e do Quadro da Secretaria da Educa\u00e7\u00e3o (QSE) no pagamento.<\/p>\n<\/div>\n<div class=\"mc-column content-text active-extra-styles \" data-block-type=\"unstyled\" data-block-weight=\"69\" data-block-id=\"17\">\n<p class=\"content-text__container \" data-track-category=\"Link no Texto\" data-track-links=\"\">Segundo a pasta, atualmente, a Lei do Novo Fundeb (Lei 14.133, de 25 de dezembro de 2020) estipula que, no m\u00ednimo, 70% dos recursos do Fundeb devem ser utilizados para pagamento de vencimentos dos profissionais da educa\u00e7\u00e3o. Por\u00e9m, a lei limita o entendimento de profissionais da educa\u00e7\u00e3o ao previsto no Artigo 61 da Lei 9.394\/96, deixando os servidores que fazem parte do QAE e QSE fora desse entendimento.<\/p>\n<\/div>\n<div class=\"block-podcast\"><strong>LEIA TAMB\u00c9M<\/strong><\/div>\n<\/div>\n<div><\/div>\n<div><a href=\"https:\/\/redenoticiaz.com.br\/litoralsp\/2021\/10\/18\/sao-paulo-tem-retorno-obrigatorio-de-100-dos-alunos-nas-escolas\">S\u00e3o Paulo tem retorno obrigat\u00f3rio de 100% dos alunos nas escolas<\/a><\/div>\n","protected":false},"excerpt":{"rendered":"<p>A segunda-feira (18) ficou marcada por protestos feitos por funcion\u00e1rios da \u00e1rea administrativa de escolas estaduais da Baixada Santista. A manifesta\u00e7\u00e3o da categoria \u00e9 por melhores sal\u00e1rios e por um abono salarial. Al\u00e9m disso, os trabalhadores afirmam ser contra o Projeto de Lei Complementar 26\/2021, proposto pelo Governo do Estado. O gerente de organiza\u00e7\u00e3o escolar &hellip;<\/p>\n","protected":false},"author":6,"featured_media":16732,"comment_status":"open","ping_status":"closed","sticky":false,"template":"","format":"standard","meta":{"footnotes":""},"categories":[44,180,181],"tags":[38570,4481,5548,9469,986,33],"class_list":["post-16731","post","type-post","status-publish","format-standard","has-post-thumbnail","hentry","category-educacao","category-santos","category-sao-vicente","tag-diretoria-regional-de-educacao","tag-escolas-estaduais","tag-funcionarios","tag-protesto","tag-santos","tag-sao-vicente"],"yoast_head":"<!-- This site is optimized with the Yoast SEO plugin v27.5 - https:\/\/yoast.com\/product\/yoast-seo-wordpress\/ -->\n<title>Funcion\u00e1rios de escolas estaduais fazem protesto em diretorias regionais da Baixada - Litoral SP<\/title>\n<meta name=\"description\" content=\"segunda-feira (18) ficou marcada por protestos feitos por funcion\u00e1rios da \u00e1rea administrativa de escolas estaduais da Baixada Santista. A\" \/>\n<meta name=\"robots\" content=\"index, follow, max-snippet:-1, max-image-preview:large, max-video-preview:-1\" \/>\n<link rel=\"canonical\" href=\"https:\/\/redenoticiaz.com.br\/litoralsp\/2021\/10\/18\/funcionarios-de-escolas-estaduais-fazem-protesto-em-diretorias-regionais-da-baixada\" \/>\n<meta property=\"og:locale\" content=\"pt_BR\" \/>\n<meta property=\"og:type\" content=\"article\" \/>\n<meta property=\"og:title\" content=\"Funcion\u00e1rios de escolas estaduais fazem protesto em diretorias regionais da Baixada - Litoral SP\" \/>\n<meta property=\"og:description\" content=\"segunda-feira (18) ficou marcada por protestos feitos por funcion\u00e1rios da \u00e1rea administrativa de escolas estaduais da Baixada Santista. A\" \/>\n<meta property=\"og:url\" content=\"https:\/\/redenoticiaz.com.br\/litoralsp\/2021\/10\/18\/funcionarios-de-escolas-estaduais-fazem-protesto-em-diretorias-regionais-da-baixada\" \/>\n<meta property=\"og:site_name\" content=\"Litoral SP\" \/>\n<meta property=\"article:published_time\" content=\"2021-10-18T22:20:54+00:00\" \/>\n<meta property=\"article:modified_time\" content=\"2021-10-18T22:21:17+00:00\" \/>\n<meta property=\"og:image\" content=\"https:\/\/redenoticiaz.com.br\/litoralsp\/wp-content\/uploads\/sites\/3\/2021\/10\/protesto.jpeg\" \/>\n\t<meta property=\"og:image:width\" content=\"984\" \/>\n\t<meta property=\"og:image:height\" content=\"554\" \/>\n\t<meta property=\"og:image:type\" content=\"image\/jpeg\" \/>\n<meta name=\"author\" content=\"Leonardo Francisco\" \/>\n<meta name=\"twitter:card\" content=\"summary_large_image\" \/>\n<meta name=\"twitter:label1\" content=\"Escrito por\" \/>\n\t<meta name=\"twitter:data1\" content=\"Leonardo Francisco\" \/>\n\t<meta name=\"twitter:label2\" content=\"Est. tempo de leitura\" \/>\n\t<meta name=\"twitter:data2\" content=\"4 minutos\" \/>\n<script type=\"application\/ld+json\" class=\"yoast-schema-graph\">{\"@context\":\"https:\\\/\\\/schema.org\",\"@graph\":[{\"@type\":\"Article\",\"@id\":\"https:\\\/\\\/redenoticiaz.com.br\\\/litoralsp\\\/2021\\\/10\\\/18\\\/funcionarios-de-escolas-estaduais-fazem-protesto-em-diretorias-regionais-da-baixada#article\",\"isPartOf\":{\"@id\":\"https:\\\/\\\/redenoticiaz.com.br\\\/litoralsp\\\/2021\\\/10\\\/18\\\/funcionarios-de-escolas-estaduais-fazem-protesto-em-diretorias-regionais-da-baixada\"},\"author\":{\"name\":\"Leonardo Francisco\",\"@id\":\"https:\\\/\\\/redenoticiaz.com.br\\\/litoralsp\\\/#\\\/schema\\\/person\\\/0f0b8a5bdafefe82841e07ae8d81ecb3\"},\"headline\":\"Funcion\u00e1rios de escolas estaduais fazem protesto em diretorias regionais da Baixada\",\"datePublished\":\"2021-10-18T22:20:54+00:00\",\"dateModified\":\"2021-10-18T22:21:17+00:00\",\"mainEntityOfPage\":{\"@id\":\"https:\\\/\\\/redenoticiaz.com.br\\\/litoralsp\\\/2021\\\/10\\\/18\\\/funcionarios-de-escolas-estaduais-fazem-protesto-em-diretorias-regionais-da-baixada\"},\"wordCount\":760,\"commentCount\":0,\"publisher\":{\"@id\":\"https:\\\/\\\/redenoticiaz.com.br\\\/litoralsp\\\/#organization\"},\"image\":{\"@id\":\"https:\\\/\\\/redenoticiaz.com.br\\\/litoralsp\\\/2021\\\/10\\\/18\\\/funcionarios-de-escolas-estaduais-fazem-protesto-em-diretorias-regionais-da-baixada#primaryimage\"},\"thumbnailUrl\":\"https:\\\/\\\/redenoticiaz.com.br\\\/litoralsp\\\/wp-content\\\/uploads\\\/sites\\\/3\\\/2021\\\/10\\\/protesto.jpeg\",\"keywords\":[\"DIRETORIA REGIONAL DE EDUCA\u00c7\u00c3O\",\"ESCOLAS ESTADUAIS\",\"FUNCION\u00c1RIOS\",\"PROTESTO\",\"Santos\",\"S\u00e3o Vicente\"],\"articleSection\":[\"Educa\u00e7\u00e3o\",\"Santos\",\"S\u00e3o Vicente\"],\"inLanguage\":\"pt-BR\",\"potentialAction\":[{\"@type\":\"CommentAction\",\"name\":\"Comment\",\"target\":[\"https:\\\/\\\/redenoticiaz.com.br\\\/litoralsp\\\/2021\\\/10\\\/18\\\/funcionarios-de-escolas-estaduais-fazem-protesto-em-diretorias-regionais-da-baixada#respond\"]}]},{\"@type\":\"WebPage\",\"@id\":\"https:\\\/\\\/redenoticiaz.com.br\\\/litoralsp\\\/2021\\\/10\\\/18\\\/funcionarios-de-escolas-estaduais-fazem-protesto-em-diretorias-regionais-da-baixada\",\"url\":\"https:\\\/\\\/redenoticiaz.com.br\\\/litoralsp\\\/2021\\\/10\\\/18\\\/funcionarios-de-escolas-estaduais-fazem-protesto-em-diretorias-regionais-da-baixada\",\"name\":\"Funcion\u00e1rios de escolas estaduais fazem protesto em diretorias regionais da Baixada - Litoral SP\",\"isPartOf\":{\"@id\":\"https:\\\/\\\/redenoticiaz.com.br\\\/litoralsp\\\/#website\"},\"primaryImageOfPage\":{\"@id\":\"https:\\\/\\\/redenoticiaz.com.br\\\/litoralsp\\\/2021\\\/10\\\/18\\\/funcionarios-de-escolas-estaduais-fazem-protesto-em-diretorias-regionais-da-baixada#primaryimage\"},\"image\":{\"@id\":\"https:\\\/\\\/redenoticiaz.com.br\\\/litoralsp\\\/2021\\\/10\\\/18\\\/funcionarios-de-escolas-estaduais-fazem-protesto-em-diretorias-regionais-da-baixada#primaryimage\"},\"thumbnailUrl\":\"https:\\\/\\\/redenoticiaz.com.br\\\/litoralsp\\\/wp-content\\\/uploads\\\/sites\\\/3\\\/2021\\\/10\\\/protesto.jpeg\",\"datePublished\":\"2021-10-18T22:20:54+00:00\",\"dateModified\":\"2021-10-18T22:21:17+00:00\",\"description\":\"segunda-feira (18) ficou marcada por protestos feitos por funcion\u00e1rios da \u00e1rea administrativa de escolas estaduais da Baixada Santista. A\",\"inLanguage\":\"pt-BR\",\"potentialAction\":[{\"@type\":\"ReadAction\",\"target\":[\"https:\\\/\\\/redenoticiaz.com.br\\\/litoralsp\\\/2021\\\/10\\\/18\\\/funcionarios-de-escolas-estaduais-fazem-protesto-em-diretorias-regionais-da-baixada\"]}]},{\"@type\":\"ImageObject\",\"inLanguage\":\"pt-BR\",\"@id\":\"https:\\\/\\\/redenoticiaz.com.br\\\/litoralsp\\\/2021\\\/10\\\/18\\\/funcionarios-de-escolas-estaduais-fazem-protesto-em-diretorias-regionais-da-baixada#primaryimage\",\"url\":\"https:\\\/\\\/redenoticiaz.com.br\\\/litoralsp\\\/wp-content\\\/uploads\\\/sites\\\/3\\\/2021\\\/10\\\/protesto.jpeg\",\"contentUrl\":\"https:\\\/\\\/redenoticiaz.com.br\\\/litoralsp\\\/wp-content\\\/uploads\\\/sites\\\/3\\\/2021\\\/10\\\/protesto.jpeg\",\"width\":984,\"height\":554,\"caption\":\"Cr\u00e9ditos: Arquivo Pessoal.\"},{\"@type\":\"WebSite\",\"@id\":\"https:\\\/\\\/redenoticiaz.com.br\\\/litoralsp\\\/#website\",\"url\":\"https:\\\/\\\/redenoticiaz.com.br\\\/litoralsp\\\/\",\"name\":\"Litoral SP\",\"description\":\"Rede NoticiaZ\",\"publisher\":{\"@id\":\"https:\\\/\\\/redenoticiaz.com.br\\\/litoralsp\\\/#organization\"},\"potentialAction\":[{\"@type\":\"SearchAction\",\"target\":{\"@type\":\"EntryPoint\",\"urlTemplate\":\"https:\\\/\\\/redenoticiaz.com.br\\\/litoralsp\\\/?s={search_term_string}\"},\"query-input\":{\"@type\":\"PropertyValueSpecification\",\"valueRequired\":true,\"valueName\":\"search_term_string\"}}],\"inLanguage\":\"pt-BR\"},{\"@type\":\"Organization\",\"@id\":\"https:\\\/\\\/redenoticiaz.com.br\\\/litoralsp\\\/#organization\",\"name\":\"Litoral SP\",\"url\":\"https:\\\/\\\/redenoticiaz.com.br\\\/litoralsp\\\/\",\"logo\":{\"@type\":\"ImageObject\",\"inLanguage\":\"pt-BR\",\"@id\":\"https:\\\/\\\/redenoticiaz.com.br\\\/litoralsp\\\/#\\\/schema\\\/logo\\\/image\\\/\",\"url\":\"https:\\\/\\\/redenoticiaz.com.br\\\/litoralsp\\\/wp-content\\\/uploads\\\/sites\\\/3\\\/2020\\\/11\\\/logo.jpg\",\"contentUrl\":\"https:\\\/\\\/redenoticiaz.com.br\\\/litoralsp\\\/wp-content\\\/uploads\\\/sites\\\/3\\\/2020\\\/11\\\/logo.jpg\",\"width\":400,\"height\":250,\"caption\":\"Litoral SP\"},\"image\":{\"@id\":\"https:\\\/\\\/redenoticiaz.com.br\\\/litoralsp\\\/#\\\/schema\\\/logo\\\/image\\\/\"}},{\"@type\":\"Person\",\"@id\":\"https:\\\/\\\/redenoticiaz.com.br\\\/litoralsp\\\/#\\\/schema\\\/person\\\/0f0b8a5bdafefe82841e07ae8d81ecb3\",\"name\":\"Leonardo Francisco\",\"image\":{\"@type\":\"ImageObject\",\"inLanguage\":\"pt-BR\",\"@id\":\"https:\\\/\\\/secure.gravatar.com\\\/avatar\\\/a7358cb406a99b682ec6df1e77e31ae82e63601f6784e8a3df411d72b37864da?s=96&d=mm&r=g\",\"url\":\"https:\\\/\\\/secure.gravatar.com\\\/avatar\\\/a7358cb406a99b682ec6df1e77e31ae82e63601f6784e8a3df411d72b37864da?s=96&d=mm&r=g\",\"contentUrl\":\"https:\\\/\\\/secure.gravatar.com\\\/avatar\\\/a7358cb406a99b682ec6df1e77e31ae82e63601f6784e8a3df411d72b37864da?s=96&d=mm&r=g\",\"caption\":\"Leonardo Francisco\"},\"url\":\"https:\\\/\\\/redenoticiaz.com.br\\\/litoralsp\\\/author\\\/leonardo-francisco\"}]}<\/script>\n<!-- \/ Yoast SEO plugin. -->","yoast_head_json":{"title":"Funcion\u00e1rios de escolas estaduais fazem protesto em diretorias regionais da Baixada - Litoral SP","description":"segunda-feira (18) ficou marcada por protestos feitos por funcion\u00e1rios da \u00e1rea administrativa de escolas estaduais da Baixada Santista. A","robots":{"index":"index","follow":"follow","max-snippet":"max-snippet:-1","max-image-preview":"max-image-preview:large","max-video-preview":"max-video-preview:-1"},"canonical":"https:\/\/redenoticiaz.com.br\/litoralsp\/2021\/10\/18\/funcionarios-de-escolas-estaduais-fazem-protesto-em-diretorias-regionais-da-baixada","og_locale":"pt_BR","og_type":"article","og_title":"Funcion\u00e1rios de escolas estaduais fazem protesto em diretorias regionais da Baixada - Litoral SP","og_description":"segunda-feira (18) ficou marcada por protestos feitos por funcion\u00e1rios da \u00e1rea administrativa de escolas estaduais da Baixada Santista. A","og_url":"https:\/\/redenoticiaz.com.br\/litoralsp\/2021\/10\/18\/funcionarios-de-escolas-estaduais-fazem-protesto-em-diretorias-regionais-da-baixada","og_site_name":"Litoral SP","article_published_time":"2021-10-18T22:20:54+00:00","article_modified_time":"2021-10-18T22:21:17+00:00","og_image":[{"width":984,"height":554,"url":"https:\/\/redenoticiaz.com.br\/litoralsp\/wp-content\/uploads\/sites\/3\/2021\/10\/protesto.jpeg","type":"image\/jpeg"}],"author":"Leonardo Francisco","twitter_card":"summary_large_image","twitter_misc":{"Escrito por":"Leonardo Francisco","Est. tempo de leitura":"4 minutos"},"schema":{"@context":"https:\/\/schema.org","@graph":[{"@type":"Article","@id":"https:\/\/redenoticiaz.com.br\/litoralsp\/2021\/10\/18\/funcionarios-de-escolas-estaduais-fazem-protesto-em-diretorias-regionais-da-baixada#article","isPartOf":{"@id":"https:\/\/redenoticiaz.com.br\/litoralsp\/2021\/10\/18\/funcionarios-de-escolas-estaduais-fazem-protesto-em-diretorias-regionais-da-baixada"},"author":{"name":"Leonardo Francisco","@id":"https:\/\/redenoticiaz.com.br\/litoralsp\/#\/schema\/person\/0f0b8a5bdafefe82841e07ae8d81ecb3"},"headline":"Funcion\u00e1rios de escolas estaduais fazem protesto em diretorias regionais da Baixada","datePublished":"2021-10-18T22:20:54+00:00","dateModified":"2021-10-18T22:21:17+00:00","mainEntityOfPage":{"@id":"https:\/\/redenoticiaz.com.br\/litoralsp\/2021\/10\/18\/funcionarios-de-escolas-estaduais-fazem-protesto-em-diretorias-regionais-da-baixada"},"wordCount":760,"commentCount":0,"publisher":{"@id":"https:\/\/redenoticiaz.com.br\/litoralsp\/#organization"},"image":{"@id":"https:\/\/redenoticiaz.com.br\/litoralsp\/2021\/10\/18\/funcionarios-de-escolas-estaduais-fazem-protesto-em-diretorias-regionais-da-baixada#primaryimage"},"thumbnailUrl":"https:\/\/redenoticiaz.com.br\/litoralsp\/wp-content\/uploads\/sites\/3\/2021\/10\/protesto.jpeg","keywords":["DIRETORIA REGIONAL DE EDUCA\u00c7\u00c3O","ESCOLAS ESTADUAIS","FUNCION\u00c1RIOS","PROTESTO","Santos","S\u00e3o Vicente"],"articleSection":["Educa\u00e7\u00e3o","Santos","S\u00e3o Vicente"],"inLanguage":"pt-BR","potentialAction":[{"@type":"CommentAction","name":"Comment","target":["https:\/\/redenoticiaz.com.br\/litoralsp\/2021\/10\/18\/funcionarios-de-escolas-estaduais-fazem-protesto-em-diretorias-regionais-da-baixada#respond"]}]},{"@type":"WebPage","@id":"https:\/\/redenoticiaz.com.br\/litoralsp\/2021\/10\/18\/funcionarios-de-escolas-estaduais-fazem-protesto-em-diretorias-regionais-da-baixada","url":"https:\/\/redenoticiaz.com.br\/litoralsp\/2021\/10\/18\/funcionarios-de-escolas-estaduais-fazem-protesto-em-diretorias-regionais-da-baixada","name":"Funcion\u00e1rios de escolas estaduais fazem protesto em diretorias regionais da Baixada - Litoral SP","isPartOf":{"@id":"https:\/\/redenoticiaz.com.br\/litoralsp\/#website"},"primaryImageOfPage":{"@id":"https:\/\/redenoticiaz.com.br\/litoralsp\/2021\/10\/18\/funcionarios-de-escolas-estaduais-fazem-protesto-em-diretorias-regionais-da-baixada#primaryimage"},"image":{"@id":"https:\/\/redenoticiaz.com.br\/litoralsp\/2021\/10\/18\/funcionarios-de-escolas-estaduais-fazem-protesto-em-diretorias-regionais-da-baixada#primaryimage"},"thumbnailUrl":"https:\/\/redenoticiaz.com.br\/litoralsp\/wp-content\/uploads\/sites\/3\/2021\/10\/protesto.jpeg","datePublished":"2021-10-18T22:20:54+00:00","dateModified":"2021-10-18T22:21:17+00:00","description":"segunda-feira (18) ficou marcada por protestos feitos por funcion\u00e1rios da \u00e1rea administrativa de escolas estaduais da Baixada Santista. A","inLanguage":"pt-BR","potentialAction":[{"@type":"ReadAction","target":["https:\/\/redenoticiaz.com.br\/litoralsp\/2021\/10\/18\/funcionarios-de-escolas-estaduais-fazem-protesto-em-diretorias-regionais-da-baixada"]}]},{"@type":"ImageObject","inLanguage":"pt-BR","@id":"https:\/\/redenoticiaz.com.br\/litoralsp\/2021\/10\/18\/funcionarios-de-escolas-estaduais-fazem-protesto-em-diretorias-regionais-da-baixada#primaryimage","url":"https:\/\/redenoticiaz.com.br\/litoralsp\/wp-content\/uploads\/sites\/3\/2021\/10\/protesto.jpeg","contentUrl":"https:\/\/redenoticiaz.com.br\/litoralsp\/wp-content\/uploads\/sites\/3\/2021\/10\/protesto.jpeg","width":984,"height":554,"caption":"Cr\u00e9ditos: Arquivo Pessoal."},{"@type":"WebSite","@id":"https:\/\/redenoticiaz.com.br\/litoralsp\/#website","url":"https:\/\/redenoticiaz.com.br\/litoralsp\/","name":"Litoral SP","description":"Rede NoticiaZ","publisher":{"@id":"https:\/\/redenoticiaz.com.br\/litoralsp\/#organization"},"potentialAction":[{"@type":"SearchAction","target":{"@type":"EntryPoint","urlTemplate":"https:\/\/redenoticiaz.com.br\/litoralsp\/?s={search_term_string}"},"query-input":{"@type":"PropertyValueSpecification","valueRequired":true,"valueName":"search_term_string"}}],"inLanguage":"pt-BR"},{"@type":"Organization","@id":"https:\/\/redenoticiaz.com.br\/litoralsp\/#organization","name":"Litoral SP","url":"https:\/\/redenoticiaz.com.br\/litoralsp\/","logo":{"@type":"ImageObject","inLanguage":"pt-BR","@id":"https:\/\/redenoticiaz.com.br\/litoralsp\/#\/schema\/logo\/image\/","url":"https:\/\/redenoticiaz.com.br\/litoralsp\/wp-content\/uploads\/sites\/3\/2020\/11\/logo.jpg","contentUrl":"https:\/\/redenoticiaz.com.br\/litoralsp\/wp-content\/uploads\/sites\/3\/2020\/11\/logo.jpg","width":400,"height":250,"caption":"Litoral SP"},"image":{"@id":"https:\/\/redenoticiaz.com.br\/litoralsp\/#\/schema\/logo\/image\/"}},{"@type":"Person","@id":"https:\/\/redenoticiaz.com.br\/litoralsp\/#\/schema\/person\/0f0b8a5bdafefe82841e07ae8d81ecb3","name":"Leonardo Francisco","image":{"@type":"ImageObject","inLanguage":"pt-BR","@id":"https:\/\/secure.gravatar.com\/avatar\/a7358cb406a99b682ec6df1e77e31ae82e63601f6784e8a3df411d72b37864da?s=96&d=mm&r=g","url":"https:\/\/secure.gravatar.com\/avatar\/a7358cb406a99b682ec6df1e77e31ae82e63601f6784e8a3df411d72b37864da?s=96&d=mm&r=g","contentUrl":"https:\/\/secure.gravatar.com\/avatar\/a7358cb406a99b682ec6df1e77e31ae82e63601f6784e8a3df411d72b37864da?s=96&d=mm&r=g","caption":"Leonardo Francisco"},"url":"https:\/\/redenoticiaz.com.br\/litoralsp\/author\/leonardo-francisco"}]}},"_links":{"self":[{"href":"https:\/\/redenoticiaz.com.br\/litoralsp\/wp-json\/wp\/v2\/posts\/16731","targetHints":{"allow":["GET"]}}],"collection":[{"href":"https:\/\/redenoticiaz.com.br\/litoralsp\/wp-json\/wp\/v2\/posts"}],"about":[{"href":"https:\/\/redenoticiaz.com.br\/litoralsp\/wp-json\/wp\/v2\/types\/post"}],"author":[{"embeddable":true,"href":"https:\/\/redenoticiaz.com.br\/litoralsp\/wp-json\/wp\/v2\/users\/6"}],"replies":[{"embeddable":true,"href":"https:\/\/redenoticiaz.com.br\/litoralsp\/wp-json\/wp\/v2\/comments?post=16731"}],"version-history":[{"count":1,"href":"https:\/\/redenoticiaz.com.br\/litoralsp\/wp-json\/wp\/v2\/posts\/16731\/revisions"}],"predecessor-version":[{"id":16733,"href":"https:\/\/redenoticiaz.com.br\/litoralsp\/wp-json\/wp\/v2\/posts\/16731\/revisions\/16733"}],"wp:featuredmedia":[{"embeddable":true,"href":"https:\/\/redenoticiaz.com.br\/litoralsp\/wp-json\/wp\/v2\/media\/16732"}],"wp:attachment":[{"href":"https:\/\/redenoticiaz.com.br\/litoralsp\/wp-json\/wp\/v2\/media?parent=16731"}],"wp:term":[{"taxonomy":"category","embeddable":true,"href":"https:\/\/redenoticiaz.com.br\/litoralsp\/wp-json\/wp\/v2\/categories?post=16731"},{"taxonomy":"post_tag","embeddable":true,"href":"https:\/\/redenoticiaz.com.br\/litoralsp\/wp-json\/wp\/v2\/tags?post=16731"}],"curies":[{"name":"wp","href":"https:\/\/api.w.org\/{rel}","templated":true}]}}