{"id":16734,"date":"2021-10-18T19:46:08","date_gmt":"2021-10-18T22:46:08","guid":{"rendered":"https:\/\/redenoticiaz.com.br\/litoralsp\/?p=16734"},"modified":"2021-10-18T19:46:42","modified_gmt":"2021-10-18T22:46:42","slug":"analise-do-pedido-impeachment-do-prefeito-de-guaruja-vai-continuar","status":"publish","type":"post","link":"https:\/\/redenoticiaz.com.br\/litoralsp\/2021\/10\/18\/analise-do-pedido-impeachment-do-prefeito-de-guaruja-vai-continuar","title":{"rendered":"An\u00e1lise do pedido impeachment do prefeito de Guaruj\u00e1 vai continuar"},"content":{"rendered":"<p>O caso do <strong>pedido de impeachment<\/strong> do prefeito de <a href=\"https:\/\/www.guaruja.sp.gov.br\/\">Guaruj\u00e1<\/a>, V\u00e1lter Suman (PSDB) ter\u00e1 prosseguimento do processo, informa a Comiss\u00e3o Processante. A defesa pr\u00e9via do Chefe do Executivo foi feita e a comiss\u00e3o entendeu que n\u00e3o h\u00e1 elementos suficientes para arquivar o processo de cassa\u00e7\u00e3o.<\/p>\n<div class=\"wall protected-content\">\n<div class=\"mc-column content-text active-extra-styles \" data-block-type=\"unstyled\" data-block-weight=\"52\" data-block-id=\"3\">\n<p class=\"content-text__container \" data-track-category=\"Link no Texto\" data-track-links=\"\">O pedido de impeachment ocorreu ap\u00f3s o prefeito ser preso, junto com o secret\u00e1rio de Educa\u00e7\u00e3o, Marcelo Nicolau, em uma opera\u00e7\u00e3o realizada pela Pol\u00edcia Federal, no dia 15 de setembro. Ele \u00e9 investigado por suspeita de envolvimento em um esquema de desvio de dinheiro na rede p\u00fablica de sa\u00fade.<\/p>\n<figure id=\"attachment_16735\" aria-describedby=\"caption-attachment-16735\" style=\"width: 300px\" class=\"wp-caption alignleft\"><img loading=\"lazy\" decoding=\"async\" class=\"size-medium wp-image-16735\" src=\"https:\/\/redenoticiaz.com.br\/litoralsp\/wp-content\/uploads\/sites\/3\/2021\/10\/comissao-camara-300x169.jpeg\" alt=\"\" width=\"300\" height=\"169\" srcset=\"https:\/\/redenoticiaz.com.br\/litoralsp\/wp-content\/uploads\/sites\/3\/2021\/10\/comissao-camara-300x169.jpeg 300w, https:\/\/redenoticiaz.com.br\/litoralsp\/wp-content\/uploads\/sites\/3\/2021\/10\/comissao-camara-768x432.jpeg 768w, https:\/\/redenoticiaz.com.br\/litoralsp\/wp-content\/uploads\/sites\/3\/2021\/10\/comissao-camara-390x220.jpeg 390w, https:\/\/redenoticiaz.com.br\/litoralsp\/wp-content\/uploads\/sites\/3\/2021\/10\/comissao-camara.jpeg 984w\" sizes=\"auto, (max-width: 300px) 100vw, 300px\" \/><figcaption id=\"caption-attachment-16735\" class=\"wp-caption-text\">An\u00e1lises ainda ser\u00e3o feitas. Cr\u00e9ditos: Reprodu\u00e7\u00e3o\/G1 Santos<\/figcaption><\/figure>\n<p data-track-category=\"Link no Texto\" data-track-links=\"\">A reuni\u00e3o da comiss\u00e3o ocorreu durante a tarde, na C\u00e2mara Municipal, e contou com a presen\u00e7a dos tr\u00eas membros. S\u00e3o eles: Fernando Martins dos Santos (MDB), que \u00e9 o presidente, Juninho Eroso (PP), o relator, e Sirana Bosonkian (PTB), membro. A Comiss\u00e3o Processante emitiu o parecer ap\u00f3s an\u00e1lise da defesa pr\u00e9via apresentada no \u00faltimo dia 13.<\/p>\n<div class=\"mc-column content-text active-extra-styles \" data-block-type=\"unstyled\" data-block-weight=\"43\" data-block-id=\"8\">\n<p class=\"content-text__container \" data-track-category=\"Link no Texto\" data-track-links=\"\">A C\u00e2mara Municipal informou que a comiss\u00e3o decidiu pelo prosseguimento da an\u00e1lise do pedido de impeachment, entendendo n\u00e3o haver elementos suficientes para o pedido de arquivamento trazido pela defesa. Agora, ser\u00e3o determinadas as dilig\u00eancias e oitivas, que ser\u00e3o realizadas no decorrer do processo.<\/p>\n<\/div>\n<\/div>\n<\/div>\n<h3><span style=\"font-size: 22px;font-weight: bold\">Comiss\u00e3o Processante<\/span><\/h3>\n<div><\/div>\n<div class=\"wall protected-content\">\n<div class=\"mc-column content-text active-extra-styles \" data-block-type=\"unstyled\" data-block-weight=\"52\" data-block-id=\"3\">\n<div class=\"mc-column content-text active-extra-styles \" data-block-type=\"unstyled\" data-block-weight=\"43\" data-block-id=\"8\">\n<div class=\"mid-mc-placeholder\">No dia 23 de setembro, aconteceu a primeira sess\u00e3o da Comiss\u00e3o Processante que analisa o pedido de impeachment. Essa primeira reuni\u00e3o aconteceu no plen\u00e1rio da C\u00e2mara, ap\u00f3s ser aprovado por unanimidade\u00a0o pedido de destitui\u00e7\u00e3o do cargo do prefeito,\u00a0protocolado pelo Partido Democr\u00e1tico Trabalhista (PDT).<\/div>\n<div><\/div>\n<\/div>\n<div class=\"mc-column content-text active-extra-styles \" data-block-type=\"unstyled\" data-block-weight=\"72\" data-block-id=\"11\">\n<p class=\"content-text__container \" data-track-category=\"Link no Texto\" data-track-links=\"\">Com a defini\u00e7\u00e3o, um documento foi confeccionado, apontando todas as den\u00fancias contra Suman. Por dois dias,\u00a0a comiss\u00e3o tentou localizar o prefeito\u00a0para entregar a intima\u00e7\u00e3o, no Pa\u00e7o Municipal, onde ele n\u00e3o foi encontrado.<\/p>\n<p class=\"content-text__container \" data-track-category=\"Link no Texto\" data-track-links=\"\">O prefeito foi intimado no dia 30 e teve\u00a0dez dias \u00fateis\u00a0para apresentar a defesa pr\u00e9via e apontar dez testemunhas de defesa, caso ache necess\u00e1rio. Ap\u00f3s ser localizado, ele apresentou a defesa, que foi analisada pela comiss\u00e3o.<\/p>\n<p data-track-category=\"Link no Texto\" data-track-links=\"\"><strong>LEIA TAMB\u00c9M<\/strong><\/p>\n<p data-track-category=\"Link no Texto\" data-track-links=\"\"><a href=\"https:\/\/redenoticiaz.com.br\/litoralsp\/2021\/10\/14\/prefeito-de-guaruja-protocola-defesa-contra-impeachment-na-camara-municipal\">Prefeito de Guaruj\u00e1 protocola defesa contra impeachment na C\u00e2mara Municipal<\/a><\/p>\n<\/div>\n<\/div>\n<\/div>\n","protected":false},"excerpt":{"rendered":"<p>O caso do pedido de impeachment do prefeito de Guaruj\u00e1, V\u00e1lter Suman (PSDB) ter\u00e1 prosseguimento do processo, informa a Comiss\u00e3o Processante. A defesa pr\u00e9via do Chefe do Executivo foi feita e a comiss\u00e3o entendeu que n\u00e3o h\u00e1 elementos suficientes para arquivar o processo de cassa\u00e7\u00e3o. O pedido de impeachment ocorreu ap\u00f3s o prefeito ser preso, &hellip;<\/p>\n","protected":false},"author":6,"featured_media":16736,"comment_status":"open","ping_status":"closed","sticky":false,"template":"","format":"standard","meta":{"footnotes":""},"categories":[187,22,15],"tags":[35109,35334,1006,30733,1007],"class_list":["post-16734","post","type-post","status-publish","format-standard","has-post-thumbnail","hentry","category-guaruja","category-justica","category-politica","tag-camara-municipal-de-guaruja","tag-comissao-processante","tag-guaruja","tag-pedido-de-impeachment","tag-valter-suman"],"yoast_head":"<!-- This site is optimized with the Yoast SEO plugin v27.5 - https:\/\/yoast.com\/product\/yoast-seo-wordpress\/ -->\n<title>An\u00e1lise do pedido impeachment do prefeito de Guaruj\u00e1 vai continuar - Litoral SP<\/title>\n<meta name=\"description\" content=\"O caso do pedido de impeachment do prefeito de Guaruj\u00e1, V\u00e1lter Suman (PSDB) ter\u00e1 prosseguimento do processo, informa\" \/>\n<meta name=\"robots\" content=\"index, follow, max-snippet:-1, max-image-preview:large, max-video-preview:-1\" \/>\n<link rel=\"canonical\" href=\"https:\/\/redenoticiaz.com.br\/litoralsp\/2021\/10\/18\/analise-do-pedido-impeachment-do-prefeito-de-guaruja-vai-continuar\" \/>\n<meta property=\"og:locale\" content=\"pt_BR\" \/>\n<meta property=\"og:type\" content=\"article\" \/>\n<meta property=\"og:title\" content=\"An\u00e1lise do pedido impeachment do prefeito de Guaruj\u00e1 vai continuar - Litoral SP\" \/>\n<meta property=\"og:description\" content=\"O caso do pedido de impeachment do prefeito de Guaruj\u00e1, V\u00e1lter Suman (PSDB) ter\u00e1 prosseguimento do processo, informa\" \/>\n<meta property=\"og:url\" content=\"https:\/\/redenoticiaz.com.br\/litoralsp\/2021\/10\/18\/analise-do-pedido-impeachment-do-prefeito-de-guaruja-vai-continuar\" \/>\n<meta property=\"og:site_name\" content=\"Litoral SP\" \/>\n<meta property=\"article:published_time\" content=\"2021-10-18T22:46:08+00:00\" \/>\n<meta property=\"article:modified_time\" content=\"2021-10-18T22:46:42+00:00\" \/>\n<meta property=\"og:image\" content=\"https:\/\/redenoticiaz.com.br\/litoralsp\/wp-content\/uploads\/sites\/3\/2021\/10\/suman-2-1.jpeg\" \/>\n\t<meta property=\"og:image:width\" content=\"984\" \/>\n\t<meta property=\"og:image:height\" content=\"656\" \/>\n\t<meta property=\"og:image:type\" content=\"image\/jpeg\" \/>\n<meta name=\"author\" content=\"Leonardo Francisco\" \/>\n<meta name=\"twitter:card\" content=\"summary_large_image\" \/>\n<meta name=\"twitter:label1\" content=\"Escrito por\" \/>\n\t<meta name=\"twitter:data1\" content=\"Leonardo Francisco\" \/>\n\t<meta name=\"twitter:label2\" content=\"Est. tempo de leitura\" \/>\n\t<meta name=\"twitter:data2\" content=\"2 minutos\" \/>\n<script type=\"application\/ld+json\" class=\"yoast-schema-graph\">{\"@context\":\"https:\\\/\\\/schema.org\",\"@graph\":[{\"@type\":\"Article\",\"@id\":\"https:\\\/\\\/redenoticiaz.com.br\\\/litoralsp\\\/2021\\\/10\\\/18\\\/analise-do-pedido-impeachment-do-prefeito-de-guaruja-vai-continuar#article\",\"isPartOf\":{\"@id\":\"https:\\\/\\\/redenoticiaz.com.br\\\/litoralsp\\\/2021\\\/10\\\/18\\\/analise-do-pedido-impeachment-do-prefeito-de-guaruja-vai-continuar\"},\"author\":{\"name\":\"Leonardo Francisco\",\"@id\":\"https:\\\/\\\/redenoticiaz.com.br\\\/litoralsp\\\/#\\\/schema\\\/person\\\/0f0b8a5bdafefe82841e07ae8d81ecb3\"},\"headline\":\"An\u00e1lise do pedido impeachment do prefeito de Guaruj\u00e1 vai continuar\",\"datePublished\":\"2021-10-18T22:46:08+00:00\",\"dateModified\":\"2021-10-18T22:46:42+00:00\",\"mainEntityOfPage\":{\"@id\":\"https:\\\/\\\/redenoticiaz.com.br\\\/litoralsp\\\/2021\\\/10\\\/18\\\/analise-do-pedido-impeachment-do-prefeito-de-guaruja-vai-continuar\"},\"wordCount\":399,\"commentCount\":0,\"publisher\":{\"@id\":\"https:\\\/\\\/redenoticiaz.com.br\\\/litoralsp\\\/#organization\"},\"image\":{\"@id\":\"https:\\\/\\\/redenoticiaz.com.br\\\/litoralsp\\\/2021\\\/10\\\/18\\\/analise-do-pedido-impeachment-do-prefeito-de-guaruja-vai-continuar#primaryimage\"},\"thumbnailUrl\":\"https:\\\/\\\/redenoticiaz.com.br\\\/litoralsp\\\/wp-content\\\/uploads\\\/sites\\\/3\\\/2021\\\/10\\\/suman-2-1.jpeg\",\"keywords\":[\"C\u00c2MARA MUNICIPAL DE GUARUJ\u00c1\",\"COMISS\u00c3O PROCESSANTE\",\"GUARUJ\u00c1\",\"PEDIDO DE IMPEACHMENT\",\"V\u00c1LTER SUMAN\"],\"articleSection\":[\"Guaruj\u00e1\",\"Justi\u00e7a\",\"Pol\u00edtica\"],\"inLanguage\":\"pt-BR\",\"potentialAction\":[{\"@type\":\"CommentAction\",\"name\":\"Comment\",\"target\":[\"https:\\\/\\\/redenoticiaz.com.br\\\/litoralsp\\\/2021\\\/10\\\/18\\\/analise-do-pedido-impeachment-do-prefeito-de-guaruja-vai-continuar#respond\"]}]},{\"@type\":\"WebPage\",\"@id\":\"https:\\\/\\\/redenoticiaz.com.br\\\/litoralsp\\\/2021\\\/10\\\/18\\\/analise-do-pedido-impeachment-do-prefeito-de-guaruja-vai-continuar\",\"url\":\"https:\\\/\\\/redenoticiaz.com.br\\\/litoralsp\\\/2021\\\/10\\\/18\\\/analise-do-pedido-impeachment-do-prefeito-de-guaruja-vai-continuar\",\"name\":\"An\u00e1lise do pedido impeachment do prefeito de Guaruj\u00e1 vai continuar - Litoral SP\",\"isPartOf\":{\"@id\":\"https:\\\/\\\/redenoticiaz.com.br\\\/litoralsp\\\/#website\"},\"primaryImageOfPage\":{\"@id\":\"https:\\\/\\\/redenoticiaz.com.br\\\/litoralsp\\\/2021\\\/10\\\/18\\\/analise-do-pedido-impeachment-do-prefeito-de-guaruja-vai-continuar#primaryimage\"},\"image\":{\"@id\":\"https:\\\/\\\/redenoticiaz.com.br\\\/litoralsp\\\/2021\\\/10\\\/18\\\/analise-do-pedido-impeachment-do-prefeito-de-guaruja-vai-continuar#primaryimage\"},\"thumbnailUrl\":\"https:\\\/\\\/redenoticiaz.com.br\\\/litoralsp\\\/wp-content\\\/uploads\\\/sites\\\/3\\\/2021\\\/10\\\/suman-2-1.jpeg\",\"datePublished\":\"2021-10-18T22:46:08+00:00\",\"dateModified\":\"2021-10-18T22:46:42+00:00\",\"description\":\"O caso do pedido de impeachment do prefeito de Guaruj\u00e1, V\u00e1lter Suman (PSDB) ter\u00e1 prosseguimento do processo, informa\",\"inLanguage\":\"pt-BR\",\"potentialAction\":[{\"@type\":\"ReadAction\",\"target\":[\"https:\\\/\\\/redenoticiaz.com.br\\\/litoralsp\\\/2021\\\/10\\\/18\\\/analise-do-pedido-impeachment-do-prefeito-de-guaruja-vai-continuar\"]}]},{\"@type\":\"ImageObject\",\"inLanguage\":\"pt-BR\",\"@id\":\"https:\\\/\\\/redenoticiaz.com.br\\\/litoralsp\\\/2021\\\/10\\\/18\\\/analise-do-pedido-impeachment-do-prefeito-de-guaruja-vai-continuar#primaryimage\",\"url\":\"https:\\\/\\\/redenoticiaz.com.br\\\/litoralsp\\\/wp-content\\\/uploads\\\/sites\\\/3\\\/2021\\\/10\\\/suman-2-1.jpeg\",\"contentUrl\":\"https:\\\/\\\/redenoticiaz.com.br\\\/litoralsp\\\/wp-content\\\/uploads\\\/sites\\\/3\\\/2021\\\/10\\\/suman-2-1.jpeg\",\"width\":984,\"height\":656,\"caption\":\"Prefeito corre o risco de deixar o cargo. Cr\u00e9ditos: Reprodu\u00e7\u00e3o.\"},{\"@type\":\"WebSite\",\"@id\":\"https:\\\/\\\/redenoticiaz.com.br\\\/litoralsp\\\/#website\",\"url\":\"https:\\\/\\\/redenoticiaz.com.br\\\/litoralsp\\\/\",\"name\":\"Litoral SP\",\"description\":\"Rede NoticiaZ\",\"publisher\":{\"@id\":\"https:\\\/\\\/redenoticiaz.com.br\\\/litoralsp\\\/#organization\"},\"potentialAction\":[{\"@type\":\"SearchAction\",\"target\":{\"@type\":\"EntryPoint\",\"urlTemplate\":\"https:\\\/\\\/redenoticiaz.com.br\\\/litoralsp\\\/?s={search_term_string}\"},\"query-input\":{\"@type\":\"PropertyValueSpecification\",\"valueRequired\":true,\"valueName\":\"search_term_string\"}}],\"inLanguage\":\"pt-BR\"},{\"@type\":\"Organization\",\"@id\":\"https:\\\/\\\/redenoticiaz.com.br\\\/litoralsp\\\/#organization\",\"name\":\"Litoral SP\",\"url\":\"https:\\\/\\\/redenoticiaz.com.br\\\/litoralsp\\\/\",\"logo\":{\"@type\":\"ImageObject\",\"inLanguage\":\"pt-BR\",\"@id\":\"https:\\\/\\\/redenoticiaz.com.br\\\/litoralsp\\\/#\\\/schema\\\/logo\\\/image\\\/\",\"url\":\"https:\\\/\\\/redenoticiaz.com.br\\\/litoralsp\\\/wp-content\\\/uploads\\\/sites\\\/3\\\/2020\\\/11\\\/logo.jpg\",\"contentUrl\":\"https:\\\/\\\/redenoticiaz.com.br\\\/litoralsp\\\/wp-content\\\/uploads\\\/sites\\\/3\\\/2020\\\/11\\\/logo.jpg\",\"width\":400,\"height\":250,\"caption\":\"Litoral SP\"},\"image\":{\"@id\":\"https:\\\/\\\/redenoticiaz.com.br\\\/litoralsp\\\/#\\\/schema\\\/logo\\\/image\\\/\"}},{\"@type\":\"Person\",\"@id\":\"https:\\\/\\\/redenoticiaz.com.br\\\/litoralsp\\\/#\\\/schema\\\/person\\\/0f0b8a5bdafefe82841e07ae8d81ecb3\",\"name\":\"Leonardo Francisco\",\"image\":{\"@type\":\"ImageObject\",\"inLanguage\":\"pt-BR\",\"@id\":\"https:\\\/\\\/secure.gravatar.com\\\/avatar\\\/a7358cb406a99b682ec6df1e77e31ae82e63601f6784e8a3df411d72b37864da?s=96&d=mm&r=g\",\"url\":\"https:\\\/\\\/secure.gravatar.com\\\/avatar\\\/a7358cb406a99b682ec6df1e77e31ae82e63601f6784e8a3df411d72b37864da?s=96&d=mm&r=g\",\"contentUrl\":\"https:\\\/\\\/secure.gravatar.com\\\/avatar\\\/a7358cb406a99b682ec6df1e77e31ae82e63601f6784e8a3df411d72b37864da?s=96&d=mm&r=g\",\"caption\":\"Leonardo Francisco\"},\"url\":\"https:\\\/\\\/redenoticiaz.com.br\\\/litoralsp\\\/author\\\/leonardo-francisco\"}]}<\/script>\n<!-- \/ Yoast SEO plugin. -->","yoast_head_json":{"title":"An\u00e1lise do pedido impeachment do prefeito de Guaruj\u00e1 vai continuar - Litoral SP","description":"O caso do pedido de impeachment do prefeito de Guaruj\u00e1, V\u00e1lter Suman (PSDB) ter\u00e1 prosseguimento do processo, informa","robots":{"index":"index","follow":"follow","max-snippet":"max-snippet:-1","max-image-preview":"max-image-preview:large","max-video-preview":"max-video-preview:-1"},"canonical":"https:\/\/redenoticiaz.com.br\/litoralsp\/2021\/10\/18\/analise-do-pedido-impeachment-do-prefeito-de-guaruja-vai-continuar","og_locale":"pt_BR","og_type":"article","og_title":"An\u00e1lise do pedido impeachment do prefeito de Guaruj\u00e1 vai continuar - Litoral SP","og_description":"O caso do pedido de impeachment do prefeito de Guaruj\u00e1, V\u00e1lter Suman (PSDB) ter\u00e1 prosseguimento do processo, informa","og_url":"https:\/\/redenoticiaz.com.br\/litoralsp\/2021\/10\/18\/analise-do-pedido-impeachment-do-prefeito-de-guaruja-vai-continuar","og_site_name":"Litoral SP","article_published_time":"2021-10-18T22:46:08+00:00","article_modified_time":"2021-10-18T22:46:42+00:00","og_image":[{"width":984,"height":656,"url":"https:\/\/redenoticiaz.com.br\/litoralsp\/wp-content\/uploads\/sites\/3\/2021\/10\/suman-2-1.jpeg","type":"image\/jpeg"}],"author":"Leonardo Francisco","twitter_card":"summary_large_image","twitter_misc":{"Escrito por":"Leonardo Francisco","Est. tempo de leitura":"2 minutos"},"schema":{"@context":"https:\/\/schema.org","@graph":[{"@type":"Article","@id":"https:\/\/redenoticiaz.com.br\/litoralsp\/2021\/10\/18\/analise-do-pedido-impeachment-do-prefeito-de-guaruja-vai-continuar#article","isPartOf":{"@id":"https:\/\/redenoticiaz.com.br\/litoralsp\/2021\/10\/18\/analise-do-pedido-impeachment-do-prefeito-de-guaruja-vai-continuar"},"author":{"name":"Leonardo Francisco","@id":"https:\/\/redenoticiaz.com.br\/litoralsp\/#\/schema\/person\/0f0b8a5bdafefe82841e07ae8d81ecb3"},"headline":"An\u00e1lise do pedido impeachment do prefeito de Guaruj\u00e1 vai continuar","datePublished":"2021-10-18T22:46:08+00:00","dateModified":"2021-10-18T22:46:42+00:00","mainEntityOfPage":{"@id":"https:\/\/redenoticiaz.com.br\/litoralsp\/2021\/10\/18\/analise-do-pedido-impeachment-do-prefeito-de-guaruja-vai-continuar"},"wordCount":399,"commentCount":0,"publisher":{"@id":"https:\/\/redenoticiaz.com.br\/litoralsp\/#organization"},"image":{"@id":"https:\/\/redenoticiaz.com.br\/litoralsp\/2021\/10\/18\/analise-do-pedido-impeachment-do-prefeito-de-guaruja-vai-continuar#primaryimage"},"thumbnailUrl":"https:\/\/redenoticiaz.com.br\/litoralsp\/wp-content\/uploads\/sites\/3\/2021\/10\/suman-2-1.jpeg","keywords":["C\u00c2MARA MUNICIPAL DE GUARUJ\u00c1","COMISS\u00c3O PROCESSANTE","GUARUJ\u00c1","PEDIDO DE IMPEACHMENT","V\u00c1LTER SUMAN"],"articleSection":["Guaruj\u00e1","Justi\u00e7a","Pol\u00edtica"],"inLanguage":"pt-BR","potentialAction":[{"@type":"CommentAction","name":"Comment","target":["https:\/\/redenoticiaz.com.br\/litoralsp\/2021\/10\/18\/analise-do-pedido-impeachment-do-prefeito-de-guaruja-vai-continuar#respond"]}]},{"@type":"WebPage","@id":"https:\/\/redenoticiaz.com.br\/litoralsp\/2021\/10\/18\/analise-do-pedido-impeachment-do-prefeito-de-guaruja-vai-continuar","url":"https:\/\/redenoticiaz.com.br\/litoralsp\/2021\/10\/18\/analise-do-pedido-impeachment-do-prefeito-de-guaruja-vai-continuar","name":"An\u00e1lise do pedido impeachment do prefeito de Guaruj\u00e1 vai continuar - Litoral SP","isPartOf":{"@id":"https:\/\/redenoticiaz.com.br\/litoralsp\/#website"},"primaryImageOfPage":{"@id":"https:\/\/redenoticiaz.com.br\/litoralsp\/2021\/10\/18\/analise-do-pedido-impeachment-do-prefeito-de-guaruja-vai-continuar#primaryimage"},"image":{"@id":"https:\/\/redenoticiaz.com.br\/litoralsp\/2021\/10\/18\/analise-do-pedido-impeachment-do-prefeito-de-guaruja-vai-continuar#primaryimage"},"thumbnailUrl":"https:\/\/redenoticiaz.com.br\/litoralsp\/wp-content\/uploads\/sites\/3\/2021\/10\/suman-2-1.jpeg","datePublished":"2021-10-18T22:46:08+00:00","dateModified":"2021-10-18T22:46:42+00:00","description":"O caso do pedido de impeachment do prefeito de Guaruj\u00e1, V\u00e1lter Suman (PSDB) ter\u00e1 prosseguimento do processo, informa","inLanguage":"pt-BR","potentialAction":[{"@type":"ReadAction","target":["https:\/\/redenoticiaz.com.br\/litoralsp\/2021\/10\/18\/analise-do-pedido-impeachment-do-prefeito-de-guaruja-vai-continuar"]}]},{"@type":"ImageObject","inLanguage":"pt-BR","@id":"https:\/\/redenoticiaz.com.br\/litoralsp\/2021\/10\/18\/analise-do-pedido-impeachment-do-prefeito-de-guaruja-vai-continuar#primaryimage","url":"https:\/\/redenoticiaz.com.br\/litoralsp\/wp-content\/uploads\/sites\/3\/2021\/10\/suman-2-1.jpeg","contentUrl":"https:\/\/redenoticiaz.com.br\/litoralsp\/wp-content\/uploads\/sites\/3\/2021\/10\/suman-2-1.jpeg","width":984,"height":656,"caption":"Prefeito corre o risco de deixar o cargo. Cr\u00e9ditos: Reprodu\u00e7\u00e3o."},{"@type":"WebSite","@id":"https:\/\/redenoticiaz.com.br\/litoralsp\/#website","url":"https:\/\/redenoticiaz.com.br\/litoralsp\/","name":"Litoral SP","description":"Rede NoticiaZ","publisher":{"@id":"https:\/\/redenoticiaz.com.br\/litoralsp\/#organization"},"potentialAction":[{"@type":"SearchAction","target":{"@type":"EntryPoint","urlTemplate":"https:\/\/redenoticiaz.com.br\/litoralsp\/?s={search_term_string}"},"query-input":{"@type":"PropertyValueSpecification","valueRequired":true,"valueName":"search_term_string"}}],"inLanguage":"pt-BR"},{"@type":"Organization","@id":"https:\/\/redenoticiaz.com.br\/litoralsp\/#organization","name":"Litoral SP","url":"https:\/\/redenoticiaz.com.br\/litoralsp\/","logo":{"@type":"ImageObject","inLanguage":"pt-BR","@id":"https:\/\/redenoticiaz.com.br\/litoralsp\/#\/schema\/logo\/image\/","url":"https:\/\/redenoticiaz.com.br\/litoralsp\/wp-content\/uploads\/sites\/3\/2020\/11\/logo.jpg","contentUrl":"https:\/\/redenoticiaz.com.br\/litoralsp\/wp-content\/uploads\/sites\/3\/2020\/11\/logo.jpg","width":400,"height":250,"caption":"Litoral SP"},"image":{"@id":"https:\/\/redenoticiaz.com.br\/litoralsp\/#\/schema\/logo\/image\/"}},{"@type":"Person","@id":"https:\/\/redenoticiaz.com.br\/litoralsp\/#\/schema\/person\/0f0b8a5bdafefe82841e07ae8d81ecb3","name":"Leonardo Francisco","image":{"@type":"ImageObject","inLanguage":"pt-BR","@id":"https:\/\/secure.gravatar.com\/avatar\/a7358cb406a99b682ec6df1e77e31ae82e63601f6784e8a3df411d72b37864da?s=96&d=mm&r=g","url":"https:\/\/secure.gravatar.com\/avatar\/a7358cb406a99b682ec6df1e77e31ae82e63601f6784e8a3df411d72b37864da?s=96&d=mm&r=g","contentUrl":"https:\/\/secure.gravatar.com\/avatar\/a7358cb406a99b682ec6df1e77e31ae82e63601f6784e8a3df411d72b37864da?s=96&d=mm&r=g","caption":"Leonardo Francisco"},"url":"https:\/\/redenoticiaz.com.br\/litoralsp\/author\/leonardo-francisco"}]}},"_links":{"self":[{"href":"https:\/\/redenoticiaz.com.br\/litoralsp\/wp-json\/wp\/v2\/posts\/16734","targetHints":{"allow":["GET"]}}],"collection":[{"href":"https:\/\/redenoticiaz.com.br\/litoralsp\/wp-json\/wp\/v2\/posts"}],"about":[{"href":"https:\/\/redenoticiaz.com.br\/litoralsp\/wp-json\/wp\/v2\/types\/post"}],"author":[{"embeddable":true,"href":"https:\/\/redenoticiaz.com.br\/litoralsp\/wp-json\/wp\/v2\/users\/6"}],"replies":[{"embeddable":true,"href":"https:\/\/redenoticiaz.com.br\/litoralsp\/wp-json\/wp\/v2\/comments?post=16734"}],"version-history":[{"count":1,"href":"https:\/\/redenoticiaz.com.br\/litoralsp\/wp-json\/wp\/v2\/posts\/16734\/revisions"}],"predecessor-version":[{"id":16737,"href":"https:\/\/redenoticiaz.com.br\/litoralsp\/wp-json\/wp\/v2\/posts\/16734\/revisions\/16737"}],"wp:featuredmedia":[{"embeddable":true,"href":"https:\/\/redenoticiaz.com.br\/litoralsp\/wp-json\/wp\/v2\/media\/16736"}],"wp:attachment":[{"href":"https:\/\/redenoticiaz.com.br\/litoralsp\/wp-json\/wp\/v2\/media?parent=16734"}],"wp:term":[{"taxonomy":"category","embeddable":true,"href":"https:\/\/redenoticiaz.com.br\/litoralsp\/wp-json\/wp\/v2\/categories?post=16734"},{"taxonomy":"post_tag","embeddable":true,"href":"https:\/\/redenoticiaz.com.br\/litoralsp\/wp-json\/wp\/v2\/tags?post=16734"}],"curies":[{"name":"wp","href":"https:\/\/api.w.org\/{rel}","templated":true}]}}