{"id":16801,"date":"2021-10-19T21:14:36","date_gmt":"2021-10-20T00:14:36","guid":{"rendered":"https:\/\/redenoticiaz.com.br\/litoralsp\/2021\/10\/19\/governo-adia-anuncio-do-auxilio-brasil-de-r-400"},"modified":"2021-10-19T21:17:19","modified_gmt":"2021-10-20T00:17:19","slug":"governo-adia-anuncio-do-auxilio-brasil-de-r-400","status":"publish","type":"post","link":"https:\/\/redenoticiaz.com.br\/litoralsp\/2021\/10\/19\/governo-adia-anuncio-do-auxilio-brasil-de-r-400","title":{"rendered":"Governo adia an\u00fancio do Aux\u00edlio Brasil de R$ 400"},"content":{"rendered":"<p>Aconteceria nesta ter\u00e7a-feira (19) o an\u00fancio do novo valor do <strong>Aux\u00edlio Brasil<\/strong>, que seria de R$ 400. No entanto a rea\u00e7\u00e3o do mercado e da equipe econ\u00f4mica reagiu muito mal e assim o an\u00fancio com a solidariedade no <a href=\"https:\/\/www.gov.br\/pt-br\">Pal\u00e1cio do Planalto<\/a> foi adiado.<\/p>\n<p>O Aux\u00edlio Brasil \u00e9 o programa que vai substituir o atual Bolsa Fam\u00edlia. A ideia seria pagar o valor at\u00e9 o final de 2022. Dois ministros confirmaram ao blog de Valdo Cruz que os R$ 400 seriam pagos. S\u00f3 que a not\u00edcia causou\u00a0 turbul\u00eancia no mercado. Se confirmada, representaria uma vit\u00f3ria da ala pol\u00edtica do governo, que defendia um valor maior do que o proposto pela equipe econ\u00f4mica, de R$ 300.<\/p>\n<div class=\"mc-column content-text active-extra-styles \" data-block-type=\"unstyled\" data-block-weight=\"34\" data-block-id=\"4\">\n<p class=\"content-text__container \" data-track-category=\"Link no Texto\" data-track-links=\"\">Apesar do adiamento, o presidente Jair Bolsonaro ainda mant\u00e9m a inten\u00e7\u00e3o de fixar o valor em R$ 400. O adiamento servir\u00e1 para decidir como alcan\u00e7ar esse objetivo sem ferir a Lei de Responsabilidade Fiscal.<\/p>\n<h3 data-track-category=\"Link no Texto\">Como funcionaria?<\/h3>\n<div class=\"mc-column content-text active-extra-styles \" data-block-type=\"unstyled\" data-block-weight=\"44\" data-block-id=\"6\">\n<p class=\"content-text__container \" data-track-category=\"Link no Texto\" data-track-links=\"\">A \u00faltima parcela do aux\u00edlio emergencial, de R$ 300, est\u00e1 sendo paga neste m\u00eas. Para novembro, a inten\u00e7\u00e3o \u00e9 come\u00e7ar a pagar o\u00a0novo Aux\u00edlio Brasil, programa lan\u00e7ado por Bolsonaro\u00a0para tentar tirar a marca do Bolsa Fam\u00edlia de circula\u00e7\u00e3o, associada aos governos petistas.<\/p>\n<\/div>\n<div class=\"mc-column content-text active-extra-styles \" data-block-type=\"unstyled\" data-block-weight=\"63\" data-block-id=\"7\">\n<p class=\"content-text__container \" data-track-category=\"Link no Texto\" data-track-links=\"\">Para respeitar a Lei de Responsabilidade Fiscal, o novo valor seria pago em parte pelo or\u00e7amento previsto pelo antigo Bolsa Fam\u00edlia, na parcela de at\u00e9 R$ 300. Essa parte ficaria dentro do teto dos gastos p\u00fablicos. Os R$ 100 restantes permaneceriam fora do teto, mas como um pagamento tempor\u00e1rio. Por n\u00e3o ser permanente, o governo n\u00e3o precisaria criar uma nova fonte de receita.<\/p>\n<\/div>\n<div class=\"mc-column content-text active-extra-styles \" data-block-type=\"unstyled\" data-block-weight=\"57\" data-block-id=\"9\">\n<p class=\"content-text__container \" data-track-category=\"Link no Texto\" data-track-links=\"\">A ala pol\u00edtica do governo vinha defendendo um valor maior para o novo programa social do governo, visando\u00a0recuperar a imagem do presidente\u00a0principalmente no pr\u00f3ximo ano, quando ele vai disputar a reelei\u00e7\u00e3o. A equipe econ\u00f4mica defendia manter o valor de R$ 300, que j\u00e1 representaria um aumento em rela\u00e7\u00e3o ao pagamento m\u00e9dio atual, de R$ 189.<\/p>\n<\/div>\n<div class=\"mc-column content-text active-extra-styles \" data-block-type=\"unstyled\" data-block-weight=\"76\" data-block-id=\"10\">\n<p class=\"content-text__container \" data-track-category=\"Link no Texto\" data-track-links=\"\">A \u00faltima vers\u00e3o previa reajuste do Bolsa Fam\u00edlia, que tem valor m\u00e9dio de R$ 189, acima de 20%, passando o valor para cerca de R$ 240. Esse seria um programa permanente, com valor dentro do teto dos gastos p\u00fablicos, com recursos j\u00e1 definidos. Seria criado, ainda, um benef\u00edcio vari\u00e1vel transit\u00f3rio, com data de validade at\u00e9 o fim do ano que vem, para complementar um valor de, no m\u00ednimo, R$ 400 para as 17 milh\u00f5es de fam\u00edlias.<\/p>\n<h3 data-track-category=\"Link no Texto\">Benef\u00edcio transit\u00f3rio<\/h3>\n<\/div>\n<div class=\"mc-column content-text active-extra-styles \" data-block-type=\"unstyled\" data-block-weight=\"43\" data-block-id=\"11\">\n<p class=\"content-text__container \" data-track-category=\"Link no Texto\" data-track-links=\"\">Como esse benef\u00edcio seria transit\u00f3rio, e n\u00e3o permanente, poderia ser criado sem fonte de receita definida e bancado fora do teto dos gastos p\u00fablicos. O Bolsa Fam\u00edlia abrange cerca de 14,7 milh\u00f5es de fam\u00edlias, p\u00fablico que vai passar para 17 milh\u00f5es de fam\u00edlias.<\/p>\n<\/div>\n<div class=\"mc-column content-text active-extra-styles \" data-block-type=\"unstyled\" data-block-weight=\"48\" data-block-id=\"12\">\n<p class=\"content-text__container \" data-track-category=\"Link no Texto\" data-track-links=\"\">A equipe econ\u00f4mica, comandada pelo ministro Paulo Guedes, era contra qualquer pagamento fora do teto dos gastos p\u00fablicos. Agora, as previs\u00f5es s\u00e3o de que, dos R$ 84 bilh\u00f5es que devem ser destinados aos novos programas sociais, mais de R$ 30 bilh\u00f5es ficar\u00e3o fora do teto dos gastos p\u00fablicos.<\/p>\n<p data-track-category=\"Link no Texto\" data-track-links=\"\"><strong>LEIA TAMB\u00c9M<\/strong><\/p>\n<p data-track-category=\"Link no Texto\" data-track-links=\"\"><a href=\"https:\/\/redenoticiaz.com.br\/blog\/2021\/10\/19\/bolsa-familia-tera-o-valor-de-r-400-ate-o-final-de-2022\">Bolsa Fam\u00edlia ter\u00e1 o valor de R$ 400 at\u00e9 o final de 2022<\/a><\/p>\n<\/div>\n<\/div>\n","protected":false},"excerpt":{"rendered":"<p>Aconteceria nesta ter\u00e7a-feira (19) o an\u00fancio do novo valor do Aux\u00edlio Brasil, que seria de R$ 400. No entanto a rea\u00e7\u00e3o do mercado e da equipe econ\u00f4mica reagiu muito mal e assim o an\u00fancio com a solidariedade no Pal\u00e1cio do Planalto foi adiado. O Aux\u00edlio Brasil \u00e9 o programa que vai substituir o atual Bolsa &hellip;<\/p>\n","protected":false},"author":6,"featured_media":16802,"comment_status":"open","ping_status":"closed","sticky":false,"template":"","format":"standard","meta":{"footnotes":""},"categories":[6470,97],"tags":[38685,38686,173,3790],"class_list":["post-16801","post","type-post","status-publish","format-standard","has-post-thumbnail","hentry","category-acao-social","category-economia","tag-adiamento-do-anuncio","tag-auxilio-brasil","tag-brasil","tag-governo-federal"],"yoast_head":"<!-- This site is optimized with the Yoast SEO plugin v27.5 - https:\/\/yoast.com\/product\/yoast-seo-wordpress\/ -->\n<title>Governo adia an\u00fancio do Aux\u00edlio Brasil de R$ 400 - Litoral SP<\/title>\n<meta name=\"description\" content=\"Aconteceria nesta ter\u00e7a-feira (19) o an\u00fancio do novo valor do Aux\u00edlio Brasil, que seria de R$ 400. No entanto a rea\u00e7\u00e3o do mercado\" \/>\n<meta name=\"robots\" content=\"index, follow, max-snippet:-1, max-image-preview:large, max-video-preview:-1\" \/>\n<link rel=\"canonical\" href=\"https:\/\/redenoticiaz.com.br\/litoralsp\/2021\/10\/19\/governo-adia-anuncio-do-auxilio-brasil-de-r-400\" \/>\n<meta property=\"og:locale\" content=\"pt_BR\" \/>\n<meta property=\"og:type\" content=\"article\" \/>\n<meta property=\"og:title\" content=\"Governo adia an\u00fancio do Aux\u00edlio Brasil de R$ 400 - Litoral SP\" \/>\n<meta property=\"og:description\" content=\"Aconteceria nesta ter\u00e7a-feira (19) o an\u00fancio do novo valor do Aux\u00edlio Brasil, que seria de R$ 400. No entanto a rea\u00e7\u00e3o do mercado\" \/>\n<meta property=\"og:url\" content=\"https:\/\/redenoticiaz.com.br\/litoralsp\/2021\/10\/19\/governo-adia-anuncio-do-auxilio-brasil-de-r-400\" \/>\n<meta property=\"og:site_name\" content=\"Litoral SP\" \/>\n<meta property=\"article:published_time\" content=\"2021-10-20T00:14:36+00:00\" \/>\n<meta property=\"article:modified_time\" content=\"2021-10-20T00:17:19+00:00\" \/>\n<meta property=\"og:image\" content=\"https:\/\/redenoticiaz.com.br\/litoralsp\/wp-content\/uploads\/sites\/3\/2021\/10\/auxilio.jpg\" \/>\n\t<meta property=\"og:image:width\" content=\"724\" \/>\n\t<meta property=\"og:image:height\" content=\"483\" \/>\n\t<meta property=\"og:image:type\" content=\"image\/jpeg\" \/>\n<meta name=\"author\" content=\"Leonardo Francisco\" \/>\n<meta name=\"twitter:card\" content=\"summary_large_image\" \/>\n<meta name=\"twitter:label1\" content=\"Escrito por\" \/>\n\t<meta name=\"twitter:data1\" content=\"Leonardo Francisco\" \/>\n\t<meta name=\"twitter:label2\" content=\"Est. tempo de leitura\" \/>\n\t<meta name=\"twitter:data2\" content=\"3 minutos\" \/>\n<script type=\"application\/ld+json\" class=\"yoast-schema-graph\">{\"@context\":\"https:\\\/\\\/schema.org\",\"@graph\":[{\"@type\":\"Article\",\"@id\":\"https:\\\/\\\/redenoticiaz.com.br\\\/litoralsp\\\/2021\\\/10\\\/19\\\/governo-adia-anuncio-do-auxilio-brasil-de-r-400#article\",\"isPartOf\":{\"@id\":\"https:\\\/\\\/redenoticiaz.com.br\\\/litoralsp\\\/2021\\\/10\\\/19\\\/governo-adia-anuncio-do-auxilio-brasil-de-r-400\"},\"author\":{\"name\":\"Leonardo Francisco\",\"@id\":\"https:\\\/\\\/redenoticiaz.com.br\\\/litoralsp\\\/#\\\/schema\\\/person\\\/0f0b8a5bdafefe82841e07ae8d81ecb3\"},\"headline\":\"Governo adia an\u00fancio do Aux\u00edlio Brasil de R$ 400\",\"datePublished\":\"2021-10-20T00:14:36+00:00\",\"dateModified\":\"2021-10-20T00:17:19+00:00\",\"mainEntityOfPage\":{\"@id\":\"https:\\\/\\\/redenoticiaz.com.br\\\/litoralsp\\\/2021\\\/10\\\/19\\\/governo-adia-anuncio-do-auxilio-brasil-de-r-400\"},\"wordCount\":553,\"commentCount\":0,\"publisher\":{\"@id\":\"https:\\\/\\\/redenoticiaz.com.br\\\/litoralsp\\\/#organization\"},\"image\":{\"@id\":\"https:\\\/\\\/redenoticiaz.com.br\\\/litoralsp\\\/2021\\\/10\\\/19\\\/governo-adia-anuncio-do-auxilio-brasil-de-r-400#primaryimage\"},\"thumbnailUrl\":\"https:\\\/\\\/redenoticiaz.com.br\\\/litoralsp\\\/wp-content\\\/uploads\\\/sites\\\/3\\\/2021\\\/10\\\/auxilio.jpg\",\"keywords\":[\"ADIAMENTO DO AN\u00daNCIO\",\"AUX\u00cdLIO BRASIL\",\"Brasil\",\"GOVERNO FEDERAL\"],\"articleSection\":[\"A\u00e7\u00e3o Social\",\"Economia\"],\"inLanguage\":\"pt-BR\",\"potentialAction\":[{\"@type\":\"CommentAction\",\"name\":\"Comment\",\"target\":[\"https:\\\/\\\/redenoticiaz.com.br\\\/litoralsp\\\/2021\\\/10\\\/19\\\/governo-adia-anuncio-do-auxilio-brasil-de-r-400#respond\"]}]},{\"@type\":\"WebPage\",\"@id\":\"https:\\\/\\\/redenoticiaz.com.br\\\/litoralsp\\\/2021\\\/10\\\/19\\\/governo-adia-anuncio-do-auxilio-brasil-de-r-400\",\"url\":\"https:\\\/\\\/redenoticiaz.com.br\\\/litoralsp\\\/2021\\\/10\\\/19\\\/governo-adia-anuncio-do-auxilio-brasil-de-r-400\",\"name\":\"Governo adia an\u00fancio do Aux\u00edlio Brasil de R$ 400 - Litoral SP\",\"isPartOf\":{\"@id\":\"https:\\\/\\\/redenoticiaz.com.br\\\/litoralsp\\\/#website\"},\"primaryImageOfPage\":{\"@id\":\"https:\\\/\\\/redenoticiaz.com.br\\\/litoralsp\\\/2021\\\/10\\\/19\\\/governo-adia-anuncio-do-auxilio-brasil-de-r-400#primaryimage\"},\"image\":{\"@id\":\"https:\\\/\\\/redenoticiaz.com.br\\\/litoralsp\\\/2021\\\/10\\\/19\\\/governo-adia-anuncio-do-auxilio-brasil-de-r-400#primaryimage\"},\"thumbnailUrl\":\"https:\\\/\\\/redenoticiaz.com.br\\\/litoralsp\\\/wp-content\\\/uploads\\\/sites\\\/3\\\/2021\\\/10\\\/auxilio.jpg\",\"datePublished\":\"2021-10-20T00:14:36+00:00\",\"dateModified\":\"2021-10-20T00:17:19+00:00\",\"description\":\"Aconteceria nesta ter\u00e7a-feira (19) o an\u00fancio do novo valor do Aux\u00edlio Brasil, que seria de R$ 400. No entanto a rea\u00e7\u00e3o do mercado\",\"inLanguage\":\"pt-BR\",\"potentialAction\":[{\"@type\":\"ReadAction\",\"target\":[\"https:\\\/\\\/redenoticiaz.com.br\\\/litoralsp\\\/2021\\\/10\\\/19\\\/governo-adia-anuncio-do-auxilio-brasil-de-r-400\"]}]},{\"@type\":\"ImageObject\",\"inLanguage\":\"pt-BR\",\"@id\":\"https:\\\/\\\/redenoticiaz.com.br\\\/litoralsp\\\/2021\\\/10\\\/19\\\/governo-adia-anuncio-do-auxilio-brasil-de-r-400#primaryimage\",\"url\":\"https:\\\/\\\/redenoticiaz.com.br\\\/litoralsp\\\/wp-content\\\/uploads\\\/sites\\\/3\\\/2021\\\/10\\\/auxilio.jpg\",\"contentUrl\":\"https:\\\/\\\/redenoticiaz.com.br\\\/litoralsp\\\/wp-content\\\/uploads\\\/sites\\\/3\\\/2021\\\/10\\\/auxilio.jpg\",\"width\":724,\"height\":483,\"caption\":\"N\u00e3o h\u00e1 prazo para que haja a confirma\u00e7\u00e3o do programa. Cr\u00e9ditos: Ilustra\u00e7\u00e3o.\"},{\"@type\":\"WebSite\",\"@id\":\"https:\\\/\\\/redenoticiaz.com.br\\\/litoralsp\\\/#website\",\"url\":\"https:\\\/\\\/redenoticiaz.com.br\\\/litoralsp\\\/\",\"name\":\"Litoral SP\",\"description\":\"Rede NoticiaZ\",\"publisher\":{\"@id\":\"https:\\\/\\\/redenoticiaz.com.br\\\/litoralsp\\\/#organization\"},\"potentialAction\":[{\"@type\":\"SearchAction\",\"target\":{\"@type\":\"EntryPoint\",\"urlTemplate\":\"https:\\\/\\\/redenoticiaz.com.br\\\/litoralsp\\\/?s={search_term_string}\"},\"query-input\":{\"@type\":\"PropertyValueSpecification\",\"valueRequired\":true,\"valueName\":\"search_term_string\"}}],\"inLanguage\":\"pt-BR\"},{\"@type\":\"Organization\",\"@id\":\"https:\\\/\\\/redenoticiaz.com.br\\\/litoralsp\\\/#organization\",\"name\":\"Litoral SP\",\"url\":\"https:\\\/\\\/redenoticiaz.com.br\\\/litoralsp\\\/\",\"logo\":{\"@type\":\"ImageObject\",\"inLanguage\":\"pt-BR\",\"@id\":\"https:\\\/\\\/redenoticiaz.com.br\\\/litoralsp\\\/#\\\/schema\\\/logo\\\/image\\\/\",\"url\":\"https:\\\/\\\/redenoticiaz.com.br\\\/litoralsp\\\/wp-content\\\/uploads\\\/sites\\\/3\\\/2020\\\/11\\\/logo.jpg\",\"contentUrl\":\"https:\\\/\\\/redenoticiaz.com.br\\\/litoralsp\\\/wp-content\\\/uploads\\\/sites\\\/3\\\/2020\\\/11\\\/logo.jpg\",\"width\":400,\"height\":250,\"caption\":\"Litoral SP\"},\"image\":{\"@id\":\"https:\\\/\\\/redenoticiaz.com.br\\\/litoralsp\\\/#\\\/schema\\\/logo\\\/image\\\/\"}},{\"@type\":\"Person\",\"@id\":\"https:\\\/\\\/redenoticiaz.com.br\\\/litoralsp\\\/#\\\/schema\\\/person\\\/0f0b8a5bdafefe82841e07ae8d81ecb3\",\"name\":\"Leonardo Francisco\",\"image\":{\"@type\":\"ImageObject\",\"inLanguage\":\"pt-BR\",\"@id\":\"https:\\\/\\\/secure.gravatar.com\\\/avatar\\\/a7358cb406a99b682ec6df1e77e31ae82e63601f6784e8a3df411d72b37864da?s=96&d=mm&r=g\",\"url\":\"https:\\\/\\\/secure.gravatar.com\\\/avatar\\\/a7358cb406a99b682ec6df1e77e31ae82e63601f6784e8a3df411d72b37864da?s=96&d=mm&r=g\",\"contentUrl\":\"https:\\\/\\\/secure.gravatar.com\\\/avatar\\\/a7358cb406a99b682ec6df1e77e31ae82e63601f6784e8a3df411d72b37864da?s=96&d=mm&r=g\",\"caption\":\"Leonardo Francisco\"},\"url\":\"https:\\\/\\\/redenoticiaz.com.br\\\/litoralsp\\\/author\\\/leonardo-francisco\"}]}<\/script>\n<!-- \/ Yoast SEO plugin. -->","yoast_head_json":{"title":"Governo adia an\u00fancio do Aux\u00edlio Brasil de R$ 400 - Litoral SP","description":"Aconteceria nesta ter\u00e7a-feira (19) o an\u00fancio do novo valor do Aux\u00edlio Brasil, que seria de R$ 400. No entanto a rea\u00e7\u00e3o do mercado","robots":{"index":"index","follow":"follow","max-snippet":"max-snippet:-1","max-image-preview":"max-image-preview:large","max-video-preview":"max-video-preview:-1"},"canonical":"https:\/\/redenoticiaz.com.br\/litoralsp\/2021\/10\/19\/governo-adia-anuncio-do-auxilio-brasil-de-r-400","og_locale":"pt_BR","og_type":"article","og_title":"Governo adia an\u00fancio do Aux\u00edlio Brasil de R$ 400 - Litoral SP","og_description":"Aconteceria nesta ter\u00e7a-feira (19) o an\u00fancio do novo valor do Aux\u00edlio Brasil, que seria de R$ 400. No entanto a rea\u00e7\u00e3o do mercado","og_url":"https:\/\/redenoticiaz.com.br\/litoralsp\/2021\/10\/19\/governo-adia-anuncio-do-auxilio-brasil-de-r-400","og_site_name":"Litoral SP","article_published_time":"2021-10-20T00:14:36+00:00","article_modified_time":"2021-10-20T00:17:19+00:00","og_image":[{"width":724,"height":483,"url":"https:\/\/redenoticiaz.com.br\/litoralsp\/wp-content\/uploads\/sites\/3\/2021\/10\/auxilio.jpg","type":"image\/jpeg"}],"author":"Leonardo Francisco","twitter_card":"summary_large_image","twitter_misc":{"Escrito por":"Leonardo Francisco","Est. tempo de leitura":"3 minutos"},"schema":{"@context":"https:\/\/schema.org","@graph":[{"@type":"Article","@id":"https:\/\/redenoticiaz.com.br\/litoralsp\/2021\/10\/19\/governo-adia-anuncio-do-auxilio-brasil-de-r-400#article","isPartOf":{"@id":"https:\/\/redenoticiaz.com.br\/litoralsp\/2021\/10\/19\/governo-adia-anuncio-do-auxilio-brasil-de-r-400"},"author":{"name":"Leonardo Francisco","@id":"https:\/\/redenoticiaz.com.br\/litoralsp\/#\/schema\/person\/0f0b8a5bdafefe82841e07ae8d81ecb3"},"headline":"Governo adia an\u00fancio do Aux\u00edlio Brasil de R$ 400","datePublished":"2021-10-20T00:14:36+00:00","dateModified":"2021-10-20T00:17:19+00:00","mainEntityOfPage":{"@id":"https:\/\/redenoticiaz.com.br\/litoralsp\/2021\/10\/19\/governo-adia-anuncio-do-auxilio-brasil-de-r-400"},"wordCount":553,"commentCount":0,"publisher":{"@id":"https:\/\/redenoticiaz.com.br\/litoralsp\/#organization"},"image":{"@id":"https:\/\/redenoticiaz.com.br\/litoralsp\/2021\/10\/19\/governo-adia-anuncio-do-auxilio-brasil-de-r-400#primaryimage"},"thumbnailUrl":"https:\/\/redenoticiaz.com.br\/litoralsp\/wp-content\/uploads\/sites\/3\/2021\/10\/auxilio.jpg","keywords":["ADIAMENTO DO AN\u00daNCIO","AUX\u00cdLIO BRASIL","Brasil","GOVERNO FEDERAL"],"articleSection":["A\u00e7\u00e3o Social","Economia"],"inLanguage":"pt-BR","potentialAction":[{"@type":"CommentAction","name":"Comment","target":["https:\/\/redenoticiaz.com.br\/litoralsp\/2021\/10\/19\/governo-adia-anuncio-do-auxilio-brasil-de-r-400#respond"]}]},{"@type":"WebPage","@id":"https:\/\/redenoticiaz.com.br\/litoralsp\/2021\/10\/19\/governo-adia-anuncio-do-auxilio-brasil-de-r-400","url":"https:\/\/redenoticiaz.com.br\/litoralsp\/2021\/10\/19\/governo-adia-anuncio-do-auxilio-brasil-de-r-400","name":"Governo adia an\u00fancio do Aux\u00edlio Brasil de R$ 400 - Litoral SP","isPartOf":{"@id":"https:\/\/redenoticiaz.com.br\/litoralsp\/#website"},"primaryImageOfPage":{"@id":"https:\/\/redenoticiaz.com.br\/litoralsp\/2021\/10\/19\/governo-adia-anuncio-do-auxilio-brasil-de-r-400#primaryimage"},"image":{"@id":"https:\/\/redenoticiaz.com.br\/litoralsp\/2021\/10\/19\/governo-adia-anuncio-do-auxilio-brasil-de-r-400#primaryimage"},"thumbnailUrl":"https:\/\/redenoticiaz.com.br\/litoralsp\/wp-content\/uploads\/sites\/3\/2021\/10\/auxilio.jpg","datePublished":"2021-10-20T00:14:36+00:00","dateModified":"2021-10-20T00:17:19+00:00","description":"Aconteceria nesta ter\u00e7a-feira (19) o an\u00fancio do novo valor do Aux\u00edlio Brasil, que seria de R$ 400. No entanto a rea\u00e7\u00e3o do mercado","inLanguage":"pt-BR","potentialAction":[{"@type":"ReadAction","target":["https:\/\/redenoticiaz.com.br\/litoralsp\/2021\/10\/19\/governo-adia-anuncio-do-auxilio-brasil-de-r-400"]}]},{"@type":"ImageObject","inLanguage":"pt-BR","@id":"https:\/\/redenoticiaz.com.br\/litoralsp\/2021\/10\/19\/governo-adia-anuncio-do-auxilio-brasil-de-r-400#primaryimage","url":"https:\/\/redenoticiaz.com.br\/litoralsp\/wp-content\/uploads\/sites\/3\/2021\/10\/auxilio.jpg","contentUrl":"https:\/\/redenoticiaz.com.br\/litoralsp\/wp-content\/uploads\/sites\/3\/2021\/10\/auxilio.jpg","width":724,"height":483,"caption":"N\u00e3o h\u00e1 prazo para que haja a confirma\u00e7\u00e3o do programa. Cr\u00e9ditos: Ilustra\u00e7\u00e3o."},{"@type":"WebSite","@id":"https:\/\/redenoticiaz.com.br\/litoralsp\/#website","url":"https:\/\/redenoticiaz.com.br\/litoralsp\/","name":"Litoral SP","description":"Rede NoticiaZ","publisher":{"@id":"https:\/\/redenoticiaz.com.br\/litoralsp\/#organization"},"potentialAction":[{"@type":"SearchAction","target":{"@type":"EntryPoint","urlTemplate":"https:\/\/redenoticiaz.com.br\/litoralsp\/?s={search_term_string}"},"query-input":{"@type":"PropertyValueSpecification","valueRequired":true,"valueName":"search_term_string"}}],"inLanguage":"pt-BR"},{"@type":"Organization","@id":"https:\/\/redenoticiaz.com.br\/litoralsp\/#organization","name":"Litoral SP","url":"https:\/\/redenoticiaz.com.br\/litoralsp\/","logo":{"@type":"ImageObject","inLanguage":"pt-BR","@id":"https:\/\/redenoticiaz.com.br\/litoralsp\/#\/schema\/logo\/image\/","url":"https:\/\/redenoticiaz.com.br\/litoralsp\/wp-content\/uploads\/sites\/3\/2020\/11\/logo.jpg","contentUrl":"https:\/\/redenoticiaz.com.br\/litoralsp\/wp-content\/uploads\/sites\/3\/2020\/11\/logo.jpg","width":400,"height":250,"caption":"Litoral SP"},"image":{"@id":"https:\/\/redenoticiaz.com.br\/litoralsp\/#\/schema\/logo\/image\/"}},{"@type":"Person","@id":"https:\/\/redenoticiaz.com.br\/litoralsp\/#\/schema\/person\/0f0b8a5bdafefe82841e07ae8d81ecb3","name":"Leonardo Francisco","image":{"@type":"ImageObject","inLanguage":"pt-BR","@id":"https:\/\/secure.gravatar.com\/avatar\/a7358cb406a99b682ec6df1e77e31ae82e63601f6784e8a3df411d72b37864da?s=96&d=mm&r=g","url":"https:\/\/secure.gravatar.com\/avatar\/a7358cb406a99b682ec6df1e77e31ae82e63601f6784e8a3df411d72b37864da?s=96&d=mm&r=g","contentUrl":"https:\/\/secure.gravatar.com\/avatar\/a7358cb406a99b682ec6df1e77e31ae82e63601f6784e8a3df411d72b37864da?s=96&d=mm&r=g","caption":"Leonardo Francisco"},"url":"https:\/\/redenoticiaz.com.br\/litoralsp\/author\/leonardo-francisco"}]}},"_links":{"self":[{"href":"https:\/\/redenoticiaz.com.br\/litoralsp\/wp-json\/wp\/v2\/posts\/16801","targetHints":{"allow":["GET"]}}],"collection":[{"href":"https:\/\/redenoticiaz.com.br\/litoralsp\/wp-json\/wp\/v2\/posts"}],"about":[{"href":"https:\/\/redenoticiaz.com.br\/litoralsp\/wp-json\/wp\/v2\/types\/post"}],"author":[{"embeddable":true,"href":"https:\/\/redenoticiaz.com.br\/litoralsp\/wp-json\/wp\/v2\/users\/6"}],"replies":[{"embeddable":true,"href":"https:\/\/redenoticiaz.com.br\/litoralsp\/wp-json\/wp\/v2\/comments?post=16801"}],"version-history":[{"count":1,"href":"https:\/\/redenoticiaz.com.br\/litoralsp\/wp-json\/wp\/v2\/posts\/16801\/revisions"}],"predecessor-version":[{"id":16803,"href":"https:\/\/redenoticiaz.com.br\/litoralsp\/wp-json\/wp\/v2\/posts\/16801\/revisions\/16803"}],"wp:featuredmedia":[{"embeddable":true,"href":"https:\/\/redenoticiaz.com.br\/litoralsp\/wp-json\/wp\/v2\/media\/16802"}],"wp:attachment":[{"href":"https:\/\/redenoticiaz.com.br\/litoralsp\/wp-json\/wp\/v2\/media?parent=16801"}],"wp:term":[{"taxonomy":"category","embeddable":true,"href":"https:\/\/redenoticiaz.com.br\/litoralsp\/wp-json\/wp\/v2\/categories?post=16801"},{"taxonomy":"post_tag","embeddable":true,"href":"https:\/\/redenoticiaz.com.br\/litoralsp\/wp-json\/wp\/v2\/tags?post=16801"}],"curies":[{"name":"wp","href":"https:\/\/api.w.org\/{rel}","templated":true}]}}