{"id":16805,"date":"2021-10-20T11:20:30","date_gmt":"2021-10-20T14:20:30","guid":{"rendered":"https:\/\/redenoticiaz.com.br\/litoralsp\/2021\/10\/20\/brasileiros-imunossuprimidos-sao-testadas-pela-pfizer"},"modified":"2021-10-20T11:24:08","modified_gmt":"2021-10-20T14:24:08","slug":"brasileiros-imunossuprimidos-sao-testadas-pela-pfizer","status":"publish","type":"post","link":"https:\/\/redenoticiaz.com.br\/litoralsp\/2021\/10\/20\/brasileiros-imunossuprimidos-sao-testadas-pela-pfizer","title":{"rendered":"Brasileiros imunossuprimidos s\u00e3o testadas pela Pfizer"},"content":{"rendered":"<p>Mais um grupo est\u00e1 sendo testado pela farmac\u00eautica <a href=\"https:\/\/www.pfizer.com.br\/\">Pfizer<\/a>. No Brasil, <strong>pessoas imunossuprimidas<\/strong> est\u00e3o passando por testes, onde a meta \u00e9 avaliar a seguran\u00e7a\u00a0 a efic\u00e1cia do imunizante contra a Covid-19. Al\u00e9m do Brasil, Alemanha e Estados Unidos est\u00e3o envolvidos nos estudos.<\/p>\n<p>Segundo o diretor do Centro Paulista de Investiga\u00e7\u00e3o Cl\u00ednica (Cepic) e coordenador dos testes da vacina contra a Covid-19 da Pfizer no pa\u00eds, Cristiano Zerbini, os pacientes imunossuprimidos e em crian\u00e7as acima de dois anos come\u00e7aram a serem testados.<\/p>\n<p>A inten\u00e7\u00e3o da Pfizer \u00e9 avaliar a seguran\u00e7a e a efic\u00e1cia da vacina nas pessoas que t\u00eam o sistema imunol\u00f3gico comprometido devido a uma doen\u00e7a ou ao seu tratamento.<\/p>\n<p>\u201cTanto crian\u00e7as quanto adultos muitas vezes t\u00eam algum grau de diminui\u00e7\u00e3o da a\u00e7\u00e3o do sistema imunol\u00f3gico, ou seja, o sistema imunol\u00f3gico n\u00e3o age na defesa do organismo eficientemente como deveria agir. Isso pode causar uma imunossupress\u00e3o. Essas pessoas precisam de uma defesa contra a Covid-19, de um sistema imunol\u00f3gico um pouco mais refor\u00e7ado para poder combater o v\u00edrus\u201d, falou.<\/p>\n<p>O especialista lembra que muitos pacientes que t\u00eam comprometimento do\u00a0sistema imune j\u00e1 foram imunizados contra o coronav\u00edrus. Mas afirma que \u00e9 preciso de um pouco mais de dados cient\u00edficos para saber. Por exemplo, se o tempo de prote\u00e7\u00e3o da vacina nestes pacientes \u00e9 o mesmo que em pacientes que n\u00e3o s\u00e3o imunossuprimidos.<\/p>\n<p><strong>LEIA TAMB\u00c9M<\/strong><\/p>\n<p><a href=\"https:\/\/redenoticiaz.com.br\/blog\/2021\/10\/19\/governo-adia-anuncio-do-auxilio-brasil-de-r-400\">Governo adia an\u00fancio do Aux\u00edlio Brasil de R$ 400<\/a><\/p>\n","protected":false},"excerpt":{"rendered":"<p>Mais um grupo est\u00e1 sendo testado pela farmac\u00eautica Pfizer. No Brasil, pessoas imunossuprimidas est\u00e3o passando por testes, onde a meta \u00e9 avaliar a seguran\u00e7a\u00a0 a efic\u00e1cia do imunizante contra a Covid-19. Al\u00e9m do Brasil, Alemanha e Estados Unidos est\u00e3o envolvidos nos estudos. Segundo o diretor do Centro Paulista de Investiga\u00e7\u00e3o Cl\u00ednica (Cepic) e coordenador dos &hellip;<\/p>\n","protected":false},"author":6,"featured_media":16806,"comment_status":"open","ping_status":"closed","sticky":false,"template":"","format":"standard","meta":{"footnotes":""},"categories":[23],"tags":[20857,173,8808,4495,36454,1249,38699],"class_list":["post-16805","post","type-post","status-publish","format-standard","has-post-thumbnail","hentry","category-saude","tag-alemanha","tag-brasil","tag-criancas","tag-estados-unidos","tag-pessoas-imunossuprimidas","tag-pfizer","tag-teste-da-vacina"],"yoast_head":"<!-- This site is optimized with the Yoast SEO plugin v27.4 - https:\/\/yoast.com\/product\/yoast-seo-wordpress\/ -->\n<title>Brasileiros imunossuprimidos s\u00e3o testadas pela Pfizer - Litoral SP<\/title>\n<meta name=\"description\" content=\"Mais um grupo est\u00e1 sendo testado pela farmac\u00eautica Pfizer. No Brasil, pessoas imunossuprimidas est\u00e3o passando por testes\" \/>\n<meta name=\"robots\" content=\"index, follow, max-snippet:-1, max-image-preview:large, max-video-preview:-1\" \/>\n<link rel=\"canonical\" href=\"https:\/\/redenoticiaz.com.br\/litoralsp\/2021\/10\/20\/brasileiros-imunossuprimidos-sao-testadas-pela-pfizer\" \/>\n<meta property=\"og:locale\" content=\"pt_BR\" \/>\n<meta property=\"og:type\" content=\"article\" \/>\n<meta property=\"og:title\" content=\"Brasileiros imunossuprimidos s\u00e3o testadas pela Pfizer - Litoral SP\" \/>\n<meta property=\"og:description\" content=\"Mais um grupo est\u00e1 sendo testado pela farmac\u00eautica Pfizer. No Brasil, pessoas imunossuprimidas est\u00e3o passando por testes\" \/>\n<meta property=\"og:url\" content=\"https:\/\/redenoticiaz.com.br\/litoralsp\/2021\/10\/20\/brasileiros-imunossuprimidos-sao-testadas-pela-pfizer\" \/>\n<meta property=\"og:site_name\" content=\"Litoral SP\" \/>\n<meta property=\"article:published_time\" content=\"2021-10-20T14:20:30+00:00\" \/>\n<meta property=\"article:modified_time\" content=\"2021-10-20T14:24:08+00:00\" \/>\n<meta property=\"og:image\" content=\"https:\/\/redenoticiaz.com.br\/litoralsp\/wp-content\/uploads\/sites\/3\/2021\/10\/vacina-pfizer.jpg\" \/>\n\t<meta property=\"og:image:width\" content=\"984\" \/>\n\t<meta property=\"og:image:height\" content=\"656\" \/>\n\t<meta property=\"og:image:type\" content=\"image\/jpeg\" \/>\n<meta name=\"author\" content=\"Leonardo Francisco\" \/>\n<meta name=\"twitter:card\" content=\"summary_large_image\" \/>\n<meta name=\"twitter:label1\" content=\"Escrito por\" \/>\n\t<meta name=\"twitter:data1\" content=\"Leonardo Francisco\" \/>\n\t<meta name=\"twitter:label2\" content=\"Est. tempo de leitura\" \/>\n\t<meta name=\"twitter:data2\" content=\"1 minuto\" \/>\n<script type=\"application\/ld+json\" class=\"yoast-schema-graph\">{\"@context\":\"https:\\\/\\\/schema.org\",\"@graph\":[{\"@type\":\"Article\",\"@id\":\"https:\\\/\\\/redenoticiaz.com.br\\\/litoralsp\\\/2021\\\/10\\\/20\\\/brasileiros-imunossuprimidos-sao-testadas-pela-pfizer#article\",\"isPartOf\":{\"@id\":\"https:\\\/\\\/redenoticiaz.com.br\\\/litoralsp\\\/2021\\\/10\\\/20\\\/brasileiros-imunossuprimidos-sao-testadas-pela-pfizer\"},\"author\":{\"name\":\"Leonardo Francisco\",\"@id\":\"https:\\\/\\\/redenoticiaz.com.br\\\/litoralsp\\\/#\\\/schema\\\/person\\\/0f0b8a5bdafefe82841e07ae8d81ecb3\"},\"headline\":\"Brasileiros imunossuprimidos s\u00e3o testadas pela Pfizer\",\"datePublished\":\"2021-10-20T14:20:30+00:00\",\"dateModified\":\"2021-10-20T14:24:08+00:00\",\"mainEntityOfPage\":{\"@id\":\"https:\\\/\\\/redenoticiaz.com.br\\\/litoralsp\\\/2021\\\/10\\\/20\\\/brasileiros-imunossuprimidos-sao-testadas-pela-pfizer\"},\"wordCount\":272,\"commentCount\":0,\"publisher\":{\"@id\":\"https:\\\/\\\/redenoticiaz.com.br\\\/litoralsp\\\/#organization\"},\"image\":{\"@id\":\"https:\\\/\\\/redenoticiaz.com.br\\\/litoralsp\\\/2021\\\/10\\\/20\\\/brasileiros-imunossuprimidos-sao-testadas-pela-pfizer#primaryimage\"},\"thumbnailUrl\":\"https:\\\/\\\/redenoticiaz.com.br\\\/litoralsp\\\/wp-content\\\/uploads\\\/sites\\\/3\\\/2021\\\/10\\\/vacina-pfizer.jpg\",\"keywords\":[\"Alemanha\",\"Brasil\",\"Crian\u00e7as\",\"Estados Unidos\",\"PESSOAS IMUNOSSUPRIMIDAS\",\"Pfizer\",\"TESTE DA VACINA\"],\"articleSection\":[\"Sa\u00fade\"],\"inLanguage\":\"pt-BR\",\"potentialAction\":[{\"@type\":\"CommentAction\",\"name\":\"Comment\",\"target\":[\"https:\\\/\\\/redenoticiaz.com.br\\\/litoralsp\\\/2021\\\/10\\\/20\\\/brasileiros-imunossuprimidos-sao-testadas-pela-pfizer#respond\"]}]},{\"@type\":\"WebPage\",\"@id\":\"https:\\\/\\\/redenoticiaz.com.br\\\/litoralsp\\\/2021\\\/10\\\/20\\\/brasileiros-imunossuprimidos-sao-testadas-pela-pfizer\",\"url\":\"https:\\\/\\\/redenoticiaz.com.br\\\/litoralsp\\\/2021\\\/10\\\/20\\\/brasileiros-imunossuprimidos-sao-testadas-pela-pfizer\",\"name\":\"Brasileiros imunossuprimidos s\u00e3o testadas pela Pfizer - Litoral SP\",\"isPartOf\":{\"@id\":\"https:\\\/\\\/redenoticiaz.com.br\\\/litoralsp\\\/#website\"},\"primaryImageOfPage\":{\"@id\":\"https:\\\/\\\/redenoticiaz.com.br\\\/litoralsp\\\/2021\\\/10\\\/20\\\/brasileiros-imunossuprimidos-sao-testadas-pela-pfizer#primaryimage\"},\"image\":{\"@id\":\"https:\\\/\\\/redenoticiaz.com.br\\\/litoralsp\\\/2021\\\/10\\\/20\\\/brasileiros-imunossuprimidos-sao-testadas-pela-pfizer#primaryimage\"},\"thumbnailUrl\":\"https:\\\/\\\/redenoticiaz.com.br\\\/litoralsp\\\/wp-content\\\/uploads\\\/sites\\\/3\\\/2021\\\/10\\\/vacina-pfizer.jpg\",\"datePublished\":\"2021-10-20T14:20:30+00:00\",\"dateModified\":\"2021-10-20T14:24:08+00:00\",\"description\":\"Mais um grupo est\u00e1 sendo testado pela farmac\u00eautica Pfizer. No Brasil, pessoas imunossuprimidas est\u00e3o passando por testes\",\"inLanguage\":\"pt-BR\",\"potentialAction\":[{\"@type\":\"ReadAction\",\"target\":[\"https:\\\/\\\/redenoticiaz.com.br\\\/litoralsp\\\/2021\\\/10\\\/20\\\/brasileiros-imunossuprimidos-sao-testadas-pela-pfizer\"]}]},{\"@type\":\"ImageObject\",\"inLanguage\":\"pt-BR\",\"@id\":\"https:\\\/\\\/redenoticiaz.com.br\\\/litoralsp\\\/2021\\\/10\\\/20\\\/brasileiros-imunossuprimidos-sao-testadas-pela-pfizer#primaryimage\",\"url\":\"https:\\\/\\\/redenoticiaz.com.br\\\/litoralsp\\\/wp-content\\\/uploads\\\/sites\\\/3\\\/2021\\\/10\\\/vacina-pfizer.jpg\",\"contentUrl\":\"https:\\\/\\\/redenoticiaz.com.br\\\/litoralsp\\\/wp-content\\\/uploads\\\/sites\\\/3\\\/2021\\\/10\\\/vacina-pfizer.jpg\",\"width\":984,\"height\":656},{\"@type\":\"WebSite\",\"@id\":\"https:\\\/\\\/redenoticiaz.com.br\\\/litoralsp\\\/#website\",\"url\":\"https:\\\/\\\/redenoticiaz.com.br\\\/litoralsp\\\/\",\"name\":\"Litoral SP\",\"description\":\"Rede NoticiaZ\",\"publisher\":{\"@id\":\"https:\\\/\\\/redenoticiaz.com.br\\\/litoralsp\\\/#organization\"},\"potentialAction\":[{\"@type\":\"SearchAction\",\"target\":{\"@type\":\"EntryPoint\",\"urlTemplate\":\"https:\\\/\\\/redenoticiaz.com.br\\\/litoralsp\\\/?s={search_term_string}\"},\"query-input\":{\"@type\":\"PropertyValueSpecification\",\"valueRequired\":true,\"valueName\":\"search_term_string\"}}],\"inLanguage\":\"pt-BR\"},{\"@type\":\"Organization\",\"@id\":\"https:\\\/\\\/redenoticiaz.com.br\\\/litoralsp\\\/#organization\",\"name\":\"Litoral SP\",\"url\":\"https:\\\/\\\/redenoticiaz.com.br\\\/litoralsp\\\/\",\"logo\":{\"@type\":\"ImageObject\",\"inLanguage\":\"pt-BR\",\"@id\":\"https:\\\/\\\/redenoticiaz.com.br\\\/litoralsp\\\/#\\\/schema\\\/logo\\\/image\\\/\",\"url\":\"https:\\\/\\\/redenoticiaz.com.br\\\/litoralsp\\\/wp-content\\\/uploads\\\/sites\\\/3\\\/2020\\\/11\\\/logo.jpg\",\"contentUrl\":\"https:\\\/\\\/redenoticiaz.com.br\\\/litoralsp\\\/wp-content\\\/uploads\\\/sites\\\/3\\\/2020\\\/11\\\/logo.jpg\",\"width\":400,\"height\":250,\"caption\":\"Litoral SP\"},\"image\":{\"@id\":\"https:\\\/\\\/redenoticiaz.com.br\\\/litoralsp\\\/#\\\/schema\\\/logo\\\/image\\\/\"}},{\"@type\":\"Person\",\"@id\":\"https:\\\/\\\/redenoticiaz.com.br\\\/litoralsp\\\/#\\\/schema\\\/person\\\/0f0b8a5bdafefe82841e07ae8d81ecb3\",\"name\":\"Leonardo Francisco\",\"image\":{\"@type\":\"ImageObject\",\"inLanguage\":\"pt-BR\",\"@id\":\"https:\\\/\\\/secure.gravatar.com\\\/avatar\\\/a7358cb406a99b682ec6df1e77e31ae82e63601f6784e8a3df411d72b37864da?s=96&d=mm&r=g\",\"url\":\"https:\\\/\\\/secure.gravatar.com\\\/avatar\\\/a7358cb406a99b682ec6df1e77e31ae82e63601f6784e8a3df411d72b37864da?s=96&d=mm&r=g\",\"contentUrl\":\"https:\\\/\\\/secure.gravatar.com\\\/avatar\\\/a7358cb406a99b682ec6df1e77e31ae82e63601f6784e8a3df411d72b37864da?s=96&d=mm&r=g\",\"caption\":\"Leonardo Francisco\"},\"url\":\"https:\\\/\\\/redenoticiaz.com.br\\\/litoralsp\\\/author\\\/leonardo-francisco\"}]}<\/script>\n<!-- \/ Yoast SEO plugin. -->","yoast_head_json":{"title":"Brasileiros imunossuprimidos s\u00e3o testadas pela Pfizer - Litoral SP","description":"Mais um grupo est\u00e1 sendo testado pela farmac\u00eautica Pfizer. No Brasil, pessoas imunossuprimidas est\u00e3o passando por testes","robots":{"index":"index","follow":"follow","max-snippet":"max-snippet:-1","max-image-preview":"max-image-preview:large","max-video-preview":"max-video-preview:-1"},"canonical":"https:\/\/redenoticiaz.com.br\/litoralsp\/2021\/10\/20\/brasileiros-imunossuprimidos-sao-testadas-pela-pfizer","og_locale":"pt_BR","og_type":"article","og_title":"Brasileiros imunossuprimidos s\u00e3o testadas pela Pfizer - Litoral SP","og_description":"Mais um grupo est\u00e1 sendo testado pela farmac\u00eautica Pfizer. No Brasil, pessoas imunossuprimidas est\u00e3o passando por testes","og_url":"https:\/\/redenoticiaz.com.br\/litoralsp\/2021\/10\/20\/brasileiros-imunossuprimidos-sao-testadas-pela-pfizer","og_site_name":"Litoral SP","article_published_time":"2021-10-20T14:20:30+00:00","article_modified_time":"2021-10-20T14:24:08+00:00","og_image":[{"width":984,"height":656,"url":"https:\/\/redenoticiaz.com.br\/litoralsp\/wp-content\/uploads\/sites\/3\/2021\/10\/vacina-pfizer.jpg","type":"image\/jpeg"}],"author":"Leonardo Francisco","twitter_card":"summary_large_image","twitter_misc":{"Escrito por":"Leonardo Francisco","Est. tempo de leitura":"1 minuto"},"schema":{"@context":"https:\/\/schema.org","@graph":[{"@type":"Article","@id":"https:\/\/redenoticiaz.com.br\/litoralsp\/2021\/10\/20\/brasileiros-imunossuprimidos-sao-testadas-pela-pfizer#article","isPartOf":{"@id":"https:\/\/redenoticiaz.com.br\/litoralsp\/2021\/10\/20\/brasileiros-imunossuprimidos-sao-testadas-pela-pfizer"},"author":{"name":"Leonardo Francisco","@id":"https:\/\/redenoticiaz.com.br\/litoralsp\/#\/schema\/person\/0f0b8a5bdafefe82841e07ae8d81ecb3"},"headline":"Brasileiros imunossuprimidos s\u00e3o testadas pela Pfizer","datePublished":"2021-10-20T14:20:30+00:00","dateModified":"2021-10-20T14:24:08+00:00","mainEntityOfPage":{"@id":"https:\/\/redenoticiaz.com.br\/litoralsp\/2021\/10\/20\/brasileiros-imunossuprimidos-sao-testadas-pela-pfizer"},"wordCount":272,"commentCount":0,"publisher":{"@id":"https:\/\/redenoticiaz.com.br\/litoralsp\/#organization"},"image":{"@id":"https:\/\/redenoticiaz.com.br\/litoralsp\/2021\/10\/20\/brasileiros-imunossuprimidos-sao-testadas-pela-pfizer#primaryimage"},"thumbnailUrl":"https:\/\/redenoticiaz.com.br\/litoralsp\/wp-content\/uploads\/sites\/3\/2021\/10\/vacina-pfizer.jpg","keywords":["Alemanha","Brasil","Crian\u00e7as","Estados Unidos","PESSOAS IMUNOSSUPRIMIDAS","Pfizer","TESTE DA VACINA"],"articleSection":["Sa\u00fade"],"inLanguage":"pt-BR","potentialAction":[{"@type":"CommentAction","name":"Comment","target":["https:\/\/redenoticiaz.com.br\/litoralsp\/2021\/10\/20\/brasileiros-imunossuprimidos-sao-testadas-pela-pfizer#respond"]}]},{"@type":"WebPage","@id":"https:\/\/redenoticiaz.com.br\/litoralsp\/2021\/10\/20\/brasileiros-imunossuprimidos-sao-testadas-pela-pfizer","url":"https:\/\/redenoticiaz.com.br\/litoralsp\/2021\/10\/20\/brasileiros-imunossuprimidos-sao-testadas-pela-pfizer","name":"Brasileiros imunossuprimidos s\u00e3o testadas pela Pfizer - Litoral SP","isPartOf":{"@id":"https:\/\/redenoticiaz.com.br\/litoralsp\/#website"},"primaryImageOfPage":{"@id":"https:\/\/redenoticiaz.com.br\/litoralsp\/2021\/10\/20\/brasileiros-imunossuprimidos-sao-testadas-pela-pfizer#primaryimage"},"image":{"@id":"https:\/\/redenoticiaz.com.br\/litoralsp\/2021\/10\/20\/brasileiros-imunossuprimidos-sao-testadas-pela-pfizer#primaryimage"},"thumbnailUrl":"https:\/\/redenoticiaz.com.br\/litoralsp\/wp-content\/uploads\/sites\/3\/2021\/10\/vacina-pfizer.jpg","datePublished":"2021-10-20T14:20:30+00:00","dateModified":"2021-10-20T14:24:08+00:00","description":"Mais um grupo est\u00e1 sendo testado pela farmac\u00eautica Pfizer. No Brasil, pessoas imunossuprimidas est\u00e3o passando por testes","inLanguage":"pt-BR","potentialAction":[{"@type":"ReadAction","target":["https:\/\/redenoticiaz.com.br\/litoralsp\/2021\/10\/20\/brasileiros-imunossuprimidos-sao-testadas-pela-pfizer"]}]},{"@type":"ImageObject","inLanguage":"pt-BR","@id":"https:\/\/redenoticiaz.com.br\/litoralsp\/2021\/10\/20\/brasileiros-imunossuprimidos-sao-testadas-pela-pfizer#primaryimage","url":"https:\/\/redenoticiaz.com.br\/litoralsp\/wp-content\/uploads\/sites\/3\/2021\/10\/vacina-pfizer.jpg","contentUrl":"https:\/\/redenoticiaz.com.br\/litoralsp\/wp-content\/uploads\/sites\/3\/2021\/10\/vacina-pfizer.jpg","width":984,"height":656},{"@type":"WebSite","@id":"https:\/\/redenoticiaz.com.br\/litoralsp\/#website","url":"https:\/\/redenoticiaz.com.br\/litoralsp\/","name":"Litoral SP","description":"Rede NoticiaZ","publisher":{"@id":"https:\/\/redenoticiaz.com.br\/litoralsp\/#organization"},"potentialAction":[{"@type":"SearchAction","target":{"@type":"EntryPoint","urlTemplate":"https:\/\/redenoticiaz.com.br\/litoralsp\/?s={search_term_string}"},"query-input":{"@type":"PropertyValueSpecification","valueRequired":true,"valueName":"search_term_string"}}],"inLanguage":"pt-BR"},{"@type":"Organization","@id":"https:\/\/redenoticiaz.com.br\/litoralsp\/#organization","name":"Litoral SP","url":"https:\/\/redenoticiaz.com.br\/litoralsp\/","logo":{"@type":"ImageObject","inLanguage":"pt-BR","@id":"https:\/\/redenoticiaz.com.br\/litoralsp\/#\/schema\/logo\/image\/","url":"https:\/\/redenoticiaz.com.br\/litoralsp\/wp-content\/uploads\/sites\/3\/2020\/11\/logo.jpg","contentUrl":"https:\/\/redenoticiaz.com.br\/litoralsp\/wp-content\/uploads\/sites\/3\/2020\/11\/logo.jpg","width":400,"height":250,"caption":"Litoral SP"},"image":{"@id":"https:\/\/redenoticiaz.com.br\/litoralsp\/#\/schema\/logo\/image\/"}},{"@type":"Person","@id":"https:\/\/redenoticiaz.com.br\/litoralsp\/#\/schema\/person\/0f0b8a5bdafefe82841e07ae8d81ecb3","name":"Leonardo Francisco","image":{"@type":"ImageObject","inLanguage":"pt-BR","@id":"https:\/\/secure.gravatar.com\/avatar\/a7358cb406a99b682ec6df1e77e31ae82e63601f6784e8a3df411d72b37864da?s=96&d=mm&r=g","url":"https:\/\/secure.gravatar.com\/avatar\/a7358cb406a99b682ec6df1e77e31ae82e63601f6784e8a3df411d72b37864da?s=96&d=mm&r=g","contentUrl":"https:\/\/secure.gravatar.com\/avatar\/a7358cb406a99b682ec6df1e77e31ae82e63601f6784e8a3df411d72b37864da?s=96&d=mm&r=g","caption":"Leonardo Francisco"},"url":"https:\/\/redenoticiaz.com.br\/litoralsp\/author\/leonardo-francisco"}]}},"_links":{"self":[{"href":"https:\/\/redenoticiaz.com.br\/litoralsp\/wp-json\/wp\/v2\/posts\/16805","targetHints":{"allow":["GET"]}}],"collection":[{"href":"https:\/\/redenoticiaz.com.br\/litoralsp\/wp-json\/wp\/v2\/posts"}],"about":[{"href":"https:\/\/redenoticiaz.com.br\/litoralsp\/wp-json\/wp\/v2\/types\/post"}],"author":[{"embeddable":true,"href":"https:\/\/redenoticiaz.com.br\/litoralsp\/wp-json\/wp\/v2\/users\/6"}],"replies":[{"embeddable":true,"href":"https:\/\/redenoticiaz.com.br\/litoralsp\/wp-json\/wp\/v2\/comments?post=16805"}],"version-history":[{"count":1,"href":"https:\/\/redenoticiaz.com.br\/litoralsp\/wp-json\/wp\/v2\/posts\/16805\/revisions"}],"predecessor-version":[{"id":16807,"href":"https:\/\/redenoticiaz.com.br\/litoralsp\/wp-json\/wp\/v2\/posts\/16805\/revisions\/16807"}],"wp:featuredmedia":[{"embeddable":true,"href":"https:\/\/redenoticiaz.com.br\/litoralsp\/wp-json\/wp\/v2\/media\/16806"}],"wp:attachment":[{"href":"https:\/\/redenoticiaz.com.br\/litoralsp\/wp-json\/wp\/v2\/media?parent=16805"}],"wp:term":[{"taxonomy":"category","embeddable":true,"href":"https:\/\/redenoticiaz.com.br\/litoralsp\/wp-json\/wp\/v2\/categories?post=16805"},{"taxonomy":"post_tag","embeddable":true,"href":"https:\/\/redenoticiaz.com.br\/litoralsp\/wp-json\/wp\/v2\/tags?post=16805"}],"curies":[{"name":"wp","href":"https:\/\/api.w.org\/{rel}","templated":true}]}}