{"id":16812,"date":"2021-10-20T11:51:02","date_gmt":"2021-10-20T14:51:02","guid":{"rendered":"https:\/\/redenoticiaz.com.br\/litoralsp\/2021\/10\/20\/relatorio-final-da-cpi-da-covid-e-entregue-com-1-180-paginas"},"modified":"2021-10-20T11:56:38","modified_gmt":"2021-10-20T14:56:38","slug":"relatorio-final-da-cpi-da-covid-e-entregue-com-1-180-paginas","status":"publish","type":"post","link":"https:\/\/redenoticiaz.com.br\/litoralsp\/2021\/10\/20\/relatorio-final-da-cpi-da-covid-e-entregue-com-1-180-paginas","title":{"rendered":"Relat\u00f3rio final da CPI da Covid \u00e9 entregue com 1.180 p\u00e1ginas"},"content":{"rendered":"<p>Nesta quarta-feira (20), o relator da <strong>CPI da Covid<\/strong>, o senador Renan Calheiros (MDB-AL) entregou e registrou o <strong>relat\u00f3rio final que cont\u00e9m 1.180 p\u00e1ginas<\/strong>. No texto, 68 indiciamentos, entre pessoas f\u00edsicas e empresas. O presidente Jair Bolsonaro (Sem partido) est\u00e1 inclu\u00eddo no pedido.<\/p>\n<p>Renan far\u00e1 a leitura do documento na sess\u00e3o da CPI, marcada para esta quarta-feira. O relator chegou \u00e0 vers\u00e3o final depois de debates, desde o in\u00edcio da semana, com demais integrantes da c\u00fapula da CPI. Antes do relat\u00f3rio final, foram apresentadas duas minutas.<\/p>\n<div class=\"mc-column content-text active-extra-styles \" data-block-type=\"unstyled\" data-block-weight=\"29\" data-block-id=\"6\">\n<p class=\"content-text__container \" data-track-category=\"Link no Texto\" data-track-links=\"\">Uma vers\u00e3o preliminar, que vazou no fim da semana passada, gerou diverg\u00eancia entre os integrantes do grupo. Uma reuni\u00e3o na noite desta ter\u00e7a (19) selou o acordo final.<\/p>\n<\/div>\n<div class=\"mc-column content-text active-extra-styles \" data-block-type=\"unstyled\" data-block-weight=\"14\" data-block-id=\"7\">\n<h5 class=\"content-text__container \" data-track-category=\"Link no Texto\">No caso de Bolsonaro, o relator pede indiciamento por 10 crimes:<\/h5>\n<\/div>\n<div class=\"mc-column content-text active-extra-styles\" data-block-type=\"raw\" data-block-weight=\"39\" data-block-id=\"8\">\n<ul class=\"content-unordered-list\">\n<li>epidemia com resultado morte;<\/li>\n<li>infra\u00e7\u00e3o de medida sanit\u00e1ria preventiva;<\/li>\n<li>charlatanismo;<\/li>\n<li>incita\u00e7\u00e3o ao crime;<\/li>\n<li>falsifica\u00e7\u00e3o de documento particular;<\/li>\n<li>emprego irregular de verbas p\u00fablicas;<\/li>\n<li>prevarica\u00e7\u00e3o;<\/li>\n<li>crimes contra a humanidade;<\/li>\n<li>viola\u00e7\u00e3o de direito social;<\/li>\n<li>incompatibilidade com dignidade, honra e decoro do cargo.<\/li>\n<\/ul>\n<h3>Os outros pedidos de indiciamento<\/h3>\n<p>Os tr\u00eas filhos de Bolsonaro, quatro ministros, dois ex-ministros e cinco deputados federais tamb\u00e9m foram pedidos para serem indiciados. De acordo com Renan Calheiros, tamb\u00e9m h\u00e1 o desejo para que empres\u00e1rios, m\u00e9dicos e blogueiros. O relator identificou, ao longo de 1.180 p\u00e1ginas, o cometimento de mais de 20 crimes.<\/p>\n<p><a href=\"http:\/\/estaticog1.globo.com\/2021\/10\/20\/cpidacovidrelatoriofinal.pdf?_ga=2.218528985.1772713468.1633874094-8cffd3b7-8a29-3267-2c8a-89d3915c521b\">Acompanhe a vers\u00e3o final do relat\u00f3rio da CPI da Covid<\/a><\/p>\n<div class=\"mc-column content-text active-extra-styles \" data-block-type=\"unstyled\" data-block-weight=\"4\" data-block-id=\"14\">\n<h5 class=\"content-text__container \" data-track-category=\"Link no Texto\"><strong>Veja a lista completa:<\/strong><\/h5>\n<\/div>\n<div class=\"mc-column content-text active-extra-styles \" data-block-type=\"unstyled\" data-block-weight=\"5\" data-block-id=\"15\">\n<p class=\"content-text__container \" data-track-category=\"Link no Texto\" data-track-links=\"\"><strong>Ministros<\/strong><\/p>\n<\/div>\n<div class=\"mc-column content-text active-extra-styles\" data-block-type=\"raw\" data-block-weight=\"34\" data-block-id=\"16\">\n<ul class=\"content-unordered-list\">\n<li><strong>Marcelo Queiroga<\/strong>\u00a0(Sa\u00fade) : epidemia com resultado morte e prevarica\u00e7\u00e3o<\/li>\n<li><strong>Onyx Lorenzoni<\/strong>\u00a0(Trabalho): incita\u00e7\u00e3o ao crime e crime contra a humanidade<\/li>\n<li><strong>Wagner Ros\u00e1rio<\/strong>\u00a0(Controladoria-Geral da Uni\u00e3o): prevarica\u00e7\u00e3o<\/li>\n<li><strong>Braga Netto<\/strong>\u00a0(Defesa): epidemia com resultado morte<\/li>\n<\/ul>\n<\/div>\n<div class=\"mc-column content-text active-extra-styles \" data-block-type=\"unstyled\" data-block-weight=\"4\" data-block-id=\"17\">\n<p class=\"content-text__container \" data-track-category=\"Link no Texto\" data-track-links=\"\"><strong>Ex-ministros<\/strong><\/p>\n<\/div>\n<div class=\"mc-column content-text active-extra-styles\" data-block-type=\"raw\" data-block-weight=\"34\" data-block-id=\"18\">\n<ul class=\"content-unordered-list\">\n<li><strong>Eduardo Pazuello<\/strong>\u00a0(Sa\u00fade): epidemia com resultado morte, emprego irregular de verbas p\u00fablicas, prevarica\u00e7\u00e3o, comunica\u00e7\u00e3o falsa de crime e crime contra a humanidade<\/li>\n<li><strong>Ernesto Ara\u00fajo<\/strong>\u00a0(Rela\u00e7\u00f5es Exteriores): epidemia com resultado morte e incita\u00e7\u00e3o ao crime<\/li>\n<\/ul>\n<\/div>\n<div class=\"mc-column content-text active-extra-styles \" data-block-type=\"unstyled\" data-block-weight=\"4\" data-block-id=\"19\">\n<p class=\"content-text__container \" data-track-category=\"Link no Texto\" data-track-links=\"\"><strong>Filhos<\/strong><\/p>\n<\/div>\n<div class=\"mc-column content-text active-extra-styles\" data-block-type=\"raw\" data-block-weight=\"22\" data-block-id=\"20\">\n<ul class=\"content-unordered-list\">\n<li><strong>Eduardo Bolsonaro,\u00a0<\/strong>deputado federal (PSL-SP): incita\u00e7\u00e3o ao crime<\/li>\n<li><strong>Carlos Bolsonaro<\/strong>, vereador (Republicanos-RJ): incita\u00e7\u00e3o ao crime<\/li>\n<li><strong>Fl\u00e1vio Bolsonaro<\/strong>, senador (Patriota-RJ): incita\u00e7\u00e3o ao crime<\/li>\n<\/ul>\n<\/div>\n<div class=\"mc-column content-text active-extra-styles \" data-block-type=\"unstyled\" data-block-weight=\"5\" data-block-id=\"21\">\n<p class=\"content-text__container \" data-track-category=\"Link no Texto\" data-track-links=\"\"><strong>Deputados<\/strong><\/p>\n<\/div>\n<div class=\"mc-column content-text active-extra-styles\" data-block-type=\"raw\" data-block-weight=\"48\" data-block-id=\"22\">\n<ul class=\"content-unordered-list\">\n<li>Ricardo Barros (PP-PR): incita\u00e7\u00e3o ao crime, advocacia administrativa, forma\u00e7\u00e3o de organiza\u00e7\u00e3o criminosa e improbidade administrativa<\/li>\n<li>Bia Kicis (PSL-DF): incita\u00e7\u00e3o ao crime<\/li>\n<li>. Carla Zambelli (PSL-SP): incita\u00e7\u00e3o ao crime<\/li>\n<li>. Osmar Terra (MDB-RS): incita\u00e7\u00e3o ao crime e epidemia culposa com resultado morte<\/li>\n<li>. Carlos Jordy (PSL-RJ): incita\u00e7\u00e3o ao crime<\/li>\n<\/ul>\n<\/div>\n<div class=\"mc-column content-text active-extra-styles \" data-block-type=\"unstyled\" data-block-weight=\"5\" data-block-id=\"23\">\n<h5 class=\"content-text__container \" data-track-category=\"Link no Texto\"><strong>Empres\u00e1rios<\/strong><\/h5>\n<\/div>\n<div class=\"mc-column content-text active-extra-styles\" data-block-type=\"raw\" data-block-weight=\"103\" data-block-id=\"24\">\n<ul class=\"content-unordered-list\">\n<li><strong>Carlos Wizard<\/strong>: epidemia com resultado morte e incita\u00e7\u00e3o ao crime<\/li>\n<li><strong>Luciano Hang<\/strong>: incita\u00e7\u00e3o ao crime<\/li>\n<li><strong>Ot\u00e1vio Fakhoury<\/strong>: incita\u00e7\u00e3o ao crime<\/li>\n<li><strong>Francisco Emerson Maximian<\/strong>o: falsidade ideol\u00f3gica, uso de documento falso, fraude processual, fraude em contrato, forma\u00e7\u00e3o de organiza\u00e7\u00e3o criminosa e improbidade administrativa<\/li>\n<li><strong>Marcos Tolentino<\/strong>: fraude em contrato, forma\u00e7\u00e3o de organiza\u00e7\u00e3o criminosa e improbidade administrativa<\/li>\n<li><strong>Raimundo Nonato Brasil<\/strong>: corrup\u00e7\u00e3o ativa e improbidade administrativa<\/li>\n<li><strong>Fernando Parrillo<\/strong>: perigo para a vida ou sa\u00fade de outrem, omiss\u00e3o de notifica\u00e7\u00e3o de doen\u00e7a falsidade ideol\u00f3gica, crime contra a humanidade<\/li>\n<li><strong>Eduardo Parrillo<\/strong>: perigo para a vida ou sa\u00fade de outrem, omiss\u00e3o de notifica\u00e7\u00e3o de doen\u00e7a falsidade ideol\u00f3gica, crime contra a humanidade<\/li>\n<\/ul>\n<\/div>\n<div class=\"mc-column content-text active-extra-styles \" data-block-type=\"unstyled\" data-block-weight=\"8\" data-block-id=\"26\">\n<h5 class=\"content-text__container \" data-track-category=\"Link no Texto\"><strong>M\u00e9dicos e ligados \u00e0 sa\u00fade<\/strong><\/h5>\n<\/div>\n<div class=\"mc-column content-text active-extra-styles \" data-block-type=\"unstyled\" data-block-weight=\"9\" data-block-id=\"27\">\n<p class=\"content-text__container \" data-track-category=\"Link no Texto\" data-track-links=\"\">Nise Yamaguchi: epidemia com resultado morte<\/p>\n<\/div>\n<div class=\"mc-column content-text active-extra-styles \" data-block-type=\"unstyled\" data-block-weight=\"10\" data-block-id=\"28\">\n<p class=\"content-text__container \" data-track-category=\"Link no Texto\" data-track-links=\"\">Paolo Zanotto: epidemia com resultado morte<\/p>\n<\/div>\n<div class=\"mc-column content-text active-extra-styles \" data-block-type=\"unstyled\" data-block-weight=\"9\" data-block-id=\"29\">\n<p class=\"content-text__container \" data-track-category=\"Link no Texto\" data-track-links=\"\">Luciano Dias: epidemia com resultado morte<\/p>\n<\/div>\n<div class=\"mc-column content-text active-extra-styles \" data-block-type=\"unstyled\" data-block-weight=\"12\" data-block-id=\"30\">\n<p class=\"content-text__container \" data-track-category=\"Link no Texto\" data-track-links=\"\">Mauro Luiz de Brito Ribeiro: epidemia com resultado morte<\/p>\n<\/div>\n<div class=\"mc-column content-text active-extra-styles \" data-block-type=\"unstyled\" data-block-weight=\"27\" data-block-id=\"31\">\n<p class=\"content-text__container \" data-track-category=\"Link no Texto\" data-track-links=\"\">Pedro Benedito Batista Junior: perigo para a vida ou sa\u00fade de outrem, omiss\u00e3o de notifica\u00e7\u00e3o de doen\u00e7a, falsidade ideol\u00f3gica, crime contra a humanidade<\/p>\n<\/div>\n<div class=\"mc-column content-text active-extra-styles \" data-block-type=\"unstyled\" data-block-weight=\"12\" data-block-id=\"32\">\n<p class=\"content-text__container \" data-track-category=\"Link no Texto\" data-track-links=\"\">Daniella de Aguiar Moreira da Silva: homic\u00eddio simples<\/p>\n<\/div>\n<div class=\"mc-column content-text active-extra-styles \" data-block-type=\"unstyled\" data-block-weight=\"13\" data-block-id=\"33\">\n<p class=\"content-text__container \" data-track-category=\"Link no Texto\" data-track-links=\"\">Paola Werneck: perigo para a vida ou sa\u00fade de outrem;<\/p>\n<\/div>\n<div class=\"mc-column content-text active-extra-styles \" data-block-type=\"unstyled\" data-block-weight=\"18\" data-block-id=\"34\">\n<p class=\"content-text__container \" data-track-category=\"Link no Texto\" data-track-links=\"\">Carla Guerra: perigo para a vida ou sa\u00fade de outrem e crime contra a humanidade;<\/p>\n<\/div>\n<div class=\"mc-column content-text active-extra-styles \" data-block-type=\"unstyled\" data-block-weight=\"18\" data-block-id=\"35\">\n<p class=\"content-text__container \" data-track-category=\"Link no Texto\" data-track-links=\"\">Rodrigo Esper: perigo para a vida ou sa\u00fade de outrem e crime contra a humanidade;<\/p>\n<\/div>\n<div class=\"mc-column content-text active-extra-styles \" data-block-type=\"unstyled\" data-block-weight=\"18\" data-block-id=\"36\">\n<p class=\"content-text__container \" data-track-category=\"Link no Texto\" data-track-links=\"\">Fernando Oikawa: perigo para a vida ou sa\u00fade de outrem e crime contra a humanidade;<\/p>\n<\/div>\n<div class=\"mc-column content-text active-extra-styles \" data-block-type=\"unstyled\" data-block-weight=\"8\" data-block-id=\"37\">\n<p class=\"content-text__container \" data-track-category=\"Link no Texto\" data-track-links=\"\">Daniel Garrido Baena: falsidade ideol\u00f3gica;<\/p>\n<\/div>\n<div class=\"mc-column content-text active-extra-styles \" data-block-type=\"unstyled\" data-block-weight=\"9\" data-block-id=\"38\">\n<p class=\"content-text__container \" data-track-category=\"Link no Texto\" data-track-links=\"\">Jo\u00e3o Paulo F. Barros: falsidade ideol\u00f3gica;<\/p>\n<\/div>\n<div class=\"mc-column content-text active-extra-styles \" data-block-type=\"unstyled\" data-block-weight=\"9\" data-block-id=\"39\">\n<p class=\"content-text__container \" data-track-category=\"Link no Texto\" data-track-links=\"\">Fernanda de Oliveira Igarashi: falsidade ideol\u00f3gica;<\/p>\n<\/div>\n<div class=\"mc-column content-text active-extra-styles \" data-block-type=\"unstyled\" data-block-weight=\"9\" data-block-id=\"40\">\n<p class=\"content-text__container \" data-track-category=\"Link no Texto\" data-track-links=\"\">Fl\u00e1vio Cadegiani: crime contra a humanidade<\/p>\n<\/div>\n<div class=\"mc-column content-text active-extra-styles \" data-block-type=\"unstyled\" data-block-weight=\"6\" data-block-id=\"41\">\n<h5 class=\"content-text__container \" data-track-category=\"Link no Texto\"><strong>Assessores e ex-assessores<\/strong><\/h5>\n<\/div>\n<div class=\"mc-column content-text active-extra-styles \" data-block-type=\"unstyled\" data-block-weight=\"12\" data-block-id=\"42\">\n<p class=\"content-text__container \" data-track-category=\"Link no Texto\" data-track-links=\"\">Elcio Franco: epidemia com resultado morte e improbidade administrativa;<\/p>\n<p class=\"content-text__container \" data-track-category=\"Link no Texto\" data-track-links=\"\">Mayra Pinheiro: epidemia com resultado morte, prevarica\u00e7\u00e3o e crime contra a humanidade;<\/p>\n<\/div>\n<div class=\"mc-column content-text active-extra-styles \" data-block-type=\"unstyled\" data-block-weight=\"14\" data-block-id=\"44\">\n<p class=\"content-text__container \" data-track-category=\"Link no Texto\" data-track-links=\"\">Roberto Dias: corrup\u00e7\u00e3o passiva, forma\u00e7\u00e3o de organiza\u00e7\u00e3o criminosa e improbidade administrativa;<\/p>\n<\/div>\n<div class=\"mc-column content-text active-extra-styles \" data-block-type=\"unstyled\" data-block-weight=\"9\" data-block-id=\"45\">\n<p class=\"content-text__container \" data-track-category=\"Link no Texto\" data-track-links=\"\">Airton Soligo: usurpa\u00e7\u00e3o de fun\u00e7\u00e3o p\u00fablica;<\/p>\n<\/div>\n<div class=\"mc-column content-text active-extra-styles \" data-block-type=\"unstyled\" data-block-weight=\"9\" data-block-id=\"46\">\n<p class=\"content-text__container \" data-track-category=\"Link no Texto\" data-track-links=\"\">Arthur Weintraub: epidemia com resultado morte<\/p>\n<\/div>\n<div class=\"mc-column content-text active-extra-styles \" data-block-type=\"unstyled\" data-block-weight=\"8\" data-block-id=\"47\">\n<p class=\"content-text__container \" data-track-category=\"Link no Texto\" data-track-links=\"\">Roberto Goidanich: incita\u00e7\u00e3o ao crime;<\/p>\n<\/div>\n<div class=\"mc-column content-text active-extra-styles \" data-block-type=\"unstyled\" data-block-weight=\"10\" data-block-id=\"48\">\n<p class=\"content-text__container \" data-track-category=\"Link no Texto\" data-track-links=\"\">Jos\u00e9 Ricardo Santana: forma\u00e7\u00e3o de organiza\u00e7\u00e3o criminosa;<\/p>\n<\/div>\n<div class=\"mc-column content-text active-extra-styles \" data-block-type=\"unstyled\" data-block-weight=\"8\" data-block-id=\"49\">\n<p class=\"content-text__container \" data-track-category=\"Link no Texto\" data-track-links=\"\">F\u00e1bio Wajngarten: prevarica\u00e7\u00e3o e advocacia administrativa<\/p>\n<\/div>\n<div class=\"mc-column content-text active-extra-styles \" data-block-type=\"unstyled\" data-block-weight=\"6\" data-block-id=\"50\">\n<p class=\"content-text__container \" data-track-category=\"Link no Texto\" data-track-links=\"\">Marcelo Blanco: corrup\u00e7\u00e3o ativa<\/p>\n<\/div>\n<div class=\"mc-column content-text active-extra-styles \" data-block-type=\"unstyled\" data-block-weight=\"8\" data-block-id=\"51\">\n<p class=\"content-text__container \" data-track-category=\"Link no Texto\" data-track-links=\"\">Filipe Martins: incita\u00e7\u00e3o ao crime<\/p>\n<\/div>\n<div class=\"mc-column content-text active-extra-styles \" data-block-type=\"unstyled\" data-block-weight=\"9\" data-block-id=\"52\">\n<p class=\"content-text__container \" data-track-category=\"Link no Texto\" data-track-links=\"\">Tercio Arnaud Tomaz: incita\u00e7\u00e3o ao crime<\/p>\n<\/div>\n<div class=\"mc-column content-text active-extra-styles \" data-block-type=\"unstyled\" data-block-weight=\"4\" data-block-id=\"54\">\n<h5 class=\"content-text__container \" data-track-category=\"Link no Texto\"><strong>Outros<\/strong><\/h5>\n<\/div>\n<div class=\"mc-column content-text active-extra-styles \" data-block-type=\"unstyled\" data-block-weight=\"18\" data-block-id=\"55\">\n<p>Emanuela Medrades: falsidade ideol\u00f3gica, uso de documento falso, fraude processual, forma\u00e7\u00e3o de organiza\u00e7\u00e3o criminosa e improbidade administrativa<\/p>\n<\/div>\n<div class=\"mc-column content-text active-extra-styles \" data-block-type=\"unstyled\" data-block-weight=\"11\" data-block-id=\"56\">\n<p class=\"content-text__container \" data-track-category=\"Link no Texto\" data-track-links=\"\">T\u00falio Silveira: falsidade ideol\u00f3gica, uso de documento falso, improbidade administrativa<\/p>\n<\/div>\n<div class=\"mc-column content-text active-extra-styles \" data-block-type=\"unstyled\" data-block-weight=\"12\" data-block-id=\"57\">\n<p class=\"content-text__container \" data-track-category=\"Link no Texto\" data-track-links=\"\">Danilo Trento: fraude em contrato, forma\u00e7\u00e3o de organiza\u00e7\u00e3o criminosa, improbidade administrativa<\/p>\n<\/div>\n<div class=\"mc-column content-text active-extra-styles \" data-block-type=\"unstyled\" data-block-weight=\"10\" data-block-id=\"58\">\n<p class=\"content-text__container \" data-track-category=\"Link no Texto\" data-track-links=\"\">Andreia da Silva Lima: corrup\u00e7\u00e3o ativa e improbidade administrativa<\/p>\n<\/div>\n<div class=\"mc-column content-text active-extra-styles \" data-block-type=\"unstyled\" data-block-weight=\"9\" data-block-id=\"59\">\n<p class=\"content-text__container \" data-track-category=\"Link no Texto\" data-track-links=\"\">Carlos Alberto S\u00e1: corrup\u00e7\u00e3o ativa e improbidade administrativa<\/p>\n<\/div>\n<div class=\"mc-column content-text active-extra-styles \" data-block-type=\"unstyled\" data-block-weight=\"11\" data-block-id=\"60\">\n<p class=\"content-text__container \" data-track-category=\"Link no Texto\" data-track-links=\"\">Teresa Cristina Reis de S\u00e1: corrup\u00e7\u00e3o ativa e improbidade administrativa<\/p>\n<\/div>\n<div class=\"mc-column content-text active-extra-styles \" data-block-type=\"unstyled\" data-block-weight=\"8\" data-block-id=\"61\">\n<p class=\"content-text__container \" data-track-category=\"Link no Texto\" data-track-links=\"\">Marconny Nunes Ribeiro: forma\u00e7\u00e3o de organiza\u00e7\u00e3o criminosa<\/p>\n<\/div>\n<div class=\"mc-column content-text active-extra-styles \" data-block-type=\"unstyled\" data-block-weight=\"7\" data-block-id=\"62\">\n<p class=\"content-text__container \" data-track-category=\"Link no Texto\" data-track-links=\"\">Allan dos Santos: incita\u00e7\u00e3o ao crime<\/p>\n<\/div>\n<div class=\"mc-column content-text active-extra-styles \" data-block-type=\"unstyled\" data-block-weight=\"6\" data-block-id=\"63\">\n<p class=\"content-text__container \" data-track-category=\"Link no Texto\" data-track-links=\"\">Oswaldo Eust\u00e1quio: incita\u00e7\u00e3o ao crime<\/p>\n<\/div>\n<div class=\"mc-column content-text active-extra-styles \" data-block-type=\"unstyled\" data-block-weight=\"6\" data-block-id=\"64\">\n<p class=\"content-text__container \" data-track-category=\"Link no Texto\" data-track-links=\"\">Richards Pozzer: incita\u00e7\u00e3o ao crime<\/p>\n<\/div>\n<div class=\"mc-column content-text active-extra-styles \" data-block-type=\"unstyled\" data-block-weight=\"6\" data-block-id=\"65\">\n<p class=\"content-text__container \" data-track-category=\"Link no Texto\" data-track-links=\"\">Leandro Ruschel: incita\u00e7\u00e3o ao crime<\/p>\n<\/div>\n<div class=\"mc-column content-text active-extra-styles \" data-block-type=\"unstyled\" data-block-weight=\"6\" data-block-id=\"66\">\n<p class=\"content-text__container \" data-track-category=\"Link no Texto\" data-track-links=\"\">Roberto Goidanich: incita\u00e7\u00e3o ao crime<\/p>\n<\/div>\n<div class=\"mc-column content-text active-extra-styles \" data-block-type=\"unstyled\" data-block-weight=\"6\" data-block-id=\"67\">\n<p class=\"content-text__container \" data-track-category=\"Link no Texto\" data-track-links=\"\">Bernardo Kuster: incita\u00e7\u00e3o ao crime<\/p>\n<\/div>\n<div class=\"mc-column content-text active-extra-styles \" data-block-type=\"unstyled\" data-block-weight=\"6\" data-block-id=\"68\">\n<p class=\"content-text__container \" data-track-category=\"Link no Texto\" data-track-links=\"\">Roberto Jefferson: incita\u00e7\u00e3o ao crime<\/p>\n<\/div>\n<div class=\"mc-column content-text active-extra-styles \" data-block-type=\"unstyled\" data-block-weight=\"8\" data-block-id=\"69\">\n<p class=\"content-text__container \" data-track-category=\"Link no Texto\" data-track-links=\"\">Paulo Eneas: incita\u00e7\u00e3o ao crime<\/p>\n<\/div>\n<div class=\"mc-column content-text active-extra-styles \" data-block-type=\"unstyled\" data-block-weight=\"5\" data-block-id=\"70\">\n<p class=\"content-text__container \" data-track-category=\"Link no Texto\" data-track-links=\"\">Cristiano Carvalho: corrup\u00e7\u00e3o ativa<\/p>\n<\/div>\n<div class=\"mc-column content-text active-extra-styles \" data-block-type=\"unstyled\" data-block-weight=\"6\" data-block-id=\"71\">\n<p class=\"content-text__container \" data-track-category=\"Link no Texto\" data-track-links=\"\">Luiz Paulo Dominghetti: corrup\u00e7\u00e3o ativa<\/p>\n<\/div>\n<div class=\"mc-column content-text active-extra-styles \" data-block-type=\"unstyled\" data-block-weight=\"7\" data-block-id=\"72\">\n<p class=\"content-text__container \" data-track-category=\"Link no Texto\" data-track-links=\"\">Rafael Francisco Carmo Alves: corrup\u00e7\u00e3o ativa<\/p>\n<\/div>\n<div data-track-category=\"multicontent\" data-track-action=\"ultimo chunk conteudo\" data-track-noninteraction=\"false\" data-track-scroll=\"view\">\n<div class=\"mc-column content-text active-extra-styles \" data-block-type=\"unstyled\" data-block-weight=\"8\" data-block-id=\"73\">\n<p class=\"content-text__container \" data-track-category=\"Link no Texto\" data-track-links=\"\">Jos\u00e9 Odilon Torres: corrup\u00e7\u00e3o ativa<\/p>\n<\/div>\n<\/div>\n<\/div>\n","protected":false},"excerpt":{"rendered":"<p>Nesta quarta-feira (20), o relator da CPI da Covid, o senador Renan Calheiros (MDB-AL) entregou e registrou o relat\u00f3rio final que cont\u00e9m 1.180 p\u00e1ginas. No texto, 68 indiciamentos, entre pessoas f\u00edsicas e empresas. O presidente Jair Bolsonaro (Sem partido) est\u00e1 inclu\u00eddo no pedido. Renan far\u00e1 a leitura do documento na sess\u00e3o da CPI, marcada para &hellip;<\/p>\n","protected":false},"author":6,"featured_media":16813,"comment_status":"open","ping_status":"closed","sticky":false,"template":"","format":"standard","meta":{"footnotes":""},"categories":[22,15],"tags":[173,20391,38703,38704,18891],"class_list":["post-16812","post","type-post","status-publish","format-standard","has-post-thumbnail","hentry","category-justica","category-politica","tag-brasil","tag-cpi-da-covid","tag-crimes-na-pandemia","tag-relatorio-final","tag-senado-federal"],"yoast_head":"<!-- This site is optimized with the Yoast SEO plugin v27.5 - https:\/\/yoast.com\/product\/yoast-seo-wordpress\/ -->\n<title>Relat\u00f3rio final da CPI da Covid \u00e9 entregue com 1.180 p\u00e1ginas - Litoral SP<\/title>\n<meta name=\"description\" content=\"relator da CPI da Covid, o senador Renan Calheiros (MDB-AL) entregou e registrou o relat\u00f3rio final que cont\u00e9m 1.180 p\u00e1ginas.\" \/>\n<meta name=\"robots\" content=\"index, follow, max-snippet:-1, max-image-preview:large, max-video-preview:-1\" \/>\n<link rel=\"canonical\" href=\"https:\/\/redenoticiaz.com.br\/litoralsp\/2021\/10\/20\/relatorio-final-da-cpi-da-covid-e-entregue-com-1-180-paginas\" \/>\n<meta property=\"og:locale\" content=\"pt_BR\" \/>\n<meta property=\"og:type\" content=\"article\" \/>\n<meta property=\"og:title\" content=\"Relat\u00f3rio final da CPI da Covid \u00e9 entregue com 1.180 p\u00e1ginas - Litoral SP\" \/>\n<meta property=\"og:description\" content=\"relator da CPI da Covid, o senador Renan Calheiros (MDB-AL) entregou e registrou o relat\u00f3rio final que cont\u00e9m 1.180 p\u00e1ginas.\" \/>\n<meta property=\"og:url\" content=\"https:\/\/redenoticiaz.com.br\/litoralsp\/2021\/10\/20\/relatorio-final-da-cpi-da-covid-e-entregue-com-1-180-paginas\" \/>\n<meta property=\"og:site_name\" content=\"Litoral SP\" \/>\n<meta property=\"article:published_time\" content=\"2021-10-20T14:51:02+00:00\" \/>\n<meta property=\"article:modified_time\" content=\"2021-10-20T14:56:38+00:00\" \/>\n<meta property=\"og:image\" content=\"https:\/\/redenoticiaz.com.br\/litoralsp\/wp-content\/uploads\/sites\/3\/2021\/10\/calheiros.jpg\" \/>\n\t<meta property=\"og:image:width\" content=\"675\" \/>\n\t<meta property=\"og:image:height\" content=\"449\" \/>\n\t<meta property=\"og:image:type\" content=\"image\/jpeg\" \/>\n<meta name=\"author\" content=\"Leonardo Francisco\" \/>\n<meta name=\"twitter:card\" content=\"summary_large_image\" \/>\n<meta name=\"twitter:label1\" content=\"Escrito por\" \/>\n\t<meta name=\"twitter:data1\" content=\"Leonardo Francisco\" \/>\n\t<meta name=\"twitter:label2\" content=\"Est. tempo de leitura\" \/>\n\t<meta name=\"twitter:data2\" content=\"5 minutos\" \/>\n<script type=\"application\/ld+json\" class=\"yoast-schema-graph\">{\"@context\":\"https:\\\/\\\/schema.org\",\"@graph\":[{\"@type\":\"Article\",\"@id\":\"https:\\\/\\\/redenoticiaz.com.br\\\/litoralsp\\\/2021\\\/10\\\/20\\\/relatorio-final-da-cpi-da-covid-e-entregue-com-1-180-paginas#article\",\"isPartOf\":{\"@id\":\"https:\\\/\\\/redenoticiaz.com.br\\\/litoralsp\\\/2021\\\/10\\\/20\\\/relatorio-final-da-cpi-da-covid-e-entregue-com-1-180-paginas\"},\"author\":{\"name\":\"Leonardo Francisco\",\"@id\":\"https:\\\/\\\/redenoticiaz.com.br\\\/litoralsp\\\/#\\\/schema\\\/person\\\/0f0b8a5bdafefe82841e07ae8d81ecb3\"},\"headline\":\"Relat\u00f3rio final da CPI da Covid \u00e9 entregue com 1.180 p\u00e1ginas\",\"datePublished\":\"2021-10-20T14:51:02+00:00\",\"dateModified\":\"2021-10-20T14:56:38+00:00\",\"mainEntityOfPage\":{\"@id\":\"https:\\\/\\\/redenoticiaz.com.br\\\/litoralsp\\\/2021\\\/10\\\/20\\\/relatorio-final-da-cpi-da-covid-e-entregue-com-1-180-paginas\"},\"wordCount\":962,\"commentCount\":0,\"publisher\":{\"@id\":\"https:\\\/\\\/redenoticiaz.com.br\\\/litoralsp\\\/#organization\"},\"image\":{\"@id\":\"https:\\\/\\\/redenoticiaz.com.br\\\/litoralsp\\\/2021\\\/10\\\/20\\\/relatorio-final-da-cpi-da-covid-e-entregue-com-1-180-paginas#primaryimage\"},\"thumbnailUrl\":\"https:\\\/\\\/redenoticiaz.com.br\\\/litoralsp\\\/wp-content\\\/uploads\\\/sites\\\/3\\\/2021\\\/10\\\/calheiros.jpg\",\"keywords\":[\"Brasil\",\"CPI DA COVID\",\"CRIMES NA PANDEMIA\",\"RELAT\u00d3RIO FINAL\",\"SENADO FEDERAL\"],\"articleSection\":[\"Justi\u00e7a\",\"Pol\u00edtica\"],\"inLanguage\":\"pt-BR\",\"potentialAction\":[{\"@type\":\"CommentAction\",\"name\":\"Comment\",\"target\":[\"https:\\\/\\\/redenoticiaz.com.br\\\/litoralsp\\\/2021\\\/10\\\/20\\\/relatorio-final-da-cpi-da-covid-e-entregue-com-1-180-paginas#respond\"]}]},{\"@type\":\"WebPage\",\"@id\":\"https:\\\/\\\/redenoticiaz.com.br\\\/litoralsp\\\/2021\\\/10\\\/20\\\/relatorio-final-da-cpi-da-covid-e-entregue-com-1-180-paginas\",\"url\":\"https:\\\/\\\/redenoticiaz.com.br\\\/litoralsp\\\/2021\\\/10\\\/20\\\/relatorio-final-da-cpi-da-covid-e-entregue-com-1-180-paginas\",\"name\":\"Relat\u00f3rio final da CPI da Covid \u00e9 entregue com 1.180 p\u00e1ginas - Litoral SP\",\"isPartOf\":{\"@id\":\"https:\\\/\\\/redenoticiaz.com.br\\\/litoralsp\\\/#website\"},\"primaryImageOfPage\":{\"@id\":\"https:\\\/\\\/redenoticiaz.com.br\\\/litoralsp\\\/2021\\\/10\\\/20\\\/relatorio-final-da-cpi-da-covid-e-entregue-com-1-180-paginas#primaryimage\"},\"image\":{\"@id\":\"https:\\\/\\\/redenoticiaz.com.br\\\/litoralsp\\\/2021\\\/10\\\/20\\\/relatorio-final-da-cpi-da-covid-e-entregue-com-1-180-paginas#primaryimage\"},\"thumbnailUrl\":\"https:\\\/\\\/redenoticiaz.com.br\\\/litoralsp\\\/wp-content\\\/uploads\\\/sites\\\/3\\\/2021\\\/10\\\/calheiros.jpg\",\"datePublished\":\"2021-10-20T14:51:02+00:00\",\"dateModified\":\"2021-10-20T14:56:38+00:00\",\"description\":\"relator da CPI da Covid, o senador Renan Calheiros (MDB-AL) entregou e registrou o relat\u00f3rio final que cont\u00e9m 1.180 p\u00e1ginas.\",\"inLanguage\":\"pt-BR\",\"potentialAction\":[{\"@type\":\"ReadAction\",\"target\":[\"https:\\\/\\\/redenoticiaz.com.br\\\/litoralsp\\\/2021\\\/10\\\/20\\\/relatorio-final-da-cpi-da-covid-e-entregue-com-1-180-paginas\"]}]},{\"@type\":\"ImageObject\",\"inLanguage\":\"pt-BR\",\"@id\":\"https:\\\/\\\/redenoticiaz.com.br\\\/litoralsp\\\/2021\\\/10\\\/20\\\/relatorio-final-da-cpi-da-covid-e-entregue-com-1-180-paginas#primaryimage\",\"url\":\"https:\\\/\\\/redenoticiaz.com.br\\\/litoralsp\\\/wp-content\\\/uploads\\\/sites\\\/3\\\/2021\\\/10\\\/calheiros.jpg\",\"contentUrl\":\"https:\\\/\\\/redenoticiaz.com.br\\\/litoralsp\\\/wp-content\\\/uploads\\\/sites\\\/3\\\/2021\\\/10\\\/calheiros.jpg\",\"width\":675,\"height\":449,\"caption\":\"Cr\u00e9ditos: Divulga\u00e7\u00e3o\\\/Ag\u00eancia Senado\"},{\"@type\":\"WebSite\",\"@id\":\"https:\\\/\\\/redenoticiaz.com.br\\\/litoralsp\\\/#website\",\"url\":\"https:\\\/\\\/redenoticiaz.com.br\\\/litoralsp\\\/\",\"name\":\"Litoral SP\",\"description\":\"Rede NoticiaZ\",\"publisher\":{\"@id\":\"https:\\\/\\\/redenoticiaz.com.br\\\/litoralsp\\\/#organization\"},\"potentialAction\":[{\"@type\":\"SearchAction\",\"target\":{\"@type\":\"EntryPoint\",\"urlTemplate\":\"https:\\\/\\\/redenoticiaz.com.br\\\/litoralsp\\\/?s={search_term_string}\"},\"query-input\":{\"@type\":\"PropertyValueSpecification\",\"valueRequired\":true,\"valueName\":\"search_term_string\"}}],\"inLanguage\":\"pt-BR\"},{\"@type\":\"Organization\",\"@id\":\"https:\\\/\\\/redenoticiaz.com.br\\\/litoralsp\\\/#organization\",\"name\":\"Litoral SP\",\"url\":\"https:\\\/\\\/redenoticiaz.com.br\\\/litoralsp\\\/\",\"logo\":{\"@type\":\"ImageObject\",\"inLanguage\":\"pt-BR\",\"@id\":\"https:\\\/\\\/redenoticiaz.com.br\\\/litoralsp\\\/#\\\/schema\\\/logo\\\/image\\\/\",\"url\":\"https:\\\/\\\/redenoticiaz.com.br\\\/litoralsp\\\/wp-content\\\/uploads\\\/sites\\\/3\\\/2020\\\/11\\\/logo.jpg\",\"contentUrl\":\"https:\\\/\\\/redenoticiaz.com.br\\\/litoralsp\\\/wp-content\\\/uploads\\\/sites\\\/3\\\/2020\\\/11\\\/logo.jpg\",\"width\":400,\"height\":250,\"caption\":\"Litoral SP\"},\"image\":{\"@id\":\"https:\\\/\\\/redenoticiaz.com.br\\\/litoralsp\\\/#\\\/schema\\\/logo\\\/image\\\/\"}},{\"@type\":\"Person\",\"@id\":\"https:\\\/\\\/redenoticiaz.com.br\\\/litoralsp\\\/#\\\/schema\\\/person\\\/0f0b8a5bdafefe82841e07ae8d81ecb3\",\"name\":\"Leonardo Francisco\",\"image\":{\"@type\":\"ImageObject\",\"inLanguage\":\"pt-BR\",\"@id\":\"https:\\\/\\\/secure.gravatar.com\\\/avatar\\\/a7358cb406a99b682ec6df1e77e31ae82e63601f6784e8a3df411d72b37864da?s=96&d=mm&r=g\",\"url\":\"https:\\\/\\\/secure.gravatar.com\\\/avatar\\\/a7358cb406a99b682ec6df1e77e31ae82e63601f6784e8a3df411d72b37864da?s=96&d=mm&r=g\",\"contentUrl\":\"https:\\\/\\\/secure.gravatar.com\\\/avatar\\\/a7358cb406a99b682ec6df1e77e31ae82e63601f6784e8a3df411d72b37864da?s=96&d=mm&r=g\",\"caption\":\"Leonardo Francisco\"},\"url\":\"https:\\\/\\\/redenoticiaz.com.br\\\/litoralsp\\\/author\\\/leonardo-francisco\"}]}<\/script>\n<!-- \/ Yoast SEO plugin. -->","yoast_head_json":{"title":"Relat\u00f3rio final da CPI da Covid \u00e9 entregue com 1.180 p\u00e1ginas - Litoral SP","description":"relator da CPI da Covid, o senador Renan Calheiros (MDB-AL) entregou e registrou o relat\u00f3rio final que cont\u00e9m 1.180 p\u00e1ginas.","robots":{"index":"index","follow":"follow","max-snippet":"max-snippet:-1","max-image-preview":"max-image-preview:large","max-video-preview":"max-video-preview:-1"},"canonical":"https:\/\/redenoticiaz.com.br\/litoralsp\/2021\/10\/20\/relatorio-final-da-cpi-da-covid-e-entregue-com-1-180-paginas","og_locale":"pt_BR","og_type":"article","og_title":"Relat\u00f3rio final da CPI da Covid \u00e9 entregue com 1.180 p\u00e1ginas - Litoral SP","og_description":"relator da CPI da Covid, o senador Renan Calheiros (MDB-AL) entregou e registrou o relat\u00f3rio final que cont\u00e9m 1.180 p\u00e1ginas.","og_url":"https:\/\/redenoticiaz.com.br\/litoralsp\/2021\/10\/20\/relatorio-final-da-cpi-da-covid-e-entregue-com-1-180-paginas","og_site_name":"Litoral SP","article_published_time":"2021-10-20T14:51:02+00:00","article_modified_time":"2021-10-20T14:56:38+00:00","og_image":[{"width":675,"height":449,"url":"https:\/\/redenoticiaz.com.br\/litoralsp\/wp-content\/uploads\/sites\/3\/2021\/10\/calheiros.jpg","type":"image\/jpeg"}],"author":"Leonardo Francisco","twitter_card":"summary_large_image","twitter_misc":{"Escrito por":"Leonardo Francisco","Est. tempo de leitura":"5 minutos"},"schema":{"@context":"https:\/\/schema.org","@graph":[{"@type":"Article","@id":"https:\/\/redenoticiaz.com.br\/litoralsp\/2021\/10\/20\/relatorio-final-da-cpi-da-covid-e-entregue-com-1-180-paginas#article","isPartOf":{"@id":"https:\/\/redenoticiaz.com.br\/litoralsp\/2021\/10\/20\/relatorio-final-da-cpi-da-covid-e-entregue-com-1-180-paginas"},"author":{"name":"Leonardo Francisco","@id":"https:\/\/redenoticiaz.com.br\/litoralsp\/#\/schema\/person\/0f0b8a5bdafefe82841e07ae8d81ecb3"},"headline":"Relat\u00f3rio final da CPI da Covid \u00e9 entregue com 1.180 p\u00e1ginas","datePublished":"2021-10-20T14:51:02+00:00","dateModified":"2021-10-20T14:56:38+00:00","mainEntityOfPage":{"@id":"https:\/\/redenoticiaz.com.br\/litoralsp\/2021\/10\/20\/relatorio-final-da-cpi-da-covid-e-entregue-com-1-180-paginas"},"wordCount":962,"commentCount":0,"publisher":{"@id":"https:\/\/redenoticiaz.com.br\/litoralsp\/#organization"},"image":{"@id":"https:\/\/redenoticiaz.com.br\/litoralsp\/2021\/10\/20\/relatorio-final-da-cpi-da-covid-e-entregue-com-1-180-paginas#primaryimage"},"thumbnailUrl":"https:\/\/redenoticiaz.com.br\/litoralsp\/wp-content\/uploads\/sites\/3\/2021\/10\/calheiros.jpg","keywords":["Brasil","CPI DA COVID","CRIMES NA PANDEMIA","RELAT\u00d3RIO FINAL","SENADO FEDERAL"],"articleSection":["Justi\u00e7a","Pol\u00edtica"],"inLanguage":"pt-BR","potentialAction":[{"@type":"CommentAction","name":"Comment","target":["https:\/\/redenoticiaz.com.br\/litoralsp\/2021\/10\/20\/relatorio-final-da-cpi-da-covid-e-entregue-com-1-180-paginas#respond"]}]},{"@type":"WebPage","@id":"https:\/\/redenoticiaz.com.br\/litoralsp\/2021\/10\/20\/relatorio-final-da-cpi-da-covid-e-entregue-com-1-180-paginas","url":"https:\/\/redenoticiaz.com.br\/litoralsp\/2021\/10\/20\/relatorio-final-da-cpi-da-covid-e-entregue-com-1-180-paginas","name":"Relat\u00f3rio final da CPI da Covid \u00e9 entregue com 1.180 p\u00e1ginas - Litoral SP","isPartOf":{"@id":"https:\/\/redenoticiaz.com.br\/litoralsp\/#website"},"primaryImageOfPage":{"@id":"https:\/\/redenoticiaz.com.br\/litoralsp\/2021\/10\/20\/relatorio-final-da-cpi-da-covid-e-entregue-com-1-180-paginas#primaryimage"},"image":{"@id":"https:\/\/redenoticiaz.com.br\/litoralsp\/2021\/10\/20\/relatorio-final-da-cpi-da-covid-e-entregue-com-1-180-paginas#primaryimage"},"thumbnailUrl":"https:\/\/redenoticiaz.com.br\/litoralsp\/wp-content\/uploads\/sites\/3\/2021\/10\/calheiros.jpg","datePublished":"2021-10-20T14:51:02+00:00","dateModified":"2021-10-20T14:56:38+00:00","description":"relator da CPI da Covid, o senador Renan Calheiros (MDB-AL) entregou e registrou o relat\u00f3rio final que cont\u00e9m 1.180 p\u00e1ginas.","inLanguage":"pt-BR","potentialAction":[{"@type":"ReadAction","target":["https:\/\/redenoticiaz.com.br\/litoralsp\/2021\/10\/20\/relatorio-final-da-cpi-da-covid-e-entregue-com-1-180-paginas"]}]},{"@type":"ImageObject","inLanguage":"pt-BR","@id":"https:\/\/redenoticiaz.com.br\/litoralsp\/2021\/10\/20\/relatorio-final-da-cpi-da-covid-e-entregue-com-1-180-paginas#primaryimage","url":"https:\/\/redenoticiaz.com.br\/litoralsp\/wp-content\/uploads\/sites\/3\/2021\/10\/calheiros.jpg","contentUrl":"https:\/\/redenoticiaz.com.br\/litoralsp\/wp-content\/uploads\/sites\/3\/2021\/10\/calheiros.jpg","width":675,"height":449,"caption":"Cr\u00e9ditos: Divulga\u00e7\u00e3o\/Ag\u00eancia Senado"},{"@type":"WebSite","@id":"https:\/\/redenoticiaz.com.br\/litoralsp\/#website","url":"https:\/\/redenoticiaz.com.br\/litoralsp\/","name":"Litoral SP","description":"Rede NoticiaZ","publisher":{"@id":"https:\/\/redenoticiaz.com.br\/litoralsp\/#organization"},"potentialAction":[{"@type":"SearchAction","target":{"@type":"EntryPoint","urlTemplate":"https:\/\/redenoticiaz.com.br\/litoralsp\/?s={search_term_string}"},"query-input":{"@type":"PropertyValueSpecification","valueRequired":true,"valueName":"search_term_string"}}],"inLanguage":"pt-BR"},{"@type":"Organization","@id":"https:\/\/redenoticiaz.com.br\/litoralsp\/#organization","name":"Litoral SP","url":"https:\/\/redenoticiaz.com.br\/litoralsp\/","logo":{"@type":"ImageObject","inLanguage":"pt-BR","@id":"https:\/\/redenoticiaz.com.br\/litoralsp\/#\/schema\/logo\/image\/","url":"https:\/\/redenoticiaz.com.br\/litoralsp\/wp-content\/uploads\/sites\/3\/2020\/11\/logo.jpg","contentUrl":"https:\/\/redenoticiaz.com.br\/litoralsp\/wp-content\/uploads\/sites\/3\/2020\/11\/logo.jpg","width":400,"height":250,"caption":"Litoral SP"},"image":{"@id":"https:\/\/redenoticiaz.com.br\/litoralsp\/#\/schema\/logo\/image\/"}},{"@type":"Person","@id":"https:\/\/redenoticiaz.com.br\/litoralsp\/#\/schema\/person\/0f0b8a5bdafefe82841e07ae8d81ecb3","name":"Leonardo Francisco","image":{"@type":"ImageObject","inLanguage":"pt-BR","@id":"https:\/\/secure.gravatar.com\/avatar\/a7358cb406a99b682ec6df1e77e31ae82e63601f6784e8a3df411d72b37864da?s=96&d=mm&r=g","url":"https:\/\/secure.gravatar.com\/avatar\/a7358cb406a99b682ec6df1e77e31ae82e63601f6784e8a3df411d72b37864da?s=96&d=mm&r=g","contentUrl":"https:\/\/secure.gravatar.com\/avatar\/a7358cb406a99b682ec6df1e77e31ae82e63601f6784e8a3df411d72b37864da?s=96&d=mm&r=g","caption":"Leonardo Francisco"},"url":"https:\/\/redenoticiaz.com.br\/litoralsp\/author\/leonardo-francisco"}]}},"_links":{"self":[{"href":"https:\/\/redenoticiaz.com.br\/litoralsp\/wp-json\/wp\/v2\/posts\/16812","targetHints":{"allow":["GET"]}}],"collection":[{"href":"https:\/\/redenoticiaz.com.br\/litoralsp\/wp-json\/wp\/v2\/posts"}],"about":[{"href":"https:\/\/redenoticiaz.com.br\/litoralsp\/wp-json\/wp\/v2\/types\/post"}],"author":[{"embeddable":true,"href":"https:\/\/redenoticiaz.com.br\/litoralsp\/wp-json\/wp\/v2\/users\/6"}],"replies":[{"embeddable":true,"href":"https:\/\/redenoticiaz.com.br\/litoralsp\/wp-json\/wp\/v2\/comments?post=16812"}],"version-history":[{"count":1,"href":"https:\/\/redenoticiaz.com.br\/litoralsp\/wp-json\/wp\/v2\/posts\/16812\/revisions"}],"predecessor-version":[{"id":16819,"href":"https:\/\/redenoticiaz.com.br\/litoralsp\/wp-json\/wp\/v2\/posts\/16812\/revisions\/16819"}],"wp:featuredmedia":[{"embeddable":true,"href":"https:\/\/redenoticiaz.com.br\/litoralsp\/wp-json\/wp\/v2\/media\/16813"}],"wp:attachment":[{"href":"https:\/\/redenoticiaz.com.br\/litoralsp\/wp-json\/wp\/v2\/media?parent=16812"}],"wp:term":[{"taxonomy":"category","embeddable":true,"href":"https:\/\/redenoticiaz.com.br\/litoralsp\/wp-json\/wp\/v2\/categories?post=16812"},{"taxonomy":"post_tag","embeddable":true,"href":"https:\/\/redenoticiaz.com.br\/litoralsp\/wp-json\/wp\/v2\/tags?post=16812"}],"curies":[{"name":"wp","href":"https:\/\/api.w.org\/{rel}","templated":true}]}}