{"id":16818,"date":"2021-10-20T11:58:39","date_gmt":"2021-10-20T14:58:39","guid":{"rendered":"https:\/\/redenoticiaz.com.br\/litoralsp\/?p=16818"},"modified":"2021-10-20T11:58:39","modified_gmt":"2021-10-20T14:58:39","slug":"idosos-com-mais-de-60-anos-terao-isencao-da-taxa-no-transporte-publico-em-santos","status":"publish","type":"post","link":"https:\/\/redenoticiaz.com.br\/litoralsp\/2021\/10\/20\/idosos-com-mais-de-60-anos-terao-isencao-da-taxa-no-transporte-publico-em-santos","title":{"rendered":"Idosos com mais de 60 anos ter\u00e3o isen\u00e7\u00e3o da taxa no transporte p\u00fablico em Santos"},"content":{"rendered":"<p>A\u00a0<a href=\"https:\/\/www.camarasantos.sp.gov.br\/\">C\u00e2mara Municipal de Santos<\/a>\u00a0<strong>aprovou um projeto de lei (PL) que garante a isen\u00e7\u00e3o da tarifa no transporte coletivo p\u00fablico para pessoas acima de 60 anos<\/strong>. Atualmente, a gratuidade abrange idosos de 65 anos ou mais. Deste modo, a decis\u00e3o final vir\u00e1 do prefeito\u00a0Rog\u00e9rio Santos\u00a0entre sancionar ou vetar a PL.<\/p>\n<p>O projeto de lei, de autoria do vereador S\u00e9rgio Santana (PL), teve sua aprova\u00e7\u00e3o na \u00faltima ter\u00e7a-feira (19). Durante a 55\u00aa Sess\u00e3o Ordin\u00e1ria da C\u00e2mara Municipal.<\/p>\n<p>A justificativa de Santana vem do Estatuto do Idoso. &#8220;O estatuto hoje \u00e9 a principal refer\u00eancia legal para promover a inclus\u00e3o social e garantir os direitos desses cidad\u00e3os com mais de 60 anos de idade no Brasil. Mais abrangente que a Pol\u00edtica Nacional do Idoso, o estatuto considera os idosos como prioridade absoluta, e institui importantes direitos aos cidad\u00e3os da terceira idade&#8221;.<\/p>\n<p><strong>LEIA TAMB\u00c9M<\/strong><\/p>\n<p><a href=\"https:\/\/redenoticiaz.com.br\/litoralsp\/2021\/10\/20\/santos-autorizara-circulacao-de-cachorros-nas-praias-da-cidade\">Santos autorizar\u00e1 circula\u00e7\u00e3o de cachorros nas praias da cidade<\/a><\/p>\n","protected":false},"excerpt":{"rendered":"<p>A\u00a0C\u00e2mara Municipal de Santos\u00a0aprovou um projeto de lei (PL) que garante a isen\u00e7\u00e3o da tarifa no transporte coletivo p\u00fablico para pessoas acima de 60 anos. Atualmente, a gratuidade abrange idosos de 65 anos ou mais. Deste modo, a decis\u00e3o final vir\u00e1 do prefeito\u00a0Rog\u00e9rio Santos\u00a0entre sancionar ou vetar a PL. O projeto de lei, de autoria &hellip;<\/p>\n","protected":false},"author":11,"featured_media":16820,"comment_status":"open","ping_status":"closed","sticky":false,"template":"","format":"standard","meta":{"footnotes":""},"categories":[15,180],"tags":[38725,3554,38726,13939],"class_list":["post-16818","post","type-post","status-publish","format-standard","has-post-thumbnail","hentry","category-politica","category-santos","tag-60-anos","tag-idosos","tag-isencao-da-taxa","tag-transporte-publico"],"yoast_head":"<!-- This site is optimized with the Yoast SEO plugin v27.5 - https:\/\/yoast.com\/product\/yoast-seo-wordpress\/ -->\n<title>Idosos com mais de 60 anos ter\u00e3o isen\u00e7\u00e3o da taxa no transporte p\u00fablico em Santos - Litoral SP<\/title>\n<meta name=\"description\" content=\"A\u00a0C\u00e2mara Municipal de Santos\u00a0aprovou um projeto de lei (PL) que garante a isen\u00e7\u00e3o da tarifa no transporte coletivo p\u00fablico para pessoas\" \/>\n<meta name=\"robots\" content=\"index, follow, max-snippet:-1, max-image-preview:large, max-video-preview:-1\" \/>\n<link rel=\"canonical\" href=\"https:\/\/redenoticiaz.com.br\/litoralsp\/2021\/10\/20\/idosos-com-mais-de-60-anos-terao-isencao-da-taxa-no-transporte-publico-em-santos\" \/>\n<meta property=\"og:locale\" content=\"pt_BR\" \/>\n<meta property=\"og:type\" content=\"article\" \/>\n<meta property=\"og:title\" content=\"Idosos com mais de 60 anos ter\u00e3o isen\u00e7\u00e3o da taxa no transporte p\u00fablico em Santos - Litoral SP\" \/>\n<meta property=\"og:description\" content=\"A\u00a0C\u00e2mara Municipal de Santos\u00a0aprovou um projeto de lei (PL) que garante a isen\u00e7\u00e3o da tarifa no transporte coletivo p\u00fablico para pessoas\" \/>\n<meta property=\"og:url\" content=\"https:\/\/redenoticiaz.com.br\/litoralsp\/2021\/10\/20\/idosos-com-mais-de-60-anos-terao-isencao-da-taxa-no-transporte-publico-em-santos\" \/>\n<meta property=\"og:site_name\" content=\"Litoral SP\" \/>\n<meta property=\"article:published_time\" content=\"2021-10-20T14:58:39+00:00\" \/>\n<meta property=\"og:image\" content=\"https:\/\/redenoticiaz.com.br\/litoralsp\/wp-content\/uploads\/sites\/3\/2021\/10\/onibus-municipal-francisco-arrais-prefeitura-de-santos.jpg\" \/>\n\t<meta property=\"og:image:width\" content=\"522\" \/>\n\t<meta property=\"og:image:height\" content=\"348\" \/>\n\t<meta property=\"og:image:type\" content=\"image\/jpeg\" \/>\n<meta name=\"twitter:card\" content=\"summary_large_image\" \/>\n<meta name=\"twitter:label1\" content=\"Escrito por\" \/>\n\t<meta name=\"twitter:data1\" content=\"\" \/>\n\t<meta name=\"twitter:label2\" content=\"Est. tempo de leitura\" \/>\n\t<meta name=\"twitter:data2\" content=\"1 minuto\" \/>\n<script type=\"application\/ld+json\" class=\"yoast-schema-graph\">{\"@context\":\"https:\\\/\\\/schema.org\",\"@graph\":[{\"@type\":\"Article\",\"@id\":\"https:\\\/\\\/redenoticiaz.com.br\\\/litoralsp\\\/2021\\\/10\\\/20\\\/idosos-com-mais-de-60-anos-terao-isencao-da-taxa-no-transporte-publico-em-santos#article\",\"isPartOf\":{\"@id\":\"https:\\\/\\\/redenoticiaz.com.br\\\/litoralsp\\\/2021\\\/10\\\/20\\\/idosos-com-mais-de-60-anos-terao-isencao-da-taxa-no-transporte-publico-em-santos\"},\"author\":{\"name\":\"\",\"@id\":\"\"},\"headline\":\"Idosos com mais de 60 anos ter\u00e3o isen\u00e7\u00e3o da taxa no transporte p\u00fablico em Santos\",\"datePublished\":\"2021-10-20T14:58:39+00:00\",\"mainEntityOfPage\":{\"@id\":\"https:\\\/\\\/redenoticiaz.com.br\\\/litoralsp\\\/2021\\\/10\\\/20\\\/idosos-com-mais-de-60-anos-terao-isencao-da-taxa-no-transporte-publico-em-santos\"},\"wordCount\":181,\"commentCount\":0,\"publisher\":{\"@id\":\"https:\\\/\\\/redenoticiaz.com.br\\\/litoralsp\\\/#organization\"},\"image\":{\"@id\":\"https:\\\/\\\/redenoticiaz.com.br\\\/litoralsp\\\/2021\\\/10\\\/20\\\/idosos-com-mais-de-60-anos-terao-isencao-da-taxa-no-transporte-publico-em-santos#primaryimage\"},\"thumbnailUrl\":\"https:\\\/\\\/redenoticiaz.com.br\\\/litoralsp\\\/wp-content\\\/uploads\\\/sites\\\/3\\\/2021\\\/10\\\/onibus-municipal-francisco-arrais-prefeitura-de-santos.jpg\",\"keywords\":[\"60 ANOS\",\"IDOSOS\",\"ISEN\u00c7\u00c3O DA TAXA\",\"TRANSPORTE P\u00daBLICO\"],\"articleSection\":[\"Pol\u00edtica\",\"Santos\"],\"inLanguage\":\"pt-BR\",\"potentialAction\":[{\"@type\":\"CommentAction\",\"name\":\"Comment\",\"target\":[\"https:\\\/\\\/redenoticiaz.com.br\\\/litoralsp\\\/2021\\\/10\\\/20\\\/idosos-com-mais-de-60-anos-terao-isencao-da-taxa-no-transporte-publico-em-santos#respond\"]}]},{\"@type\":\"WebPage\",\"@id\":\"https:\\\/\\\/redenoticiaz.com.br\\\/litoralsp\\\/2021\\\/10\\\/20\\\/idosos-com-mais-de-60-anos-terao-isencao-da-taxa-no-transporte-publico-em-santos\",\"url\":\"https:\\\/\\\/redenoticiaz.com.br\\\/litoralsp\\\/2021\\\/10\\\/20\\\/idosos-com-mais-de-60-anos-terao-isencao-da-taxa-no-transporte-publico-em-santos\",\"name\":\"Idosos com mais de 60 anos ter\u00e3o isen\u00e7\u00e3o da taxa no transporte p\u00fablico em Santos - Litoral SP\",\"isPartOf\":{\"@id\":\"https:\\\/\\\/redenoticiaz.com.br\\\/litoralsp\\\/#website\"},\"primaryImageOfPage\":{\"@id\":\"https:\\\/\\\/redenoticiaz.com.br\\\/litoralsp\\\/2021\\\/10\\\/20\\\/idosos-com-mais-de-60-anos-terao-isencao-da-taxa-no-transporte-publico-em-santos#primaryimage\"},\"image\":{\"@id\":\"https:\\\/\\\/redenoticiaz.com.br\\\/litoralsp\\\/2021\\\/10\\\/20\\\/idosos-com-mais-de-60-anos-terao-isencao-da-taxa-no-transporte-publico-em-santos#primaryimage\"},\"thumbnailUrl\":\"https:\\\/\\\/redenoticiaz.com.br\\\/litoralsp\\\/wp-content\\\/uploads\\\/sites\\\/3\\\/2021\\\/10\\\/onibus-municipal-francisco-arrais-prefeitura-de-santos.jpg\",\"datePublished\":\"2021-10-20T14:58:39+00:00\",\"description\":\"A\u00a0C\u00e2mara Municipal de Santos\u00a0aprovou um projeto de lei (PL) que garante a isen\u00e7\u00e3o da tarifa no transporte coletivo p\u00fablico para pessoas\",\"inLanguage\":\"pt-BR\",\"potentialAction\":[{\"@type\":\"ReadAction\",\"target\":[\"https:\\\/\\\/redenoticiaz.com.br\\\/litoralsp\\\/2021\\\/10\\\/20\\\/idosos-com-mais-de-60-anos-terao-isencao-da-taxa-no-transporte-publico-em-santos\"]}]},{\"@type\":\"ImageObject\",\"inLanguage\":\"pt-BR\",\"@id\":\"https:\\\/\\\/redenoticiaz.com.br\\\/litoralsp\\\/2021\\\/10\\\/20\\\/idosos-com-mais-de-60-anos-terao-isencao-da-taxa-no-transporte-publico-em-santos#primaryimage\",\"url\":\"https:\\\/\\\/redenoticiaz.com.br\\\/litoralsp\\\/wp-content\\\/uploads\\\/sites\\\/3\\\/2021\\\/10\\\/onibus-municipal-francisco-arrais-prefeitura-de-santos.jpg\",\"contentUrl\":\"https:\\\/\\\/redenoticiaz.com.br\\\/litoralsp\\\/wp-content\\\/uploads\\\/sites\\\/3\\\/2021\\\/10\\\/onibus-municipal-francisco-arrais-prefeitura-de-santos.jpg\",\"width\":522,\"height\":348,\"caption\":\"Foto: Divulga\u00e7\u00e3o\"},{\"@type\":\"WebSite\",\"@id\":\"https:\\\/\\\/redenoticiaz.com.br\\\/litoralsp\\\/#website\",\"url\":\"https:\\\/\\\/redenoticiaz.com.br\\\/litoralsp\\\/\",\"name\":\"Litoral SP\",\"description\":\"Rede NoticiaZ\",\"publisher\":{\"@id\":\"https:\\\/\\\/redenoticiaz.com.br\\\/litoralsp\\\/#organization\"},\"potentialAction\":[{\"@type\":\"SearchAction\",\"target\":{\"@type\":\"EntryPoint\",\"urlTemplate\":\"https:\\\/\\\/redenoticiaz.com.br\\\/litoralsp\\\/?s={search_term_string}\"},\"query-input\":{\"@type\":\"PropertyValueSpecification\",\"valueRequired\":true,\"valueName\":\"search_term_string\"}}],\"inLanguage\":\"pt-BR\"},{\"@type\":\"Organization\",\"@id\":\"https:\\\/\\\/redenoticiaz.com.br\\\/litoralsp\\\/#organization\",\"name\":\"Litoral SP\",\"url\":\"https:\\\/\\\/redenoticiaz.com.br\\\/litoralsp\\\/\",\"logo\":{\"@type\":\"ImageObject\",\"inLanguage\":\"pt-BR\",\"@id\":\"https:\\\/\\\/redenoticiaz.com.br\\\/litoralsp\\\/#\\\/schema\\\/logo\\\/image\\\/\",\"url\":\"https:\\\/\\\/redenoticiaz.com.br\\\/litoralsp\\\/wp-content\\\/uploads\\\/sites\\\/3\\\/2020\\\/11\\\/logo.jpg\",\"contentUrl\":\"https:\\\/\\\/redenoticiaz.com.br\\\/litoralsp\\\/wp-content\\\/uploads\\\/sites\\\/3\\\/2020\\\/11\\\/logo.jpg\",\"width\":400,\"height\":250,\"caption\":\"Litoral SP\"},\"image\":{\"@id\":\"https:\\\/\\\/redenoticiaz.com.br\\\/litoralsp\\\/#\\\/schema\\\/logo\\\/image\\\/\"}},{\"@type\":\"Person\",\"@id\":\"\",\"url\":\"https:\\\/\\\/redenoticiaz.com.br\\\/litoralsp\\\/author\"}]}<\/script>\n<!-- \/ Yoast SEO plugin. -->","yoast_head_json":{"title":"Idosos com mais de 60 anos ter\u00e3o isen\u00e7\u00e3o da taxa no transporte p\u00fablico em Santos - Litoral SP","description":"A\u00a0C\u00e2mara Municipal de Santos\u00a0aprovou um projeto de lei (PL) que garante a isen\u00e7\u00e3o da tarifa no transporte coletivo p\u00fablico para pessoas","robots":{"index":"index","follow":"follow","max-snippet":"max-snippet:-1","max-image-preview":"max-image-preview:large","max-video-preview":"max-video-preview:-1"},"canonical":"https:\/\/redenoticiaz.com.br\/litoralsp\/2021\/10\/20\/idosos-com-mais-de-60-anos-terao-isencao-da-taxa-no-transporte-publico-em-santos","og_locale":"pt_BR","og_type":"article","og_title":"Idosos com mais de 60 anos ter\u00e3o isen\u00e7\u00e3o da taxa no transporte p\u00fablico em Santos - Litoral SP","og_description":"A\u00a0C\u00e2mara Municipal de Santos\u00a0aprovou um projeto de lei (PL) que garante a isen\u00e7\u00e3o da tarifa no transporte coletivo p\u00fablico para pessoas","og_url":"https:\/\/redenoticiaz.com.br\/litoralsp\/2021\/10\/20\/idosos-com-mais-de-60-anos-terao-isencao-da-taxa-no-transporte-publico-em-santos","og_site_name":"Litoral SP","article_published_time":"2021-10-20T14:58:39+00:00","og_image":[{"width":522,"height":348,"url":"https:\/\/redenoticiaz.com.br\/litoralsp\/wp-content\/uploads\/sites\/3\/2021\/10\/onibus-municipal-francisco-arrais-prefeitura-de-santos.jpg","type":"image\/jpeg"}],"twitter_card":"summary_large_image","twitter_misc":{"Escrito por":"","Est. tempo de leitura":"1 minuto"},"schema":{"@context":"https:\/\/schema.org","@graph":[{"@type":"Article","@id":"https:\/\/redenoticiaz.com.br\/litoralsp\/2021\/10\/20\/idosos-com-mais-de-60-anos-terao-isencao-da-taxa-no-transporte-publico-em-santos#article","isPartOf":{"@id":"https:\/\/redenoticiaz.com.br\/litoralsp\/2021\/10\/20\/idosos-com-mais-de-60-anos-terao-isencao-da-taxa-no-transporte-publico-em-santos"},"author":{"name":"","@id":""},"headline":"Idosos com mais de 60 anos ter\u00e3o isen\u00e7\u00e3o da taxa no transporte p\u00fablico em Santos","datePublished":"2021-10-20T14:58:39+00:00","mainEntityOfPage":{"@id":"https:\/\/redenoticiaz.com.br\/litoralsp\/2021\/10\/20\/idosos-com-mais-de-60-anos-terao-isencao-da-taxa-no-transporte-publico-em-santos"},"wordCount":181,"commentCount":0,"publisher":{"@id":"https:\/\/redenoticiaz.com.br\/litoralsp\/#organization"},"image":{"@id":"https:\/\/redenoticiaz.com.br\/litoralsp\/2021\/10\/20\/idosos-com-mais-de-60-anos-terao-isencao-da-taxa-no-transporte-publico-em-santos#primaryimage"},"thumbnailUrl":"https:\/\/redenoticiaz.com.br\/litoralsp\/wp-content\/uploads\/sites\/3\/2021\/10\/onibus-municipal-francisco-arrais-prefeitura-de-santos.jpg","keywords":["60 ANOS","IDOSOS","ISEN\u00c7\u00c3O DA TAXA","TRANSPORTE P\u00daBLICO"],"articleSection":["Pol\u00edtica","Santos"],"inLanguage":"pt-BR","potentialAction":[{"@type":"CommentAction","name":"Comment","target":["https:\/\/redenoticiaz.com.br\/litoralsp\/2021\/10\/20\/idosos-com-mais-de-60-anos-terao-isencao-da-taxa-no-transporte-publico-em-santos#respond"]}]},{"@type":"WebPage","@id":"https:\/\/redenoticiaz.com.br\/litoralsp\/2021\/10\/20\/idosos-com-mais-de-60-anos-terao-isencao-da-taxa-no-transporte-publico-em-santos","url":"https:\/\/redenoticiaz.com.br\/litoralsp\/2021\/10\/20\/idosos-com-mais-de-60-anos-terao-isencao-da-taxa-no-transporte-publico-em-santos","name":"Idosos com mais de 60 anos ter\u00e3o isen\u00e7\u00e3o da taxa no transporte p\u00fablico em Santos - Litoral SP","isPartOf":{"@id":"https:\/\/redenoticiaz.com.br\/litoralsp\/#website"},"primaryImageOfPage":{"@id":"https:\/\/redenoticiaz.com.br\/litoralsp\/2021\/10\/20\/idosos-com-mais-de-60-anos-terao-isencao-da-taxa-no-transporte-publico-em-santos#primaryimage"},"image":{"@id":"https:\/\/redenoticiaz.com.br\/litoralsp\/2021\/10\/20\/idosos-com-mais-de-60-anos-terao-isencao-da-taxa-no-transporte-publico-em-santos#primaryimage"},"thumbnailUrl":"https:\/\/redenoticiaz.com.br\/litoralsp\/wp-content\/uploads\/sites\/3\/2021\/10\/onibus-municipal-francisco-arrais-prefeitura-de-santos.jpg","datePublished":"2021-10-20T14:58:39+00:00","description":"A\u00a0C\u00e2mara Municipal de Santos\u00a0aprovou um projeto de lei (PL) que garante a isen\u00e7\u00e3o da tarifa no transporte coletivo p\u00fablico para pessoas","inLanguage":"pt-BR","potentialAction":[{"@type":"ReadAction","target":["https:\/\/redenoticiaz.com.br\/litoralsp\/2021\/10\/20\/idosos-com-mais-de-60-anos-terao-isencao-da-taxa-no-transporte-publico-em-santos"]}]},{"@type":"ImageObject","inLanguage":"pt-BR","@id":"https:\/\/redenoticiaz.com.br\/litoralsp\/2021\/10\/20\/idosos-com-mais-de-60-anos-terao-isencao-da-taxa-no-transporte-publico-em-santos#primaryimage","url":"https:\/\/redenoticiaz.com.br\/litoralsp\/wp-content\/uploads\/sites\/3\/2021\/10\/onibus-municipal-francisco-arrais-prefeitura-de-santos.jpg","contentUrl":"https:\/\/redenoticiaz.com.br\/litoralsp\/wp-content\/uploads\/sites\/3\/2021\/10\/onibus-municipal-francisco-arrais-prefeitura-de-santos.jpg","width":522,"height":348,"caption":"Foto: Divulga\u00e7\u00e3o"},{"@type":"WebSite","@id":"https:\/\/redenoticiaz.com.br\/litoralsp\/#website","url":"https:\/\/redenoticiaz.com.br\/litoralsp\/","name":"Litoral SP","description":"Rede NoticiaZ","publisher":{"@id":"https:\/\/redenoticiaz.com.br\/litoralsp\/#organization"},"potentialAction":[{"@type":"SearchAction","target":{"@type":"EntryPoint","urlTemplate":"https:\/\/redenoticiaz.com.br\/litoralsp\/?s={search_term_string}"},"query-input":{"@type":"PropertyValueSpecification","valueRequired":true,"valueName":"search_term_string"}}],"inLanguage":"pt-BR"},{"@type":"Organization","@id":"https:\/\/redenoticiaz.com.br\/litoralsp\/#organization","name":"Litoral SP","url":"https:\/\/redenoticiaz.com.br\/litoralsp\/","logo":{"@type":"ImageObject","inLanguage":"pt-BR","@id":"https:\/\/redenoticiaz.com.br\/litoralsp\/#\/schema\/logo\/image\/","url":"https:\/\/redenoticiaz.com.br\/litoralsp\/wp-content\/uploads\/sites\/3\/2020\/11\/logo.jpg","contentUrl":"https:\/\/redenoticiaz.com.br\/litoralsp\/wp-content\/uploads\/sites\/3\/2020\/11\/logo.jpg","width":400,"height":250,"caption":"Litoral SP"},"image":{"@id":"https:\/\/redenoticiaz.com.br\/litoralsp\/#\/schema\/logo\/image\/"}},{"@type":"Person","@id":"","url":"https:\/\/redenoticiaz.com.br\/litoralsp\/author"}]}},"_links":{"self":[{"href":"https:\/\/redenoticiaz.com.br\/litoralsp\/wp-json\/wp\/v2\/posts\/16818","targetHints":{"allow":["GET"]}}],"collection":[{"href":"https:\/\/redenoticiaz.com.br\/litoralsp\/wp-json\/wp\/v2\/posts"}],"about":[{"href":"https:\/\/redenoticiaz.com.br\/litoralsp\/wp-json\/wp\/v2\/types\/post"}],"author":[{"embeddable":true,"href":"https:\/\/redenoticiaz.com.br\/litoralsp\/wp-json\/wp\/v2\/users\/11"}],"replies":[{"embeddable":true,"href":"https:\/\/redenoticiaz.com.br\/litoralsp\/wp-json\/wp\/v2\/comments?post=16818"}],"version-history":[{"count":1,"href":"https:\/\/redenoticiaz.com.br\/litoralsp\/wp-json\/wp\/v2\/posts\/16818\/revisions"}],"predecessor-version":[{"id":16821,"href":"https:\/\/redenoticiaz.com.br\/litoralsp\/wp-json\/wp\/v2\/posts\/16818\/revisions\/16821"}],"wp:featuredmedia":[{"embeddable":true,"href":"https:\/\/redenoticiaz.com.br\/litoralsp\/wp-json\/wp\/v2\/media\/16820"}],"wp:attachment":[{"href":"https:\/\/redenoticiaz.com.br\/litoralsp\/wp-json\/wp\/v2\/media?parent=16818"}],"wp:term":[{"taxonomy":"category","embeddable":true,"href":"https:\/\/redenoticiaz.com.br\/litoralsp\/wp-json\/wp\/v2\/categories?post=16818"},{"taxonomy":"post_tag","embeddable":true,"href":"https:\/\/redenoticiaz.com.br\/litoralsp\/wp-json\/wp\/v2\/tags?post=16818"}],"curies":[{"name":"wp","href":"https:\/\/api.w.org\/{rel}","templated":true}]}}