{"id":16977,"date":"2021-10-22T13:11:17","date_gmt":"2021-10-22T16:11:17","guid":{"rendered":"https:\/\/redenoticiaz.com.br\/litoralsp\/?p=16977"},"modified":"2021-10-22T13:11:17","modified_gmt":"2021-10-22T16:11:17","slug":"carga-de-cigarros-avaliada-em-r-2-milhoes-e-apreendida-na-regis-bittencourt","status":"publish","type":"post","link":"https:\/\/redenoticiaz.com.br\/litoralsp\/2021\/10\/22\/carga-de-cigarros-avaliada-em-r-2-milhoes-e-apreendida-na-regis-bittencourt","title":{"rendered":"Carga de cigarros avaliada em R$ 2 milh\u00f5es \u00e9 apreendida na R\u00e9gis Bittencourt"},"content":{"rendered":"<div class=\"mc-column content-text active-extra-styles \" data-block-type=\"unstyled\" data-block-weight=\"53\" data-block-id=\"2\">\n<p class=\"content-text__container \" data-track-category=\"Link no Texto\" data-track-links=\"\"><strong>Cerca de 400 mil ma\u00e7os de cigarros de origem estrangeira foram encontrados<\/strong>, na manh\u00e3 desta sexta-feira (22), dentro de um caminh\u00e3o que trafegava pela rodovia<a href=\"https:\/\/www.arteris.com.br\/rodovias\/regis-bittencourt\/\"> R\u00e9gis Bittencourt<\/a> (BR-116), na altura de Barra do Turvo, no interior de S\u00e3o Paulo. O caminhoneiro e a carga foram conduzidos para a Pol\u00edcia Federal em Santos.<\/p>\n<\/div>\n<div class=\"wall protected-content\">\n<div class=\"mc-column content-text active-extra-styles \" data-block-type=\"unstyled\" data-block-weight=\"37\" data-block-id=\"3\">\n<p class=\"content-text__container \" data-track-category=\"Link no Texto\" data-track-links=\"\">De acordo com a Pol\u00edcia Rodovi\u00e1ria Federal, por volta das 6h, as equipes abordaram um caminh\u00e3o em um posto de servi\u00e7os na rodovia. Durante a fiscaliza\u00e7\u00e3o, os policiais localizaram diversas caixas contendo cigarros de origem estrangeira.<\/p>\n<\/div>\n<div class=\"mc-column content-text active-extra-styles \" data-block-type=\"unstyled\" data-block-weight=\"36\" data-block-id=\"4\">\n<p class=\"content-text__container \" data-track-category=\"Link no Texto\" data-track-links=\"\">O condutor de 34 anos declarou \u00e0 PRF que receberia a quantia de R$ 1.800 pelo transporte da carga. Ele conduzia o caminh\u00e3o desde a cidade de Maring\u00e1 (PR) e seguia em dire\u00e7\u00e3o \u00e0 capital paulista.<\/p>\n<\/div>\n<div class=\"row medium-uncollapsed content-media content-photo\" data-block-type=\"backstage-photo\" data-block-id=\"5\">\n<div class=\"mc-column content-media__container\">\n<div class=\"content-media-container glb-skeleton-box\">\n<div class=\"mc-column content-text active-extra-styles \" data-block-type=\"unstyled\" data-block-weight=\"25\" data-block-id=\"7\">\n<p class=\"content-text__container \" data-track-category=\"Link no Texto\" data-track-links=\"\">Segundo a PRF, estima-se que 400 mil ma\u00e7os de cigarros estavam dentro do caminh\u00e3o. A carga foi avaliada em R$ 2 milh\u00f5es pela PRF.<\/p>\n<\/div>\n<div class=\"mc-column content-text active-extra-styles \" data-block-type=\"unstyled\" data-block-weight=\"26\" data-block-id=\"8\">\n<p class=\"content-text__container \" data-track-category=\"Link no Texto\" data-track-links=\"\">O caminhoneiro responder\u00e1 pelo crime de contrabando. Ele e carga foram conduzidos para a Pol\u00edcia Federal e a ocorr\u00eancia foi encaminhada para a delegacia em Santos.<\/p>\n<p data-track-category=\"Link no Texto\" data-track-links=\"\"><strong>LEIA TAMB\u00c9M<\/strong><\/p>\n<p data-track-category=\"Link no Texto\" data-track-links=\"\"><a href=\"https:\/\/redenoticiaz.com.br\/litoralsp\/2021\/10\/22\/miss-de-ilhabela-e-abusada-por-motorista-de-aplicativo-em-sao-paulo\">Miss de Ilhabela \u00e9 abusada por motorista de aplicativo em S\u00e3o Paulo<\/a><\/p>\n<\/div>\n<\/div>\n<\/div>\n<\/div>\n<\/div>\n","protected":false},"excerpt":{"rendered":"<p>Cerca de 400 mil ma\u00e7os de cigarros de origem estrangeira foram encontrados, na manh\u00e3 desta sexta-feira (22), dentro de um caminh\u00e3o que trafegava pela rodovia R\u00e9gis Bittencourt (BR-116), na altura de Barra do Turvo, no interior de S\u00e3o Paulo. O caminhoneiro e a carga foram conduzidos para a Pol\u00edcia Federal em Santos. De acordo com &hellip;<\/p>\n","protected":false},"author":11,"featured_media":16978,"comment_status":"open","ping_status":"closed","sticky":false,"template":"","format":"standard","meta":{"footnotes":""},"categories":[2,10],"tags":[38998,1214,38997,38996],"class_list":["post-16977","post","type-post","status-publish","format-standard","has-post-thumbnail","hentry","category-cidades","category-policia","tag-apreendida","tag-apreensao","tag-carga","tag-cigarros"],"yoast_head":"<!-- This site is optimized with the Yoast SEO plugin v27.5 - https:\/\/yoast.com\/product\/yoast-seo-wordpress\/ -->\n<title>Carga de cigarros avaliada em R$ 2 milh\u00f5es \u00e9 apreendida na R\u00e9gis Bittencourt - Litoral SP<\/title>\n<meta name=\"description\" content=\"Cerca de 400 mil ma\u00e7os de cigarros de origem estrangeira foram encontrados, na manh\u00e3 desta sexta-feira (22), dentro de um caminh\u00e3o que trafegava\" \/>\n<meta name=\"robots\" content=\"index, follow, max-snippet:-1, max-image-preview:large, max-video-preview:-1\" \/>\n<link rel=\"canonical\" href=\"https:\/\/redenoticiaz.com.br\/litoralsp\/2021\/10\/22\/carga-de-cigarros-avaliada-em-r-2-milhoes-e-apreendida-na-regis-bittencourt\" \/>\n<meta property=\"og:locale\" content=\"pt_BR\" \/>\n<meta property=\"og:type\" content=\"article\" \/>\n<meta property=\"og:title\" content=\"Carga de cigarros avaliada em R$ 2 milh\u00f5es \u00e9 apreendida na R\u00e9gis Bittencourt - Litoral SP\" \/>\n<meta property=\"og:description\" content=\"Cerca de 400 mil ma\u00e7os de cigarros de origem estrangeira foram encontrados, na manh\u00e3 desta sexta-feira (22), dentro de um caminh\u00e3o que trafegava\" \/>\n<meta property=\"og:url\" content=\"https:\/\/redenoticiaz.com.br\/litoralsp\/2021\/10\/22\/carga-de-cigarros-avaliada-em-r-2-milhoes-e-apreendida-na-regis-bittencourt\" \/>\n<meta property=\"og:site_name\" content=\"Litoral SP\" \/>\n<meta property=\"article:published_time\" content=\"2021-10-22T16:11:17+00:00\" \/>\n<meta property=\"og:image\" content=\"https:\/\/redenoticiaz.com.br\/litoralsp\/wp-content\/uploads\/sites\/3\/2021\/10\/prf-2.jpeg\" \/>\n\t<meta property=\"og:image:width\" content=\"984\" \/>\n\t<meta property=\"og:image:height\" content=\"478\" \/>\n\t<meta property=\"og:image:type\" content=\"image\/jpeg\" \/>\n<meta name=\"twitter:card\" content=\"summary_large_image\" \/>\n<meta name=\"twitter:label1\" content=\"Escrito por\" \/>\n\t<meta name=\"twitter:data1\" content=\"\" \/>\n\t<meta name=\"twitter:label2\" content=\"Est. tempo de leitura\" \/>\n\t<meta name=\"twitter:data2\" content=\"1 minuto\" \/>\n<script type=\"application\/ld+json\" class=\"yoast-schema-graph\">{\"@context\":\"https:\\\/\\\/schema.org\",\"@graph\":[{\"@type\":\"Article\",\"@id\":\"https:\\\/\\\/redenoticiaz.com.br\\\/litoralsp\\\/2021\\\/10\\\/22\\\/carga-de-cigarros-avaliada-em-r-2-milhoes-e-apreendida-na-regis-bittencourt#article\",\"isPartOf\":{\"@id\":\"https:\\\/\\\/redenoticiaz.com.br\\\/litoralsp\\\/2021\\\/10\\\/22\\\/carga-de-cigarros-avaliada-em-r-2-milhoes-e-apreendida-na-regis-bittencourt\"},\"author\":{\"name\":\"\",\"@id\":\"\"},\"headline\":\"Carga de cigarros avaliada em R$ 2 milh\u00f5es \u00e9 apreendida na R\u00e9gis Bittencourt\",\"datePublished\":\"2021-10-22T16:11:17+00:00\",\"mainEntityOfPage\":{\"@id\":\"https:\\\/\\\/redenoticiaz.com.br\\\/litoralsp\\\/2021\\\/10\\\/22\\\/carga-de-cigarros-avaliada-em-r-2-milhoes-e-apreendida-na-regis-bittencourt\"},\"wordCount\":211,\"commentCount\":0,\"publisher\":{\"@id\":\"https:\\\/\\\/redenoticiaz.com.br\\\/litoralsp\\\/#organization\"},\"image\":{\"@id\":\"https:\\\/\\\/redenoticiaz.com.br\\\/litoralsp\\\/2021\\\/10\\\/22\\\/carga-de-cigarros-avaliada-em-r-2-milhoes-e-apreendida-na-regis-bittencourt#primaryimage\"},\"thumbnailUrl\":\"https:\\\/\\\/redenoticiaz.com.br\\\/litoralsp\\\/wp-content\\\/uploads\\\/sites\\\/3\\\/2021\\\/10\\\/prf-2.jpeg\",\"keywords\":[\"APREENDIDA\",\"apreens\u00e3o\",\"CARGA\",\"CIGARROS\"],\"articleSection\":[\"Cidades\",\"Pol\u00edcia\"],\"inLanguage\":\"pt-BR\",\"potentialAction\":[{\"@type\":\"CommentAction\",\"name\":\"Comment\",\"target\":[\"https:\\\/\\\/redenoticiaz.com.br\\\/litoralsp\\\/2021\\\/10\\\/22\\\/carga-de-cigarros-avaliada-em-r-2-milhoes-e-apreendida-na-regis-bittencourt#respond\"]}]},{\"@type\":\"WebPage\",\"@id\":\"https:\\\/\\\/redenoticiaz.com.br\\\/litoralsp\\\/2021\\\/10\\\/22\\\/carga-de-cigarros-avaliada-em-r-2-milhoes-e-apreendida-na-regis-bittencourt\",\"url\":\"https:\\\/\\\/redenoticiaz.com.br\\\/litoralsp\\\/2021\\\/10\\\/22\\\/carga-de-cigarros-avaliada-em-r-2-milhoes-e-apreendida-na-regis-bittencourt\",\"name\":\"Carga de cigarros avaliada em R$ 2 milh\u00f5es \u00e9 apreendida na R\u00e9gis Bittencourt - Litoral SP\",\"isPartOf\":{\"@id\":\"https:\\\/\\\/redenoticiaz.com.br\\\/litoralsp\\\/#website\"},\"primaryImageOfPage\":{\"@id\":\"https:\\\/\\\/redenoticiaz.com.br\\\/litoralsp\\\/2021\\\/10\\\/22\\\/carga-de-cigarros-avaliada-em-r-2-milhoes-e-apreendida-na-regis-bittencourt#primaryimage\"},\"image\":{\"@id\":\"https:\\\/\\\/redenoticiaz.com.br\\\/litoralsp\\\/2021\\\/10\\\/22\\\/carga-de-cigarros-avaliada-em-r-2-milhoes-e-apreendida-na-regis-bittencourt#primaryimage\"},\"thumbnailUrl\":\"https:\\\/\\\/redenoticiaz.com.br\\\/litoralsp\\\/wp-content\\\/uploads\\\/sites\\\/3\\\/2021\\\/10\\\/prf-2.jpeg\",\"datePublished\":\"2021-10-22T16:11:17+00:00\",\"description\":\"Cerca de 400 mil ma\u00e7os de cigarros de origem estrangeira foram encontrados, na manh\u00e3 desta sexta-feira (22), dentro de um caminh\u00e3o que trafegava\",\"inLanguage\":\"pt-BR\",\"potentialAction\":[{\"@type\":\"ReadAction\",\"target\":[\"https:\\\/\\\/redenoticiaz.com.br\\\/litoralsp\\\/2021\\\/10\\\/22\\\/carga-de-cigarros-avaliada-em-r-2-milhoes-e-apreendida-na-regis-bittencourt\"]}]},{\"@type\":\"ImageObject\",\"inLanguage\":\"pt-BR\",\"@id\":\"https:\\\/\\\/redenoticiaz.com.br\\\/litoralsp\\\/2021\\\/10\\\/22\\\/carga-de-cigarros-avaliada-em-r-2-milhoes-e-apreendida-na-regis-bittencourt#primaryimage\",\"url\":\"https:\\\/\\\/redenoticiaz.com.br\\\/litoralsp\\\/wp-content\\\/uploads\\\/sites\\\/3\\\/2021\\\/10\\\/prf-2.jpeg\",\"contentUrl\":\"https:\\\/\\\/redenoticiaz.com.br\\\/litoralsp\\\/wp-content\\\/uploads\\\/sites\\\/3\\\/2021\\\/10\\\/prf-2.jpeg\",\"width\":984,\"height\":478,\"caption\":\"Foto: Divulga\u00e7\u00e3o\"},{\"@type\":\"WebSite\",\"@id\":\"https:\\\/\\\/redenoticiaz.com.br\\\/litoralsp\\\/#website\",\"url\":\"https:\\\/\\\/redenoticiaz.com.br\\\/litoralsp\\\/\",\"name\":\"Litoral SP\",\"description\":\"Rede NoticiaZ\",\"publisher\":{\"@id\":\"https:\\\/\\\/redenoticiaz.com.br\\\/litoralsp\\\/#organization\"},\"potentialAction\":[{\"@type\":\"SearchAction\",\"target\":{\"@type\":\"EntryPoint\",\"urlTemplate\":\"https:\\\/\\\/redenoticiaz.com.br\\\/litoralsp\\\/?s={search_term_string}\"},\"query-input\":{\"@type\":\"PropertyValueSpecification\",\"valueRequired\":true,\"valueName\":\"search_term_string\"}}],\"inLanguage\":\"pt-BR\"},{\"@type\":\"Organization\",\"@id\":\"https:\\\/\\\/redenoticiaz.com.br\\\/litoralsp\\\/#organization\",\"name\":\"Litoral SP\",\"url\":\"https:\\\/\\\/redenoticiaz.com.br\\\/litoralsp\\\/\",\"logo\":{\"@type\":\"ImageObject\",\"inLanguage\":\"pt-BR\",\"@id\":\"https:\\\/\\\/redenoticiaz.com.br\\\/litoralsp\\\/#\\\/schema\\\/logo\\\/image\\\/\",\"url\":\"https:\\\/\\\/redenoticiaz.com.br\\\/litoralsp\\\/wp-content\\\/uploads\\\/sites\\\/3\\\/2020\\\/11\\\/logo.jpg\",\"contentUrl\":\"https:\\\/\\\/redenoticiaz.com.br\\\/litoralsp\\\/wp-content\\\/uploads\\\/sites\\\/3\\\/2020\\\/11\\\/logo.jpg\",\"width\":400,\"height\":250,\"caption\":\"Litoral SP\"},\"image\":{\"@id\":\"https:\\\/\\\/redenoticiaz.com.br\\\/litoralsp\\\/#\\\/schema\\\/logo\\\/image\\\/\"}},{\"@type\":\"Person\",\"@id\":\"\",\"url\":\"https:\\\/\\\/redenoticiaz.com.br\\\/litoralsp\\\/author\"}]}<\/script>\n<!-- \/ Yoast SEO plugin. -->","yoast_head_json":{"title":"Carga de cigarros avaliada em R$ 2 milh\u00f5es \u00e9 apreendida na R\u00e9gis Bittencourt - Litoral SP","description":"Cerca de 400 mil ma\u00e7os de cigarros de origem estrangeira foram encontrados, na manh\u00e3 desta sexta-feira (22), dentro de um caminh\u00e3o que trafegava","robots":{"index":"index","follow":"follow","max-snippet":"max-snippet:-1","max-image-preview":"max-image-preview:large","max-video-preview":"max-video-preview:-1"},"canonical":"https:\/\/redenoticiaz.com.br\/litoralsp\/2021\/10\/22\/carga-de-cigarros-avaliada-em-r-2-milhoes-e-apreendida-na-regis-bittencourt","og_locale":"pt_BR","og_type":"article","og_title":"Carga de cigarros avaliada em R$ 2 milh\u00f5es \u00e9 apreendida na R\u00e9gis Bittencourt - Litoral SP","og_description":"Cerca de 400 mil ma\u00e7os de cigarros de origem estrangeira foram encontrados, na manh\u00e3 desta sexta-feira (22), dentro de um caminh\u00e3o que trafegava","og_url":"https:\/\/redenoticiaz.com.br\/litoralsp\/2021\/10\/22\/carga-de-cigarros-avaliada-em-r-2-milhoes-e-apreendida-na-regis-bittencourt","og_site_name":"Litoral SP","article_published_time":"2021-10-22T16:11:17+00:00","og_image":[{"width":984,"height":478,"url":"https:\/\/redenoticiaz.com.br\/litoralsp\/wp-content\/uploads\/sites\/3\/2021\/10\/prf-2.jpeg","type":"image\/jpeg"}],"twitter_card":"summary_large_image","twitter_misc":{"Escrito por":"","Est. tempo de leitura":"1 minuto"},"schema":{"@context":"https:\/\/schema.org","@graph":[{"@type":"Article","@id":"https:\/\/redenoticiaz.com.br\/litoralsp\/2021\/10\/22\/carga-de-cigarros-avaliada-em-r-2-milhoes-e-apreendida-na-regis-bittencourt#article","isPartOf":{"@id":"https:\/\/redenoticiaz.com.br\/litoralsp\/2021\/10\/22\/carga-de-cigarros-avaliada-em-r-2-milhoes-e-apreendida-na-regis-bittencourt"},"author":{"name":"","@id":""},"headline":"Carga de cigarros avaliada em R$ 2 milh\u00f5es \u00e9 apreendida na R\u00e9gis Bittencourt","datePublished":"2021-10-22T16:11:17+00:00","mainEntityOfPage":{"@id":"https:\/\/redenoticiaz.com.br\/litoralsp\/2021\/10\/22\/carga-de-cigarros-avaliada-em-r-2-milhoes-e-apreendida-na-regis-bittencourt"},"wordCount":211,"commentCount":0,"publisher":{"@id":"https:\/\/redenoticiaz.com.br\/litoralsp\/#organization"},"image":{"@id":"https:\/\/redenoticiaz.com.br\/litoralsp\/2021\/10\/22\/carga-de-cigarros-avaliada-em-r-2-milhoes-e-apreendida-na-regis-bittencourt#primaryimage"},"thumbnailUrl":"https:\/\/redenoticiaz.com.br\/litoralsp\/wp-content\/uploads\/sites\/3\/2021\/10\/prf-2.jpeg","keywords":["APREENDIDA","apreens\u00e3o","CARGA","CIGARROS"],"articleSection":["Cidades","Pol\u00edcia"],"inLanguage":"pt-BR","potentialAction":[{"@type":"CommentAction","name":"Comment","target":["https:\/\/redenoticiaz.com.br\/litoralsp\/2021\/10\/22\/carga-de-cigarros-avaliada-em-r-2-milhoes-e-apreendida-na-regis-bittencourt#respond"]}]},{"@type":"WebPage","@id":"https:\/\/redenoticiaz.com.br\/litoralsp\/2021\/10\/22\/carga-de-cigarros-avaliada-em-r-2-milhoes-e-apreendida-na-regis-bittencourt","url":"https:\/\/redenoticiaz.com.br\/litoralsp\/2021\/10\/22\/carga-de-cigarros-avaliada-em-r-2-milhoes-e-apreendida-na-regis-bittencourt","name":"Carga de cigarros avaliada em R$ 2 milh\u00f5es \u00e9 apreendida na R\u00e9gis Bittencourt - Litoral SP","isPartOf":{"@id":"https:\/\/redenoticiaz.com.br\/litoralsp\/#website"},"primaryImageOfPage":{"@id":"https:\/\/redenoticiaz.com.br\/litoralsp\/2021\/10\/22\/carga-de-cigarros-avaliada-em-r-2-milhoes-e-apreendida-na-regis-bittencourt#primaryimage"},"image":{"@id":"https:\/\/redenoticiaz.com.br\/litoralsp\/2021\/10\/22\/carga-de-cigarros-avaliada-em-r-2-milhoes-e-apreendida-na-regis-bittencourt#primaryimage"},"thumbnailUrl":"https:\/\/redenoticiaz.com.br\/litoralsp\/wp-content\/uploads\/sites\/3\/2021\/10\/prf-2.jpeg","datePublished":"2021-10-22T16:11:17+00:00","description":"Cerca de 400 mil ma\u00e7os de cigarros de origem estrangeira foram encontrados, na manh\u00e3 desta sexta-feira (22), dentro de um caminh\u00e3o que trafegava","inLanguage":"pt-BR","potentialAction":[{"@type":"ReadAction","target":["https:\/\/redenoticiaz.com.br\/litoralsp\/2021\/10\/22\/carga-de-cigarros-avaliada-em-r-2-milhoes-e-apreendida-na-regis-bittencourt"]}]},{"@type":"ImageObject","inLanguage":"pt-BR","@id":"https:\/\/redenoticiaz.com.br\/litoralsp\/2021\/10\/22\/carga-de-cigarros-avaliada-em-r-2-milhoes-e-apreendida-na-regis-bittencourt#primaryimage","url":"https:\/\/redenoticiaz.com.br\/litoralsp\/wp-content\/uploads\/sites\/3\/2021\/10\/prf-2.jpeg","contentUrl":"https:\/\/redenoticiaz.com.br\/litoralsp\/wp-content\/uploads\/sites\/3\/2021\/10\/prf-2.jpeg","width":984,"height":478,"caption":"Foto: Divulga\u00e7\u00e3o"},{"@type":"WebSite","@id":"https:\/\/redenoticiaz.com.br\/litoralsp\/#website","url":"https:\/\/redenoticiaz.com.br\/litoralsp\/","name":"Litoral SP","description":"Rede NoticiaZ","publisher":{"@id":"https:\/\/redenoticiaz.com.br\/litoralsp\/#organization"},"potentialAction":[{"@type":"SearchAction","target":{"@type":"EntryPoint","urlTemplate":"https:\/\/redenoticiaz.com.br\/litoralsp\/?s={search_term_string}"},"query-input":{"@type":"PropertyValueSpecification","valueRequired":true,"valueName":"search_term_string"}}],"inLanguage":"pt-BR"},{"@type":"Organization","@id":"https:\/\/redenoticiaz.com.br\/litoralsp\/#organization","name":"Litoral SP","url":"https:\/\/redenoticiaz.com.br\/litoralsp\/","logo":{"@type":"ImageObject","inLanguage":"pt-BR","@id":"https:\/\/redenoticiaz.com.br\/litoralsp\/#\/schema\/logo\/image\/","url":"https:\/\/redenoticiaz.com.br\/litoralsp\/wp-content\/uploads\/sites\/3\/2020\/11\/logo.jpg","contentUrl":"https:\/\/redenoticiaz.com.br\/litoralsp\/wp-content\/uploads\/sites\/3\/2020\/11\/logo.jpg","width":400,"height":250,"caption":"Litoral SP"},"image":{"@id":"https:\/\/redenoticiaz.com.br\/litoralsp\/#\/schema\/logo\/image\/"}},{"@type":"Person","@id":"","url":"https:\/\/redenoticiaz.com.br\/litoralsp\/author"}]}},"_links":{"self":[{"href":"https:\/\/redenoticiaz.com.br\/litoralsp\/wp-json\/wp\/v2\/posts\/16977","targetHints":{"allow":["GET"]}}],"collection":[{"href":"https:\/\/redenoticiaz.com.br\/litoralsp\/wp-json\/wp\/v2\/posts"}],"about":[{"href":"https:\/\/redenoticiaz.com.br\/litoralsp\/wp-json\/wp\/v2\/types\/post"}],"author":[{"embeddable":true,"href":"https:\/\/redenoticiaz.com.br\/litoralsp\/wp-json\/wp\/v2\/users\/11"}],"replies":[{"embeddable":true,"href":"https:\/\/redenoticiaz.com.br\/litoralsp\/wp-json\/wp\/v2\/comments?post=16977"}],"version-history":[{"count":1,"href":"https:\/\/redenoticiaz.com.br\/litoralsp\/wp-json\/wp\/v2\/posts\/16977\/revisions"}],"predecessor-version":[{"id":16979,"href":"https:\/\/redenoticiaz.com.br\/litoralsp\/wp-json\/wp\/v2\/posts\/16977\/revisions\/16979"}],"wp:featuredmedia":[{"embeddable":true,"href":"https:\/\/redenoticiaz.com.br\/litoralsp\/wp-json\/wp\/v2\/media\/16978"}],"wp:attachment":[{"href":"https:\/\/redenoticiaz.com.br\/litoralsp\/wp-json\/wp\/v2\/media?parent=16977"}],"wp:term":[{"taxonomy":"category","embeddable":true,"href":"https:\/\/redenoticiaz.com.br\/litoralsp\/wp-json\/wp\/v2\/categories?post=16977"},{"taxonomy":"post_tag","embeddable":true,"href":"https:\/\/redenoticiaz.com.br\/litoralsp\/wp-json\/wp\/v2\/tags?post=16977"}],"curies":[{"name":"wp","href":"https:\/\/api.w.org\/{rel}","templated":true}]}}