{"id":17249,"date":"2021-10-27T13:58:18","date_gmt":"2021-10-27T16:58:18","guid":{"rendered":"https:\/\/redenoticiaz.com.br\/litoralsp\/?p=17249"},"modified":"2021-10-27T13:58:18","modified_gmt":"2021-10-27T16:58:18","slug":"menino-de-11-anos-torce-o-braco-em-catraca-de-onibus-em-bertioga","status":"publish","type":"post","link":"https:\/\/redenoticiaz.com.br\/litoralsp\/2021\/10\/27\/menino-de-11-anos-torce-o-braco-em-catraca-de-onibus-em-bertioga","title":{"rendered":"Menino de 11 anos torce o bra\u00e7o em catraca de \u00f4nibus em Bertioga"},"content":{"rendered":"<div class=\"mc-column content-text active-extra-styles \" data-block-type=\"unstyled\" data-block-weight=\"53\" data-block-id=\"2\">\n<p class=\"content-text__container \" data-track-category=\"Link no Texto\" data-track-links=\"\"><strong>Um menino de 11 anos ficou com o bra\u00e7o preso em uma catraca de \u00f4nibus<\/strong> em <a href=\"http:\/\/www.bertioga.sp.gov.br\/\">Bertioga<\/a>, nesta ter\u00e7a-feira (26), e recebeu a ajuda de diversas pessoas at\u00e9 ser solto. Ele sofreu uma tor\u00e7\u00e3o e precisou ser levado a um hospital para imobilizar o bra\u00e7o ap\u00f3s o incidente.<\/p>\n<\/div>\n<div class=\"wall protected-content\">\n<div class=\"mc-column content-text active-extra-styles \" data-block-type=\"unstyled\" data-block-weight=\"43\" data-block-id=\"3\">\n<p class=\"content-text__container \" data-track-category=\"Link no Texto\" data-track-links=\"\">A situa\u00e7\u00e3o aconteceu em um \u00f4nibus municipal da linha 25. Gustavo de Souza estava indo para a escola com dois primos quando, ao passar pela catraca de costas. Se movimentou de mal jeito e ficou com o bra\u00e7o preso nas ferragens da catraca.<\/p>\n<\/div>\n<div class=\"mc-column content-text active-extra-styles \" data-block-type=\"unstyled\" data-block-weight=\"51\" data-block-id=\"4\">\n<p class=\"content-text__container \" data-track-category=\"Link no Texto\" data-track-links=\"\">Ele n\u00e3o conseguiu se soltar sozinho e precisou de ajuda dos funcion\u00e1rios e passageiros para ser solto. A m\u00e3e dele, Jacira Souza, de 33 anos, contou que\u00a0estava trabalhando no momento do incidente quando os funcion\u00e1rios da City Transporte Urbano, respons\u00e1vel pelo \u00f4nibus, entraram em contato com ela.<\/p>\n<\/div>\n<div class=\"mc-column content-text active-extra-styles \" data-block-type=\"unstyled\" data-block-weight=\"37\" data-block-id=\"5\">\n<p class=\"content-text__container \" data-track-category=\"Link no Texto\" data-track-links=\"\">&#8220;Eles foram muito atenciosos. N\u00e3o sei quanto tempo ficaram at\u00e9 conseguirem tir\u00e1-lo de l\u00e1, mas acabou luxando o bra\u00e7o dele. Corremos para o hospital depois&#8221;, disse. &#8220;Gra\u00e7as a Deus foi s\u00f3 um susto, ele est\u00e1 bem agora&#8221;.<\/p>\n<h2 data-track-category=\"Link no Texto\">Nota INTS<\/h2>\n<\/div>\n<div class=\"mc-column content-text active-extra-styles \" data-block-type=\"unstyled\" data-block-weight=\"51\" data-block-id=\"6\">\n<p class=\"content-text__container \" data-track-category=\"Link no Texto\" data-track-links=\"\">Em nota, o Instituto Nacional de Tecnologia e Sa\u00fade (INTS), respons\u00e1vel pela gest\u00e3o do Hospital Municipal de Bertioga, informou que o menino foi atendido e que foi colocada uma tala no bra\u00e7o. Ele tamb\u00e9m passou por exames que n\u00e3o constataram fratura, teve alta m\u00e9dica e dever\u00e1 retornar ao hospital para acompanhamento.<\/p>\n<\/div>\n<div class=\"mc-column content-text active-extra-styles \" data-block-type=\"unstyled\" data-block-weight=\"58\" data-block-id=\"8\">\n<p class=\"content-text__container \" data-track-category=\"Link no Texto\" data-track-links=\"\">Tamb\u00e9m por nota, a City Transporte Urbano confirmou o incidente. &#8220;Uma crian\u00e7a passou de mal jeito pela catraca de passageiros do \u00f4nibus, desta forma, veio a prender seu bra\u00e7o. A crian\u00e7a foi socorrida imediatamente e encaminhada a unidade de atendimento. Ap\u00f3s atendimento m\u00e9dico foi constatado que n\u00e3o houve fratura no bra\u00e7o da crian\u00e7a e sim uma tor\u00e7\u00e3o&#8221;.<\/p>\n<\/div>\n<div class=\"mc-column content-text active-extra-styles \" data-block-type=\"unstyled\" data-block-weight=\"40\" data-block-id=\"9\">\n<p class=\"content-text__container \" data-track-category=\"Link no Texto\" data-track-links=\"\">A empresa afirmou, ainda, que a todo momento esteve presente acompanhando este caso e atrav\u00e9s de sua \u00e1rea de assist\u00eancia social, entrou em contato com a m\u00e3e da crian\u00e7a, que agradeceu as pessoas que acompanharam e socorreram o pequeno Gustavo.<\/p>\n<\/div>\n<div class=\"block-podcast\"><strong>LEIA TAMB\u00c9M<\/strong><\/div>\n<div><a href=\"https:\/\/redenoticiaz.com.br\/litoralsp\/2021\/10\/27\/intervalo-de-doses-da-astrazeneca-cai-para-60-dias-em-sao-paulo\">Intervalo de doses da AstraZeneca cai para 60 dias em S\u00e3o Paulo<\/a><\/div>\n<\/div>\n","protected":false},"excerpt":{"rendered":"<p>Um menino de 11 anos ficou com o bra\u00e7o preso em uma catraca de \u00f4nibus em Bertioga, nesta ter\u00e7a-feira (26), e recebeu a ajuda de diversas pessoas at\u00e9 ser solto. Ele sofreu uma tor\u00e7\u00e3o e precisou ser levado a um hospital para imobilizar o bra\u00e7o ap\u00f3s o incidente. A situa\u00e7\u00e3o aconteceu em um \u00f4nibus municipal &hellip;<\/p>\n","protected":false},"author":11,"featured_media":17250,"comment_status":"open","ping_status":"closed","sticky":false,"template":"","format":"standard","meta":{"footnotes":""},"categories":[1107,5],"tags":[7,1038,39610,28030,39609,1287],"class_list":["post-17249","post","type-post","status-publish","format-standard","has-post-thumbnail","hentry","category-bertioga","category-transito","tag-acidente","tag-bertioga","tag-braco-torcido","tag-hospital","tag-menino-torce-braco","tag-onibus"],"yoast_head":"<!-- This site is optimized with the Yoast SEO plugin v27.5 - https:\/\/yoast.com\/product\/yoast-seo-wordpress\/ -->\n<title>Menino de 11 anos torce o bra\u00e7o em catraca de \u00f4nibus em Bertioga - Litoral SP<\/title>\n<meta name=\"description\" content=\"Um menino de 11 anos ficou com o bra\u00e7o preso em uma catraca de \u00f4nibus em Bertioga, nesta ter\u00e7a-feira (26), e recebeu a ajuda de diversas\" \/>\n<meta name=\"robots\" content=\"index, follow, max-snippet:-1, max-image-preview:large, max-video-preview:-1\" \/>\n<link rel=\"canonical\" href=\"https:\/\/redenoticiaz.com.br\/litoralsp\/2021\/10\/27\/menino-de-11-anos-torce-o-braco-em-catraca-de-onibus-em-bertioga\" \/>\n<meta property=\"og:locale\" content=\"pt_BR\" \/>\n<meta property=\"og:type\" content=\"article\" \/>\n<meta property=\"og:title\" content=\"Menino de 11 anos torce o bra\u00e7o em catraca de \u00f4nibus em Bertioga - Litoral SP\" \/>\n<meta property=\"og:description\" content=\"Um menino de 11 anos ficou com o bra\u00e7o preso em uma catraca de \u00f4nibus em Bertioga, nesta ter\u00e7a-feira (26), e recebeu a ajuda de diversas\" \/>\n<meta property=\"og:url\" content=\"https:\/\/redenoticiaz.com.br\/litoralsp\/2021\/10\/27\/menino-de-11-anos-torce-o-braco-em-catraca-de-onibus-em-bertioga\" \/>\n<meta property=\"og:site_name\" content=\"Litoral SP\" \/>\n<meta property=\"article:published_time\" content=\"2021-10-27T16:58:18+00:00\" \/>\n<meta property=\"og:image\" content=\"https:\/\/redenoticiaz.com.br\/litoralsp\/wp-content\/uploads\/sites\/3\/2021\/10\/braco-torcido.jpg\" \/>\n\t<meta property=\"og:image:width\" content=\"984\" \/>\n\t<meta property=\"og:image:height\" content=\"787\" \/>\n\t<meta property=\"og:image:type\" content=\"image\/jpeg\" \/>\n<meta name=\"twitter:card\" content=\"summary_large_image\" \/>\n<meta name=\"twitter:label1\" content=\"Escrito por\" \/>\n\t<meta name=\"twitter:data1\" content=\"\" \/>\n\t<meta name=\"twitter:label2\" content=\"Est. tempo de leitura\" \/>\n\t<meta name=\"twitter:data2\" content=\"2 minutos\" \/>\n<script type=\"application\/ld+json\" class=\"yoast-schema-graph\">{\"@context\":\"https:\\\/\\\/schema.org\",\"@graph\":[{\"@type\":\"Article\",\"@id\":\"https:\\\/\\\/redenoticiaz.com.br\\\/litoralsp\\\/2021\\\/10\\\/27\\\/menino-de-11-anos-torce-o-braco-em-catraca-de-onibus-em-bertioga#article\",\"isPartOf\":{\"@id\":\"https:\\\/\\\/redenoticiaz.com.br\\\/litoralsp\\\/2021\\\/10\\\/27\\\/menino-de-11-anos-torce-o-braco-em-catraca-de-onibus-em-bertioga\"},\"author\":{\"name\":\"\",\"@id\":\"\"},\"headline\":\"Menino de 11 anos torce o bra\u00e7o em catraca de \u00f4nibus em Bertioga\",\"datePublished\":\"2021-10-27T16:58:18+00:00\",\"mainEntityOfPage\":{\"@id\":\"https:\\\/\\\/redenoticiaz.com.br\\\/litoralsp\\\/2021\\\/10\\\/27\\\/menino-de-11-anos-torce-o-braco-em-catraca-de-onibus-em-bertioga\"},\"wordCount\":387,\"commentCount\":0,\"publisher\":{\"@id\":\"https:\\\/\\\/redenoticiaz.com.br\\\/litoralsp\\\/#organization\"},\"image\":{\"@id\":\"https:\\\/\\\/redenoticiaz.com.br\\\/litoralsp\\\/2021\\\/10\\\/27\\\/menino-de-11-anos-torce-o-braco-em-catraca-de-onibus-em-bertioga#primaryimage\"},\"thumbnailUrl\":\"https:\\\/\\\/redenoticiaz.com.br\\\/litoralsp\\\/wp-content\\\/uploads\\\/sites\\\/3\\\/2021\\\/10\\\/braco-torcido.jpg\",\"keywords\":[\"acidente\",\"BERTIOGA\",\"BRA\u00c7O TORCIDO\",\"HOSPITAL\",\"MENINO TORCE BRA\u00c7O\",\"\u00d4NIBUS\"],\"articleSection\":[\"Bertioga\",\"Tr\u00e2nsito\"],\"inLanguage\":\"pt-BR\",\"potentialAction\":[{\"@type\":\"CommentAction\",\"name\":\"Comment\",\"target\":[\"https:\\\/\\\/redenoticiaz.com.br\\\/litoralsp\\\/2021\\\/10\\\/27\\\/menino-de-11-anos-torce-o-braco-em-catraca-de-onibus-em-bertioga#respond\"]}]},{\"@type\":\"WebPage\",\"@id\":\"https:\\\/\\\/redenoticiaz.com.br\\\/litoralsp\\\/2021\\\/10\\\/27\\\/menino-de-11-anos-torce-o-braco-em-catraca-de-onibus-em-bertioga\",\"url\":\"https:\\\/\\\/redenoticiaz.com.br\\\/litoralsp\\\/2021\\\/10\\\/27\\\/menino-de-11-anos-torce-o-braco-em-catraca-de-onibus-em-bertioga\",\"name\":\"Menino de 11 anos torce o bra\u00e7o em catraca de \u00f4nibus em Bertioga - Litoral SP\",\"isPartOf\":{\"@id\":\"https:\\\/\\\/redenoticiaz.com.br\\\/litoralsp\\\/#website\"},\"primaryImageOfPage\":{\"@id\":\"https:\\\/\\\/redenoticiaz.com.br\\\/litoralsp\\\/2021\\\/10\\\/27\\\/menino-de-11-anos-torce-o-braco-em-catraca-de-onibus-em-bertioga#primaryimage\"},\"image\":{\"@id\":\"https:\\\/\\\/redenoticiaz.com.br\\\/litoralsp\\\/2021\\\/10\\\/27\\\/menino-de-11-anos-torce-o-braco-em-catraca-de-onibus-em-bertioga#primaryimage\"},\"thumbnailUrl\":\"https:\\\/\\\/redenoticiaz.com.br\\\/litoralsp\\\/wp-content\\\/uploads\\\/sites\\\/3\\\/2021\\\/10\\\/braco-torcido.jpg\",\"datePublished\":\"2021-10-27T16:58:18+00:00\",\"description\":\"Um menino de 11 anos ficou com o bra\u00e7o preso em uma catraca de \u00f4nibus em Bertioga, nesta ter\u00e7a-feira (26), e recebeu a ajuda de diversas\",\"inLanguage\":\"pt-BR\",\"potentialAction\":[{\"@type\":\"ReadAction\",\"target\":[\"https:\\\/\\\/redenoticiaz.com.br\\\/litoralsp\\\/2021\\\/10\\\/27\\\/menino-de-11-anos-torce-o-braco-em-catraca-de-onibus-em-bertioga\"]}]},{\"@type\":\"ImageObject\",\"inLanguage\":\"pt-BR\",\"@id\":\"https:\\\/\\\/redenoticiaz.com.br\\\/litoralsp\\\/2021\\\/10\\\/27\\\/menino-de-11-anos-torce-o-braco-em-catraca-de-onibus-em-bertioga#primaryimage\",\"url\":\"https:\\\/\\\/redenoticiaz.com.br\\\/litoralsp\\\/wp-content\\\/uploads\\\/sites\\\/3\\\/2021\\\/10\\\/braco-torcido.jpg\",\"contentUrl\":\"https:\\\/\\\/redenoticiaz.com.br\\\/litoralsp\\\/wp-content\\\/uploads\\\/sites\\\/3\\\/2021\\\/10\\\/braco-torcido.jpg\",\"width\":984,\"height\":787,\"caption\":\"Foto: Divulga\u00e7\u00e3o\"},{\"@type\":\"WebSite\",\"@id\":\"https:\\\/\\\/redenoticiaz.com.br\\\/litoralsp\\\/#website\",\"url\":\"https:\\\/\\\/redenoticiaz.com.br\\\/litoralsp\\\/\",\"name\":\"Litoral SP\",\"description\":\"Rede NoticiaZ\",\"publisher\":{\"@id\":\"https:\\\/\\\/redenoticiaz.com.br\\\/litoralsp\\\/#organization\"},\"potentialAction\":[{\"@type\":\"SearchAction\",\"target\":{\"@type\":\"EntryPoint\",\"urlTemplate\":\"https:\\\/\\\/redenoticiaz.com.br\\\/litoralsp\\\/?s={search_term_string}\"},\"query-input\":{\"@type\":\"PropertyValueSpecification\",\"valueRequired\":true,\"valueName\":\"search_term_string\"}}],\"inLanguage\":\"pt-BR\"},{\"@type\":\"Organization\",\"@id\":\"https:\\\/\\\/redenoticiaz.com.br\\\/litoralsp\\\/#organization\",\"name\":\"Litoral SP\",\"url\":\"https:\\\/\\\/redenoticiaz.com.br\\\/litoralsp\\\/\",\"logo\":{\"@type\":\"ImageObject\",\"inLanguage\":\"pt-BR\",\"@id\":\"https:\\\/\\\/redenoticiaz.com.br\\\/litoralsp\\\/#\\\/schema\\\/logo\\\/image\\\/\",\"url\":\"https:\\\/\\\/redenoticiaz.com.br\\\/litoralsp\\\/wp-content\\\/uploads\\\/sites\\\/3\\\/2020\\\/11\\\/logo.jpg\",\"contentUrl\":\"https:\\\/\\\/redenoticiaz.com.br\\\/litoralsp\\\/wp-content\\\/uploads\\\/sites\\\/3\\\/2020\\\/11\\\/logo.jpg\",\"width\":400,\"height\":250,\"caption\":\"Litoral SP\"},\"image\":{\"@id\":\"https:\\\/\\\/redenoticiaz.com.br\\\/litoralsp\\\/#\\\/schema\\\/logo\\\/image\\\/\"}},{\"@type\":\"Person\",\"@id\":\"\",\"url\":\"https:\\\/\\\/redenoticiaz.com.br\\\/litoralsp\\\/author\"}]}<\/script>\n<!-- \/ Yoast SEO plugin. -->","yoast_head_json":{"title":"Menino de 11 anos torce o bra\u00e7o em catraca de \u00f4nibus em Bertioga - Litoral SP","description":"Um menino de 11 anos ficou com o bra\u00e7o preso em uma catraca de \u00f4nibus em Bertioga, nesta ter\u00e7a-feira (26), e recebeu a ajuda de diversas","robots":{"index":"index","follow":"follow","max-snippet":"max-snippet:-1","max-image-preview":"max-image-preview:large","max-video-preview":"max-video-preview:-1"},"canonical":"https:\/\/redenoticiaz.com.br\/litoralsp\/2021\/10\/27\/menino-de-11-anos-torce-o-braco-em-catraca-de-onibus-em-bertioga","og_locale":"pt_BR","og_type":"article","og_title":"Menino de 11 anos torce o bra\u00e7o em catraca de \u00f4nibus em Bertioga - Litoral SP","og_description":"Um menino de 11 anos ficou com o bra\u00e7o preso em uma catraca de \u00f4nibus em Bertioga, nesta ter\u00e7a-feira (26), e recebeu a ajuda de diversas","og_url":"https:\/\/redenoticiaz.com.br\/litoralsp\/2021\/10\/27\/menino-de-11-anos-torce-o-braco-em-catraca-de-onibus-em-bertioga","og_site_name":"Litoral SP","article_published_time":"2021-10-27T16:58:18+00:00","og_image":[{"width":984,"height":787,"url":"https:\/\/redenoticiaz.com.br\/litoralsp\/wp-content\/uploads\/sites\/3\/2021\/10\/braco-torcido.jpg","type":"image\/jpeg"}],"twitter_card":"summary_large_image","twitter_misc":{"Escrito por":"","Est. tempo de leitura":"2 minutos"},"schema":{"@context":"https:\/\/schema.org","@graph":[{"@type":"Article","@id":"https:\/\/redenoticiaz.com.br\/litoralsp\/2021\/10\/27\/menino-de-11-anos-torce-o-braco-em-catraca-de-onibus-em-bertioga#article","isPartOf":{"@id":"https:\/\/redenoticiaz.com.br\/litoralsp\/2021\/10\/27\/menino-de-11-anos-torce-o-braco-em-catraca-de-onibus-em-bertioga"},"author":{"name":"","@id":""},"headline":"Menino de 11 anos torce o bra\u00e7o em catraca de \u00f4nibus em Bertioga","datePublished":"2021-10-27T16:58:18+00:00","mainEntityOfPage":{"@id":"https:\/\/redenoticiaz.com.br\/litoralsp\/2021\/10\/27\/menino-de-11-anos-torce-o-braco-em-catraca-de-onibus-em-bertioga"},"wordCount":387,"commentCount":0,"publisher":{"@id":"https:\/\/redenoticiaz.com.br\/litoralsp\/#organization"},"image":{"@id":"https:\/\/redenoticiaz.com.br\/litoralsp\/2021\/10\/27\/menino-de-11-anos-torce-o-braco-em-catraca-de-onibus-em-bertioga#primaryimage"},"thumbnailUrl":"https:\/\/redenoticiaz.com.br\/litoralsp\/wp-content\/uploads\/sites\/3\/2021\/10\/braco-torcido.jpg","keywords":["acidente","BERTIOGA","BRA\u00c7O TORCIDO","HOSPITAL","MENINO TORCE BRA\u00c7O","\u00d4NIBUS"],"articleSection":["Bertioga","Tr\u00e2nsito"],"inLanguage":"pt-BR","potentialAction":[{"@type":"CommentAction","name":"Comment","target":["https:\/\/redenoticiaz.com.br\/litoralsp\/2021\/10\/27\/menino-de-11-anos-torce-o-braco-em-catraca-de-onibus-em-bertioga#respond"]}]},{"@type":"WebPage","@id":"https:\/\/redenoticiaz.com.br\/litoralsp\/2021\/10\/27\/menino-de-11-anos-torce-o-braco-em-catraca-de-onibus-em-bertioga","url":"https:\/\/redenoticiaz.com.br\/litoralsp\/2021\/10\/27\/menino-de-11-anos-torce-o-braco-em-catraca-de-onibus-em-bertioga","name":"Menino de 11 anos torce o bra\u00e7o em catraca de \u00f4nibus em Bertioga - Litoral SP","isPartOf":{"@id":"https:\/\/redenoticiaz.com.br\/litoralsp\/#website"},"primaryImageOfPage":{"@id":"https:\/\/redenoticiaz.com.br\/litoralsp\/2021\/10\/27\/menino-de-11-anos-torce-o-braco-em-catraca-de-onibus-em-bertioga#primaryimage"},"image":{"@id":"https:\/\/redenoticiaz.com.br\/litoralsp\/2021\/10\/27\/menino-de-11-anos-torce-o-braco-em-catraca-de-onibus-em-bertioga#primaryimage"},"thumbnailUrl":"https:\/\/redenoticiaz.com.br\/litoralsp\/wp-content\/uploads\/sites\/3\/2021\/10\/braco-torcido.jpg","datePublished":"2021-10-27T16:58:18+00:00","description":"Um menino de 11 anos ficou com o bra\u00e7o preso em uma catraca de \u00f4nibus em Bertioga, nesta ter\u00e7a-feira (26), e recebeu a ajuda de diversas","inLanguage":"pt-BR","potentialAction":[{"@type":"ReadAction","target":["https:\/\/redenoticiaz.com.br\/litoralsp\/2021\/10\/27\/menino-de-11-anos-torce-o-braco-em-catraca-de-onibus-em-bertioga"]}]},{"@type":"ImageObject","inLanguage":"pt-BR","@id":"https:\/\/redenoticiaz.com.br\/litoralsp\/2021\/10\/27\/menino-de-11-anos-torce-o-braco-em-catraca-de-onibus-em-bertioga#primaryimage","url":"https:\/\/redenoticiaz.com.br\/litoralsp\/wp-content\/uploads\/sites\/3\/2021\/10\/braco-torcido.jpg","contentUrl":"https:\/\/redenoticiaz.com.br\/litoralsp\/wp-content\/uploads\/sites\/3\/2021\/10\/braco-torcido.jpg","width":984,"height":787,"caption":"Foto: Divulga\u00e7\u00e3o"},{"@type":"WebSite","@id":"https:\/\/redenoticiaz.com.br\/litoralsp\/#website","url":"https:\/\/redenoticiaz.com.br\/litoralsp\/","name":"Litoral SP","description":"Rede NoticiaZ","publisher":{"@id":"https:\/\/redenoticiaz.com.br\/litoralsp\/#organization"},"potentialAction":[{"@type":"SearchAction","target":{"@type":"EntryPoint","urlTemplate":"https:\/\/redenoticiaz.com.br\/litoralsp\/?s={search_term_string}"},"query-input":{"@type":"PropertyValueSpecification","valueRequired":true,"valueName":"search_term_string"}}],"inLanguage":"pt-BR"},{"@type":"Organization","@id":"https:\/\/redenoticiaz.com.br\/litoralsp\/#organization","name":"Litoral SP","url":"https:\/\/redenoticiaz.com.br\/litoralsp\/","logo":{"@type":"ImageObject","inLanguage":"pt-BR","@id":"https:\/\/redenoticiaz.com.br\/litoralsp\/#\/schema\/logo\/image\/","url":"https:\/\/redenoticiaz.com.br\/litoralsp\/wp-content\/uploads\/sites\/3\/2020\/11\/logo.jpg","contentUrl":"https:\/\/redenoticiaz.com.br\/litoralsp\/wp-content\/uploads\/sites\/3\/2020\/11\/logo.jpg","width":400,"height":250,"caption":"Litoral SP"},"image":{"@id":"https:\/\/redenoticiaz.com.br\/litoralsp\/#\/schema\/logo\/image\/"}},{"@type":"Person","@id":"","url":"https:\/\/redenoticiaz.com.br\/litoralsp\/author"}]}},"_links":{"self":[{"href":"https:\/\/redenoticiaz.com.br\/litoralsp\/wp-json\/wp\/v2\/posts\/17249","targetHints":{"allow":["GET"]}}],"collection":[{"href":"https:\/\/redenoticiaz.com.br\/litoralsp\/wp-json\/wp\/v2\/posts"}],"about":[{"href":"https:\/\/redenoticiaz.com.br\/litoralsp\/wp-json\/wp\/v2\/types\/post"}],"author":[{"embeddable":true,"href":"https:\/\/redenoticiaz.com.br\/litoralsp\/wp-json\/wp\/v2\/users\/11"}],"replies":[{"embeddable":true,"href":"https:\/\/redenoticiaz.com.br\/litoralsp\/wp-json\/wp\/v2\/comments?post=17249"}],"version-history":[{"count":1,"href":"https:\/\/redenoticiaz.com.br\/litoralsp\/wp-json\/wp\/v2\/posts\/17249\/revisions"}],"predecessor-version":[{"id":17251,"href":"https:\/\/redenoticiaz.com.br\/litoralsp\/wp-json\/wp\/v2\/posts\/17249\/revisions\/17251"}],"wp:featuredmedia":[{"embeddable":true,"href":"https:\/\/redenoticiaz.com.br\/litoralsp\/wp-json\/wp\/v2\/media\/17250"}],"wp:attachment":[{"href":"https:\/\/redenoticiaz.com.br\/litoralsp\/wp-json\/wp\/v2\/media?parent=17249"}],"wp:term":[{"taxonomy":"category","embeddable":true,"href":"https:\/\/redenoticiaz.com.br\/litoralsp\/wp-json\/wp\/v2\/categories?post=17249"},{"taxonomy":"post_tag","embeddable":true,"href":"https:\/\/redenoticiaz.com.br\/litoralsp\/wp-json\/wp\/v2\/tags?post=17249"}],"curies":[{"name":"wp","href":"https:\/\/api.w.org\/{rel}","templated":true}]}}