{"id":17324,"date":"2021-10-28T11:30:23","date_gmt":"2021-10-28T14:30:23","guid":{"rendered":"https:\/\/redenoticiaz.com.br\/litoralsp\/?p=17324"},"modified":"2021-10-28T11:30:23","modified_gmt":"2021-10-28T14:30:23","slug":"caraguatatuba-realiza-mutirao-de-emprego-nos-dias-4-e-5-de-novembro","status":"publish","type":"post","link":"https:\/\/redenoticiaz.com.br\/litoralsp\/2021\/10\/28\/caraguatatuba-realiza-mutirao-de-emprego-nos-dias-4-e-5-de-novembro","title":{"rendered":"Caraguatatuba realiza mutir\u00e3o de emprego nos dias 4 e 5 de novembro"},"content":{"rendered":"<p>A Prefeitura de <a href=\"http:\/\/caraguatatuba.sp.gov.br\">Caraguatatuba<\/a> <strong>realiza nos dias 4 e 5 de novembro (quinta e sexta-feira) o 4\u00ba Mutir\u00e3o do Emprego, com mais de 300 vagas e 20 empresas participantes<\/strong>, com foco na alta temporada de ver\u00e3o. A a\u00e7\u00e3o ser\u00e1 realizada na Pra\u00e7a da Cultura, no centro, das 9h \u00e0s 15h.<\/p>\n<p>A participa\u00e7\u00e3o ser\u00e1 por meio de agendamento para evitar aglomera\u00e7\u00e3o. O candidato precisa verificar as vagas dispon\u00edveis no link\u00a0<a href=\"https:\/\/tinyurl.com\/ytjhnzvm\" target=\"_blank\" rel=\"noopener noreferrer\">https:\/\/tinyurl.com\/ytjhnzvm<\/a>\u00a0e realizar a inscri\u00e7\u00e3o no endere\u00e7o\u00a0<a href=\"https:\/\/tinyurl.com\/392zkb8z\" target=\"_blank\" rel=\"noopener noreferrer\">https:\/\/tinyurl.com\/392zkb8z<\/a>, de acordo com a vaga de interesse.<\/p>\n<p>Ap\u00f3s inscri\u00e7\u00e3o, os candidatos devem aguardar o agendamento para entrevista, que ser\u00e1 avisado por telefone, entre os dias 01 e 03 de novembro. \u00c9 importante que o interessado fique atento ao telefone que cadastrou no formul\u00e1rio.<\/p>\n<p>De in\u00edcio, ser\u00e3o ofertadas as seguintes vagas: agente de asseio (auxiliar de limpeza), auxiliar de cozinha, auxiliar de estoque, auxiliar de manuten\u00e7\u00e3o predial, balconista de farm\u00e1cia, cabista de internet, chapeiro, cozinheiro, empacotador, estoquista, instrutor pr\u00e1tico de autoescola, motorista entregador, operador de caixa, operador de telemarketing (est\u00e1gio), porteiro, promotor de vendas, recepcionista (est\u00e1gio), repositor, repositor de frios e vendedor externo.<\/p>\n<p><strong>LEIA TAMB\u00c9M<\/strong><\/p>\n<p><a href=\"https:\/\/redenoticiaz.com.br\/litoralsp\/2021\/10\/28\/video-capivara-e-resgatada-de-carcere-privado-em-caraguatatuba\">V\u00cdDEO \u2013 Capivara \u00e9 resgatada de c\u00e1rcere privado em Caraguatatuba<\/a><\/p>\n","protected":false},"excerpt":{"rendered":"<p>A Prefeitura de Caraguatatuba realiza nos dias 4 e 5 de novembro (quinta e sexta-feira) o 4\u00ba Mutir\u00e3o do Emprego, com mais de 300 vagas e 20 empresas participantes, com foco na alta temporada de ver\u00e3o. A a\u00e7\u00e3o ser\u00e1 realizada na Pra\u00e7a da Cultura, no centro, das 9h \u00e0s 15h. A participa\u00e7\u00e3o ser\u00e1 por meio &hellip;<\/p>\n","protected":false},"author":11,"featured_media":17325,"comment_status":"open","ping_status":"closed","sticky":false,"template":"","format":"standard","meta":{"footnotes":""},"categories":[2881],"tags":[2742,39706,38051,31446],"class_list":["post-17324","post","type-post","status-publish","format-standard","has-post-thumbnail","hentry","category-caraguatatuba","tag-caraguatatuba","tag-mutirao-de-emprego","tag-novembro","tag-trabalho"],"yoast_head":"<!-- This site is optimized with the Yoast SEO plugin v27.4 - https:\/\/yoast.com\/product\/yoast-seo-wordpress\/ -->\n<title>Caraguatatuba realiza mutir\u00e3o de emprego nos dias 4 e 5 de novembro - Litoral SP<\/title>\n<meta name=\"description\" content=\"A Prefeitura de Caraguatatuba realiza nos dias 4 e 5 de novembro (quinta e sexta-feira) o 4\u00ba Mutir\u00e3o do Emprego, com mais de 300 vagas e 20\" \/>\n<meta name=\"robots\" content=\"index, follow, max-snippet:-1, max-image-preview:large, max-video-preview:-1\" \/>\n<link rel=\"canonical\" href=\"https:\/\/redenoticiaz.com.br\/litoralsp\/2021\/10\/28\/caraguatatuba-realiza-mutirao-de-emprego-nos-dias-4-e-5-de-novembro\" \/>\n<meta property=\"og:locale\" content=\"pt_BR\" \/>\n<meta property=\"og:type\" content=\"article\" \/>\n<meta property=\"og:title\" content=\"Caraguatatuba realiza mutir\u00e3o de emprego nos dias 4 e 5 de novembro - Litoral SP\" \/>\n<meta property=\"og:description\" content=\"A Prefeitura de Caraguatatuba realiza nos dias 4 e 5 de novembro (quinta e sexta-feira) o 4\u00ba Mutir\u00e3o do Emprego, com mais de 300 vagas e 20\" \/>\n<meta property=\"og:url\" content=\"https:\/\/redenoticiaz.com.br\/litoralsp\/2021\/10\/28\/caraguatatuba-realiza-mutirao-de-emprego-nos-dias-4-e-5-de-novembro\" \/>\n<meta property=\"og:site_name\" content=\"Litoral SP\" \/>\n<meta property=\"article:published_time\" content=\"2021-10-28T14:30:23+00:00\" \/>\n<meta property=\"og:image\" content=\"https:\/\/redenoticiaz.com.br\/litoralsp\/wp-content\/uploads\/sites\/3\/2021\/10\/emprego-810x540-1.jpg\" \/>\n\t<meta property=\"og:image:width\" content=\"810\" \/>\n\t<meta property=\"og:image:height\" content=\"540\" \/>\n\t<meta property=\"og:image:type\" content=\"image\/jpeg\" \/>\n<meta name=\"twitter:card\" content=\"summary_large_image\" \/>\n<meta name=\"twitter:label1\" content=\"Escrito por\" \/>\n\t<meta name=\"twitter:data1\" content=\"\" \/>\n\t<meta name=\"twitter:label2\" content=\"Est. tempo de leitura\" \/>\n\t<meta name=\"twitter:data2\" content=\"1 minuto\" \/>\n<script type=\"application\/ld+json\" class=\"yoast-schema-graph\">{\"@context\":\"https:\\\/\\\/schema.org\",\"@graph\":[{\"@type\":\"Article\",\"@id\":\"https:\\\/\\\/redenoticiaz.com.br\\\/litoralsp\\\/2021\\\/10\\\/28\\\/caraguatatuba-realiza-mutirao-de-emprego-nos-dias-4-e-5-de-novembro#article\",\"isPartOf\":{\"@id\":\"https:\\\/\\\/redenoticiaz.com.br\\\/litoralsp\\\/2021\\\/10\\\/28\\\/caraguatatuba-realiza-mutirao-de-emprego-nos-dias-4-e-5-de-novembro\"},\"author\":{\"name\":\"\",\"@id\":\"\"},\"headline\":\"Caraguatatuba realiza mutir\u00e3o de emprego nos dias 4 e 5 de novembro\",\"datePublished\":\"2021-10-28T14:30:23+00:00\",\"mainEntityOfPage\":{\"@id\":\"https:\\\/\\\/redenoticiaz.com.br\\\/litoralsp\\\/2021\\\/10\\\/28\\\/caraguatatuba-realiza-mutirao-de-emprego-nos-dias-4-e-5-de-novembro\"},\"wordCount\":221,\"commentCount\":0,\"publisher\":{\"@id\":\"https:\\\/\\\/redenoticiaz.com.br\\\/litoralsp\\\/#organization\"},\"image\":{\"@id\":\"https:\\\/\\\/redenoticiaz.com.br\\\/litoralsp\\\/2021\\\/10\\\/28\\\/caraguatatuba-realiza-mutirao-de-emprego-nos-dias-4-e-5-de-novembro#primaryimage\"},\"thumbnailUrl\":\"https:\\\/\\\/redenoticiaz.com.br\\\/litoralsp\\\/wp-content\\\/uploads\\\/sites\\\/3\\\/2021\\\/10\\\/emprego-810x540-1.jpg\",\"keywords\":[\"CARAGUATATUBA\",\"MUTIR\u00c3O DE EMPREGO\",\"novembro\",\"trabalho\"],\"articleSection\":[\"Caraguatatuba\"],\"inLanguage\":\"pt-BR\",\"potentialAction\":[{\"@type\":\"CommentAction\",\"name\":\"Comment\",\"target\":[\"https:\\\/\\\/redenoticiaz.com.br\\\/litoralsp\\\/2021\\\/10\\\/28\\\/caraguatatuba-realiza-mutirao-de-emprego-nos-dias-4-e-5-de-novembro#respond\"]}]},{\"@type\":\"WebPage\",\"@id\":\"https:\\\/\\\/redenoticiaz.com.br\\\/litoralsp\\\/2021\\\/10\\\/28\\\/caraguatatuba-realiza-mutirao-de-emprego-nos-dias-4-e-5-de-novembro\",\"url\":\"https:\\\/\\\/redenoticiaz.com.br\\\/litoralsp\\\/2021\\\/10\\\/28\\\/caraguatatuba-realiza-mutirao-de-emprego-nos-dias-4-e-5-de-novembro\",\"name\":\"Caraguatatuba realiza mutir\u00e3o de emprego nos dias 4 e 5 de novembro - Litoral SP\",\"isPartOf\":{\"@id\":\"https:\\\/\\\/redenoticiaz.com.br\\\/litoralsp\\\/#website\"},\"primaryImageOfPage\":{\"@id\":\"https:\\\/\\\/redenoticiaz.com.br\\\/litoralsp\\\/2021\\\/10\\\/28\\\/caraguatatuba-realiza-mutirao-de-emprego-nos-dias-4-e-5-de-novembro#primaryimage\"},\"image\":{\"@id\":\"https:\\\/\\\/redenoticiaz.com.br\\\/litoralsp\\\/2021\\\/10\\\/28\\\/caraguatatuba-realiza-mutirao-de-emprego-nos-dias-4-e-5-de-novembro#primaryimage\"},\"thumbnailUrl\":\"https:\\\/\\\/redenoticiaz.com.br\\\/litoralsp\\\/wp-content\\\/uploads\\\/sites\\\/3\\\/2021\\\/10\\\/emprego-810x540-1.jpg\",\"datePublished\":\"2021-10-28T14:30:23+00:00\",\"description\":\"A Prefeitura de Caraguatatuba realiza nos dias 4 e 5 de novembro (quinta e sexta-feira) o 4\u00ba Mutir\u00e3o do Emprego, com mais de 300 vagas e 20\",\"inLanguage\":\"pt-BR\",\"potentialAction\":[{\"@type\":\"ReadAction\",\"target\":[\"https:\\\/\\\/redenoticiaz.com.br\\\/litoralsp\\\/2021\\\/10\\\/28\\\/caraguatatuba-realiza-mutirao-de-emprego-nos-dias-4-e-5-de-novembro\"]}]},{\"@type\":\"ImageObject\",\"inLanguage\":\"pt-BR\",\"@id\":\"https:\\\/\\\/redenoticiaz.com.br\\\/litoralsp\\\/2021\\\/10\\\/28\\\/caraguatatuba-realiza-mutirao-de-emprego-nos-dias-4-e-5-de-novembro#primaryimage\",\"url\":\"https:\\\/\\\/redenoticiaz.com.br\\\/litoralsp\\\/wp-content\\\/uploads\\\/sites\\\/3\\\/2021\\\/10\\\/emprego-810x540-1.jpg\",\"contentUrl\":\"https:\\\/\\\/redenoticiaz.com.br\\\/litoralsp\\\/wp-content\\\/uploads\\\/sites\\\/3\\\/2021\\\/10\\\/emprego-810x540-1.jpg\",\"width\":810,\"height\":540,\"caption\":\"Foto: Prefeitura de Caraguatatuba\"},{\"@type\":\"WebSite\",\"@id\":\"https:\\\/\\\/redenoticiaz.com.br\\\/litoralsp\\\/#website\",\"url\":\"https:\\\/\\\/redenoticiaz.com.br\\\/litoralsp\\\/\",\"name\":\"Litoral SP\",\"description\":\"Rede NoticiaZ\",\"publisher\":{\"@id\":\"https:\\\/\\\/redenoticiaz.com.br\\\/litoralsp\\\/#organization\"},\"potentialAction\":[{\"@type\":\"SearchAction\",\"target\":{\"@type\":\"EntryPoint\",\"urlTemplate\":\"https:\\\/\\\/redenoticiaz.com.br\\\/litoralsp\\\/?s={search_term_string}\"},\"query-input\":{\"@type\":\"PropertyValueSpecification\",\"valueRequired\":true,\"valueName\":\"search_term_string\"}}],\"inLanguage\":\"pt-BR\"},{\"@type\":\"Organization\",\"@id\":\"https:\\\/\\\/redenoticiaz.com.br\\\/litoralsp\\\/#organization\",\"name\":\"Litoral SP\",\"url\":\"https:\\\/\\\/redenoticiaz.com.br\\\/litoralsp\\\/\",\"logo\":{\"@type\":\"ImageObject\",\"inLanguage\":\"pt-BR\",\"@id\":\"https:\\\/\\\/redenoticiaz.com.br\\\/litoralsp\\\/#\\\/schema\\\/logo\\\/image\\\/\",\"url\":\"https:\\\/\\\/redenoticiaz.com.br\\\/litoralsp\\\/wp-content\\\/uploads\\\/sites\\\/3\\\/2020\\\/11\\\/logo.jpg\",\"contentUrl\":\"https:\\\/\\\/redenoticiaz.com.br\\\/litoralsp\\\/wp-content\\\/uploads\\\/sites\\\/3\\\/2020\\\/11\\\/logo.jpg\",\"width\":400,\"height\":250,\"caption\":\"Litoral SP\"},\"image\":{\"@id\":\"https:\\\/\\\/redenoticiaz.com.br\\\/litoralsp\\\/#\\\/schema\\\/logo\\\/image\\\/\"}},{\"@type\":\"Person\",\"@id\":\"\",\"url\":\"https:\\\/\\\/redenoticiaz.com.br\\\/litoralsp\\\/author\"}]}<\/script>\n<!-- \/ Yoast SEO plugin. -->","yoast_head_json":{"title":"Caraguatatuba realiza mutir\u00e3o de emprego nos dias 4 e 5 de novembro - Litoral SP","description":"A Prefeitura de Caraguatatuba realiza nos dias 4 e 5 de novembro (quinta e sexta-feira) o 4\u00ba Mutir\u00e3o do Emprego, com mais de 300 vagas e 20","robots":{"index":"index","follow":"follow","max-snippet":"max-snippet:-1","max-image-preview":"max-image-preview:large","max-video-preview":"max-video-preview:-1"},"canonical":"https:\/\/redenoticiaz.com.br\/litoralsp\/2021\/10\/28\/caraguatatuba-realiza-mutirao-de-emprego-nos-dias-4-e-5-de-novembro","og_locale":"pt_BR","og_type":"article","og_title":"Caraguatatuba realiza mutir\u00e3o de emprego nos dias 4 e 5 de novembro - Litoral SP","og_description":"A Prefeitura de Caraguatatuba realiza nos dias 4 e 5 de novembro (quinta e sexta-feira) o 4\u00ba Mutir\u00e3o do Emprego, com mais de 300 vagas e 20","og_url":"https:\/\/redenoticiaz.com.br\/litoralsp\/2021\/10\/28\/caraguatatuba-realiza-mutirao-de-emprego-nos-dias-4-e-5-de-novembro","og_site_name":"Litoral SP","article_published_time":"2021-10-28T14:30:23+00:00","og_image":[{"width":810,"height":540,"url":"https:\/\/redenoticiaz.com.br\/litoralsp\/wp-content\/uploads\/sites\/3\/2021\/10\/emprego-810x540-1.jpg","type":"image\/jpeg"}],"twitter_card":"summary_large_image","twitter_misc":{"Escrito por":"","Est. tempo de leitura":"1 minuto"},"schema":{"@context":"https:\/\/schema.org","@graph":[{"@type":"Article","@id":"https:\/\/redenoticiaz.com.br\/litoralsp\/2021\/10\/28\/caraguatatuba-realiza-mutirao-de-emprego-nos-dias-4-e-5-de-novembro#article","isPartOf":{"@id":"https:\/\/redenoticiaz.com.br\/litoralsp\/2021\/10\/28\/caraguatatuba-realiza-mutirao-de-emprego-nos-dias-4-e-5-de-novembro"},"author":{"name":"","@id":""},"headline":"Caraguatatuba realiza mutir\u00e3o de emprego nos dias 4 e 5 de novembro","datePublished":"2021-10-28T14:30:23+00:00","mainEntityOfPage":{"@id":"https:\/\/redenoticiaz.com.br\/litoralsp\/2021\/10\/28\/caraguatatuba-realiza-mutirao-de-emprego-nos-dias-4-e-5-de-novembro"},"wordCount":221,"commentCount":0,"publisher":{"@id":"https:\/\/redenoticiaz.com.br\/litoralsp\/#organization"},"image":{"@id":"https:\/\/redenoticiaz.com.br\/litoralsp\/2021\/10\/28\/caraguatatuba-realiza-mutirao-de-emprego-nos-dias-4-e-5-de-novembro#primaryimage"},"thumbnailUrl":"https:\/\/redenoticiaz.com.br\/litoralsp\/wp-content\/uploads\/sites\/3\/2021\/10\/emprego-810x540-1.jpg","keywords":["CARAGUATATUBA","MUTIR\u00c3O DE EMPREGO","novembro","trabalho"],"articleSection":["Caraguatatuba"],"inLanguage":"pt-BR","potentialAction":[{"@type":"CommentAction","name":"Comment","target":["https:\/\/redenoticiaz.com.br\/litoralsp\/2021\/10\/28\/caraguatatuba-realiza-mutirao-de-emprego-nos-dias-4-e-5-de-novembro#respond"]}]},{"@type":"WebPage","@id":"https:\/\/redenoticiaz.com.br\/litoralsp\/2021\/10\/28\/caraguatatuba-realiza-mutirao-de-emprego-nos-dias-4-e-5-de-novembro","url":"https:\/\/redenoticiaz.com.br\/litoralsp\/2021\/10\/28\/caraguatatuba-realiza-mutirao-de-emprego-nos-dias-4-e-5-de-novembro","name":"Caraguatatuba realiza mutir\u00e3o de emprego nos dias 4 e 5 de novembro - Litoral SP","isPartOf":{"@id":"https:\/\/redenoticiaz.com.br\/litoralsp\/#website"},"primaryImageOfPage":{"@id":"https:\/\/redenoticiaz.com.br\/litoralsp\/2021\/10\/28\/caraguatatuba-realiza-mutirao-de-emprego-nos-dias-4-e-5-de-novembro#primaryimage"},"image":{"@id":"https:\/\/redenoticiaz.com.br\/litoralsp\/2021\/10\/28\/caraguatatuba-realiza-mutirao-de-emprego-nos-dias-4-e-5-de-novembro#primaryimage"},"thumbnailUrl":"https:\/\/redenoticiaz.com.br\/litoralsp\/wp-content\/uploads\/sites\/3\/2021\/10\/emprego-810x540-1.jpg","datePublished":"2021-10-28T14:30:23+00:00","description":"A Prefeitura de Caraguatatuba realiza nos dias 4 e 5 de novembro (quinta e sexta-feira) o 4\u00ba Mutir\u00e3o do Emprego, com mais de 300 vagas e 20","inLanguage":"pt-BR","potentialAction":[{"@type":"ReadAction","target":["https:\/\/redenoticiaz.com.br\/litoralsp\/2021\/10\/28\/caraguatatuba-realiza-mutirao-de-emprego-nos-dias-4-e-5-de-novembro"]}]},{"@type":"ImageObject","inLanguage":"pt-BR","@id":"https:\/\/redenoticiaz.com.br\/litoralsp\/2021\/10\/28\/caraguatatuba-realiza-mutirao-de-emprego-nos-dias-4-e-5-de-novembro#primaryimage","url":"https:\/\/redenoticiaz.com.br\/litoralsp\/wp-content\/uploads\/sites\/3\/2021\/10\/emprego-810x540-1.jpg","contentUrl":"https:\/\/redenoticiaz.com.br\/litoralsp\/wp-content\/uploads\/sites\/3\/2021\/10\/emprego-810x540-1.jpg","width":810,"height":540,"caption":"Foto: Prefeitura de Caraguatatuba"},{"@type":"WebSite","@id":"https:\/\/redenoticiaz.com.br\/litoralsp\/#website","url":"https:\/\/redenoticiaz.com.br\/litoralsp\/","name":"Litoral SP","description":"Rede NoticiaZ","publisher":{"@id":"https:\/\/redenoticiaz.com.br\/litoralsp\/#organization"},"potentialAction":[{"@type":"SearchAction","target":{"@type":"EntryPoint","urlTemplate":"https:\/\/redenoticiaz.com.br\/litoralsp\/?s={search_term_string}"},"query-input":{"@type":"PropertyValueSpecification","valueRequired":true,"valueName":"search_term_string"}}],"inLanguage":"pt-BR"},{"@type":"Organization","@id":"https:\/\/redenoticiaz.com.br\/litoralsp\/#organization","name":"Litoral SP","url":"https:\/\/redenoticiaz.com.br\/litoralsp\/","logo":{"@type":"ImageObject","inLanguage":"pt-BR","@id":"https:\/\/redenoticiaz.com.br\/litoralsp\/#\/schema\/logo\/image\/","url":"https:\/\/redenoticiaz.com.br\/litoralsp\/wp-content\/uploads\/sites\/3\/2020\/11\/logo.jpg","contentUrl":"https:\/\/redenoticiaz.com.br\/litoralsp\/wp-content\/uploads\/sites\/3\/2020\/11\/logo.jpg","width":400,"height":250,"caption":"Litoral SP"},"image":{"@id":"https:\/\/redenoticiaz.com.br\/litoralsp\/#\/schema\/logo\/image\/"}},{"@type":"Person","@id":"","url":"https:\/\/redenoticiaz.com.br\/litoralsp\/author"}]}},"_links":{"self":[{"href":"https:\/\/redenoticiaz.com.br\/litoralsp\/wp-json\/wp\/v2\/posts\/17324","targetHints":{"allow":["GET"]}}],"collection":[{"href":"https:\/\/redenoticiaz.com.br\/litoralsp\/wp-json\/wp\/v2\/posts"}],"about":[{"href":"https:\/\/redenoticiaz.com.br\/litoralsp\/wp-json\/wp\/v2\/types\/post"}],"author":[{"embeddable":true,"href":"https:\/\/redenoticiaz.com.br\/litoralsp\/wp-json\/wp\/v2\/users\/11"}],"replies":[{"embeddable":true,"href":"https:\/\/redenoticiaz.com.br\/litoralsp\/wp-json\/wp\/v2\/comments?post=17324"}],"version-history":[{"count":1,"href":"https:\/\/redenoticiaz.com.br\/litoralsp\/wp-json\/wp\/v2\/posts\/17324\/revisions"}],"predecessor-version":[{"id":17326,"href":"https:\/\/redenoticiaz.com.br\/litoralsp\/wp-json\/wp\/v2\/posts\/17324\/revisions\/17326"}],"wp:featuredmedia":[{"embeddable":true,"href":"https:\/\/redenoticiaz.com.br\/litoralsp\/wp-json\/wp\/v2\/media\/17325"}],"wp:attachment":[{"href":"https:\/\/redenoticiaz.com.br\/litoralsp\/wp-json\/wp\/v2\/media?parent=17324"}],"wp:term":[{"taxonomy":"category","embeddable":true,"href":"https:\/\/redenoticiaz.com.br\/litoralsp\/wp-json\/wp\/v2\/categories?post=17324"},{"taxonomy":"post_tag","embeddable":true,"href":"https:\/\/redenoticiaz.com.br\/litoralsp\/wp-json\/wp\/v2\/tags?post=17324"}],"curies":[{"name":"wp","href":"https:\/\/api.w.org\/{rel}","templated":true}]}}