{"id":17376,"date":"2021-10-29T12:06:43","date_gmt":"2021-10-29T15:06:43","guid":{"rendered":"https:\/\/redenoticiaz.com.br\/litoralsp\/2021\/10\/29\/selecao-brasileira-e-convocada-para-os-jogos-contra-colombia-e-argentina-pelas-eliminatorias"},"modified":"2021-10-29T12:09:12","modified_gmt":"2021-10-29T15:09:12","slug":"selecao-brasileira-e-convocada-para-os-jogos-contra-colombia-e-argentina-pelas-eliminatorias","status":"publish","type":"post","link":"https:\/\/redenoticiaz.com.br\/litoralsp\/2021\/10\/29\/selecao-brasileira-e-convocada-para-os-jogos-contra-colombia-e-argentina-pelas-eliminatorias","title":{"rendered":"Sele\u00e7\u00e3o brasileira \u00e9 convocada para os jogos contra Col\u00f4mbia e Argentina pelas Eliminat\u00f3rias"},"content":{"rendered":"<p>Nesta sexta-feira (29), o t\u00e9cnico Tite divulgou a <strong>lista dos convocados<\/strong> para defender a <a href=\"https:\/\/www.cbf.com.br\/\">sele\u00e7\u00e3o brasileira<\/a> para os jogos contra Col\u00f4mbia e Argentina pelas Eliminat\u00f3rias da Copa do Mundo do Qatar. Os destaques foram para os retornos de Philippe Coutinho , do Barcelona e de Roberto Firmino, do Liverpool. Al\u00e9m disso, somente um jogador que atua no Brasil foi chamado. A inten\u00e7\u00e3o \u00e9\u00a0 n\u00e3o prejudicar as equipes que est\u00e3o em meio a decis\u00f5es do Campeonato Brasileiro, Libertadores da Am\u00e9rica e Copa Sul-americana.<\/p>\n<p>O primeiro confronto do Brasil acontece na Neo Qu\u00edmica Arena, em S\u00e3o Paulo, no dia 11 de novembro, \u00e0s 21h30. J\u00e1 o o segundo ser\u00e1 na prov\u00edncia de San Juan, no interior da Argentina. Ser\u00e1 no dia 16 de novembro \u00e0s 20h30.<\/p>\n<div class=\"mc-column content-text active-extra-styles \" data-block-type=\"unstyled\" data-block-weight=\"54\" data-block-id=\"4\">\n<p class=\"content-text__container \" data-track-category=\"Link no Texto\" data-track-links=\"\">Com a classifica\u00e7\u00e3o para o Mundial do Catar muito bem encaminhada, dirigentes da CBF apoiaram o pedido de clubes brasileiros para que jogadores que atuam no futebol nacional n\u00e3o fossem chamados desta vez. Tite acatou o pedido, e o coordenador de sele\u00e7\u00f5es da CBF, Juninho Paulista, explicou a decis\u00e3o antes da divulga\u00e7\u00e3o da lista. Somente o goleiro Gabriel Chapec\u00f3, que defende o Gr\u00eamio foi chamado.<\/p>\n<\/div>\n<div class=\"mc-column content-text active-extra-styles \" data-block-type=\"unstyled\" data-block-weight=\"41\" data-block-id=\"5\">\n<p class=\"content-text__container \" data-track-category=\"Link no Texto\" data-track-links=\"\">&#8220;Chegamos a um consenso de ceder, nesta janela, e n\u00e3o convocar jogadores do Brasil, com exce\u00e7\u00e3o de um atleta. Mas todos os clubes est\u00e3o cientes que em caso de les\u00e3o ou suspens\u00e3o, podemos convocar atletas do Brasil&#8221;, disse Juninho.<\/p>\n<div class=\"mc-column content-text active-extra-styles \" data-block-type=\"unstyled\" data-block-weight=\"41\" data-block-id=\"8\">\n<p class=\"content-text__container \" data-track-category=\"Link no Texto\" data-track-links=\"\">O Brasil est\u00e1 invicto nas Eliminat\u00f3rias ap\u00f3s 11 jogos e \u00e9 o l\u00edder com 31 pontos. Desde que a competi\u00e7\u00e3o passou a ser disputada em formato de pontos corridos, nunca uma sele\u00e7\u00e3o ficou fora da Copa do Mundo obtendo essa pontua\u00e7\u00e3o.<\/p>\n<\/div>\n<div class=\"mc-column content-text active-extra-styles\" data-block-type=\"raw\" data-block-weight=\"5\" data-block-id=\"9\">\n<div class=\"content-intertitle\">\n<h3>Veja a lista de convocados:<\/h3>\n<\/div>\n<\/div>\n<div data-track-category=\"multicontent\" data-track-action=\"ultimo chunk conteudo\" data-track-noninteraction=\"false\" data-track-scroll=\"view\">\n<div class=\"mc-column content-text active-extra-styles\" data-block-type=\"raw\" data-block-weight=\"79\" data-block-id=\"10\">\n<ul class=\"content-unordered-list\">\n<li><strong>Goleiros:<\/strong>\u00a0Alisson (Liverpool), Ederson (Manchester City) e Gabriel Chapec\u00f3 (Gr\u00eamio);<\/li>\n<li><strong>Laterais:\u00a0<\/strong>Danilo (Juventus), Emerson Royal (Tottenham), Alex Sandro (Juventus) e Renan Lodi (Atl\u00e9tico de Madrid);<\/li>\n<li><strong>Zagueiros:<\/strong>\u00a0\u00c9der Milit\u00e3o (Real Madrid), Lucas Ver\u00edssimo (Benfica), Marquinhos (PSG) e Thiago Silva (Chelsea);<\/li>\n<li><strong>Meio-campistas:<\/strong>\u00a0Casemiro (Real Madrid), Fabinho (Liverpool), Fred (Manchester United), Gerson (Olympique de Marselha), Lucas Paquet\u00e1 (Lyon) e Philippe Coutinho (Barcelona);<\/li>\n<li><strong>Atacantes<\/strong>: Antony (Ajax), Roberto Firmino (Liverpool), Gabriel Jesus (Manchester City), Matheus Cunha (Atl\u00e9tico de Madrid), Neymar (PSG) e Raphinha (Leeds).<\/li>\n<\/ul>\n<p><strong>LEIA TAMB\u00c9M<\/strong><\/p>\n<p><a href=\"https:\/\/redenoticiaz.com.br\/blog\/2021\/10\/28\/red-bull-bragantino-vence-o-sport-e-se-afirma-no-g-4-do-brasileirao\">Red Bull Bragantino vence o Sport e se afirma no G-4 do Brasileir\u00e3o<\/a><\/p>\n<\/div>\n<\/div>\n<\/div>\n","protected":false},"excerpt":{"rendered":"<p>Nesta sexta-feira (29), o t\u00e9cnico Tite divulgou a lista dos convocados para defender a sele\u00e7\u00e3o brasileira para os jogos contra Col\u00f4mbia e Argentina pelas Eliminat\u00f3rias da Copa do Mundo do Qatar. Os destaques foram para os retornos de Philippe Coutinho , do Barcelona e de Roberto Firmino, do Liverpool. Al\u00e9m disso, somente um jogador que &hellip;<\/p>\n","protected":false},"author":6,"featured_media":17377,"comment_status":"open","ping_status":"closed","sticky":false,"template":"","format":"standard","meta":{"footnotes":""},"categories":[35],"tags":[2171,15059,24155,39814,14629,1220],"class_list":["post-17376","post","type-post","status-publish","format-standard","has-post-thumbnail","hentry","category-esporte","tag-argentina","tag-cbf","tag-colombia","tag-convocacao-da-selecao","tag-eliminatorias-da-copa-do-mundo","tag-selecao-brasileira"],"yoast_head":"<!-- This site is optimized with the Yoast SEO plugin v27.5 - https:\/\/yoast.com\/product\/yoast-seo-wordpress\/ -->\n<title>Sele\u00e7\u00e3o brasileira \u00e9 convocada para os jogos contra Col\u00f4mbia e Argentina pelas Eliminat\u00f3rias - Litoral SP<\/title>\n<meta name=\"description\" content=\"Tite divulgou a lista dos convocados para defender a sele\u00e7\u00e3o brasileira para os jogos contra Col\u00f4mbia e Argentina pelas Eliminat\u00f3rias\" \/>\n<meta name=\"robots\" content=\"index, follow, max-snippet:-1, max-image-preview:large, max-video-preview:-1\" \/>\n<link rel=\"canonical\" href=\"https:\/\/redenoticiaz.com.br\/litoralsp\/2021\/10\/29\/selecao-brasileira-e-convocada-para-os-jogos-contra-colombia-e-argentina-pelas-eliminatorias\" \/>\n<meta property=\"og:locale\" content=\"pt_BR\" \/>\n<meta property=\"og:type\" content=\"article\" \/>\n<meta property=\"og:title\" content=\"Sele\u00e7\u00e3o brasileira \u00e9 convocada para os jogos contra Col\u00f4mbia e Argentina pelas Eliminat\u00f3rias - Litoral SP\" \/>\n<meta property=\"og:description\" content=\"Tite divulgou a lista dos convocados para defender a sele\u00e7\u00e3o brasileira para os jogos contra Col\u00f4mbia e Argentina pelas Eliminat\u00f3rias\" \/>\n<meta property=\"og:url\" content=\"https:\/\/redenoticiaz.com.br\/litoralsp\/2021\/10\/29\/selecao-brasileira-e-convocada-para-os-jogos-contra-colombia-e-argentina-pelas-eliminatorias\" \/>\n<meta property=\"og:site_name\" content=\"Litoral SP\" \/>\n<meta property=\"article:published_time\" content=\"2021-10-29T15:06:43+00:00\" \/>\n<meta property=\"article:modified_time\" content=\"2021-10-29T15:09:12+00:00\" \/>\n<meta property=\"og:image\" content=\"https:\/\/redenoticiaz.com.br\/litoralsp\/wp-content\/uploads\/sites\/3\/2021\/10\/tite.jpeg\" \/>\n\t<meta property=\"og:image:width\" content=\"640\" \/>\n\t<meta property=\"og:image:height\" content=\"480\" \/>\n\t<meta property=\"og:image:type\" content=\"image\/jpeg\" \/>\n<meta name=\"author\" content=\"Leonardo Francisco\" \/>\n<meta name=\"twitter:card\" content=\"summary_large_image\" \/>\n<meta name=\"twitter:label1\" content=\"Escrito por\" \/>\n\t<meta name=\"twitter:data1\" content=\"Leonardo Francisco\" \/>\n\t<meta name=\"twitter:label2\" content=\"Est. tempo de leitura\" \/>\n\t<meta name=\"twitter:data2\" content=\"2 minutos\" \/>\n<script type=\"application\/ld+json\" class=\"yoast-schema-graph\">{\"@context\":\"https:\\\/\\\/schema.org\",\"@graph\":[{\"@type\":\"Article\",\"@id\":\"https:\\\/\\\/redenoticiaz.com.br\\\/litoralsp\\\/2021\\\/10\\\/29\\\/selecao-brasileira-e-convocada-para-os-jogos-contra-colombia-e-argentina-pelas-eliminatorias#article\",\"isPartOf\":{\"@id\":\"https:\\\/\\\/redenoticiaz.com.br\\\/litoralsp\\\/2021\\\/10\\\/29\\\/selecao-brasileira-e-convocada-para-os-jogos-contra-colombia-e-argentina-pelas-eliminatorias\"},\"author\":{\"name\":\"Leonardo Francisco\",\"@id\":\"https:\\\/\\\/redenoticiaz.com.br\\\/litoralsp\\\/#\\\/schema\\\/person\\\/0f0b8a5bdafefe82841e07ae8d81ecb3\"},\"headline\":\"Sele\u00e7\u00e3o brasileira \u00e9 convocada para os jogos contra Col\u00f4mbia e Argentina pelas Eliminat\u00f3rias\",\"datePublished\":\"2021-10-29T15:06:43+00:00\",\"dateModified\":\"2021-10-29T15:09:12+00:00\",\"mainEntityOfPage\":{\"@id\":\"https:\\\/\\\/redenoticiaz.com.br\\\/litoralsp\\\/2021\\\/10\\\/29\\\/selecao-brasileira-e-convocada-para-os-jogos-contra-colombia-e-argentina-pelas-eliminatorias\"},\"wordCount\":412,\"commentCount\":0,\"publisher\":{\"@id\":\"https:\\\/\\\/redenoticiaz.com.br\\\/litoralsp\\\/#organization\"},\"image\":{\"@id\":\"https:\\\/\\\/redenoticiaz.com.br\\\/litoralsp\\\/2021\\\/10\\\/29\\\/selecao-brasileira-e-convocada-para-os-jogos-contra-colombia-e-argentina-pelas-eliminatorias#primaryimage\"},\"thumbnailUrl\":\"https:\\\/\\\/redenoticiaz.com.br\\\/litoralsp\\\/wp-content\\\/uploads\\\/sites\\\/3\\\/2021\\\/10\\\/tite.jpeg\",\"keywords\":[\"Argentina\",\"CBF\",\"COL\u00d4MBIA\",\"CONVOCA\u00c7\u00c3O DA SELE\u00c7\u00c3O\",\"ELIMINAT\u00d3RIAS DA COPA DO MUNDO\",\"Sele\u00e7\u00e3o Brasileira\"],\"articleSection\":[\"Esporte\"],\"inLanguage\":\"pt-BR\",\"potentialAction\":[{\"@type\":\"CommentAction\",\"name\":\"Comment\",\"target\":[\"https:\\\/\\\/redenoticiaz.com.br\\\/litoralsp\\\/2021\\\/10\\\/29\\\/selecao-brasileira-e-convocada-para-os-jogos-contra-colombia-e-argentina-pelas-eliminatorias#respond\"]}]},{\"@type\":\"WebPage\",\"@id\":\"https:\\\/\\\/redenoticiaz.com.br\\\/litoralsp\\\/2021\\\/10\\\/29\\\/selecao-brasileira-e-convocada-para-os-jogos-contra-colombia-e-argentina-pelas-eliminatorias\",\"url\":\"https:\\\/\\\/redenoticiaz.com.br\\\/litoralsp\\\/2021\\\/10\\\/29\\\/selecao-brasileira-e-convocada-para-os-jogos-contra-colombia-e-argentina-pelas-eliminatorias\",\"name\":\"Sele\u00e7\u00e3o brasileira \u00e9 convocada para os jogos contra Col\u00f4mbia e Argentina pelas Eliminat\u00f3rias - Litoral SP\",\"isPartOf\":{\"@id\":\"https:\\\/\\\/redenoticiaz.com.br\\\/litoralsp\\\/#website\"},\"primaryImageOfPage\":{\"@id\":\"https:\\\/\\\/redenoticiaz.com.br\\\/litoralsp\\\/2021\\\/10\\\/29\\\/selecao-brasileira-e-convocada-para-os-jogos-contra-colombia-e-argentina-pelas-eliminatorias#primaryimage\"},\"image\":{\"@id\":\"https:\\\/\\\/redenoticiaz.com.br\\\/litoralsp\\\/2021\\\/10\\\/29\\\/selecao-brasileira-e-convocada-para-os-jogos-contra-colombia-e-argentina-pelas-eliminatorias#primaryimage\"},\"thumbnailUrl\":\"https:\\\/\\\/redenoticiaz.com.br\\\/litoralsp\\\/wp-content\\\/uploads\\\/sites\\\/3\\\/2021\\\/10\\\/tite.jpeg\",\"datePublished\":\"2021-10-29T15:06:43+00:00\",\"dateModified\":\"2021-10-29T15:09:12+00:00\",\"description\":\"Tite divulgou a lista dos convocados para defender a sele\u00e7\u00e3o brasileira para os jogos contra Col\u00f4mbia e Argentina pelas Eliminat\u00f3rias\",\"inLanguage\":\"pt-BR\",\"potentialAction\":[{\"@type\":\"ReadAction\",\"target\":[\"https:\\\/\\\/redenoticiaz.com.br\\\/litoralsp\\\/2021\\\/10\\\/29\\\/selecao-brasileira-e-convocada-para-os-jogos-contra-colombia-e-argentina-pelas-eliminatorias\"]}]},{\"@type\":\"ImageObject\",\"inLanguage\":\"pt-BR\",\"@id\":\"https:\\\/\\\/redenoticiaz.com.br\\\/litoralsp\\\/2021\\\/10\\\/29\\\/selecao-brasileira-e-convocada-para-os-jogos-contra-colombia-e-argentina-pelas-eliminatorias#primaryimage\",\"url\":\"https:\\\/\\\/redenoticiaz.com.br\\\/litoralsp\\\/wp-content\\\/uploads\\\/sites\\\/3\\\/2021\\\/10\\\/tite.jpeg\",\"contentUrl\":\"https:\\\/\\\/redenoticiaz.com.br\\\/litoralsp\\\/wp-content\\\/uploads\\\/sites\\\/3\\\/2021\\\/10\\\/tite.jpeg\",\"width\":640,\"height\":480,\"caption\":\"Brasil j\u00e1 pode garantir a classifica\u00e7\u00e3o para a Copa do Mundo do Qatar j\u00e1 nesta rodada.\"},{\"@type\":\"WebSite\",\"@id\":\"https:\\\/\\\/redenoticiaz.com.br\\\/litoralsp\\\/#website\",\"url\":\"https:\\\/\\\/redenoticiaz.com.br\\\/litoralsp\\\/\",\"name\":\"Litoral SP\",\"description\":\"Rede NoticiaZ\",\"publisher\":{\"@id\":\"https:\\\/\\\/redenoticiaz.com.br\\\/litoralsp\\\/#organization\"},\"potentialAction\":[{\"@type\":\"SearchAction\",\"target\":{\"@type\":\"EntryPoint\",\"urlTemplate\":\"https:\\\/\\\/redenoticiaz.com.br\\\/litoralsp\\\/?s={search_term_string}\"},\"query-input\":{\"@type\":\"PropertyValueSpecification\",\"valueRequired\":true,\"valueName\":\"search_term_string\"}}],\"inLanguage\":\"pt-BR\"},{\"@type\":\"Organization\",\"@id\":\"https:\\\/\\\/redenoticiaz.com.br\\\/litoralsp\\\/#organization\",\"name\":\"Litoral SP\",\"url\":\"https:\\\/\\\/redenoticiaz.com.br\\\/litoralsp\\\/\",\"logo\":{\"@type\":\"ImageObject\",\"inLanguage\":\"pt-BR\",\"@id\":\"https:\\\/\\\/redenoticiaz.com.br\\\/litoralsp\\\/#\\\/schema\\\/logo\\\/image\\\/\",\"url\":\"https:\\\/\\\/redenoticiaz.com.br\\\/litoralsp\\\/wp-content\\\/uploads\\\/sites\\\/3\\\/2020\\\/11\\\/logo.jpg\",\"contentUrl\":\"https:\\\/\\\/redenoticiaz.com.br\\\/litoralsp\\\/wp-content\\\/uploads\\\/sites\\\/3\\\/2020\\\/11\\\/logo.jpg\",\"width\":400,\"height\":250,\"caption\":\"Litoral SP\"},\"image\":{\"@id\":\"https:\\\/\\\/redenoticiaz.com.br\\\/litoralsp\\\/#\\\/schema\\\/logo\\\/image\\\/\"}},{\"@type\":\"Person\",\"@id\":\"https:\\\/\\\/redenoticiaz.com.br\\\/litoralsp\\\/#\\\/schema\\\/person\\\/0f0b8a5bdafefe82841e07ae8d81ecb3\",\"name\":\"Leonardo Francisco\",\"image\":{\"@type\":\"ImageObject\",\"inLanguage\":\"pt-BR\",\"@id\":\"https:\\\/\\\/secure.gravatar.com\\\/avatar\\\/a7358cb406a99b682ec6df1e77e31ae82e63601f6784e8a3df411d72b37864da?s=96&d=mm&r=g\",\"url\":\"https:\\\/\\\/secure.gravatar.com\\\/avatar\\\/a7358cb406a99b682ec6df1e77e31ae82e63601f6784e8a3df411d72b37864da?s=96&d=mm&r=g\",\"contentUrl\":\"https:\\\/\\\/secure.gravatar.com\\\/avatar\\\/a7358cb406a99b682ec6df1e77e31ae82e63601f6784e8a3df411d72b37864da?s=96&d=mm&r=g\",\"caption\":\"Leonardo Francisco\"},\"url\":\"https:\\\/\\\/redenoticiaz.com.br\\\/litoralsp\\\/author\\\/leonardo-francisco\"}]}<\/script>\n<!-- \/ Yoast SEO plugin. -->","yoast_head_json":{"title":"Sele\u00e7\u00e3o brasileira \u00e9 convocada para os jogos contra Col\u00f4mbia e Argentina pelas Eliminat\u00f3rias - Litoral SP","description":"Tite divulgou a lista dos convocados para defender a sele\u00e7\u00e3o brasileira para os jogos contra Col\u00f4mbia e Argentina pelas Eliminat\u00f3rias","robots":{"index":"index","follow":"follow","max-snippet":"max-snippet:-1","max-image-preview":"max-image-preview:large","max-video-preview":"max-video-preview:-1"},"canonical":"https:\/\/redenoticiaz.com.br\/litoralsp\/2021\/10\/29\/selecao-brasileira-e-convocada-para-os-jogos-contra-colombia-e-argentina-pelas-eliminatorias","og_locale":"pt_BR","og_type":"article","og_title":"Sele\u00e7\u00e3o brasileira \u00e9 convocada para os jogos contra Col\u00f4mbia e Argentina pelas Eliminat\u00f3rias - Litoral SP","og_description":"Tite divulgou a lista dos convocados para defender a sele\u00e7\u00e3o brasileira para os jogos contra Col\u00f4mbia e Argentina pelas Eliminat\u00f3rias","og_url":"https:\/\/redenoticiaz.com.br\/litoralsp\/2021\/10\/29\/selecao-brasileira-e-convocada-para-os-jogos-contra-colombia-e-argentina-pelas-eliminatorias","og_site_name":"Litoral SP","article_published_time":"2021-10-29T15:06:43+00:00","article_modified_time":"2021-10-29T15:09:12+00:00","og_image":[{"width":640,"height":480,"url":"https:\/\/redenoticiaz.com.br\/litoralsp\/wp-content\/uploads\/sites\/3\/2021\/10\/tite.jpeg","type":"image\/jpeg"}],"author":"Leonardo Francisco","twitter_card":"summary_large_image","twitter_misc":{"Escrito por":"Leonardo Francisco","Est. tempo de leitura":"2 minutos"},"schema":{"@context":"https:\/\/schema.org","@graph":[{"@type":"Article","@id":"https:\/\/redenoticiaz.com.br\/litoralsp\/2021\/10\/29\/selecao-brasileira-e-convocada-para-os-jogos-contra-colombia-e-argentina-pelas-eliminatorias#article","isPartOf":{"@id":"https:\/\/redenoticiaz.com.br\/litoralsp\/2021\/10\/29\/selecao-brasileira-e-convocada-para-os-jogos-contra-colombia-e-argentina-pelas-eliminatorias"},"author":{"name":"Leonardo Francisco","@id":"https:\/\/redenoticiaz.com.br\/litoralsp\/#\/schema\/person\/0f0b8a5bdafefe82841e07ae8d81ecb3"},"headline":"Sele\u00e7\u00e3o brasileira \u00e9 convocada para os jogos contra Col\u00f4mbia e Argentina pelas Eliminat\u00f3rias","datePublished":"2021-10-29T15:06:43+00:00","dateModified":"2021-10-29T15:09:12+00:00","mainEntityOfPage":{"@id":"https:\/\/redenoticiaz.com.br\/litoralsp\/2021\/10\/29\/selecao-brasileira-e-convocada-para-os-jogos-contra-colombia-e-argentina-pelas-eliminatorias"},"wordCount":412,"commentCount":0,"publisher":{"@id":"https:\/\/redenoticiaz.com.br\/litoralsp\/#organization"},"image":{"@id":"https:\/\/redenoticiaz.com.br\/litoralsp\/2021\/10\/29\/selecao-brasileira-e-convocada-para-os-jogos-contra-colombia-e-argentina-pelas-eliminatorias#primaryimage"},"thumbnailUrl":"https:\/\/redenoticiaz.com.br\/litoralsp\/wp-content\/uploads\/sites\/3\/2021\/10\/tite.jpeg","keywords":["Argentina","CBF","COL\u00d4MBIA","CONVOCA\u00c7\u00c3O DA SELE\u00c7\u00c3O","ELIMINAT\u00d3RIAS DA COPA DO MUNDO","Sele\u00e7\u00e3o Brasileira"],"articleSection":["Esporte"],"inLanguage":"pt-BR","potentialAction":[{"@type":"CommentAction","name":"Comment","target":["https:\/\/redenoticiaz.com.br\/litoralsp\/2021\/10\/29\/selecao-brasileira-e-convocada-para-os-jogos-contra-colombia-e-argentina-pelas-eliminatorias#respond"]}]},{"@type":"WebPage","@id":"https:\/\/redenoticiaz.com.br\/litoralsp\/2021\/10\/29\/selecao-brasileira-e-convocada-para-os-jogos-contra-colombia-e-argentina-pelas-eliminatorias","url":"https:\/\/redenoticiaz.com.br\/litoralsp\/2021\/10\/29\/selecao-brasileira-e-convocada-para-os-jogos-contra-colombia-e-argentina-pelas-eliminatorias","name":"Sele\u00e7\u00e3o brasileira \u00e9 convocada para os jogos contra Col\u00f4mbia e Argentina pelas Eliminat\u00f3rias - Litoral SP","isPartOf":{"@id":"https:\/\/redenoticiaz.com.br\/litoralsp\/#website"},"primaryImageOfPage":{"@id":"https:\/\/redenoticiaz.com.br\/litoralsp\/2021\/10\/29\/selecao-brasileira-e-convocada-para-os-jogos-contra-colombia-e-argentina-pelas-eliminatorias#primaryimage"},"image":{"@id":"https:\/\/redenoticiaz.com.br\/litoralsp\/2021\/10\/29\/selecao-brasileira-e-convocada-para-os-jogos-contra-colombia-e-argentina-pelas-eliminatorias#primaryimage"},"thumbnailUrl":"https:\/\/redenoticiaz.com.br\/litoralsp\/wp-content\/uploads\/sites\/3\/2021\/10\/tite.jpeg","datePublished":"2021-10-29T15:06:43+00:00","dateModified":"2021-10-29T15:09:12+00:00","description":"Tite divulgou a lista dos convocados para defender a sele\u00e7\u00e3o brasileira para os jogos contra Col\u00f4mbia e Argentina pelas Eliminat\u00f3rias","inLanguage":"pt-BR","potentialAction":[{"@type":"ReadAction","target":["https:\/\/redenoticiaz.com.br\/litoralsp\/2021\/10\/29\/selecao-brasileira-e-convocada-para-os-jogos-contra-colombia-e-argentina-pelas-eliminatorias"]}]},{"@type":"ImageObject","inLanguage":"pt-BR","@id":"https:\/\/redenoticiaz.com.br\/litoralsp\/2021\/10\/29\/selecao-brasileira-e-convocada-para-os-jogos-contra-colombia-e-argentina-pelas-eliminatorias#primaryimage","url":"https:\/\/redenoticiaz.com.br\/litoralsp\/wp-content\/uploads\/sites\/3\/2021\/10\/tite.jpeg","contentUrl":"https:\/\/redenoticiaz.com.br\/litoralsp\/wp-content\/uploads\/sites\/3\/2021\/10\/tite.jpeg","width":640,"height":480,"caption":"Brasil j\u00e1 pode garantir a classifica\u00e7\u00e3o para a Copa do Mundo do Qatar j\u00e1 nesta rodada."},{"@type":"WebSite","@id":"https:\/\/redenoticiaz.com.br\/litoralsp\/#website","url":"https:\/\/redenoticiaz.com.br\/litoralsp\/","name":"Litoral SP","description":"Rede NoticiaZ","publisher":{"@id":"https:\/\/redenoticiaz.com.br\/litoralsp\/#organization"},"potentialAction":[{"@type":"SearchAction","target":{"@type":"EntryPoint","urlTemplate":"https:\/\/redenoticiaz.com.br\/litoralsp\/?s={search_term_string}"},"query-input":{"@type":"PropertyValueSpecification","valueRequired":true,"valueName":"search_term_string"}}],"inLanguage":"pt-BR"},{"@type":"Organization","@id":"https:\/\/redenoticiaz.com.br\/litoralsp\/#organization","name":"Litoral SP","url":"https:\/\/redenoticiaz.com.br\/litoralsp\/","logo":{"@type":"ImageObject","inLanguage":"pt-BR","@id":"https:\/\/redenoticiaz.com.br\/litoralsp\/#\/schema\/logo\/image\/","url":"https:\/\/redenoticiaz.com.br\/litoralsp\/wp-content\/uploads\/sites\/3\/2020\/11\/logo.jpg","contentUrl":"https:\/\/redenoticiaz.com.br\/litoralsp\/wp-content\/uploads\/sites\/3\/2020\/11\/logo.jpg","width":400,"height":250,"caption":"Litoral SP"},"image":{"@id":"https:\/\/redenoticiaz.com.br\/litoralsp\/#\/schema\/logo\/image\/"}},{"@type":"Person","@id":"https:\/\/redenoticiaz.com.br\/litoralsp\/#\/schema\/person\/0f0b8a5bdafefe82841e07ae8d81ecb3","name":"Leonardo Francisco","image":{"@type":"ImageObject","inLanguage":"pt-BR","@id":"https:\/\/secure.gravatar.com\/avatar\/a7358cb406a99b682ec6df1e77e31ae82e63601f6784e8a3df411d72b37864da?s=96&d=mm&r=g","url":"https:\/\/secure.gravatar.com\/avatar\/a7358cb406a99b682ec6df1e77e31ae82e63601f6784e8a3df411d72b37864da?s=96&d=mm&r=g","contentUrl":"https:\/\/secure.gravatar.com\/avatar\/a7358cb406a99b682ec6df1e77e31ae82e63601f6784e8a3df411d72b37864da?s=96&d=mm&r=g","caption":"Leonardo Francisco"},"url":"https:\/\/redenoticiaz.com.br\/litoralsp\/author\/leonardo-francisco"}]}},"_links":{"self":[{"href":"https:\/\/redenoticiaz.com.br\/litoralsp\/wp-json\/wp\/v2\/posts\/17376","targetHints":{"allow":["GET"]}}],"collection":[{"href":"https:\/\/redenoticiaz.com.br\/litoralsp\/wp-json\/wp\/v2\/posts"}],"about":[{"href":"https:\/\/redenoticiaz.com.br\/litoralsp\/wp-json\/wp\/v2\/types\/post"}],"author":[{"embeddable":true,"href":"https:\/\/redenoticiaz.com.br\/litoralsp\/wp-json\/wp\/v2\/users\/6"}],"replies":[{"embeddable":true,"href":"https:\/\/redenoticiaz.com.br\/litoralsp\/wp-json\/wp\/v2\/comments?post=17376"}],"version-history":[{"count":1,"href":"https:\/\/redenoticiaz.com.br\/litoralsp\/wp-json\/wp\/v2\/posts\/17376\/revisions"}],"predecessor-version":[{"id":17378,"href":"https:\/\/redenoticiaz.com.br\/litoralsp\/wp-json\/wp\/v2\/posts\/17376\/revisions\/17378"}],"wp:featuredmedia":[{"embeddable":true,"href":"https:\/\/redenoticiaz.com.br\/litoralsp\/wp-json\/wp\/v2\/media\/17377"}],"wp:attachment":[{"href":"https:\/\/redenoticiaz.com.br\/litoralsp\/wp-json\/wp\/v2\/media?parent=17376"}],"wp:term":[{"taxonomy":"category","embeddable":true,"href":"https:\/\/redenoticiaz.com.br\/litoralsp\/wp-json\/wp\/v2\/categories?post=17376"},{"taxonomy":"post_tag","embeddable":true,"href":"https:\/\/redenoticiaz.com.br\/litoralsp\/wp-json\/wp\/v2\/tags?post=17376"}],"curies":[{"name":"wp","href":"https:\/\/api.w.org\/{rel}","templated":true}]}}