{"id":17419,"date":"2021-10-29T21:02:53","date_gmt":"2021-10-30T00:02:53","guid":{"rendered":"https:\/\/redenoticiaz.com.br\/litoralsp\/2021\/10\/29\/video-bolsonaro-com-agenda-de-turista-na-italia-tem-recepcoes-diferentes"},"modified":"2021-10-29T21:06:29","modified_gmt":"2021-10-30T00:06:29","slug":"video-bolsonaro-com-agenda-de-turista-na-italia-tem-recepcoes-diferentes","status":"publish","type":"post","link":"https:\/\/redenoticiaz.com.br\/litoralsp\/2021\/10\/29\/video-bolsonaro-com-agenda-de-turista-na-italia-tem-recepcoes-diferentes","title":{"rendered":"V\u00cdDEO &#8211; Bolsonaro com agenda de turista na It\u00e1lia tem recep\u00e7\u00f5es diferentes"},"content":{"rendered":"<p>O presidente <a href=\"https:\/\/www.gov.br\/pt-br\">Jair Bolsonaro<\/a> chegou na <strong>It\u00e1lia<\/strong> nesta sexta-feira (29) para participar da c\u00fapula do G20. L\u00e1, ele foi recebido pelo presidente italiano, Sergio Matarella. Durante a passagem, Bolsonaro foi cumprimentado por apoiadores, mas tamb\u00e9m foi alvo de protestos mesmo em solo italiano.<\/p>\n<p>Enquanto passou pelo vilarejo de Anguillara V\u00eaneta, de 4 mil habitantes, o presidente conheceu o local onde o bisav\u00f4 Vittorio Bolzonaro nasceu. Ao chegar na regi\u00e3o recebeu cumprimentos e muito apoio. A prefeita Alessandra Buoso, da Liga, partido de extrema direita, deve dar a Bolsonaro o t\u00edtulo de Cidad\u00e3o Honor\u00e1rio do Munic\u00edpio.<\/p>\n<p><strong>Veja o v\u00eddeo:<\/strong><\/p>\n<div style=\"width: 1920px;\" class=\"wp-video\"><video class=\"wp-video-shortcode\" id=\"video-17419-1\" width=\"1920\" height=\"1080\" preload=\"metadata\" controls=\"controls\"><source type=\"video\/mp4\" src=\"https:\/\/redenoticiaz.com.br\/wp-content\/uploads\/2021\/10\/whatsapp-video-2021-10-29-at-19-43-55.mp4?_=1\" \/><a href=\"https:\/\/redenoticiaz.com.br\/wp-content\/uploads\/2021\/10\/whatsapp-video-2021-10-29-at-19-43-55.mp4\">https:\/\/redenoticiaz.com.br\/wp-content\/uploads\/2021\/10\/whatsapp-video-2021-10-29-at-19-43-55.mp4<\/a><\/video><\/div>\n<h3>Protestos<\/h3>\n<p>S\u00f3 que para variar, por onde Jair Bolsonaro passa, tamb\u00e9m h\u00e1 protestos. Por conta da premia\u00e7\u00e3o que vai receber, pol\u00edticos italianos, religiosos cat\u00f3licos e brasileiros que vivem na It\u00e1lia fizeram protestos pela concess\u00e3o desse t\u00edtulo honor\u00e1rio. Para Dario Marini, secret\u00e1rio regional do Partito Comunista Italiano, \u201cdar cidadania honor\u00e1ria \u00e0 Bolsonaro \u00e9 como dar o Pr\u00eamio Nobel a um m\u00e9dico contr\u00e1rio a vacinas\u201d.<\/p>\n<p>J\u00e1 a Diocese de P\u00e1dua fez um apelo dizendo que o <span class=\"highlight highlighted\">t\u00edtulo que ele vai receber de cidad\u00e3o honor\u00e1rio de Anguillara V\u00eaneta, um vilarejo da regi\u00e3o onde nasceu seu bisav\u00f4, causa &#8220;grande constrangimento&#8221;<\/span>.<\/p>\n<div class=\"wall protected-content\">\n<div class=\"mc-column content-text active-extra-styles \" data-block-type=\"unstyled\" data-block-weight=\"20\" data-block-id=\"3\">\n<p class=\"content-text__container \" data-track-category=\"Link no Texto\" data-track-links=\"\">Devido \u00e0 homenagem,\u00a0<span class=\"highlight highlighted\">ativistas protestaram contra o presidente brasileiro e picharam &#8220;Fora Bolsonaro&#8221;<\/span> na sede da prefeitura.<\/p>\n<div class=\"mc-column content-text active-extra-styles\" data-block-type=\"raw\" data-block-weight=\"3\" data-block-id=\"13\">\n<div class=\"content-intertitle\">\n<h2>Protesto de ativistas<\/h2>\n<\/div>\n<\/div>\n<div class=\"mc-column content-text active-extra-styles \" data-block-type=\"unstyled\" data-block-weight=\"37\" data-block-id=\"14\">\n<p class=\"content-text__container \" data-track-category=\"Link no Texto\" data-track-links=\"\">Ativistas do &#8220;Rise Up 4 Climate Justice&#8221; (&#8220;Levante pela Justi\u00e7a Clim\u00e1tica&#8221;, em tradu\u00e7\u00e3o livre) afirmaram em uma rede social que\u00a0<span class=\"highlight highlighted\">&#8220;a figura de Bolsonaro representa perfeitamente o modelo capitalista, predat\u00f3rio, destrutivo e colonialista contra o qual lutamos&#8221;<\/span>.<\/p>\n<\/div>\n<div class=\"mc-column content-text active-extra-styles \" data-block-type=\"unstyled\" data-block-weight=\"45\" data-block-id=\"15\">\n<figure id=\"attachment_70737\" aria-describedby=\"caption-attachment-70737\" style=\"width: 293px\" class=\"wp-caption alignleft\"><img loading=\"lazy\" decoding=\"async\" class=\"size-medium wp-image-70737\" src=\"https:\/\/redenoticiaz.com.br\/wp-content\/uploads\/2021\/10\/bolsonaroitaliaprotesto2-293x220.jpg\" alt=\"\" width=\"293\" height=\"220\" \/><figcaption id=\"caption-attachment-70737\" class=\"wp-caption-text\">Cr\u00e9ditos: Reprodu\u00e7\u00e3o\/Facebook<\/figcaption><\/figure>\n<p class=\"content-text__container \" data-track-category=\"Link no Texto\" data-track-links=\"\">&#8220;Depois de saber a not\u00edcia de que a prefeita de Anguillara Veneta, da Liga Norte, conceder\u00e1 cidadania honor\u00e1ria a Bolsonaro, presidente do Brasil que visitar\u00e1 P\u00e1dua, como ativistas e ativistas do &#8216;Levante pela Justi\u00e7a Clim\u00e1tica&#8217;, n\u00e3o pudemos deixar de nos fazer ouvir&#8221;, escreveu o grupo.<\/p>\n<\/div>\n<div class=\"mc-column content-text active-extra-styles \" data-block-type=\"unstyled\" data-block-weight=\"48\" data-block-id=\"17\">\n<p class=\"content-text__container \" data-track-category=\"Link no Texto\" data-track-links=\"\">Os ativistas tamb\u00e9m criticaram a forma como o presidente brasileiro lidou com a pandemia e o crescimento do desmatamento no Brasil e\u00a0<span class=\"highlight highlighted\">disseram que &#8220;Bolsonaro encarna o principal inimigo do clima&#8221; e &#8220;da vida&#8221;<\/span>. &#8220;Vamos nos opor aos destruidores de nosso planeta aqui e em todos os lugares&#8221;.<\/p>\n<div class=\"mc-column content-text active-extra-styles\" data-block-type=\"raw\" data-block-weight=\"3\" data-block-id=\"19\">\n<div class=\"content-intertitle\">\n<h2>Cr\u00edticas da diocese<\/h2>\n<\/div>\n<\/div>\n<div class=\"mc-column content-text active-extra-styles \" data-block-type=\"unstyled\" data-block-weight=\"29\" data-block-id=\"20\">\n<p class=\"content-text__container \" data-track-category=\"Link no Texto\" data-track-links=\"\">No posicionamento divulgado na quarta-feira (27), a Diocese de P\u00e1dua fez um pedido a Bolsonaro. \u00c9 para que &#8220;seja um promotor de pol\u00edticas respeitosas da Justi\u00e7a, da sa\u00fade e do meio ambiente&#8221;:<\/p>\n<\/div>\n<div class=\"mc-column content-text active-extra-styles \" data-block-type=\"unstyled\" data-block-weight=\"61\" data-block-id=\"21\">\n<p class=\"content-text__container \" data-track-category=\"Link no Texto\" data-track-links=\"\">&#8220;<span class=\"highlight highlighted\">A Diocese de P\u00e1dua<\/span>, tornando-se porta-voz de um sentimento generalizado e em virtude do v\u00ednculo que une o Brasil com a nossa terra,\u00a0<span class=\"highlight highlighted\">aproveita a oportunidade da poss\u00edvel passagem do presidente Bolsonaro por Anguillara Veneta para pedir-lhe sinceramente que seja um promotor de pol\u00edticas respeitosas da Justi\u00e7a, da sa\u00fade e do meio ambiente, especialmente para apoiar os pobres<\/span>&#8220;, diz o texto.<\/p>\n<\/div>\n<div class=\"mc-column content-text active-extra-styles \" data-block-type=\"unstyled\" data-block-weight=\"59\" data-block-id=\"22\">\n<p class=\"content-text__container \" data-track-category=\"Link no Texto\" data-track-links=\"\">Al\u00e9m disso, o documento tamb\u00e9m destaca as figuras dos padres Ezechiele Ramin e Ruggero Ruvoletto, ambos assassinados por pistoleiros no Brasil, e afirma que, nos \u00faltimos meses, <span class=\"highlight highlighted\">os bispos brasileiros &#8220;est\u00e3o denunciando fortemente a viol\u00eancia, o abuso, a explora\u00e7\u00e3o da religi\u00e3o, a devasta\u00e7\u00e3o ambiental e &#8216;o agravamento de uma grave crise de sa\u00fade, econ\u00f4mica, \u00e9tica, social e pol\u00edtica, intensificada pela pandemia'&#8221;<\/span>.<\/p>\n<\/div>\n<div class=\"mc-column content-text active-extra-styles \" data-block-type=\"unstyled\" data-block-weight=\"32\" data-block-id=\"24\">\n<p class=\"content-text__container \" data-track-category=\"Link no Texto\" data-track-links=\"\">&#8220;A not\u00edcia destes dias volta ainda mais os holofotes para a gest\u00e3o da emerg\u00eancia da Covid, em um pa\u00eds que j\u00e1 registrou mais de 600 mil mortes na pandemia&#8221;, diz o texto.<\/p>\n<\/div>\n<div class=\"mc-column content-text active-extra-styles \" data-block-type=\"unstyled\" data-block-weight=\"33\" data-block-id=\"25\">\n<p class=\"content-text__container \" data-track-category=\"Link no Texto\" data-track-links=\"\">Recentemente, mais de 400 padres e 10 bispos cat\u00f3licos brasileiros assinaram um manifesto. Nela h\u00e1 a acusa\u00e7\u00e3o de Bolsonaro de ter profanado o Santu\u00e1rio de Nossa Senhora Aparecida no dia 12, dia da padroeira do Brasil.<\/p>\n<p data-track-category=\"Link no Texto\" data-track-links=\"\"><strong>LEIA TAMB\u00c9M<\/strong><\/p>\n<p data-track-category=\"Link no Texto\" data-track-links=\"\"><a href=\"https:\/\/redenoticiaz.com.br\/blog\/2021\/10\/29\/bolsonaro-vai-a-roma-para-cupula-do-g20-mas-nao-participa\">Bolsonaro vai \u00e0 Roma para c\u00fapula do G20, mas n\u00e3o participa<\/a><\/p>\n<\/div>\n<\/div>\n<\/div>\n<\/div>\n","protected":false},"excerpt":{"rendered":"<p>O presidente Jair Bolsonaro chegou na It\u00e1lia nesta sexta-feira (29) para participar da c\u00fapula do G20. L\u00e1, ele foi recebido pelo presidente italiano, Sergio Matarella. Durante a passagem, Bolsonaro foi cumprimentado por apoiadores, mas tamb\u00e9m foi alvo de protestos mesmo em solo italiano. Enquanto passou pelo vilarejo de Anguillara V\u00eaneta, de 4 mil habitantes, o &hellip;<\/p>\n","protected":false},"author":6,"featured_media":17420,"comment_status":"open","ping_status":"closed","sticky":false,"template":"","format":"standard","meta":{"footnotes":""},"categories":[84,15],"tags":[39935,19413,18,39936],"class_list":["post-17419","post","type-post","status-publish","format-standard","has-post-thumbnail","hentry","category-mundo","category-politica","tag-cupula-do-g20","tag-italia","tag-jair-bolsonaro","tag-vilarejo"],"yoast_head":"<!-- This site is optimized with the Yoast SEO plugin v27.5 - https:\/\/yoast.com\/product\/yoast-seo-wordpress\/ -->\n<title>V\u00cdDEO - Bolsonaro com agenda de turista na It\u00e1lia tem recep\u00e7\u00f5es diferentes - Litoral SP<\/title>\n<meta name=\"description\" content=\"presidente Jair Bolsonaro chegou na It\u00e1lia nesta sexta-feira (29) para participar da c\u00fapula do G20. L\u00e1, ele foi recebido pelo presidente italiano\" \/>\n<meta name=\"robots\" content=\"index, follow, max-snippet:-1, max-image-preview:large, max-video-preview:-1\" \/>\n<link rel=\"canonical\" href=\"https:\/\/redenoticiaz.com.br\/litoralsp\/2021\/10\/29\/video-bolsonaro-com-agenda-de-turista-na-italia-tem-recepcoes-diferentes\" \/>\n<meta property=\"og:locale\" content=\"pt_BR\" \/>\n<meta property=\"og:type\" content=\"article\" \/>\n<meta property=\"og:title\" content=\"V\u00cdDEO - Bolsonaro com agenda de turista na It\u00e1lia tem recep\u00e7\u00f5es diferentes - Litoral SP\" \/>\n<meta property=\"og:description\" content=\"presidente Jair Bolsonaro chegou na It\u00e1lia nesta sexta-feira (29) para participar da c\u00fapula do G20. L\u00e1, ele foi recebido pelo presidente italiano\" \/>\n<meta property=\"og:url\" content=\"https:\/\/redenoticiaz.com.br\/litoralsp\/2021\/10\/29\/video-bolsonaro-com-agenda-de-turista-na-italia-tem-recepcoes-diferentes\" \/>\n<meta property=\"og:site_name\" content=\"Litoral SP\" \/>\n<meta property=\"article:published_time\" content=\"2021-10-30T00:02:53+00:00\" \/>\n<meta property=\"article:modified_time\" content=\"2021-10-30T00:06:29+00:00\" \/>\n<meta property=\"og:image\" content=\"https:\/\/redenoticiaz.com.br\/litoralsp\/wp-content\/uploads\/sites\/3\/2021\/10\/bolsonaro.jpg\" \/>\n\t<meta property=\"og:image:width\" content=\"984\" \/>\n\t<meta property=\"og:image:height\" content=\"649\" \/>\n\t<meta property=\"og:image:type\" content=\"image\/jpeg\" \/>\n<meta name=\"author\" content=\"Leonardo Francisco\" \/>\n<meta name=\"twitter:card\" content=\"summary_large_image\" \/>\n<meta name=\"twitter:label1\" content=\"Escrito por\" \/>\n\t<meta name=\"twitter:data1\" content=\"Leonardo Francisco\" \/>\n\t<meta name=\"twitter:label2\" content=\"Est. tempo de leitura\" \/>\n\t<meta name=\"twitter:data2\" content=\"3 minutos\" \/>\n<script type=\"application\/ld+json\" class=\"yoast-schema-graph\">{\"@context\":\"https:\\\/\\\/schema.org\",\"@graph\":[{\"@type\":\"Article\",\"@id\":\"https:\\\/\\\/redenoticiaz.com.br\\\/litoralsp\\\/2021\\\/10\\\/29\\\/video-bolsonaro-com-agenda-de-turista-na-italia-tem-recepcoes-diferentes#article\",\"isPartOf\":{\"@id\":\"https:\\\/\\\/redenoticiaz.com.br\\\/litoralsp\\\/2021\\\/10\\\/29\\\/video-bolsonaro-com-agenda-de-turista-na-italia-tem-recepcoes-diferentes\"},\"author\":{\"name\":\"Leonardo Francisco\",\"@id\":\"https:\\\/\\\/redenoticiaz.com.br\\\/litoralsp\\\/#\\\/schema\\\/person\\\/0f0b8a5bdafefe82841e07ae8d81ecb3\"},\"headline\":\"V\u00cdDEO &#8211; Bolsonaro com agenda de turista na It\u00e1lia tem recep\u00e7\u00f5es diferentes\",\"datePublished\":\"2021-10-30T00:02:53+00:00\",\"dateModified\":\"2021-10-30T00:06:29+00:00\",\"mainEntityOfPage\":{\"@id\":\"https:\\\/\\\/redenoticiaz.com.br\\\/litoralsp\\\/2021\\\/10\\\/29\\\/video-bolsonaro-com-agenda-de-turista-na-italia-tem-recepcoes-diferentes\"},\"wordCount\":685,\"commentCount\":0,\"publisher\":{\"@id\":\"https:\\\/\\\/redenoticiaz.com.br\\\/litoralsp\\\/#organization\"},\"image\":{\"@id\":\"https:\\\/\\\/redenoticiaz.com.br\\\/litoralsp\\\/2021\\\/10\\\/29\\\/video-bolsonaro-com-agenda-de-turista-na-italia-tem-recepcoes-diferentes#primaryimage\"},\"thumbnailUrl\":\"https:\\\/\\\/redenoticiaz.com.br\\\/litoralsp\\\/wp-content\\\/uploads\\\/sites\\\/3\\\/2021\\\/10\\\/bolsonaro.jpg\",\"keywords\":[\"C\u00daPULA DO G20\",\"It\u00e1lia\",\"Jair Bolsonaro\",\"VILAREJO\"],\"articleSection\":[\"Mundo\",\"Pol\u00edtica\"],\"inLanguage\":\"pt-BR\",\"potentialAction\":[{\"@type\":\"CommentAction\",\"name\":\"Comment\",\"target\":[\"https:\\\/\\\/redenoticiaz.com.br\\\/litoralsp\\\/2021\\\/10\\\/29\\\/video-bolsonaro-com-agenda-de-turista-na-italia-tem-recepcoes-diferentes#respond\"]}]},{\"@type\":\"WebPage\",\"@id\":\"https:\\\/\\\/redenoticiaz.com.br\\\/litoralsp\\\/2021\\\/10\\\/29\\\/video-bolsonaro-com-agenda-de-turista-na-italia-tem-recepcoes-diferentes\",\"url\":\"https:\\\/\\\/redenoticiaz.com.br\\\/litoralsp\\\/2021\\\/10\\\/29\\\/video-bolsonaro-com-agenda-de-turista-na-italia-tem-recepcoes-diferentes\",\"name\":\"V\u00cdDEO - Bolsonaro com agenda de turista na It\u00e1lia tem recep\u00e7\u00f5es diferentes - Litoral SP\",\"isPartOf\":{\"@id\":\"https:\\\/\\\/redenoticiaz.com.br\\\/litoralsp\\\/#website\"},\"primaryImageOfPage\":{\"@id\":\"https:\\\/\\\/redenoticiaz.com.br\\\/litoralsp\\\/2021\\\/10\\\/29\\\/video-bolsonaro-com-agenda-de-turista-na-italia-tem-recepcoes-diferentes#primaryimage\"},\"image\":{\"@id\":\"https:\\\/\\\/redenoticiaz.com.br\\\/litoralsp\\\/2021\\\/10\\\/29\\\/video-bolsonaro-com-agenda-de-turista-na-italia-tem-recepcoes-diferentes#primaryimage\"},\"thumbnailUrl\":\"https:\\\/\\\/redenoticiaz.com.br\\\/litoralsp\\\/wp-content\\\/uploads\\\/sites\\\/3\\\/2021\\\/10\\\/bolsonaro.jpg\",\"datePublished\":\"2021-10-30T00:02:53+00:00\",\"dateModified\":\"2021-10-30T00:06:29+00:00\",\"description\":\"presidente Jair Bolsonaro chegou na It\u00e1lia nesta sexta-feira (29) para participar da c\u00fapula do G20. L\u00e1, ele foi recebido pelo presidente italiano\",\"inLanguage\":\"pt-BR\",\"potentialAction\":[{\"@type\":\"ReadAction\",\"target\":[\"https:\\\/\\\/redenoticiaz.com.br\\\/litoralsp\\\/2021\\\/10\\\/29\\\/video-bolsonaro-com-agenda-de-turista-na-italia-tem-recepcoes-diferentes\"]}]},{\"@type\":\"ImageObject\",\"inLanguage\":\"pt-BR\",\"@id\":\"https:\\\/\\\/redenoticiaz.com.br\\\/litoralsp\\\/2021\\\/10\\\/29\\\/video-bolsonaro-com-agenda-de-turista-na-italia-tem-recepcoes-diferentes#primaryimage\",\"url\":\"https:\\\/\\\/redenoticiaz.com.br\\\/litoralsp\\\/wp-content\\\/uploads\\\/sites\\\/3\\\/2021\\\/10\\\/bolsonaro.jpg\",\"contentUrl\":\"https:\\\/\\\/redenoticiaz.com.br\\\/litoralsp\\\/wp-content\\\/uploads\\\/sites\\\/3\\\/2021\\\/10\\\/bolsonaro.jpg\",\"width\":984,\"height\":649,\"caption\":\"Cr\u00e9ditos: Reprodu\u00e7\u00e3o\"},{\"@type\":\"WebSite\",\"@id\":\"https:\\\/\\\/redenoticiaz.com.br\\\/litoralsp\\\/#website\",\"url\":\"https:\\\/\\\/redenoticiaz.com.br\\\/litoralsp\\\/\",\"name\":\"Litoral SP\",\"description\":\"Rede NoticiaZ\",\"publisher\":{\"@id\":\"https:\\\/\\\/redenoticiaz.com.br\\\/litoralsp\\\/#organization\"},\"potentialAction\":[{\"@type\":\"SearchAction\",\"target\":{\"@type\":\"EntryPoint\",\"urlTemplate\":\"https:\\\/\\\/redenoticiaz.com.br\\\/litoralsp\\\/?s={search_term_string}\"},\"query-input\":{\"@type\":\"PropertyValueSpecification\",\"valueRequired\":true,\"valueName\":\"search_term_string\"}}],\"inLanguage\":\"pt-BR\"},{\"@type\":\"Organization\",\"@id\":\"https:\\\/\\\/redenoticiaz.com.br\\\/litoralsp\\\/#organization\",\"name\":\"Litoral SP\",\"url\":\"https:\\\/\\\/redenoticiaz.com.br\\\/litoralsp\\\/\",\"logo\":{\"@type\":\"ImageObject\",\"inLanguage\":\"pt-BR\",\"@id\":\"https:\\\/\\\/redenoticiaz.com.br\\\/litoralsp\\\/#\\\/schema\\\/logo\\\/image\\\/\",\"url\":\"https:\\\/\\\/redenoticiaz.com.br\\\/litoralsp\\\/wp-content\\\/uploads\\\/sites\\\/3\\\/2020\\\/11\\\/logo.jpg\",\"contentUrl\":\"https:\\\/\\\/redenoticiaz.com.br\\\/litoralsp\\\/wp-content\\\/uploads\\\/sites\\\/3\\\/2020\\\/11\\\/logo.jpg\",\"width\":400,\"height\":250,\"caption\":\"Litoral SP\"},\"image\":{\"@id\":\"https:\\\/\\\/redenoticiaz.com.br\\\/litoralsp\\\/#\\\/schema\\\/logo\\\/image\\\/\"}},{\"@type\":\"Person\",\"@id\":\"https:\\\/\\\/redenoticiaz.com.br\\\/litoralsp\\\/#\\\/schema\\\/person\\\/0f0b8a5bdafefe82841e07ae8d81ecb3\",\"name\":\"Leonardo Francisco\",\"image\":{\"@type\":\"ImageObject\",\"inLanguage\":\"pt-BR\",\"@id\":\"https:\\\/\\\/secure.gravatar.com\\\/avatar\\\/a7358cb406a99b682ec6df1e77e31ae82e63601f6784e8a3df411d72b37864da?s=96&d=mm&r=g\",\"url\":\"https:\\\/\\\/secure.gravatar.com\\\/avatar\\\/a7358cb406a99b682ec6df1e77e31ae82e63601f6784e8a3df411d72b37864da?s=96&d=mm&r=g\",\"contentUrl\":\"https:\\\/\\\/secure.gravatar.com\\\/avatar\\\/a7358cb406a99b682ec6df1e77e31ae82e63601f6784e8a3df411d72b37864da?s=96&d=mm&r=g\",\"caption\":\"Leonardo Francisco\"},\"url\":\"https:\\\/\\\/redenoticiaz.com.br\\\/litoralsp\\\/author\\\/leonardo-francisco\"}]}<\/script>\n<!-- \/ Yoast SEO plugin. -->","yoast_head_json":{"title":"V\u00cdDEO - Bolsonaro com agenda de turista na It\u00e1lia tem recep\u00e7\u00f5es diferentes - Litoral SP","description":"presidente Jair Bolsonaro chegou na It\u00e1lia nesta sexta-feira (29) para participar da c\u00fapula do G20. L\u00e1, ele foi recebido pelo presidente italiano","robots":{"index":"index","follow":"follow","max-snippet":"max-snippet:-1","max-image-preview":"max-image-preview:large","max-video-preview":"max-video-preview:-1"},"canonical":"https:\/\/redenoticiaz.com.br\/litoralsp\/2021\/10\/29\/video-bolsonaro-com-agenda-de-turista-na-italia-tem-recepcoes-diferentes","og_locale":"pt_BR","og_type":"article","og_title":"V\u00cdDEO - Bolsonaro com agenda de turista na It\u00e1lia tem recep\u00e7\u00f5es diferentes - Litoral SP","og_description":"presidente Jair Bolsonaro chegou na It\u00e1lia nesta sexta-feira (29) para participar da c\u00fapula do G20. L\u00e1, ele foi recebido pelo presidente italiano","og_url":"https:\/\/redenoticiaz.com.br\/litoralsp\/2021\/10\/29\/video-bolsonaro-com-agenda-de-turista-na-italia-tem-recepcoes-diferentes","og_site_name":"Litoral SP","article_published_time":"2021-10-30T00:02:53+00:00","article_modified_time":"2021-10-30T00:06:29+00:00","og_image":[{"width":984,"height":649,"url":"https:\/\/redenoticiaz.com.br\/litoralsp\/wp-content\/uploads\/sites\/3\/2021\/10\/bolsonaro.jpg","type":"image\/jpeg"}],"author":"Leonardo Francisco","twitter_card":"summary_large_image","twitter_misc":{"Escrito por":"Leonardo Francisco","Est. tempo de leitura":"3 minutos"},"schema":{"@context":"https:\/\/schema.org","@graph":[{"@type":"Article","@id":"https:\/\/redenoticiaz.com.br\/litoralsp\/2021\/10\/29\/video-bolsonaro-com-agenda-de-turista-na-italia-tem-recepcoes-diferentes#article","isPartOf":{"@id":"https:\/\/redenoticiaz.com.br\/litoralsp\/2021\/10\/29\/video-bolsonaro-com-agenda-de-turista-na-italia-tem-recepcoes-diferentes"},"author":{"name":"Leonardo Francisco","@id":"https:\/\/redenoticiaz.com.br\/litoralsp\/#\/schema\/person\/0f0b8a5bdafefe82841e07ae8d81ecb3"},"headline":"V\u00cdDEO &#8211; Bolsonaro com agenda de turista na It\u00e1lia tem recep\u00e7\u00f5es diferentes","datePublished":"2021-10-30T00:02:53+00:00","dateModified":"2021-10-30T00:06:29+00:00","mainEntityOfPage":{"@id":"https:\/\/redenoticiaz.com.br\/litoralsp\/2021\/10\/29\/video-bolsonaro-com-agenda-de-turista-na-italia-tem-recepcoes-diferentes"},"wordCount":685,"commentCount":0,"publisher":{"@id":"https:\/\/redenoticiaz.com.br\/litoralsp\/#organization"},"image":{"@id":"https:\/\/redenoticiaz.com.br\/litoralsp\/2021\/10\/29\/video-bolsonaro-com-agenda-de-turista-na-italia-tem-recepcoes-diferentes#primaryimage"},"thumbnailUrl":"https:\/\/redenoticiaz.com.br\/litoralsp\/wp-content\/uploads\/sites\/3\/2021\/10\/bolsonaro.jpg","keywords":["C\u00daPULA DO G20","It\u00e1lia","Jair Bolsonaro","VILAREJO"],"articleSection":["Mundo","Pol\u00edtica"],"inLanguage":"pt-BR","potentialAction":[{"@type":"CommentAction","name":"Comment","target":["https:\/\/redenoticiaz.com.br\/litoralsp\/2021\/10\/29\/video-bolsonaro-com-agenda-de-turista-na-italia-tem-recepcoes-diferentes#respond"]}]},{"@type":"WebPage","@id":"https:\/\/redenoticiaz.com.br\/litoralsp\/2021\/10\/29\/video-bolsonaro-com-agenda-de-turista-na-italia-tem-recepcoes-diferentes","url":"https:\/\/redenoticiaz.com.br\/litoralsp\/2021\/10\/29\/video-bolsonaro-com-agenda-de-turista-na-italia-tem-recepcoes-diferentes","name":"V\u00cdDEO - Bolsonaro com agenda de turista na It\u00e1lia tem recep\u00e7\u00f5es diferentes - Litoral SP","isPartOf":{"@id":"https:\/\/redenoticiaz.com.br\/litoralsp\/#website"},"primaryImageOfPage":{"@id":"https:\/\/redenoticiaz.com.br\/litoralsp\/2021\/10\/29\/video-bolsonaro-com-agenda-de-turista-na-italia-tem-recepcoes-diferentes#primaryimage"},"image":{"@id":"https:\/\/redenoticiaz.com.br\/litoralsp\/2021\/10\/29\/video-bolsonaro-com-agenda-de-turista-na-italia-tem-recepcoes-diferentes#primaryimage"},"thumbnailUrl":"https:\/\/redenoticiaz.com.br\/litoralsp\/wp-content\/uploads\/sites\/3\/2021\/10\/bolsonaro.jpg","datePublished":"2021-10-30T00:02:53+00:00","dateModified":"2021-10-30T00:06:29+00:00","description":"presidente Jair Bolsonaro chegou na It\u00e1lia nesta sexta-feira (29) para participar da c\u00fapula do G20. L\u00e1, ele foi recebido pelo presidente italiano","inLanguage":"pt-BR","potentialAction":[{"@type":"ReadAction","target":["https:\/\/redenoticiaz.com.br\/litoralsp\/2021\/10\/29\/video-bolsonaro-com-agenda-de-turista-na-italia-tem-recepcoes-diferentes"]}]},{"@type":"ImageObject","inLanguage":"pt-BR","@id":"https:\/\/redenoticiaz.com.br\/litoralsp\/2021\/10\/29\/video-bolsonaro-com-agenda-de-turista-na-italia-tem-recepcoes-diferentes#primaryimage","url":"https:\/\/redenoticiaz.com.br\/litoralsp\/wp-content\/uploads\/sites\/3\/2021\/10\/bolsonaro.jpg","contentUrl":"https:\/\/redenoticiaz.com.br\/litoralsp\/wp-content\/uploads\/sites\/3\/2021\/10\/bolsonaro.jpg","width":984,"height":649,"caption":"Cr\u00e9ditos: Reprodu\u00e7\u00e3o"},{"@type":"WebSite","@id":"https:\/\/redenoticiaz.com.br\/litoralsp\/#website","url":"https:\/\/redenoticiaz.com.br\/litoralsp\/","name":"Litoral SP","description":"Rede NoticiaZ","publisher":{"@id":"https:\/\/redenoticiaz.com.br\/litoralsp\/#organization"},"potentialAction":[{"@type":"SearchAction","target":{"@type":"EntryPoint","urlTemplate":"https:\/\/redenoticiaz.com.br\/litoralsp\/?s={search_term_string}"},"query-input":{"@type":"PropertyValueSpecification","valueRequired":true,"valueName":"search_term_string"}}],"inLanguage":"pt-BR"},{"@type":"Organization","@id":"https:\/\/redenoticiaz.com.br\/litoralsp\/#organization","name":"Litoral SP","url":"https:\/\/redenoticiaz.com.br\/litoralsp\/","logo":{"@type":"ImageObject","inLanguage":"pt-BR","@id":"https:\/\/redenoticiaz.com.br\/litoralsp\/#\/schema\/logo\/image\/","url":"https:\/\/redenoticiaz.com.br\/litoralsp\/wp-content\/uploads\/sites\/3\/2020\/11\/logo.jpg","contentUrl":"https:\/\/redenoticiaz.com.br\/litoralsp\/wp-content\/uploads\/sites\/3\/2020\/11\/logo.jpg","width":400,"height":250,"caption":"Litoral SP"},"image":{"@id":"https:\/\/redenoticiaz.com.br\/litoralsp\/#\/schema\/logo\/image\/"}},{"@type":"Person","@id":"https:\/\/redenoticiaz.com.br\/litoralsp\/#\/schema\/person\/0f0b8a5bdafefe82841e07ae8d81ecb3","name":"Leonardo Francisco","image":{"@type":"ImageObject","inLanguage":"pt-BR","@id":"https:\/\/secure.gravatar.com\/avatar\/a7358cb406a99b682ec6df1e77e31ae82e63601f6784e8a3df411d72b37864da?s=96&d=mm&r=g","url":"https:\/\/secure.gravatar.com\/avatar\/a7358cb406a99b682ec6df1e77e31ae82e63601f6784e8a3df411d72b37864da?s=96&d=mm&r=g","contentUrl":"https:\/\/secure.gravatar.com\/avatar\/a7358cb406a99b682ec6df1e77e31ae82e63601f6784e8a3df411d72b37864da?s=96&d=mm&r=g","caption":"Leonardo Francisco"},"url":"https:\/\/redenoticiaz.com.br\/litoralsp\/author\/leonardo-francisco"}]}},"_links":{"self":[{"href":"https:\/\/redenoticiaz.com.br\/litoralsp\/wp-json\/wp\/v2\/posts\/17419","targetHints":{"allow":["GET"]}}],"collection":[{"href":"https:\/\/redenoticiaz.com.br\/litoralsp\/wp-json\/wp\/v2\/posts"}],"about":[{"href":"https:\/\/redenoticiaz.com.br\/litoralsp\/wp-json\/wp\/v2\/types\/post"}],"author":[{"embeddable":true,"href":"https:\/\/redenoticiaz.com.br\/litoralsp\/wp-json\/wp\/v2\/users\/6"}],"replies":[{"embeddable":true,"href":"https:\/\/redenoticiaz.com.br\/litoralsp\/wp-json\/wp\/v2\/comments?post=17419"}],"version-history":[{"count":1,"href":"https:\/\/redenoticiaz.com.br\/litoralsp\/wp-json\/wp\/v2\/posts\/17419\/revisions"}],"predecessor-version":[{"id":17421,"href":"https:\/\/redenoticiaz.com.br\/litoralsp\/wp-json\/wp\/v2\/posts\/17419\/revisions\/17421"}],"wp:featuredmedia":[{"embeddable":true,"href":"https:\/\/redenoticiaz.com.br\/litoralsp\/wp-json\/wp\/v2\/media\/17420"}],"wp:attachment":[{"href":"https:\/\/redenoticiaz.com.br\/litoralsp\/wp-json\/wp\/v2\/media?parent=17419"}],"wp:term":[{"taxonomy":"category","embeddable":true,"href":"https:\/\/redenoticiaz.com.br\/litoralsp\/wp-json\/wp\/v2\/categories?post=17419"},{"taxonomy":"post_tag","embeddable":true,"href":"https:\/\/redenoticiaz.com.br\/litoralsp\/wp-json\/wp\/v2\/tags?post=17419"}],"curies":[{"name":"wp","href":"https:\/\/api.w.org\/{rel}","templated":true}]}}