{"id":17426,"date":"2021-10-30T09:25:11","date_gmt":"2021-10-30T12:25:11","guid":{"rendered":"https:\/\/redenoticiaz.com.br\/litoralsp\/?p=17426"},"modified":"2021-10-30T09:25:33","modified_gmt":"2021-10-30T12:25:33","slug":"suspeito-de-envolvimento-em-assalto-a-comerciante-e-preso-com-r-145-mil-em-caraguatatuba","status":"publish","type":"post","link":"https:\/\/redenoticiaz.com.br\/litoralsp\/2021\/10\/30\/suspeito-de-envolvimento-em-assalto-a-comerciante-e-preso-com-r-145-mil-em-caraguatatuba","title":{"rendered":"Suspeito de envolvimento em assalto a comerciante \u00e9 preso com R$ 14,5 mil em Caraguatatuba"},"content":{"rendered":"<p>A Pol\u00edcia Militar prendeu, em <a href=\"https:\/\/www.caraguatatuba.sp.gov.br\/pmc\/\">Caraguatatuba<\/a>, um homem acusado de participa\u00e7\u00e3o no assalto a um comerciante em Natividade da Serra, Interior de S\u00e3o Paulo. Com ele foi encontrado uma quantia de <strong>R$ 14,5 mil,<\/strong> frutos do roubo.<\/p>\n<p>Segundo a PM, uma equipe recebeu uma den\u00fancia de que ele estava escondido em uma casa no bairro Getuba. Na resid\u00eancia, um homem confessou que estava dando abrigo ao suspeito. Ao ser abordado, o homem confessou a participa\u00e7\u00e3o no assalto que levou R$ 27 mil do empres\u00e1rio.<\/p>\n<div class=\"mc-column content-text active-extra-styles \" data-block-type=\"unstyled\" data-block-weight=\"40\" data-block-id=\"4\">\n<p class=\"content-text__container \" data-track-category=\"Link no Texto\" data-track-links=\"\">Ele disse que o dinheiro roubado estava escondido em um dos c\u00f4modos, e, segundo a PM, ofereceu suborno aos policiais. Ele foi preso por roubo e corrup\u00e7\u00e3o ativa, foi levado para a delegacia e depois \u00e0 cadeia da cidade.<\/p>\n<\/div>\n<div class=\"mc-column content-text active-extra-styles\" data-block-type=\"raw\" data-block-weight=\"1\" data-block-id=\"5\">\n<div class=\"content-intertitle\">\n<h2>Crime<\/h2>\n<\/div>\n<\/div>\n<div class=\"mc-column content-text active-extra-styles \" data-block-type=\"unstyled\" data-block-weight=\"43\" data-block-id=\"6\">\n<p class=\"content-text__container \" data-track-category=\"Link no Texto\" data-track-links=\"\">O assalto ao comerciante ocorreu na segunda-feira (25). De acordo com a Pol\u00edcia Civil, ao menos tr\u00eas homens chegaram ao estabelecimento, que fica no Centro, por volta das 7h quando dois deles renderam o empres\u00e1rio. Eles estavam armados com pistola e rev\u00f3lver.<\/p>\n<\/div>\n<div class=\"mc-column content-text active-extra-styles \" data-block-type=\"unstyled\" data-block-weight=\"29\" data-block-id=\"7\">\n<p class=\"content-text__container \" data-track-category=\"Link no Texto\" data-track-links=\"\">A dupla levou a v\u00edtima at\u00e9 a parte de cima, onde fica a casa do comerciante, e fez com que ele entregasse R$ 25 mil que tinha em casa.<\/p>\n<\/div>\n<div class=\"mc-column content-text active-extra-styles \" data-block-type=\"unstyled\" data-block-weight=\"50\" data-block-id=\"8\">\n<p class=\"content-text__container \" data-track-category=\"Link no Texto\" data-track-links=\"\">Os criminosos conseguiram pegar mais R$ 2 mil que estavam na bolsa da esposa do comerciante. Segundo o relato das v\u00edtimas \u00e0 pol\u00edcia, acreditando que poderia haver mais dinheiro, colocaram a m\u00e3o da mulher sobre uma mesa e disseram que iriam cortar os dedos dela se n\u00e3o entregassem mais dinheiro.<\/p>\n<\/div>\n<div class=\"mc-column content-text active-extra-styles \" data-block-type=\"unstyled\" data-block-weight=\"46\" data-block-id=\"9\">\n<p class=\"content-text__container \" data-track-category=\"Link no Texto\" data-track-links=\"\">Um comparsa deles que estava no carro foi abordado por um policial militar aposentado que percebeu a movimenta\u00e7\u00e3o suspeita. O motorista come\u00e7ou a buzinar, os criminosos estouraram parte do telhado e comec\u0327ara a atirar contra o PM, que se protegeu dos disparos e n\u00e3o foi ferido.<\/p>\n<\/div>\n<div class=\"mc-column content-text active-extra-styles \" data-block-type=\"unstyled\" data-block-weight=\"34\" data-block-id=\"10\">\n<p class=\"content-text__container \" data-track-category=\"Link no Texto\" data-track-links=\"\">Eles conseguiram fugir, abandonaram o carro usado no crime e seguiram por uma \u00e1rea de mata. Segundo a Pol\u00edcia Civil, o ve\u00edculo usado por eles foi furtado em Ubatuba. O caso segue em investiga\u00e7\u00e3o.<\/p>\n<p data-track-category=\"Link no Texto\" data-track-links=\"\"><strong>LEIA TAMB\u00c9M<\/strong><\/p>\n<p data-track-category=\"Link no Texto\" data-track-links=\"\"><a href=\"https:\/\/redenoticiaz.com.br\/litoralsp\/2021\/10\/28\/trio-rouba-loja-de-departamentos-de-santos-e-acaba-preso\">Trio rouba loja de departamentos de Santos e acaba preso<\/a><\/p>\n<\/div>\n","protected":false},"excerpt":{"rendered":"<p>A Pol\u00edcia Militar prendeu, em Caraguatatuba, um homem acusado de participa\u00e7\u00e3o no assalto a um comerciante em Natividade da Serra, Interior de S\u00e3o Paulo. Com ele foi encontrado uma quantia de R$ 14,5 mil, frutos do roubo. Segundo a PM, uma equipe recebeu uma den\u00fancia de que ele estava escondido em uma casa no bairro &hellip;<\/p>\n","protected":false},"author":6,"featured_media":3437,"comment_status":"open","ping_status":"closed","sticky":false,"template":"","format":"standard","meta":{"footnotes":""},"categories":[2881,10],"tags":[2803,2742,39959,6342,39029,1766],"class_list":["post-17426","post","type-post","status-publish","format-standard","has-post-thumbnail","hentry","category-caraguatatuba","category-policia","tag-assalto","tag-caraguatatuba","tag-comerciante-roubado","tag-homem-preso","tag-natividade-da-serra","tag-policia-militar"],"yoast_head":"<!-- This site is optimized with the Yoast SEO plugin v27.5 - https:\/\/yoast.com\/product\/yoast-seo-wordpress\/ -->\n<title>Suspeito de envolvimento em assalto a comerciante \u00e9 preso com R$ 14,5 mil em Caraguatatuba - Litoral SP<\/title>\n<meta name=\"description\" content=\"Pol\u00edcia Militar prendeu, em Caraguatatuba, um homem acusado de participa\u00e7\u00e3o no assalto a um comerciante em Natividade da Serra, Interio\" \/>\n<meta name=\"robots\" content=\"index, follow, max-snippet:-1, max-image-preview:large, max-video-preview:-1\" \/>\n<link rel=\"canonical\" href=\"https:\/\/redenoticiaz.com.br\/litoralsp\/2021\/10\/30\/suspeito-de-envolvimento-em-assalto-a-comerciante-e-preso-com-r-145-mil-em-caraguatatuba\" \/>\n<meta property=\"og:locale\" content=\"pt_BR\" \/>\n<meta property=\"og:type\" content=\"article\" \/>\n<meta property=\"og:title\" content=\"Suspeito de envolvimento em assalto a comerciante \u00e9 preso com R$ 14,5 mil em Caraguatatuba - Litoral SP\" \/>\n<meta property=\"og:description\" content=\"Pol\u00edcia Militar prendeu, em Caraguatatuba, um homem acusado de participa\u00e7\u00e3o no assalto a um comerciante em Natividade da Serra, Interio\" \/>\n<meta property=\"og:url\" content=\"https:\/\/redenoticiaz.com.br\/litoralsp\/2021\/10\/30\/suspeito-de-envolvimento-em-assalto-a-comerciante-e-preso-com-r-145-mil-em-caraguatatuba\" \/>\n<meta property=\"og:site_name\" content=\"Litoral SP\" \/>\n<meta property=\"article:published_time\" content=\"2021-10-30T12:25:11+00:00\" \/>\n<meta property=\"article:modified_time\" content=\"2021-10-30T12:25:33+00:00\" \/>\n<meta property=\"og:image\" content=\"https:\/\/redenoticiaz.com.br\/litoralsp\/wp-content\/uploads\/sites\/3\/2021\/01\/delegacia-caragua.jpg\" \/>\n\t<meta property=\"og:image:width\" content=\"984\" \/>\n\t<meta property=\"og:image:height\" content=\"738\" \/>\n\t<meta property=\"og:image:type\" content=\"image\/jpeg\" \/>\n<meta name=\"author\" content=\"Leonardo Francisco\" \/>\n<meta name=\"twitter:card\" content=\"summary_large_image\" \/>\n<meta name=\"twitter:label1\" content=\"Escrito por\" \/>\n\t<meta name=\"twitter:data1\" content=\"Leonardo Francisco\" \/>\n\t<meta name=\"twitter:label2\" content=\"Est. tempo de leitura\" \/>\n\t<meta name=\"twitter:data2\" content=\"2 minutos\" \/>\n<script type=\"application\/ld+json\" class=\"yoast-schema-graph\">{\"@context\":\"https:\\\/\\\/schema.org\",\"@graph\":[{\"@type\":\"Article\",\"@id\":\"https:\\\/\\\/redenoticiaz.com.br\\\/litoralsp\\\/2021\\\/10\\\/30\\\/suspeito-de-envolvimento-em-assalto-a-comerciante-e-preso-com-r-145-mil-em-caraguatatuba#article\",\"isPartOf\":{\"@id\":\"https:\\\/\\\/redenoticiaz.com.br\\\/litoralsp\\\/2021\\\/10\\\/30\\\/suspeito-de-envolvimento-em-assalto-a-comerciante-e-preso-com-r-145-mil-em-caraguatatuba\"},\"author\":{\"name\":\"Leonardo Francisco\",\"@id\":\"https:\\\/\\\/redenoticiaz.com.br\\\/litoralsp\\\/#\\\/schema\\\/person\\\/0f0b8a5bdafefe82841e07ae8d81ecb3\"},\"headline\":\"Suspeito de envolvimento em assalto a comerciante \u00e9 preso com R$ 14,5 mil em Caraguatatuba\",\"datePublished\":\"2021-10-30T12:25:11+00:00\",\"dateModified\":\"2021-10-30T12:25:33+00:00\",\"mainEntityOfPage\":{\"@id\":\"https:\\\/\\\/redenoticiaz.com.br\\\/litoralsp\\\/2021\\\/10\\\/30\\\/suspeito-de-envolvimento-em-assalto-a-comerciante-e-preso-com-r-145-mil-em-caraguatatuba\"},\"wordCount\":369,\"commentCount\":0,\"publisher\":{\"@id\":\"https:\\\/\\\/redenoticiaz.com.br\\\/litoralsp\\\/#organization\"},\"image\":{\"@id\":\"https:\\\/\\\/redenoticiaz.com.br\\\/litoralsp\\\/2021\\\/10\\\/30\\\/suspeito-de-envolvimento-em-assalto-a-comerciante-e-preso-com-r-145-mil-em-caraguatatuba#primaryimage\"},\"thumbnailUrl\":\"https:\\\/\\\/redenoticiaz.com.br\\\/litoralsp\\\/wp-content\\\/uploads\\\/sites\\\/3\\\/2021\\\/01\\\/delegacia-caragua.jpg\",\"keywords\":[\"Assalto\",\"CARAGUATATUBA\",\"COMERCIANTE ROUBADO\",\"HOMEM PRESO\",\"NATIVIDADE DA SERRA\",\"policia militar\"],\"articleSection\":[\"Caraguatatuba\",\"Pol\u00edcia\"],\"inLanguage\":\"pt-BR\",\"potentialAction\":[{\"@type\":\"CommentAction\",\"name\":\"Comment\",\"target\":[\"https:\\\/\\\/redenoticiaz.com.br\\\/litoralsp\\\/2021\\\/10\\\/30\\\/suspeito-de-envolvimento-em-assalto-a-comerciante-e-preso-com-r-145-mil-em-caraguatatuba#respond\"]}]},{\"@type\":\"WebPage\",\"@id\":\"https:\\\/\\\/redenoticiaz.com.br\\\/litoralsp\\\/2021\\\/10\\\/30\\\/suspeito-de-envolvimento-em-assalto-a-comerciante-e-preso-com-r-145-mil-em-caraguatatuba\",\"url\":\"https:\\\/\\\/redenoticiaz.com.br\\\/litoralsp\\\/2021\\\/10\\\/30\\\/suspeito-de-envolvimento-em-assalto-a-comerciante-e-preso-com-r-145-mil-em-caraguatatuba\",\"name\":\"Suspeito de envolvimento em assalto a comerciante \u00e9 preso com R$ 14,5 mil em Caraguatatuba - Litoral SP\",\"isPartOf\":{\"@id\":\"https:\\\/\\\/redenoticiaz.com.br\\\/litoralsp\\\/#website\"},\"primaryImageOfPage\":{\"@id\":\"https:\\\/\\\/redenoticiaz.com.br\\\/litoralsp\\\/2021\\\/10\\\/30\\\/suspeito-de-envolvimento-em-assalto-a-comerciante-e-preso-com-r-145-mil-em-caraguatatuba#primaryimage\"},\"image\":{\"@id\":\"https:\\\/\\\/redenoticiaz.com.br\\\/litoralsp\\\/2021\\\/10\\\/30\\\/suspeito-de-envolvimento-em-assalto-a-comerciante-e-preso-com-r-145-mil-em-caraguatatuba#primaryimage\"},\"thumbnailUrl\":\"https:\\\/\\\/redenoticiaz.com.br\\\/litoralsp\\\/wp-content\\\/uploads\\\/sites\\\/3\\\/2021\\\/01\\\/delegacia-caragua.jpg\",\"datePublished\":\"2021-10-30T12:25:11+00:00\",\"dateModified\":\"2021-10-30T12:25:33+00:00\",\"description\":\"Pol\u00edcia Militar prendeu, em Caraguatatuba, um homem acusado de participa\u00e7\u00e3o no assalto a um comerciante em Natividade da Serra, Interio\",\"inLanguage\":\"pt-BR\",\"potentialAction\":[{\"@type\":\"ReadAction\",\"target\":[\"https:\\\/\\\/redenoticiaz.com.br\\\/litoralsp\\\/2021\\\/10\\\/30\\\/suspeito-de-envolvimento-em-assalto-a-comerciante-e-preso-com-r-145-mil-em-caraguatatuba\"]}]},{\"@type\":\"ImageObject\",\"inLanguage\":\"pt-BR\",\"@id\":\"https:\\\/\\\/redenoticiaz.com.br\\\/litoralsp\\\/2021\\\/10\\\/30\\\/suspeito-de-envolvimento-em-assalto-a-comerciante-e-preso-com-r-145-mil-em-caraguatatuba#primaryimage\",\"url\":\"https:\\\/\\\/redenoticiaz.com.br\\\/litoralsp\\\/wp-content\\\/uploads\\\/sites\\\/3\\\/2021\\\/01\\\/delegacia-caragua.jpg\",\"contentUrl\":\"https:\\\/\\\/redenoticiaz.com.br\\\/litoralsp\\\/wp-content\\\/uploads\\\/sites\\\/3\\\/2021\\\/01\\\/delegacia-caragua.jpg\",\"width\":984,\"height\":738,\"caption\":\"Jovem \u00e9 assassinado dentro da pr\u00f3pria casa\"},{\"@type\":\"WebSite\",\"@id\":\"https:\\\/\\\/redenoticiaz.com.br\\\/litoralsp\\\/#website\",\"url\":\"https:\\\/\\\/redenoticiaz.com.br\\\/litoralsp\\\/\",\"name\":\"Litoral SP\",\"description\":\"Rede NoticiaZ\",\"publisher\":{\"@id\":\"https:\\\/\\\/redenoticiaz.com.br\\\/litoralsp\\\/#organization\"},\"potentialAction\":[{\"@type\":\"SearchAction\",\"target\":{\"@type\":\"EntryPoint\",\"urlTemplate\":\"https:\\\/\\\/redenoticiaz.com.br\\\/litoralsp\\\/?s={search_term_string}\"},\"query-input\":{\"@type\":\"PropertyValueSpecification\",\"valueRequired\":true,\"valueName\":\"search_term_string\"}}],\"inLanguage\":\"pt-BR\"},{\"@type\":\"Organization\",\"@id\":\"https:\\\/\\\/redenoticiaz.com.br\\\/litoralsp\\\/#organization\",\"name\":\"Litoral SP\",\"url\":\"https:\\\/\\\/redenoticiaz.com.br\\\/litoralsp\\\/\",\"logo\":{\"@type\":\"ImageObject\",\"inLanguage\":\"pt-BR\",\"@id\":\"https:\\\/\\\/redenoticiaz.com.br\\\/litoralsp\\\/#\\\/schema\\\/logo\\\/image\\\/\",\"url\":\"https:\\\/\\\/redenoticiaz.com.br\\\/litoralsp\\\/wp-content\\\/uploads\\\/sites\\\/3\\\/2020\\\/11\\\/logo.jpg\",\"contentUrl\":\"https:\\\/\\\/redenoticiaz.com.br\\\/litoralsp\\\/wp-content\\\/uploads\\\/sites\\\/3\\\/2020\\\/11\\\/logo.jpg\",\"width\":400,\"height\":250,\"caption\":\"Litoral SP\"},\"image\":{\"@id\":\"https:\\\/\\\/redenoticiaz.com.br\\\/litoralsp\\\/#\\\/schema\\\/logo\\\/image\\\/\"}},{\"@type\":\"Person\",\"@id\":\"https:\\\/\\\/redenoticiaz.com.br\\\/litoralsp\\\/#\\\/schema\\\/person\\\/0f0b8a5bdafefe82841e07ae8d81ecb3\",\"name\":\"Leonardo Francisco\",\"image\":{\"@type\":\"ImageObject\",\"inLanguage\":\"pt-BR\",\"@id\":\"https:\\\/\\\/secure.gravatar.com\\\/avatar\\\/a7358cb406a99b682ec6df1e77e31ae82e63601f6784e8a3df411d72b37864da?s=96&d=mm&r=g\",\"url\":\"https:\\\/\\\/secure.gravatar.com\\\/avatar\\\/a7358cb406a99b682ec6df1e77e31ae82e63601f6784e8a3df411d72b37864da?s=96&d=mm&r=g\",\"contentUrl\":\"https:\\\/\\\/secure.gravatar.com\\\/avatar\\\/a7358cb406a99b682ec6df1e77e31ae82e63601f6784e8a3df411d72b37864da?s=96&d=mm&r=g\",\"caption\":\"Leonardo Francisco\"},\"url\":\"https:\\\/\\\/redenoticiaz.com.br\\\/litoralsp\\\/author\\\/leonardo-francisco\"}]}<\/script>\n<!-- \/ Yoast SEO plugin. -->","yoast_head_json":{"title":"Suspeito de envolvimento em assalto a comerciante \u00e9 preso com R$ 14,5 mil em Caraguatatuba - Litoral SP","description":"Pol\u00edcia Militar prendeu, em Caraguatatuba, um homem acusado de participa\u00e7\u00e3o no assalto a um comerciante em Natividade da Serra, Interio","robots":{"index":"index","follow":"follow","max-snippet":"max-snippet:-1","max-image-preview":"max-image-preview:large","max-video-preview":"max-video-preview:-1"},"canonical":"https:\/\/redenoticiaz.com.br\/litoralsp\/2021\/10\/30\/suspeito-de-envolvimento-em-assalto-a-comerciante-e-preso-com-r-145-mil-em-caraguatatuba","og_locale":"pt_BR","og_type":"article","og_title":"Suspeito de envolvimento em assalto a comerciante \u00e9 preso com R$ 14,5 mil em Caraguatatuba - Litoral SP","og_description":"Pol\u00edcia Militar prendeu, em Caraguatatuba, um homem acusado de participa\u00e7\u00e3o no assalto a um comerciante em Natividade da Serra, Interio","og_url":"https:\/\/redenoticiaz.com.br\/litoralsp\/2021\/10\/30\/suspeito-de-envolvimento-em-assalto-a-comerciante-e-preso-com-r-145-mil-em-caraguatatuba","og_site_name":"Litoral SP","article_published_time":"2021-10-30T12:25:11+00:00","article_modified_time":"2021-10-30T12:25:33+00:00","og_image":[{"width":984,"height":738,"url":"https:\/\/redenoticiaz.com.br\/litoralsp\/wp-content\/uploads\/sites\/3\/2021\/01\/delegacia-caragua.jpg","type":"image\/jpeg"}],"author":"Leonardo Francisco","twitter_card":"summary_large_image","twitter_misc":{"Escrito por":"Leonardo Francisco","Est. tempo de leitura":"2 minutos"},"schema":{"@context":"https:\/\/schema.org","@graph":[{"@type":"Article","@id":"https:\/\/redenoticiaz.com.br\/litoralsp\/2021\/10\/30\/suspeito-de-envolvimento-em-assalto-a-comerciante-e-preso-com-r-145-mil-em-caraguatatuba#article","isPartOf":{"@id":"https:\/\/redenoticiaz.com.br\/litoralsp\/2021\/10\/30\/suspeito-de-envolvimento-em-assalto-a-comerciante-e-preso-com-r-145-mil-em-caraguatatuba"},"author":{"name":"Leonardo Francisco","@id":"https:\/\/redenoticiaz.com.br\/litoralsp\/#\/schema\/person\/0f0b8a5bdafefe82841e07ae8d81ecb3"},"headline":"Suspeito de envolvimento em assalto a comerciante \u00e9 preso com R$ 14,5 mil em Caraguatatuba","datePublished":"2021-10-30T12:25:11+00:00","dateModified":"2021-10-30T12:25:33+00:00","mainEntityOfPage":{"@id":"https:\/\/redenoticiaz.com.br\/litoralsp\/2021\/10\/30\/suspeito-de-envolvimento-em-assalto-a-comerciante-e-preso-com-r-145-mil-em-caraguatatuba"},"wordCount":369,"commentCount":0,"publisher":{"@id":"https:\/\/redenoticiaz.com.br\/litoralsp\/#organization"},"image":{"@id":"https:\/\/redenoticiaz.com.br\/litoralsp\/2021\/10\/30\/suspeito-de-envolvimento-em-assalto-a-comerciante-e-preso-com-r-145-mil-em-caraguatatuba#primaryimage"},"thumbnailUrl":"https:\/\/redenoticiaz.com.br\/litoralsp\/wp-content\/uploads\/sites\/3\/2021\/01\/delegacia-caragua.jpg","keywords":["Assalto","CARAGUATATUBA","COMERCIANTE ROUBADO","HOMEM PRESO","NATIVIDADE DA SERRA","policia militar"],"articleSection":["Caraguatatuba","Pol\u00edcia"],"inLanguage":"pt-BR","potentialAction":[{"@type":"CommentAction","name":"Comment","target":["https:\/\/redenoticiaz.com.br\/litoralsp\/2021\/10\/30\/suspeito-de-envolvimento-em-assalto-a-comerciante-e-preso-com-r-145-mil-em-caraguatatuba#respond"]}]},{"@type":"WebPage","@id":"https:\/\/redenoticiaz.com.br\/litoralsp\/2021\/10\/30\/suspeito-de-envolvimento-em-assalto-a-comerciante-e-preso-com-r-145-mil-em-caraguatatuba","url":"https:\/\/redenoticiaz.com.br\/litoralsp\/2021\/10\/30\/suspeito-de-envolvimento-em-assalto-a-comerciante-e-preso-com-r-145-mil-em-caraguatatuba","name":"Suspeito de envolvimento em assalto a comerciante \u00e9 preso com R$ 14,5 mil em Caraguatatuba - Litoral SP","isPartOf":{"@id":"https:\/\/redenoticiaz.com.br\/litoralsp\/#website"},"primaryImageOfPage":{"@id":"https:\/\/redenoticiaz.com.br\/litoralsp\/2021\/10\/30\/suspeito-de-envolvimento-em-assalto-a-comerciante-e-preso-com-r-145-mil-em-caraguatatuba#primaryimage"},"image":{"@id":"https:\/\/redenoticiaz.com.br\/litoralsp\/2021\/10\/30\/suspeito-de-envolvimento-em-assalto-a-comerciante-e-preso-com-r-145-mil-em-caraguatatuba#primaryimage"},"thumbnailUrl":"https:\/\/redenoticiaz.com.br\/litoralsp\/wp-content\/uploads\/sites\/3\/2021\/01\/delegacia-caragua.jpg","datePublished":"2021-10-30T12:25:11+00:00","dateModified":"2021-10-30T12:25:33+00:00","description":"Pol\u00edcia Militar prendeu, em Caraguatatuba, um homem acusado de participa\u00e7\u00e3o no assalto a um comerciante em Natividade da Serra, Interio","inLanguage":"pt-BR","potentialAction":[{"@type":"ReadAction","target":["https:\/\/redenoticiaz.com.br\/litoralsp\/2021\/10\/30\/suspeito-de-envolvimento-em-assalto-a-comerciante-e-preso-com-r-145-mil-em-caraguatatuba"]}]},{"@type":"ImageObject","inLanguage":"pt-BR","@id":"https:\/\/redenoticiaz.com.br\/litoralsp\/2021\/10\/30\/suspeito-de-envolvimento-em-assalto-a-comerciante-e-preso-com-r-145-mil-em-caraguatatuba#primaryimage","url":"https:\/\/redenoticiaz.com.br\/litoralsp\/wp-content\/uploads\/sites\/3\/2021\/01\/delegacia-caragua.jpg","contentUrl":"https:\/\/redenoticiaz.com.br\/litoralsp\/wp-content\/uploads\/sites\/3\/2021\/01\/delegacia-caragua.jpg","width":984,"height":738,"caption":"Jovem \u00e9 assassinado dentro da pr\u00f3pria casa"},{"@type":"WebSite","@id":"https:\/\/redenoticiaz.com.br\/litoralsp\/#website","url":"https:\/\/redenoticiaz.com.br\/litoralsp\/","name":"Litoral SP","description":"Rede NoticiaZ","publisher":{"@id":"https:\/\/redenoticiaz.com.br\/litoralsp\/#organization"},"potentialAction":[{"@type":"SearchAction","target":{"@type":"EntryPoint","urlTemplate":"https:\/\/redenoticiaz.com.br\/litoralsp\/?s={search_term_string}"},"query-input":{"@type":"PropertyValueSpecification","valueRequired":true,"valueName":"search_term_string"}}],"inLanguage":"pt-BR"},{"@type":"Organization","@id":"https:\/\/redenoticiaz.com.br\/litoralsp\/#organization","name":"Litoral SP","url":"https:\/\/redenoticiaz.com.br\/litoralsp\/","logo":{"@type":"ImageObject","inLanguage":"pt-BR","@id":"https:\/\/redenoticiaz.com.br\/litoralsp\/#\/schema\/logo\/image\/","url":"https:\/\/redenoticiaz.com.br\/litoralsp\/wp-content\/uploads\/sites\/3\/2020\/11\/logo.jpg","contentUrl":"https:\/\/redenoticiaz.com.br\/litoralsp\/wp-content\/uploads\/sites\/3\/2020\/11\/logo.jpg","width":400,"height":250,"caption":"Litoral SP"},"image":{"@id":"https:\/\/redenoticiaz.com.br\/litoralsp\/#\/schema\/logo\/image\/"}},{"@type":"Person","@id":"https:\/\/redenoticiaz.com.br\/litoralsp\/#\/schema\/person\/0f0b8a5bdafefe82841e07ae8d81ecb3","name":"Leonardo Francisco","image":{"@type":"ImageObject","inLanguage":"pt-BR","@id":"https:\/\/secure.gravatar.com\/avatar\/a7358cb406a99b682ec6df1e77e31ae82e63601f6784e8a3df411d72b37864da?s=96&d=mm&r=g","url":"https:\/\/secure.gravatar.com\/avatar\/a7358cb406a99b682ec6df1e77e31ae82e63601f6784e8a3df411d72b37864da?s=96&d=mm&r=g","contentUrl":"https:\/\/secure.gravatar.com\/avatar\/a7358cb406a99b682ec6df1e77e31ae82e63601f6784e8a3df411d72b37864da?s=96&d=mm&r=g","caption":"Leonardo Francisco"},"url":"https:\/\/redenoticiaz.com.br\/litoralsp\/author\/leonardo-francisco"}]}},"_links":{"self":[{"href":"https:\/\/redenoticiaz.com.br\/litoralsp\/wp-json\/wp\/v2\/posts\/17426","targetHints":{"allow":["GET"]}}],"collection":[{"href":"https:\/\/redenoticiaz.com.br\/litoralsp\/wp-json\/wp\/v2\/posts"}],"about":[{"href":"https:\/\/redenoticiaz.com.br\/litoralsp\/wp-json\/wp\/v2\/types\/post"}],"author":[{"embeddable":true,"href":"https:\/\/redenoticiaz.com.br\/litoralsp\/wp-json\/wp\/v2\/users\/6"}],"replies":[{"embeddable":true,"href":"https:\/\/redenoticiaz.com.br\/litoralsp\/wp-json\/wp\/v2\/comments?post=17426"}],"version-history":[{"count":1,"href":"https:\/\/redenoticiaz.com.br\/litoralsp\/wp-json\/wp\/v2\/posts\/17426\/revisions"}],"predecessor-version":[{"id":17427,"href":"https:\/\/redenoticiaz.com.br\/litoralsp\/wp-json\/wp\/v2\/posts\/17426\/revisions\/17427"}],"wp:featuredmedia":[{"embeddable":true,"href":"https:\/\/redenoticiaz.com.br\/litoralsp\/wp-json\/wp\/v2\/media\/3437"}],"wp:attachment":[{"href":"https:\/\/redenoticiaz.com.br\/litoralsp\/wp-json\/wp\/v2\/media?parent=17426"}],"wp:term":[{"taxonomy":"category","embeddable":true,"href":"https:\/\/redenoticiaz.com.br\/litoralsp\/wp-json\/wp\/v2\/categories?post=17426"},{"taxonomy":"post_tag","embeddable":true,"href":"https:\/\/redenoticiaz.com.br\/litoralsp\/wp-json\/wp\/v2\/tags?post=17426"}],"curies":[{"name":"wp","href":"https:\/\/api.w.org\/{rel}","templated":true}]}}