{"id":17428,"date":"2021-10-30T09:36:23","date_gmt":"2021-10-30T12:36:23","guid":{"rendered":"https:\/\/redenoticiaz.com.br\/litoralsp\/?p=17428"},"modified":"2021-10-30T09:37:50","modified_gmt":"2021-10-30T12:37:50","slug":"ausencia-do-avcb-em-imoveis-da-educacao-de-sao-vicente-gera-acao-civil-contra-a-prefeitura","status":"publish","type":"post","link":"https:\/\/redenoticiaz.com.br\/litoralsp\/2021\/10\/30\/ausencia-do-avcb-em-imoveis-da-educacao-de-sao-vicente-gera-acao-civil-contra-a-prefeitura","title":{"rendered":"Aus\u00eancia do AVCB em im\u00f3veis da Educa\u00e7\u00e3o de S\u00e3o Vicente gera a\u00e7\u00e3o civil contra a prefeitura"},"content":{"rendered":"<p>A <a href=\"https:\/\/www.saovicente.sp.gov.br\/publico\/\">Prefeitura de S\u00e3o Vicente<\/a> recebeu uma <strong>a\u00e7\u00e3o civil p\u00fablica<\/strong> do Minist\u00e9rio P\u00fablico do Estado de S\u00e3o Paulo (MPSP). O motivo \u00e9 por conta de 29 m\u00f3veis ocupados pela Secretaria de Educa\u00e7\u00e3o da cidade n\u00e3o t\u00eam o Auto de Vistoria do Corpo de Bombeiros (AVCB), incluindo escolas municipais. O pedido \u00e9 que a Justi\u00e7a conceda liminar para que a prefeitura obtenha o documento no prazo de seis meses, al\u00e9m do Certificado de Licen\u00e7a do Corpo de Bombeiros (CLCB).<\/p>\n<div class=\"mc-column content-text active-extra-styles \" data-block-type=\"unstyled\" data-block-weight=\"57\" data-block-id=\"3\">\n<p class=\"content-text__container \" data-track-category=\"Link no Texto\" data-track-links=\"\">O AVCB \u00e9 o documento que regulamenta as condi\u00e7\u00f5es de seguran\u00e7a e preven\u00e7\u00e3o de pr\u00e9dios p\u00fablicos e particulares, como em casos de inc\u00eandio e desmoronamento. As casas n\u00e3o necessitam do alvar\u00e1 de vistoria, mas todos os outros im\u00f3veis sim, como pr\u00e9dios de apartamentos, pr\u00e9dios p\u00fablicos, locais com circula\u00e7\u00e3o de pessoas e shoppings, al\u00e9m de com\u00e9rcios em geral.<\/p>\n<h3 data-track-category=\"Link no Texto\">Entenda a situa\u00e7\u00e3o<\/h3>\n<\/div>\n<div class=\"mc-column content-text active-extra-styles \" data-block-type=\"unstyled\" data-block-weight=\"30\" data-block-id=\"4\">\n<p class=\"content-text__container \" data-track-category=\"Link no Texto\" data-track-links=\"\">De acordo com o Minist\u00e9rio P\u00fablico, os 29 im\u00f3veis ocupados pela Secretaria de Educa\u00e7\u00e3o n\u00e3o t\u00eam a documenta\u00e7\u00e3o emitida pelo Corpo de Bombeiros. Isto inclui as\u00a0unidades municipais de ensino estabelecidas em pr\u00e9dios locados pela pasta<\/p>\n<\/div>\n<div class=\"mc-column content-text active-extra-styles \" data-block-type=\"unstyled\" data-block-weight=\"76\" data-block-id=\"5\">\n<p class=\"content-text__container \" data-track-category=\"Link no Texto\" data-track-links=\"\">Por isso, o \u00f3rg\u00e3o pediu que a Justi\u00e7a conceda liminar determinando que o munic\u00edpio obtenha as respectivas licen\u00e7as do Corpo de Bombeiros (AVCBs e CLCBs) de todas as edifica\u00e7\u00f5es utilizadas pela Secretaria Municipal de Educa\u00e7\u00e3o. Tudo ] no prazo m\u00e1ximo de seis meses, na condi\u00e7\u00e3o de locat\u00e1ria ou comodat\u00e1ria. Dessa forma acontece a renova\u00e7\u00e3o imediata quando vencidas, sob pena de multa di\u00e1ria de R$ 500 por im\u00f3vel, at\u00e9 o limite de R$ 70 mil, tamb\u00e9m em rela\u00e7\u00e3o a cada um dos pr\u00e9dios.<\/p>\n<div class=\"mid-mc-placeholder\">O Minist\u00e9rio P\u00fablico argumenta que o prazo que pede \u00e9 suficiente, levando-se em conta que, pelo menos desde 2016, o Tribunal de Contas vem apontando a situa\u00e7\u00e3o, ressaltando a necessidade de medidas imediatas. Houve a instaura\u00e7\u00e3o de inqu\u00e9rito civil em 2018 e recomenda\u00e7\u00e3o do MP encaminhada em abril de 2019; e que tentou diversas tentativas de solu\u00e7\u00e3o extrajudicial da situa\u00e7\u00e3o.<\/div>\n<div><\/div>\n<\/div>\n<div class=\"mc-column content-text active-extra-styles \" data-block-type=\"unstyled\" data-block-weight=\"62\" data-block-id=\"8\">\n<p class=\"content-text__container \" data-track-category=\"Link no Texto\" data-track-links=\"\">Al\u00e9m disso, segundo aponta o MP, h\u00e1 a possibilidade de o munic\u00edpio exigir dos locadores a obten\u00e7\u00e3o dos documentos, sob pena de rescis\u00e3o ou n\u00e3o renova\u00e7\u00e3o da loca\u00e7\u00e3o. &#8220;O munic\u00edpio tem o dever de observar as normas de seguran\u00e7a das edifica\u00e7\u00f5es e oferecer estabelecimentos de ensino seguros \u00e0s crian\u00e7as e funcion\u00e1rios que os frequentam, garantindo o direito social \u00e0 seguran\u00e7a&#8221;, destacou o \u00f3rg\u00e3o.<\/p>\n<\/div>\n<div class=\"mc-column content-text active-extra-styles\" data-block-type=\"raw\" data-block-weight=\"1\" data-block-id=\"9\">\n<div class=\"content-intertitle\">\n<h2>Prefeitura<\/h2>\n<\/div>\n<\/div>\n<div class=\"mc-column content-text active-extra-styles \" data-block-type=\"unstyled\" data-block-weight=\"17\" data-block-id=\"10\">\n<p class=\"content-text__container \" data-track-category=\"Link no Texto\" data-track-links=\"\">Em nota, a Prefeitura de S\u00e3o Vicente se manifestou sobre a a\u00e7\u00e3o do MP. Confira na \u00edntegra:<\/p>\n<\/div>\n<div class=\"mc-column content-text active-extra-styles \" data-block-type=\"unstyled\" data-block-weight=\"93\" data-block-id=\"11\">\n<p class=\"content-text__container \" data-track-category=\"Link no Texto\" data-track-links=\"\"><em>&#8220;A Prefeitura de S\u00e3o Vicente, ciente do Termo de Ajustamento de Conduta firmado pela administra\u00e7\u00e3o com o Minist\u00e9rio P\u00fablico, e a fim de garantir a seguran\u00e7a de seus edif\u00edcios institucionais, editou, em julho deste ano, o Decreto 5610-A, constituindo Comiss\u00e3o Especial para regulariza\u00e7\u00e3o dos AVCBs de diversos im\u00f3veis. A comiss\u00e3o tem o prazo de 240 dias para adotar provid\u00eancias quanto \u00e0 regulariza\u00e7\u00e3o dos im\u00f3veis que estejam sem AVCB ou com AVCB vencido, al\u00e9m de apontar provid\u00eancias estruturais e arquitet\u00f4nicas cujas adapta\u00e7\u00f5es sejam eventualmente necess\u00e1rias para renova\u00e7\u00e3o desse importante certificado do Corpo de Bombeiros.<\/em><\/p>\n<\/div>\n<div class=\"mc-column content-text active-extra-styles \" data-block-type=\"unstyled\" data-block-weight=\"83\" data-block-id=\"12\">\n<p class=\"content-text__container \" data-track-category=\"Link no Texto\" data-track-links=\"\"><em>Digno de nota que, ao menos desde o in\u00edcio da nova gest\u00e3o, os im\u00f3veis locados pela prefeitura j\u00e1 possuem, como requisito obrigat\u00f3rio para celebrar o contrato de loca\u00e7\u00e3o, a apresenta\u00e7\u00e3o do AVCB vigente, sen\u00e3o fixando-se em contrato o prazo m\u00e1ximo de 120 dias para que os propriet\u00e1rios o apresentem. Os trabalhos das equipes j\u00e1 se encontram em andamento, a fim de prontamente regularizar a situa\u00e7\u00e3o desses im\u00f3veis que, durante anos, tiveram sua seguran\u00e7a e a regularidade de seus AVCBs negligenciadas pelas gest\u00f5es anteriores&#8221;<\/em>.<\/p>\n<\/div>\n<div class=\"block-podcast\"><strong>LEIA TAMB\u00c9M<\/strong><\/div>\n<div><\/div>\n<div><a href=\"https:\/\/redenoticiaz.com.br\/litoralsp\/2021\/10\/29\/desvio-de-quase-r-2-milhoes-na-camara-de-peruibe-e-alvo-de-sindicancia\">Desvio de quase R$ 2 milh\u00f5es na C\u00e2mara de Peru\u00edbe \u00e9 alvo de sindic\u00e2ncia<\/a><\/div>\n","protected":false},"excerpt":{"rendered":"<p>A Prefeitura de S\u00e3o Vicente recebeu uma a\u00e7\u00e3o civil p\u00fablica do Minist\u00e9rio P\u00fablico do Estado de S\u00e3o Paulo (MPSP). O motivo \u00e9 por conta de 29 m\u00f3veis ocupados pela Secretaria de Educa\u00e7\u00e3o da cidade n\u00e3o t\u00eam o Auto de Vistoria do Corpo de Bombeiros (AVCB), incluindo escolas municipais. O pedido \u00e9 que a Justi\u00e7a conceda &hellip;<\/p>\n","protected":false},"author":6,"featured_media":17429,"comment_status":"open","ping_status":"closed","sticky":false,"template":"","format":"standard","meta":{"footnotes":""},"categories":[44,22,181],"tags":[39967,39968,1431,33,12810],"class_list":["post-17428","post","type-post","status-publish","format-standard","has-post-thumbnail","hentry","category-educacao","category-justica","category-sao-vicente","tag-acao-civil","tag-imoveis-da-educacao","tag-ministerio-publico","tag-sao-vicente","tag-secretaria-de-educacao"],"yoast_head":"<!-- This site is optimized with the Yoast SEO plugin v27.5 - https:\/\/yoast.com\/product\/yoast-seo-wordpress\/ -->\n<title>Aus\u00eancia do AVCB em im\u00f3veis da Educa\u00e7\u00e3o de S\u00e3o Vicente gera a\u00e7\u00e3o civil contra a prefeitura - Litoral SP<\/title>\n<meta name=\"description\" content=\"A Prefeitura de S\u00e3o Vicente recebeu uma a\u00e7\u00e3o civil p\u00fablica do Minist\u00e9rio P\u00fablico do Estado de S\u00e3o Paulo (MPSP). O motivo\" \/>\n<meta name=\"robots\" content=\"index, follow, max-snippet:-1, max-image-preview:large, max-video-preview:-1\" \/>\n<link rel=\"canonical\" href=\"https:\/\/redenoticiaz.com.br\/litoralsp\/2021\/10\/30\/ausencia-do-avcb-em-imoveis-da-educacao-de-sao-vicente-gera-acao-civil-contra-a-prefeitura\" \/>\n<meta property=\"og:locale\" content=\"pt_BR\" \/>\n<meta property=\"og:type\" content=\"article\" \/>\n<meta property=\"og:title\" content=\"Aus\u00eancia do AVCB em im\u00f3veis da Educa\u00e7\u00e3o de S\u00e3o Vicente gera a\u00e7\u00e3o civil contra a prefeitura - Litoral SP\" \/>\n<meta property=\"og:description\" content=\"A Prefeitura de S\u00e3o Vicente recebeu uma a\u00e7\u00e3o civil p\u00fablica do Minist\u00e9rio P\u00fablico do Estado de S\u00e3o Paulo (MPSP). O motivo\" \/>\n<meta property=\"og:url\" content=\"https:\/\/redenoticiaz.com.br\/litoralsp\/2021\/10\/30\/ausencia-do-avcb-em-imoveis-da-educacao-de-sao-vicente-gera-acao-civil-contra-a-prefeitura\" \/>\n<meta property=\"og:site_name\" content=\"Litoral SP\" \/>\n<meta property=\"article:published_time\" content=\"2021-10-30T12:36:23+00:00\" \/>\n<meta property=\"article:modified_time\" content=\"2021-10-30T12:37:50+00:00\" \/>\n<meta property=\"og:image\" content=\"https:\/\/redenoticiaz.com.br\/litoralsp\/wp-content\/uploads\/sites\/3\/2021\/10\/pco-sv.jpeg\" \/>\n\t<meta property=\"og:image:width\" content=\"984\" \/>\n\t<meta property=\"og:image:height\" content=\"618\" \/>\n\t<meta property=\"og:image:type\" content=\"image\/jpeg\" \/>\n<meta name=\"author\" content=\"Leonardo Francisco\" \/>\n<meta name=\"twitter:card\" content=\"summary_large_image\" \/>\n<meta name=\"twitter:label1\" content=\"Escrito por\" \/>\n\t<meta name=\"twitter:data1\" content=\"Leonardo Francisco\" \/>\n\t<meta name=\"twitter:label2\" content=\"Est. tempo de leitura\" \/>\n\t<meta name=\"twitter:data2\" content=\"3 minutos\" \/>\n<script type=\"application\/ld+json\" class=\"yoast-schema-graph\">{\"@context\":\"https:\\\/\\\/schema.org\",\"@graph\":[{\"@type\":\"Article\",\"@id\":\"https:\\\/\\\/redenoticiaz.com.br\\\/litoralsp\\\/2021\\\/10\\\/30\\\/ausencia-do-avcb-em-imoveis-da-educacao-de-sao-vicente-gera-acao-civil-contra-a-prefeitura#article\",\"isPartOf\":{\"@id\":\"https:\\\/\\\/redenoticiaz.com.br\\\/litoralsp\\\/2021\\\/10\\\/30\\\/ausencia-do-avcb-em-imoveis-da-educacao-de-sao-vicente-gera-acao-civil-contra-a-prefeitura\"},\"author\":{\"name\":\"Leonardo Francisco\",\"@id\":\"https:\\\/\\\/redenoticiaz.com.br\\\/litoralsp\\\/#\\\/schema\\\/person\\\/0f0b8a5bdafefe82841e07ae8d81ecb3\"},\"headline\":\"Aus\u00eancia do AVCB em im\u00f3veis da Educa\u00e7\u00e3o de S\u00e3o Vicente gera a\u00e7\u00e3o civil contra a prefeitura\",\"datePublished\":\"2021-10-30T12:36:23+00:00\",\"dateModified\":\"2021-10-30T12:37:50+00:00\",\"mainEntityOfPage\":{\"@id\":\"https:\\\/\\\/redenoticiaz.com.br\\\/litoralsp\\\/2021\\\/10\\\/30\\\/ausencia-do-avcb-em-imoveis-da-educacao-de-sao-vicente-gera-acao-civil-contra-a-prefeitura\"},\"wordCount\":705,\"commentCount\":0,\"publisher\":{\"@id\":\"https:\\\/\\\/redenoticiaz.com.br\\\/litoralsp\\\/#organization\"},\"image\":{\"@id\":\"https:\\\/\\\/redenoticiaz.com.br\\\/litoralsp\\\/2021\\\/10\\\/30\\\/ausencia-do-avcb-em-imoveis-da-educacao-de-sao-vicente-gera-acao-civil-contra-a-prefeitura#primaryimage\"},\"thumbnailUrl\":\"https:\\\/\\\/redenoticiaz.com.br\\\/litoralsp\\\/wp-content\\\/uploads\\\/sites\\\/3\\\/2021\\\/10\\\/pco-sv.jpeg\",\"keywords\":[\"A\u00c7\u00c3O CIVIL\",\"IM\u00d3VEIS DA EDUCA\u00c7\u00c3O\",\"Minist\u00e9rio P\u00fablico\",\"S\u00e3o Vicente\",\"SECRETARIA DE EDUCA\u00c7\u00c3O\"],\"articleSection\":[\"Educa\u00e7\u00e3o\",\"Justi\u00e7a\",\"S\u00e3o Vicente\"],\"inLanguage\":\"pt-BR\",\"potentialAction\":[{\"@type\":\"CommentAction\",\"name\":\"Comment\",\"target\":[\"https:\\\/\\\/redenoticiaz.com.br\\\/litoralsp\\\/2021\\\/10\\\/30\\\/ausencia-do-avcb-em-imoveis-da-educacao-de-sao-vicente-gera-acao-civil-contra-a-prefeitura#respond\"]}]},{\"@type\":\"WebPage\",\"@id\":\"https:\\\/\\\/redenoticiaz.com.br\\\/litoralsp\\\/2021\\\/10\\\/30\\\/ausencia-do-avcb-em-imoveis-da-educacao-de-sao-vicente-gera-acao-civil-contra-a-prefeitura\",\"url\":\"https:\\\/\\\/redenoticiaz.com.br\\\/litoralsp\\\/2021\\\/10\\\/30\\\/ausencia-do-avcb-em-imoveis-da-educacao-de-sao-vicente-gera-acao-civil-contra-a-prefeitura\",\"name\":\"Aus\u00eancia do AVCB em im\u00f3veis da Educa\u00e7\u00e3o de S\u00e3o Vicente gera a\u00e7\u00e3o civil contra a prefeitura - Litoral SP\",\"isPartOf\":{\"@id\":\"https:\\\/\\\/redenoticiaz.com.br\\\/litoralsp\\\/#website\"},\"primaryImageOfPage\":{\"@id\":\"https:\\\/\\\/redenoticiaz.com.br\\\/litoralsp\\\/2021\\\/10\\\/30\\\/ausencia-do-avcb-em-imoveis-da-educacao-de-sao-vicente-gera-acao-civil-contra-a-prefeitura#primaryimage\"},\"image\":{\"@id\":\"https:\\\/\\\/redenoticiaz.com.br\\\/litoralsp\\\/2021\\\/10\\\/30\\\/ausencia-do-avcb-em-imoveis-da-educacao-de-sao-vicente-gera-acao-civil-contra-a-prefeitura#primaryimage\"},\"thumbnailUrl\":\"https:\\\/\\\/redenoticiaz.com.br\\\/litoralsp\\\/wp-content\\\/uploads\\\/sites\\\/3\\\/2021\\\/10\\\/pco-sv.jpeg\",\"datePublished\":\"2021-10-30T12:36:23+00:00\",\"dateModified\":\"2021-10-30T12:37:50+00:00\",\"description\":\"A Prefeitura de S\u00e3o Vicente recebeu uma a\u00e7\u00e3o civil p\u00fablica do Minist\u00e9rio P\u00fablico do Estado de S\u00e3o Paulo (MPSP). O motivo\",\"inLanguage\":\"pt-BR\",\"potentialAction\":[{\"@type\":\"ReadAction\",\"target\":[\"https:\\\/\\\/redenoticiaz.com.br\\\/litoralsp\\\/2021\\\/10\\\/30\\\/ausencia-do-avcb-em-imoveis-da-educacao-de-sao-vicente-gera-acao-civil-contra-a-prefeitura\"]}]},{\"@type\":\"ImageObject\",\"inLanguage\":\"pt-BR\",\"@id\":\"https:\\\/\\\/redenoticiaz.com.br\\\/litoralsp\\\/2021\\\/10\\\/30\\\/ausencia-do-avcb-em-imoveis-da-educacao-de-sao-vicente-gera-acao-civil-contra-a-prefeitura#primaryimage\",\"url\":\"https:\\\/\\\/redenoticiaz.com.br\\\/litoralsp\\\/wp-content\\\/uploads\\\/sites\\\/3\\\/2021\\\/10\\\/pco-sv.jpeg\",\"contentUrl\":\"https:\\\/\\\/redenoticiaz.com.br\\\/litoralsp\\\/wp-content\\\/uploads\\\/sites\\\/3\\\/2021\\\/10\\\/pco-sv.jpeg\",\"width\":984,\"height\":618,\"caption\":\"Cr\u00e9ditos: Divulga\u00e7\u00e3o\\\/Prefeitura de S\u00e3o Vicente\"},{\"@type\":\"WebSite\",\"@id\":\"https:\\\/\\\/redenoticiaz.com.br\\\/litoralsp\\\/#website\",\"url\":\"https:\\\/\\\/redenoticiaz.com.br\\\/litoralsp\\\/\",\"name\":\"Litoral SP\",\"description\":\"Rede NoticiaZ\",\"publisher\":{\"@id\":\"https:\\\/\\\/redenoticiaz.com.br\\\/litoralsp\\\/#organization\"},\"potentialAction\":[{\"@type\":\"SearchAction\",\"target\":{\"@type\":\"EntryPoint\",\"urlTemplate\":\"https:\\\/\\\/redenoticiaz.com.br\\\/litoralsp\\\/?s={search_term_string}\"},\"query-input\":{\"@type\":\"PropertyValueSpecification\",\"valueRequired\":true,\"valueName\":\"search_term_string\"}}],\"inLanguage\":\"pt-BR\"},{\"@type\":\"Organization\",\"@id\":\"https:\\\/\\\/redenoticiaz.com.br\\\/litoralsp\\\/#organization\",\"name\":\"Litoral SP\",\"url\":\"https:\\\/\\\/redenoticiaz.com.br\\\/litoralsp\\\/\",\"logo\":{\"@type\":\"ImageObject\",\"inLanguage\":\"pt-BR\",\"@id\":\"https:\\\/\\\/redenoticiaz.com.br\\\/litoralsp\\\/#\\\/schema\\\/logo\\\/image\\\/\",\"url\":\"https:\\\/\\\/redenoticiaz.com.br\\\/litoralsp\\\/wp-content\\\/uploads\\\/sites\\\/3\\\/2020\\\/11\\\/logo.jpg\",\"contentUrl\":\"https:\\\/\\\/redenoticiaz.com.br\\\/litoralsp\\\/wp-content\\\/uploads\\\/sites\\\/3\\\/2020\\\/11\\\/logo.jpg\",\"width\":400,\"height\":250,\"caption\":\"Litoral SP\"},\"image\":{\"@id\":\"https:\\\/\\\/redenoticiaz.com.br\\\/litoralsp\\\/#\\\/schema\\\/logo\\\/image\\\/\"}},{\"@type\":\"Person\",\"@id\":\"https:\\\/\\\/redenoticiaz.com.br\\\/litoralsp\\\/#\\\/schema\\\/person\\\/0f0b8a5bdafefe82841e07ae8d81ecb3\",\"name\":\"Leonardo Francisco\",\"image\":{\"@type\":\"ImageObject\",\"inLanguage\":\"pt-BR\",\"@id\":\"https:\\\/\\\/secure.gravatar.com\\\/avatar\\\/a7358cb406a99b682ec6df1e77e31ae82e63601f6784e8a3df411d72b37864da?s=96&d=mm&r=g\",\"url\":\"https:\\\/\\\/secure.gravatar.com\\\/avatar\\\/a7358cb406a99b682ec6df1e77e31ae82e63601f6784e8a3df411d72b37864da?s=96&d=mm&r=g\",\"contentUrl\":\"https:\\\/\\\/secure.gravatar.com\\\/avatar\\\/a7358cb406a99b682ec6df1e77e31ae82e63601f6784e8a3df411d72b37864da?s=96&d=mm&r=g\",\"caption\":\"Leonardo Francisco\"},\"url\":\"https:\\\/\\\/redenoticiaz.com.br\\\/litoralsp\\\/author\\\/leonardo-francisco\"}]}<\/script>\n<!-- \/ Yoast SEO plugin. -->","yoast_head_json":{"title":"Aus\u00eancia do AVCB em im\u00f3veis da Educa\u00e7\u00e3o de S\u00e3o Vicente gera a\u00e7\u00e3o civil contra a prefeitura - Litoral SP","description":"A Prefeitura de S\u00e3o Vicente recebeu uma a\u00e7\u00e3o civil p\u00fablica do Minist\u00e9rio P\u00fablico do Estado de S\u00e3o Paulo (MPSP). O motivo","robots":{"index":"index","follow":"follow","max-snippet":"max-snippet:-1","max-image-preview":"max-image-preview:large","max-video-preview":"max-video-preview:-1"},"canonical":"https:\/\/redenoticiaz.com.br\/litoralsp\/2021\/10\/30\/ausencia-do-avcb-em-imoveis-da-educacao-de-sao-vicente-gera-acao-civil-contra-a-prefeitura","og_locale":"pt_BR","og_type":"article","og_title":"Aus\u00eancia do AVCB em im\u00f3veis da Educa\u00e7\u00e3o de S\u00e3o Vicente gera a\u00e7\u00e3o civil contra a prefeitura - Litoral SP","og_description":"A Prefeitura de S\u00e3o Vicente recebeu uma a\u00e7\u00e3o civil p\u00fablica do Minist\u00e9rio P\u00fablico do Estado de S\u00e3o Paulo (MPSP). O motivo","og_url":"https:\/\/redenoticiaz.com.br\/litoralsp\/2021\/10\/30\/ausencia-do-avcb-em-imoveis-da-educacao-de-sao-vicente-gera-acao-civil-contra-a-prefeitura","og_site_name":"Litoral SP","article_published_time":"2021-10-30T12:36:23+00:00","article_modified_time":"2021-10-30T12:37:50+00:00","og_image":[{"width":984,"height":618,"url":"https:\/\/redenoticiaz.com.br\/litoralsp\/wp-content\/uploads\/sites\/3\/2021\/10\/pco-sv.jpeg","type":"image\/jpeg"}],"author":"Leonardo Francisco","twitter_card":"summary_large_image","twitter_misc":{"Escrito por":"Leonardo Francisco","Est. tempo de leitura":"3 minutos"},"schema":{"@context":"https:\/\/schema.org","@graph":[{"@type":"Article","@id":"https:\/\/redenoticiaz.com.br\/litoralsp\/2021\/10\/30\/ausencia-do-avcb-em-imoveis-da-educacao-de-sao-vicente-gera-acao-civil-contra-a-prefeitura#article","isPartOf":{"@id":"https:\/\/redenoticiaz.com.br\/litoralsp\/2021\/10\/30\/ausencia-do-avcb-em-imoveis-da-educacao-de-sao-vicente-gera-acao-civil-contra-a-prefeitura"},"author":{"name":"Leonardo Francisco","@id":"https:\/\/redenoticiaz.com.br\/litoralsp\/#\/schema\/person\/0f0b8a5bdafefe82841e07ae8d81ecb3"},"headline":"Aus\u00eancia do AVCB em im\u00f3veis da Educa\u00e7\u00e3o de S\u00e3o Vicente gera a\u00e7\u00e3o civil contra a prefeitura","datePublished":"2021-10-30T12:36:23+00:00","dateModified":"2021-10-30T12:37:50+00:00","mainEntityOfPage":{"@id":"https:\/\/redenoticiaz.com.br\/litoralsp\/2021\/10\/30\/ausencia-do-avcb-em-imoveis-da-educacao-de-sao-vicente-gera-acao-civil-contra-a-prefeitura"},"wordCount":705,"commentCount":0,"publisher":{"@id":"https:\/\/redenoticiaz.com.br\/litoralsp\/#organization"},"image":{"@id":"https:\/\/redenoticiaz.com.br\/litoralsp\/2021\/10\/30\/ausencia-do-avcb-em-imoveis-da-educacao-de-sao-vicente-gera-acao-civil-contra-a-prefeitura#primaryimage"},"thumbnailUrl":"https:\/\/redenoticiaz.com.br\/litoralsp\/wp-content\/uploads\/sites\/3\/2021\/10\/pco-sv.jpeg","keywords":["A\u00c7\u00c3O CIVIL","IM\u00d3VEIS DA EDUCA\u00c7\u00c3O","Minist\u00e9rio P\u00fablico","S\u00e3o Vicente","SECRETARIA DE EDUCA\u00c7\u00c3O"],"articleSection":["Educa\u00e7\u00e3o","Justi\u00e7a","S\u00e3o Vicente"],"inLanguage":"pt-BR","potentialAction":[{"@type":"CommentAction","name":"Comment","target":["https:\/\/redenoticiaz.com.br\/litoralsp\/2021\/10\/30\/ausencia-do-avcb-em-imoveis-da-educacao-de-sao-vicente-gera-acao-civil-contra-a-prefeitura#respond"]}]},{"@type":"WebPage","@id":"https:\/\/redenoticiaz.com.br\/litoralsp\/2021\/10\/30\/ausencia-do-avcb-em-imoveis-da-educacao-de-sao-vicente-gera-acao-civil-contra-a-prefeitura","url":"https:\/\/redenoticiaz.com.br\/litoralsp\/2021\/10\/30\/ausencia-do-avcb-em-imoveis-da-educacao-de-sao-vicente-gera-acao-civil-contra-a-prefeitura","name":"Aus\u00eancia do AVCB em im\u00f3veis da Educa\u00e7\u00e3o de S\u00e3o Vicente gera a\u00e7\u00e3o civil contra a prefeitura - Litoral SP","isPartOf":{"@id":"https:\/\/redenoticiaz.com.br\/litoralsp\/#website"},"primaryImageOfPage":{"@id":"https:\/\/redenoticiaz.com.br\/litoralsp\/2021\/10\/30\/ausencia-do-avcb-em-imoveis-da-educacao-de-sao-vicente-gera-acao-civil-contra-a-prefeitura#primaryimage"},"image":{"@id":"https:\/\/redenoticiaz.com.br\/litoralsp\/2021\/10\/30\/ausencia-do-avcb-em-imoveis-da-educacao-de-sao-vicente-gera-acao-civil-contra-a-prefeitura#primaryimage"},"thumbnailUrl":"https:\/\/redenoticiaz.com.br\/litoralsp\/wp-content\/uploads\/sites\/3\/2021\/10\/pco-sv.jpeg","datePublished":"2021-10-30T12:36:23+00:00","dateModified":"2021-10-30T12:37:50+00:00","description":"A Prefeitura de S\u00e3o Vicente recebeu uma a\u00e7\u00e3o civil p\u00fablica do Minist\u00e9rio P\u00fablico do Estado de S\u00e3o Paulo (MPSP). O motivo","inLanguage":"pt-BR","potentialAction":[{"@type":"ReadAction","target":["https:\/\/redenoticiaz.com.br\/litoralsp\/2021\/10\/30\/ausencia-do-avcb-em-imoveis-da-educacao-de-sao-vicente-gera-acao-civil-contra-a-prefeitura"]}]},{"@type":"ImageObject","inLanguage":"pt-BR","@id":"https:\/\/redenoticiaz.com.br\/litoralsp\/2021\/10\/30\/ausencia-do-avcb-em-imoveis-da-educacao-de-sao-vicente-gera-acao-civil-contra-a-prefeitura#primaryimage","url":"https:\/\/redenoticiaz.com.br\/litoralsp\/wp-content\/uploads\/sites\/3\/2021\/10\/pco-sv.jpeg","contentUrl":"https:\/\/redenoticiaz.com.br\/litoralsp\/wp-content\/uploads\/sites\/3\/2021\/10\/pco-sv.jpeg","width":984,"height":618,"caption":"Cr\u00e9ditos: Divulga\u00e7\u00e3o\/Prefeitura de S\u00e3o Vicente"},{"@type":"WebSite","@id":"https:\/\/redenoticiaz.com.br\/litoralsp\/#website","url":"https:\/\/redenoticiaz.com.br\/litoralsp\/","name":"Litoral SP","description":"Rede NoticiaZ","publisher":{"@id":"https:\/\/redenoticiaz.com.br\/litoralsp\/#organization"},"potentialAction":[{"@type":"SearchAction","target":{"@type":"EntryPoint","urlTemplate":"https:\/\/redenoticiaz.com.br\/litoralsp\/?s={search_term_string}"},"query-input":{"@type":"PropertyValueSpecification","valueRequired":true,"valueName":"search_term_string"}}],"inLanguage":"pt-BR"},{"@type":"Organization","@id":"https:\/\/redenoticiaz.com.br\/litoralsp\/#organization","name":"Litoral SP","url":"https:\/\/redenoticiaz.com.br\/litoralsp\/","logo":{"@type":"ImageObject","inLanguage":"pt-BR","@id":"https:\/\/redenoticiaz.com.br\/litoralsp\/#\/schema\/logo\/image\/","url":"https:\/\/redenoticiaz.com.br\/litoralsp\/wp-content\/uploads\/sites\/3\/2020\/11\/logo.jpg","contentUrl":"https:\/\/redenoticiaz.com.br\/litoralsp\/wp-content\/uploads\/sites\/3\/2020\/11\/logo.jpg","width":400,"height":250,"caption":"Litoral SP"},"image":{"@id":"https:\/\/redenoticiaz.com.br\/litoralsp\/#\/schema\/logo\/image\/"}},{"@type":"Person","@id":"https:\/\/redenoticiaz.com.br\/litoralsp\/#\/schema\/person\/0f0b8a5bdafefe82841e07ae8d81ecb3","name":"Leonardo Francisco","image":{"@type":"ImageObject","inLanguage":"pt-BR","@id":"https:\/\/secure.gravatar.com\/avatar\/a7358cb406a99b682ec6df1e77e31ae82e63601f6784e8a3df411d72b37864da?s=96&d=mm&r=g","url":"https:\/\/secure.gravatar.com\/avatar\/a7358cb406a99b682ec6df1e77e31ae82e63601f6784e8a3df411d72b37864da?s=96&d=mm&r=g","contentUrl":"https:\/\/secure.gravatar.com\/avatar\/a7358cb406a99b682ec6df1e77e31ae82e63601f6784e8a3df411d72b37864da?s=96&d=mm&r=g","caption":"Leonardo Francisco"},"url":"https:\/\/redenoticiaz.com.br\/litoralsp\/author\/leonardo-francisco"}]}},"_links":{"self":[{"href":"https:\/\/redenoticiaz.com.br\/litoralsp\/wp-json\/wp\/v2\/posts\/17428","targetHints":{"allow":["GET"]}}],"collection":[{"href":"https:\/\/redenoticiaz.com.br\/litoralsp\/wp-json\/wp\/v2\/posts"}],"about":[{"href":"https:\/\/redenoticiaz.com.br\/litoralsp\/wp-json\/wp\/v2\/types\/post"}],"author":[{"embeddable":true,"href":"https:\/\/redenoticiaz.com.br\/litoralsp\/wp-json\/wp\/v2\/users\/6"}],"replies":[{"embeddable":true,"href":"https:\/\/redenoticiaz.com.br\/litoralsp\/wp-json\/wp\/v2\/comments?post=17428"}],"version-history":[{"count":2,"href":"https:\/\/redenoticiaz.com.br\/litoralsp\/wp-json\/wp\/v2\/posts\/17428\/revisions"}],"predecessor-version":[{"id":17431,"href":"https:\/\/redenoticiaz.com.br\/litoralsp\/wp-json\/wp\/v2\/posts\/17428\/revisions\/17431"}],"wp:featuredmedia":[{"embeddable":true,"href":"https:\/\/redenoticiaz.com.br\/litoralsp\/wp-json\/wp\/v2\/media\/17429"}],"wp:attachment":[{"href":"https:\/\/redenoticiaz.com.br\/litoralsp\/wp-json\/wp\/v2\/media?parent=17428"}],"wp:term":[{"taxonomy":"category","embeddable":true,"href":"https:\/\/redenoticiaz.com.br\/litoralsp\/wp-json\/wp\/v2\/categories?post=17428"},{"taxonomy":"post_tag","embeddable":true,"href":"https:\/\/redenoticiaz.com.br\/litoralsp\/wp-json\/wp\/v2\/tags?post=17428"}],"curies":[{"name":"wp","href":"https:\/\/api.w.org\/{rel}","templated":true}]}}