{"id":17501,"date":"2021-11-01T15:29:08","date_gmt":"2021-11-01T18:29:08","guid":{"rendered":"https:\/\/redenoticiaz.com.br\/litoralsp\/2021\/11\/01\/luto-mundo-chega-a-5-milhoes-de-mortes-por-covid-19"},"modified":"2021-11-01T15:33:06","modified_gmt":"2021-11-01T18:33:06","slug":"luto-mundo-chega-a-5-milhoes-de-mortes-por-covid-19","status":"publish","type":"post","link":"https:\/\/redenoticiaz.com.br\/litoralsp\/2021\/11\/01\/luto-mundo-chega-a-5-milhoes-de-mortes-por-covid-19","title":{"rendered":"Luto: Mundo chega a 5 milh\u00f5es de mortes por Covid-19"},"content":{"rendered":"<p>Familiares e amigos choram e est\u00e3o de luto devido as mortes por Covid-19 que surgiram desde janeiro de 2020, quando o primeiro caso na China foi descoberto. Nesta segunda-feira (1\u00ba) o mundo chegou a triste marca de <strong>5 milh\u00f5es de mortes<\/strong> provocadas diretamente ou indiretamente pela doen\u00e7a.<\/p>\n<div class=\"mc-column content-text active-extra-styles \" data-block-type=\"unstyled\" data-block-weight=\"42\" data-block-id=\"2\">\n<p class=\"content-text__container \" data-track-category=\"Link no Texto\" data-track-links=\"\">A marca foi atingida 117 dias depois do registro de 4 milh\u00f5es de v\u00edtimas, segundo dados da Universidade Johns Hopkins. A alta foi de 5% globalmente, segundo o mais recente relat\u00f3rio da Organiza\u00e7\u00e3o Mundial de Sa\u00fade (<a href=\"https:\/\/www.who.int\/eportuguese\/countries\/bra\/pt\/\">OMS<\/a>). E a<span class=\"highlight highlighted\">s piores situa\u00e7\u00f5es s\u00e3o na Europa, que teve 14% mais mortes do que na semana anterior, e na \u00c1sia, com um aumento de 13% no mesmo per\u00edodo<\/span>.<\/p>\n<\/div>\n<div class=\"wall protected-content\">\n<div class=\"mc-column content-text active-extra-styles \" data-block-type=\"unstyled\" data-block-weight=\"42\" data-block-id=\"4\">\n<p class=\"content-text__container \" data-track-category=\"Link no Texto\" data-track-links=\"\">J\u00e1 na \u00c1frica elas ca\u00edram 21%. Mas se for apontar a vacina, o ritmo de vacina\u00e7\u00e3o esteja extremamente lento. A expectativa da OMS preveja que apenas 5 dos 54 pa\u00edses africanos devam conseguir alcan\u00e7ar a meta\u00a0de vacinar totalmente 40% de sua popula\u00e7\u00e3o at\u00e9 o fim do ano.<\/p>\n<div class=\"mc-column content-text active-extra-styles \" data-block-type=\"unstyled\" data-block-weight=\"39\" data-block-id=\"9\">\n<p class=\"content-text__container \" data-track-category=\"Link no Texto\" data-track-links=\"\">Outro fator preocupante \u00e9 o caso da\u00a0R\u00fassia, que\u00a0diariamente tem batido recordes de casos e mortes. J\u00e1 no Brasil, a situa\u00e7\u00e3o neste momento \u00e9 bem melhor do que quando o mundo tinha 4 milh\u00f5es de mortes pela doen\u00e7a.<\/p>\n<div class=\"mid-mc-placeholder\">Na \u00e9poca, o pa\u00eds tinha a pior m\u00e9dia mundial de \u00f3bitos, posi\u00e7\u00e3o que hoje cabe \u00e0 Rom\u00eania. Hoje, o Brasil \u00e9 o 40\u00ba nesse mesmo ranking, segundo o site &#8220;Our World in Data&#8221;.<\/div>\n<\/div>\n<\/div>\n<\/div>\n<h3>Ranking mundial<\/h3>\n<div class=\"mc-column content-text active-extra-styles \" data-block-type=\"unstyled\" data-block-weight=\"42\" data-block-id=\"14\">\n<p class=\"content-text__container \" data-track-category=\"Link no Texto\" data-track-links=\"\">Os Estados Unidos continuam liderando a lista de pa\u00edses com o maior n\u00famero de mortes por Covid-19, com 745 mil, com o Brasil em segundo lugar, com 607 mil, e a \u00cdndia em terceiro, com 458 mil, segundo a Johns Hopkins.<\/p>\n<\/div>\n<div class=\"mc-column content-text active-extra-styles \" data-block-type=\"unstyled\" data-block-weight=\"13\" data-block-id=\"15\">\n<p class=\"content-text__container \" data-track-category=\"Link no Texto\" data-track-links=\"\">Veja abaixo quanto tempo se passou entre cada milh\u00e3o de mortes por Covid.<\/p>\n<\/div>\n<div class=\"mc-column content-text active-extra-styles\" data-block-type=\"raw\" data-block-weight=\"91\" data-block-id=\"16\">\n<ul class=\"content-unordered-list\">\n<li><strong>9 de janeiro de 2020<\/strong>\u00a0\u2013\u00a01\u00aa morte oficial<\/li>\n<li><strong>28 de setembro de 2020<\/strong>\u00a0\u2013\u00a01 milh\u00e3o de mortes\u00a0(263 dias depois da 1\u00aa morte)<\/li>\n<li><strong>14 de janeiro de 2021<\/strong>\u00a0\u2013\u00a02 milh\u00f5es de mortes\u00a0(108 dias desde o 1\u00ba milh\u00e3o de mortes)<\/li>\n<li><strong>17 de abril de 2021<\/strong>\u00a0\u2013\u00a03 milh\u00f5es de mortes\u00a0(93 dias desde os 2 milh\u00f5es)<\/li>\n<li><strong>7 de julho de 2021<\/strong>\u00a0\u2013\u00a04 milh\u00f5es de mortes\u00a0(81 dias desde os 3 milh\u00f5es)<\/li>\n<li><strong>1\u00ba de novembro de 2021<\/strong>\u00a0\u2013 5 milh\u00f5es de mortes (117 dias desde os 4 milh\u00f5es)<\/li>\n<\/ul>\n<figure id=\"attachment_70855\" aria-describedby=\"caption-attachment-70855\" style=\"width: 754px\" class=\"wp-caption aligncenter\"><img loading=\"lazy\" decoding=\"async\" class=\" wp-image-70855\" src=\"https:\/\/redenoticiaz.com.br\/wp-content\/uploads\/2021\/11\/jh5milhoes-390x186.jpg\" alt=\"\" width=\"754\" height=\"360\" \/><figcaption id=\"caption-attachment-70855\" class=\"wp-caption-text\">Cr\u00e9ditos: Reprodu\u00e7\u00e3o\/jhu.edu<\/figcaption><\/figure>\n<h3>Variantes s\u00e3o as causas da alta<\/h3>\n<div class=\"mc-column content-text active-extra-styles \" data-block-type=\"unstyled\" data-block-weight=\"43\" data-block-id=\"25\">\n<p class=\"content-text__container \" data-track-category=\"Link no Texto\" data-track-links=\"\">Na Am\u00e9rica do Sul, a variante gama (ou P.1) se espalhou pelo Brasil e depois para os outros pa\u00edses da regi\u00e3o. Dessa forma, houve uma onda de casos e mortes inclusive em pa\u00edses que j\u00e1 estavam com a vacina\u00e7\u00e3o mais adiantada, como Chile\u00a0e\u00a0Uruguai.<\/p>\n<\/div>\n<div class=\"mc-column content-text active-extra-styles \" data-block-type=\"unstyled\" data-block-weight=\"33\" data-block-id=\"26\">\n<p class=\"content-text__container \" data-track-category=\"Link no Texto\" data-track-links=\"\">Na \u00c1sia, a variante delta devastou a \u00cdndia, que passou por um completo colapso sanit\u00e1rio e hospitalar entre abril e maio. O pa\u00eds bateu todos os recordes mundiais de casos e mortes por Covid-19.<\/p>\n<\/div>\n<div class=\"mc-column content-text active-extra-styles \" data-block-type=\"unstyled\" data-block-weight=\"46\" data-block-id=\"27\">\n<p class=\"content-text__container \" data-track-category=\"Link no Texto\" data-track-links=\"\">Desde ent\u00e3o, a variante delta tem se espalhado pelo mundo e causado uma forte alta de mortes em diversos pa\u00edses. Entre eles a R\u00fassia \u00e0 Indon\u00e9sia. At\u00e9 mesmo na\u00e7\u00f5es que s\u00e3o refer\u00eancia na vacina\u00e7\u00e3o contra a Covid-19, como Israel e Reino Unido, tamb\u00e9m tem sofrido com esta alta.<\/p>\n<\/div>\n<div class=\"mc-column content-text active-extra-styles \" data-block-type=\"unstyled\" data-block-weight=\"39\" data-block-id=\"28\">\n<p class=\"content-text__container \" data-track-category=\"Link no Texto\" data-track-links=\"\">Mas, com o avan\u00e7o da imuniza\u00e7\u00e3o, agora j\u00e1 \u00e9 poss\u00edvel ver uma clara diferen\u00e7a nesses pa\u00edses. Mesmo o n\u00famero de novos infectados tenha voltado a subir com bastante for\u00e7a, o n\u00famero de \u00f3bitos n\u00e3o tem crescido na mesma propor\u00e7\u00e3o.<\/p>\n<p data-track-category=\"Link no Texto\" data-track-links=\"\"><strong>LEIA TAMB\u00c9M<\/strong><\/p>\n<p data-track-category=\"Link no Texto\" data-track-links=\"\"><a href=\"https:\/\/redenoticiaz.com.br\/blog\/2021\/10\/29\/vacina-da-pfizer-em-criancas-e-autorizada-nos-estados-unidos\">Vacina da Pfizer em crian\u00e7as \u00e9 autorizada nos Estados Unidos<\/a><\/p>\n<\/div>\n<\/div>\n","protected":false},"excerpt":{"rendered":"<p>Familiares e amigos choram e est\u00e3o de luto devido as mortes por Covid-19 que surgiram desde janeiro de 2020, quando o primeiro caso na China foi descoberto. Nesta segunda-feira (1\u00ba) o mundo chegou a triste marca de 5 milh\u00f5es de mortes provocadas diretamente ou indiretamente pela doen\u00e7a. A marca foi atingida 117 dias depois do &hellip;<\/p>\n","protected":false},"author":6,"featured_media":17502,"comment_status":"open","ping_status":"closed","sticky":false,"template":"","format":"standard","meta":{"footnotes":""},"categories":[84,23],"tags":[40128,16515,2052,1722,96,40129],"class_list":["post-17501","post","type-post","status-publish","format-standard","has-post-thumbnail","hentry","category-mundo","category-saude","tag-5-milhoes-de-mortes","tag-mortes-por-covid-19","tag-mundo","tag-oms","tag-saude","tag-variantes-do-corornavirus"],"yoast_head":"<!-- This site is optimized with the Yoast SEO plugin v27.5 - https:\/\/yoast.com\/product\/yoast-seo-wordpress\/ -->\n<title>Luto: Mundo chega a 5 milh\u00f5es de mortes por Covid-19 - Litoral SP<\/title>\n<meta name=\"description\" content=\"Familiares e amigos choram e est\u00e3o de luto devido as mortes por Covid-19 que surgiram desde janeiro de 2020, quando o primeiro\" \/>\n<meta name=\"robots\" content=\"index, follow, max-snippet:-1, max-image-preview:large, max-video-preview:-1\" \/>\n<link rel=\"canonical\" href=\"https:\/\/redenoticiaz.com.br\/litoralsp\/2021\/11\/01\/luto-mundo-chega-a-5-milhoes-de-mortes-por-covid-19\" \/>\n<meta property=\"og:locale\" content=\"pt_BR\" \/>\n<meta property=\"og:type\" content=\"article\" \/>\n<meta property=\"og:title\" content=\"Luto: Mundo chega a 5 milh\u00f5es de mortes por Covid-19 - Litoral SP\" \/>\n<meta property=\"og:description\" content=\"Familiares e amigos choram e est\u00e3o de luto devido as mortes por Covid-19 que surgiram desde janeiro de 2020, quando o primeiro\" \/>\n<meta property=\"og:url\" content=\"https:\/\/redenoticiaz.com.br\/litoralsp\/2021\/11\/01\/luto-mundo-chega-a-5-milhoes-de-mortes-por-covid-19\" \/>\n<meta property=\"og:site_name\" content=\"Litoral SP\" \/>\n<meta property=\"article:published_time\" content=\"2021-11-01T18:29:08+00:00\" \/>\n<meta property=\"article:modified_time\" content=\"2021-11-01T18:33:06+00:00\" \/>\n<meta property=\"og:image\" content=\"https:\/\/redenoticiaz.com.br\/litoralsp\/wp-content\/uploads\/sites\/3\/2021\/11\/luto.jpg\" \/>\n\t<meta property=\"og:image:width\" content=\"1008\" \/>\n\t<meta property=\"og:image:height\" content=\"631\" \/>\n\t<meta property=\"og:image:type\" content=\"image\/jpeg\" \/>\n<meta name=\"author\" content=\"Leonardo Francisco\" \/>\n<meta name=\"twitter:card\" content=\"summary_large_image\" \/>\n<meta name=\"twitter:label1\" content=\"Escrito por\" \/>\n\t<meta name=\"twitter:data1\" content=\"Leonardo Francisco\" \/>\n\t<meta name=\"twitter:label2\" content=\"Est. tempo de leitura\" \/>\n\t<meta name=\"twitter:data2\" content=\"3 minutos\" \/>\n<script type=\"application\/ld+json\" class=\"yoast-schema-graph\">{\"@context\":\"https:\\\/\\\/schema.org\",\"@graph\":[{\"@type\":\"Article\",\"@id\":\"https:\\\/\\\/redenoticiaz.com.br\\\/litoralsp\\\/2021\\\/11\\\/01\\\/luto-mundo-chega-a-5-milhoes-de-mortes-por-covid-19#article\",\"isPartOf\":{\"@id\":\"https:\\\/\\\/redenoticiaz.com.br\\\/litoralsp\\\/2021\\\/11\\\/01\\\/luto-mundo-chega-a-5-milhoes-de-mortes-por-covid-19\"},\"author\":{\"name\":\"Leonardo Francisco\",\"@id\":\"https:\\\/\\\/redenoticiaz.com.br\\\/litoralsp\\\/#\\\/schema\\\/person\\\/0f0b8a5bdafefe82841e07ae8d81ecb3\"},\"headline\":\"Luto: Mundo chega a 5 milh\u00f5es de mortes por Covid-19\",\"datePublished\":\"2021-11-01T18:29:08+00:00\",\"dateModified\":\"2021-11-01T18:33:06+00:00\",\"mainEntityOfPage\":{\"@id\":\"https:\\\/\\\/redenoticiaz.com.br\\\/litoralsp\\\/2021\\\/11\\\/01\\\/luto-mundo-chega-a-5-milhoes-de-mortes-por-covid-19\"},\"wordCount\":593,\"commentCount\":0,\"publisher\":{\"@id\":\"https:\\\/\\\/redenoticiaz.com.br\\\/litoralsp\\\/#organization\"},\"image\":{\"@id\":\"https:\\\/\\\/redenoticiaz.com.br\\\/litoralsp\\\/2021\\\/11\\\/01\\\/luto-mundo-chega-a-5-milhoes-de-mortes-por-covid-19#primaryimage\"},\"thumbnailUrl\":\"https:\\\/\\\/redenoticiaz.com.br\\\/litoralsp\\\/wp-content\\\/uploads\\\/sites\\\/3\\\/2021\\\/11\\\/luto.jpg\",\"keywords\":[\"5 MILH\u00d5ES DE MORTES\",\"MORTES POR COVID-19\",\"mundo\",\"OMS\",\"saude\",\"VARIANTES DO CORORNAV\u00cdRUS\"],\"articleSection\":[\"Mundo\",\"Sa\u00fade\"],\"inLanguage\":\"pt-BR\",\"potentialAction\":[{\"@type\":\"CommentAction\",\"name\":\"Comment\",\"target\":[\"https:\\\/\\\/redenoticiaz.com.br\\\/litoralsp\\\/2021\\\/11\\\/01\\\/luto-mundo-chega-a-5-milhoes-de-mortes-por-covid-19#respond\"]}]},{\"@type\":\"WebPage\",\"@id\":\"https:\\\/\\\/redenoticiaz.com.br\\\/litoralsp\\\/2021\\\/11\\\/01\\\/luto-mundo-chega-a-5-milhoes-de-mortes-por-covid-19\",\"url\":\"https:\\\/\\\/redenoticiaz.com.br\\\/litoralsp\\\/2021\\\/11\\\/01\\\/luto-mundo-chega-a-5-milhoes-de-mortes-por-covid-19\",\"name\":\"Luto: Mundo chega a 5 milh\u00f5es de mortes por Covid-19 - Litoral SP\",\"isPartOf\":{\"@id\":\"https:\\\/\\\/redenoticiaz.com.br\\\/litoralsp\\\/#website\"},\"primaryImageOfPage\":{\"@id\":\"https:\\\/\\\/redenoticiaz.com.br\\\/litoralsp\\\/2021\\\/11\\\/01\\\/luto-mundo-chega-a-5-milhoes-de-mortes-por-covid-19#primaryimage\"},\"image\":{\"@id\":\"https:\\\/\\\/redenoticiaz.com.br\\\/litoralsp\\\/2021\\\/11\\\/01\\\/luto-mundo-chega-a-5-milhoes-de-mortes-por-covid-19#primaryimage\"},\"thumbnailUrl\":\"https:\\\/\\\/redenoticiaz.com.br\\\/litoralsp\\\/wp-content\\\/uploads\\\/sites\\\/3\\\/2021\\\/11\\\/luto.jpg\",\"datePublished\":\"2021-11-01T18:29:08+00:00\",\"dateModified\":\"2021-11-01T18:33:06+00:00\",\"description\":\"Familiares e amigos choram e est\u00e3o de luto devido as mortes por Covid-19 que surgiram desde janeiro de 2020, quando o primeiro\",\"inLanguage\":\"pt-BR\",\"potentialAction\":[{\"@type\":\"ReadAction\",\"target\":[\"https:\\\/\\\/redenoticiaz.com.br\\\/litoralsp\\\/2021\\\/11\\\/01\\\/luto-mundo-chega-a-5-milhoes-de-mortes-por-covid-19\"]}]},{\"@type\":\"ImageObject\",\"inLanguage\":\"pt-BR\",\"@id\":\"https:\\\/\\\/redenoticiaz.com.br\\\/litoralsp\\\/2021\\\/11\\\/01\\\/luto-mundo-chega-a-5-milhoes-de-mortes-por-covid-19#primaryimage\",\"url\":\"https:\\\/\\\/redenoticiaz.com.br\\\/litoralsp\\\/wp-content\\\/uploads\\\/sites\\\/3\\\/2021\\\/11\\\/luto.jpg\",\"contentUrl\":\"https:\\\/\\\/redenoticiaz.com.br\\\/litoralsp\\\/wp-content\\\/uploads\\\/sites\\\/3\\\/2021\\\/11\\\/luto.jpg\",\"width\":1008,\"height\":631,\"caption\":\"Cr\u00e9ditos: Agence Press\"},{\"@type\":\"WebSite\",\"@id\":\"https:\\\/\\\/redenoticiaz.com.br\\\/litoralsp\\\/#website\",\"url\":\"https:\\\/\\\/redenoticiaz.com.br\\\/litoralsp\\\/\",\"name\":\"Litoral SP\",\"description\":\"Rede NoticiaZ\",\"publisher\":{\"@id\":\"https:\\\/\\\/redenoticiaz.com.br\\\/litoralsp\\\/#organization\"},\"potentialAction\":[{\"@type\":\"SearchAction\",\"target\":{\"@type\":\"EntryPoint\",\"urlTemplate\":\"https:\\\/\\\/redenoticiaz.com.br\\\/litoralsp\\\/?s={search_term_string}\"},\"query-input\":{\"@type\":\"PropertyValueSpecification\",\"valueRequired\":true,\"valueName\":\"search_term_string\"}}],\"inLanguage\":\"pt-BR\"},{\"@type\":\"Organization\",\"@id\":\"https:\\\/\\\/redenoticiaz.com.br\\\/litoralsp\\\/#organization\",\"name\":\"Litoral SP\",\"url\":\"https:\\\/\\\/redenoticiaz.com.br\\\/litoralsp\\\/\",\"logo\":{\"@type\":\"ImageObject\",\"inLanguage\":\"pt-BR\",\"@id\":\"https:\\\/\\\/redenoticiaz.com.br\\\/litoralsp\\\/#\\\/schema\\\/logo\\\/image\\\/\",\"url\":\"https:\\\/\\\/redenoticiaz.com.br\\\/litoralsp\\\/wp-content\\\/uploads\\\/sites\\\/3\\\/2020\\\/11\\\/logo.jpg\",\"contentUrl\":\"https:\\\/\\\/redenoticiaz.com.br\\\/litoralsp\\\/wp-content\\\/uploads\\\/sites\\\/3\\\/2020\\\/11\\\/logo.jpg\",\"width\":400,\"height\":250,\"caption\":\"Litoral SP\"},\"image\":{\"@id\":\"https:\\\/\\\/redenoticiaz.com.br\\\/litoralsp\\\/#\\\/schema\\\/logo\\\/image\\\/\"}},{\"@type\":\"Person\",\"@id\":\"https:\\\/\\\/redenoticiaz.com.br\\\/litoralsp\\\/#\\\/schema\\\/person\\\/0f0b8a5bdafefe82841e07ae8d81ecb3\",\"name\":\"Leonardo Francisco\",\"image\":{\"@type\":\"ImageObject\",\"inLanguage\":\"pt-BR\",\"@id\":\"https:\\\/\\\/secure.gravatar.com\\\/avatar\\\/a7358cb406a99b682ec6df1e77e31ae82e63601f6784e8a3df411d72b37864da?s=96&d=mm&r=g\",\"url\":\"https:\\\/\\\/secure.gravatar.com\\\/avatar\\\/a7358cb406a99b682ec6df1e77e31ae82e63601f6784e8a3df411d72b37864da?s=96&d=mm&r=g\",\"contentUrl\":\"https:\\\/\\\/secure.gravatar.com\\\/avatar\\\/a7358cb406a99b682ec6df1e77e31ae82e63601f6784e8a3df411d72b37864da?s=96&d=mm&r=g\",\"caption\":\"Leonardo Francisco\"},\"url\":\"https:\\\/\\\/redenoticiaz.com.br\\\/litoralsp\\\/author\\\/leonardo-francisco\"}]}<\/script>\n<!-- \/ Yoast SEO plugin. -->","yoast_head_json":{"title":"Luto: Mundo chega a 5 milh\u00f5es de mortes por Covid-19 - Litoral SP","description":"Familiares e amigos choram e est\u00e3o de luto devido as mortes por Covid-19 que surgiram desde janeiro de 2020, quando o primeiro","robots":{"index":"index","follow":"follow","max-snippet":"max-snippet:-1","max-image-preview":"max-image-preview:large","max-video-preview":"max-video-preview:-1"},"canonical":"https:\/\/redenoticiaz.com.br\/litoralsp\/2021\/11\/01\/luto-mundo-chega-a-5-milhoes-de-mortes-por-covid-19","og_locale":"pt_BR","og_type":"article","og_title":"Luto: Mundo chega a 5 milh\u00f5es de mortes por Covid-19 - Litoral SP","og_description":"Familiares e amigos choram e est\u00e3o de luto devido as mortes por Covid-19 que surgiram desde janeiro de 2020, quando o primeiro","og_url":"https:\/\/redenoticiaz.com.br\/litoralsp\/2021\/11\/01\/luto-mundo-chega-a-5-milhoes-de-mortes-por-covid-19","og_site_name":"Litoral SP","article_published_time":"2021-11-01T18:29:08+00:00","article_modified_time":"2021-11-01T18:33:06+00:00","og_image":[{"width":1008,"height":631,"url":"https:\/\/redenoticiaz.com.br\/litoralsp\/wp-content\/uploads\/sites\/3\/2021\/11\/luto.jpg","type":"image\/jpeg"}],"author":"Leonardo Francisco","twitter_card":"summary_large_image","twitter_misc":{"Escrito por":"Leonardo Francisco","Est. tempo de leitura":"3 minutos"},"schema":{"@context":"https:\/\/schema.org","@graph":[{"@type":"Article","@id":"https:\/\/redenoticiaz.com.br\/litoralsp\/2021\/11\/01\/luto-mundo-chega-a-5-milhoes-de-mortes-por-covid-19#article","isPartOf":{"@id":"https:\/\/redenoticiaz.com.br\/litoralsp\/2021\/11\/01\/luto-mundo-chega-a-5-milhoes-de-mortes-por-covid-19"},"author":{"name":"Leonardo Francisco","@id":"https:\/\/redenoticiaz.com.br\/litoralsp\/#\/schema\/person\/0f0b8a5bdafefe82841e07ae8d81ecb3"},"headline":"Luto: Mundo chega a 5 milh\u00f5es de mortes por Covid-19","datePublished":"2021-11-01T18:29:08+00:00","dateModified":"2021-11-01T18:33:06+00:00","mainEntityOfPage":{"@id":"https:\/\/redenoticiaz.com.br\/litoralsp\/2021\/11\/01\/luto-mundo-chega-a-5-milhoes-de-mortes-por-covid-19"},"wordCount":593,"commentCount":0,"publisher":{"@id":"https:\/\/redenoticiaz.com.br\/litoralsp\/#organization"},"image":{"@id":"https:\/\/redenoticiaz.com.br\/litoralsp\/2021\/11\/01\/luto-mundo-chega-a-5-milhoes-de-mortes-por-covid-19#primaryimage"},"thumbnailUrl":"https:\/\/redenoticiaz.com.br\/litoralsp\/wp-content\/uploads\/sites\/3\/2021\/11\/luto.jpg","keywords":["5 MILH\u00d5ES DE MORTES","MORTES POR COVID-19","mundo","OMS","saude","VARIANTES DO CORORNAV\u00cdRUS"],"articleSection":["Mundo","Sa\u00fade"],"inLanguage":"pt-BR","potentialAction":[{"@type":"CommentAction","name":"Comment","target":["https:\/\/redenoticiaz.com.br\/litoralsp\/2021\/11\/01\/luto-mundo-chega-a-5-milhoes-de-mortes-por-covid-19#respond"]}]},{"@type":"WebPage","@id":"https:\/\/redenoticiaz.com.br\/litoralsp\/2021\/11\/01\/luto-mundo-chega-a-5-milhoes-de-mortes-por-covid-19","url":"https:\/\/redenoticiaz.com.br\/litoralsp\/2021\/11\/01\/luto-mundo-chega-a-5-milhoes-de-mortes-por-covid-19","name":"Luto: Mundo chega a 5 milh\u00f5es de mortes por Covid-19 - Litoral SP","isPartOf":{"@id":"https:\/\/redenoticiaz.com.br\/litoralsp\/#website"},"primaryImageOfPage":{"@id":"https:\/\/redenoticiaz.com.br\/litoralsp\/2021\/11\/01\/luto-mundo-chega-a-5-milhoes-de-mortes-por-covid-19#primaryimage"},"image":{"@id":"https:\/\/redenoticiaz.com.br\/litoralsp\/2021\/11\/01\/luto-mundo-chega-a-5-milhoes-de-mortes-por-covid-19#primaryimage"},"thumbnailUrl":"https:\/\/redenoticiaz.com.br\/litoralsp\/wp-content\/uploads\/sites\/3\/2021\/11\/luto.jpg","datePublished":"2021-11-01T18:29:08+00:00","dateModified":"2021-11-01T18:33:06+00:00","description":"Familiares e amigos choram e est\u00e3o de luto devido as mortes por Covid-19 que surgiram desde janeiro de 2020, quando o primeiro","inLanguage":"pt-BR","potentialAction":[{"@type":"ReadAction","target":["https:\/\/redenoticiaz.com.br\/litoralsp\/2021\/11\/01\/luto-mundo-chega-a-5-milhoes-de-mortes-por-covid-19"]}]},{"@type":"ImageObject","inLanguage":"pt-BR","@id":"https:\/\/redenoticiaz.com.br\/litoralsp\/2021\/11\/01\/luto-mundo-chega-a-5-milhoes-de-mortes-por-covid-19#primaryimage","url":"https:\/\/redenoticiaz.com.br\/litoralsp\/wp-content\/uploads\/sites\/3\/2021\/11\/luto.jpg","contentUrl":"https:\/\/redenoticiaz.com.br\/litoralsp\/wp-content\/uploads\/sites\/3\/2021\/11\/luto.jpg","width":1008,"height":631,"caption":"Cr\u00e9ditos: Agence Press"},{"@type":"WebSite","@id":"https:\/\/redenoticiaz.com.br\/litoralsp\/#website","url":"https:\/\/redenoticiaz.com.br\/litoralsp\/","name":"Litoral SP","description":"Rede NoticiaZ","publisher":{"@id":"https:\/\/redenoticiaz.com.br\/litoralsp\/#organization"},"potentialAction":[{"@type":"SearchAction","target":{"@type":"EntryPoint","urlTemplate":"https:\/\/redenoticiaz.com.br\/litoralsp\/?s={search_term_string}"},"query-input":{"@type":"PropertyValueSpecification","valueRequired":true,"valueName":"search_term_string"}}],"inLanguage":"pt-BR"},{"@type":"Organization","@id":"https:\/\/redenoticiaz.com.br\/litoralsp\/#organization","name":"Litoral SP","url":"https:\/\/redenoticiaz.com.br\/litoralsp\/","logo":{"@type":"ImageObject","inLanguage":"pt-BR","@id":"https:\/\/redenoticiaz.com.br\/litoralsp\/#\/schema\/logo\/image\/","url":"https:\/\/redenoticiaz.com.br\/litoralsp\/wp-content\/uploads\/sites\/3\/2020\/11\/logo.jpg","contentUrl":"https:\/\/redenoticiaz.com.br\/litoralsp\/wp-content\/uploads\/sites\/3\/2020\/11\/logo.jpg","width":400,"height":250,"caption":"Litoral SP"},"image":{"@id":"https:\/\/redenoticiaz.com.br\/litoralsp\/#\/schema\/logo\/image\/"}},{"@type":"Person","@id":"https:\/\/redenoticiaz.com.br\/litoralsp\/#\/schema\/person\/0f0b8a5bdafefe82841e07ae8d81ecb3","name":"Leonardo Francisco","image":{"@type":"ImageObject","inLanguage":"pt-BR","@id":"https:\/\/secure.gravatar.com\/avatar\/a7358cb406a99b682ec6df1e77e31ae82e63601f6784e8a3df411d72b37864da?s=96&d=mm&r=g","url":"https:\/\/secure.gravatar.com\/avatar\/a7358cb406a99b682ec6df1e77e31ae82e63601f6784e8a3df411d72b37864da?s=96&d=mm&r=g","contentUrl":"https:\/\/secure.gravatar.com\/avatar\/a7358cb406a99b682ec6df1e77e31ae82e63601f6784e8a3df411d72b37864da?s=96&d=mm&r=g","caption":"Leonardo Francisco"},"url":"https:\/\/redenoticiaz.com.br\/litoralsp\/author\/leonardo-francisco"}]}},"_links":{"self":[{"href":"https:\/\/redenoticiaz.com.br\/litoralsp\/wp-json\/wp\/v2\/posts\/17501","targetHints":{"allow":["GET"]}}],"collection":[{"href":"https:\/\/redenoticiaz.com.br\/litoralsp\/wp-json\/wp\/v2\/posts"}],"about":[{"href":"https:\/\/redenoticiaz.com.br\/litoralsp\/wp-json\/wp\/v2\/types\/post"}],"author":[{"embeddable":true,"href":"https:\/\/redenoticiaz.com.br\/litoralsp\/wp-json\/wp\/v2\/users\/6"}],"replies":[{"embeddable":true,"href":"https:\/\/redenoticiaz.com.br\/litoralsp\/wp-json\/wp\/v2\/comments?post=17501"}],"version-history":[{"count":1,"href":"https:\/\/redenoticiaz.com.br\/litoralsp\/wp-json\/wp\/v2\/posts\/17501\/revisions"}],"predecessor-version":[{"id":17503,"href":"https:\/\/redenoticiaz.com.br\/litoralsp\/wp-json\/wp\/v2\/posts\/17501\/revisions\/17503"}],"wp:featuredmedia":[{"embeddable":true,"href":"https:\/\/redenoticiaz.com.br\/litoralsp\/wp-json\/wp\/v2\/media\/17502"}],"wp:attachment":[{"href":"https:\/\/redenoticiaz.com.br\/litoralsp\/wp-json\/wp\/v2\/media?parent=17501"}],"wp:term":[{"taxonomy":"category","embeddable":true,"href":"https:\/\/redenoticiaz.com.br\/litoralsp\/wp-json\/wp\/v2\/categories?post=17501"},{"taxonomy":"post_tag","embeddable":true,"href":"https:\/\/redenoticiaz.com.br\/litoralsp\/wp-json\/wp\/v2\/tags?post=17501"}],"curies":[{"name":"wp","href":"https:\/\/api.w.org\/{rel}","templated":true}]}}