{"id":17504,"date":"2021-11-01T16:27:10","date_gmt":"2021-11-01T19:27:10","guid":{"rendered":"https:\/\/redenoticiaz.com.br\/litoralsp\/?p=17504"},"modified":"2021-11-01T16:27:25","modified_gmt":"2021-11-01T19:27:25","slug":"chuva-e-vento-provocam-quedas-de-14-arvores-em-ilhabela","status":"publish","type":"post","link":"https:\/\/redenoticiaz.com.br\/litoralsp\/2021\/11\/01\/chuva-e-vento-provocam-quedas-de-14-arvores-em-ilhabela","title":{"rendered":"Chuva e vento provocam quedas de 14 \u00e1rvores em Ilhabela"},"content":{"rendered":"<p>As chuvas acompanhadas de ventos fortes provocaram grandes transtornos em <a href=\"https:\/\/www.ilhabela.com.br\/\">Ilhabela<\/a>. De acordo com a Defesa Civil, foram <strong>14 \u00e1rvores que ca\u00edram<\/strong> em v\u00e1rios pontos da cidade.<\/p>\n<figure id=\"attachment_17506\" aria-describedby=\"caption-attachment-17506\" style=\"width: 300px\" class=\"wp-caption alignleft\"><img loading=\"lazy\" decoding=\"async\" class=\"size-medium wp-image-17506\" src=\"https:\/\/redenoticiaz.com.br\/litoralsp\/wp-content\/uploads\/sites\/3\/2021\/11\/arvore3-300x183.jpg\" alt=\"\" width=\"300\" height=\"183\" srcset=\"https:\/\/redenoticiaz.com.br\/litoralsp\/wp-content\/uploads\/sites\/3\/2021\/11\/arvore3-300x183.jpg 300w, https:\/\/redenoticiaz.com.br\/litoralsp\/wp-content\/uploads\/sites\/3\/2021\/11\/arvore3-768x469.jpg 768w, https:\/\/redenoticiaz.com.br\/litoralsp\/wp-content\/uploads\/sites\/3\/2021\/11\/arvore3.jpg 984w\" sizes=\"auto, (max-width: 300px) 100vw, 300px\" \/><figcaption id=\"caption-attachment-17506\" class=\"wp-caption-text\">Cr\u00e9ditos: Divulga\u00e7\u00e3o\/Defesa Civil de Ilhabela<\/figcaption><\/figure>\n<p>Desde s\u00e1bado (30) \u00e9 que as ocorr\u00eancias vem acontecendo e o \u00f3rg\u00e3o informou que houve onze quedas de \u00e1rvores no bairro Engenho D\u2019\u00e1gua, duas quedas no bairro Bexiga e uma ocorr\u00eancia de queda de \u00e1rvore no bairro Reino. As \u00e1rvores ca\u00edram em cima da fia\u00e7\u00e3o de energia, nas ruas e em algumas resid\u00eancias, mas ningu\u00e9m ficou ferido.<\/p>\n<div class=\"wall protected-content\">\n<div class=\"mc-column content-text active-extra-styles \" data-block-type=\"unstyled\" data-block-weight=\"43\" data-block-id=\"4\">\n<p class=\"content-text__container \" data-track-category=\"Link no Texto\" data-track-links=\"\">Ainda de acordo com a Defesa Civil, durante todo o m\u00eas de outubro choveu 101,7 mil\u00edmetros na cidade. S\u00f3 nas \u00faltimas 24 horas, foram 38,5 mil\u00edmetros de chuva registrados na Ilha, mais de um ter\u00e7o do volume de chuva do m\u00eas todo.<\/p>\n<\/div>\n<div class=\"mc-column content-text active-extra-styles \" data-block-type=\"unstyled\" data-block-weight=\"32\" data-block-id=\"5\">\n<p class=\"content-text__container \" data-track-category=\"Link no Texto\" data-track-links=\"\">A previs\u00e3o \u00e9 que continue chovendo no arquip\u00e9lago at\u00e9 quarta-feira (3). Em casos de emerg\u00eancia, como quedas de \u00e1rvores, deslizamentos ou alagamentos, os moradores podem acionar a Defesa Civil pelo telefone 199.<\/p>\n<p data-track-category=\"Link no Texto\" data-track-links=\"\"><strong>LEIA TAMB\u00c9M<\/strong><\/p>\n<p data-track-category=\"Link no Texto\" data-track-links=\"\"><a href=\"https:\/\/redenoticiaz.com.br\/litoralsp\/2021\/10\/30\/cupula-do-g20-aborda-mudanca-climatica-covid-19-e-impostos\">C\u00fapula do G20 aborda mudan\u00e7a clim\u00e1tica, Covid-19 e impostos<\/a><\/p>\n<\/div>\n<\/div>\n","protected":false},"excerpt":{"rendered":"<p>As chuvas acompanhadas de ventos fortes provocaram grandes transtornos em Ilhabela. De acordo com a Defesa Civil, foram 14 \u00e1rvores que ca\u00edram em v\u00e1rios pontos da cidade. Desde s\u00e1bado (30) \u00e9 que as ocorr\u00eancias vem acontecendo e o \u00f3rg\u00e3o informou que houve onze quedas de \u00e1rvores no bairro Engenho D\u2019\u00e1gua, duas quedas no bairro Bexiga &hellip;<\/p>\n","protected":false},"author":6,"featured_media":17505,"comment_status":"open","ping_status":"closed","sticky":false,"template":"","format":"standard","meta":{"footnotes":""},"categories":[26798,3411],"tags":[40134,1149,11633,1151,3999,1150],"class_list":["post-17504","post","type-post","status-publish","format-standard","has-post-thumbnail","hentry","category-climatologia","category-ilhabela","tag-arvores-caida","tag-chuvas","tag-climatologia","tag-defesa-civil","tag-ilhabela","tag-ventos-fortes"],"yoast_head":"<!-- This site is optimized with the Yoast SEO plugin v27.5 - https:\/\/yoast.com\/product\/yoast-seo-wordpress\/ -->\n<title>Chuva e vento provocam quedas de 14 \u00e1rvores em Ilhabela - Litoral SP<\/title>\n<meta name=\"description\" content=\"acompanhadas de ventos fortes provocaram grandes transtornos em Ilhabela. De acordo com a Defesa Civil, foram 14 \u00e1rvores que\" \/>\n<meta name=\"robots\" content=\"index, follow, max-snippet:-1, max-image-preview:large, max-video-preview:-1\" \/>\n<link rel=\"canonical\" href=\"https:\/\/redenoticiaz.com.br\/litoralsp\/2021\/11\/01\/chuva-e-vento-provocam-quedas-de-14-arvores-em-ilhabela\" \/>\n<meta property=\"og:locale\" content=\"pt_BR\" \/>\n<meta property=\"og:type\" content=\"article\" \/>\n<meta property=\"og:title\" content=\"Chuva e vento provocam quedas de 14 \u00e1rvores em Ilhabela - Litoral SP\" \/>\n<meta property=\"og:description\" content=\"acompanhadas de ventos fortes provocaram grandes transtornos em Ilhabela. De acordo com a Defesa Civil, foram 14 \u00e1rvores que\" \/>\n<meta property=\"og:url\" content=\"https:\/\/redenoticiaz.com.br\/litoralsp\/2021\/11\/01\/chuva-e-vento-provocam-quedas-de-14-arvores-em-ilhabela\" \/>\n<meta property=\"og:site_name\" content=\"Litoral SP\" \/>\n<meta property=\"article:published_time\" content=\"2021-11-01T19:27:10+00:00\" \/>\n<meta property=\"article:modified_time\" content=\"2021-11-01T19:27:25+00:00\" \/>\n<meta property=\"og:image\" content=\"https:\/\/redenoticiaz.com.br\/litoralsp\/wp-content\/uploads\/sites\/3\/2021\/11\/arvore2.jpg\" \/>\n\t<meta property=\"og:image:width\" content=\"984\" \/>\n\t<meta property=\"og:image:height\" content=\"630\" \/>\n\t<meta property=\"og:image:type\" content=\"image\/jpeg\" \/>\n<meta name=\"author\" content=\"Leonardo Francisco\" \/>\n<meta name=\"twitter:card\" content=\"summary_large_image\" \/>\n<meta name=\"twitter:label1\" content=\"Escrito por\" \/>\n\t<meta name=\"twitter:data1\" content=\"Leonardo Francisco\" \/>\n\t<meta name=\"twitter:label2\" content=\"Est. tempo de leitura\" \/>\n\t<meta name=\"twitter:data2\" content=\"1 minuto\" \/>\n<script type=\"application\/ld+json\" class=\"yoast-schema-graph\">{\"@context\":\"https:\\\/\\\/schema.org\",\"@graph\":[{\"@type\":\"Article\",\"@id\":\"https:\\\/\\\/redenoticiaz.com.br\\\/litoralsp\\\/2021\\\/11\\\/01\\\/chuva-e-vento-provocam-quedas-de-14-arvores-em-ilhabela#article\",\"isPartOf\":{\"@id\":\"https:\\\/\\\/redenoticiaz.com.br\\\/litoralsp\\\/2021\\\/11\\\/01\\\/chuva-e-vento-provocam-quedas-de-14-arvores-em-ilhabela\"},\"author\":{\"name\":\"Leonardo Francisco\",\"@id\":\"https:\\\/\\\/redenoticiaz.com.br\\\/litoralsp\\\/#\\\/schema\\\/person\\\/0f0b8a5bdafefe82841e07ae8d81ecb3\"},\"headline\":\"Chuva e vento provocam quedas de 14 \u00e1rvores em Ilhabela\",\"datePublished\":\"2021-11-01T19:27:10+00:00\",\"dateModified\":\"2021-11-01T19:27:25+00:00\",\"mainEntityOfPage\":{\"@id\":\"https:\\\/\\\/redenoticiaz.com.br\\\/litoralsp\\\/2021\\\/11\\\/01\\\/chuva-e-vento-provocam-quedas-de-14-arvores-em-ilhabela\"},\"wordCount\":207,\"commentCount\":0,\"publisher\":{\"@id\":\"https:\\\/\\\/redenoticiaz.com.br\\\/litoralsp\\\/#organization\"},\"image\":{\"@id\":\"https:\\\/\\\/redenoticiaz.com.br\\\/litoralsp\\\/2021\\\/11\\\/01\\\/chuva-e-vento-provocam-quedas-de-14-arvores-em-ilhabela#primaryimage\"},\"thumbnailUrl\":\"https:\\\/\\\/redenoticiaz.com.br\\\/litoralsp\\\/wp-content\\\/uploads\\\/sites\\\/3\\\/2021\\\/11\\\/arvore2.jpg\",\"keywords\":[\"\u00c1RVORES CA\u00cdDA\",\"Chuvas\",\"CLIMATOLOGIA\",\"DEFESA CIVIL\",\"ILHABELA\",\"VENTOS FORTES\"],\"articleSection\":[\"Climatologia\",\"IlhaBela\"],\"inLanguage\":\"pt-BR\",\"potentialAction\":[{\"@type\":\"CommentAction\",\"name\":\"Comment\",\"target\":[\"https:\\\/\\\/redenoticiaz.com.br\\\/litoralsp\\\/2021\\\/11\\\/01\\\/chuva-e-vento-provocam-quedas-de-14-arvores-em-ilhabela#respond\"]}]},{\"@type\":\"WebPage\",\"@id\":\"https:\\\/\\\/redenoticiaz.com.br\\\/litoralsp\\\/2021\\\/11\\\/01\\\/chuva-e-vento-provocam-quedas-de-14-arvores-em-ilhabela\",\"url\":\"https:\\\/\\\/redenoticiaz.com.br\\\/litoralsp\\\/2021\\\/11\\\/01\\\/chuva-e-vento-provocam-quedas-de-14-arvores-em-ilhabela\",\"name\":\"Chuva e vento provocam quedas de 14 \u00e1rvores em Ilhabela - Litoral SP\",\"isPartOf\":{\"@id\":\"https:\\\/\\\/redenoticiaz.com.br\\\/litoralsp\\\/#website\"},\"primaryImageOfPage\":{\"@id\":\"https:\\\/\\\/redenoticiaz.com.br\\\/litoralsp\\\/2021\\\/11\\\/01\\\/chuva-e-vento-provocam-quedas-de-14-arvores-em-ilhabela#primaryimage\"},\"image\":{\"@id\":\"https:\\\/\\\/redenoticiaz.com.br\\\/litoralsp\\\/2021\\\/11\\\/01\\\/chuva-e-vento-provocam-quedas-de-14-arvores-em-ilhabela#primaryimage\"},\"thumbnailUrl\":\"https:\\\/\\\/redenoticiaz.com.br\\\/litoralsp\\\/wp-content\\\/uploads\\\/sites\\\/3\\\/2021\\\/11\\\/arvore2.jpg\",\"datePublished\":\"2021-11-01T19:27:10+00:00\",\"dateModified\":\"2021-11-01T19:27:25+00:00\",\"description\":\"acompanhadas de ventos fortes provocaram grandes transtornos em Ilhabela. De acordo com a Defesa Civil, foram 14 \u00e1rvores que\",\"inLanguage\":\"pt-BR\",\"potentialAction\":[{\"@type\":\"ReadAction\",\"target\":[\"https:\\\/\\\/redenoticiaz.com.br\\\/litoralsp\\\/2021\\\/11\\\/01\\\/chuva-e-vento-provocam-quedas-de-14-arvores-em-ilhabela\"]}]},{\"@type\":\"ImageObject\",\"inLanguage\":\"pt-BR\",\"@id\":\"https:\\\/\\\/redenoticiaz.com.br\\\/litoralsp\\\/2021\\\/11\\\/01\\\/chuva-e-vento-provocam-quedas-de-14-arvores-em-ilhabela#primaryimage\",\"url\":\"https:\\\/\\\/redenoticiaz.com.br\\\/litoralsp\\\/wp-content\\\/uploads\\\/sites\\\/3\\\/2021\\\/11\\\/arvore2.jpg\",\"contentUrl\":\"https:\\\/\\\/redenoticiaz.com.br\\\/litoralsp\\\/wp-content\\\/uploads\\\/sites\\\/3\\\/2021\\\/11\\\/arvore2.jpg\",\"width\":984,\"height\":630,\"caption\":\"Cr\u00e9ditos: divulga\u00e7\u00e3o\\\/Prefeitura de Ilhabela\"},{\"@type\":\"WebSite\",\"@id\":\"https:\\\/\\\/redenoticiaz.com.br\\\/litoralsp\\\/#website\",\"url\":\"https:\\\/\\\/redenoticiaz.com.br\\\/litoralsp\\\/\",\"name\":\"Litoral SP\",\"description\":\"Rede NoticiaZ\",\"publisher\":{\"@id\":\"https:\\\/\\\/redenoticiaz.com.br\\\/litoralsp\\\/#organization\"},\"potentialAction\":[{\"@type\":\"SearchAction\",\"target\":{\"@type\":\"EntryPoint\",\"urlTemplate\":\"https:\\\/\\\/redenoticiaz.com.br\\\/litoralsp\\\/?s={search_term_string}\"},\"query-input\":{\"@type\":\"PropertyValueSpecification\",\"valueRequired\":true,\"valueName\":\"search_term_string\"}}],\"inLanguage\":\"pt-BR\"},{\"@type\":\"Organization\",\"@id\":\"https:\\\/\\\/redenoticiaz.com.br\\\/litoralsp\\\/#organization\",\"name\":\"Litoral SP\",\"url\":\"https:\\\/\\\/redenoticiaz.com.br\\\/litoralsp\\\/\",\"logo\":{\"@type\":\"ImageObject\",\"inLanguage\":\"pt-BR\",\"@id\":\"https:\\\/\\\/redenoticiaz.com.br\\\/litoralsp\\\/#\\\/schema\\\/logo\\\/image\\\/\",\"url\":\"https:\\\/\\\/redenoticiaz.com.br\\\/litoralsp\\\/wp-content\\\/uploads\\\/sites\\\/3\\\/2020\\\/11\\\/logo.jpg\",\"contentUrl\":\"https:\\\/\\\/redenoticiaz.com.br\\\/litoralsp\\\/wp-content\\\/uploads\\\/sites\\\/3\\\/2020\\\/11\\\/logo.jpg\",\"width\":400,\"height\":250,\"caption\":\"Litoral SP\"},\"image\":{\"@id\":\"https:\\\/\\\/redenoticiaz.com.br\\\/litoralsp\\\/#\\\/schema\\\/logo\\\/image\\\/\"}},{\"@type\":\"Person\",\"@id\":\"https:\\\/\\\/redenoticiaz.com.br\\\/litoralsp\\\/#\\\/schema\\\/person\\\/0f0b8a5bdafefe82841e07ae8d81ecb3\",\"name\":\"Leonardo Francisco\",\"image\":{\"@type\":\"ImageObject\",\"inLanguage\":\"pt-BR\",\"@id\":\"https:\\\/\\\/secure.gravatar.com\\\/avatar\\\/a7358cb406a99b682ec6df1e77e31ae82e63601f6784e8a3df411d72b37864da?s=96&d=mm&r=g\",\"url\":\"https:\\\/\\\/secure.gravatar.com\\\/avatar\\\/a7358cb406a99b682ec6df1e77e31ae82e63601f6784e8a3df411d72b37864da?s=96&d=mm&r=g\",\"contentUrl\":\"https:\\\/\\\/secure.gravatar.com\\\/avatar\\\/a7358cb406a99b682ec6df1e77e31ae82e63601f6784e8a3df411d72b37864da?s=96&d=mm&r=g\",\"caption\":\"Leonardo Francisco\"},\"url\":\"https:\\\/\\\/redenoticiaz.com.br\\\/litoralsp\\\/author\\\/leonardo-francisco\"}]}<\/script>\n<!-- \/ Yoast SEO plugin. -->","yoast_head_json":{"title":"Chuva e vento provocam quedas de 14 \u00e1rvores em Ilhabela - Litoral SP","description":"acompanhadas de ventos fortes provocaram grandes transtornos em Ilhabela. De acordo com a Defesa Civil, foram 14 \u00e1rvores que","robots":{"index":"index","follow":"follow","max-snippet":"max-snippet:-1","max-image-preview":"max-image-preview:large","max-video-preview":"max-video-preview:-1"},"canonical":"https:\/\/redenoticiaz.com.br\/litoralsp\/2021\/11\/01\/chuva-e-vento-provocam-quedas-de-14-arvores-em-ilhabela","og_locale":"pt_BR","og_type":"article","og_title":"Chuva e vento provocam quedas de 14 \u00e1rvores em Ilhabela - Litoral SP","og_description":"acompanhadas de ventos fortes provocaram grandes transtornos em Ilhabela. De acordo com a Defesa Civil, foram 14 \u00e1rvores que","og_url":"https:\/\/redenoticiaz.com.br\/litoralsp\/2021\/11\/01\/chuva-e-vento-provocam-quedas-de-14-arvores-em-ilhabela","og_site_name":"Litoral SP","article_published_time":"2021-11-01T19:27:10+00:00","article_modified_time":"2021-11-01T19:27:25+00:00","og_image":[{"width":984,"height":630,"url":"https:\/\/redenoticiaz.com.br\/litoralsp\/wp-content\/uploads\/sites\/3\/2021\/11\/arvore2.jpg","type":"image\/jpeg"}],"author":"Leonardo Francisco","twitter_card":"summary_large_image","twitter_misc":{"Escrito por":"Leonardo Francisco","Est. tempo de leitura":"1 minuto"},"schema":{"@context":"https:\/\/schema.org","@graph":[{"@type":"Article","@id":"https:\/\/redenoticiaz.com.br\/litoralsp\/2021\/11\/01\/chuva-e-vento-provocam-quedas-de-14-arvores-em-ilhabela#article","isPartOf":{"@id":"https:\/\/redenoticiaz.com.br\/litoralsp\/2021\/11\/01\/chuva-e-vento-provocam-quedas-de-14-arvores-em-ilhabela"},"author":{"name":"Leonardo Francisco","@id":"https:\/\/redenoticiaz.com.br\/litoralsp\/#\/schema\/person\/0f0b8a5bdafefe82841e07ae8d81ecb3"},"headline":"Chuva e vento provocam quedas de 14 \u00e1rvores em Ilhabela","datePublished":"2021-11-01T19:27:10+00:00","dateModified":"2021-11-01T19:27:25+00:00","mainEntityOfPage":{"@id":"https:\/\/redenoticiaz.com.br\/litoralsp\/2021\/11\/01\/chuva-e-vento-provocam-quedas-de-14-arvores-em-ilhabela"},"wordCount":207,"commentCount":0,"publisher":{"@id":"https:\/\/redenoticiaz.com.br\/litoralsp\/#organization"},"image":{"@id":"https:\/\/redenoticiaz.com.br\/litoralsp\/2021\/11\/01\/chuva-e-vento-provocam-quedas-de-14-arvores-em-ilhabela#primaryimage"},"thumbnailUrl":"https:\/\/redenoticiaz.com.br\/litoralsp\/wp-content\/uploads\/sites\/3\/2021\/11\/arvore2.jpg","keywords":["\u00c1RVORES CA\u00cdDA","Chuvas","CLIMATOLOGIA","DEFESA CIVIL","ILHABELA","VENTOS FORTES"],"articleSection":["Climatologia","IlhaBela"],"inLanguage":"pt-BR","potentialAction":[{"@type":"CommentAction","name":"Comment","target":["https:\/\/redenoticiaz.com.br\/litoralsp\/2021\/11\/01\/chuva-e-vento-provocam-quedas-de-14-arvores-em-ilhabela#respond"]}]},{"@type":"WebPage","@id":"https:\/\/redenoticiaz.com.br\/litoralsp\/2021\/11\/01\/chuva-e-vento-provocam-quedas-de-14-arvores-em-ilhabela","url":"https:\/\/redenoticiaz.com.br\/litoralsp\/2021\/11\/01\/chuva-e-vento-provocam-quedas-de-14-arvores-em-ilhabela","name":"Chuva e vento provocam quedas de 14 \u00e1rvores em Ilhabela - Litoral SP","isPartOf":{"@id":"https:\/\/redenoticiaz.com.br\/litoralsp\/#website"},"primaryImageOfPage":{"@id":"https:\/\/redenoticiaz.com.br\/litoralsp\/2021\/11\/01\/chuva-e-vento-provocam-quedas-de-14-arvores-em-ilhabela#primaryimage"},"image":{"@id":"https:\/\/redenoticiaz.com.br\/litoralsp\/2021\/11\/01\/chuva-e-vento-provocam-quedas-de-14-arvores-em-ilhabela#primaryimage"},"thumbnailUrl":"https:\/\/redenoticiaz.com.br\/litoralsp\/wp-content\/uploads\/sites\/3\/2021\/11\/arvore2.jpg","datePublished":"2021-11-01T19:27:10+00:00","dateModified":"2021-11-01T19:27:25+00:00","description":"acompanhadas de ventos fortes provocaram grandes transtornos em Ilhabela. De acordo com a Defesa Civil, foram 14 \u00e1rvores que","inLanguage":"pt-BR","potentialAction":[{"@type":"ReadAction","target":["https:\/\/redenoticiaz.com.br\/litoralsp\/2021\/11\/01\/chuva-e-vento-provocam-quedas-de-14-arvores-em-ilhabela"]}]},{"@type":"ImageObject","inLanguage":"pt-BR","@id":"https:\/\/redenoticiaz.com.br\/litoralsp\/2021\/11\/01\/chuva-e-vento-provocam-quedas-de-14-arvores-em-ilhabela#primaryimage","url":"https:\/\/redenoticiaz.com.br\/litoralsp\/wp-content\/uploads\/sites\/3\/2021\/11\/arvore2.jpg","contentUrl":"https:\/\/redenoticiaz.com.br\/litoralsp\/wp-content\/uploads\/sites\/3\/2021\/11\/arvore2.jpg","width":984,"height":630,"caption":"Cr\u00e9ditos: divulga\u00e7\u00e3o\/Prefeitura de Ilhabela"},{"@type":"WebSite","@id":"https:\/\/redenoticiaz.com.br\/litoralsp\/#website","url":"https:\/\/redenoticiaz.com.br\/litoralsp\/","name":"Litoral SP","description":"Rede NoticiaZ","publisher":{"@id":"https:\/\/redenoticiaz.com.br\/litoralsp\/#organization"},"potentialAction":[{"@type":"SearchAction","target":{"@type":"EntryPoint","urlTemplate":"https:\/\/redenoticiaz.com.br\/litoralsp\/?s={search_term_string}"},"query-input":{"@type":"PropertyValueSpecification","valueRequired":true,"valueName":"search_term_string"}}],"inLanguage":"pt-BR"},{"@type":"Organization","@id":"https:\/\/redenoticiaz.com.br\/litoralsp\/#organization","name":"Litoral SP","url":"https:\/\/redenoticiaz.com.br\/litoralsp\/","logo":{"@type":"ImageObject","inLanguage":"pt-BR","@id":"https:\/\/redenoticiaz.com.br\/litoralsp\/#\/schema\/logo\/image\/","url":"https:\/\/redenoticiaz.com.br\/litoralsp\/wp-content\/uploads\/sites\/3\/2020\/11\/logo.jpg","contentUrl":"https:\/\/redenoticiaz.com.br\/litoralsp\/wp-content\/uploads\/sites\/3\/2020\/11\/logo.jpg","width":400,"height":250,"caption":"Litoral SP"},"image":{"@id":"https:\/\/redenoticiaz.com.br\/litoralsp\/#\/schema\/logo\/image\/"}},{"@type":"Person","@id":"https:\/\/redenoticiaz.com.br\/litoralsp\/#\/schema\/person\/0f0b8a5bdafefe82841e07ae8d81ecb3","name":"Leonardo Francisco","image":{"@type":"ImageObject","inLanguage":"pt-BR","@id":"https:\/\/secure.gravatar.com\/avatar\/a7358cb406a99b682ec6df1e77e31ae82e63601f6784e8a3df411d72b37864da?s=96&d=mm&r=g","url":"https:\/\/secure.gravatar.com\/avatar\/a7358cb406a99b682ec6df1e77e31ae82e63601f6784e8a3df411d72b37864da?s=96&d=mm&r=g","contentUrl":"https:\/\/secure.gravatar.com\/avatar\/a7358cb406a99b682ec6df1e77e31ae82e63601f6784e8a3df411d72b37864da?s=96&d=mm&r=g","caption":"Leonardo Francisco"},"url":"https:\/\/redenoticiaz.com.br\/litoralsp\/author\/leonardo-francisco"}]}},"_links":{"self":[{"href":"https:\/\/redenoticiaz.com.br\/litoralsp\/wp-json\/wp\/v2\/posts\/17504","targetHints":{"allow":["GET"]}}],"collection":[{"href":"https:\/\/redenoticiaz.com.br\/litoralsp\/wp-json\/wp\/v2\/posts"}],"about":[{"href":"https:\/\/redenoticiaz.com.br\/litoralsp\/wp-json\/wp\/v2\/types\/post"}],"author":[{"embeddable":true,"href":"https:\/\/redenoticiaz.com.br\/litoralsp\/wp-json\/wp\/v2\/users\/6"}],"replies":[{"embeddable":true,"href":"https:\/\/redenoticiaz.com.br\/litoralsp\/wp-json\/wp\/v2\/comments?post=17504"}],"version-history":[{"count":1,"href":"https:\/\/redenoticiaz.com.br\/litoralsp\/wp-json\/wp\/v2\/posts\/17504\/revisions"}],"predecessor-version":[{"id":17507,"href":"https:\/\/redenoticiaz.com.br\/litoralsp\/wp-json\/wp\/v2\/posts\/17504\/revisions\/17507"}],"wp:featuredmedia":[{"embeddable":true,"href":"https:\/\/redenoticiaz.com.br\/litoralsp\/wp-json\/wp\/v2\/media\/17505"}],"wp:attachment":[{"href":"https:\/\/redenoticiaz.com.br\/litoralsp\/wp-json\/wp\/v2\/media?parent=17504"}],"wp:term":[{"taxonomy":"category","embeddable":true,"href":"https:\/\/redenoticiaz.com.br\/litoralsp\/wp-json\/wp\/v2\/categories?post=17504"},{"taxonomy":"post_tag","embeddable":true,"href":"https:\/\/redenoticiaz.com.br\/litoralsp\/wp-json\/wp\/v2\/tags?post=17504"}],"curies":[{"name":"wp","href":"https:\/\/api.w.org\/{rel}","templated":true}]}}