{"id":17514,"date":"2021-11-01T17:38:30","date_gmt":"2021-11-01T20:38:30","guid":{"rendered":"https:\/\/redenoticiaz.com.br\/litoralsp\/2021\/11\/01\/adeus-ao-pianista-nelson-freire"},"modified":"2021-11-01T17:41:14","modified_gmt":"2021-11-01T20:41:14","slug":"adeus-ao-pianista-nelson-freire","status":"publish","type":"post","link":"https:\/\/redenoticiaz.com.br\/litoralsp\/2021\/11\/01\/adeus-ao-pianista-nelson-freire","title":{"rendered":"Adeus ao pianista Nelson Freire"},"content":{"rendered":"<div class=\"mc-column content-text active-extra-styles \" data-block-type=\"unstyled\" data-block-weight=\"24\" data-block-id=\"2\">\n<p class=\"content-text__container \" data-track-category=\"Link no Texto\" data-track-links=\"\">Um dos maiores pianistas do mundo, <strong>Nelson Freire<\/strong>, morreu no <a href=\"https:\/\/prefeitura.rio\/\">Rio de Janeiro<\/a> nesta segunda-feira (1\u00ba). Ele tinha 77 anos. O m\u00fasico estava em casa. As causas da morte ainda n\u00e3o foram reveladas. Nelson deixou vi\u00favo, o m\u00e9dico Miguel Ros\u00e1rio, e um irm\u00e3o.<\/p>\n<div class=\"mc-column content-text active-extra-styles \" data-block-type=\"unstyled\" data-block-weight=\"45\" data-block-id=\"10\">\n<p class=\"content-text__container \" data-track-category=\"Link no Texto\" data-track-links=\"\">Nelson Freire nasceu em Boa Esperan\u00e7a, Minas Gerais em 18 de outubro de 1944. Ele come\u00e7ou a tocar piano aos 3 anos de idade, vendo a irm\u00e3 estudar o instrumento. Dois anos depois, <span class=\"highlight highlighted\">ele fez seu primeiro recital<\/span>, no Teatro Municipal de S\u00e3o Jo\u00e3o Del Rei.<\/p>\n<\/div>\n<div class=\"mc-column content-text active-extra-styles \" data-block-type=\"unstyled\" data-block-weight=\"24\" data-block-id=\"11\">\n<p class=\"content-text__container \" data-track-category=\"Link no Texto\" data-track-links=\"\">Naquela noite, os pais se preocuparam que ele dormisse antes da apresenta\u00e7\u00e3o e fizeram quest\u00e3o de massagear as m\u00e3os dele para afastar o frio. O talento de Nelson o levou \u00e0 Europa com 12 anos para estudar com os melhores professores. Com 15, <span class=\"highlight highlighted\">ele dava seus primeiros concertos<\/span>.<\/p>\n<\/div>\n<div class=\"mc-column content-text active-extra-styles \" data-block-type=\"unstyled\" data-block-weight=\"33\" data-block-id=\"13\">\n<p class=\"content-text__container \" data-track-category=\"Link no Texto\" data-track-links=\"\">Consagrado pela cr\u00edtica europeia, Nelson se apresentou com as melhores orquestras do mundo e se tornou um dos grandes int\u00e9rpretes de\u00a0Beethoven. Ele tamb\u00e9m era conhecido por ser um grande int\u00e9rprete de\u00a0Chopin.<\/p>\n<h3 data-track-category=\"Link no Texto\">Carreira<\/h3>\n<\/div>\n<div class=\"mc-column content-text active-extra-styles \" data-block-type=\"unstyled\" data-block-weight=\"44\" data-block-id=\"14\">\n<p class=\"content-text__container \" data-track-category=\"Link no Texto\" data-track-links=\"\">Durante d\u00e9cadas, Nelson se recusou a fazer grava\u00e7\u00f5es. Para ele, a m\u00fasica s\u00f3 acontecia ao vivo, diante do p\u00fablico. A partir de 2001, ele come\u00e7ou a lan\u00e7ar grandes discos, como o dedicado \u00e0 obra de\u00a0Debussy. Ele tamb\u00e9m fez interpreta\u00e7\u00f5es da obra de\u00a0Villa-Lobos.<\/p>\n<div class=\"mc-column content-text active-extra-styles \" data-block-type=\"unstyled\" data-block-weight=\"28\" data-block-id=\"16\">\n<p class=\"content-text__container \" data-track-category=\"Link no Texto\" data-track-links=\"\">Nelson Freire teve na pianista argentina\u00a0Martha Argerich\u00a0sua grande amiga e parceira art\u00edstica, com quem fez v\u00e1rias turn\u00eas e onde se apresentou em pe\u00e7as de dois pianos.<\/p>\n<\/div>\n<div class=\"mc-column content-text active-extra-styles \" data-block-type=\"unstyled\" data-block-weight=\"33\" data-block-id=\"17\">\n<p class=\"content-text__container \" data-track-category=\"Link no Texto\" data-track-links=\"\">Nelson Freire nunca parou de estudar. Passava a maior parte do tempo em casa, sozinho, se exercitando e desenvolvendo a t\u00e9cnica que o tornou um dos maiores pianistas dos s\u00e9culos 20 e 21.<\/p>\n<\/div>\n<div class=\"content-ads content-ads--reveal\" data-block-type=\"ads\" data-block-id=\"18\"><\/div>\n<div class=\"mc-column content-text active-extra-styles \" data-block-type=\"unstyled\" data-block-weight=\"48\" data-block-id=\"19\">\n<p class=\"content-text__container \" data-track-category=\"Link no Texto\" data-track-links=\"\">Em 2003, o cineasta Jo\u00e3o Moreira Salles lan\u00e7ou um document\u00e1rio sobre a vida e a obra de Freire. O filme mostra a rotina e as turn\u00eas mundiais do maior pianista brasileiro de seu tempo. O p\u00fablico conhece a inf\u00e2ncia, os primeiros acordes e os sacrif\u00edcios feitos pela fam\u00edlia.<\/p>\n<p data-track-category=\"Link no Texto\" data-track-links=\"\">Em 2012, ele voltou ao palco de S\u00e3o Jo\u00e3o Del Rei onde fez seu primeiro concerto, ap\u00f3s 62 anos. A apresenta\u00e7\u00e3o, no Projeto M\u00fasica no Museu, teve lugares disputados e tamb\u00e9m foi exibida em um cinema da cidade.<\/p>\n<div class=\"mc-column content-text active-extra-styles \" data-block-type=\"unstyled\" data-block-weight=\"32\" data-block-id=\"25\">\n<p class=\"content-text__container \" data-track-category=\"Link no Texto\" data-track-links=\"\">\u201c\u00c9 uma demonstra\u00e7\u00e3o de carinho enorme, uma coisa muito tocante. Fico muito agradecido, emocionado em pensar que eu estive aqui h\u00e1 62 anos. \u00c9 um passo enorme, uma vida\u201d, disse na ocasi\u00e3o.<\/p>\n<h3 data-track-category=\"Link no Texto\">Livro<\/h3>\n<div class=\"mc-column content-text active-extra-styles \" data-block-type=\"unstyled\" data-block-weight=\"45\" data-block-id=\"28\">\n<p class=\"content-text__container \" data-track-category=\"Link no Texto\" data-track-links=\"\">Em 2015, o escritor Ricardo Fi\u00faza lan\u00e7ou um livro sobre a vida e obra de Nelson Freire. Os dois eram amigos desde os anos 1950. O resultado de mais de 20 anos de trabalho se transformou no livro \u201cNelson Freire: a pessoa e o artista\u201d.<\/p>\n<\/div>\n<div class=\"mc-column content-text active-extra-styles \" data-block-type=\"unstyled\" data-block-weight=\"33\" data-block-id=\"29\">\n<p class=\"content-text__container \" data-track-category=\"Link no Texto\" data-track-links=\"\">\u201cCom cinco anos de idade, ele escutava a irm\u00e3 mais velha tocar. Ela sa\u00eda do piano. Ele subia devagarinho, com muito cuidado, e tocava o que ela acabou de tocar\u201d, contou Ricardo Fi\u00faza.<\/p>\n<\/div>\n<div class=\"mc-column content-text active-extra-styles \" data-block-type=\"unstyled\" data-block-weight=\"62\" data-block-id=\"30\">\n<p class=\"content-text__container \" data-track-category=\"Link no Texto\" data-track-links=\"\">Entre as comendas e distin\u00e7\u00f5es recebidas por Nelson Freire, destacam-se as de Cidad\u00e3o do Rio, Cavaleiro da Ordem do Rio Branco, Medalha Pedro Ernesto, Cavaleiro da Legi\u00e3o de Honra da Fran\u00e7a, Comandante de Artes e Letras da Fran\u00e7a, Medalha da Cidade de Paris e da Cidade de Buenos Aires, al\u00e9m do t\u00edtulo de doutor honoris causa da Faculdade de M\u00fasica da UFRJ.<\/p>\n<h3 data-track-category=\"Link no Texto\">\u00daltimos trabalhos<\/h3>\n<div class=\"mc-column content-text active-extra-styles \" data-block-type=\"unstyled\" data-block-weight=\"25\" data-block-id=\"32\">\n<p class=\"content-text__container \" data-track-category=\"Link no Texto\" data-track-links=\"\">Em 2018, jovens da Orquestra Sinf\u00f4nica da Baixada Fluminense acompanharam um ensaio do pianista no Theatro Municipal. Ele afirmou que tocar no Brasil era especial. \u201c\u00c9 diferente. Eu tenho que fazer um esfor\u00e7o para me concentrar. Al\u00e9m da emo\u00e7\u00e3o de estar aqui, onde estive tantas vezes. A primeira vez que eu pisei neste palco foi em 1953\u201d, disse Nelson.<\/p>\n<\/div>\n<div class=\"mc-column content-text active-extra-styles \" data-block-type=\"unstyled\" data-block-weight=\"12\" data-block-id=\"34\">\n<p class=\"content-text__container \" data-track-category=\"Link no Texto\" data-track-links=\"\">Ele falou sobre a import\u00e2ncia da cultura para a forma\u00e7\u00e3o dos jovens. Em 2019, quando completou 75 anos de vida e 70 anos de carreira, Freire lan\u00e7ou no dia do seu anivers\u00e1rio, em 18 de outubro, o disco &#8220;Encores&#8221;.<\/p>\n<div class=\"mc-column content-text active-extra-styles \" data-block-type=\"unstyled\" data-block-weight=\"49\" data-block-id=\"40\">\n<p class=\"content-text__container \" data-track-category=\"Link no Texto\" data-track-links=\"\">No m\u00eas seguinte, o pianista\u00a0levou um tombo ao trope\u00e7ar em uma cal\u00e7ada de pedras portuguesas na altura do Posto 3, na Barra da Tijuca, na Zona Oeste do Rio. O m\u00fasico fraturou o bra\u00e7o e passou por uma cirurgia no Hospital Copa D\u2019Or, em Copacabana, na Zona Sul. Desde ent\u00e3o, ele nunca voltou a gravar ou a se apresentar em p\u00fablico.<\/p>\n<p data-track-category=\"Link no Texto\" data-track-links=\"\"><strong>LEIA TAMB\u00c9M<\/strong><\/p>\n<p data-track-category=\"Link no Texto\" data-track-links=\"\"><a href=\"https:\/\/redenoticiaz.com.br\/blog\/2021\/11\/01\/jundiai-tera-primeiro-crematorio-no-memorial-parque-da-paz\">Jundia\u00ed ter\u00e1 primeiro cremat\u00f3rio no Memorial Parque da Paz<\/a><\/p>\n<\/div>\n<\/div>\n<\/div>\n<\/div>\n<\/div>\n<\/div>\n<\/div>\n","protected":false},"excerpt":{"rendered":"<p>Um dos maiores pianistas do mundo, Nelson Freire, morreu no Rio de Janeiro nesta segunda-feira (1\u00ba). Ele tinha 77 anos. O m\u00fasico estava em casa. As causas da morte ainda n\u00e3o foram reveladas. Nelson deixou vi\u00favo, o m\u00e9dico Miguel Ros\u00e1rio, e um irm\u00e3o. Nelson Freire nasceu em Boa Esperan\u00e7a, Minas Gerais em 18 de outubro &hellip;<\/p>\n","protected":false},"author":6,"featured_media":17515,"comment_status":"open","ping_status":"closed","sticky":false,"template":"","format":"standard","meta":{"footnotes":""},"categories":[2001],"tags":[2944,40145,40146,5661],"class_list":["post-17514","post","type-post","status-publish","format-standard","has-post-thumbnail","hentry","category-cultura-e-musica","tag-morte","tag-nelson-freire","tag-pianista","tag-rio-de-janeiro"],"yoast_head":"<!-- This site is optimized with the Yoast SEO plugin v27.5 - https:\/\/yoast.com\/product\/yoast-seo-wordpress\/ -->\n<title>Adeus ao pianista Nelson Freire - Litoral SP<\/title>\n<meta name=\"description\" content=\"dos maiores pianistas do mundo, Nelson Freire, morreu no Rio de Janeiro nesta segunda-feira (1\u00ba). Ele tinha 77 anos. O m\u00fasico\" \/>\n<meta name=\"robots\" content=\"index, follow, max-snippet:-1, max-image-preview:large, max-video-preview:-1\" \/>\n<link rel=\"canonical\" href=\"https:\/\/redenoticiaz.com.br\/litoralsp\/2021\/11\/01\/adeus-ao-pianista-nelson-freire\" \/>\n<meta property=\"og:locale\" content=\"pt_BR\" \/>\n<meta property=\"og:type\" content=\"article\" \/>\n<meta property=\"og:title\" content=\"Adeus ao pianista Nelson Freire - Litoral SP\" \/>\n<meta property=\"og:description\" content=\"dos maiores pianistas do mundo, Nelson Freire, morreu no Rio de Janeiro nesta segunda-feira (1\u00ba). Ele tinha 77 anos. O m\u00fasico\" \/>\n<meta property=\"og:url\" content=\"https:\/\/redenoticiaz.com.br\/litoralsp\/2021\/11\/01\/adeus-ao-pianista-nelson-freire\" \/>\n<meta property=\"og:site_name\" content=\"Litoral SP\" \/>\n<meta property=\"article:published_time\" content=\"2021-11-01T20:38:30+00:00\" \/>\n<meta property=\"article:modified_time\" content=\"2021-11-01T20:41:14+00:00\" \/>\n<meta property=\"og:image\" content=\"https:\/\/redenoticiaz.com.br\/litoralsp\/wp-content\/uploads\/sites\/3\/2021\/11\/nelson-freire.jpg\" \/>\n\t<meta property=\"og:image:width\" content=\"984\" \/>\n\t<meta property=\"og:image:height\" content=\"590\" \/>\n\t<meta property=\"og:image:type\" content=\"image\/jpeg\" \/>\n<meta name=\"author\" content=\"Leonardo Francisco\" \/>\n<meta name=\"twitter:card\" content=\"summary_large_image\" \/>\n<meta name=\"twitter:label1\" content=\"Escrito por\" \/>\n\t<meta name=\"twitter:data1\" content=\"Leonardo Francisco\" \/>\n\t<meta name=\"twitter:label2\" content=\"Est. tempo de leitura\" \/>\n\t<meta name=\"twitter:data2\" content=\"4 minutos\" \/>\n<script type=\"application\/ld+json\" class=\"yoast-schema-graph\">{\"@context\":\"https:\\\/\\\/schema.org\",\"@graph\":[{\"@type\":\"Article\",\"@id\":\"https:\\\/\\\/redenoticiaz.com.br\\\/litoralsp\\\/2021\\\/11\\\/01\\\/adeus-ao-pianista-nelson-freire#article\",\"isPartOf\":{\"@id\":\"https:\\\/\\\/redenoticiaz.com.br\\\/litoralsp\\\/2021\\\/11\\\/01\\\/adeus-ao-pianista-nelson-freire\"},\"author\":{\"name\":\"Leonardo Francisco\",\"@id\":\"https:\\\/\\\/redenoticiaz.com.br\\\/litoralsp\\\/#\\\/schema\\\/person\\\/0f0b8a5bdafefe82841e07ae8d81ecb3\"},\"headline\":\"Adeus ao pianista Nelson Freire\",\"datePublished\":\"2021-11-01T20:38:30+00:00\",\"dateModified\":\"2021-11-01T20:41:14+00:00\",\"mainEntityOfPage\":{\"@id\":\"https:\\\/\\\/redenoticiaz.com.br\\\/litoralsp\\\/2021\\\/11\\\/01\\\/adeus-ao-pianista-nelson-freire\"},\"wordCount\":761,\"commentCount\":0,\"publisher\":{\"@id\":\"https:\\\/\\\/redenoticiaz.com.br\\\/litoralsp\\\/#organization\"},\"image\":{\"@id\":\"https:\\\/\\\/redenoticiaz.com.br\\\/litoralsp\\\/2021\\\/11\\\/01\\\/adeus-ao-pianista-nelson-freire#primaryimage\"},\"thumbnailUrl\":\"https:\\\/\\\/redenoticiaz.com.br\\\/litoralsp\\\/wp-content\\\/uploads\\\/sites\\\/3\\\/2021\\\/11\\\/nelson-freire.jpg\",\"keywords\":[\"MORTE\",\"NELSON FREIRE\",\"pianista\",\"Rio de Janeiro\"],\"articleSection\":[\"Cultura e M\u00fasica\"],\"inLanguage\":\"pt-BR\",\"potentialAction\":[{\"@type\":\"CommentAction\",\"name\":\"Comment\",\"target\":[\"https:\\\/\\\/redenoticiaz.com.br\\\/litoralsp\\\/2021\\\/11\\\/01\\\/adeus-ao-pianista-nelson-freire#respond\"]}]},{\"@type\":\"WebPage\",\"@id\":\"https:\\\/\\\/redenoticiaz.com.br\\\/litoralsp\\\/2021\\\/11\\\/01\\\/adeus-ao-pianista-nelson-freire\",\"url\":\"https:\\\/\\\/redenoticiaz.com.br\\\/litoralsp\\\/2021\\\/11\\\/01\\\/adeus-ao-pianista-nelson-freire\",\"name\":\"Adeus ao pianista Nelson Freire - Litoral SP\",\"isPartOf\":{\"@id\":\"https:\\\/\\\/redenoticiaz.com.br\\\/litoralsp\\\/#website\"},\"primaryImageOfPage\":{\"@id\":\"https:\\\/\\\/redenoticiaz.com.br\\\/litoralsp\\\/2021\\\/11\\\/01\\\/adeus-ao-pianista-nelson-freire#primaryimage\"},\"image\":{\"@id\":\"https:\\\/\\\/redenoticiaz.com.br\\\/litoralsp\\\/2021\\\/11\\\/01\\\/adeus-ao-pianista-nelson-freire#primaryimage\"},\"thumbnailUrl\":\"https:\\\/\\\/redenoticiaz.com.br\\\/litoralsp\\\/wp-content\\\/uploads\\\/sites\\\/3\\\/2021\\\/11\\\/nelson-freire.jpg\",\"datePublished\":\"2021-11-01T20:38:30+00:00\",\"dateModified\":\"2021-11-01T20:41:14+00:00\",\"description\":\"dos maiores pianistas do mundo, Nelson Freire, morreu no Rio de Janeiro nesta segunda-feira (1\u00ba). Ele tinha 77 anos. O m\u00fasico\",\"inLanguage\":\"pt-BR\",\"potentialAction\":[{\"@type\":\"ReadAction\",\"target\":[\"https:\\\/\\\/redenoticiaz.com.br\\\/litoralsp\\\/2021\\\/11\\\/01\\\/adeus-ao-pianista-nelson-freire\"]}]},{\"@type\":\"ImageObject\",\"inLanguage\":\"pt-BR\",\"@id\":\"https:\\\/\\\/redenoticiaz.com.br\\\/litoralsp\\\/2021\\\/11\\\/01\\\/adeus-ao-pianista-nelson-freire#primaryimage\",\"url\":\"https:\\\/\\\/redenoticiaz.com.br\\\/litoralsp\\\/wp-content\\\/uploads\\\/sites\\\/3\\\/2021\\\/11\\\/nelson-freire.jpg\",\"contentUrl\":\"https:\\\/\\\/redenoticiaz.com.br\\\/litoralsp\\\/wp-content\\\/uploads\\\/sites\\\/3\\\/2021\\\/11\\\/nelson-freire.jpg\",\"width\":984,\"height\":590,\"caption\":\"Cr\u00e9ditos: Divulga\u00e7\u00e3o\\\/Festival Internacional da M\u00fasica\"},{\"@type\":\"WebSite\",\"@id\":\"https:\\\/\\\/redenoticiaz.com.br\\\/litoralsp\\\/#website\",\"url\":\"https:\\\/\\\/redenoticiaz.com.br\\\/litoralsp\\\/\",\"name\":\"Litoral SP\",\"description\":\"Rede NoticiaZ\",\"publisher\":{\"@id\":\"https:\\\/\\\/redenoticiaz.com.br\\\/litoralsp\\\/#organization\"},\"potentialAction\":[{\"@type\":\"SearchAction\",\"target\":{\"@type\":\"EntryPoint\",\"urlTemplate\":\"https:\\\/\\\/redenoticiaz.com.br\\\/litoralsp\\\/?s={search_term_string}\"},\"query-input\":{\"@type\":\"PropertyValueSpecification\",\"valueRequired\":true,\"valueName\":\"search_term_string\"}}],\"inLanguage\":\"pt-BR\"},{\"@type\":\"Organization\",\"@id\":\"https:\\\/\\\/redenoticiaz.com.br\\\/litoralsp\\\/#organization\",\"name\":\"Litoral SP\",\"url\":\"https:\\\/\\\/redenoticiaz.com.br\\\/litoralsp\\\/\",\"logo\":{\"@type\":\"ImageObject\",\"inLanguage\":\"pt-BR\",\"@id\":\"https:\\\/\\\/redenoticiaz.com.br\\\/litoralsp\\\/#\\\/schema\\\/logo\\\/image\\\/\",\"url\":\"https:\\\/\\\/redenoticiaz.com.br\\\/litoralsp\\\/wp-content\\\/uploads\\\/sites\\\/3\\\/2020\\\/11\\\/logo.jpg\",\"contentUrl\":\"https:\\\/\\\/redenoticiaz.com.br\\\/litoralsp\\\/wp-content\\\/uploads\\\/sites\\\/3\\\/2020\\\/11\\\/logo.jpg\",\"width\":400,\"height\":250,\"caption\":\"Litoral SP\"},\"image\":{\"@id\":\"https:\\\/\\\/redenoticiaz.com.br\\\/litoralsp\\\/#\\\/schema\\\/logo\\\/image\\\/\"}},{\"@type\":\"Person\",\"@id\":\"https:\\\/\\\/redenoticiaz.com.br\\\/litoralsp\\\/#\\\/schema\\\/person\\\/0f0b8a5bdafefe82841e07ae8d81ecb3\",\"name\":\"Leonardo Francisco\",\"image\":{\"@type\":\"ImageObject\",\"inLanguage\":\"pt-BR\",\"@id\":\"https:\\\/\\\/secure.gravatar.com\\\/avatar\\\/a7358cb406a99b682ec6df1e77e31ae82e63601f6784e8a3df411d72b37864da?s=96&d=mm&r=g\",\"url\":\"https:\\\/\\\/secure.gravatar.com\\\/avatar\\\/a7358cb406a99b682ec6df1e77e31ae82e63601f6784e8a3df411d72b37864da?s=96&d=mm&r=g\",\"contentUrl\":\"https:\\\/\\\/secure.gravatar.com\\\/avatar\\\/a7358cb406a99b682ec6df1e77e31ae82e63601f6784e8a3df411d72b37864da?s=96&d=mm&r=g\",\"caption\":\"Leonardo Francisco\"},\"url\":\"https:\\\/\\\/redenoticiaz.com.br\\\/litoralsp\\\/author\\\/leonardo-francisco\"}]}<\/script>\n<!-- \/ Yoast SEO plugin. -->","yoast_head_json":{"title":"Adeus ao pianista Nelson Freire - Litoral SP","description":"dos maiores pianistas do mundo, Nelson Freire, morreu no Rio de Janeiro nesta segunda-feira (1\u00ba). Ele tinha 77 anos. O m\u00fasico","robots":{"index":"index","follow":"follow","max-snippet":"max-snippet:-1","max-image-preview":"max-image-preview:large","max-video-preview":"max-video-preview:-1"},"canonical":"https:\/\/redenoticiaz.com.br\/litoralsp\/2021\/11\/01\/adeus-ao-pianista-nelson-freire","og_locale":"pt_BR","og_type":"article","og_title":"Adeus ao pianista Nelson Freire - Litoral SP","og_description":"dos maiores pianistas do mundo, Nelson Freire, morreu no Rio de Janeiro nesta segunda-feira (1\u00ba). Ele tinha 77 anos. O m\u00fasico","og_url":"https:\/\/redenoticiaz.com.br\/litoralsp\/2021\/11\/01\/adeus-ao-pianista-nelson-freire","og_site_name":"Litoral SP","article_published_time":"2021-11-01T20:38:30+00:00","article_modified_time":"2021-11-01T20:41:14+00:00","og_image":[{"width":984,"height":590,"url":"https:\/\/redenoticiaz.com.br\/litoralsp\/wp-content\/uploads\/sites\/3\/2021\/11\/nelson-freire.jpg","type":"image\/jpeg"}],"author":"Leonardo Francisco","twitter_card":"summary_large_image","twitter_misc":{"Escrito por":"Leonardo Francisco","Est. tempo de leitura":"4 minutos"},"schema":{"@context":"https:\/\/schema.org","@graph":[{"@type":"Article","@id":"https:\/\/redenoticiaz.com.br\/litoralsp\/2021\/11\/01\/adeus-ao-pianista-nelson-freire#article","isPartOf":{"@id":"https:\/\/redenoticiaz.com.br\/litoralsp\/2021\/11\/01\/adeus-ao-pianista-nelson-freire"},"author":{"name":"Leonardo Francisco","@id":"https:\/\/redenoticiaz.com.br\/litoralsp\/#\/schema\/person\/0f0b8a5bdafefe82841e07ae8d81ecb3"},"headline":"Adeus ao pianista Nelson Freire","datePublished":"2021-11-01T20:38:30+00:00","dateModified":"2021-11-01T20:41:14+00:00","mainEntityOfPage":{"@id":"https:\/\/redenoticiaz.com.br\/litoralsp\/2021\/11\/01\/adeus-ao-pianista-nelson-freire"},"wordCount":761,"commentCount":0,"publisher":{"@id":"https:\/\/redenoticiaz.com.br\/litoralsp\/#organization"},"image":{"@id":"https:\/\/redenoticiaz.com.br\/litoralsp\/2021\/11\/01\/adeus-ao-pianista-nelson-freire#primaryimage"},"thumbnailUrl":"https:\/\/redenoticiaz.com.br\/litoralsp\/wp-content\/uploads\/sites\/3\/2021\/11\/nelson-freire.jpg","keywords":["MORTE","NELSON FREIRE","pianista","Rio de Janeiro"],"articleSection":["Cultura e M\u00fasica"],"inLanguage":"pt-BR","potentialAction":[{"@type":"CommentAction","name":"Comment","target":["https:\/\/redenoticiaz.com.br\/litoralsp\/2021\/11\/01\/adeus-ao-pianista-nelson-freire#respond"]}]},{"@type":"WebPage","@id":"https:\/\/redenoticiaz.com.br\/litoralsp\/2021\/11\/01\/adeus-ao-pianista-nelson-freire","url":"https:\/\/redenoticiaz.com.br\/litoralsp\/2021\/11\/01\/adeus-ao-pianista-nelson-freire","name":"Adeus ao pianista Nelson Freire - Litoral SP","isPartOf":{"@id":"https:\/\/redenoticiaz.com.br\/litoralsp\/#website"},"primaryImageOfPage":{"@id":"https:\/\/redenoticiaz.com.br\/litoralsp\/2021\/11\/01\/adeus-ao-pianista-nelson-freire#primaryimage"},"image":{"@id":"https:\/\/redenoticiaz.com.br\/litoralsp\/2021\/11\/01\/adeus-ao-pianista-nelson-freire#primaryimage"},"thumbnailUrl":"https:\/\/redenoticiaz.com.br\/litoralsp\/wp-content\/uploads\/sites\/3\/2021\/11\/nelson-freire.jpg","datePublished":"2021-11-01T20:38:30+00:00","dateModified":"2021-11-01T20:41:14+00:00","description":"dos maiores pianistas do mundo, Nelson Freire, morreu no Rio de Janeiro nesta segunda-feira (1\u00ba). Ele tinha 77 anos. O m\u00fasico","inLanguage":"pt-BR","potentialAction":[{"@type":"ReadAction","target":["https:\/\/redenoticiaz.com.br\/litoralsp\/2021\/11\/01\/adeus-ao-pianista-nelson-freire"]}]},{"@type":"ImageObject","inLanguage":"pt-BR","@id":"https:\/\/redenoticiaz.com.br\/litoralsp\/2021\/11\/01\/adeus-ao-pianista-nelson-freire#primaryimage","url":"https:\/\/redenoticiaz.com.br\/litoralsp\/wp-content\/uploads\/sites\/3\/2021\/11\/nelson-freire.jpg","contentUrl":"https:\/\/redenoticiaz.com.br\/litoralsp\/wp-content\/uploads\/sites\/3\/2021\/11\/nelson-freire.jpg","width":984,"height":590,"caption":"Cr\u00e9ditos: Divulga\u00e7\u00e3o\/Festival Internacional da M\u00fasica"},{"@type":"WebSite","@id":"https:\/\/redenoticiaz.com.br\/litoralsp\/#website","url":"https:\/\/redenoticiaz.com.br\/litoralsp\/","name":"Litoral SP","description":"Rede NoticiaZ","publisher":{"@id":"https:\/\/redenoticiaz.com.br\/litoralsp\/#organization"},"potentialAction":[{"@type":"SearchAction","target":{"@type":"EntryPoint","urlTemplate":"https:\/\/redenoticiaz.com.br\/litoralsp\/?s={search_term_string}"},"query-input":{"@type":"PropertyValueSpecification","valueRequired":true,"valueName":"search_term_string"}}],"inLanguage":"pt-BR"},{"@type":"Organization","@id":"https:\/\/redenoticiaz.com.br\/litoralsp\/#organization","name":"Litoral SP","url":"https:\/\/redenoticiaz.com.br\/litoralsp\/","logo":{"@type":"ImageObject","inLanguage":"pt-BR","@id":"https:\/\/redenoticiaz.com.br\/litoralsp\/#\/schema\/logo\/image\/","url":"https:\/\/redenoticiaz.com.br\/litoralsp\/wp-content\/uploads\/sites\/3\/2020\/11\/logo.jpg","contentUrl":"https:\/\/redenoticiaz.com.br\/litoralsp\/wp-content\/uploads\/sites\/3\/2020\/11\/logo.jpg","width":400,"height":250,"caption":"Litoral SP"},"image":{"@id":"https:\/\/redenoticiaz.com.br\/litoralsp\/#\/schema\/logo\/image\/"}},{"@type":"Person","@id":"https:\/\/redenoticiaz.com.br\/litoralsp\/#\/schema\/person\/0f0b8a5bdafefe82841e07ae8d81ecb3","name":"Leonardo Francisco","image":{"@type":"ImageObject","inLanguage":"pt-BR","@id":"https:\/\/secure.gravatar.com\/avatar\/a7358cb406a99b682ec6df1e77e31ae82e63601f6784e8a3df411d72b37864da?s=96&d=mm&r=g","url":"https:\/\/secure.gravatar.com\/avatar\/a7358cb406a99b682ec6df1e77e31ae82e63601f6784e8a3df411d72b37864da?s=96&d=mm&r=g","contentUrl":"https:\/\/secure.gravatar.com\/avatar\/a7358cb406a99b682ec6df1e77e31ae82e63601f6784e8a3df411d72b37864da?s=96&d=mm&r=g","caption":"Leonardo Francisco"},"url":"https:\/\/redenoticiaz.com.br\/litoralsp\/author\/leonardo-francisco"}]}},"_links":{"self":[{"href":"https:\/\/redenoticiaz.com.br\/litoralsp\/wp-json\/wp\/v2\/posts\/17514","targetHints":{"allow":["GET"]}}],"collection":[{"href":"https:\/\/redenoticiaz.com.br\/litoralsp\/wp-json\/wp\/v2\/posts"}],"about":[{"href":"https:\/\/redenoticiaz.com.br\/litoralsp\/wp-json\/wp\/v2\/types\/post"}],"author":[{"embeddable":true,"href":"https:\/\/redenoticiaz.com.br\/litoralsp\/wp-json\/wp\/v2\/users\/6"}],"replies":[{"embeddable":true,"href":"https:\/\/redenoticiaz.com.br\/litoralsp\/wp-json\/wp\/v2\/comments?post=17514"}],"version-history":[{"count":1,"href":"https:\/\/redenoticiaz.com.br\/litoralsp\/wp-json\/wp\/v2\/posts\/17514\/revisions"}],"predecessor-version":[{"id":17516,"href":"https:\/\/redenoticiaz.com.br\/litoralsp\/wp-json\/wp\/v2\/posts\/17514\/revisions\/17516"}],"wp:featuredmedia":[{"embeddable":true,"href":"https:\/\/redenoticiaz.com.br\/litoralsp\/wp-json\/wp\/v2\/media\/17515"}],"wp:attachment":[{"href":"https:\/\/redenoticiaz.com.br\/litoralsp\/wp-json\/wp\/v2\/media?parent=17514"}],"wp:term":[{"taxonomy":"category","embeddable":true,"href":"https:\/\/redenoticiaz.com.br\/litoralsp\/wp-json\/wp\/v2\/categories?post=17514"},{"taxonomy":"post_tag","embeddable":true,"href":"https:\/\/redenoticiaz.com.br\/litoralsp\/wp-json\/wp\/v2\/tags?post=17514"}],"curies":[{"name":"wp","href":"https:\/\/api.w.org\/{rel}","templated":true}]}}