{"id":17517,"date":"2021-11-01T18:12:20","date_gmt":"2021-11-01T21:12:20","guid":{"rendered":"https:\/\/redenoticiaz.com.br\/litoralsp\/2021\/11\/01\/sobe-para-26-o-numero-de-mortos-durante-confronto-com-a-policia-de-minas-gerais"},"modified":"2021-11-01T18:15:40","modified_gmt":"2021-11-01T21:15:40","slug":"sobe-para-26-o-numero-de-mortos-durante-confronto-com-a-policia-de-minas-gerais","status":"publish","type":"post","link":"https:\/\/redenoticiaz.com.br\/litoralsp\/2021\/11\/01\/sobe-para-26-o-numero-de-mortos-durante-confronto-com-a-policia-de-minas-gerais","title":{"rendered":"Sobe para 26 o n\u00famero de mortos durante confronto com a pol\u00edcia de Minas Gerais"},"content":{"rendered":"<p>Mais uma morte durante o confronto entre a Pol\u00edcia Militar e a quadrilha especializada em assalto a bancos, em Minas Gerais, foi confirmada. Assim o <strong>n\u00famero de \u00f3bitos chegou a 26<\/strong>. Durante a a\u00e7\u00e3o, os policiais descobriram um caminh\u00e3o seria usado para a fuga.<\/p>\n<p>O confronto ocorreu em <a href=\"https:\/\/www.varginha.mg.gov.br\/\">Varginha<\/a>, durante opera\u00e7\u00e3o conjunta entre Pol\u00edcia Militar, Pol\u00edcia Rodovi\u00e1ria Federal e Batalh\u00e3o de Opera\u00e7\u00f5es Policiais Especiais (Bope). A investiga\u00e7\u00e3o apontou que o grupo era especialista neste tipo de crime.<\/p>\n<p>A Pol\u00edcia Rodovi\u00e1ria Federal informou que os confrontos com os homens ocorreram em dois s\u00edtios diferentes localizados em duas sa\u00eddas da cidade. Na primeira, os suspeitos atacaram as equipes da PRF e da PM, sendo que 18 criminosos morreram no local. Em uma segunda ch\u00e1cara, conforme a PRF, foi encontrada outra parte da quadrilha e neste local, ap\u00f3s intensa troca de tiros, sete suspeitos morreram. A 26\u00aa morte, do caseiro, foi confirmada s\u00f3 na manh\u00e3 desta segunda-feira (1\u00ba).<\/p>\n<figure id=\"attachment_70870\" aria-describedby=\"caption-attachment-70870\" style=\"width: 390px\" class=\"wp-caption alignleft\"><img loading=\"lazy\" decoding=\"async\" class=\"size-medium wp-image-70870\" src=\"https:\/\/redenoticiaz.com.br\/wp-content\/uploads\/2021\/11\/whatsapp-image-2021-11-01-at-17-42-02-390x217.jpeg\" alt=\"\" width=\"390\" height=\"217\" \/><figcaption id=\"caption-attachment-70870\" class=\"wp-caption-text\">Ve\u00edculo foi apreendido e levaria os criminosos para outros assaltos.<\/figcaption><\/figure>\n<p>No total houve a apreens\u00e3o de 26 armas, dois adaptadores, 5.059 muni\u00e7\u00f5es, 116 carregadores, capacetes \u00e0 prova de balas, explosivos diversos, 12 coletes bal\u00edsticos, sete r\u00e1dios comunicadores, 12 gal\u00f5es de gasolina de 18 litros cada e quatro gal\u00f5es de diesel de 100 litros cada. Entre as armas, havia uma metralhadora ponto 50, al\u00e9m de fuzis e granadas. Pelo menos 12 ve\u00edculos roubados que estavam com a quadrilha foram recuperados.<\/p>\n<div class=\"mc-column content-text active-extra-styles \" data-block-type=\"unstyled\" data-block-weight=\"32\" data-block-id=\"22\">\n<p class=\"content-text__container \" data-track-category=\"Link no Texto\" data-track-links=\"\">A Pol\u00edcia Militar de Varginha revelou que os suspeitos haviam alugado um s\u00edtio na regi\u00e3o do bairro rural da Flora para ficarem perto do Batalh\u00e3o da PM e assim realizarem a a\u00e7\u00e3o.<\/p>\n<\/div>\n<div class=\"mc-column content-text active-extra-styles \" data-block-type=\"unstyled\" data-block-weight=\"36\" data-block-id=\"23\">\n<p class=\"content-text__container \" data-track-category=\"Link no Texto\" data-track-links=\"\">Ainda conforme o Bope, todos os suspeitos chegaram a ser socorridos com vida, mas n\u00e3o resistiram. Nenhum policial ou civil ficou ferido na a\u00e7\u00e3o. A investiga\u00e7\u00e3o ficar\u00e1 a cargo da Pol\u00edcia Civil e da Pol\u00edcia Federal.<\/p>\n<h3 data-track-category=\"Link no Texto\">Mortes ser\u00e3o apuradas pelos Direitos Humanos<\/h3>\n<div class=\"mc-column content-text active-extra-styles \" data-block-type=\"unstyled\" data-block-weight=\"42\" data-block-id=\"26\">\n<p class=\"content-text__container \" data-track-category=\"Link no Texto\" data-track-links=\"\">A Comiss\u00e3o\u00a0de Direitos Humanos da Assembleia Legislativa de Minas Gerais pediu uma apura\u00e7\u00e3o sobre as mortes. A deputada Andr\u00e9ia de Jesus (PSOL), presidente do colegiado, diz que vai acionar o Minist\u00e9rio P\u00fablico e a Secretaria de Seguran\u00e7a P\u00fablica investigar o caso.<\/p>\n<\/div>\n<div class=\"mc-column content-text active-extra-styles \" data-block-type=\"unstyled\" data-block-weight=\"36\" data-block-id=\"27\">\n<p class=\"content-text__container \" data-track-category=\"Link no Texto\" data-track-links=\"\">Em nota, a Comiss\u00e3o de Direitos Humanos da Subse\u00e7\u00e3o da OAB Varginha informou que busca atua\u00e7\u00e3o integrada com a Comiss\u00e3o de Direitos Humanos da OAB Minas Gerais para acompanhamento de todas as investiga\u00e7\u00f5es e demais procedimentos.<\/p>\n<\/div>\n<div class=\"mc-column content-text active-extra-styles \" data-block-type=\"unstyled\" data-block-weight=\"18\" data-block-id=\"28\">\n<p class=\"content-text__container \" data-track-category=\"Link no Texto\" data-track-links=\"\">O F\u00f3rum Brasileiro de Seguran\u00e7a P\u00fablica tamb\u00e9m acredita que uma investiga\u00e7\u00e3o deve ser feita para apurar a a\u00e7\u00e3o.<\/p>\n<\/div>\n<div class=\"mc-column content-text active-extra-styles \" data-block-type=\"unstyled\" data-block-weight=\"133\" data-block-id=\"29\">\n<p class=\"content-text__container \" data-track-category=\"Link no Texto\" data-track-links=\"\">&#8220;A gente sempre lembra que o policial s\u00f3 \u00e9 policial porque pode fazer o uso da for\u00e7a e essa for\u00e7a pode chegar a matar outra pessoa, mas isso n\u00e3o se faz desprovido de regras e limites, \u00e9 preciso entender se nessa opera\u00e7\u00e3o em Minas Gerais houve um abuso desse limite, ultrapassou-se esse limite para gerar 25 mortes. Como eu disse, \u00e9 muito raro no Brasil que uma \u00fanica opera\u00e7\u00e3o policial tenha como resultado, al\u00e9m da grande apreens\u00e3o de armas, a frustra\u00e7\u00e3o de um crime como assalto a bancos como vem acontecendo Brasil afora, o resultado de 25 mortes. \u00c9 preciso esfor\u00e7o do Minist\u00e9rio P\u00fablico e das corregedorias das pol\u00edcias investigar se houve ou n\u00e3o abuso ou houve ou n\u00e3o letalidade policial&#8221;, disse o membro do F\u00f3rum Brasileiro de Seguran\u00e7a P\u00fablica, Ivan Marques.<\/p>\n<\/div>\n<div class=\"block-podcast\"><strong>LEIA TAMB\u00c9M<\/strong><\/div>\n<\/div>\n<div><\/div>\n<div><a href=\"https:\/\/redenoticiaz.com.br\/blog\/2021\/10\/31\/video-25-homens-com-armamento-de-guerra-sao-mortos-pela-policia\">V\u00eddeo \u2013 25 homens com armamento de guerra s\u00e3o mortos pela Pol\u00edcia<\/a><\/div>\n","protected":false},"excerpt":{"rendered":"<p>Mais uma morte durante o confronto entre a Pol\u00edcia Militar e a quadrilha especializada em assalto a bancos, em Minas Gerais, foi confirmada. Assim o n\u00famero de \u00f3bitos chegou a 26. Durante a a\u00e7\u00e3o, os policiais descobriram um caminh\u00e3o seria usado para a fuga. O confronto ocorreu em Varginha, durante opera\u00e7\u00e3o conjunta entre Pol\u00edcia Militar, &hellip;<\/p>\n","protected":false},"author":6,"featured_media":17518,"comment_status":"open","ping_status":"closed","sticky":false,"template":"","format":"standard","meta":{"footnotes":""},"categories":[10],"tags":[167,1766,12109,40155,27950,40063],"class_list":["post-17517","post","type-post","status-publish","format-standard","has-post-thumbnail","hentry","category-policia","tag-minas-gerais","tag-policia-militar","tag-quadrilha","tag-roubo-a-bancos","tag-suspeitos-mortos","tag-varginha"],"yoast_head":"<!-- This site is optimized with the Yoast SEO plugin v27.5 - https:\/\/yoast.com\/product\/yoast-seo-wordpress\/ -->\n<title>Sobe para 26 o n\u00famero de mortos durante confronto com a pol\u00edcia de Minas Gerais - Litoral SP<\/title>\n<meta name=\"description\" content=\"Pol\u00edcia Militar e a quadrilha especializada em assalto a bancos, em Minas Gerais, foi confirmada. Assim o n\u00famero de \u00f3bitos chegou a 26.\" \/>\n<meta name=\"robots\" content=\"index, follow, max-snippet:-1, max-image-preview:large, max-video-preview:-1\" \/>\n<link rel=\"canonical\" href=\"https:\/\/redenoticiaz.com.br\/litoralsp\/2021\/11\/01\/sobe-para-26-o-numero-de-mortos-durante-confronto-com-a-policia-de-minas-gerais\" \/>\n<meta property=\"og:locale\" content=\"pt_BR\" \/>\n<meta property=\"og:type\" content=\"article\" \/>\n<meta property=\"og:title\" content=\"Sobe para 26 o n\u00famero de mortos durante confronto com a pol\u00edcia de Minas Gerais - Litoral SP\" \/>\n<meta property=\"og:description\" content=\"Pol\u00edcia Militar e a quadrilha especializada em assalto a bancos, em Minas Gerais, foi confirmada. Assim o n\u00famero de \u00f3bitos chegou a 26.\" \/>\n<meta property=\"og:url\" content=\"https:\/\/redenoticiaz.com.br\/litoralsp\/2021\/11\/01\/sobe-para-26-o-numero-de-mortos-durante-confronto-com-a-policia-de-minas-gerais\" \/>\n<meta property=\"og:site_name\" content=\"Litoral SP\" \/>\n<meta property=\"article:published_time\" content=\"2021-11-01T21:12:20+00:00\" \/>\n<meta property=\"article:modified_time\" content=\"2021-11-01T21:15:40+00:00\" \/>\n<meta property=\"og:image\" content=\"https:\/\/redenoticiaz.com.br\/litoralsp\/wp-content\/uploads\/sites\/3\/2021\/11\/armamento-4.jpg\" \/>\n\t<meta property=\"og:image:width\" content=\"1008\" \/>\n\t<meta property=\"og:image:height\" content=\"558\" \/>\n\t<meta property=\"og:image:type\" content=\"image\/jpeg\" \/>\n<meta name=\"author\" content=\"Leonardo Francisco\" \/>\n<meta name=\"twitter:card\" content=\"summary_large_image\" \/>\n<meta name=\"twitter:label1\" content=\"Escrito por\" \/>\n\t<meta name=\"twitter:data1\" content=\"Leonardo Francisco\" \/>\n\t<meta name=\"twitter:label2\" content=\"Est. tempo de leitura\" \/>\n\t<meta name=\"twitter:data2\" content=\"3 minutos\" \/>\n<script type=\"application\/ld+json\" class=\"yoast-schema-graph\">{\"@context\":\"https:\\\/\\\/schema.org\",\"@graph\":[{\"@type\":\"Article\",\"@id\":\"https:\\\/\\\/redenoticiaz.com.br\\\/litoralsp\\\/2021\\\/11\\\/01\\\/sobe-para-26-o-numero-de-mortos-durante-confronto-com-a-policia-de-minas-gerais#article\",\"isPartOf\":{\"@id\":\"https:\\\/\\\/redenoticiaz.com.br\\\/litoralsp\\\/2021\\\/11\\\/01\\\/sobe-para-26-o-numero-de-mortos-durante-confronto-com-a-policia-de-minas-gerais\"},\"author\":{\"name\":\"Leonardo Francisco\",\"@id\":\"https:\\\/\\\/redenoticiaz.com.br\\\/litoralsp\\\/#\\\/schema\\\/person\\\/0f0b8a5bdafefe82841e07ae8d81ecb3\"},\"headline\":\"Sobe para 26 o n\u00famero de mortos durante confronto com a pol\u00edcia de Minas Gerais\",\"datePublished\":\"2021-11-01T21:12:20+00:00\",\"dateModified\":\"2021-11-01T21:15:40+00:00\",\"mainEntityOfPage\":{\"@id\":\"https:\\\/\\\/redenoticiaz.com.br\\\/litoralsp\\\/2021\\\/11\\\/01\\\/sobe-para-26-o-numero-de-mortos-durante-confronto-com-a-policia-de-minas-gerais\"},\"wordCount\":627,\"commentCount\":0,\"publisher\":{\"@id\":\"https:\\\/\\\/redenoticiaz.com.br\\\/litoralsp\\\/#organization\"},\"image\":{\"@id\":\"https:\\\/\\\/redenoticiaz.com.br\\\/litoralsp\\\/2021\\\/11\\\/01\\\/sobe-para-26-o-numero-de-mortos-durante-confronto-com-a-policia-de-minas-gerais#primaryimage\"},\"thumbnailUrl\":\"https:\\\/\\\/redenoticiaz.com.br\\\/litoralsp\\\/wp-content\\\/uploads\\\/sites\\\/3\\\/2021\\\/11\\\/armamento-4.jpg\",\"keywords\":[\"MINAS GERAIS\",\"policia militar\",\"QUADRILHA\",\"ROUBO A BANCOS\",\"SUSPEITOS MORTOS\",\"VARGINHA\"],\"articleSection\":[\"Pol\u00edcia\"],\"inLanguage\":\"pt-BR\",\"potentialAction\":[{\"@type\":\"CommentAction\",\"name\":\"Comment\",\"target\":[\"https:\\\/\\\/redenoticiaz.com.br\\\/litoralsp\\\/2021\\\/11\\\/01\\\/sobe-para-26-o-numero-de-mortos-durante-confronto-com-a-policia-de-minas-gerais#respond\"]}]},{\"@type\":\"WebPage\",\"@id\":\"https:\\\/\\\/redenoticiaz.com.br\\\/litoralsp\\\/2021\\\/11\\\/01\\\/sobe-para-26-o-numero-de-mortos-durante-confronto-com-a-policia-de-minas-gerais\",\"url\":\"https:\\\/\\\/redenoticiaz.com.br\\\/litoralsp\\\/2021\\\/11\\\/01\\\/sobe-para-26-o-numero-de-mortos-durante-confronto-com-a-policia-de-minas-gerais\",\"name\":\"Sobe para 26 o n\u00famero de mortos durante confronto com a pol\u00edcia de Minas Gerais - Litoral SP\",\"isPartOf\":{\"@id\":\"https:\\\/\\\/redenoticiaz.com.br\\\/litoralsp\\\/#website\"},\"primaryImageOfPage\":{\"@id\":\"https:\\\/\\\/redenoticiaz.com.br\\\/litoralsp\\\/2021\\\/11\\\/01\\\/sobe-para-26-o-numero-de-mortos-durante-confronto-com-a-policia-de-minas-gerais#primaryimage\"},\"image\":{\"@id\":\"https:\\\/\\\/redenoticiaz.com.br\\\/litoralsp\\\/2021\\\/11\\\/01\\\/sobe-para-26-o-numero-de-mortos-durante-confronto-com-a-policia-de-minas-gerais#primaryimage\"},\"thumbnailUrl\":\"https:\\\/\\\/redenoticiaz.com.br\\\/litoralsp\\\/wp-content\\\/uploads\\\/sites\\\/3\\\/2021\\\/11\\\/armamento-4.jpg\",\"datePublished\":\"2021-11-01T21:12:20+00:00\",\"dateModified\":\"2021-11-01T21:15:40+00:00\",\"description\":\"Pol\u00edcia Militar e a quadrilha especializada em assalto a bancos, em Minas Gerais, foi confirmada. Assim o n\u00famero de \u00f3bitos chegou a 26.\",\"inLanguage\":\"pt-BR\",\"potentialAction\":[{\"@type\":\"ReadAction\",\"target\":[\"https:\\\/\\\/redenoticiaz.com.br\\\/litoralsp\\\/2021\\\/11\\\/01\\\/sobe-para-26-o-numero-de-mortos-durante-confronto-com-a-policia-de-minas-gerais\"]}]},{\"@type\":\"ImageObject\",\"inLanguage\":\"pt-BR\",\"@id\":\"https:\\\/\\\/redenoticiaz.com.br\\\/litoralsp\\\/2021\\\/11\\\/01\\\/sobe-para-26-o-numero-de-mortos-durante-confronto-com-a-policia-de-minas-gerais#primaryimage\",\"url\":\"https:\\\/\\\/redenoticiaz.com.br\\\/litoralsp\\\/wp-content\\\/uploads\\\/sites\\\/3\\\/2021\\\/11\\\/armamento-4.jpg\",\"contentUrl\":\"https:\\\/\\\/redenoticiaz.com.br\\\/litoralsp\\\/wp-content\\\/uploads\\\/sites\\\/3\\\/2021\\\/11\\\/armamento-4.jpg\",\"width\":1008,\"height\":558,\"caption\":\"Cr\u00e9ditos: Reprodu\u00e7\u00e3o.\"},{\"@type\":\"WebSite\",\"@id\":\"https:\\\/\\\/redenoticiaz.com.br\\\/litoralsp\\\/#website\",\"url\":\"https:\\\/\\\/redenoticiaz.com.br\\\/litoralsp\\\/\",\"name\":\"Litoral SP\",\"description\":\"Rede NoticiaZ\",\"publisher\":{\"@id\":\"https:\\\/\\\/redenoticiaz.com.br\\\/litoralsp\\\/#organization\"},\"potentialAction\":[{\"@type\":\"SearchAction\",\"target\":{\"@type\":\"EntryPoint\",\"urlTemplate\":\"https:\\\/\\\/redenoticiaz.com.br\\\/litoralsp\\\/?s={search_term_string}\"},\"query-input\":{\"@type\":\"PropertyValueSpecification\",\"valueRequired\":true,\"valueName\":\"search_term_string\"}}],\"inLanguage\":\"pt-BR\"},{\"@type\":\"Organization\",\"@id\":\"https:\\\/\\\/redenoticiaz.com.br\\\/litoralsp\\\/#organization\",\"name\":\"Litoral SP\",\"url\":\"https:\\\/\\\/redenoticiaz.com.br\\\/litoralsp\\\/\",\"logo\":{\"@type\":\"ImageObject\",\"inLanguage\":\"pt-BR\",\"@id\":\"https:\\\/\\\/redenoticiaz.com.br\\\/litoralsp\\\/#\\\/schema\\\/logo\\\/image\\\/\",\"url\":\"https:\\\/\\\/redenoticiaz.com.br\\\/litoralsp\\\/wp-content\\\/uploads\\\/sites\\\/3\\\/2020\\\/11\\\/logo.jpg\",\"contentUrl\":\"https:\\\/\\\/redenoticiaz.com.br\\\/litoralsp\\\/wp-content\\\/uploads\\\/sites\\\/3\\\/2020\\\/11\\\/logo.jpg\",\"width\":400,\"height\":250,\"caption\":\"Litoral SP\"},\"image\":{\"@id\":\"https:\\\/\\\/redenoticiaz.com.br\\\/litoralsp\\\/#\\\/schema\\\/logo\\\/image\\\/\"}},{\"@type\":\"Person\",\"@id\":\"https:\\\/\\\/redenoticiaz.com.br\\\/litoralsp\\\/#\\\/schema\\\/person\\\/0f0b8a5bdafefe82841e07ae8d81ecb3\",\"name\":\"Leonardo Francisco\",\"image\":{\"@type\":\"ImageObject\",\"inLanguage\":\"pt-BR\",\"@id\":\"https:\\\/\\\/secure.gravatar.com\\\/avatar\\\/a7358cb406a99b682ec6df1e77e31ae82e63601f6784e8a3df411d72b37864da?s=96&d=mm&r=g\",\"url\":\"https:\\\/\\\/secure.gravatar.com\\\/avatar\\\/a7358cb406a99b682ec6df1e77e31ae82e63601f6784e8a3df411d72b37864da?s=96&d=mm&r=g\",\"contentUrl\":\"https:\\\/\\\/secure.gravatar.com\\\/avatar\\\/a7358cb406a99b682ec6df1e77e31ae82e63601f6784e8a3df411d72b37864da?s=96&d=mm&r=g\",\"caption\":\"Leonardo Francisco\"},\"url\":\"https:\\\/\\\/redenoticiaz.com.br\\\/litoralsp\\\/author\\\/leonardo-francisco\"}]}<\/script>\n<!-- \/ Yoast SEO plugin. -->","yoast_head_json":{"title":"Sobe para 26 o n\u00famero de mortos durante confronto com a pol\u00edcia de Minas Gerais - Litoral SP","description":"Pol\u00edcia Militar e a quadrilha especializada em assalto a bancos, em Minas Gerais, foi confirmada. Assim o n\u00famero de \u00f3bitos chegou a 26.","robots":{"index":"index","follow":"follow","max-snippet":"max-snippet:-1","max-image-preview":"max-image-preview:large","max-video-preview":"max-video-preview:-1"},"canonical":"https:\/\/redenoticiaz.com.br\/litoralsp\/2021\/11\/01\/sobe-para-26-o-numero-de-mortos-durante-confronto-com-a-policia-de-minas-gerais","og_locale":"pt_BR","og_type":"article","og_title":"Sobe para 26 o n\u00famero de mortos durante confronto com a pol\u00edcia de Minas Gerais - Litoral SP","og_description":"Pol\u00edcia Militar e a quadrilha especializada em assalto a bancos, em Minas Gerais, foi confirmada. Assim o n\u00famero de \u00f3bitos chegou a 26.","og_url":"https:\/\/redenoticiaz.com.br\/litoralsp\/2021\/11\/01\/sobe-para-26-o-numero-de-mortos-durante-confronto-com-a-policia-de-minas-gerais","og_site_name":"Litoral SP","article_published_time":"2021-11-01T21:12:20+00:00","article_modified_time":"2021-11-01T21:15:40+00:00","og_image":[{"width":1008,"height":558,"url":"https:\/\/redenoticiaz.com.br\/litoralsp\/wp-content\/uploads\/sites\/3\/2021\/11\/armamento-4.jpg","type":"image\/jpeg"}],"author":"Leonardo Francisco","twitter_card":"summary_large_image","twitter_misc":{"Escrito por":"Leonardo Francisco","Est. tempo de leitura":"3 minutos"},"schema":{"@context":"https:\/\/schema.org","@graph":[{"@type":"Article","@id":"https:\/\/redenoticiaz.com.br\/litoralsp\/2021\/11\/01\/sobe-para-26-o-numero-de-mortos-durante-confronto-com-a-policia-de-minas-gerais#article","isPartOf":{"@id":"https:\/\/redenoticiaz.com.br\/litoralsp\/2021\/11\/01\/sobe-para-26-o-numero-de-mortos-durante-confronto-com-a-policia-de-minas-gerais"},"author":{"name":"Leonardo Francisco","@id":"https:\/\/redenoticiaz.com.br\/litoralsp\/#\/schema\/person\/0f0b8a5bdafefe82841e07ae8d81ecb3"},"headline":"Sobe para 26 o n\u00famero de mortos durante confronto com a pol\u00edcia de Minas Gerais","datePublished":"2021-11-01T21:12:20+00:00","dateModified":"2021-11-01T21:15:40+00:00","mainEntityOfPage":{"@id":"https:\/\/redenoticiaz.com.br\/litoralsp\/2021\/11\/01\/sobe-para-26-o-numero-de-mortos-durante-confronto-com-a-policia-de-minas-gerais"},"wordCount":627,"commentCount":0,"publisher":{"@id":"https:\/\/redenoticiaz.com.br\/litoralsp\/#organization"},"image":{"@id":"https:\/\/redenoticiaz.com.br\/litoralsp\/2021\/11\/01\/sobe-para-26-o-numero-de-mortos-durante-confronto-com-a-policia-de-minas-gerais#primaryimage"},"thumbnailUrl":"https:\/\/redenoticiaz.com.br\/litoralsp\/wp-content\/uploads\/sites\/3\/2021\/11\/armamento-4.jpg","keywords":["MINAS GERAIS","policia militar","QUADRILHA","ROUBO A BANCOS","SUSPEITOS MORTOS","VARGINHA"],"articleSection":["Pol\u00edcia"],"inLanguage":"pt-BR","potentialAction":[{"@type":"CommentAction","name":"Comment","target":["https:\/\/redenoticiaz.com.br\/litoralsp\/2021\/11\/01\/sobe-para-26-o-numero-de-mortos-durante-confronto-com-a-policia-de-minas-gerais#respond"]}]},{"@type":"WebPage","@id":"https:\/\/redenoticiaz.com.br\/litoralsp\/2021\/11\/01\/sobe-para-26-o-numero-de-mortos-durante-confronto-com-a-policia-de-minas-gerais","url":"https:\/\/redenoticiaz.com.br\/litoralsp\/2021\/11\/01\/sobe-para-26-o-numero-de-mortos-durante-confronto-com-a-policia-de-minas-gerais","name":"Sobe para 26 o n\u00famero de mortos durante confronto com a pol\u00edcia de Minas Gerais - Litoral SP","isPartOf":{"@id":"https:\/\/redenoticiaz.com.br\/litoralsp\/#website"},"primaryImageOfPage":{"@id":"https:\/\/redenoticiaz.com.br\/litoralsp\/2021\/11\/01\/sobe-para-26-o-numero-de-mortos-durante-confronto-com-a-policia-de-minas-gerais#primaryimage"},"image":{"@id":"https:\/\/redenoticiaz.com.br\/litoralsp\/2021\/11\/01\/sobe-para-26-o-numero-de-mortos-durante-confronto-com-a-policia-de-minas-gerais#primaryimage"},"thumbnailUrl":"https:\/\/redenoticiaz.com.br\/litoralsp\/wp-content\/uploads\/sites\/3\/2021\/11\/armamento-4.jpg","datePublished":"2021-11-01T21:12:20+00:00","dateModified":"2021-11-01T21:15:40+00:00","description":"Pol\u00edcia Militar e a quadrilha especializada em assalto a bancos, em Minas Gerais, foi confirmada. Assim o n\u00famero de \u00f3bitos chegou a 26.","inLanguage":"pt-BR","potentialAction":[{"@type":"ReadAction","target":["https:\/\/redenoticiaz.com.br\/litoralsp\/2021\/11\/01\/sobe-para-26-o-numero-de-mortos-durante-confronto-com-a-policia-de-minas-gerais"]}]},{"@type":"ImageObject","inLanguage":"pt-BR","@id":"https:\/\/redenoticiaz.com.br\/litoralsp\/2021\/11\/01\/sobe-para-26-o-numero-de-mortos-durante-confronto-com-a-policia-de-minas-gerais#primaryimage","url":"https:\/\/redenoticiaz.com.br\/litoralsp\/wp-content\/uploads\/sites\/3\/2021\/11\/armamento-4.jpg","contentUrl":"https:\/\/redenoticiaz.com.br\/litoralsp\/wp-content\/uploads\/sites\/3\/2021\/11\/armamento-4.jpg","width":1008,"height":558,"caption":"Cr\u00e9ditos: Reprodu\u00e7\u00e3o."},{"@type":"WebSite","@id":"https:\/\/redenoticiaz.com.br\/litoralsp\/#website","url":"https:\/\/redenoticiaz.com.br\/litoralsp\/","name":"Litoral SP","description":"Rede NoticiaZ","publisher":{"@id":"https:\/\/redenoticiaz.com.br\/litoralsp\/#organization"},"potentialAction":[{"@type":"SearchAction","target":{"@type":"EntryPoint","urlTemplate":"https:\/\/redenoticiaz.com.br\/litoralsp\/?s={search_term_string}"},"query-input":{"@type":"PropertyValueSpecification","valueRequired":true,"valueName":"search_term_string"}}],"inLanguage":"pt-BR"},{"@type":"Organization","@id":"https:\/\/redenoticiaz.com.br\/litoralsp\/#organization","name":"Litoral SP","url":"https:\/\/redenoticiaz.com.br\/litoralsp\/","logo":{"@type":"ImageObject","inLanguage":"pt-BR","@id":"https:\/\/redenoticiaz.com.br\/litoralsp\/#\/schema\/logo\/image\/","url":"https:\/\/redenoticiaz.com.br\/litoralsp\/wp-content\/uploads\/sites\/3\/2020\/11\/logo.jpg","contentUrl":"https:\/\/redenoticiaz.com.br\/litoralsp\/wp-content\/uploads\/sites\/3\/2020\/11\/logo.jpg","width":400,"height":250,"caption":"Litoral SP"},"image":{"@id":"https:\/\/redenoticiaz.com.br\/litoralsp\/#\/schema\/logo\/image\/"}},{"@type":"Person","@id":"https:\/\/redenoticiaz.com.br\/litoralsp\/#\/schema\/person\/0f0b8a5bdafefe82841e07ae8d81ecb3","name":"Leonardo Francisco","image":{"@type":"ImageObject","inLanguage":"pt-BR","@id":"https:\/\/secure.gravatar.com\/avatar\/a7358cb406a99b682ec6df1e77e31ae82e63601f6784e8a3df411d72b37864da?s=96&d=mm&r=g","url":"https:\/\/secure.gravatar.com\/avatar\/a7358cb406a99b682ec6df1e77e31ae82e63601f6784e8a3df411d72b37864da?s=96&d=mm&r=g","contentUrl":"https:\/\/secure.gravatar.com\/avatar\/a7358cb406a99b682ec6df1e77e31ae82e63601f6784e8a3df411d72b37864da?s=96&d=mm&r=g","caption":"Leonardo Francisco"},"url":"https:\/\/redenoticiaz.com.br\/litoralsp\/author\/leonardo-francisco"}]}},"_links":{"self":[{"href":"https:\/\/redenoticiaz.com.br\/litoralsp\/wp-json\/wp\/v2\/posts\/17517","targetHints":{"allow":["GET"]}}],"collection":[{"href":"https:\/\/redenoticiaz.com.br\/litoralsp\/wp-json\/wp\/v2\/posts"}],"about":[{"href":"https:\/\/redenoticiaz.com.br\/litoralsp\/wp-json\/wp\/v2\/types\/post"}],"author":[{"embeddable":true,"href":"https:\/\/redenoticiaz.com.br\/litoralsp\/wp-json\/wp\/v2\/users\/6"}],"replies":[{"embeddable":true,"href":"https:\/\/redenoticiaz.com.br\/litoralsp\/wp-json\/wp\/v2\/comments?post=17517"}],"version-history":[{"count":2,"href":"https:\/\/redenoticiaz.com.br\/litoralsp\/wp-json\/wp\/v2\/posts\/17517\/revisions"}],"predecessor-version":[{"id":17520,"href":"https:\/\/redenoticiaz.com.br\/litoralsp\/wp-json\/wp\/v2\/posts\/17517\/revisions\/17520"}],"wp:featuredmedia":[{"embeddable":true,"href":"https:\/\/redenoticiaz.com.br\/litoralsp\/wp-json\/wp\/v2\/media\/17518"}],"wp:attachment":[{"href":"https:\/\/redenoticiaz.com.br\/litoralsp\/wp-json\/wp\/v2\/media?parent=17517"}],"wp:term":[{"taxonomy":"category","embeddable":true,"href":"https:\/\/redenoticiaz.com.br\/litoralsp\/wp-json\/wp\/v2\/categories?post=17517"},{"taxonomy":"post_tag","embeddable":true,"href":"https:\/\/redenoticiaz.com.br\/litoralsp\/wp-json\/wp\/v2\/tags?post=17517"}],"curies":[{"name":"wp","href":"https:\/\/api.w.org\/{rel}","templated":true}]}}