{"id":17521,"date":"2021-11-01T18:27:36","date_gmt":"2021-11-01T21:27:36","guid":{"rendered":"https:\/\/redenoticiaz.com.br\/litoralsp\/?p=17521"},"modified":"2021-11-01T18:28:18","modified_gmt":"2021-11-01T21:28:18","slug":"obra-dentro-de-territorio-indigena-de-ubatuba-provoca-questionamentos","status":"publish","type":"post","link":"https:\/\/redenoticiaz.com.br\/litoralsp\/2021\/11\/01\/obra-dentro-de-territorio-indigena-de-ubatuba-provoca-questionamentos","title":{"rendered":"Obra dentro de territ\u00f3rio ind\u00edgena de Ubatuba provoca questionamentos"},"content":{"rendered":"<p>O Governo de S\u00e3o Paulo est\u00e1 mobilizando uma obra para melhorar o fluxo de turistas em <a href=\"https:\/\/www.ubatuba.sp.gov.br\/\">Ubatuba<\/a>. O problema \u00e9 que ela estaria ocorrendo dento de um <strong>territ\u00f3rio ind\u00edgena<\/strong> da Aldeia Renascer. A \u00e1rea j\u00e1 \u00e9 demarcada como ind\u00edgena e o grupo questiona as interven\u00e7\u00f5es sem autoriza\u00e7\u00e3o e a possibilidade de maior fluxo de turistas. A alega\u00e7\u00e3o \u00e9 que n\u00e3o houve aviso pr\u00e9vio sobre a proposta.<\/p>\n<p>Segundo o l\u00edder da Aldeia Renascer, ela tem 90 \u00edndios e fica em uma \u00e1rea de 2,5 mil hectares, pr\u00f3ximo ao pico do Corcovado, dentro do Parque Estadual da Serra do Mar, em Ubatuba. A regi\u00e3o \u00e9 demarcada como territ\u00f3rio ind\u00edgena e tem pontos de ecoturismo. De acordo com a Funda\u00e7\u00e3o Florestal, a obra no local seria para melhorias de acesso ao local.<\/p>\n<p>A comunidade questiona a a\u00e7\u00e3o, alertando que n\u00e3o foi comunicada sobre as interven\u00e7\u00f5es e reflexo das obras, j\u00e1 que pode aumentar o fluxo de pessoas no local. Os l\u00edderes da aldeia levantaram a discuss\u00e3o em meio a discuss\u00e3o sobre a demarca\u00e7\u00e3o de terras ind\u00edgenas.<\/p>\n<div class=\"mc-column content-text active-extra-styles \" data-block-type=\"unstyled\" data-block-weight=\"46\" data-block-id=\"9\">\n<p class=\"content-text__container \" data-track-category=\"Link no Texto\" data-track-links=\"\">De acordo com os moradores da aldeia, a rela\u00e7\u00e3o deles com a natureza \u00e9 muito importante, sendo inclusive fonte de renda para a comunidade, que extraem dela material para artesanato, por exemplo. Com as obras e o movimento de turistas, o local estaria sendo degradado.<\/p>\n<\/div>\n<div class=\"mc-column content-text active-extra-styles \" data-block-type=\"unstyled\" data-block-weight=\"62\" data-block-id=\"10\">\n<p class=\"content-text__container \" data-track-category=\"Link no Texto\" data-track-links=\"\">\u201cA comunidade aqui que fica na manuten\u00e7\u00e3o da rua, que faz o fisco para a prefeitura arrumar uma ponte, recolhe o lixo, que realiza um projeto agroflorestal. Tem muitas ag\u00eancias que controlam o acesso ao turismo, mas o que essas empresas deixam de contrapartida para a pr\u00f3pria comunidade local do bairro e para as comunidades tradicionais?\u201d, questionou o l\u00edder da aldeia.<\/p>\n<h3 data-track-category=\"Link no Texto\">Funda\u00e7\u00e3o Florestal<\/h3>\n<p>O Parque Estadual da Serra do Mar, onde fica a aldeia, \u00e9 administrado pela Funda\u00e7\u00e3o Florestal. Em nota, a entidade reconheceu que o di\u00e1logo com a comunidade ind\u00edgena precisa ser melhorado.<\/p>\n<p>Eles informaram ainda que as obras em andamento s\u00e3o de baixo impacto ambiental e v\u00e3o servir para aprimorar o trabalho dos guias tur\u00edsticos. A funda\u00e7\u00e3o disse tamb\u00e9m que est\u00e1 acompanhando a situa\u00e7\u00e3o para garantir que a aldeia seja consultada e informada sobre o empreendimento.<\/p>\n<p><strong>LEIA TAMB\u00c9M<\/strong><\/p>\n<p><a href=\"https:\/\/redenoticiaz.com.br\/litoralsp\/2021\/10\/30\/suspeito-de-envolvimento-em-assalto-a-comerciante-e-preso-com-r-145-mil-em-caraguatatuba\">Suspeito de envolvimento em assalto a comerciante \u00e9 preso com R$ 14,5 mil em Caraguatatuba<\/a><\/p>\n<\/div>\n","protected":false},"excerpt":{"rendered":"<p>O Governo de S\u00e3o Paulo est\u00e1 mobilizando uma obra para melhorar o fluxo de turistas em Ubatuba. O problema \u00e9 que ela estaria ocorrendo dento de um territ\u00f3rio ind\u00edgena da Aldeia Renascer. A \u00e1rea j\u00e1 \u00e9 demarcada como ind\u00edgena e o grupo questiona as interven\u00e7\u00f5es sem autoriza\u00e7\u00e3o e a possibilidade de maior fluxo de turistas. &hellip;<\/p>\n","protected":false},"author":6,"featured_media":17522,"comment_status":"open","ping_status":"closed","sticky":false,"template":"","format":"standard","meta":{"footnotes":""},"categories":[1487,189],"tags":[40171,1582,10713,40172,1333],"class_list":["post-17521","post","type-post","status-publish","format-standard","has-post-thumbnail","hentry","category-meio-ambiente","category-ubatuba","tag-aldeia-renascer","tag-obra","tag-polemica","tag-territorio-indigena","tag-ubatuba"],"yoast_head":"<!-- This site is optimized with the Yoast SEO plugin v27.5 - https:\/\/yoast.com\/product\/yoast-seo-wordpress\/ -->\n<title>Obra dentro de territ\u00f3rio ind\u00edgena de Ubatuba provoca questionamentos - Litoral SP<\/title>\n<meta name=\"description\" content=\"mobilizando uma obra para melhorar o fluxo de turistas em Ubatuba. O problema \u00e9 que ela estaria ocorrendo dento de um territ\u00f3rio ind\u00edgena da Aldeia\" \/>\n<meta name=\"robots\" content=\"index, follow, max-snippet:-1, max-image-preview:large, max-video-preview:-1\" \/>\n<link rel=\"canonical\" href=\"https:\/\/redenoticiaz.com.br\/litoralsp\/2021\/11\/01\/obra-dentro-de-territorio-indigena-de-ubatuba-provoca-questionamentos\" \/>\n<meta property=\"og:locale\" content=\"pt_BR\" \/>\n<meta property=\"og:type\" content=\"article\" \/>\n<meta property=\"og:title\" content=\"Obra dentro de territ\u00f3rio ind\u00edgena de Ubatuba provoca questionamentos - Litoral SP\" \/>\n<meta property=\"og:description\" content=\"mobilizando uma obra para melhorar o fluxo de turistas em Ubatuba. O problema \u00e9 que ela estaria ocorrendo dento de um territ\u00f3rio ind\u00edgena da Aldeia\" \/>\n<meta property=\"og:url\" content=\"https:\/\/redenoticiaz.com.br\/litoralsp\/2021\/11\/01\/obra-dentro-de-territorio-indigena-de-ubatuba-provoca-questionamentos\" \/>\n<meta property=\"og:site_name\" content=\"Litoral SP\" \/>\n<meta property=\"article:published_time\" content=\"2021-11-01T21:27:36+00:00\" \/>\n<meta property=\"article:modified_time\" content=\"2021-11-01T21:28:18+00:00\" \/>\n<meta property=\"og:image\" content=\"https:\/\/redenoticiaz.com.br\/litoralsp\/wp-content\/uploads\/sites\/3\/2021\/11\/aldeia-renascer.jpg\" \/>\n\t<meta property=\"og:image:width\" content=\"984\" \/>\n\t<meta property=\"og:image:height\" content=\"738\" \/>\n\t<meta property=\"og:image:type\" content=\"image\/jpeg\" \/>\n<meta name=\"author\" content=\"Leonardo Francisco\" \/>\n<meta name=\"twitter:card\" content=\"summary_large_image\" \/>\n<meta name=\"twitter:label1\" content=\"Escrito por\" \/>\n\t<meta name=\"twitter:data1\" content=\"Leonardo Francisco\" \/>\n\t<meta name=\"twitter:label2\" content=\"Est. tempo de leitura\" \/>\n\t<meta name=\"twitter:data2\" content=\"2 minutos\" \/>\n<script type=\"application\/ld+json\" class=\"yoast-schema-graph\">{\"@context\":\"https:\\\/\\\/schema.org\",\"@graph\":[{\"@type\":\"Article\",\"@id\":\"https:\\\/\\\/redenoticiaz.com.br\\\/litoralsp\\\/2021\\\/11\\\/01\\\/obra-dentro-de-territorio-indigena-de-ubatuba-provoca-questionamentos#article\",\"isPartOf\":{\"@id\":\"https:\\\/\\\/redenoticiaz.com.br\\\/litoralsp\\\/2021\\\/11\\\/01\\\/obra-dentro-de-territorio-indigena-de-ubatuba-provoca-questionamentos\"},\"author\":{\"name\":\"Leonardo Francisco\",\"@id\":\"https:\\\/\\\/redenoticiaz.com.br\\\/litoralsp\\\/#\\\/schema\\\/person\\\/0f0b8a5bdafefe82841e07ae8d81ecb3\"},\"headline\":\"Obra dentro de territ\u00f3rio ind\u00edgena de Ubatuba provoca questionamentos\",\"datePublished\":\"2021-11-01T21:27:36+00:00\",\"dateModified\":\"2021-11-01T21:28:18+00:00\",\"mainEntityOfPage\":{\"@id\":\"https:\\\/\\\/redenoticiaz.com.br\\\/litoralsp\\\/2021\\\/11\\\/01\\\/obra-dentro-de-territorio-indigena-de-ubatuba-provoca-questionamentos\"},\"wordCount\":413,\"commentCount\":0,\"publisher\":{\"@id\":\"https:\\\/\\\/redenoticiaz.com.br\\\/litoralsp\\\/#organization\"},\"image\":{\"@id\":\"https:\\\/\\\/redenoticiaz.com.br\\\/litoralsp\\\/2021\\\/11\\\/01\\\/obra-dentro-de-territorio-indigena-de-ubatuba-provoca-questionamentos#primaryimage\"},\"thumbnailUrl\":\"https:\\\/\\\/redenoticiaz.com.br\\\/litoralsp\\\/wp-content\\\/uploads\\\/sites\\\/3\\\/2021\\\/11\\\/aldeia-renascer.jpg\",\"keywords\":[\"ALDEIA RENASCER\",\"OBRA\",\"POL\u00caMICA\",\"TERRIT\u00d3RIO IND\u00cdGENA\",\"UBATUBA\"],\"articleSection\":[\"Meio Ambiente\",\"Ubatuba\"],\"inLanguage\":\"pt-BR\",\"potentialAction\":[{\"@type\":\"CommentAction\",\"name\":\"Comment\",\"target\":[\"https:\\\/\\\/redenoticiaz.com.br\\\/litoralsp\\\/2021\\\/11\\\/01\\\/obra-dentro-de-territorio-indigena-de-ubatuba-provoca-questionamentos#respond\"]}]},{\"@type\":\"WebPage\",\"@id\":\"https:\\\/\\\/redenoticiaz.com.br\\\/litoralsp\\\/2021\\\/11\\\/01\\\/obra-dentro-de-territorio-indigena-de-ubatuba-provoca-questionamentos\",\"url\":\"https:\\\/\\\/redenoticiaz.com.br\\\/litoralsp\\\/2021\\\/11\\\/01\\\/obra-dentro-de-territorio-indigena-de-ubatuba-provoca-questionamentos\",\"name\":\"Obra dentro de territ\u00f3rio ind\u00edgena de Ubatuba provoca questionamentos - Litoral SP\",\"isPartOf\":{\"@id\":\"https:\\\/\\\/redenoticiaz.com.br\\\/litoralsp\\\/#website\"},\"primaryImageOfPage\":{\"@id\":\"https:\\\/\\\/redenoticiaz.com.br\\\/litoralsp\\\/2021\\\/11\\\/01\\\/obra-dentro-de-territorio-indigena-de-ubatuba-provoca-questionamentos#primaryimage\"},\"image\":{\"@id\":\"https:\\\/\\\/redenoticiaz.com.br\\\/litoralsp\\\/2021\\\/11\\\/01\\\/obra-dentro-de-territorio-indigena-de-ubatuba-provoca-questionamentos#primaryimage\"},\"thumbnailUrl\":\"https:\\\/\\\/redenoticiaz.com.br\\\/litoralsp\\\/wp-content\\\/uploads\\\/sites\\\/3\\\/2021\\\/11\\\/aldeia-renascer.jpg\",\"datePublished\":\"2021-11-01T21:27:36+00:00\",\"dateModified\":\"2021-11-01T21:28:18+00:00\",\"description\":\"mobilizando uma obra para melhorar o fluxo de turistas em Ubatuba. O problema \u00e9 que ela estaria ocorrendo dento de um territ\u00f3rio ind\u00edgena da Aldeia\",\"inLanguage\":\"pt-BR\",\"potentialAction\":[{\"@type\":\"ReadAction\",\"target\":[\"https:\\\/\\\/redenoticiaz.com.br\\\/litoralsp\\\/2021\\\/11\\\/01\\\/obra-dentro-de-territorio-indigena-de-ubatuba-provoca-questionamentos\"]}]},{\"@type\":\"ImageObject\",\"inLanguage\":\"pt-BR\",\"@id\":\"https:\\\/\\\/redenoticiaz.com.br\\\/litoralsp\\\/2021\\\/11\\\/01\\\/obra-dentro-de-territorio-indigena-de-ubatuba-provoca-questionamentos#primaryimage\",\"url\":\"https:\\\/\\\/redenoticiaz.com.br\\\/litoralsp\\\/wp-content\\\/uploads\\\/sites\\\/3\\\/2021\\\/11\\\/aldeia-renascer.jpg\",\"contentUrl\":\"https:\\\/\\\/redenoticiaz.com.br\\\/litoralsp\\\/wp-content\\\/uploads\\\/sites\\\/3\\\/2021\\\/11\\\/aldeia-renascer.jpg\",\"width\":984,\"height\":738,\"caption\":\"Cr\u00e9ditos: Divulga\u00e7\u00e3o\\\/Aldeia Renascer\"},{\"@type\":\"WebSite\",\"@id\":\"https:\\\/\\\/redenoticiaz.com.br\\\/litoralsp\\\/#website\",\"url\":\"https:\\\/\\\/redenoticiaz.com.br\\\/litoralsp\\\/\",\"name\":\"Litoral SP\",\"description\":\"Rede NoticiaZ\",\"publisher\":{\"@id\":\"https:\\\/\\\/redenoticiaz.com.br\\\/litoralsp\\\/#organization\"},\"potentialAction\":[{\"@type\":\"SearchAction\",\"target\":{\"@type\":\"EntryPoint\",\"urlTemplate\":\"https:\\\/\\\/redenoticiaz.com.br\\\/litoralsp\\\/?s={search_term_string}\"},\"query-input\":{\"@type\":\"PropertyValueSpecification\",\"valueRequired\":true,\"valueName\":\"search_term_string\"}}],\"inLanguage\":\"pt-BR\"},{\"@type\":\"Organization\",\"@id\":\"https:\\\/\\\/redenoticiaz.com.br\\\/litoralsp\\\/#organization\",\"name\":\"Litoral SP\",\"url\":\"https:\\\/\\\/redenoticiaz.com.br\\\/litoralsp\\\/\",\"logo\":{\"@type\":\"ImageObject\",\"inLanguage\":\"pt-BR\",\"@id\":\"https:\\\/\\\/redenoticiaz.com.br\\\/litoralsp\\\/#\\\/schema\\\/logo\\\/image\\\/\",\"url\":\"https:\\\/\\\/redenoticiaz.com.br\\\/litoralsp\\\/wp-content\\\/uploads\\\/sites\\\/3\\\/2020\\\/11\\\/logo.jpg\",\"contentUrl\":\"https:\\\/\\\/redenoticiaz.com.br\\\/litoralsp\\\/wp-content\\\/uploads\\\/sites\\\/3\\\/2020\\\/11\\\/logo.jpg\",\"width\":400,\"height\":250,\"caption\":\"Litoral SP\"},\"image\":{\"@id\":\"https:\\\/\\\/redenoticiaz.com.br\\\/litoralsp\\\/#\\\/schema\\\/logo\\\/image\\\/\"}},{\"@type\":\"Person\",\"@id\":\"https:\\\/\\\/redenoticiaz.com.br\\\/litoralsp\\\/#\\\/schema\\\/person\\\/0f0b8a5bdafefe82841e07ae8d81ecb3\",\"name\":\"Leonardo Francisco\",\"image\":{\"@type\":\"ImageObject\",\"inLanguage\":\"pt-BR\",\"@id\":\"https:\\\/\\\/secure.gravatar.com\\\/avatar\\\/a7358cb406a99b682ec6df1e77e31ae82e63601f6784e8a3df411d72b37864da?s=96&d=mm&r=g\",\"url\":\"https:\\\/\\\/secure.gravatar.com\\\/avatar\\\/a7358cb406a99b682ec6df1e77e31ae82e63601f6784e8a3df411d72b37864da?s=96&d=mm&r=g\",\"contentUrl\":\"https:\\\/\\\/secure.gravatar.com\\\/avatar\\\/a7358cb406a99b682ec6df1e77e31ae82e63601f6784e8a3df411d72b37864da?s=96&d=mm&r=g\",\"caption\":\"Leonardo Francisco\"},\"url\":\"https:\\\/\\\/redenoticiaz.com.br\\\/litoralsp\\\/author\\\/leonardo-francisco\"}]}<\/script>\n<!-- \/ Yoast SEO plugin. -->","yoast_head_json":{"title":"Obra dentro de territ\u00f3rio ind\u00edgena de Ubatuba provoca questionamentos - Litoral SP","description":"mobilizando uma obra para melhorar o fluxo de turistas em Ubatuba. O problema \u00e9 que ela estaria ocorrendo dento de um territ\u00f3rio ind\u00edgena da Aldeia","robots":{"index":"index","follow":"follow","max-snippet":"max-snippet:-1","max-image-preview":"max-image-preview:large","max-video-preview":"max-video-preview:-1"},"canonical":"https:\/\/redenoticiaz.com.br\/litoralsp\/2021\/11\/01\/obra-dentro-de-territorio-indigena-de-ubatuba-provoca-questionamentos","og_locale":"pt_BR","og_type":"article","og_title":"Obra dentro de territ\u00f3rio ind\u00edgena de Ubatuba provoca questionamentos - Litoral SP","og_description":"mobilizando uma obra para melhorar o fluxo de turistas em Ubatuba. O problema \u00e9 que ela estaria ocorrendo dento de um territ\u00f3rio ind\u00edgena da Aldeia","og_url":"https:\/\/redenoticiaz.com.br\/litoralsp\/2021\/11\/01\/obra-dentro-de-territorio-indigena-de-ubatuba-provoca-questionamentos","og_site_name":"Litoral SP","article_published_time":"2021-11-01T21:27:36+00:00","article_modified_time":"2021-11-01T21:28:18+00:00","og_image":[{"width":984,"height":738,"url":"https:\/\/redenoticiaz.com.br\/litoralsp\/wp-content\/uploads\/sites\/3\/2021\/11\/aldeia-renascer.jpg","type":"image\/jpeg"}],"author":"Leonardo Francisco","twitter_card":"summary_large_image","twitter_misc":{"Escrito por":"Leonardo Francisco","Est. tempo de leitura":"2 minutos"},"schema":{"@context":"https:\/\/schema.org","@graph":[{"@type":"Article","@id":"https:\/\/redenoticiaz.com.br\/litoralsp\/2021\/11\/01\/obra-dentro-de-territorio-indigena-de-ubatuba-provoca-questionamentos#article","isPartOf":{"@id":"https:\/\/redenoticiaz.com.br\/litoralsp\/2021\/11\/01\/obra-dentro-de-territorio-indigena-de-ubatuba-provoca-questionamentos"},"author":{"name":"Leonardo Francisco","@id":"https:\/\/redenoticiaz.com.br\/litoralsp\/#\/schema\/person\/0f0b8a5bdafefe82841e07ae8d81ecb3"},"headline":"Obra dentro de territ\u00f3rio ind\u00edgena de Ubatuba provoca questionamentos","datePublished":"2021-11-01T21:27:36+00:00","dateModified":"2021-11-01T21:28:18+00:00","mainEntityOfPage":{"@id":"https:\/\/redenoticiaz.com.br\/litoralsp\/2021\/11\/01\/obra-dentro-de-territorio-indigena-de-ubatuba-provoca-questionamentos"},"wordCount":413,"commentCount":0,"publisher":{"@id":"https:\/\/redenoticiaz.com.br\/litoralsp\/#organization"},"image":{"@id":"https:\/\/redenoticiaz.com.br\/litoralsp\/2021\/11\/01\/obra-dentro-de-territorio-indigena-de-ubatuba-provoca-questionamentos#primaryimage"},"thumbnailUrl":"https:\/\/redenoticiaz.com.br\/litoralsp\/wp-content\/uploads\/sites\/3\/2021\/11\/aldeia-renascer.jpg","keywords":["ALDEIA RENASCER","OBRA","POL\u00caMICA","TERRIT\u00d3RIO IND\u00cdGENA","UBATUBA"],"articleSection":["Meio Ambiente","Ubatuba"],"inLanguage":"pt-BR","potentialAction":[{"@type":"CommentAction","name":"Comment","target":["https:\/\/redenoticiaz.com.br\/litoralsp\/2021\/11\/01\/obra-dentro-de-territorio-indigena-de-ubatuba-provoca-questionamentos#respond"]}]},{"@type":"WebPage","@id":"https:\/\/redenoticiaz.com.br\/litoralsp\/2021\/11\/01\/obra-dentro-de-territorio-indigena-de-ubatuba-provoca-questionamentos","url":"https:\/\/redenoticiaz.com.br\/litoralsp\/2021\/11\/01\/obra-dentro-de-territorio-indigena-de-ubatuba-provoca-questionamentos","name":"Obra dentro de territ\u00f3rio ind\u00edgena de Ubatuba provoca questionamentos - Litoral SP","isPartOf":{"@id":"https:\/\/redenoticiaz.com.br\/litoralsp\/#website"},"primaryImageOfPage":{"@id":"https:\/\/redenoticiaz.com.br\/litoralsp\/2021\/11\/01\/obra-dentro-de-territorio-indigena-de-ubatuba-provoca-questionamentos#primaryimage"},"image":{"@id":"https:\/\/redenoticiaz.com.br\/litoralsp\/2021\/11\/01\/obra-dentro-de-territorio-indigena-de-ubatuba-provoca-questionamentos#primaryimage"},"thumbnailUrl":"https:\/\/redenoticiaz.com.br\/litoralsp\/wp-content\/uploads\/sites\/3\/2021\/11\/aldeia-renascer.jpg","datePublished":"2021-11-01T21:27:36+00:00","dateModified":"2021-11-01T21:28:18+00:00","description":"mobilizando uma obra para melhorar o fluxo de turistas em Ubatuba. O problema \u00e9 que ela estaria ocorrendo dento de um territ\u00f3rio ind\u00edgena da Aldeia","inLanguage":"pt-BR","potentialAction":[{"@type":"ReadAction","target":["https:\/\/redenoticiaz.com.br\/litoralsp\/2021\/11\/01\/obra-dentro-de-territorio-indigena-de-ubatuba-provoca-questionamentos"]}]},{"@type":"ImageObject","inLanguage":"pt-BR","@id":"https:\/\/redenoticiaz.com.br\/litoralsp\/2021\/11\/01\/obra-dentro-de-territorio-indigena-de-ubatuba-provoca-questionamentos#primaryimage","url":"https:\/\/redenoticiaz.com.br\/litoralsp\/wp-content\/uploads\/sites\/3\/2021\/11\/aldeia-renascer.jpg","contentUrl":"https:\/\/redenoticiaz.com.br\/litoralsp\/wp-content\/uploads\/sites\/3\/2021\/11\/aldeia-renascer.jpg","width":984,"height":738,"caption":"Cr\u00e9ditos: Divulga\u00e7\u00e3o\/Aldeia Renascer"},{"@type":"WebSite","@id":"https:\/\/redenoticiaz.com.br\/litoralsp\/#website","url":"https:\/\/redenoticiaz.com.br\/litoralsp\/","name":"Litoral SP","description":"Rede NoticiaZ","publisher":{"@id":"https:\/\/redenoticiaz.com.br\/litoralsp\/#organization"},"potentialAction":[{"@type":"SearchAction","target":{"@type":"EntryPoint","urlTemplate":"https:\/\/redenoticiaz.com.br\/litoralsp\/?s={search_term_string}"},"query-input":{"@type":"PropertyValueSpecification","valueRequired":true,"valueName":"search_term_string"}}],"inLanguage":"pt-BR"},{"@type":"Organization","@id":"https:\/\/redenoticiaz.com.br\/litoralsp\/#organization","name":"Litoral SP","url":"https:\/\/redenoticiaz.com.br\/litoralsp\/","logo":{"@type":"ImageObject","inLanguage":"pt-BR","@id":"https:\/\/redenoticiaz.com.br\/litoralsp\/#\/schema\/logo\/image\/","url":"https:\/\/redenoticiaz.com.br\/litoralsp\/wp-content\/uploads\/sites\/3\/2020\/11\/logo.jpg","contentUrl":"https:\/\/redenoticiaz.com.br\/litoralsp\/wp-content\/uploads\/sites\/3\/2020\/11\/logo.jpg","width":400,"height":250,"caption":"Litoral SP"},"image":{"@id":"https:\/\/redenoticiaz.com.br\/litoralsp\/#\/schema\/logo\/image\/"}},{"@type":"Person","@id":"https:\/\/redenoticiaz.com.br\/litoralsp\/#\/schema\/person\/0f0b8a5bdafefe82841e07ae8d81ecb3","name":"Leonardo Francisco","image":{"@type":"ImageObject","inLanguage":"pt-BR","@id":"https:\/\/secure.gravatar.com\/avatar\/a7358cb406a99b682ec6df1e77e31ae82e63601f6784e8a3df411d72b37864da?s=96&d=mm&r=g","url":"https:\/\/secure.gravatar.com\/avatar\/a7358cb406a99b682ec6df1e77e31ae82e63601f6784e8a3df411d72b37864da?s=96&d=mm&r=g","contentUrl":"https:\/\/secure.gravatar.com\/avatar\/a7358cb406a99b682ec6df1e77e31ae82e63601f6784e8a3df411d72b37864da?s=96&d=mm&r=g","caption":"Leonardo Francisco"},"url":"https:\/\/redenoticiaz.com.br\/litoralsp\/author\/leonardo-francisco"}]}},"_links":{"self":[{"href":"https:\/\/redenoticiaz.com.br\/litoralsp\/wp-json\/wp\/v2\/posts\/17521","targetHints":{"allow":["GET"]}}],"collection":[{"href":"https:\/\/redenoticiaz.com.br\/litoralsp\/wp-json\/wp\/v2\/posts"}],"about":[{"href":"https:\/\/redenoticiaz.com.br\/litoralsp\/wp-json\/wp\/v2\/types\/post"}],"author":[{"embeddable":true,"href":"https:\/\/redenoticiaz.com.br\/litoralsp\/wp-json\/wp\/v2\/users\/6"}],"replies":[{"embeddable":true,"href":"https:\/\/redenoticiaz.com.br\/litoralsp\/wp-json\/wp\/v2\/comments?post=17521"}],"version-history":[{"count":1,"href":"https:\/\/redenoticiaz.com.br\/litoralsp\/wp-json\/wp\/v2\/posts\/17521\/revisions"}],"predecessor-version":[{"id":17523,"href":"https:\/\/redenoticiaz.com.br\/litoralsp\/wp-json\/wp\/v2\/posts\/17521\/revisions\/17523"}],"wp:featuredmedia":[{"embeddable":true,"href":"https:\/\/redenoticiaz.com.br\/litoralsp\/wp-json\/wp\/v2\/media\/17522"}],"wp:attachment":[{"href":"https:\/\/redenoticiaz.com.br\/litoralsp\/wp-json\/wp\/v2\/media?parent=17521"}],"wp:term":[{"taxonomy":"category","embeddable":true,"href":"https:\/\/redenoticiaz.com.br\/litoralsp\/wp-json\/wp\/v2\/categories?post=17521"},{"taxonomy":"post_tag","embeddable":true,"href":"https:\/\/redenoticiaz.com.br\/litoralsp\/wp-json\/wp\/v2\/tags?post=17521"}],"curies":[{"name":"wp","href":"https:\/\/api.w.org\/{rel}","templated":true}]}}