{"id":17593,"date":"2021-11-03T11:21:46","date_gmt":"2021-11-03T14:21:46","guid":{"rendered":"https:\/\/redenoticiaz.com.br\/litoralsp\/2021\/11\/03\/vacina-da-pfizer-contra-a-covid-19-e-recomendada-para-criancas-nos-estados-unidos"},"modified":"2021-11-03T11:25:13","modified_gmt":"2021-11-03T14:25:13","slug":"vacina-da-pfizer-contra-a-covid-19-e-recomendada-para-criancas-nos-estados-unidos","status":"publish","type":"post","link":"https:\/\/redenoticiaz.com.br\/litoralsp\/2021\/11\/03\/vacina-da-pfizer-contra-a-covid-19-e-recomendada-para-criancas-nos-estados-unidos","title":{"rendered":"Vacina da Pfizer contra a Covid-19 \u00e9 recomendada para crian\u00e7as nos Estados Unidos"},"content":{"rendered":"<p>A partir de agora a vacina\u00e7\u00e3o contra a Covid-19 da <strong>Pfizer<\/strong> est\u00e1 liberada para ser realizada em <strong>crian\u00e7as de 5 a 11 anos<\/strong>. O Centro de Controle e Preven\u00e7\u00e3o de Doen\u00e7as (CDC, sigla em ingl\u00eas), \u00f3rg\u00e3o de sa\u00fade dos Estados Unidos, liberou na ter\u00e7a-feira (2) a imuniza\u00e7\u00e3o para este p\u00fablico.<\/p>\n<div class=\"mc-column content-text active-extra-styles \" data-block-type=\"unstyled\" data-block-weight=\"57\" data-block-id=\"3\">\n<p class=\"content-text__container \" data-track-category=\"Link no Texto\" data-track-links=\"\">&#8220;O CDC agora expande a recomenda\u00e7\u00e3o de vacina\u00e7\u00e3o para cerca de 28 milh\u00f5es de crian\u00e7as nesta faixa et\u00e1ria nos Estados Unidos e permite que os distribuidores comecem a vacin\u00e1-las o mais r\u00e1pido poss\u00edvel&#8221;, disse o documento,\u00a0<a href=\"https:\/\/www.cdc.gov\/media\/releases\/2021\/s1102-PediatricCOVID-19Vaccine.html\" target=\"_blank\" rel=\"noopener noreferrer\">divulgado no site<\/a> do \u00f3rg\u00e3o de sa\u00fade. Dessa forma, a expectativa \u00e9 que essa nova fase de imuniza\u00e7\u00e3o comece ainda nesta semana.<\/p>\n<\/div>\n<div class=\"mc-column content-text active-extra-styles \" data-block-type=\"unstyled\" data-block-weight=\"48\" data-block-id=\"4\">\n<p class=\"content-text__container \" data-track-category=\"Link no Texto\" data-track-links=\"\">A\u00a0decis\u00e3o ocorre ap\u00f3s\u00a0a autoriza\u00e7\u00e3o da ag\u00eancia reguladora dos Estados Unidos (FDA, sigla em ingl\u00eas) na \u00faltima sexta-feira (29). Mesmo com uma absten\u00e7\u00e3o, os especialistas votaram de forma un\u00e2nime, apontando que os benef\u00edcios da preven\u00e7\u00e3o contra a Covid-19 superam eventuais riscos associados \u00e0 vacina\u00e7\u00e3o nesta faixa et\u00e1ria.<\/p>\n<div class=\"mc-column content-text active-extra-styles\" data-block-type=\"raw\" data-block-weight=\"2\" data-block-id=\"7\">\n<div class=\"content-intertitle\">\n<h2>Efic\u00e1cia comprovada<\/h2>\n<\/div>\n<\/div>\n<div class=\"mc-column content-text active-extra-styles \" data-block-type=\"unstyled\" data-block-weight=\"36\" data-block-id=\"8\">\n<p class=\"content-text__container \" data-track-category=\"Link no Texto\" data-track-links=\"\">No \u00faltimo dia 22 de outubro, a Pfizer informou que sua vacina contra a Covid-19 \u00e9 segura. Ela tem 90,7% de efic\u00e1cia na preven\u00e7\u00e3o de infec\u00e7\u00f5es em crian\u00e7as de 5 a 11 anos. Os dados foram enviados \u00e0 FDA.<\/p>\n<\/div>\n<div class=\"mc-column content-text active-extra-styles \" data-block-type=\"unstyled\" data-block-weight=\"30\" data-block-id=\"9\">\n<p class=\"content-text__container \" data-track-category=\"Link no Texto\" data-track-links=\"\">O estudo acompanhou 2.268 crian\u00e7as que receberam duas doses da vacina ou placebo, com tr\u00eas semanas de intervalo. Cada dose foi um ter\u00e7o da quantidade administrada a adolescentes e adultos.<\/p>\n<\/div>\n<div class=\"mc-column content-text active-extra-styles \" data-block-type=\"unstyled\" data-block-weight=\"21\" data-block-id=\"10\">\n<p class=\"content-text__container \" data-track-category=\"Link no Texto\" data-track-links=\"\">Segundo os pesquisadores, 16 crian\u00e7as que receberam o placebo foram infectadas com Covid-19, em compara\u00e7\u00e3o com tr\u00eas que receberam o imunizante.\u00a0Enquanto isso, no Brasil, a Pfizer e a Anvisa discutem a libera\u00e7\u00e3o do imunizante para as crian\u00e7as. Os dados j\u00e1 foram apresentados e resta agora aguardar a autoriza\u00e7\u00e3o.<\/p>\n<p data-track-category=\"Link no Texto\" data-track-links=\"\"><strong>LEIA TAMB\u00c9M<\/strong><\/p>\n<p data-track-category=\"Link no Texto\" data-track-links=\"\"><a href=\"https:\/\/redenoticiaz.com.br\/blog\/2021\/11\/03\/covid-19-oms-libera-vacina-da-covaxin-para-uso-emergencial\">Covid-19: OMS libera vacina da Covaxin para uso emergencial<\/a><\/p>\n<\/div>\n<\/div>\n","protected":false},"excerpt":{"rendered":"<p>A partir de agora a vacina\u00e7\u00e3o contra a Covid-19 da Pfizer est\u00e1 liberada para ser realizada em crian\u00e7as de 5 a 11 anos. O Centro de Controle e Preven\u00e7\u00e3o de Doen\u00e7as (CDC, sigla em ingl\u00eas), \u00f3rg\u00e3o de sa\u00fade dos Estados Unidos, liberou na ter\u00e7a-feira (2) a imuniza\u00e7\u00e3o para este p\u00fablico. &#8220;O CDC agora expande a &hellip;<\/p>\n","protected":false},"author":6,"featured_media":17594,"comment_status":"open","ping_status":"closed","sticky":false,"template":"","format":"standard","meta":{"footnotes":""},"categories":[84,23],"tags":[33633,33041,8808,4495,25170,1249,17082],"class_list":["post-17593","post","type-post","status-publish","format-standard","has-post-thumbnail","hentry","category-mundo","category-saude","tag-5-a-11-anos","tag-cdc","tag-criancas","tag-estados-unidos","tag-fda","tag-pfizer","tag-vacina-contra-a-covid-19"],"yoast_head":"<!-- This site is optimized with the Yoast SEO plugin v27.4 - https:\/\/yoast.com\/product\/yoast-seo-wordpress\/ -->\n<title>Vacina da Pfizer contra a Covid-19 \u00e9 recomendada para crian\u00e7as nos Estados Unidos - Litoral SP<\/title>\n<meta name=\"description\" content=\"agora a vacina\u00e7\u00e3o contra a Covid-19 da Pfizer est\u00e1 liberada para ser realizada em crian\u00e7as de 5 a 11 anos. O Centro de Controle\" \/>\n<meta name=\"robots\" content=\"index, follow, max-snippet:-1, max-image-preview:large, max-video-preview:-1\" \/>\n<link rel=\"canonical\" href=\"https:\/\/redenoticiaz.com.br\/litoralsp\/2021\/11\/03\/vacina-da-pfizer-contra-a-covid-19-e-recomendada-para-criancas-nos-estados-unidos\" \/>\n<meta property=\"og:locale\" content=\"pt_BR\" \/>\n<meta property=\"og:type\" content=\"article\" \/>\n<meta property=\"og:title\" content=\"Vacina da Pfizer contra a Covid-19 \u00e9 recomendada para crian\u00e7as nos Estados Unidos - Litoral SP\" \/>\n<meta property=\"og:description\" content=\"agora a vacina\u00e7\u00e3o contra a Covid-19 da Pfizer est\u00e1 liberada para ser realizada em crian\u00e7as de 5 a 11 anos. O Centro de Controle\" \/>\n<meta property=\"og:url\" content=\"https:\/\/redenoticiaz.com.br\/litoralsp\/2021\/11\/03\/vacina-da-pfizer-contra-a-covid-19-e-recomendada-para-criancas-nos-estados-unidos\" \/>\n<meta property=\"og:site_name\" content=\"Litoral SP\" \/>\n<meta property=\"article:published_time\" content=\"2021-11-03T14:21:46+00:00\" \/>\n<meta property=\"article:modified_time\" content=\"2021-11-03T14:25:13+00:00\" \/>\n<meta property=\"og:image\" content=\"https:\/\/redenoticiaz.com.br\/litoralsp\/wp-content\/uploads\/sites\/3\/2021\/11\/pfizer.jpg\" \/>\n\t<meta property=\"og:image:width\" content=\"984\" \/>\n\t<meta property=\"og:image:height\" content=\"650\" \/>\n\t<meta property=\"og:image:type\" content=\"image\/jpeg\" \/>\n<meta name=\"author\" content=\"Leonardo Francisco\" \/>\n<meta name=\"twitter:card\" content=\"summary_large_image\" \/>\n<meta name=\"twitter:label1\" content=\"Escrito por\" \/>\n\t<meta name=\"twitter:data1\" content=\"Leonardo Francisco\" \/>\n\t<meta name=\"twitter:label2\" content=\"Est. tempo de leitura\" \/>\n\t<meta name=\"twitter:data2\" content=\"2 minutos\" \/>\n<script type=\"application\/ld+json\" class=\"yoast-schema-graph\">{\"@context\":\"https:\\\/\\\/schema.org\",\"@graph\":[{\"@type\":\"Article\",\"@id\":\"https:\\\/\\\/redenoticiaz.com.br\\\/litoralsp\\\/2021\\\/11\\\/03\\\/vacina-da-pfizer-contra-a-covid-19-e-recomendada-para-criancas-nos-estados-unidos#article\",\"isPartOf\":{\"@id\":\"https:\\\/\\\/redenoticiaz.com.br\\\/litoralsp\\\/2021\\\/11\\\/03\\\/vacina-da-pfizer-contra-a-covid-19-e-recomendada-para-criancas-nos-estados-unidos\"},\"author\":{\"name\":\"Leonardo Francisco\",\"@id\":\"https:\\\/\\\/redenoticiaz.com.br\\\/litoralsp\\\/#\\\/schema\\\/person\\\/0f0b8a5bdafefe82841e07ae8d81ecb3\"},\"headline\":\"Vacina da Pfizer contra a Covid-19 \u00e9 recomendada para crian\u00e7as nos Estados Unidos\",\"datePublished\":\"2021-11-03T14:21:46+00:00\",\"dateModified\":\"2021-11-03T14:25:13+00:00\",\"mainEntityOfPage\":{\"@id\":\"https:\\\/\\\/redenoticiaz.com.br\\\/litoralsp\\\/2021\\\/11\\\/03\\\/vacina-da-pfizer-contra-a-covid-19-e-recomendada-para-criancas-nos-estados-unidos\"},\"wordCount\":332,\"commentCount\":0,\"publisher\":{\"@id\":\"https:\\\/\\\/redenoticiaz.com.br\\\/litoralsp\\\/#organization\"},\"image\":{\"@id\":\"https:\\\/\\\/redenoticiaz.com.br\\\/litoralsp\\\/2021\\\/11\\\/03\\\/vacina-da-pfizer-contra-a-covid-19-e-recomendada-para-criancas-nos-estados-unidos#primaryimage\"},\"thumbnailUrl\":\"https:\\\/\\\/redenoticiaz.com.br\\\/litoralsp\\\/wp-content\\\/uploads\\\/sites\\\/3\\\/2021\\\/11\\\/pfizer.jpg\",\"keywords\":[\"5 A 11 ANOS\",\"CDC\",\"Crian\u00e7as\",\"Estados Unidos\",\"FDA\",\"Pfizer\",\"VACINA CONTRA A COVID-19\"],\"articleSection\":[\"Mundo\",\"Sa\u00fade\"],\"inLanguage\":\"pt-BR\",\"potentialAction\":[{\"@type\":\"CommentAction\",\"name\":\"Comment\",\"target\":[\"https:\\\/\\\/redenoticiaz.com.br\\\/litoralsp\\\/2021\\\/11\\\/03\\\/vacina-da-pfizer-contra-a-covid-19-e-recomendada-para-criancas-nos-estados-unidos#respond\"]}]},{\"@type\":\"WebPage\",\"@id\":\"https:\\\/\\\/redenoticiaz.com.br\\\/litoralsp\\\/2021\\\/11\\\/03\\\/vacina-da-pfizer-contra-a-covid-19-e-recomendada-para-criancas-nos-estados-unidos\",\"url\":\"https:\\\/\\\/redenoticiaz.com.br\\\/litoralsp\\\/2021\\\/11\\\/03\\\/vacina-da-pfizer-contra-a-covid-19-e-recomendada-para-criancas-nos-estados-unidos\",\"name\":\"Vacina da Pfizer contra a Covid-19 \u00e9 recomendada para crian\u00e7as nos Estados Unidos - Litoral SP\",\"isPartOf\":{\"@id\":\"https:\\\/\\\/redenoticiaz.com.br\\\/litoralsp\\\/#website\"},\"primaryImageOfPage\":{\"@id\":\"https:\\\/\\\/redenoticiaz.com.br\\\/litoralsp\\\/2021\\\/11\\\/03\\\/vacina-da-pfizer-contra-a-covid-19-e-recomendada-para-criancas-nos-estados-unidos#primaryimage\"},\"image\":{\"@id\":\"https:\\\/\\\/redenoticiaz.com.br\\\/litoralsp\\\/2021\\\/11\\\/03\\\/vacina-da-pfizer-contra-a-covid-19-e-recomendada-para-criancas-nos-estados-unidos#primaryimage\"},\"thumbnailUrl\":\"https:\\\/\\\/redenoticiaz.com.br\\\/litoralsp\\\/wp-content\\\/uploads\\\/sites\\\/3\\\/2021\\\/11\\\/pfizer.jpg\",\"datePublished\":\"2021-11-03T14:21:46+00:00\",\"dateModified\":\"2021-11-03T14:25:13+00:00\",\"description\":\"agora a vacina\u00e7\u00e3o contra a Covid-19 da Pfizer est\u00e1 liberada para ser realizada em crian\u00e7as de 5 a 11 anos. O Centro de Controle\",\"inLanguage\":\"pt-BR\",\"potentialAction\":[{\"@type\":\"ReadAction\",\"target\":[\"https:\\\/\\\/redenoticiaz.com.br\\\/litoralsp\\\/2021\\\/11\\\/03\\\/vacina-da-pfizer-contra-a-covid-19-e-recomendada-para-criancas-nos-estados-unidos\"]}]},{\"@type\":\"ImageObject\",\"inLanguage\":\"pt-BR\",\"@id\":\"https:\\\/\\\/redenoticiaz.com.br\\\/litoralsp\\\/2021\\\/11\\\/03\\\/vacina-da-pfizer-contra-a-covid-19-e-recomendada-para-criancas-nos-estados-unidos#primaryimage\",\"url\":\"https:\\\/\\\/redenoticiaz.com.br\\\/litoralsp\\\/wp-content\\\/uploads\\\/sites\\\/3\\\/2021\\\/11\\\/pfizer.jpg\",\"contentUrl\":\"https:\\\/\\\/redenoticiaz.com.br\\\/litoralsp\\\/wp-content\\\/uploads\\\/sites\\\/3\\\/2021\\\/11\\\/pfizer.jpg\",\"width\":984,\"height\":650,\"caption\":\"Foto: Geovana Albuquerque\\\/Ag\u00eancia Sa\u00fade DF (Ag\u00eancia Brasil)\"},{\"@type\":\"WebSite\",\"@id\":\"https:\\\/\\\/redenoticiaz.com.br\\\/litoralsp\\\/#website\",\"url\":\"https:\\\/\\\/redenoticiaz.com.br\\\/litoralsp\\\/\",\"name\":\"Litoral SP\",\"description\":\"Rede NoticiaZ\",\"publisher\":{\"@id\":\"https:\\\/\\\/redenoticiaz.com.br\\\/litoralsp\\\/#organization\"},\"potentialAction\":[{\"@type\":\"SearchAction\",\"target\":{\"@type\":\"EntryPoint\",\"urlTemplate\":\"https:\\\/\\\/redenoticiaz.com.br\\\/litoralsp\\\/?s={search_term_string}\"},\"query-input\":{\"@type\":\"PropertyValueSpecification\",\"valueRequired\":true,\"valueName\":\"search_term_string\"}}],\"inLanguage\":\"pt-BR\"},{\"@type\":\"Organization\",\"@id\":\"https:\\\/\\\/redenoticiaz.com.br\\\/litoralsp\\\/#organization\",\"name\":\"Litoral SP\",\"url\":\"https:\\\/\\\/redenoticiaz.com.br\\\/litoralsp\\\/\",\"logo\":{\"@type\":\"ImageObject\",\"inLanguage\":\"pt-BR\",\"@id\":\"https:\\\/\\\/redenoticiaz.com.br\\\/litoralsp\\\/#\\\/schema\\\/logo\\\/image\\\/\",\"url\":\"https:\\\/\\\/redenoticiaz.com.br\\\/litoralsp\\\/wp-content\\\/uploads\\\/sites\\\/3\\\/2020\\\/11\\\/logo.jpg\",\"contentUrl\":\"https:\\\/\\\/redenoticiaz.com.br\\\/litoralsp\\\/wp-content\\\/uploads\\\/sites\\\/3\\\/2020\\\/11\\\/logo.jpg\",\"width\":400,\"height\":250,\"caption\":\"Litoral SP\"},\"image\":{\"@id\":\"https:\\\/\\\/redenoticiaz.com.br\\\/litoralsp\\\/#\\\/schema\\\/logo\\\/image\\\/\"}},{\"@type\":\"Person\",\"@id\":\"https:\\\/\\\/redenoticiaz.com.br\\\/litoralsp\\\/#\\\/schema\\\/person\\\/0f0b8a5bdafefe82841e07ae8d81ecb3\",\"name\":\"Leonardo Francisco\",\"image\":{\"@type\":\"ImageObject\",\"inLanguage\":\"pt-BR\",\"@id\":\"https:\\\/\\\/secure.gravatar.com\\\/avatar\\\/a7358cb406a99b682ec6df1e77e31ae82e63601f6784e8a3df411d72b37864da?s=96&d=mm&r=g\",\"url\":\"https:\\\/\\\/secure.gravatar.com\\\/avatar\\\/a7358cb406a99b682ec6df1e77e31ae82e63601f6784e8a3df411d72b37864da?s=96&d=mm&r=g\",\"contentUrl\":\"https:\\\/\\\/secure.gravatar.com\\\/avatar\\\/a7358cb406a99b682ec6df1e77e31ae82e63601f6784e8a3df411d72b37864da?s=96&d=mm&r=g\",\"caption\":\"Leonardo Francisco\"},\"url\":\"https:\\\/\\\/redenoticiaz.com.br\\\/litoralsp\\\/author\\\/leonardo-francisco\"}]}<\/script>\n<!-- \/ Yoast SEO plugin. -->","yoast_head_json":{"title":"Vacina da Pfizer contra a Covid-19 \u00e9 recomendada para crian\u00e7as nos Estados Unidos - Litoral SP","description":"agora a vacina\u00e7\u00e3o contra a Covid-19 da Pfizer est\u00e1 liberada para ser realizada em crian\u00e7as de 5 a 11 anos. O Centro de Controle","robots":{"index":"index","follow":"follow","max-snippet":"max-snippet:-1","max-image-preview":"max-image-preview:large","max-video-preview":"max-video-preview:-1"},"canonical":"https:\/\/redenoticiaz.com.br\/litoralsp\/2021\/11\/03\/vacina-da-pfizer-contra-a-covid-19-e-recomendada-para-criancas-nos-estados-unidos","og_locale":"pt_BR","og_type":"article","og_title":"Vacina da Pfizer contra a Covid-19 \u00e9 recomendada para crian\u00e7as nos Estados Unidos - Litoral SP","og_description":"agora a vacina\u00e7\u00e3o contra a Covid-19 da Pfizer est\u00e1 liberada para ser realizada em crian\u00e7as de 5 a 11 anos. O Centro de Controle","og_url":"https:\/\/redenoticiaz.com.br\/litoralsp\/2021\/11\/03\/vacina-da-pfizer-contra-a-covid-19-e-recomendada-para-criancas-nos-estados-unidos","og_site_name":"Litoral SP","article_published_time":"2021-11-03T14:21:46+00:00","article_modified_time":"2021-11-03T14:25:13+00:00","og_image":[{"width":984,"height":650,"url":"https:\/\/redenoticiaz.com.br\/litoralsp\/wp-content\/uploads\/sites\/3\/2021\/11\/pfizer.jpg","type":"image\/jpeg"}],"author":"Leonardo Francisco","twitter_card":"summary_large_image","twitter_misc":{"Escrito por":"Leonardo Francisco","Est. tempo de leitura":"2 minutos"},"schema":{"@context":"https:\/\/schema.org","@graph":[{"@type":"Article","@id":"https:\/\/redenoticiaz.com.br\/litoralsp\/2021\/11\/03\/vacina-da-pfizer-contra-a-covid-19-e-recomendada-para-criancas-nos-estados-unidos#article","isPartOf":{"@id":"https:\/\/redenoticiaz.com.br\/litoralsp\/2021\/11\/03\/vacina-da-pfizer-contra-a-covid-19-e-recomendada-para-criancas-nos-estados-unidos"},"author":{"name":"Leonardo Francisco","@id":"https:\/\/redenoticiaz.com.br\/litoralsp\/#\/schema\/person\/0f0b8a5bdafefe82841e07ae8d81ecb3"},"headline":"Vacina da Pfizer contra a Covid-19 \u00e9 recomendada para crian\u00e7as nos Estados Unidos","datePublished":"2021-11-03T14:21:46+00:00","dateModified":"2021-11-03T14:25:13+00:00","mainEntityOfPage":{"@id":"https:\/\/redenoticiaz.com.br\/litoralsp\/2021\/11\/03\/vacina-da-pfizer-contra-a-covid-19-e-recomendada-para-criancas-nos-estados-unidos"},"wordCount":332,"commentCount":0,"publisher":{"@id":"https:\/\/redenoticiaz.com.br\/litoralsp\/#organization"},"image":{"@id":"https:\/\/redenoticiaz.com.br\/litoralsp\/2021\/11\/03\/vacina-da-pfizer-contra-a-covid-19-e-recomendada-para-criancas-nos-estados-unidos#primaryimage"},"thumbnailUrl":"https:\/\/redenoticiaz.com.br\/litoralsp\/wp-content\/uploads\/sites\/3\/2021\/11\/pfizer.jpg","keywords":["5 A 11 ANOS","CDC","Crian\u00e7as","Estados Unidos","FDA","Pfizer","VACINA CONTRA A COVID-19"],"articleSection":["Mundo","Sa\u00fade"],"inLanguage":"pt-BR","potentialAction":[{"@type":"CommentAction","name":"Comment","target":["https:\/\/redenoticiaz.com.br\/litoralsp\/2021\/11\/03\/vacina-da-pfizer-contra-a-covid-19-e-recomendada-para-criancas-nos-estados-unidos#respond"]}]},{"@type":"WebPage","@id":"https:\/\/redenoticiaz.com.br\/litoralsp\/2021\/11\/03\/vacina-da-pfizer-contra-a-covid-19-e-recomendada-para-criancas-nos-estados-unidos","url":"https:\/\/redenoticiaz.com.br\/litoralsp\/2021\/11\/03\/vacina-da-pfizer-contra-a-covid-19-e-recomendada-para-criancas-nos-estados-unidos","name":"Vacina da Pfizer contra a Covid-19 \u00e9 recomendada para crian\u00e7as nos Estados Unidos - Litoral SP","isPartOf":{"@id":"https:\/\/redenoticiaz.com.br\/litoralsp\/#website"},"primaryImageOfPage":{"@id":"https:\/\/redenoticiaz.com.br\/litoralsp\/2021\/11\/03\/vacina-da-pfizer-contra-a-covid-19-e-recomendada-para-criancas-nos-estados-unidos#primaryimage"},"image":{"@id":"https:\/\/redenoticiaz.com.br\/litoralsp\/2021\/11\/03\/vacina-da-pfizer-contra-a-covid-19-e-recomendada-para-criancas-nos-estados-unidos#primaryimage"},"thumbnailUrl":"https:\/\/redenoticiaz.com.br\/litoralsp\/wp-content\/uploads\/sites\/3\/2021\/11\/pfizer.jpg","datePublished":"2021-11-03T14:21:46+00:00","dateModified":"2021-11-03T14:25:13+00:00","description":"agora a vacina\u00e7\u00e3o contra a Covid-19 da Pfizer est\u00e1 liberada para ser realizada em crian\u00e7as de 5 a 11 anos. O Centro de Controle","inLanguage":"pt-BR","potentialAction":[{"@type":"ReadAction","target":["https:\/\/redenoticiaz.com.br\/litoralsp\/2021\/11\/03\/vacina-da-pfizer-contra-a-covid-19-e-recomendada-para-criancas-nos-estados-unidos"]}]},{"@type":"ImageObject","inLanguage":"pt-BR","@id":"https:\/\/redenoticiaz.com.br\/litoralsp\/2021\/11\/03\/vacina-da-pfizer-contra-a-covid-19-e-recomendada-para-criancas-nos-estados-unidos#primaryimage","url":"https:\/\/redenoticiaz.com.br\/litoralsp\/wp-content\/uploads\/sites\/3\/2021\/11\/pfizer.jpg","contentUrl":"https:\/\/redenoticiaz.com.br\/litoralsp\/wp-content\/uploads\/sites\/3\/2021\/11\/pfizer.jpg","width":984,"height":650,"caption":"Foto: Geovana Albuquerque\/Ag\u00eancia Sa\u00fade DF (Ag\u00eancia Brasil)"},{"@type":"WebSite","@id":"https:\/\/redenoticiaz.com.br\/litoralsp\/#website","url":"https:\/\/redenoticiaz.com.br\/litoralsp\/","name":"Litoral SP","description":"Rede NoticiaZ","publisher":{"@id":"https:\/\/redenoticiaz.com.br\/litoralsp\/#organization"},"potentialAction":[{"@type":"SearchAction","target":{"@type":"EntryPoint","urlTemplate":"https:\/\/redenoticiaz.com.br\/litoralsp\/?s={search_term_string}"},"query-input":{"@type":"PropertyValueSpecification","valueRequired":true,"valueName":"search_term_string"}}],"inLanguage":"pt-BR"},{"@type":"Organization","@id":"https:\/\/redenoticiaz.com.br\/litoralsp\/#organization","name":"Litoral SP","url":"https:\/\/redenoticiaz.com.br\/litoralsp\/","logo":{"@type":"ImageObject","inLanguage":"pt-BR","@id":"https:\/\/redenoticiaz.com.br\/litoralsp\/#\/schema\/logo\/image\/","url":"https:\/\/redenoticiaz.com.br\/litoralsp\/wp-content\/uploads\/sites\/3\/2020\/11\/logo.jpg","contentUrl":"https:\/\/redenoticiaz.com.br\/litoralsp\/wp-content\/uploads\/sites\/3\/2020\/11\/logo.jpg","width":400,"height":250,"caption":"Litoral SP"},"image":{"@id":"https:\/\/redenoticiaz.com.br\/litoralsp\/#\/schema\/logo\/image\/"}},{"@type":"Person","@id":"https:\/\/redenoticiaz.com.br\/litoralsp\/#\/schema\/person\/0f0b8a5bdafefe82841e07ae8d81ecb3","name":"Leonardo Francisco","image":{"@type":"ImageObject","inLanguage":"pt-BR","@id":"https:\/\/secure.gravatar.com\/avatar\/a7358cb406a99b682ec6df1e77e31ae82e63601f6784e8a3df411d72b37864da?s=96&d=mm&r=g","url":"https:\/\/secure.gravatar.com\/avatar\/a7358cb406a99b682ec6df1e77e31ae82e63601f6784e8a3df411d72b37864da?s=96&d=mm&r=g","contentUrl":"https:\/\/secure.gravatar.com\/avatar\/a7358cb406a99b682ec6df1e77e31ae82e63601f6784e8a3df411d72b37864da?s=96&d=mm&r=g","caption":"Leonardo Francisco"},"url":"https:\/\/redenoticiaz.com.br\/litoralsp\/author\/leonardo-francisco"}]}},"_links":{"self":[{"href":"https:\/\/redenoticiaz.com.br\/litoralsp\/wp-json\/wp\/v2\/posts\/17593","targetHints":{"allow":["GET"]}}],"collection":[{"href":"https:\/\/redenoticiaz.com.br\/litoralsp\/wp-json\/wp\/v2\/posts"}],"about":[{"href":"https:\/\/redenoticiaz.com.br\/litoralsp\/wp-json\/wp\/v2\/types\/post"}],"author":[{"embeddable":true,"href":"https:\/\/redenoticiaz.com.br\/litoralsp\/wp-json\/wp\/v2\/users\/6"}],"replies":[{"embeddable":true,"href":"https:\/\/redenoticiaz.com.br\/litoralsp\/wp-json\/wp\/v2\/comments?post=17593"}],"version-history":[{"count":1,"href":"https:\/\/redenoticiaz.com.br\/litoralsp\/wp-json\/wp\/v2\/posts\/17593\/revisions"}],"predecessor-version":[{"id":17595,"href":"https:\/\/redenoticiaz.com.br\/litoralsp\/wp-json\/wp\/v2\/posts\/17593\/revisions\/17595"}],"wp:featuredmedia":[{"embeddable":true,"href":"https:\/\/redenoticiaz.com.br\/litoralsp\/wp-json\/wp\/v2\/media\/17594"}],"wp:attachment":[{"href":"https:\/\/redenoticiaz.com.br\/litoralsp\/wp-json\/wp\/v2\/media?parent=17593"}],"wp:term":[{"taxonomy":"category","embeddable":true,"href":"https:\/\/redenoticiaz.com.br\/litoralsp\/wp-json\/wp\/v2\/categories?post=17593"},{"taxonomy":"post_tag","embeddable":true,"href":"https:\/\/redenoticiaz.com.br\/litoralsp\/wp-json\/wp\/v2\/tags?post=17593"}],"curies":[{"name":"wp","href":"https:\/\/api.w.org\/{rel}","templated":true}]}}