{"id":17655,"date":"2021-11-04T11:43:24","date_gmt":"2021-11-04T14:43:24","guid":{"rendered":"https:\/\/redenoticiaz.com.br\/litoralsp\/?p=17655"},"modified":"2021-11-04T13:15:25","modified_gmt":"2021-11-04T16:15:25","slug":"video-homem-e-preso-em-flagrante-apos-inserir-drogas-na-narina-de-um-cachorro","status":"publish","type":"post","link":"https:\/\/redenoticiaz.com.br\/litoralsp\/2021\/11\/04\/video-homem-e-preso-em-flagrante-apos-inserir-drogas-na-narina-de-um-cachorro","title":{"rendered":"V\u00cdDEO &#8211; Homem \u00e9 preso em flagrante ap\u00f3s inserir drogas na narina de um cachorro"},"content":{"rendered":"<p><strong>Homem de 29 anos \u00e9 preso em flagrante ap\u00f3s maltratar e inserir drogas na narina de um cachorro<\/strong>. Caso aconteceu em <a href=\"http:\/\/www.cubatao.sp.gov.br\/\">Cubat\u00e3o<\/a>, na tarde desta quarta-feira, no Parque S\u00e3o Luis.<\/p>\n<p>A pol\u00edcia teve conhecimento sobre o caso ap\u00f3s receber um v\u00eddeo que continua imagens do homem maltratando o animal. A equipe se dirigiu at\u00e9 um terreno localizado na Rua Vereador Giginio Aldo Trombino.<\/p>\n<div style=\"width: 480px;\" class=\"wp-video\"><video class=\"wp-video-shortcode\" id=\"video-17655-1\" width=\"480\" height=\"848\" preload=\"metadata\" controls=\"controls\"><source type=\"video\/mp4\" src=\"https:\/\/redenoticiaz.com.br\/litoralsp\/wp-content\/uploads\/sites\/3\/2021\/11\/whatsapp-video-2021-11-04-at-13-04-38.mp4?_=1\" \/><a href=\"https:\/\/redenoticiaz.com.br\/litoralsp\/wp-content\/uploads\/sites\/3\/2021\/11\/whatsapp-video-2021-11-04-at-13-04-38.mp4\">https:\/\/redenoticiaz.com.br\/litoralsp\/wp-content\/uploads\/sites\/3\/2021\/11\/whatsapp-video-2021-11-04-at-13-04-38.mp4<\/a><\/video><\/div>\n<p>Chegando ao local foram recebidos pelo pr\u00f3prio investigado, que informou ter ido \u00e0 Vila dos Pescadores para adquirir drogas, quando o \u201cvendedor\u201d disse que o cachorro tamb\u00e9m queria um pouco da droga. E que daria um pino de coca\u00edna para o indiv\u00edduo caso fizesse o animal consumir a droga.<\/p>\n<p>O homem ent\u00e3o inseriu a subst\u00e2ncia il\u00edcita na narina do animal. Os policiais se dirigiram \u00e0 casa da m\u00e3e do indiv\u00edduo, onde localizaram mais 5 cachorros e 4 gatos, todos em estado de maus tratos. Sendo requisitados exames periciais no local.<\/p>\n<p>Ele foi preso em flagrante e responder\u00e1 pelo crime de praticar ato de abuso a animais, com pena de reclus\u00e3o, de 2 a 5 anos, multa e proibi\u00e7\u00e3o da guarda dos animais.<\/p>\n<p><strong>LEIA TAMB\u00c9M<\/strong><\/p>\n<p><a href=\"https:\/\/redenoticiaz.com.br\/litoralsp\/2021\/11\/04\/video-mais-uma-quadrilha-de-assalto-a-banco-morre-apos-troca-de-tiros\">V\u00cdDEO \u2013 Mais uma quadrilha de assalto a banco morre ap\u00f3s troca de tiros<\/a><\/p>\n","protected":false},"excerpt":{"rendered":"<p>Homem de 29 anos \u00e9 preso em flagrante ap\u00f3s maltratar e inserir drogas na narina de um cachorro. Caso aconteceu em Cubat\u00e3o, na tarde desta quarta-feira, no Parque S\u00e3o Luis. A pol\u00edcia teve conhecimento sobre o caso ap\u00f3s receber um v\u00eddeo que continua imagens do homem maltratando o animal. A equipe se dirigiu at\u00e9 um &hellip;<\/p>\n","protected":false},"author":11,"featured_media":17658,"comment_status":"open","ping_status":"closed","sticky":false,"template":"","format":"standard","meta":{"footnotes":""},"categories":[186,10],"tags":[37325,20272,1024,72,6474,40342],"class_list":["post-17655","post","type-post","status-publish","format-standard","has-post-thumbnail","hentry","category-cubatao","category-policia","tag-animais","tag-cachorro","tag-cubatao","tag-drogas","tag-maus-tratos","tag-narina"],"yoast_head":"<!-- This site is optimized with the Yoast SEO plugin v27.4 - https:\/\/yoast.com\/product\/yoast-seo-wordpress\/ -->\n<title>V\u00cdDEO - Homem \u00e9 preso em flagrante ap\u00f3s inserir drogas na narina de um cachorro - Litoral SP<\/title>\n<meta name=\"description\" content=\"Homem de 29 anos \u00e9 preso em flagrante ap\u00f3s maltratar e inserir drogas na narina de um cachorro. Caso aconteceu em Cubat\u00e3o, na tarde desta quarta-feira\" \/>\n<meta name=\"robots\" content=\"index, follow, max-snippet:-1, max-image-preview:large, max-video-preview:-1\" \/>\n<link rel=\"canonical\" href=\"https:\/\/redenoticiaz.com.br\/litoralsp\/2021\/11\/04\/video-homem-e-preso-em-flagrante-apos-inserir-drogas-na-narina-de-um-cachorro\" \/>\n<meta property=\"og:locale\" content=\"pt_BR\" \/>\n<meta property=\"og:type\" content=\"article\" \/>\n<meta property=\"og:title\" content=\"V\u00cdDEO - Homem \u00e9 preso em flagrante ap\u00f3s inserir drogas na narina de um cachorro - Litoral SP\" \/>\n<meta property=\"og:description\" content=\"Homem de 29 anos \u00e9 preso em flagrante ap\u00f3s maltratar e inserir drogas na narina de um cachorro. Caso aconteceu em Cubat\u00e3o, na tarde desta quarta-feira\" \/>\n<meta property=\"og:url\" content=\"https:\/\/redenoticiaz.com.br\/litoralsp\/2021\/11\/04\/video-homem-e-preso-em-flagrante-apos-inserir-drogas-na-narina-de-um-cachorro\" \/>\n<meta property=\"og:site_name\" content=\"Litoral SP\" \/>\n<meta property=\"article:published_time\" content=\"2021-11-04T14:43:24+00:00\" \/>\n<meta property=\"article:modified_time\" content=\"2021-11-04T16:15:25+00:00\" \/>\n<meta property=\"og:image\" content=\"https:\/\/redenoticiaz.com.br\/litoralsp\/wp-content\/uploads\/sites\/3\/2021\/11\/whatsapp-image-2021-11-04-at-11-21-06.jpeg\" \/>\n\t<meta property=\"og:image:width\" content=\"1440\" \/>\n\t<meta property=\"og:image:height\" content=\"1080\" \/>\n\t<meta property=\"og:image:type\" content=\"image\/jpeg\" \/>\n<meta name=\"twitter:card\" content=\"summary_large_image\" \/>\n<meta name=\"twitter:label1\" content=\"Escrito por\" \/>\n\t<meta name=\"twitter:data1\" content=\"\" \/>\n\t<meta name=\"twitter:label2\" content=\"Est. tempo de leitura\" \/>\n\t<meta name=\"twitter:data2\" content=\"1 minuto\" \/>\n<script type=\"application\/ld+json\" class=\"yoast-schema-graph\">{\"@context\":\"https:\\\/\\\/schema.org\",\"@graph\":[{\"@type\":\"Article\",\"@id\":\"https:\\\/\\\/redenoticiaz.com.br\\\/litoralsp\\\/2021\\\/11\\\/04\\\/video-homem-e-preso-em-flagrante-apos-inserir-drogas-na-narina-de-um-cachorro#article\",\"isPartOf\":{\"@id\":\"https:\\\/\\\/redenoticiaz.com.br\\\/litoralsp\\\/2021\\\/11\\\/04\\\/video-homem-e-preso-em-flagrante-apos-inserir-drogas-na-narina-de-um-cachorro\"},\"author\":{\"name\":\"\",\"@id\":\"\"},\"headline\":\"V\u00cdDEO &#8211; Homem \u00e9 preso em flagrante ap\u00f3s inserir drogas na narina de um cachorro\",\"datePublished\":\"2021-11-04T14:43:24+00:00\",\"dateModified\":\"2021-11-04T16:15:25+00:00\",\"mainEntityOfPage\":{\"@id\":\"https:\\\/\\\/redenoticiaz.com.br\\\/litoralsp\\\/2021\\\/11\\\/04\\\/video-homem-e-preso-em-flagrante-apos-inserir-drogas-na-narina-de-um-cachorro\"},\"wordCount\":248,\"commentCount\":0,\"publisher\":{\"@id\":\"https:\\\/\\\/redenoticiaz.com.br\\\/litoralsp\\\/#organization\"},\"image\":{\"@id\":\"https:\\\/\\\/redenoticiaz.com.br\\\/litoralsp\\\/2021\\\/11\\\/04\\\/video-homem-e-preso-em-flagrante-apos-inserir-drogas-na-narina-de-um-cachorro#primaryimage\"},\"thumbnailUrl\":\"https:\\\/\\\/redenoticiaz.com.br\\\/litoralsp\\\/wp-content\\\/uploads\\\/sites\\\/3\\\/2021\\\/11\\\/whatsapp-image-2021-11-04-at-11-21-06.jpeg\",\"keywords\":[\"ANIMAIS\",\"CACHORRO\",\"CUBAT\u00c3O\",\"drogas\",\"MAUS-TRATOS\",\"NARINA\"],\"articleSection\":[\"Cubat\u00e3o\",\"Pol\u00edcia\"],\"inLanguage\":\"pt-BR\",\"potentialAction\":[{\"@type\":\"CommentAction\",\"name\":\"Comment\",\"target\":[\"https:\\\/\\\/redenoticiaz.com.br\\\/litoralsp\\\/2021\\\/11\\\/04\\\/video-homem-e-preso-em-flagrante-apos-inserir-drogas-na-narina-de-um-cachorro#respond\"]}]},{\"@type\":\"WebPage\",\"@id\":\"https:\\\/\\\/redenoticiaz.com.br\\\/litoralsp\\\/2021\\\/11\\\/04\\\/video-homem-e-preso-em-flagrante-apos-inserir-drogas-na-narina-de-um-cachorro\",\"url\":\"https:\\\/\\\/redenoticiaz.com.br\\\/litoralsp\\\/2021\\\/11\\\/04\\\/video-homem-e-preso-em-flagrante-apos-inserir-drogas-na-narina-de-um-cachorro\",\"name\":\"V\u00cdDEO - Homem \u00e9 preso em flagrante ap\u00f3s inserir drogas na narina de um cachorro - Litoral SP\",\"isPartOf\":{\"@id\":\"https:\\\/\\\/redenoticiaz.com.br\\\/litoralsp\\\/#website\"},\"primaryImageOfPage\":{\"@id\":\"https:\\\/\\\/redenoticiaz.com.br\\\/litoralsp\\\/2021\\\/11\\\/04\\\/video-homem-e-preso-em-flagrante-apos-inserir-drogas-na-narina-de-um-cachorro#primaryimage\"},\"image\":{\"@id\":\"https:\\\/\\\/redenoticiaz.com.br\\\/litoralsp\\\/2021\\\/11\\\/04\\\/video-homem-e-preso-em-flagrante-apos-inserir-drogas-na-narina-de-um-cachorro#primaryimage\"},\"thumbnailUrl\":\"https:\\\/\\\/redenoticiaz.com.br\\\/litoralsp\\\/wp-content\\\/uploads\\\/sites\\\/3\\\/2021\\\/11\\\/whatsapp-image-2021-11-04-at-11-21-06.jpeg\",\"datePublished\":\"2021-11-04T14:43:24+00:00\",\"dateModified\":\"2021-11-04T16:15:25+00:00\",\"description\":\"Homem de 29 anos \u00e9 preso em flagrante ap\u00f3s maltratar e inserir drogas na narina de um cachorro. Caso aconteceu em Cubat\u00e3o, na tarde desta quarta-feira\",\"inLanguage\":\"pt-BR\",\"potentialAction\":[{\"@type\":\"ReadAction\",\"target\":[\"https:\\\/\\\/redenoticiaz.com.br\\\/litoralsp\\\/2021\\\/11\\\/04\\\/video-homem-e-preso-em-flagrante-apos-inserir-drogas-na-narina-de-um-cachorro\"]}]},{\"@type\":\"ImageObject\",\"inLanguage\":\"pt-BR\",\"@id\":\"https:\\\/\\\/redenoticiaz.com.br\\\/litoralsp\\\/2021\\\/11\\\/04\\\/video-homem-e-preso-em-flagrante-apos-inserir-drogas-na-narina-de-um-cachorro#primaryimage\",\"url\":\"https:\\\/\\\/redenoticiaz.com.br\\\/litoralsp\\\/wp-content\\\/uploads\\\/sites\\\/3\\\/2021\\\/11\\\/whatsapp-image-2021-11-04-at-11-21-06.jpeg\",\"contentUrl\":\"https:\\\/\\\/redenoticiaz.com.br\\\/litoralsp\\\/wp-content\\\/uploads\\\/sites\\\/3\\\/2021\\\/11\\\/whatsapp-image-2021-11-04-at-11-21-06.jpeg\",\"width\":1440,\"height\":1080,\"caption\":\"Foto: Pol\u00edcia Civil\"},{\"@type\":\"WebSite\",\"@id\":\"https:\\\/\\\/redenoticiaz.com.br\\\/litoralsp\\\/#website\",\"url\":\"https:\\\/\\\/redenoticiaz.com.br\\\/litoralsp\\\/\",\"name\":\"Litoral SP\",\"description\":\"Rede NoticiaZ\",\"publisher\":{\"@id\":\"https:\\\/\\\/redenoticiaz.com.br\\\/litoralsp\\\/#organization\"},\"potentialAction\":[{\"@type\":\"SearchAction\",\"target\":{\"@type\":\"EntryPoint\",\"urlTemplate\":\"https:\\\/\\\/redenoticiaz.com.br\\\/litoralsp\\\/?s={search_term_string}\"},\"query-input\":{\"@type\":\"PropertyValueSpecification\",\"valueRequired\":true,\"valueName\":\"search_term_string\"}}],\"inLanguage\":\"pt-BR\"},{\"@type\":\"Organization\",\"@id\":\"https:\\\/\\\/redenoticiaz.com.br\\\/litoralsp\\\/#organization\",\"name\":\"Litoral SP\",\"url\":\"https:\\\/\\\/redenoticiaz.com.br\\\/litoralsp\\\/\",\"logo\":{\"@type\":\"ImageObject\",\"inLanguage\":\"pt-BR\",\"@id\":\"https:\\\/\\\/redenoticiaz.com.br\\\/litoralsp\\\/#\\\/schema\\\/logo\\\/image\\\/\",\"url\":\"https:\\\/\\\/redenoticiaz.com.br\\\/litoralsp\\\/wp-content\\\/uploads\\\/sites\\\/3\\\/2020\\\/11\\\/logo.jpg\",\"contentUrl\":\"https:\\\/\\\/redenoticiaz.com.br\\\/litoralsp\\\/wp-content\\\/uploads\\\/sites\\\/3\\\/2020\\\/11\\\/logo.jpg\",\"width\":400,\"height\":250,\"caption\":\"Litoral SP\"},\"image\":{\"@id\":\"https:\\\/\\\/redenoticiaz.com.br\\\/litoralsp\\\/#\\\/schema\\\/logo\\\/image\\\/\"}},{\"@type\":\"Person\",\"@id\":\"\",\"url\":\"https:\\\/\\\/redenoticiaz.com.br\\\/litoralsp\\\/author\"}]}<\/script>\n<!-- \/ Yoast SEO plugin. -->","yoast_head_json":{"title":"V\u00cdDEO - Homem \u00e9 preso em flagrante ap\u00f3s inserir drogas na narina de um cachorro - Litoral SP","description":"Homem de 29 anos \u00e9 preso em flagrante ap\u00f3s maltratar e inserir drogas na narina de um cachorro. Caso aconteceu em Cubat\u00e3o, na tarde desta quarta-feira","robots":{"index":"index","follow":"follow","max-snippet":"max-snippet:-1","max-image-preview":"max-image-preview:large","max-video-preview":"max-video-preview:-1"},"canonical":"https:\/\/redenoticiaz.com.br\/litoralsp\/2021\/11\/04\/video-homem-e-preso-em-flagrante-apos-inserir-drogas-na-narina-de-um-cachorro","og_locale":"pt_BR","og_type":"article","og_title":"V\u00cdDEO - Homem \u00e9 preso em flagrante ap\u00f3s inserir drogas na narina de um cachorro - Litoral SP","og_description":"Homem de 29 anos \u00e9 preso em flagrante ap\u00f3s maltratar e inserir drogas na narina de um cachorro. Caso aconteceu em Cubat\u00e3o, na tarde desta quarta-feira","og_url":"https:\/\/redenoticiaz.com.br\/litoralsp\/2021\/11\/04\/video-homem-e-preso-em-flagrante-apos-inserir-drogas-na-narina-de-um-cachorro","og_site_name":"Litoral SP","article_published_time":"2021-11-04T14:43:24+00:00","article_modified_time":"2021-11-04T16:15:25+00:00","og_image":[{"width":1440,"height":1080,"url":"https:\/\/redenoticiaz.com.br\/litoralsp\/wp-content\/uploads\/sites\/3\/2021\/11\/whatsapp-image-2021-11-04-at-11-21-06.jpeg","type":"image\/jpeg"}],"twitter_card":"summary_large_image","twitter_misc":{"Escrito por":"","Est. tempo de leitura":"1 minuto"},"schema":{"@context":"https:\/\/schema.org","@graph":[{"@type":"Article","@id":"https:\/\/redenoticiaz.com.br\/litoralsp\/2021\/11\/04\/video-homem-e-preso-em-flagrante-apos-inserir-drogas-na-narina-de-um-cachorro#article","isPartOf":{"@id":"https:\/\/redenoticiaz.com.br\/litoralsp\/2021\/11\/04\/video-homem-e-preso-em-flagrante-apos-inserir-drogas-na-narina-de-um-cachorro"},"author":{"name":"","@id":""},"headline":"V\u00cdDEO &#8211; Homem \u00e9 preso em flagrante ap\u00f3s inserir drogas na narina de um cachorro","datePublished":"2021-11-04T14:43:24+00:00","dateModified":"2021-11-04T16:15:25+00:00","mainEntityOfPage":{"@id":"https:\/\/redenoticiaz.com.br\/litoralsp\/2021\/11\/04\/video-homem-e-preso-em-flagrante-apos-inserir-drogas-na-narina-de-um-cachorro"},"wordCount":248,"commentCount":0,"publisher":{"@id":"https:\/\/redenoticiaz.com.br\/litoralsp\/#organization"},"image":{"@id":"https:\/\/redenoticiaz.com.br\/litoralsp\/2021\/11\/04\/video-homem-e-preso-em-flagrante-apos-inserir-drogas-na-narina-de-um-cachorro#primaryimage"},"thumbnailUrl":"https:\/\/redenoticiaz.com.br\/litoralsp\/wp-content\/uploads\/sites\/3\/2021\/11\/whatsapp-image-2021-11-04-at-11-21-06.jpeg","keywords":["ANIMAIS","CACHORRO","CUBAT\u00c3O","drogas","MAUS-TRATOS","NARINA"],"articleSection":["Cubat\u00e3o","Pol\u00edcia"],"inLanguage":"pt-BR","potentialAction":[{"@type":"CommentAction","name":"Comment","target":["https:\/\/redenoticiaz.com.br\/litoralsp\/2021\/11\/04\/video-homem-e-preso-em-flagrante-apos-inserir-drogas-na-narina-de-um-cachorro#respond"]}]},{"@type":"WebPage","@id":"https:\/\/redenoticiaz.com.br\/litoralsp\/2021\/11\/04\/video-homem-e-preso-em-flagrante-apos-inserir-drogas-na-narina-de-um-cachorro","url":"https:\/\/redenoticiaz.com.br\/litoralsp\/2021\/11\/04\/video-homem-e-preso-em-flagrante-apos-inserir-drogas-na-narina-de-um-cachorro","name":"V\u00cdDEO - Homem \u00e9 preso em flagrante ap\u00f3s inserir drogas na narina de um cachorro - Litoral SP","isPartOf":{"@id":"https:\/\/redenoticiaz.com.br\/litoralsp\/#website"},"primaryImageOfPage":{"@id":"https:\/\/redenoticiaz.com.br\/litoralsp\/2021\/11\/04\/video-homem-e-preso-em-flagrante-apos-inserir-drogas-na-narina-de-um-cachorro#primaryimage"},"image":{"@id":"https:\/\/redenoticiaz.com.br\/litoralsp\/2021\/11\/04\/video-homem-e-preso-em-flagrante-apos-inserir-drogas-na-narina-de-um-cachorro#primaryimage"},"thumbnailUrl":"https:\/\/redenoticiaz.com.br\/litoralsp\/wp-content\/uploads\/sites\/3\/2021\/11\/whatsapp-image-2021-11-04-at-11-21-06.jpeg","datePublished":"2021-11-04T14:43:24+00:00","dateModified":"2021-11-04T16:15:25+00:00","description":"Homem de 29 anos \u00e9 preso em flagrante ap\u00f3s maltratar e inserir drogas na narina de um cachorro. Caso aconteceu em Cubat\u00e3o, na tarde desta quarta-feira","inLanguage":"pt-BR","potentialAction":[{"@type":"ReadAction","target":["https:\/\/redenoticiaz.com.br\/litoralsp\/2021\/11\/04\/video-homem-e-preso-em-flagrante-apos-inserir-drogas-na-narina-de-um-cachorro"]}]},{"@type":"ImageObject","inLanguage":"pt-BR","@id":"https:\/\/redenoticiaz.com.br\/litoralsp\/2021\/11\/04\/video-homem-e-preso-em-flagrante-apos-inserir-drogas-na-narina-de-um-cachorro#primaryimage","url":"https:\/\/redenoticiaz.com.br\/litoralsp\/wp-content\/uploads\/sites\/3\/2021\/11\/whatsapp-image-2021-11-04-at-11-21-06.jpeg","contentUrl":"https:\/\/redenoticiaz.com.br\/litoralsp\/wp-content\/uploads\/sites\/3\/2021\/11\/whatsapp-image-2021-11-04-at-11-21-06.jpeg","width":1440,"height":1080,"caption":"Foto: Pol\u00edcia Civil"},{"@type":"WebSite","@id":"https:\/\/redenoticiaz.com.br\/litoralsp\/#website","url":"https:\/\/redenoticiaz.com.br\/litoralsp\/","name":"Litoral SP","description":"Rede NoticiaZ","publisher":{"@id":"https:\/\/redenoticiaz.com.br\/litoralsp\/#organization"},"potentialAction":[{"@type":"SearchAction","target":{"@type":"EntryPoint","urlTemplate":"https:\/\/redenoticiaz.com.br\/litoralsp\/?s={search_term_string}"},"query-input":{"@type":"PropertyValueSpecification","valueRequired":true,"valueName":"search_term_string"}}],"inLanguage":"pt-BR"},{"@type":"Organization","@id":"https:\/\/redenoticiaz.com.br\/litoralsp\/#organization","name":"Litoral SP","url":"https:\/\/redenoticiaz.com.br\/litoralsp\/","logo":{"@type":"ImageObject","inLanguage":"pt-BR","@id":"https:\/\/redenoticiaz.com.br\/litoralsp\/#\/schema\/logo\/image\/","url":"https:\/\/redenoticiaz.com.br\/litoralsp\/wp-content\/uploads\/sites\/3\/2020\/11\/logo.jpg","contentUrl":"https:\/\/redenoticiaz.com.br\/litoralsp\/wp-content\/uploads\/sites\/3\/2020\/11\/logo.jpg","width":400,"height":250,"caption":"Litoral SP"},"image":{"@id":"https:\/\/redenoticiaz.com.br\/litoralsp\/#\/schema\/logo\/image\/"}},{"@type":"Person","@id":"","url":"https:\/\/redenoticiaz.com.br\/litoralsp\/author"}]}},"_links":{"self":[{"href":"https:\/\/redenoticiaz.com.br\/litoralsp\/wp-json\/wp\/v2\/posts\/17655","targetHints":{"allow":["GET"]}}],"collection":[{"href":"https:\/\/redenoticiaz.com.br\/litoralsp\/wp-json\/wp\/v2\/posts"}],"about":[{"href":"https:\/\/redenoticiaz.com.br\/litoralsp\/wp-json\/wp\/v2\/types\/post"}],"author":[{"embeddable":true,"href":"https:\/\/redenoticiaz.com.br\/litoralsp\/wp-json\/wp\/v2\/users\/11"}],"replies":[{"embeddable":true,"href":"https:\/\/redenoticiaz.com.br\/litoralsp\/wp-json\/wp\/v2\/comments?post=17655"}],"version-history":[{"count":2,"href":"https:\/\/redenoticiaz.com.br\/litoralsp\/wp-json\/wp\/v2\/posts\/17655\/revisions"}],"predecessor-version":[{"id":17688,"href":"https:\/\/redenoticiaz.com.br\/litoralsp\/wp-json\/wp\/v2\/posts\/17655\/revisions\/17688"}],"wp:featuredmedia":[{"embeddable":true,"href":"https:\/\/redenoticiaz.com.br\/litoralsp\/wp-json\/wp\/v2\/media\/17658"}],"wp:attachment":[{"href":"https:\/\/redenoticiaz.com.br\/litoralsp\/wp-json\/wp\/v2\/media?parent=17655"}],"wp:term":[{"taxonomy":"category","embeddable":true,"href":"https:\/\/redenoticiaz.com.br\/litoralsp\/wp-json\/wp\/v2\/categories?post=17655"},{"taxonomy":"post_tag","embeddable":true,"href":"https:\/\/redenoticiaz.com.br\/litoralsp\/wp-json\/wp\/v2\/tags?post=17655"}],"curies":[{"name":"wp","href":"https:\/\/api.w.org\/{rel}","templated":true}]}}