{"id":17671,"date":"2021-11-04T12:12:32","date_gmt":"2021-11-04T15:12:32","guid":{"rendered":"https:\/\/redenoticiaz.com.br\/litoralsp\/?p=17671"},"modified":"2021-11-04T12:12:32","modified_gmt":"2021-11-04T15:12:32","slug":"caminhao-tomba-e-interdita-rodovia-anchieta-em-cubatao","status":"publish","type":"post","link":"https:\/\/redenoticiaz.com.br\/litoralsp\/2021\/11\/04\/caminhao-tomba-e-interdita-rodovia-anchieta-em-cubatao","title":{"rendered":"Caminh\u00e3o tomba e interdita Rodovia Anchieta em Cubat\u00e3o"},"content":{"rendered":"<div class=\"mc-column content-text active-extra-styles \" data-block-type=\"unstyled\" data-block-weight=\"54\" data-block-id=\"2\">\n<p class=\"content-text__container \" data-track-category=\"Link no Texto\" data-track-links=\"\">Um <strong>caminh\u00e3o-ba\u00fa tombou na rodovia Anchieta,<\/strong> na altura de <a href=\"http:\/\/cubatao.sp.gov.br\/\">Cubat\u00e3o<\/a> (SP), e causou a interdi\u00e7\u00e3o total da pista na manh\u00e3 desta quinta-feira (4). Segundo apurado, uma faixa foi liberada, por volta das 8h40, e h\u00e1 congestionamento no local. O motorista ficou levemente ferido e foi levado para uma unidade de sa\u00fade.<\/p>\n<\/div>\n<div class=\"wall protected-content\">\n<div class=\"mc-column content-text active-extra-styles \" data-block-type=\"unstyled\" data-block-weight=\"39\" data-block-id=\"3\">\n<p class=\"content-text__container \" data-track-category=\"Link no Texto\" data-track-links=\"\">De acordo com a Ecovias, concession\u00e1ria respons\u00e1vel pela rodovia, o acidente ocorreu no km 53, por volta das 6h50. O motorista descia pela pista norte, que estava operando sentido litoral, j\u00e1 que a sul estava interditada para obras.<\/p>\n<\/div>\n<div class=\"mc-column content-text active-extra-styles \" data-block-type=\"unstyled\" data-block-weight=\"27\" data-block-id=\"4\">\n<p class=\"content-text__container \" data-track-category=\"Link no Texto\" data-track-links=\"\">A Pol\u00edcia Militar Rodovi\u00e1ria ainda apura as causas do tombamento. O motorista teve escoria\u00e7\u00f5es leves e foi socorrido para o Hospital de Cubat\u00e3o, onde recebe atendimento.<\/p>\n<\/div>\n<div class=\"mc-column content-text active-extra-styles \" data-block-type=\"unstyled\" data-block-weight=\"45\" data-block-id=\"5\">\n<p class=\"content-text__container \" data-track-category=\"Link no Texto\" data-track-links=\"\">Ap\u00f3s o acidente, a concession\u00e1ria suspendeu os trabalhos no local devido ao tombamento, e a descida passou a ser realizada pela pista sul. Por volta das 8h40, uma faixa da via foi liberada para a descida, mas ainda h\u00e1 congestionamento at\u00e9 o quil\u00f4metro 53.<\/p>\n<p data-track-category=\"Link no Texto\" data-track-links=\"\"><strong>LEIA TAMB\u00c9M<\/strong><\/p>\n<p data-track-category=\"Link no Texto\" data-track-links=\"\"><a href=\"https:\/\/redenoticiaz.com.br\/litoralsp\/2021\/11\/04\/homem-e-preso-em-flagrante-apos-inserir-drogas-na-narina-de-um-cachorro\">Homem \u00e9 preso em flagrante ap\u00f3s inserir drogas na narina de um cachorro<\/a><\/p>\n<\/div>\n<\/div>\n","protected":false},"excerpt":{"rendered":"<p>Um caminh\u00e3o-ba\u00fa tombou na rodovia Anchieta, na altura de Cubat\u00e3o (SP), e causou a interdi\u00e7\u00e3o total da pista na manh\u00e3 desta quinta-feira (4). Segundo apurado, uma faixa foi liberada, por volta das 8h40, e h\u00e1 congestionamento no local. O motorista ficou levemente ferido e foi levado para uma unidade de sa\u00fade. De acordo com a &hellip;<\/p>\n","protected":false},"author":11,"featured_media":17672,"comment_status":"open","ping_status":"closed","sticky":false,"template":"","format":"standard","meta":{"footnotes":""},"categories":[186,5],"tags":[32837,111,1607,40346],"class_list":["post-17671","post","type-post","status-publish","format-standard","has-post-thumbnail","hentry","category-cubatao","category-transito","tag-anchieta","tag-caminhao","tag-rodovia-anchieta","tag-tomba"],"yoast_head":"<!-- This site is optimized with the Yoast SEO plugin v27.4 - https:\/\/yoast.com\/product\/yoast-seo-wordpress\/ -->\n<title>Caminh\u00e3o tomba e interdita Rodovia Anchieta em Cubat\u00e3o - Litoral SP<\/title>\n<meta name=\"description\" content=\"Um caminh\u00e3o-ba\u00fa tombou na rodovia Anchieta, na altura de Cubat\u00e3o (SP), e causou a interdi\u00e7\u00e3o total da pista na manh\u00e3 desta quinta-feira (4). Segundo apurado\" \/>\n<meta name=\"robots\" content=\"index, follow, max-snippet:-1, max-image-preview:large, max-video-preview:-1\" \/>\n<link rel=\"canonical\" href=\"https:\/\/redenoticiaz.com.br\/litoralsp\/2021\/11\/04\/caminhao-tomba-e-interdita-rodovia-anchieta-em-cubatao\" \/>\n<meta property=\"og:locale\" content=\"pt_BR\" \/>\n<meta property=\"og:type\" content=\"article\" \/>\n<meta property=\"og:title\" content=\"Caminh\u00e3o tomba e interdita Rodovia Anchieta em Cubat\u00e3o - Litoral SP\" \/>\n<meta property=\"og:description\" content=\"Um caminh\u00e3o-ba\u00fa tombou na rodovia Anchieta, na altura de Cubat\u00e3o (SP), e causou a interdi\u00e7\u00e3o total da pista na manh\u00e3 desta quinta-feira (4). Segundo apurado\" \/>\n<meta property=\"og:url\" content=\"https:\/\/redenoticiaz.com.br\/litoralsp\/2021\/11\/04\/caminhao-tomba-e-interdita-rodovia-anchieta-em-cubatao\" \/>\n<meta property=\"og:site_name\" content=\"Litoral SP\" \/>\n<meta property=\"article:published_time\" content=\"2021-11-04T15:12:32+00:00\" \/>\n<meta property=\"og:image\" content=\"https:\/\/redenoticiaz.com.br\/litoralsp\/wp-content\/uploads\/sites\/3\/2021\/11\/tomba-caminhao.jpg\" \/>\n\t<meta property=\"og:image:width\" content=\"984\" \/>\n\t<meta property=\"og:image:height\" content=\"554\" \/>\n\t<meta property=\"og:image:type\" content=\"image\/jpeg\" \/>\n<meta name=\"twitter:card\" content=\"summary_large_image\" \/>\n<meta name=\"twitter:label1\" content=\"Escrito por\" \/>\n\t<meta name=\"twitter:data1\" content=\"\" \/>\n\t<meta name=\"twitter:label2\" content=\"Est. tempo de leitura\" \/>\n\t<meta name=\"twitter:data2\" content=\"1 minuto\" \/>\n<script type=\"application\/ld+json\" class=\"yoast-schema-graph\">{\"@context\":\"https:\\\/\\\/schema.org\",\"@graph\":[{\"@type\":\"Article\",\"@id\":\"https:\\\/\\\/redenoticiaz.com.br\\\/litoralsp\\\/2021\\\/11\\\/04\\\/caminhao-tomba-e-interdita-rodovia-anchieta-em-cubatao#article\",\"isPartOf\":{\"@id\":\"https:\\\/\\\/redenoticiaz.com.br\\\/litoralsp\\\/2021\\\/11\\\/04\\\/caminhao-tomba-e-interdita-rodovia-anchieta-em-cubatao\"},\"author\":{\"name\":\"\",\"@id\":\"\"},\"headline\":\"Caminh\u00e3o tomba e interdita Rodovia Anchieta em Cubat\u00e3o\",\"datePublished\":\"2021-11-04T15:12:32+00:00\",\"mainEntityOfPage\":{\"@id\":\"https:\\\/\\\/redenoticiaz.com.br\\\/litoralsp\\\/2021\\\/11\\\/04\\\/caminhao-tomba-e-interdita-rodovia-anchieta-em-cubatao\"},\"wordCount\":195,\"commentCount\":0,\"publisher\":{\"@id\":\"https:\\\/\\\/redenoticiaz.com.br\\\/litoralsp\\\/#organization\"},\"image\":{\"@id\":\"https:\\\/\\\/redenoticiaz.com.br\\\/litoralsp\\\/2021\\\/11\\\/04\\\/caminhao-tomba-e-interdita-rodovia-anchieta-em-cubatao#primaryimage\"},\"thumbnailUrl\":\"https:\\\/\\\/redenoticiaz.com.br\\\/litoralsp\\\/wp-content\\\/uploads\\\/sites\\\/3\\\/2021\\\/11\\\/tomba-caminhao.jpg\",\"keywords\":[\"ANCHIETA\",\"caminh\u00e3o\",\"RODOVIA ANCHIETA\",\"TOMBA\"],\"articleSection\":[\"Cubat\u00e3o\",\"Tr\u00e2nsito\"],\"inLanguage\":\"pt-BR\",\"potentialAction\":[{\"@type\":\"CommentAction\",\"name\":\"Comment\",\"target\":[\"https:\\\/\\\/redenoticiaz.com.br\\\/litoralsp\\\/2021\\\/11\\\/04\\\/caminhao-tomba-e-interdita-rodovia-anchieta-em-cubatao#respond\"]}]},{\"@type\":\"WebPage\",\"@id\":\"https:\\\/\\\/redenoticiaz.com.br\\\/litoralsp\\\/2021\\\/11\\\/04\\\/caminhao-tomba-e-interdita-rodovia-anchieta-em-cubatao\",\"url\":\"https:\\\/\\\/redenoticiaz.com.br\\\/litoralsp\\\/2021\\\/11\\\/04\\\/caminhao-tomba-e-interdita-rodovia-anchieta-em-cubatao\",\"name\":\"Caminh\u00e3o tomba e interdita Rodovia Anchieta em Cubat\u00e3o - Litoral SP\",\"isPartOf\":{\"@id\":\"https:\\\/\\\/redenoticiaz.com.br\\\/litoralsp\\\/#website\"},\"primaryImageOfPage\":{\"@id\":\"https:\\\/\\\/redenoticiaz.com.br\\\/litoralsp\\\/2021\\\/11\\\/04\\\/caminhao-tomba-e-interdita-rodovia-anchieta-em-cubatao#primaryimage\"},\"image\":{\"@id\":\"https:\\\/\\\/redenoticiaz.com.br\\\/litoralsp\\\/2021\\\/11\\\/04\\\/caminhao-tomba-e-interdita-rodovia-anchieta-em-cubatao#primaryimage\"},\"thumbnailUrl\":\"https:\\\/\\\/redenoticiaz.com.br\\\/litoralsp\\\/wp-content\\\/uploads\\\/sites\\\/3\\\/2021\\\/11\\\/tomba-caminhao.jpg\",\"datePublished\":\"2021-11-04T15:12:32+00:00\",\"description\":\"Um caminh\u00e3o-ba\u00fa tombou na rodovia Anchieta, na altura de Cubat\u00e3o (SP), e causou a interdi\u00e7\u00e3o total da pista na manh\u00e3 desta quinta-feira (4). Segundo apurado\",\"inLanguage\":\"pt-BR\",\"potentialAction\":[{\"@type\":\"ReadAction\",\"target\":[\"https:\\\/\\\/redenoticiaz.com.br\\\/litoralsp\\\/2021\\\/11\\\/04\\\/caminhao-tomba-e-interdita-rodovia-anchieta-em-cubatao\"]}]},{\"@type\":\"ImageObject\",\"inLanguage\":\"pt-BR\",\"@id\":\"https:\\\/\\\/redenoticiaz.com.br\\\/litoralsp\\\/2021\\\/11\\\/04\\\/caminhao-tomba-e-interdita-rodovia-anchieta-em-cubatao#primaryimage\",\"url\":\"https:\\\/\\\/redenoticiaz.com.br\\\/litoralsp\\\/wp-content\\\/uploads\\\/sites\\\/3\\\/2021\\\/11\\\/tomba-caminhao.jpg\",\"contentUrl\":\"https:\\\/\\\/redenoticiaz.com.br\\\/litoralsp\\\/wp-content\\\/uploads\\\/sites\\\/3\\\/2021\\\/11\\\/tomba-caminhao.jpg\",\"width\":984,\"height\":554,\"caption\":\"Foto: Divulga\u00e7\u00e3o\"},{\"@type\":\"WebSite\",\"@id\":\"https:\\\/\\\/redenoticiaz.com.br\\\/litoralsp\\\/#website\",\"url\":\"https:\\\/\\\/redenoticiaz.com.br\\\/litoralsp\\\/\",\"name\":\"Litoral SP\",\"description\":\"Rede NoticiaZ\",\"publisher\":{\"@id\":\"https:\\\/\\\/redenoticiaz.com.br\\\/litoralsp\\\/#organization\"},\"potentialAction\":[{\"@type\":\"SearchAction\",\"target\":{\"@type\":\"EntryPoint\",\"urlTemplate\":\"https:\\\/\\\/redenoticiaz.com.br\\\/litoralsp\\\/?s={search_term_string}\"},\"query-input\":{\"@type\":\"PropertyValueSpecification\",\"valueRequired\":true,\"valueName\":\"search_term_string\"}}],\"inLanguage\":\"pt-BR\"},{\"@type\":\"Organization\",\"@id\":\"https:\\\/\\\/redenoticiaz.com.br\\\/litoralsp\\\/#organization\",\"name\":\"Litoral SP\",\"url\":\"https:\\\/\\\/redenoticiaz.com.br\\\/litoralsp\\\/\",\"logo\":{\"@type\":\"ImageObject\",\"inLanguage\":\"pt-BR\",\"@id\":\"https:\\\/\\\/redenoticiaz.com.br\\\/litoralsp\\\/#\\\/schema\\\/logo\\\/image\\\/\",\"url\":\"https:\\\/\\\/redenoticiaz.com.br\\\/litoralsp\\\/wp-content\\\/uploads\\\/sites\\\/3\\\/2020\\\/11\\\/logo.jpg\",\"contentUrl\":\"https:\\\/\\\/redenoticiaz.com.br\\\/litoralsp\\\/wp-content\\\/uploads\\\/sites\\\/3\\\/2020\\\/11\\\/logo.jpg\",\"width\":400,\"height\":250,\"caption\":\"Litoral SP\"},\"image\":{\"@id\":\"https:\\\/\\\/redenoticiaz.com.br\\\/litoralsp\\\/#\\\/schema\\\/logo\\\/image\\\/\"}},{\"@type\":\"Person\",\"@id\":\"\",\"url\":\"https:\\\/\\\/redenoticiaz.com.br\\\/litoralsp\\\/author\"}]}<\/script>\n<!-- \/ Yoast SEO plugin. -->","yoast_head_json":{"title":"Caminh\u00e3o tomba e interdita Rodovia Anchieta em Cubat\u00e3o - Litoral SP","description":"Um caminh\u00e3o-ba\u00fa tombou na rodovia Anchieta, na altura de Cubat\u00e3o (SP), e causou a interdi\u00e7\u00e3o total da pista na manh\u00e3 desta quinta-feira (4). Segundo apurado","robots":{"index":"index","follow":"follow","max-snippet":"max-snippet:-1","max-image-preview":"max-image-preview:large","max-video-preview":"max-video-preview:-1"},"canonical":"https:\/\/redenoticiaz.com.br\/litoralsp\/2021\/11\/04\/caminhao-tomba-e-interdita-rodovia-anchieta-em-cubatao","og_locale":"pt_BR","og_type":"article","og_title":"Caminh\u00e3o tomba e interdita Rodovia Anchieta em Cubat\u00e3o - Litoral SP","og_description":"Um caminh\u00e3o-ba\u00fa tombou na rodovia Anchieta, na altura de Cubat\u00e3o (SP), e causou a interdi\u00e7\u00e3o total da pista na manh\u00e3 desta quinta-feira (4). Segundo apurado","og_url":"https:\/\/redenoticiaz.com.br\/litoralsp\/2021\/11\/04\/caminhao-tomba-e-interdita-rodovia-anchieta-em-cubatao","og_site_name":"Litoral SP","article_published_time":"2021-11-04T15:12:32+00:00","og_image":[{"width":984,"height":554,"url":"https:\/\/redenoticiaz.com.br\/litoralsp\/wp-content\/uploads\/sites\/3\/2021\/11\/tomba-caminhao.jpg","type":"image\/jpeg"}],"twitter_card":"summary_large_image","twitter_misc":{"Escrito por":"","Est. tempo de leitura":"1 minuto"},"schema":{"@context":"https:\/\/schema.org","@graph":[{"@type":"Article","@id":"https:\/\/redenoticiaz.com.br\/litoralsp\/2021\/11\/04\/caminhao-tomba-e-interdita-rodovia-anchieta-em-cubatao#article","isPartOf":{"@id":"https:\/\/redenoticiaz.com.br\/litoralsp\/2021\/11\/04\/caminhao-tomba-e-interdita-rodovia-anchieta-em-cubatao"},"author":{"name":"","@id":""},"headline":"Caminh\u00e3o tomba e interdita Rodovia Anchieta em Cubat\u00e3o","datePublished":"2021-11-04T15:12:32+00:00","mainEntityOfPage":{"@id":"https:\/\/redenoticiaz.com.br\/litoralsp\/2021\/11\/04\/caminhao-tomba-e-interdita-rodovia-anchieta-em-cubatao"},"wordCount":195,"commentCount":0,"publisher":{"@id":"https:\/\/redenoticiaz.com.br\/litoralsp\/#organization"},"image":{"@id":"https:\/\/redenoticiaz.com.br\/litoralsp\/2021\/11\/04\/caminhao-tomba-e-interdita-rodovia-anchieta-em-cubatao#primaryimage"},"thumbnailUrl":"https:\/\/redenoticiaz.com.br\/litoralsp\/wp-content\/uploads\/sites\/3\/2021\/11\/tomba-caminhao.jpg","keywords":["ANCHIETA","caminh\u00e3o","RODOVIA ANCHIETA","TOMBA"],"articleSection":["Cubat\u00e3o","Tr\u00e2nsito"],"inLanguage":"pt-BR","potentialAction":[{"@type":"CommentAction","name":"Comment","target":["https:\/\/redenoticiaz.com.br\/litoralsp\/2021\/11\/04\/caminhao-tomba-e-interdita-rodovia-anchieta-em-cubatao#respond"]}]},{"@type":"WebPage","@id":"https:\/\/redenoticiaz.com.br\/litoralsp\/2021\/11\/04\/caminhao-tomba-e-interdita-rodovia-anchieta-em-cubatao","url":"https:\/\/redenoticiaz.com.br\/litoralsp\/2021\/11\/04\/caminhao-tomba-e-interdita-rodovia-anchieta-em-cubatao","name":"Caminh\u00e3o tomba e interdita Rodovia Anchieta em Cubat\u00e3o - Litoral SP","isPartOf":{"@id":"https:\/\/redenoticiaz.com.br\/litoralsp\/#website"},"primaryImageOfPage":{"@id":"https:\/\/redenoticiaz.com.br\/litoralsp\/2021\/11\/04\/caminhao-tomba-e-interdita-rodovia-anchieta-em-cubatao#primaryimage"},"image":{"@id":"https:\/\/redenoticiaz.com.br\/litoralsp\/2021\/11\/04\/caminhao-tomba-e-interdita-rodovia-anchieta-em-cubatao#primaryimage"},"thumbnailUrl":"https:\/\/redenoticiaz.com.br\/litoralsp\/wp-content\/uploads\/sites\/3\/2021\/11\/tomba-caminhao.jpg","datePublished":"2021-11-04T15:12:32+00:00","description":"Um caminh\u00e3o-ba\u00fa tombou na rodovia Anchieta, na altura de Cubat\u00e3o (SP), e causou a interdi\u00e7\u00e3o total da pista na manh\u00e3 desta quinta-feira (4). Segundo apurado","inLanguage":"pt-BR","potentialAction":[{"@type":"ReadAction","target":["https:\/\/redenoticiaz.com.br\/litoralsp\/2021\/11\/04\/caminhao-tomba-e-interdita-rodovia-anchieta-em-cubatao"]}]},{"@type":"ImageObject","inLanguage":"pt-BR","@id":"https:\/\/redenoticiaz.com.br\/litoralsp\/2021\/11\/04\/caminhao-tomba-e-interdita-rodovia-anchieta-em-cubatao#primaryimage","url":"https:\/\/redenoticiaz.com.br\/litoralsp\/wp-content\/uploads\/sites\/3\/2021\/11\/tomba-caminhao.jpg","contentUrl":"https:\/\/redenoticiaz.com.br\/litoralsp\/wp-content\/uploads\/sites\/3\/2021\/11\/tomba-caminhao.jpg","width":984,"height":554,"caption":"Foto: Divulga\u00e7\u00e3o"},{"@type":"WebSite","@id":"https:\/\/redenoticiaz.com.br\/litoralsp\/#website","url":"https:\/\/redenoticiaz.com.br\/litoralsp\/","name":"Litoral SP","description":"Rede NoticiaZ","publisher":{"@id":"https:\/\/redenoticiaz.com.br\/litoralsp\/#organization"},"potentialAction":[{"@type":"SearchAction","target":{"@type":"EntryPoint","urlTemplate":"https:\/\/redenoticiaz.com.br\/litoralsp\/?s={search_term_string}"},"query-input":{"@type":"PropertyValueSpecification","valueRequired":true,"valueName":"search_term_string"}}],"inLanguage":"pt-BR"},{"@type":"Organization","@id":"https:\/\/redenoticiaz.com.br\/litoralsp\/#organization","name":"Litoral SP","url":"https:\/\/redenoticiaz.com.br\/litoralsp\/","logo":{"@type":"ImageObject","inLanguage":"pt-BR","@id":"https:\/\/redenoticiaz.com.br\/litoralsp\/#\/schema\/logo\/image\/","url":"https:\/\/redenoticiaz.com.br\/litoralsp\/wp-content\/uploads\/sites\/3\/2020\/11\/logo.jpg","contentUrl":"https:\/\/redenoticiaz.com.br\/litoralsp\/wp-content\/uploads\/sites\/3\/2020\/11\/logo.jpg","width":400,"height":250,"caption":"Litoral SP"},"image":{"@id":"https:\/\/redenoticiaz.com.br\/litoralsp\/#\/schema\/logo\/image\/"}},{"@type":"Person","@id":"","url":"https:\/\/redenoticiaz.com.br\/litoralsp\/author"}]}},"_links":{"self":[{"href":"https:\/\/redenoticiaz.com.br\/litoralsp\/wp-json\/wp\/v2\/posts\/17671","targetHints":{"allow":["GET"]}}],"collection":[{"href":"https:\/\/redenoticiaz.com.br\/litoralsp\/wp-json\/wp\/v2\/posts"}],"about":[{"href":"https:\/\/redenoticiaz.com.br\/litoralsp\/wp-json\/wp\/v2\/types\/post"}],"author":[{"embeddable":true,"href":"https:\/\/redenoticiaz.com.br\/litoralsp\/wp-json\/wp\/v2\/users\/11"}],"replies":[{"embeddable":true,"href":"https:\/\/redenoticiaz.com.br\/litoralsp\/wp-json\/wp\/v2\/comments?post=17671"}],"version-history":[{"count":1,"href":"https:\/\/redenoticiaz.com.br\/litoralsp\/wp-json\/wp\/v2\/posts\/17671\/revisions"}],"predecessor-version":[{"id":17673,"href":"https:\/\/redenoticiaz.com.br\/litoralsp\/wp-json\/wp\/v2\/posts\/17671\/revisions\/17673"}],"wp:featuredmedia":[{"embeddable":true,"href":"https:\/\/redenoticiaz.com.br\/litoralsp\/wp-json\/wp\/v2\/media\/17672"}],"wp:attachment":[{"href":"https:\/\/redenoticiaz.com.br\/litoralsp\/wp-json\/wp\/v2\/media?parent=17671"}],"wp:term":[{"taxonomy":"category","embeddable":true,"href":"https:\/\/redenoticiaz.com.br\/litoralsp\/wp-json\/wp\/v2\/categories?post=17671"},{"taxonomy":"post_tag","embeddable":true,"href":"https:\/\/redenoticiaz.com.br\/litoralsp\/wp-json\/wp\/v2\/tags?post=17671"}],"curies":[{"name":"wp","href":"https:\/\/api.w.org\/{rel}","templated":true}]}}