{"id":17696,"date":"2021-11-04T14:04:36","date_gmt":"2021-11-04T17:04:36","guid":{"rendered":"https:\/\/redenoticiaz.com.br\/litoralsp\/2021\/11\/04\/bolsonaro-presta-depoimento-negando-interferencia-na-policia-federal"},"modified":"2021-11-04T14:07:36","modified_gmt":"2021-11-04T17:07:36","slug":"bolsonaro-presta-depoimento-negando-interferencia-na-policia-federal","status":"publish","type":"post","link":"https:\/\/redenoticiaz.com.br\/litoralsp\/2021\/11\/04\/bolsonaro-presta-depoimento-negando-interferencia-na-policia-federal","title":{"rendered":"Bolsonaro presta depoimento negando interfer\u00eancia na Pol\u00edcia Federal"},"content":{"rendered":"<p>Aconteceu o depoimento do <strong>presidente Jair Bolsonaro<\/strong> (Sem partido) que \u00e9 investigado por suposta interfer\u00eancia pol\u00edtica na <a href=\"https:\/\/www.gov.br\/pf\/pt-br\">Pol\u00edcia Federal<\/a>. A inten\u00e7\u00e3o seria blindar familiares e aliados de investiga\u00e7\u00f5es. O presidente disse que n\u00e3o interferiu na PF e que trocou o ent\u00e3o diretor-geral, Maur\u00edcio Valeixo, no ano passado, por &#8220;falta de interlocu\u00e7\u00e3o&#8221;.<\/p>\n<div class=\"wall protected-content\">\n<div class=\"mc-column content-text active-extra-styles \" data-block-type=\"unstyled\" data-block-weight=\"56\" data-block-id=\"3\">\n<p class=\"content-text__container \" data-track-category=\"Link no Texto\" data-track-links=\"\">A demiss\u00e3o de Valeixo detonou a crise que levou \u00e0 demiss\u00e3o do ex-ministro da Justi\u00e7a Sergio Moro, em maio do ano passado. Valeixo \u00e9 homem de confian\u00e7a de Moro e foi levado \u00e0 dire\u00e7\u00e3o da PF pelo ex-ministro. Quando Bolsonaro pediu a substitui\u00e7\u00e3o, Moro, respons\u00e1vel pela PF, tentou evitar a troca, mas acabou pedindo demiss\u00e3o.<\/p>\n<\/div>\n<div class=\"mc-column content-text active-extra-styles \" data-block-type=\"unstyled\" data-block-weight=\"29\" data-block-id=\"4\">\n<p class=\"content-text__container \" data-track-category=\"Link no Texto\" data-track-links=\"\">No dia em que anunciou a sa\u00edda do governo, Moro relatou, em entrevista coletiva, que Bolsonaro tentava interferir politicamente na PF. Essa declara\u00e7\u00e3o levou \u00e0 abertura do inqu\u00e9rito.<\/p>\n<h3 data-track-category=\"Link no Texto\">O depoimento<\/h3>\n<\/div>\n<div class=\"mc-column content-text active-extra-styles \" data-block-type=\"unstyled\" data-block-weight=\"36\" data-block-id=\"5\">\n<p class=\"content-text__container \" data-track-category=\"Link no Texto\" data-track-links=\"\">Bolsonaro foi ouvido na noite desta quarta-feira (3). No m\u00eas passado, o ministro Alexandre de Moraes, do Supremo Tribunal Federal (STF), determinou deu prazo de 30 dias para a PF tomar presencialmente o depoimento do presidente.<\/p>\n<\/div>\n<div class=\"mc-column content-text active-extra-styles \" data-block-type=\"unstyled\" data-block-weight=\"23\" data-block-id=\"6\">\n<p class=\"content-text__container \" data-track-category=\"Link no Texto\" data-track-links=\"\">Agora, a PF divulgou o registro da oitiva de Bolsonaro. O documento \u00e9 uma transcri\u00e7\u00e3o da fala do presidente \u00e0s autoridades investigativas.<\/p>\n<\/div>\n<div class=\"mc-column content-text active-extra-styles \" data-block-type=\"unstyled\" data-block-weight=\"70\" data-block-id=\"7\">\n<p class=\"content-text__container \" data-track-category=\"Link no Texto\" data-track-links=\"\">&#8220;Que confirma que em meados de 2019 solicitou ao ex- ministro Sergio Moro a troca do Diretor Geral da Pol\u00edcia Federal (DPF) Valeixo, em raz\u00e3o da falta de interlocu\u00e7\u00e3o que havia entre o presidente da Rep\u00fablica e o diretor da Pol\u00edcia Federal. Que n\u00e3o havia qualquer insatisfa\u00e7\u00e3o ou falta de confian\u00e7a com o trabalho realizado pelo DPF Valeixo, apenas uma falta de interlocu\u00e7\u00e3o&#8221;, registou a PF no depoimento de Bolsonaro.<\/p>\n<\/div>\n<div class=\"content-ads content-ads--reveal\" data-block-type=\"ads\" data-block-id=\"8\"><\/div>\n<div class=\"mc-column content-text active-extra-styles \" data-block-type=\"unstyled\" data-block-weight=\"43\" data-block-id=\"9\">\n<p class=\"content-text__container \" data-track-category=\"Link no Texto\" data-track-links=\"\">&#8220;Que nunca teve como inten\u00e7\u00e3o, com a altera\u00e7\u00e3o da Dire\u00e7\u00e3o Geral, obter informa\u00e7\u00f5es privilegiadas de investiga\u00e7\u00f5es sigilosas ou de interferir no trabalho de Pol\u00edcia Judici\u00e1ria ou obten\u00e7\u00e3o diretamente de relat\u00f3rios produzidos pela Pol\u00edcia Federal&#8221;, continua o registro do depoimento de Bolsonaro.<\/p>\n<div class=\"mc-column content-text active-extra-styles\" data-block-type=\"raw\" data-block-weight=\"1\" data-block-id=\"12\">\n<div class=\"content-intertitle\">\n<h3>Inqu\u00e9rito<\/h3>\n<\/div>\n<\/div>\n<div class=\"mc-column content-text active-extra-styles \" data-block-type=\"unstyled\" data-block-weight=\"73\" data-block-id=\"13\">\n<p class=\"content-text__container \" data-track-category=\"Link no Texto\" data-track-links=\"\">O inqu\u00e9rito foi aberto pelo STF em abril do ano passado, a pedido da Procuradoria Geral da Rep\u00fablica (PGR) e tem como base acusa\u00e7\u00f5es feitas pelo ex-ministro da Justi\u00e7a Sergio Moro.\u00a0Segundo Moro, Bolsonaro tentou interferir em investiga\u00e7\u00f5es da PF ao cobrar a troca do chefe da Pol\u00edcia Federal no Rio de Janeiro e ao exonerar o ent\u00e3o diretor-geral da corpora\u00e7\u00e3o Maur\u00edcio Valeixo, indicado por Moro. Bolsonaro nega ter tentado interferir na corpora\u00e7\u00e3o.<\/p>\n<\/div>\n<div class=\"mc-column content-text active-extra-styles \" data-block-type=\"unstyled\" data-block-weight=\"32\" data-block-id=\"14\">\n<p class=\"content-text__container \" data-track-category=\"Link no Texto\" data-track-links=\"\">Moro tem afirmado que est\u00e3o entre as provas de que Bolsonaro tentou interferir na PF mensagens trocadas pelos dois em um aplicativo e a reuni\u00e3o ministerial de 22 de abril de 2020.<\/p>\n<\/div>\n<div class=\"mc-column content-text active-extra-styles \" data-block-type=\"unstyled\" data-block-weight=\"77\" data-block-id=\"15\">\n<p class=\"content-text__container \" data-track-category=\"Link no Texto\" data-track-links=\"\">Na ocasi\u00e3o, Bolsonaro disse: &#8220;J\u00e1 tentei trocar gente da seguran\u00e7a nossa no Rio de Janeiro e oficialmente n\u00e3o consegui. Isso acabou. Eu n\u00e3o vou esperar f&#8230; minha fam\u00edlia toda de sacanagem, ou amigo meu, porque eu n\u00e3o posso trocar algu\u00e9m da seguran\u00e7a na ponta da linha que pertence \u00e0 estrutura. Vai trocar. Se n\u00e3o puder trocar, troca o chefe dele. Se n\u00e3o puder trocar o chefe, troca o ministro. E ponto final. N\u00e3o estamos aqui para brincadeira.&#8221;<\/p>\n<p data-track-category=\"Link no Texto\" data-track-links=\"\"><strong>LEIA TAMB\u00c9M<\/strong><\/p>\n<p data-track-category=\"Link no Texto\" data-track-links=\"\"><a href=\"https:\/\/redenoticiaz.com.br\/blog\/2021\/11\/03\/ex-ministro-do-meio-ambiente-e-contratado-pela-jovem-pan-news\">Ex-ministro do Meio Ambiente \u00e9 contratado pela Jovem Pan News<\/a><\/p>\n<\/div>\n<\/div>\n<\/div>\n","protected":false},"excerpt":{"rendered":"<p>Aconteceu o depoimento do presidente Jair Bolsonaro (Sem partido) que \u00e9 investigado por suposta interfer\u00eancia pol\u00edtica na Pol\u00edcia Federal. A inten\u00e7\u00e3o seria blindar familiares e aliados de investiga\u00e7\u00f5es. O presidente disse que n\u00e3o interferiu na PF e que trocou o ent\u00e3o diretor-geral, Maur\u00edcio Valeixo, no ano passado, por &#8220;falta de interlocu\u00e7\u00e3o&#8221;. A demiss\u00e3o de Valeixo &hellip;<\/p>\n","protected":false},"author":6,"featured_media":17697,"comment_status":"open","ping_status":"closed","sticky":false,"template":"","format":"standard","meta":{"footnotes":""},"categories":[15],"tags":[16,173,8712,40403,10972,14,9968],"class_list":["post-17696","post","type-post","status-publish","format-standard","has-post-thumbnail","hentry","category-politica","tag-bolsonaro","tag-brasil","tag-depoimento","tag-interferencia-politica","tag-investigacao","tag-policia-federal","tag-presidente-jair-bolsonaro"],"yoast_head":"<!-- This site is optimized with the Yoast SEO plugin v27.4 - https:\/\/yoast.com\/product\/yoast-seo-wordpress\/ -->\n<title>Bolsonaro presta depoimento negando interfer\u00eancia na Pol\u00edcia Federal - Litoral SP<\/title>\n<meta name=\"description\" content=\"depoimento do presidente Jair Bolsonaro (Sem partido) que \u00e9 investigado por suposta interfer\u00eancia pol\u00edtica na Pol\u00edcia Federal. A inten\u00e7\u00e3o\" \/>\n<meta name=\"robots\" content=\"index, follow, max-snippet:-1, max-image-preview:large, max-video-preview:-1\" \/>\n<link rel=\"canonical\" href=\"https:\/\/redenoticiaz.com.br\/litoralsp\/2021\/11\/04\/bolsonaro-presta-depoimento-negando-interferencia-na-policia-federal\" \/>\n<meta property=\"og:locale\" content=\"pt_BR\" \/>\n<meta property=\"og:type\" content=\"article\" \/>\n<meta property=\"og:title\" content=\"Bolsonaro presta depoimento negando interfer\u00eancia na Pol\u00edcia Federal - Litoral SP\" \/>\n<meta property=\"og:description\" content=\"depoimento do presidente Jair Bolsonaro (Sem partido) que \u00e9 investigado por suposta interfer\u00eancia pol\u00edtica na Pol\u00edcia Federal. A inten\u00e7\u00e3o\" \/>\n<meta property=\"og:url\" content=\"https:\/\/redenoticiaz.com.br\/litoralsp\/2021\/11\/04\/bolsonaro-presta-depoimento-negando-interferencia-na-policia-federal\" \/>\n<meta property=\"og:site_name\" content=\"Litoral SP\" \/>\n<meta property=\"article:published_time\" content=\"2021-11-04T17:04:36+00:00\" \/>\n<meta property=\"article:modified_time\" content=\"2021-11-04T17:07:36+00:00\" \/>\n<meta property=\"og:image\" content=\"https:\/\/redenoticiaz.com.br\/litoralsp\/wp-content\/uploads\/sites\/3\/2021\/11\/bolsonaro-na-cop.jpg\" \/>\n\t<meta property=\"og:image:width\" content=\"984\" \/>\n\t<meta property=\"og:image:height\" content=\"504\" \/>\n\t<meta property=\"og:image:type\" content=\"image\/jpeg\" \/>\n<meta name=\"author\" content=\"Leonardo Francisco\" \/>\n<meta name=\"twitter:card\" content=\"summary_large_image\" \/>\n<meta name=\"twitter:label1\" content=\"Escrito por\" \/>\n\t<meta name=\"twitter:data1\" content=\"Leonardo Francisco\" \/>\n\t<meta name=\"twitter:label2\" content=\"Est. tempo de leitura\" \/>\n\t<meta name=\"twitter:data2\" content=\"3 minutos\" \/>\n<script type=\"application\/ld+json\" class=\"yoast-schema-graph\">{\"@context\":\"https:\\\/\\\/schema.org\",\"@graph\":[{\"@type\":\"Article\",\"@id\":\"https:\\\/\\\/redenoticiaz.com.br\\\/litoralsp\\\/2021\\\/11\\\/04\\\/bolsonaro-presta-depoimento-negando-interferencia-na-policia-federal#article\",\"isPartOf\":{\"@id\":\"https:\\\/\\\/redenoticiaz.com.br\\\/litoralsp\\\/2021\\\/11\\\/04\\\/bolsonaro-presta-depoimento-negando-interferencia-na-policia-federal\"},\"author\":{\"name\":\"Leonardo Francisco\",\"@id\":\"https:\\\/\\\/redenoticiaz.com.br\\\/litoralsp\\\/#\\\/schema\\\/person\\\/0f0b8a5bdafefe82841e07ae8d81ecb3\"},\"headline\":\"Bolsonaro presta depoimento negando interfer\u00eancia na Pol\u00edcia Federal\",\"datePublished\":\"2021-11-04T17:04:36+00:00\",\"dateModified\":\"2021-11-04T17:07:36+00:00\",\"mainEntityOfPage\":{\"@id\":\"https:\\\/\\\/redenoticiaz.com.br\\\/litoralsp\\\/2021\\\/11\\\/04\\\/bolsonaro-presta-depoimento-negando-interferencia-na-policia-federal\"},\"wordCount\":563,\"commentCount\":0,\"publisher\":{\"@id\":\"https:\\\/\\\/redenoticiaz.com.br\\\/litoralsp\\\/#organization\"},\"image\":{\"@id\":\"https:\\\/\\\/redenoticiaz.com.br\\\/litoralsp\\\/2021\\\/11\\\/04\\\/bolsonaro-presta-depoimento-negando-interferencia-na-policia-federal#primaryimage\"},\"thumbnailUrl\":\"https:\\\/\\\/redenoticiaz.com.br\\\/litoralsp\\\/wp-content\\\/uploads\\\/sites\\\/3\\\/2021\\\/11\\\/bolsonaro-na-cop.jpg\",\"keywords\":[\"Bolsonaro\",\"Brasil\",\"DEPOIMENTO\",\"INTERFER\u00caNCIA POL\u00cdTICA\",\"investiga\u00e7\u00e3o\",\"policia federal\",\"PRESIDENTE JAIR BOLSONARO\"],\"articleSection\":[\"Pol\u00edtica\"],\"inLanguage\":\"pt-BR\",\"potentialAction\":[{\"@type\":\"CommentAction\",\"name\":\"Comment\",\"target\":[\"https:\\\/\\\/redenoticiaz.com.br\\\/litoralsp\\\/2021\\\/11\\\/04\\\/bolsonaro-presta-depoimento-negando-interferencia-na-policia-federal#respond\"]}]},{\"@type\":\"WebPage\",\"@id\":\"https:\\\/\\\/redenoticiaz.com.br\\\/litoralsp\\\/2021\\\/11\\\/04\\\/bolsonaro-presta-depoimento-negando-interferencia-na-policia-federal\",\"url\":\"https:\\\/\\\/redenoticiaz.com.br\\\/litoralsp\\\/2021\\\/11\\\/04\\\/bolsonaro-presta-depoimento-negando-interferencia-na-policia-federal\",\"name\":\"Bolsonaro presta depoimento negando interfer\u00eancia na Pol\u00edcia Federal - Litoral SP\",\"isPartOf\":{\"@id\":\"https:\\\/\\\/redenoticiaz.com.br\\\/litoralsp\\\/#website\"},\"primaryImageOfPage\":{\"@id\":\"https:\\\/\\\/redenoticiaz.com.br\\\/litoralsp\\\/2021\\\/11\\\/04\\\/bolsonaro-presta-depoimento-negando-interferencia-na-policia-federal#primaryimage\"},\"image\":{\"@id\":\"https:\\\/\\\/redenoticiaz.com.br\\\/litoralsp\\\/2021\\\/11\\\/04\\\/bolsonaro-presta-depoimento-negando-interferencia-na-policia-federal#primaryimage\"},\"thumbnailUrl\":\"https:\\\/\\\/redenoticiaz.com.br\\\/litoralsp\\\/wp-content\\\/uploads\\\/sites\\\/3\\\/2021\\\/11\\\/bolsonaro-na-cop.jpg\",\"datePublished\":\"2021-11-04T17:04:36+00:00\",\"dateModified\":\"2021-11-04T17:07:36+00:00\",\"description\":\"depoimento do presidente Jair Bolsonaro (Sem partido) que \u00e9 investigado por suposta interfer\u00eancia pol\u00edtica na Pol\u00edcia Federal. A inten\u00e7\u00e3o\",\"inLanguage\":\"pt-BR\",\"potentialAction\":[{\"@type\":\"ReadAction\",\"target\":[\"https:\\\/\\\/redenoticiaz.com.br\\\/litoralsp\\\/2021\\\/11\\\/04\\\/bolsonaro-presta-depoimento-negando-interferencia-na-policia-federal\"]}]},{\"@type\":\"ImageObject\",\"inLanguage\":\"pt-BR\",\"@id\":\"https:\\\/\\\/redenoticiaz.com.br\\\/litoralsp\\\/2021\\\/11\\\/04\\\/bolsonaro-presta-depoimento-negando-interferencia-na-policia-federal#primaryimage\",\"url\":\"https:\\\/\\\/redenoticiaz.com.br\\\/litoralsp\\\/wp-content\\\/uploads\\\/sites\\\/3\\\/2021\\\/11\\\/bolsonaro-na-cop.jpg\",\"contentUrl\":\"https:\\\/\\\/redenoticiaz.com.br\\\/litoralsp\\\/wp-content\\\/uploads\\\/sites\\\/3\\\/2021\\\/11\\\/bolsonaro-na-cop.jpg\",\"width\":984,\"height\":504,\"caption\":\"Cr\u00e9ditos: Reprodu\u00e7\u00e3o.\"},{\"@type\":\"WebSite\",\"@id\":\"https:\\\/\\\/redenoticiaz.com.br\\\/litoralsp\\\/#website\",\"url\":\"https:\\\/\\\/redenoticiaz.com.br\\\/litoralsp\\\/\",\"name\":\"Litoral SP\",\"description\":\"Rede NoticiaZ\",\"publisher\":{\"@id\":\"https:\\\/\\\/redenoticiaz.com.br\\\/litoralsp\\\/#organization\"},\"potentialAction\":[{\"@type\":\"SearchAction\",\"target\":{\"@type\":\"EntryPoint\",\"urlTemplate\":\"https:\\\/\\\/redenoticiaz.com.br\\\/litoralsp\\\/?s={search_term_string}\"},\"query-input\":{\"@type\":\"PropertyValueSpecification\",\"valueRequired\":true,\"valueName\":\"search_term_string\"}}],\"inLanguage\":\"pt-BR\"},{\"@type\":\"Organization\",\"@id\":\"https:\\\/\\\/redenoticiaz.com.br\\\/litoralsp\\\/#organization\",\"name\":\"Litoral SP\",\"url\":\"https:\\\/\\\/redenoticiaz.com.br\\\/litoralsp\\\/\",\"logo\":{\"@type\":\"ImageObject\",\"inLanguage\":\"pt-BR\",\"@id\":\"https:\\\/\\\/redenoticiaz.com.br\\\/litoralsp\\\/#\\\/schema\\\/logo\\\/image\\\/\",\"url\":\"https:\\\/\\\/redenoticiaz.com.br\\\/litoralsp\\\/wp-content\\\/uploads\\\/sites\\\/3\\\/2020\\\/11\\\/logo.jpg\",\"contentUrl\":\"https:\\\/\\\/redenoticiaz.com.br\\\/litoralsp\\\/wp-content\\\/uploads\\\/sites\\\/3\\\/2020\\\/11\\\/logo.jpg\",\"width\":400,\"height\":250,\"caption\":\"Litoral SP\"},\"image\":{\"@id\":\"https:\\\/\\\/redenoticiaz.com.br\\\/litoralsp\\\/#\\\/schema\\\/logo\\\/image\\\/\"}},{\"@type\":\"Person\",\"@id\":\"https:\\\/\\\/redenoticiaz.com.br\\\/litoralsp\\\/#\\\/schema\\\/person\\\/0f0b8a5bdafefe82841e07ae8d81ecb3\",\"name\":\"Leonardo Francisco\",\"image\":{\"@type\":\"ImageObject\",\"inLanguage\":\"pt-BR\",\"@id\":\"https:\\\/\\\/secure.gravatar.com\\\/avatar\\\/a7358cb406a99b682ec6df1e77e31ae82e63601f6784e8a3df411d72b37864da?s=96&d=mm&r=g\",\"url\":\"https:\\\/\\\/secure.gravatar.com\\\/avatar\\\/a7358cb406a99b682ec6df1e77e31ae82e63601f6784e8a3df411d72b37864da?s=96&d=mm&r=g\",\"contentUrl\":\"https:\\\/\\\/secure.gravatar.com\\\/avatar\\\/a7358cb406a99b682ec6df1e77e31ae82e63601f6784e8a3df411d72b37864da?s=96&d=mm&r=g\",\"caption\":\"Leonardo Francisco\"},\"url\":\"https:\\\/\\\/redenoticiaz.com.br\\\/litoralsp\\\/author\\\/leonardo-francisco\"}]}<\/script>\n<!-- \/ Yoast SEO plugin. -->","yoast_head_json":{"title":"Bolsonaro presta depoimento negando interfer\u00eancia na Pol\u00edcia Federal - Litoral SP","description":"depoimento do presidente Jair Bolsonaro (Sem partido) que \u00e9 investigado por suposta interfer\u00eancia pol\u00edtica na Pol\u00edcia Federal. A inten\u00e7\u00e3o","robots":{"index":"index","follow":"follow","max-snippet":"max-snippet:-1","max-image-preview":"max-image-preview:large","max-video-preview":"max-video-preview:-1"},"canonical":"https:\/\/redenoticiaz.com.br\/litoralsp\/2021\/11\/04\/bolsonaro-presta-depoimento-negando-interferencia-na-policia-federal","og_locale":"pt_BR","og_type":"article","og_title":"Bolsonaro presta depoimento negando interfer\u00eancia na Pol\u00edcia Federal - Litoral SP","og_description":"depoimento do presidente Jair Bolsonaro (Sem partido) que \u00e9 investigado por suposta interfer\u00eancia pol\u00edtica na Pol\u00edcia Federal. A inten\u00e7\u00e3o","og_url":"https:\/\/redenoticiaz.com.br\/litoralsp\/2021\/11\/04\/bolsonaro-presta-depoimento-negando-interferencia-na-policia-federal","og_site_name":"Litoral SP","article_published_time":"2021-11-04T17:04:36+00:00","article_modified_time":"2021-11-04T17:07:36+00:00","og_image":[{"width":984,"height":504,"url":"https:\/\/redenoticiaz.com.br\/litoralsp\/wp-content\/uploads\/sites\/3\/2021\/11\/bolsonaro-na-cop.jpg","type":"image\/jpeg"}],"author":"Leonardo Francisco","twitter_card":"summary_large_image","twitter_misc":{"Escrito por":"Leonardo Francisco","Est. tempo de leitura":"3 minutos"},"schema":{"@context":"https:\/\/schema.org","@graph":[{"@type":"Article","@id":"https:\/\/redenoticiaz.com.br\/litoralsp\/2021\/11\/04\/bolsonaro-presta-depoimento-negando-interferencia-na-policia-federal#article","isPartOf":{"@id":"https:\/\/redenoticiaz.com.br\/litoralsp\/2021\/11\/04\/bolsonaro-presta-depoimento-negando-interferencia-na-policia-federal"},"author":{"name":"Leonardo Francisco","@id":"https:\/\/redenoticiaz.com.br\/litoralsp\/#\/schema\/person\/0f0b8a5bdafefe82841e07ae8d81ecb3"},"headline":"Bolsonaro presta depoimento negando interfer\u00eancia na Pol\u00edcia Federal","datePublished":"2021-11-04T17:04:36+00:00","dateModified":"2021-11-04T17:07:36+00:00","mainEntityOfPage":{"@id":"https:\/\/redenoticiaz.com.br\/litoralsp\/2021\/11\/04\/bolsonaro-presta-depoimento-negando-interferencia-na-policia-federal"},"wordCount":563,"commentCount":0,"publisher":{"@id":"https:\/\/redenoticiaz.com.br\/litoralsp\/#organization"},"image":{"@id":"https:\/\/redenoticiaz.com.br\/litoralsp\/2021\/11\/04\/bolsonaro-presta-depoimento-negando-interferencia-na-policia-federal#primaryimage"},"thumbnailUrl":"https:\/\/redenoticiaz.com.br\/litoralsp\/wp-content\/uploads\/sites\/3\/2021\/11\/bolsonaro-na-cop.jpg","keywords":["Bolsonaro","Brasil","DEPOIMENTO","INTERFER\u00caNCIA POL\u00cdTICA","investiga\u00e7\u00e3o","policia federal","PRESIDENTE JAIR BOLSONARO"],"articleSection":["Pol\u00edtica"],"inLanguage":"pt-BR","potentialAction":[{"@type":"CommentAction","name":"Comment","target":["https:\/\/redenoticiaz.com.br\/litoralsp\/2021\/11\/04\/bolsonaro-presta-depoimento-negando-interferencia-na-policia-federal#respond"]}]},{"@type":"WebPage","@id":"https:\/\/redenoticiaz.com.br\/litoralsp\/2021\/11\/04\/bolsonaro-presta-depoimento-negando-interferencia-na-policia-federal","url":"https:\/\/redenoticiaz.com.br\/litoralsp\/2021\/11\/04\/bolsonaro-presta-depoimento-negando-interferencia-na-policia-federal","name":"Bolsonaro presta depoimento negando interfer\u00eancia na Pol\u00edcia Federal - Litoral SP","isPartOf":{"@id":"https:\/\/redenoticiaz.com.br\/litoralsp\/#website"},"primaryImageOfPage":{"@id":"https:\/\/redenoticiaz.com.br\/litoralsp\/2021\/11\/04\/bolsonaro-presta-depoimento-negando-interferencia-na-policia-federal#primaryimage"},"image":{"@id":"https:\/\/redenoticiaz.com.br\/litoralsp\/2021\/11\/04\/bolsonaro-presta-depoimento-negando-interferencia-na-policia-federal#primaryimage"},"thumbnailUrl":"https:\/\/redenoticiaz.com.br\/litoralsp\/wp-content\/uploads\/sites\/3\/2021\/11\/bolsonaro-na-cop.jpg","datePublished":"2021-11-04T17:04:36+00:00","dateModified":"2021-11-04T17:07:36+00:00","description":"depoimento do presidente Jair Bolsonaro (Sem partido) que \u00e9 investigado por suposta interfer\u00eancia pol\u00edtica na Pol\u00edcia Federal. A inten\u00e7\u00e3o","inLanguage":"pt-BR","potentialAction":[{"@type":"ReadAction","target":["https:\/\/redenoticiaz.com.br\/litoralsp\/2021\/11\/04\/bolsonaro-presta-depoimento-negando-interferencia-na-policia-federal"]}]},{"@type":"ImageObject","inLanguage":"pt-BR","@id":"https:\/\/redenoticiaz.com.br\/litoralsp\/2021\/11\/04\/bolsonaro-presta-depoimento-negando-interferencia-na-policia-federal#primaryimage","url":"https:\/\/redenoticiaz.com.br\/litoralsp\/wp-content\/uploads\/sites\/3\/2021\/11\/bolsonaro-na-cop.jpg","contentUrl":"https:\/\/redenoticiaz.com.br\/litoralsp\/wp-content\/uploads\/sites\/3\/2021\/11\/bolsonaro-na-cop.jpg","width":984,"height":504,"caption":"Cr\u00e9ditos: Reprodu\u00e7\u00e3o."},{"@type":"WebSite","@id":"https:\/\/redenoticiaz.com.br\/litoralsp\/#website","url":"https:\/\/redenoticiaz.com.br\/litoralsp\/","name":"Litoral SP","description":"Rede NoticiaZ","publisher":{"@id":"https:\/\/redenoticiaz.com.br\/litoralsp\/#organization"},"potentialAction":[{"@type":"SearchAction","target":{"@type":"EntryPoint","urlTemplate":"https:\/\/redenoticiaz.com.br\/litoralsp\/?s={search_term_string}"},"query-input":{"@type":"PropertyValueSpecification","valueRequired":true,"valueName":"search_term_string"}}],"inLanguage":"pt-BR"},{"@type":"Organization","@id":"https:\/\/redenoticiaz.com.br\/litoralsp\/#organization","name":"Litoral SP","url":"https:\/\/redenoticiaz.com.br\/litoralsp\/","logo":{"@type":"ImageObject","inLanguage":"pt-BR","@id":"https:\/\/redenoticiaz.com.br\/litoralsp\/#\/schema\/logo\/image\/","url":"https:\/\/redenoticiaz.com.br\/litoralsp\/wp-content\/uploads\/sites\/3\/2020\/11\/logo.jpg","contentUrl":"https:\/\/redenoticiaz.com.br\/litoralsp\/wp-content\/uploads\/sites\/3\/2020\/11\/logo.jpg","width":400,"height":250,"caption":"Litoral SP"},"image":{"@id":"https:\/\/redenoticiaz.com.br\/litoralsp\/#\/schema\/logo\/image\/"}},{"@type":"Person","@id":"https:\/\/redenoticiaz.com.br\/litoralsp\/#\/schema\/person\/0f0b8a5bdafefe82841e07ae8d81ecb3","name":"Leonardo Francisco","image":{"@type":"ImageObject","inLanguage":"pt-BR","@id":"https:\/\/secure.gravatar.com\/avatar\/a7358cb406a99b682ec6df1e77e31ae82e63601f6784e8a3df411d72b37864da?s=96&d=mm&r=g","url":"https:\/\/secure.gravatar.com\/avatar\/a7358cb406a99b682ec6df1e77e31ae82e63601f6784e8a3df411d72b37864da?s=96&d=mm&r=g","contentUrl":"https:\/\/secure.gravatar.com\/avatar\/a7358cb406a99b682ec6df1e77e31ae82e63601f6784e8a3df411d72b37864da?s=96&d=mm&r=g","caption":"Leonardo Francisco"},"url":"https:\/\/redenoticiaz.com.br\/litoralsp\/author\/leonardo-francisco"}]}},"_links":{"self":[{"href":"https:\/\/redenoticiaz.com.br\/litoralsp\/wp-json\/wp\/v2\/posts\/17696","targetHints":{"allow":["GET"]}}],"collection":[{"href":"https:\/\/redenoticiaz.com.br\/litoralsp\/wp-json\/wp\/v2\/posts"}],"about":[{"href":"https:\/\/redenoticiaz.com.br\/litoralsp\/wp-json\/wp\/v2\/types\/post"}],"author":[{"embeddable":true,"href":"https:\/\/redenoticiaz.com.br\/litoralsp\/wp-json\/wp\/v2\/users\/6"}],"replies":[{"embeddable":true,"href":"https:\/\/redenoticiaz.com.br\/litoralsp\/wp-json\/wp\/v2\/comments?post=17696"}],"version-history":[{"count":1,"href":"https:\/\/redenoticiaz.com.br\/litoralsp\/wp-json\/wp\/v2\/posts\/17696\/revisions"}],"predecessor-version":[{"id":17698,"href":"https:\/\/redenoticiaz.com.br\/litoralsp\/wp-json\/wp\/v2\/posts\/17696\/revisions\/17698"}],"wp:featuredmedia":[{"embeddable":true,"href":"https:\/\/redenoticiaz.com.br\/litoralsp\/wp-json\/wp\/v2\/media\/17697"}],"wp:attachment":[{"href":"https:\/\/redenoticiaz.com.br\/litoralsp\/wp-json\/wp\/v2\/media?parent=17696"}],"wp:term":[{"taxonomy":"category","embeddable":true,"href":"https:\/\/redenoticiaz.com.br\/litoralsp\/wp-json\/wp\/v2\/categories?post=17696"},{"taxonomy":"post_tag","embeddable":true,"href":"https:\/\/redenoticiaz.com.br\/litoralsp\/wp-json\/wp\/v2\/tags?post=17696"}],"curies":[{"name":"wp","href":"https:\/\/api.w.org\/{rel}","templated":true}]}}