{"id":17848,"date":"2021-11-06T12:26:54","date_gmt":"2021-11-06T15:26:54","guid":{"rendered":"https:\/\/redenoticiaz.com.br\/litoralsp\/?p=17848"},"modified":"2021-11-06T12:26:54","modified_gmt":"2021-11-06T15:26:54","slug":"homem-troca-tiros-com-gcm-e-e-morto-na-praia-da-enseada","status":"publish","type":"post","link":"https:\/\/redenoticiaz.com.br\/litoralsp\/2021\/11\/06\/homem-troca-tiros-com-gcm-e-e-morto-na-praia-da-enseada","title":{"rendered":"Homem troca tiros com GCM e \u00e9 morto na Praia da Enseada"},"content":{"rendered":"<p>Um <strong>homem foi morto e o seu comparsa foi baleado durante troca de tiros na manh\u00e3 deste s\u00e1bado<\/strong> (6), no bairro Enseada, em <a href=\"https:\/\/www.guaruja.sp.gov.br\/\">Guaruj\u00e1<\/a>.<\/p>\n<p>Segundo informa\u00e7\u00f5es, a dupla, que teria cometido v\u00e1rios roubos na cidade, estava em uma moto preta quando foi abordada pela Guarda Civil Municipal. Os homens trocaram tiros com os agentes, pr\u00f3ximo ao Morro do Maluf, e um deles acabou falecendo no local.<\/p>\n<p>O outro suspeito foi ferido na perna pelos guardas municipais. Ele foi atendido pelo Samu e, posteriormente, encaminhado para atendimento m\u00e9dico no hospital.<\/p>\n<p><strong>LEIA TAMB\u00c9M<\/strong><\/p>\n<p><a href=\"https:\/\/redenoticiaz.com.br\/blog\/2021\/11\/06\/aviao-de-marilia-mendonca-teria-atingido-cabo-de-energia-segundo-cemig\">Avi\u00e3o de Mar\u00edlia Mendon\u00e7a teria atingido cabo de energia segundo CEMIG<\/a><\/p>\n","protected":false},"excerpt":{"rendered":"<p>Um homem foi morto e o seu comparsa foi baleado durante troca de tiros na manh\u00e3 deste s\u00e1bado (6), no bairro Enseada, em Guaruj\u00e1. Segundo informa\u00e7\u00f5es, a dupla, que teria cometido v\u00e1rios roubos na cidade, estava em uma moto preta quando foi abordada pela Guarda Civil Municipal. Os homens trocaram tiros com os agentes, pr\u00f3ximo &hellip;<\/p>\n","protected":false},"author":11,"featured_media":17849,"comment_status":"open","ping_status":"closed","sticky":false,"template":"","format":"standard","meta":{"footnotes":""},"categories":[187,10],"tags":[4244,6588,20855,8547,5359],"class_list":["post-17848","post","type-post","status-publish","format-standard","has-post-thumbnail","hentry","category-guaruja","category-policia","tag-gcm","tag-homem","tag-policia","tag-praia-da-enseada","tag-troca-de-tiros"],"yoast_head":"<!-- This site is optimized with the Yoast SEO plugin v27.5 - https:\/\/yoast.com\/product\/yoast-seo-wordpress\/ -->\n<title>Homem troca tiros com GCM e \u00e9 morto na Praia da Enseada - Litoral SP<\/title>\n<meta name=\"description\" content=\"Um homem foi morto e o seu comparsa foi baleado durante troca de tiros na manh\u00e3 deste s\u00e1bado (6), no bairro Enseada, em Guaruj\u00e1.\" \/>\n<meta name=\"robots\" content=\"index, follow, max-snippet:-1, max-image-preview:large, max-video-preview:-1\" \/>\n<link rel=\"canonical\" href=\"https:\/\/redenoticiaz.com.br\/litoralsp\/2021\/11\/06\/homem-troca-tiros-com-gcm-e-e-morto-na-praia-da-enseada\" \/>\n<meta property=\"og:locale\" content=\"pt_BR\" \/>\n<meta property=\"og:type\" content=\"article\" \/>\n<meta property=\"og:title\" content=\"Homem troca tiros com GCM e \u00e9 morto na Praia da Enseada - Litoral SP\" \/>\n<meta property=\"og:description\" content=\"Um homem foi morto e o seu comparsa foi baleado durante troca de tiros na manh\u00e3 deste s\u00e1bado (6), no bairro Enseada, em Guaruj\u00e1.\" \/>\n<meta property=\"og:url\" content=\"https:\/\/redenoticiaz.com.br\/litoralsp\/2021\/11\/06\/homem-troca-tiros-com-gcm-e-e-morto-na-praia-da-enseada\" \/>\n<meta property=\"og:site_name\" content=\"Litoral SP\" \/>\n<meta property=\"article:published_time\" content=\"2021-11-06T15:26:54+00:00\" \/>\n<meta property=\"og:image\" content=\"https:\/\/redenoticiaz.com.br\/litoralsp\/wp-content\/uploads\/sites\/3\/2021\/11\/homem-moroto.jpg\" \/>\n\t<meta property=\"og:image:width\" content=\"718\" \/>\n\t<meta property=\"og:image:height\" content=\"547\" \/>\n\t<meta property=\"og:image:type\" content=\"image\/jpeg\" \/>\n<meta name=\"twitter:card\" content=\"summary_large_image\" \/>\n<meta name=\"twitter:label1\" content=\"Escrito por\" \/>\n\t<meta name=\"twitter:data1\" content=\"\" \/>\n\t<meta name=\"twitter:label2\" content=\"Est. tempo de leitura\" \/>\n\t<meta name=\"twitter:data2\" content=\"1 minuto\" \/>\n<script type=\"application\/ld+json\" class=\"yoast-schema-graph\">{\"@context\":\"https:\\\/\\\/schema.org\",\"@graph\":[{\"@type\":\"Article\",\"@id\":\"https:\\\/\\\/redenoticiaz.com.br\\\/litoralsp\\\/2021\\\/11\\\/06\\\/homem-troca-tiros-com-gcm-e-e-morto-na-praia-da-enseada#article\",\"isPartOf\":{\"@id\":\"https:\\\/\\\/redenoticiaz.com.br\\\/litoralsp\\\/2021\\\/11\\\/06\\\/homem-troca-tiros-com-gcm-e-e-morto-na-praia-da-enseada\"},\"author\":{\"name\":\"\",\"@id\":\"\"},\"headline\":\"Homem troca tiros com GCM e \u00e9 morto na Praia da Enseada\",\"datePublished\":\"2021-11-06T15:26:54+00:00\",\"mainEntityOfPage\":{\"@id\":\"https:\\\/\\\/redenoticiaz.com.br\\\/litoralsp\\\/2021\\\/11\\\/06\\\/homem-troca-tiros-com-gcm-e-e-morto-na-praia-da-enseada\"},\"wordCount\":121,\"commentCount\":0,\"publisher\":{\"@id\":\"https:\\\/\\\/redenoticiaz.com.br\\\/litoralsp\\\/#organization\"},\"image\":{\"@id\":\"https:\\\/\\\/redenoticiaz.com.br\\\/litoralsp\\\/2021\\\/11\\\/06\\\/homem-troca-tiros-com-gcm-e-e-morto-na-praia-da-enseada#primaryimage\"},\"thumbnailUrl\":\"https:\\\/\\\/redenoticiaz.com.br\\\/litoralsp\\\/wp-content\\\/uploads\\\/sites\\\/3\\\/2021\\\/11\\\/homem-moroto.jpg\",\"keywords\":[\"GCM\",\"HOMEM\",\"Pol\u00edcia\",\"PRAIA DA ENSEADA\",\"TROCA DE TIROS\"],\"articleSection\":[\"Guaruj\u00e1\",\"Pol\u00edcia\"],\"inLanguage\":\"pt-BR\",\"potentialAction\":[{\"@type\":\"CommentAction\",\"name\":\"Comment\",\"target\":[\"https:\\\/\\\/redenoticiaz.com.br\\\/litoralsp\\\/2021\\\/11\\\/06\\\/homem-troca-tiros-com-gcm-e-e-morto-na-praia-da-enseada#respond\"]}]},{\"@type\":\"WebPage\",\"@id\":\"https:\\\/\\\/redenoticiaz.com.br\\\/litoralsp\\\/2021\\\/11\\\/06\\\/homem-troca-tiros-com-gcm-e-e-morto-na-praia-da-enseada\",\"url\":\"https:\\\/\\\/redenoticiaz.com.br\\\/litoralsp\\\/2021\\\/11\\\/06\\\/homem-troca-tiros-com-gcm-e-e-morto-na-praia-da-enseada\",\"name\":\"Homem troca tiros com GCM e \u00e9 morto na Praia da Enseada - Litoral SP\",\"isPartOf\":{\"@id\":\"https:\\\/\\\/redenoticiaz.com.br\\\/litoralsp\\\/#website\"},\"primaryImageOfPage\":{\"@id\":\"https:\\\/\\\/redenoticiaz.com.br\\\/litoralsp\\\/2021\\\/11\\\/06\\\/homem-troca-tiros-com-gcm-e-e-morto-na-praia-da-enseada#primaryimage\"},\"image\":{\"@id\":\"https:\\\/\\\/redenoticiaz.com.br\\\/litoralsp\\\/2021\\\/11\\\/06\\\/homem-troca-tiros-com-gcm-e-e-morto-na-praia-da-enseada#primaryimage\"},\"thumbnailUrl\":\"https:\\\/\\\/redenoticiaz.com.br\\\/litoralsp\\\/wp-content\\\/uploads\\\/sites\\\/3\\\/2021\\\/11\\\/homem-moroto.jpg\",\"datePublished\":\"2021-11-06T15:26:54+00:00\",\"description\":\"Um homem foi morto e o seu comparsa foi baleado durante troca de tiros na manh\u00e3 deste s\u00e1bado (6), no bairro Enseada, em Guaruj\u00e1.\",\"inLanguage\":\"pt-BR\",\"potentialAction\":[{\"@type\":\"ReadAction\",\"target\":[\"https:\\\/\\\/redenoticiaz.com.br\\\/litoralsp\\\/2021\\\/11\\\/06\\\/homem-troca-tiros-com-gcm-e-e-morto-na-praia-da-enseada\"]}]},{\"@type\":\"ImageObject\",\"inLanguage\":\"pt-BR\",\"@id\":\"https:\\\/\\\/redenoticiaz.com.br\\\/litoralsp\\\/2021\\\/11\\\/06\\\/homem-troca-tiros-com-gcm-e-e-morto-na-praia-da-enseada#primaryimage\",\"url\":\"https:\\\/\\\/redenoticiaz.com.br\\\/litoralsp\\\/wp-content\\\/uploads\\\/sites\\\/3\\\/2021\\\/11\\\/homem-moroto.jpg\",\"contentUrl\":\"https:\\\/\\\/redenoticiaz.com.br\\\/litoralsp\\\/wp-content\\\/uploads\\\/sites\\\/3\\\/2021\\\/11\\\/homem-moroto.jpg\",\"width\":718,\"height\":547},{\"@type\":\"WebSite\",\"@id\":\"https:\\\/\\\/redenoticiaz.com.br\\\/litoralsp\\\/#website\",\"url\":\"https:\\\/\\\/redenoticiaz.com.br\\\/litoralsp\\\/\",\"name\":\"Litoral SP\",\"description\":\"Rede NoticiaZ\",\"publisher\":{\"@id\":\"https:\\\/\\\/redenoticiaz.com.br\\\/litoralsp\\\/#organization\"},\"potentialAction\":[{\"@type\":\"SearchAction\",\"target\":{\"@type\":\"EntryPoint\",\"urlTemplate\":\"https:\\\/\\\/redenoticiaz.com.br\\\/litoralsp\\\/?s={search_term_string}\"},\"query-input\":{\"@type\":\"PropertyValueSpecification\",\"valueRequired\":true,\"valueName\":\"search_term_string\"}}],\"inLanguage\":\"pt-BR\"},{\"@type\":\"Organization\",\"@id\":\"https:\\\/\\\/redenoticiaz.com.br\\\/litoralsp\\\/#organization\",\"name\":\"Litoral SP\",\"url\":\"https:\\\/\\\/redenoticiaz.com.br\\\/litoralsp\\\/\",\"logo\":{\"@type\":\"ImageObject\",\"inLanguage\":\"pt-BR\",\"@id\":\"https:\\\/\\\/redenoticiaz.com.br\\\/litoralsp\\\/#\\\/schema\\\/logo\\\/image\\\/\",\"url\":\"https:\\\/\\\/redenoticiaz.com.br\\\/litoralsp\\\/wp-content\\\/uploads\\\/sites\\\/3\\\/2020\\\/11\\\/logo.jpg\",\"contentUrl\":\"https:\\\/\\\/redenoticiaz.com.br\\\/litoralsp\\\/wp-content\\\/uploads\\\/sites\\\/3\\\/2020\\\/11\\\/logo.jpg\",\"width\":400,\"height\":250,\"caption\":\"Litoral SP\"},\"image\":{\"@id\":\"https:\\\/\\\/redenoticiaz.com.br\\\/litoralsp\\\/#\\\/schema\\\/logo\\\/image\\\/\"}},{\"@type\":\"Person\",\"@id\":\"\",\"url\":\"https:\\\/\\\/redenoticiaz.com.br\\\/litoralsp\\\/author\"}]}<\/script>\n<!-- \/ Yoast SEO plugin. -->","yoast_head_json":{"title":"Homem troca tiros com GCM e \u00e9 morto na Praia da Enseada - Litoral SP","description":"Um homem foi morto e o seu comparsa foi baleado durante troca de tiros na manh\u00e3 deste s\u00e1bado (6), no bairro Enseada, em Guaruj\u00e1.","robots":{"index":"index","follow":"follow","max-snippet":"max-snippet:-1","max-image-preview":"max-image-preview:large","max-video-preview":"max-video-preview:-1"},"canonical":"https:\/\/redenoticiaz.com.br\/litoralsp\/2021\/11\/06\/homem-troca-tiros-com-gcm-e-e-morto-na-praia-da-enseada","og_locale":"pt_BR","og_type":"article","og_title":"Homem troca tiros com GCM e \u00e9 morto na Praia da Enseada - Litoral SP","og_description":"Um homem foi morto e o seu comparsa foi baleado durante troca de tiros na manh\u00e3 deste s\u00e1bado (6), no bairro Enseada, em Guaruj\u00e1.","og_url":"https:\/\/redenoticiaz.com.br\/litoralsp\/2021\/11\/06\/homem-troca-tiros-com-gcm-e-e-morto-na-praia-da-enseada","og_site_name":"Litoral SP","article_published_time":"2021-11-06T15:26:54+00:00","og_image":[{"width":718,"height":547,"url":"https:\/\/redenoticiaz.com.br\/litoralsp\/wp-content\/uploads\/sites\/3\/2021\/11\/homem-moroto.jpg","type":"image\/jpeg"}],"twitter_card":"summary_large_image","twitter_misc":{"Escrito por":"","Est. tempo de leitura":"1 minuto"},"schema":{"@context":"https:\/\/schema.org","@graph":[{"@type":"Article","@id":"https:\/\/redenoticiaz.com.br\/litoralsp\/2021\/11\/06\/homem-troca-tiros-com-gcm-e-e-morto-na-praia-da-enseada#article","isPartOf":{"@id":"https:\/\/redenoticiaz.com.br\/litoralsp\/2021\/11\/06\/homem-troca-tiros-com-gcm-e-e-morto-na-praia-da-enseada"},"author":{"name":"","@id":""},"headline":"Homem troca tiros com GCM e \u00e9 morto na Praia da Enseada","datePublished":"2021-11-06T15:26:54+00:00","mainEntityOfPage":{"@id":"https:\/\/redenoticiaz.com.br\/litoralsp\/2021\/11\/06\/homem-troca-tiros-com-gcm-e-e-morto-na-praia-da-enseada"},"wordCount":121,"commentCount":0,"publisher":{"@id":"https:\/\/redenoticiaz.com.br\/litoralsp\/#organization"},"image":{"@id":"https:\/\/redenoticiaz.com.br\/litoralsp\/2021\/11\/06\/homem-troca-tiros-com-gcm-e-e-morto-na-praia-da-enseada#primaryimage"},"thumbnailUrl":"https:\/\/redenoticiaz.com.br\/litoralsp\/wp-content\/uploads\/sites\/3\/2021\/11\/homem-moroto.jpg","keywords":["GCM","HOMEM","Pol\u00edcia","PRAIA DA ENSEADA","TROCA DE TIROS"],"articleSection":["Guaruj\u00e1","Pol\u00edcia"],"inLanguage":"pt-BR","potentialAction":[{"@type":"CommentAction","name":"Comment","target":["https:\/\/redenoticiaz.com.br\/litoralsp\/2021\/11\/06\/homem-troca-tiros-com-gcm-e-e-morto-na-praia-da-enseada#respond"]}]},{"@type":"WebPage","@id":"https:\/\/redenoticiaz.com.br\/litoralsp\/2021\/11\/06\/homem-troca-tiros-com-gcm-e-e-morto-na-praia-da-enseada","url":"https:\/\/redenoticiaz.com.br\/litoralsp\/2021\/11\/06\/homem-troca-tiros-com-gcm-e-e-morto-na-praia-da-enseada","name":"Homem troca tiros com GCM e \u00e9 morto na Praia da Enseada - Litoral SP","isPartOf":{"@id":"https:\/\/redenoticiaz.com.br\/litoralsp\/#website"},"primaryImageOfPage":{"@id":"https:\/\/redenoticiaz.com.br\/litoralsp\/2021\/11\/06\/homem-troca-tiros-com-gcm-e-e-morto-na-praia-da-enseada#primaryimage"},"image":{"@id":"https:\/\/redenoticiaz.com.br\/litoralsp\/2021\/11\/06\/homem-troca-tiros-com-gcm-e-e-morto-na-praia-da-enseada#primaryimage"},"thumbnailUrl":"https:\/\/redenoticiaz.com.br\/litoralsp\/wp-content\/uploads\/sites\/3\/2021\/11\/homem-moroto.jpg","datePublished":"2021-11-06T15:26:54+00:00","description":"Um homem foi morto e o seu comparsa foi baleado durante troca de tiros na manh\u00e3 deste s\u00e1bado (6), no bairro Enseada, em Guaruj\u00e1.","inLanguage":"pt-BR","potentialAction":[{"@type":"ReadAction","target":["https:\/\/redenoticiaz.com.br\/litoralsp\/2021\/11\/06\/homem-troca-tiros-com-gcm-e-e-morto-na-praia-da-enseada"]}]},{"@type":"ImageObject","inLanguage":"pt-BR","@id":"https:\/\/redenoticiaz.com.br\/litoralsp\/2021\/11\/06\/homem-troca-tiros-com-gcm-e-e-morto-na-praia-da-enseada#primaryimage","url":"https:\/\/redenoticiaz.com.br\/litoralsp\/wp-content\/uploads\/sites\/3\/2021\/11\/homem-moroto.jpg","contentUrl":"https:\/\/redenoticiaz.com.br\/litoralsp\/wp-content\/uploads\/sites\/3\/2021\/11\/homem-moroto.jpg","width":718,"height":547},{"@type":"WebSite","@id":"https:\/\/redenoticiaz.com.br\/litoralsp\/#website","url":"https:\/\/redenoticiaz.com.br\/litoralsp\/","name":"Litoral SP","description":"Rede NoticiaZ","publisher":{"@id":"https:\/\/redenoticiaz.com.br\/litoralsp\/#organization"},"potentialAction":[{"@type":"SearchAction","target":{"@type":"EntryPoint","urlTemplate":"https:\/\/redenoticiaz.com.br\/litoralsp\/?s={search_term_string}"},"query-input":{"@type":"PropertyValueSpecification","valueRequired":true,"valueName":"search_term_string"}}],"inLanguage":"pt-BR"},{"@type":"Organization","@id":"https:\/\/redenoticiaz.com.br\/litoralsp\/#organization","name":"Litoral SP","url":"https:\/\/redenoticiaz.com.br\/litoralsp\/","logo":{"@type":"ImageObject","inLanguage":"pt-BR","@id":"https:\/\/redenoticiaz.com.br\/litoralsp\/#\/schema\/logo\/image\/","url":"https:\/\/redenoticiaz.com.br\/litoralsp\/wp-content\/uploads\/sites\/3\/2020\/11\/logo.jpg","contentUrl":"https:\/\/redenoticiaz.com.br\/litoralsp\/wp-content\/uploads\/sites\/3\/2020\/11\/logo.jpg","width":400,"height":250,"caption":"Litoral SP"},"image":{"@id":"https:\/\/redenoticiaz.com.br\/litoralsp\/#\/schema\/logo\/image\/"}},{"@type":"Person","@id":"","url":"https:\/\/redenoticiaz.com.br\/litoralsp\/author"}]}},"_links":{"self":[{"href":"https:\/\/redenoticiaz.com.br\/litoralsp\/wp-json\/wp\/v2\/posts\/17848","targetHints":{"allow":["GET"]}}],"collection":[{"href":"https:\/\/redenoticiaz.com.br\/litoralsp\/wp-json\/wp\/v2\/posts"}],"about":[{"href":"https:\/\/redenoticiaz.com.br\/litoralsp\/wp-json\/wp\/v2\/types\/post"}],"author":[{"embeddable":true,"href":"https:\/\/redenoticiaz.com.br\/litoralsp\/wp-json\/wp\/v2\/users\/11"}],"replies":[{"embeddable":true,"href":"https:\/\/redenoticiaz.com.br\/litoralsp\/wp-json\/wp\/v2\/comments?post=17848"}],"version-history":[{"count":1,"href":"https:\/\/redenoticiaz.com.br\/litoralsp\/wp-json\/wp\/v2\/posts\/17848\/revisions"}],"predecessor-version":[{"id":17850,"href":"https:\/\/redenoticiaz.com.br\/litoralsp\/wp-json\/wp\/v2\/posts\/17848\/revisions\/17850"}],"wp:featuredmedia":[{"embeddable":true,"href":"https:\/\/redenoticiaz.com.br\/litoralsp\/wp-json\/wp\/v2\/media\/17849"}],"wp:attachment":[{"href":"https:\/\/redenoticiaz.com.br\/litoralsp\/wp-json\/wp\/v2\/media?parent=17848"}],"wp:term":[{"taxonomy":"category","embeddable":true,"href":"https:\/\/redenoticiaz.com.br\/litoralsp\/wp-json\/wp\/v2\/categories?post=17848"},{"taxonomy":"post_tag","embeddable":true,"href":"https:\/\/redenoticiaz.com.br\/litoralsp\/wp-json\/wp\/v2\/tags?post=17848"}],"curies":[{"name":"wp","href":"https:\/\/api.w.org\/{rel}","templated":true}]}}