{"id":17851,"date":"2021-11-07T10:30:55","date_gmt":"2021-11-07T13:30:55","guid":{"rendered":"https:\/\/redenoticiaz.com.br\/litoralsp\/?p=17851"},"modified":"2021-11-07T10:31:41","modified_gmt":"2021-11-07T13:31:41","slug":"criminosos-roubam-carga-do-mercado-livre-em-sao-vicente","status":"publish","type":"post","link":"https:\/\/redenoticiaz.com.br\/litoralsp\/2021\/11\/07\/criminosos-roubam-carga-do-mercado-livre-em-sao-vicente","title":{"rendered":"Criminosos roubam carga do Mercado Livre em S\u00e3o Vicente"},"content":{"rendered":"<p>Criminosos roubaram nesta semana, em <a href=\"https:\/\/www.saovicente.sp.gov.br\/\">S\u00e3o Vicente<\/a>, <strong>217 produtos comprados por meio do site Mercado Livre.<\/strong> As encomendas ainda seriam entregues aos consumidores por transportadoras terceirizadas. Conforme as notas fiscais, as mercadorias totalizam a quantia de R$ 29.245,43.<\/p>\n<p>Os produtos foram tomados de assalto em duas situa\u00e7\u00f5es, mas a suspeita \u00e9 a de que a mesma quadrilha tenha agido em ambas as ocasi\u00f5es. O primeiro roubo aconteceu no final da manh\u00e3 de quinta-feira (4) na Rua 136, no Catiapo\u00e3. O motorista de um furg\u00e3o Fiat Fiorino foi rendido por dois homens, sendo obrigado a sair do ve\u00edculo.<\/p>\n<p>Um dos ladr\u00f5es portava arma de fogo. A dupla fugiu com o furg\u00e3o, que foi encontrado momentos ap\u00f3s pr\u00f3ximo ao local da abordagem. Avaliadas em R$ 6.540,84, as 73 encomendas do Mercado Livre que estavam no compartimento de carga foram levadas. N\u00e3o est\u00e1 descartada a participa\u00e7\u00e3o de mais assaltantes.<\/p>\n<h2 class=\"has-medium-font-size\"><strong>Outro caso<\/strong><\/h2>\n<p>Ainda na quinta-feira, no come\u00e7o da tarde, quatro homens armados dominaram um motorista e o seu ajudante na Rua Jos\u00e9 Meireles, no Parque Bitaru. Tr\u00eas ladr\u00f5es ingressaram no Fiat Dobl\u00f2 com o qual as v\u00edtimas trabalhavam e fugiram em dire\u00e7\u00e3o ao Centro. No ve\u00edculo havia 144 mercadorias, totalizando R$ 22.704,59.<\/p>\n<p>Um dos marginais permaneceu no local vigiando o motorista e o ajudante. Ele fugiu ap\u00f3s a chegada de comparsas em um Ford Fiesta de cor clara, cuja placa n\u00e3o foi anotada. Posteriormente, o Dobl\u00f2 foi achado abandonado sem a carga na Vila Margarida. Os dois roubos foram registrados no 2\u00ba DP de S\u00e3o Vicente (N\u00e1utica), na sexta-feira (5).<\/p>\n<p><strong>LEIA TAMB\u00c9M<\/strong><\/p>\n<p><a href=\"https:\/\/redenoticiaz.com.br\/litoralsp\/2021\/11\/06\/homem-troca-tiros-com-gcm-e-e-morto-na-praia-da-enseada\">Homem troca tiros com GCM e \u00e9 morto na Praia da Enseada<\/a><\/p>\n","protected":false},"excerpt":{"rendered":"<p>Criminosos roubaram nesta semana, em S\u00e3o Vicente, 217 produtos comprados por meio do site Mercado Livre. As encomendas ainda seriam entregues aos consumidores por transportadoras terceirizadas. Conforme as notas fiscais, as mercadorias totalizam a quantia de R$ 29.245,43. Os produtos foram tomados de assalto em duas situa\u00e7\u00f5es, mas a suspeita \u00e9 a de que a &hellip;<\/p>\n","protected":false},"author":11,"featured_media":17852,"comment_status":"open","ping_status":"closed","sticky":false,"template":"","format":"standard","meta":{"footnotes":""},"categories":[10,181],"tags":[38997,9358,39417,1973],"class_list":["post-17851","post","type-post","status-publish","format-standard","has-post-thumbnail","hentry","category-policia","category-sao-vicente","tag-carga","tag-criminosos","tag-mercado-livre","tag-roubo"],"yoast_head":"<!-- This site is optimized with the Yoast SEO plugin v27.5 - https:\/\/yoast.com\/product\/yoast-seo-wordpress\/ -->\n<title>Criminosos roubam carga do Mercado Livre em S\u00e3o Vicente - Litoral SP<\/title>\n<meta name=\"description\" content=\"Criminosos roubaram nesta semana, em S\u00e3o Vicente, 217 produtos comprados por meio do site Mercado Livre. As encomendas ainda seriam entregues\" \/>\n<meta name=\"robots\" content=\"index, follow, max-snippet:-1, max-image-preview:large, max-video-preview:-1\" \/>\n<link rel=\"canonical\" href=\"https:\/\/redenoticiaz.com.br\/litoralsp\/2021\/11\/07\/criminosos-roubam-carga-do-mercado-livre-em-sao-vicente\" \/>\n<meta property=\"og:locale\" content=\"pt_BR\" \/>\n<meta property=\"og:type\" content=\"article\" \/>\n<meta property=\"og:title\" content=\"Criminosos roubam carga do Mercado Livre em S\u00e3o Vicente - Litoral SP\" \/>\n<meta property=\"og:description\" content=\"Criminosos roubaram nesta semana, em S\u00e3o Vicente, 217 produtos comprados por meio do site Mercado Livre. As encomendas ainda seriam entregues\" \/>\n<meta property=\"og:url\" content=\"https:\/\/redenoticiaz.com.br\/litoralsp\/2021\/11\/07\/criminosos-roubam-carga-do-mercado-livre-em-sao-vicente\" \/>\n<meta property=\"og:site_name\" content=\"Litoral SP\" \/>\n<meta property=\"article:published_time\" content=\"2021-11-07T13:30:55+00:00\" \/>\n<meta property=\"article:modified_time\" content=\"2021-11-07T13:31:41+00:00\" \/>\n<meta property=\"og:image\" content=\"https:\/\/redenoticiaz.com.br\/litoralsp\/wp-content\/uploads\/sites\/3\/2021\/11\/policia-1-1-2.jpg\" \/>\n\t<meta property=\"og:image:width\" content=\"780\" \/>\n\t<meta property=\"og:image:height\" content=\"484\" \/>\n\t<meta property=\"og:image:type\" content=\"image\/jpeg\" \/>\n<meta name=\"twitter:card\" content=\"summary_large_image\" \/>\n<meta name=\"twitter:label1\" content=\"Escrito por\" \/>\n\t<meta name=\"twitter:data1\" content=\"\" \/>\n\t<meta name=\"twitter:label2\" content=\"Est. tempo de leitura\" \/>\n\t<meta name=\"twitter:data2\" content=\"1 minuto\" \/>\n<script type=\"application\/ld+json\" class=\"yoast-schema-graph\">{\"@context\":\"https:\\\/\\\/schema.org\",\"@graph\":[{\"@type\":\"Article\",\"@id\":\"https:\\\/\\\/redenoticiaz.com.br\\\/litoralsp\\\/2021\\\/11\\\/07\\\/criminosos-roubam-carga-do-mercado-livre-em-sao-vicente#article\",\"isPartOf\":{\"@id\":\"https:\\\/\\\/redenoticiaz.com.br\\\/litoralsp\\\/2021\\\/11\\\/07\\\/criminosos-roubam-carga-do-mercado-livre-em-sao-vicente\"},\"author\":{\"name\":\"\",\"@id\":\"\"},\"headline\":\"Criminosos roubam carga do Mercado Livre em S\u00e3o Vicente\",\"datePublished\":\"2021-11-07T13:30:55+00:00\",\"dateModified\":\"2021-11-07T13:31:41+00:00\",\"mainEntityOfPage\":{\"@id\":\"https:\\\/\\\/redenoticiaz.com.br\\\/litoralsp\\\/2021\\\/11\\\/07\\\/criminosos-roubam-carga-do-mercado-livre-em-sao-vicente\"},\"wordCount\":290,\"commentCount\":0,\"publisher\":{\"@id\":\"https:\\\/\\\/redenoticiaz.com.br\\\/litoralsp\\\/#organization\"},\"image\":{\"@id\":\"https:\\\/\\\/redenoticiaz.com.br\\\/litoralsp\\\/2021\\\/11\\\/07\\\/criminosos-roubam-carga-do-mercado-livre-em-sao-vicente#primaryimage\"},\"thumbnailUrl\":\"https:\\\/\\\/redenoticiaz.com.br\\\/litoralsp\\\/wp-content\\\/uploads\\\/sites\\\/3\\\/2021\\\/11\\\/policia-1-1-2.jpg\",\"keywords\":[\"CARGA\",\"CRIMINOSOS\",\"MERCADO LIVRE\",\"roubo\"],\"articleSection\":[\"Pol\u00edcia\",\"S\u00e3o Vicente\"],\"inLanguage\":\"pt-BR\",\"potentialAction\":[{\"@type\":\"CommentAction\",\"name\":\"Comment\",\"target\":[\"https:\\\/\\\/redenoticiaz.com.br\\\/litoralsp\\\/2021\\\/11\\\/07\\\/criminosos-roubam-carga-do-mercado-livre-em-sao-vicente#respond\"]}]},{\"@type\":\"WebPage\",\"@id\":\"https:\\\/\\\/redenoticiaz.com.br\\\/litoralsp\\\/2021\\\/11\\\/07\\\/criminosos-roubam-carga-do-mercado-livre-em-sao-vicente\",\"url\":\"https:\\\/\\\/redenoticiaz.com.br\\\/litoralsp\\\/2021\\\/11\\\/07\\\/criminosos-roubam-carga-do-mercado-livre-em-sao-vicente\",\"name\":\"Criminosos roubam carga do Mercado Livre em S\u00e3o Vicente - Litoral SP\",\"isPartOf\":{\"@id\":\"https:\\\/\\\/redenoticiaz.com.br\\\/litoralsp\\\/#website\"},\"primaryImageOfPage\":{\"@id\":\"https:\\\/\\\/redenoticiaz.com.br\\\/litoralsp\\\/2021\\\/11\\\/07\\\/criminosos-roubam-carga-do-mercado-livre-em-sao-vicente#primaryimage\"},\"image\":{\"@id\":\"https:\\\/\\\/redenoticiaz.com.br\\\/litoralsp\\\/2021\\\/11\\\/07\\\/criminosos-roubam-carga-do-mercado-livre-em-sao-vicente#primaryimage\"},\"thumbnailUrl\":\"https:\\\/\\\/redenoticiaz.com.br\\\/litoralsp\\\/wp-content\\\/uploads\\\/sites\\\/3\\\/2021\\\/11\\\/policia-1-1-2.jpg\",\"datePublished\":\"2021-11-07T13:30:55+00:00\",\"dateModified\":\"2021-11-07T13:31:41+00:00\",\"description\":\"Criminosos roubaram nesta semana, em S\u00e3o Vicente, 217 produtos comprados por meio do site Mercado Livre. As encomendas ainda seriam entregues\",\"inLanguage\":\"pt-BR\",\"potentialAction\":[{\"@type\":\"ReadAction\",\"target\":[\"https:\\\/\\\/redenoticiaz.com.br\\\/litoralsp\\\/2021\\\/11\\\/07\\\/criminosos-roubam-carga-do-mercado-livre-em-sao-vicente\"]}]},{\"@type\":\"ImageObject\",\"inLanguage\":\"pt-BR\",\"@id\":\"https:\\\/\\\/redenoticiaz.com.br\\\/litoralsp\\\/2021\\\/11\\\/07\\\/criminosos-roubam-carga-do-mercado-livre-em-sao-vicente#primaryimage\",\"url\":\"https:\\\/\\\/redenoticiaz.com.br\\\/litoralsp\\\/wp-content\\\/uploads\\\/sites\\\/3\\\/2021\\\/11\\\/policia-1-1-2.jpg\",\"contentUrl\":\"https:\\\/\\\/redenoticiaz.com.br\\\/litoralsp\\\/wp-content\\\/uploads\\\/sites\\\/3\\\/2021\\\/11\\\/policia-1-1-2.jpg\",\"width\":780,\"height\":484,\"caption\":\"Foto: Divulga\u00e7\u00e3o\"},{\"@type\":\"WebSite\",\"@id\":\"https:\\\/\\\/redenoticiaz.com.br\\\/litoralsp\\\/#website\",\"url\":\"https:\\\/\\\/redenoticiaz.com.br\\\/litoralsp\\\/\",\"name\":\"Litoral SP\",\"description\":\"Rede NoticiaZ\",\"publisher\":{\"@id\":\"https:\\\/\\\/redenoticiaz.com.br\\\/litoralsp\\\/#organization\"},\"potentialAction\":[{\"@type\":\"SearchAction\",\"target\":{\"@type\":\"EntryPoint\",\"urlTemplate\":\"https:\\\/\\\/redenoticiaz.com.br\\\/litoralsp\\\/?s={search_term_string}\"},\"query-input\":{\"@type\":\"PropertyValueSpecification\",\"valueRequired\":true,\"valueName\":\"search_term_string\"}}],\"inLanguage\":\"pt-BR\"},{\"@type\":\"Organization\",\"@id\":\"https:\\\/\\\/redenoticiaz.com.br\\\/litoralsp\\\/#organization\",\"name\":\"Litoral SP\",\"url\":\"https:\\\/\\\/redenoticiaz.com.br\\\/litoralsp\\\/\",\"logo\":{\"@type\":\"ImageObject\",\"inLanguage\":\"pt-BR\",\"@id\":\"https:\\\/\\\/redenoticiaz.com.br\\\/litoralsp\\\/#\\\/schema\\\/logo\\\/image\\\/\",\"url\":\"https:\\\/\\\/redenoticiaz.com.br\\\/litoralsp\\\/wp-content\\\/uploads\\\/sites\\\/3\\\/2020\\\/11\\\/logo.jpg\",\"contentUrl\":\"https:\\\/\\\/redenoticiaz.com.br\\\/litoralsp\\\/wp-content\\\/uploads\\\/sites\\\/3\\\/2020\\\/11\\\/logo.jpg\",\"width\":400,\"height\":250,\"caption\":\"Litoral SP\"},\"image\":{\"@id\":\"https:\\\/\\\/redenoticiaz.com.br\\\/litoralsp\\\/#\\\/schema\\\/logo\\\/image\\\/\"}},{\"@type\":\"Person\",\"@id\":\"\",\"url\":\"https:\\\/\\\/redenoticiaz.com.br\\\/litoralsp\\\/author\"}]}<\/script>\n<!-- \/ Yoast SEO plugin. -->","yoast_head_json":{"title":"Criminosos roubam carga do Mercado Livre em S\u00e3o Vicente - Litoral SP","description":"Criminosos roubaram nesta semana, em S\u00e3o Vicente, 217 produtos comprados por meio do site Mercado Livre. As encomendas ainda seriam entregues","robots":{"index":"index","follow":"follow","max-snippet":"max-snippet:-1","max-image-preview":"max-image-preview:large","max-video-preview":"max-video-preview:-1"},"canonical":"https:\/\/redenoticiaz.com.br\/litoralsp\/2021\/11\/07\/criminosos-roubam-carga-do-mercado-livre-em-sao-vicente","og_locale":"pt_BR","og_type":"article","og_title":"Criminosos roubam carga do Mercado Livre em S\u00e3o Vicente - Litoral SP","og_description":"Criminosos roubaram nesta semana, em S\u00e3o Vicente, 217 produtos comprados por meio do site Mercado Livre. As encomendas ainda seriam entregues","og_url":"https:\/\/redenoticiaz.com.br\/litoralsp\/2021\/11\/07\/criminosos-roubam-carga-do-mercado-livre-em-sao-vicente","og_site_name":"Litoral SP","article_published_time":"2021-11-07T13:30:55+00:00","article_modified_time":"2021-11-07T13:31:41+00:00","og_image":[{"width":780,"height":484,"url":"https:\/\/redenoticiaz.com.br\/litoralsp\/wp-content\/uploads\/sites\/3\/2021\/11\/policia-1-1-2.jpg","type":"image\/jpeg"}],"twitter_card":"summary_large_image","twitter_misc":{"Escrito por":"","Est. tempo de leitura":"1 minuto"},"schema":{"@context":"https:\/\/schema.org","@graph":[{"@type":"Article","@id":"https:\/\/redenoticiaz.com.br\/litoralsp\/2021\/11\/07\/criminosos-roubam-carga-do-mercado-livre-em-sao-vicente#article","isPartOf":{"@id":"https:\/\/redenoticiaz.com.br\/litoralsp\/2021\/11\/07\/criminosos-roubam-carga-do-mercado-livre-em-sao-vicente"},"author":{"name":"","@id":""},"headline":"Criminosos roubam carga do Mercado Livre em S\u00e3o Vicente","datePublished":"2021-11-07T13:30:55+00:00","dateModified":"2021-11-07T13:31:41+00:00","mainEntityOfPage":{"@id":"https:\/\/redenoticiaz.com.br\/litoralsp\/2021\/11\/07\/criminosos-roubam-carga-do-mercado-livre-em-sao-vicente"},"wordCount":290,"commentCount":0,"publisher":{"@id":"https:\/\/redenoticiaz.com.br\/litoralsp\/#organization"},"image":{"@id":"https:\/\/redenoticiaz.com.br\/litoralsp\/2021\/11\/07\/criminosos-roubam-carga-do-mercado-livre-em-sao-vicente#primaryimage"},"thumbnailUrl":"https:\/\/redenoticiaz.com.br\/litoralsp\/wp-content\/uploads\/sites\/3\/2021\/11\/policia-1-1-2.jpg","keywords":["CARGA","CRIMINOSOS","MERCADO LIVRE","roubo"],"articleSection":["Pol\u00edcia","S\u00e3o Vicente"],"inLanguage":"pt-BR","potentialAction":[{"@type":"CommentAction","name":"Comment","target":["https:\/\/redenoticiaz.com.br\/litoralsp\/2021\/11\/07\/criminosos-roubam-carga-do-mercado-livre-em-sao-vicente#respond"]}]},{"@type":"WebPage","@id":"https:\/\/redenoticiaz.com.br\/litoralsp\/2021\/11\/07\/criminosos-roubam-carga-do-mercado-livre-em-sao-vicente","url":"https:\/\/redenoticiaz.com.br\/litoralsp\/2021\/11\/07\/criminosos-roubam-carga-do-mercado-livre-em-sao-vicente","name":"Criminosos roubam carga do Mercado Livre em S\u00e3o Vicente - Litoral SP","isPartOf":{"@id":"https:\/\/redenoticiaz.com.br\/litoralsp\/#website"},"primaryImageOfPage":{"@id":"https:\/\/redenoticiaz.com.br\/litoralsp\/2021\/11\/07\/criminosos-roubam-carga-do-mercado-livre-em-sao-vicente#primaryimage"},"image":{"@id":"https:\/\/redenoticiaz.com.br\/litoralsp\/2021\/11\/07\/criminosos-roubam-carga-do-mercado-livre-em-sao-vicente#primaryimage"},"thumbnailUrl":"https:\/\/redenoticiaz.com.br\/litoralsp\/wp-content\/uploads\/sites\/3\/2021\/11\/policia-1-1-2.jpg","datePublished":"2021-11-07T13:30:55+00:00","dateModified":"2021-11-07T13:31:41+00:00","description":"Criminosos roubaram nesta semana, em S\u00e3o Vicente, 217 produtos comprados por meio do site Mercado Livre. As encomendas ainda seriam entregues","inLanguage":"pt-BR","potentialAction":[{"@type":"ReadAction","target":["https:\/\/redenoticiaz.com.br\/litoralsp\/2021\/11\/07\/criminosos-roubam-carga-do-mercado-livre-em-sao-vicente"]}]},{"@type":"ImageObject","inLanguage":"pt-BR","@id":"https:\/\/redenoticiaz.com.br\/litoralsp\/2021\/11\/07\/criminosos-roubam-carga-do-mercado-livre-em-sao-vicente#primaryimage","url":"https:\/\/redenoticiaz.com.br\/litoralsp\/wp-content\/uploads\/sites\/3\/2021\/11\/policia-1-1-2.jpg","contentUrl":"https:\/\/redenoticiaz.com.br\/litoralsp\/wp-content\/uploads\/sites\/3\/2021\/11\/policia-1-1-2.jpg","width":780,"height":484,"caption":"Foto: Divulga\u00e7\u00e3o"},{"@type":"WebSite","@id":"https:\/\/redenoticiaz.com.br\/litoralsp\/#website","url":"https:\/\/redenoticiaz.com.br\/litoralsp\/","name":"Litoral SP","description":"Rede NoticiaZ","publisher":{"@id":"https:\/\/redenoticiaz.com.br\/litoralsp\/#organization"},"potentialAction":[{"@type":"SearchAction","target":{"@type":"EntryPoint","urlTemplate":"https:\/\/redenoticiaz.com.br\/litoralsp\/?s={search_term_string}"},"query-input":{"@type":"PropertyValueSpecification","valueRequired":true,"valueName":"search_term_string"}}],"inLanguage":"pt-BR"},{"@type":"Organization","@id":"https:\/\/redenoticiaz.com.br\/litoralsp\/#organization","name":"Litoral SP","url":"https:\/\/redenoticiaz.com.br\/litoralsp\/","logo":{"@type":"ImageObject","inLanguage":"pt-BR","@id":"https:\/\/redenoticiaz.com.br\/litoralsp\/#\/schema\/logo\/image\/","url":"https:\/\/redenoticiaz.com.br\/litoralsp\/wp-content\/uploads\/sites\/3\/2020\/11\/logo.jpg","contentUrl":"https:\/\/redenoticiaz.com.br\/litoralsp\/wp-content\/uploads\/sites\/3\/2020\/11\/logo.jpg","width":400,"height":250,"caption":"Litoral SP"},"image":{"@id":"https:\/\/redenoticiaz.com.br\/litoralsp\/#\/schema\/logo\/image\/"}},{"@type":"Person","@id":"","url":"https:\/\/redenoticiaz.com.br\/litoralsp\/author"}]}},"_links":{"self":[{"href":"https:\/\/redenoticiaz.com.br\/litoralsp\/wp-json\/wp\/v2\/posts\/17851","targetHints":{"allow":["GET"]}}],"collection":[{"href":"https:\/\/redenoticiaz.com.br\/litoralsp\/wp-json\/wp\/v2\/posts"}],"about":[{"href":"https:\/\/redenoticiaz.com.br\/litoralsp\/wp-json\/wp\/v2\/types\/post"}],"author":[{"embeddable":true,"href":"https:\/\/redenoticiaz.com.br\/litoralsp\/wp-json\/wp\/v2\/users\/11"}],"replies":[{"embeddable":true,"href":"https:\/\/redenoticiaz.com.br\/litoralsp\/wp-json\/wp\/v2\/comments?post=17851"}],"version-history":[{"count":2,"href":"https:\/\/redenoticiaz.com.br\/litoralsp\/wp-json\/wp\/v2\/posts\/17851\/revisions"}],"predecessor-version":[{"id":17854,"href":"https:\/\/redenoticiaz.com.br\/litoralsp\/wp-json\/wp\/v2\/posts\/17851\/revisions\/17854"}],"wp:featuredmedia":[{"embeddable":true,"href":"https:\/\/redenoticiaz.com.br\/litoralsp\/wp-json\/wp\/v2\/media\/17852"}],"wp:attachment":[{"href":"https:\/\/redenoticiaz.com.br\/litoralsp\/wp-json\/wp\/v2\/media?parent=17851"}],"wp:term":[{"taxonomy":"category","embeddable":true,"href":"https:\/\/redenoticiaz.com.br\/litoralsp\/wp-json\/wp\/v2\/categories?post=17851"},{"taxonomy":"post_tag","embeddable":true,"href":"https:\/\/redenoticiaz.com.br\/litoralsp\/wp-json\/wp\/v2\/tags?post=17851"}],"curies":[{"name":"wp","href":"https:\/\/api.w.org\/{rel}","templated":true}]}}