{"id":17855,"date":"2021-11-07T10:35:25","date_gmt":"2021-11-07T13:35:25","guid":{"rendered":"https:\/\/redenoticiaz.com.br\/litoralsp\/?p=17855"},"modified":"2021-11-07T10:35:25","modified_gmt":"2021-11-07T13:35:25","slug":"traficantes-sao-presos-vendendo-drogas-em-quadra-esportiva-em-sao-vicente","status":"publish","type":"post","link":"https:\/\/redenoticiaz.com.br\/litoralsp\/2021\/11\/07\/traficantes-sao-presos-vendendo-drogas-em-quadra-esportiva-em-sao-vicente","title":{"rendered":"Traficantes s\u00e3o presos vendendo drogas em quadra esportiva em S\u00e3o Vicente"},"content":{"rendered":"<p><strong>Dois jovens foram presos na tarde de sexta-feira (5) pela acusa\u00e7\u00e3o de estarem traficando drogas<\/strong> em uma quadra esportiva em <a href=\"http:\/\/saovicente.sp.gov.br\">S\u00e3o Vicente<\/a>.<\/p>\n<p>Segundo informa\u00e7\u00f5es da Pol\u00edcia Civil, os investigadores se dirigiram a uma quadra localizada na Rua Waldemar Geraldo Zanchi, no bairro Cidade N\u00e1utica, ap\u00f3s apurarem que no local ocorria o tr\u00e1fico de entorpecentes.<\/p>\n<p>Os jovens, ambos com 18 anos, foram surpreendidos pelos policiais e n\u00e3o esbo\u00e7aram qualquer rea\u00e7\u00e3o no momento da abordagem.<\/p>\n<p>Com eles foi encontrada uma sacola contendo 23 por\u00e7\u00f5es de maconha (64 gramas) e R$45,00 em dinheiro.<\/p>\n<p>Eles confessaram que estavam iniciando na pr\u00e1tica criminosa e indicaram um indiv\u00edduo, que mora no pr\u00e9dio em frente ao local, o qual os havia cooptado para venderem as subst\u00e2ncias il\u00edcitas. Dilig\u00eancias prosseguem para identifica\u00e7\u00e3o e pris\u00e3o desse indiv\u00edduo.<\/p>\n<p>Os jovens foram autuados em flagrante por tr\u00e1fico de drogas e encaminhados \u00e0 cadeia p\u00fablica.<\/p>\n<p><strong>LEIA TAMB\u00c9M<\/strong><\/p>\n<p><a href=\"https:\/\/redenoticiaz.com.br\/litoralsp\/2021\/11\/06\/homem-troca-tiros-com-gcm-e-e-morto-na-praia-da-enseada\">Homem troca tiros com GCM e \u00e9 morto na Praia da Enseada<\/a><\/p>\n","protected":false},"excerpt":{"rendered":"<p>Dois jovens foram presos na tarde de sexta-feira (5) pela acusa\u00e7\u00e3o de estarem traficando drogas em uma quadra esportiva em S\u00e3o Vicente. Segundo informa\u00e7\u00f5es da Pol\u00edcia Civil, os investigadores se dirigiram a uma quadra localizada na Rua Waldemar Geraldo Zanchi, no bairro Cidade N\u00e1utica, ap\u00f3s apurarem que no local ocorria o tr\u00e1fico de entorpecentes. Os &hellip;<\/p>\n","protected":false},"author":11,"featured_media":17856,"comment_status":"open","ping_status":"closed","sticky":false,"template":"","format":"standard","meta":{"footnotes":""},"categories":[10,181],"tags":[72,20855,40748,33],"class_list":["post-17855","post","type-post","status-publish","format-standard","has-post-thumbnail","hentry","category-policia","category-sao-vicente","tag-drogas","tag-policia","tag-quadra-esportiva","tag-sao-vicente"],"yoast_head":"<!-- This site is optimized with the Yoast SEO plugin v27.5 - https:\/\/yoast.com\/product\/yoast-seo-wordpress\/ -->\n<title>Traficantes s\u00e3o presos vendendo drogas em quadra esportiva em S\u00e3o Vicente - Litoral SP<\/title>\n<meta name=\"description\" content=\"Traficantes foram presos na tarde de sexta-feira (5) pela acusa\u00e7\u00e3o de estarem traficando drogas em uma quadra esportiva em S\u00e3o Vicente.\" \/>\n<meta name=\"robots\" content=\"index, follow, max-snippet:-1, max-image-preview:large, max-video-preview:-1\" \/>\n<link rel=\"canonical\" href=\"https:\/\/redenoticiaz.com.br\/litoralsp\/2021\/11\/07\/traficantes-sao-presos-vendendo-drogas-em-quadra-esportiva-em-sao-vicente\" \/>\n<meta property=\"og:locale\" content=\"pt_BR\" \/>\n<meta property=\"og:type\" content=\"article\" \/>\n<meta property=\"og:title\" content=\"Traficantes s\u00e3o presos vendendo drogas em quadra esportiva em S\u00e3o Vicente - Litoral SP\" \/>\n<meta property=\"og:description\" content=\"Traficantes foram presos na tarde de sexta-feira (5) pela acusa\u00e7\u00e3o de estarem traficando drogas em uma quadra esportiva em S\u00e3o Vicente.\" \/>\n<meta property=\"og:url\" content=\"https:\/\/redenoticiaz.com.br\/litoralsp\/2021\/11\/07\/traficantes-sao-presos-vendendo-drogas-em-quadra-esportiva-em-sao-vicente\" \/>\n<meta property=\"og:site_name\" content=\"Litoral SP\" \/>\n<meta property=\"article:published_time\" content=\"2021-11-07T13:35:25+00:00\" \/>\n<meta property=\"og:image\" content=\"https:\/\/redenoticiaz.com.br\/litoralsp\/wp-content\/uploads\/sites\/3\/2021\/11\/traficosv.jpg\" \/>\n\t<meta property=\"og:image:width\" content=\"900\" \/>\n\t<meta property=\"og:image:height\" content=\"600\" \/>\n\t<meta property=\"og:image:type\" content=\"image\/jpeg\" \/>\n<meta name=\"twitter:card\" content=\"summary_large_image\" \/>\n<meta name=\"twitter:label1\" content=\"Escrito por\" \/>\n\t<meta name=\"twitter:data1\" content=\"\" \/>\n\t<meta name=\"twitter:label2\" content=\"Est. tempo de leitura\" \/>\n\t<meta name=\"twitter:data2\" content=\"1 minuto\" \/>\n<script type=\"application\/ld+json\" class=\"yoast-schema-graph\">{\"@context\":\"https:\\\/\\\/schema.org\",\"@graph\":[{\"@type\":\"Article\",\"@id\":\"https:\\\/\\\/redenoticiaz.com.br\\\/litoralsp\\\/2021\\\/11\\\/07\\\/traficantes-sao-presos-vendendo-drogas-em-quadra-esportiva-em-sao-vicente#article\",\"isPartOf\":{\"@id\":\"https:\\\/\\\/redenoticiaz.com.br\\\/litoralsp\\\/2021\\\/11\\\/07\\\/traficantes-sao-presos-vendendo-drogas-em-quadra-esportiva-em-sao-vicente\"},\"author\":{\"name\":\"\",\"@id\":\"\"},\"headline\":\"Traficantes s\u00e3o presos vendendo drogas em quadra esportiva em S\u00e3o Vicente\",\"datePublished\":\"2021-11-07T13:35:25+00:00\",\"mainEntityOfPage\":{\"@id\":\"https:\\\/\\\/redenoticiaz.com.br\\\/litoralsp\\\/2021\\\/11\\\/07\\\/traficantes-sao-presos-vendendo-drogas-em-quadra-esportiva-em-sao-vicente\"},\"wordCount\":187,\"commentCount\":0,\"publisher\":{\"@id\":\"https:\\\/\\\/redenoticiaz.com.br\\\/litoralsp\\\/#organization\"},\"image\":{\"@id\":\"https:\\\/\\\/redenoticiaz.com.br\\\/litoralsp\\\/2021\\\/11\\\/07\\\/traficantes-sao-presos-vendendo-drogas-em-quadra-esportiva-em-sao-vicente#primaryimage\"},\"thumbnailUrl\":\"https:\\\/\\\/redenoticiaz.com.br\\\/litoralsp\\\/wp-content\\\/uploads\\\/sites\\\/3\\\/2021\\\/11\\\/traficosv.jpg\",\"keywords\":[\"drogas\",\"Pol\u00edcia\",\"QUADRA ESPORTIVA\",\"S\u00e3o Vicente\"],\"articleSection\":[\"Pol\u00edcia\",\"S\u00e3o Vicente\"],\"inLanguage\":\"pt-BR\",\"potentialAction\":[{\"@type\":\"CommentAction\",\"name\":\"Comment\",\"target\":[\"https:\\\/\\\/redenoticiaz.com.br\\\/litoralsp\\\/2021\\\/11\\\/07\\\/traficantes-sao-presos-vendendo-drogas-em-quadra-esportiva-em-sao-vicente#respond\"]}]},{\"@type\":\"WebPage\",\"@id\":\"https:\\\/\\\/redenoticiaz.com.br\\\/litoralsp\\\/2021\\\/11\\\/07\\\/traficantes-sao-presos-vendendo-drogas-em-quadra-esportiva-em-sao-vicente\",\"url\":\"https:\\\/\\\/redenoticiaz.com.br\\\/litoralsp\\\/2021\\\/11\\\/07\\\/traficantes-sao-presos-vendendo-drogas-em-quadra-esportiva-em-sao-vicente\",\"name\":\"Traficantes s\u00e3o presos vendendo drogas em quadra esportiva em S\u00e3o Vicente - Litoral SP\",\"isPartOf\":{\"@id\":\"https:\\\/\\\/redenoticiaz.com.br\\\/litoralsp\\\/#website\"},\"primaryImageOfPage\":{\"@id\":\"https:\\\/\\\/redenoticiaz.com.br\\\/litoralsp\\\/2021\\\/11\\\/07\\\/traficantes-sao-presos-vendendo-drogas-em-quadra-esportiva-em-sao-vicente#primaryimage\"},\"image\":{\"@id\":\"https:\\\/\\\/redenoticiaz.com.br\\\/litoralsp\\\/2021\\\/11\\\/07\\\/traficantes-sao-presos-vendendo-drogas-em-quadra-esportiva-em-sao-vicente#primaryimage\"},\"thumbnailUrl\":\"https:\\\/\\\/redenoticiaz.com.br\\\/litoralsp\\\/wp-content\\\/uploads\\\/sites\\\/3\\\/2021\\\/11\\\/traficosv.jpg\",\"datePublished\":\"2021-11-07T13:35:25+00:00\",\"description\":\"Traficantes foram presos na tarde de sexta-feira (5) pela acusa\u00e7\u00e3o de estarem traficando drogas em uma quadra esportiva em S\u00e3o Vicente.\",\"inLanguage\":\"pt-BR\",\"potentialAction\":[{\"@type\":\"ReadAction\",\"target\":[\"https:\\\/\\\/redenoticiaz.com.br\\\/litoralsp\\\/2021\\\/11\\\/07\\\/traficantes-sao-presos-vendendo-drogas-em-quadra-esportiva-em-sao-vicente\"]}]},{\"@type\":\"ImageObject\",\"inLanguage\":\"pt-BR\",\"@id\":\"https:\\\/\\\/redenoticiaz.com.br\\\/litoralsp\\\/2021\\\/11\\\/07\\\/traficantes-sao-presos-vendendo-drogas-em-quadra-esportiva-em-sao-vicente#primaryimage\",\"url\":\"https:\\\/\\\/redenoticiaz.com.br\\\/litoralsp\\\/wp-content\\\/uploads\\\/sites\\\/3\\\/2021\\\/11\\\/traficosv.jpg\",\"contentUrl\":\"https:\\\/\\\/redenoticiaz.com.br\\\/litoralsp\\\/wp-content\\\/uploads\\\/sites\\\/3\\\/2021\\\/11\\\/traficosv.jpg\",\"width\":900,\"height\":600,\"caption\":\"Foto: Divulga\u00e7\u00e3o\"},{\"@type\":\"WebSite\",\"@id\":\"https:\\\/\\\/redenoticiaz.com.br\\\/litoralsp\\\/#website\",\"url\":\"https:\\\/\\\/redenoticiaz.com.br\\\/litoralsp\\\/\",\"name\":\"Litoral SP\",\"description\":\"Rede NoticiaZ\",\"publisher\":{\"@id\":\"https:\\\/\\\/redenoticiaz.com.br\\\/litoralsp\\\/#organization\"},\"potentialAction\":[{\"@type\":\"SearchAction\",\"target\":{\"@type\":\"EntryPoint\",\"urlTemplate\":\"https:\\\/\\\/redenoticiaz.com.br\\\/litoralsp\\\/?s={search_term_string}\"},\"query-input\":{\"@type\":\"PropertyValueSpecification\",\"valueRequired\":true,\"valueName\":\"search_term_string\"}}],\"inLanguage\":\"pt-BR\"},{\"@type\":\"Organization\",\"@id\":\"https:\\\/\\\/redenoticiaz.com.br\\\/litoralsp\\\/#organization\",\"name\":\"Litoral SP\",\"url\":\"https:\\\/\\\/redenoticiaz.com.br\\\/litoralsp\\\/\",\"logo\":{\"@type\":\"ImageObject\",\"inLanguage\":\"pt-BR\",\"@id\":\"https:\\\/\\\/redenoticiaz.com.br\\\/litoralsp\\\/#\\\/schema\\\/logo\\\/image\\\/\",\"url\":\"https:\\\/\\\/redenoticiaz.com.br\\\/litoralsp\\\/wp-content\\\/uploads\\\/sites\\\/3\\\/2020\\\/11\\\/logo.jpg\",\"contentUrl\":\"https:\\\/\\\/redenoticiaz.com.br\\\/litoralsp\\\/wp-content\\\/uploads\\\/sites\\\/3\\\/2020\\\/11\\\/logo.jpg\",\"width\":400,\"height\":250,\"caption\":\"Litoral SP\"},\"image\":{\"@id\":\"https:\\\/\\\/redenoticiaz.com.br\\\/litoralsp\\\/#\\\/schema\\\/logo\\\/image\\\/\"}},{\"@type\":\"Person\",\"@id\":\"\",\"url\":\"https:\\\/\\\/redenoticiaz.com.br\\\/litoralsp\\\/author\"}]}<\/script>\n<!-- \/ Yoast SEO plugin. -->","yoast_head_json":{"title":"Traficantes s\u00e3o presos vendendo drogas em quadra esportiva em S\u00e3o Vicente - Litoral SP","description":"Traficantes foram presos na tarde de sexta-feira (5) pela acusa\u00e7\u00e3o de estarem traficando drogas em uma quadra esportiva em S\u00e3o Vicente.","robots":{"index":"index","follow":"follow","max-snippet":"max-snippet:-1","max-image-preview":"max-image-preview:large","max-video-preview":"max-video-preview:-1"},"canonical":"https:\/\/redenoticiaz.com.br\/litoralsp\/2021\/11\/07\/traficantes-sao-presos-vendendo-drogas-em-quadra-esportiva-em-sao-vicente","og_locale":"pt_BR","og_type":"article","og_title":"Traficantes s\u00e3o presos vendendo drogas em quadra esportiva em S\u00e3o Vicente - Litoral SP","og_description":"Traficantes foram presos na tarde de sexta-feira (5) pela acusa\u00e7\u00e3o de estarem traficando drogas em uma quadra esportiva em S\u00e3o Vicente.","og_url":"https:\/\/redenoticiaz.com.br\/litoralsp\/2021\/11\/07\/traficantes-sao-presos-vendendo-drogas-em-quadra-esportiva-em-sao-vicente","og_site_name":"Litoral SP","article_published_time":"2021-11-07T13:35:25+00:00","og_image":[{"width":900,"height":600,"url":"https:\/\/redenoticiaz.com.br\/litoralsp\/wp-content\/uploads\/sites\/3\/2021\/11\/traficosv.jpg","type":"image\/jpeg"}],"twitter_card":"summary_large_image","twitter_misc":{"Escrito por":"","Est. tempo de leitura":"1 minuto"},"schema":{"@context":"https:\/\/schema.org","@graph":[{"@type":"Article","@id":"https:\/\/redenoticiaz.com.br\/litoralsp\/2021\/11\/07\/traficantes-sao-presos-vendendo-drogas-em-quadra-esportiva-em-sao-vicente#article","isPartOf":{"@id":"https:\/\/redenoticiaz.com.br\/litoralsp\/2021\/11\/07\/traficantes-sao-presos-vendendo-drogas-em-quadra-esportiva-em-sao-vicente"},"author":{"name":"","@id":""},"headline":"Traficantes s\u00e3o presos vendendo drogas em quadra esportiva em S\u00e3o Vicente","datePublished":"2021-11-07T13:35:25+00:00","mainEntityOfPage":{"@id":"https:\/\/redenoticiaz.com.br\/litoralsp\/2021\/11\/07\/traficantes-sao-presos-vendendo-drogas-em-quadra-esportiva-em-sao-vicente"},"wordCount":187,"commentCount":0,"publisher":{"@id":"https:\/\/redenoticiaz.com.br\/litoralsp\/#organization"},"image":{"@id":"https:\/\/redenoticiaz.com.br\/litoralsp\/2021\/11\/07\/traficantes-sao-presos-vendendo-drogas-em-quadra-esportiva-em-sao-vicente#primaryimage"},"thumbnailUrl":"https:\/\/redenoticiaz.com.br\/litoralsp\/wp-content\/uploads\/sites\/3\/2021\/11\/traficosv.jpg","keywords":["drogas","Pol\u00edcia","QUADRA ESPORTIVA","S\u00e3o Vicente"],"articleSection":["Pol\u00edcia","S\u00e3o Vicente"],"inLanguage":"pt-BR","potentialAction":[{"@type":"CommentAction","name":"Comment","target":["https:\/\/redenoticiaz.com.br\/litoralsp\/2021\/11\/07\/traficantes-sao-presos-vendendo-drogas-em-quadra-esportiva-em-sao-vicente#respond"]}]},{"@type":"WebPage","@id":"https:\/\/redenoticiaz.com.br\/litoralsp\/2021\/11\/07\/traficantes-sao-presos-vendendo-drogas-em-quadra-esportiva-em-sao-vicente","url":"https:\/\/redenoticiaz.com.br\/litoralsp\/2021\/11\/07\/traficantes-sao-presos-vendendo-drogas-em-quadra-esportiva-em-sao-vicente","name":"Traficantes s\u00e3o presos vendendo drogas em quadra esportiva em S\u00e3o Vicente - Litoral SP","isPartOf":{"@id":"https:\/\/redenoticiaz.com.br\/litoralsp\/#website"},"primaryImageOfPage":{"@id":"https:\/\/redenoticiaz.com.br\/litoralsp\/2021\/11\/07\/traficantes-sao-presos-vendendo-drogas-em-quadra-esportiva-em-sao-vicente#primaryimage"},"image":{"@id":"https:\/\/redenoticiaz.com.br\/litoralsp\/2021\/11\/07\/traficantes-sao-presos-vendendo-drogas-em-quadra-esportiva-em-sao-vicente#primaryimage"},"thumbnailUrl":"https:\/\/redenoticiaz.com.br\/litoralsp\/wp-content\/uploads\/sites\/3\/2021\/11\/traficosv.jpg","datePublished":"2021-11-07T13:35:25+00:00","description":"Traficantes foram presos na tarde de sexta-feira (5) pela acusa\u00e7\u00e3o de estarem traficando drogas em uma quadra esportiva em S\u00e3o Vicente.","inLanguage":"pt-BR","potentialAction":[{"@type":"ReadAction","target":["https:\/\/redenoticiaz.com.br\/litoralsp\/2021\/11\/07\/traficantes-sao-presos-vendendo-drogas-em-quadra-esportiva-em-sao-vicente"]}]},{"@type":"ImageObject","inLanguage":"pt-BR","@id":"https:\/\/redenoticiaz.com.br\/litoralsp\/2021\/11\/07\/traficantes-sao-presos-vendendo-drogas-em-quadra-esportiva-em-sao-vicente#primaryimage","url":"https:\/\/redenoticiaz.com.br\/litoralsp\/wp-content\/uploads\/sites\/3\/2021\/11\/traficosv.jpg","contentUrl":"https:\/\/redenoticiaz.com.br\/litoralsp\/wp-content\/uploads\/sites\/3\/2021\/11\/traficosv.jpg","width":900,"height":600,"caption":"Foto: Divulga\u00e7\u00e3o"},{"@type":"WebSite","@id":"https:\/\/redenoticiaz.com.br\/litoralsp\/#website","url":"https:\/\/redenoticiaz.com.br\/litoralsp\/","name":"Litoral SP","description":"Rede NoticiaZ","publisher":{"@id":"https:\/\/redenoticiaz.com.br\/litoralsp\/#organization"},"potentialAction":[{"@type":"SearchAction","target":{"@type":"EntryPoint","urlTemplate":"https:\/\/redenoticiaz.com.br\/litoralsp\/?s={search_term_string}"},"query-input":{"@type":"PropertyValueSpecification","valueRequired":true,"valueName":"search_term_string"}}],"inLanguage":"pt-BR"},{"@type":"Organization","@id":"https:\/\/redenoticiaz.com.br\/litoralsp\/#organization","name":"Litoral SP","url":"https:\/\/redenoticiaz.com.br\/litoralsp\/","logo":{"@type":"ImageObject","inLanguage":"pt-BR","@id":"https:\/\/redenoticiaz.com.br\/litoralsp\/#\/schema\/logo\/image\/","url":"https:\/\/redenoticiaz.com.br\/litoralsp\/wp-content\/uploads\/sites\/3\/2020\/11\/logo.jpg","contentUrl":"https:\/\/redenoticiaz.com.br\/litoralsp\/wp-content\/uploads\/sites\/3\/2020\/11\/logo.jpg","width":400,"height":250,"caption":"Litoral SP"},"image":{"@id":"https:\/\/redenoticiaz.com.br\/litoralsp\/#\/schema\/logo\/image\/"}},{"@type":"Person","@id":"","url":"https:\/\/redenoticiaz.com.br\/litoralsp\/author"}]}},"_links":{"self":[{"href":"https:\/\/redenoticiaz.com.br\/litoralsp\/wp-json\/wp\/v2\/posts\/17855","targetHints":{"allow":["GET"]}}],"collection":[{"href":"https:\/\/redenoticiaz.com.br\/litoralsp\/wp-json\/wp\/v2\/posts"}],"about":[{"href":"https:\/\/redenoticiaz.com.br\/litoralsp\/wp-json\/wp\/v2\/types\/post"}],"author":[{"embeddable":true,"href":"https:\/\/redenoticiaz.com.br\/litoralsp\/wp-json\/wp\/v2\/users\/11"}],"replies":[{"embeddable":true,"href":"https:\/\/redenoticiaz.com.br\/litoralsp\/wp-json\/wp\/v2\/comments?post=17855"}],"version-history":[{"count":1,"href":"https:\/\/redenoticiaz.com.br\/litoralsp\/wp-json\/wp\/v2\/posts\/17855\/revisions"}],"predecessor-version":[{"id":17857,"href":"https:\/\/redenoticiaz.com.br\/litoralsp\/wp-json\/wp\/v2\/posts\/17855\/revisions\/17857"}],"wp:featuredmedia":[{"embeddable":true,"href":"https:\/\/redenoticiaz.com.br\/litoralsp\/wp-json\/wp\/v2\/media\/17856"}],"wp:attachment":[{"href":"https:\/\/redenoticiaz.com.br\/litoralsp\/wp-json\/wp\/v2\/media?parent=17855"}],"wp:term":[{"taxonomy":"category","embeddable":true,"href":"https:\/\/redenoticiaz.com.br\/litoralsp\/wp-json\/wp\/v2\/categories?post=17855"},{"taxonomy":"post_tag","embeddable":true,"href":"https:\/\/redenoticiaz.com.br\/litoralsp\/wp-json\/wp\/v2\/tags?post=17855"}],"curies":[{"name":"wp","href":"https:\/\/api.w.org\/{rel}","templated":true}]}}