{"id":18268,"date":"2021-11-12T21:15:09","date_gmt":"2021-11-13T00:15:09","guid":{"rendered":"https:\/\/redenoticiaz.com.br\/litoralsp\/2021\/11\/12\/empregadores-podem-exigir-comprovante-de-vacina-aos-empregados"},"modified":"2021-11-12T21:18:12","modified_gmt":"2021-11-13T00:18:12","slug":"empregadores-podem-exigir-comprovante-de-vacina-aos-empregados","status":"publish","type":"post","link":"https:\/\/redenoticiaz.com.br\/litoralsp\/2021\/11\/12\/empregadores-podem-exigir-comprovante-de-vacina-aos-empregados","title":{"rendered":"Empregadores podem exigir comprovante de vacina aos empregados"},"content":{"rendered":"<p>Trechos da portaria do governo federal que determinava que\u00a0empresas n\u00e3o poderiam exigir dos funcion\u00e1rios <strong>comprovante de vacina\u00e7\u00e3o contra a Covid-19<\/strong> foram suspensos pelo ministro do Supremo Tribunal Federal (<a href=\"https:\/\/portal.stf.jus.br\/\">STF<\/a>), Lu\u00eds Roberto Barroso.<\/p>\n<p>Assim, as empresas e empregadores <span class=\"highlight highlighted\">poder\u00e3o exigir o comprovante dos empregados<\/span>. Al\u00e9m disso, tamb\u00e9m\u00a0<span class=\"highlight highlighted\">poder\u00e1 haver demiss\u00e3o de quem se recusar a fornecer o comprovante. Contudo esta medida s\u00f3 vai ocorrer<\/span>\u00a0como \u00faltima medida, dentro do crit\u00e9rio da proporcionalidade.<\/p>\n<div class=\"mc-column content-text active-extra-styles \" data-block-type=\"unstyled\" data-block-weight=\"43\" data-block-id=\"5\">\n<p class=\"content-text__container \" data-track-category=\"Link no Texto\" data-track-links=\"\">A portaria foi editada pelo\u00a0Minist\u00e9rio do Trabalho\u00a0no \u00faltimo dia 1\u00ba. Partidos pol\u00edticos e sindicatos, ent\u00e3o,\u00a0acionaram o Supremo contra a medida do governo. Argumentaram que a norma contraria a Constitui\u00e7\u00e3o. Barroso \u00e9 o relator das a\u00e7\u00f5es.<\/p>\n<\/div>\n<div class=\"mc-column content-text active-extra-styles \" data-block-type=\"unstyled\" data-block-weight=\"26\" data-block-id=\"6\">\n<p class=\"content-text__container \" data-track-category=\"Link no Texto\" data-track-links=\"\">Pela decis\u00e3o do ministro, a exig\u00eancia\u00a0<span class=\"highlight highlighted\">n\u00e3o deve ser aplicada a pessoas que tenham contraindica\u00e7\u00e3o m\u00e9dica<\/span>\u00a0baseada no Plano Nacional de Vacina\u00e7\u00e3o ou em consenso cient\u00edfico.<\/p>\n<div class=\"mc-column content-text active-extra-styles\" data-block-type=\"raw\" data-block-weight=\"3\" data-block-id=\"9\">\n<div class=\"content-intertitle\">\n<h2>Entendimentos da Justi\u00e7a<\/h2>\n<\/div>\n<\/div>\n<div class=\"mc-column content-text active-extra-styles \" data-block-type=\"unstyled\" data-block-weight=\"20\" data-block-id=\"10\">\n<p class=\"content-text__container \" data-track-category=\"Link no Texto\" data-track-links=\"\">A regra do Minist\u00e9rio do Trabalho contrariou decis\u00f5es recentes da Justi\u00e7a do Trabalho e\u00a0orienta\u00e7\u00f5es do Minist\u00e9rio P\u00fablico do Trabalho.<\/p>\n<\/div>\n<div class=\"mc-column content-text active-extra-styles \" data-block-type=\"unstyled\" data-block-weight=\"27\" data-block-id=\"11\">\n<p class=\"content-text__container \" data-track-category=\"Link no Texto\" data-track-links=\"\">Em S\u00e3o Paulo, por exemplo, o Tribunal Regional do Trabalho confirmou a\u00a0demiss\u00e3o por justa causa de uma funcion\u00e1ria de um hospital\u00a0que n\u00e3o quis se vacinar.<\/p>\n<\/div>\n<div class=\"mc-column content-text active-extra-styles \" data-block-type=\"unstyled\" data-block-weight=\"32\" data-block-id=\"12\">\n<p class=\"content-text__container \" data-track-category=\"Link no Texto\" data-track-links=\"\">Al\u00e9m disso, no ano passado, o STF entendeu que\u00a0a vacina\u00e7\u00e3o no pa\u00eds \u00e9 obrigat\u00f3ria, mas n\u00e3o pode ser for\u00e7ada. Entendeu tamb\u00e9m ser poss\u00edvel\u00a0<span class=\"highlight highlighted\">aplicar san\u00e7\u00f5es a quem decidir n\u00e3o se imunizar<\/span>.<\/p>\n<div class=\"mc-column content-text active-extra-styles\" data-block-type=\"raw\" data-block-weight=\"4\" data-block-id=\"14\">\n<div class=\"content-intertitle\">\n<h2>A portaria do governo<\/h2>\n<\/div>\n<\/div>\n<div class=\"mc-column content-text active-extra-styles \" data-block-type=\"unstyled\" data-block-weight=\"8\" data-block-id=\"15\">\n<p class=\"content-text__container \" data-track-category=\"Link no Texto\" data-track-links=\"\">O texto do governo classifica como &#8220;pr\u00e1tica discriminat\u00f3ria&#8221;:<\/p>\n<\/div>\n<div class=\"mc-column content-text active-extra-styles\" data-block-type=\"raw\" data-block-weight=\"25\" data-block-id=\"16\">\n<ul class=\"content-unordered-list\">\n<li>demiss\u00e3o por justa causa do empregado que se recusar a apresentar comprovante de vacina contra a Covid-19;<\/li>\n<li>exigir o comprovante como condi\u00e7\u00e3o para a contrata\u00e7\u00e3o.<\/li>\n<\/ul>\n<\/div>\n<div class=\"mc-column content-text active-extra-styles \" data-block-type=\"unstyled\" data-block-weight=\"20\" data-block-id=\"17\">\n<p class=\"content-text__container \" data-track-category=\"Link no Texto\" data-track-links=\"\">Al\u00e9m disso, a portaria equipara a exig\u00eancia de vacina a pr\u00e1ticas discriminat\u00f3rias relacionadas a sexo, ra\u00e7a, cor, idade e defici\u00eancia.<\/p>\n<\/div>\n<div class=\"mc-column content-text active-extra-styles \" data-block-type=\"unstyled\" data-block-weight=\"21\" data-block-id=\"18\">\n<p class=\"content-text__container \" data-track-category=\"Link no Texto\" data-track-links=\"\">Tamb\u00e9m estabelece puni\u00e7\u00f5es para empregadores que descumprirem a determina\u00e7\u00e3o e prev\u00ea que o empregador poder\u00e1 oferecer teste de Covid aos empregados.<\/p>\n<\/div>\n<div class=\"mc-column content-text active-extra-styles\" data-block-type=\"raw\" data-block-weight=\"4\" data-block-id=\"19\">\n<div class=\"content-intertitle\">\n<h2>A decis\u00e3o de Barroso<\/h2>\n<\/div>\n<\/div>\n<div class=\"mc-column content-text active-extra-styles \" data-block-type=\"unstyled\" data-block-weight=\"20\" data-block-id=\"20\">\n<p class=\"content-text__container \" data-track-category=\"Link no Texto\" data-track-links=\"\">Na decis\u00e3o, o ministro ressaltou que as pesquisas indicam que\u00a0<span class=\"highlight highlighted\">a vacina\u00e7\u00e3o \u00e9 &#8220;essencial&#8221; para reduzir a transmiss\u00e3o da Covid.<\/span><\/p>\n<\/div>\n<div class=\"mc-column content-text active-extra-styles \" data-block-type=\"unstyled\" data-block-weight=\"46\" data-block-id=\"21\">\n<p class=\"content-text__container \" data-track-category=\"Link no Texto\" data-track-links=\"\">Conforme o ministro,\u00a0<span class=\"highlight highlighted\">funcion\u00e1rio sem imuniza\u00e7\u00e3o pode representar risco no ambiente de trabalho<\/span>, representando &#8220;amea\u00e7a para a sa\u00fade dos demais trabalhadores, risco de danos \u00e0 seguran\u00e7a e \u00e0 sa\u00fade do meio ambiente laboral e de comprometimento da sa\u00fade do p\u00fablico com o qual a empresa interage\u201d.<\/p>\n<div class=\"mc-column content-text active-extra-styles\" data-block-type=\"raw\" data-block-weight=\"31\" data-block-id=\"23\">\n<blockquote class=\"content-blockquote theme-border-color-primary-before\"><p>&#8220;O pa\u00eds e o mundo enfrentam uma pandemia de graves propor\u00e7\u00f5es. A enfermidade por Covid-19 mostrou-se altamente contagiosa e \u00e9 respons\u00e1vel, no Brasil, pela impressionante cifra que ultrapassa 600.000 mortos&#8221;, escreveu.<\/p><\/blockquote>\n<\/div>\n<div class=\"mc-column content-text active-extra-styles \" data-block-type=\"unstyled\" data-block-weight=\"30\" data-block-id=\"24\">\n<p class=\"content-text__container \" data-track-category=\"Link no Texto\" data-track-links=\"\">Segundo o cons\u00f3rcio de ve\u00edculos de imprensa, com base em dados das secretarias estaduais de Sa\u00fade,\u00a0o Brasil soma 610.323 \u00f3bitos por Covid, al\u00e9m de\u00a021,9 milh\u00f5es de casos confirmados.<\/p>\n<\/div>\n<div class=\"mc-column content-text active-extra-styles \" data-block-type=\"unstyled\" data-block-weight=\"26\" data-block-id=\"25\">\n<p class=\"content-text__container \" data-track-category=\"Link no Texto\" data-track-links=\"\">Barroso ressaltou na decis\u00e3o que\u00a0o Supremo reconheceu a legalidade da imuniza\u00e7\u00e3o obrigat\u00f3ria\u00a0em situa\u00e7\u00e3o de pandemia, mas que a vacina\u00e7\u00e3o n\u00e3o pode ser \u00e0 for\u00e7a.<\/p>\n<h3 data-track-category=\"Link no Texto\">A suspens\u00e3o<\/h3>\n<div class=\"mc-column content-text active-extra-styles \" data-block-type=\"unstyled\" data-block-weight=\"33\" data-block-id=\"27\">\n<p class=\"content-text__container \" data-track-category=\"Link no Texto\" data-track-links=\"\">O ministro suspendeu o trecho da portaria que considerava pr\u00e1tica discriminat\u00f3ria a exig\u00eancia de certificado de vacina\u00e7\u00e3o em processos seletivos e a demiss\u00e3o por justa causa em raz\u00e3o da n\u00e3o apresenta\u00e7\u00e3o do documento.<\/p>\n<\/div>\n<div class=\"mc-column content-text active-extra-styles \" data-block-type=\"unstyled\" data-block-weight=\"31\" data-block-id=\"28\">\n<p class=\"content-text__container \" data-track-category=\"Link no Texto\" data-track-links=\"\">&#8220;N\u00e3o h\u00e1 compara\u00e7\u00e3o poss\u00edvel entre a exig\u00eancia de vacina\u00e7\u00e3o contra a Covid-19 e a discrimina\u00e7\u00e3o por sexo, origem, ra\u00e7a, cor, estado civil, situa\u00e7\u00e3o familiar, defici\u00eancia, reabilita\u00e7\u00e3o profissional, idade ou gravidez&#8221;, afirmou.<\/p>\n<\/div>\n<div class=\"mc-column content-text active-extra-styles \" data-block-type=\"unstyled\" data-block-weight=\"29\" data-block-id=\"29\">\n<p class=\"content-text__container \" data-track-category=\"Link no Texto\" data-track-links=\"\">&#8220;Esses \u00faltimos fatores n\u00e3o interferem sobre o direito \u00e0 sa\u00fade ou \u00e0 vida dos demais empregados da companhia ou de terceiros. A falta de vacina\u00e7\u00e3o interfere&#8221;, frisou o ministro.<\/p>\n<h3 data-track-category=\"Link no Texto\">Resposta do governo<\/h3>\n<div class=\"mc-column content-text active-extra-styles \" data-block-type=\"unstyled\" data-block-weight=\"23\" data-block-id=\"33\">\n<p class=\"content-text__container \" data-track-category=\"Link no Texto\" data-track-links=\"\">Atendendo a uma determina\u00e7\u00e3o de Barroso, o Minist\u00e9rio do Trabalho e Emprego apresentou no \u00faltimo dia 9 ao Supremo informa\u00e7\u00f5es sobre a portaria.<\/p>\n<\/div>\n<div class=\"mc-column content-text active-extra-styles \" data-block-type=\"unstyled\" data-block-weight=\"18\" data-block-id=\"34\">\n<p class=\"content-text__container \" data-track-category=\"Link no Texto\" data-track-links=\"\">Afirmou que editou a norma com urg\u00eancia por considerar que haveria amea\u00e7as de &#8220;demiss\u00e3o em massa de trabalhadores&#8221;.<\/p>\n<\/div>\n<div class=\"mc-column content-text active-extra-styles \" data-block-type=\"unstyled\" data-block-weight=\"38\" data-block-id=\"35\">\n<p class=\"content-text__container \" data-track-category=\"Link no Texto\" data-track-links=\"\">Declarou ainda que o minist\u00e9rio tem compet\u00eancia para editar a regra; que a portaria n\u00e3o vai al\u00e9m do que est\u00e1 previsto na legisla\u00e7\u00e3o; e que a norma est\u00e1 de acordo com a decis\u00e3o do STF do ano passado.<\/p>\n<\/div>\n<div class=\"mc-column content-text active-extra-styles \" data-block-type=\"unstyled\" data-block-weight=\"35\" data-block-id=\"36\">\n<p class=\"content-text__container \" data-track-category=\"Link no Texto\" data-track-links=\"\">Para o governo, permitir a demiss\u00e3o por justa causa de quem n\u00e3o se vacina cria uma nova hip\u00f3tese de desligamento n\u00e3o prevista na legisla\u00e7\u00e3o, al\u00e9m de fomentar o preconceito contra o empregado n\u00e3o vacinado.<\/p>\n<p data-track-category=\"Link no Texto\" data-track-links=\"\"><strong>LEIA TAMB\u00c9M<\/strong><\/p>\n<p data-track-category=\"Link no Texto\" data-track-links=\"\"><a href=\"https:\/\/redenoticiaz.com.br\/blog\/2021\/11\/12\/pfizer-envia-pedido-a-anvisa-para-vacinar-criancas-contra-a-covid-19\">Pfizer envia pedido \u00e0 Anvisa para vacinar crian\u00e7as contra a Covid-19<\/a><\/p>\n<\/div>\n<\/div>\n<\/div>\n<\/div>\n<\/div>\n<\/div>\n","protected":false},"excerpt":{"rendered":"<p>Trechos da portaria do governo federal que determinava que\u00a0empresas n\u00e3o poderiam exigir dos funcion\u00e1rios comprovante de vacina\u00e7\u00e3o contra a Covid-19 foram suspensos pelo ministro do Supremo Tribunal Federal (STF), Lu\u00eds Roberto Barroso. Assim, as empresas e empregadores poder\u00e3o exigir o comprovante dos empregados. Al\u00e9m disso, tamb\u00e9m\u00a0poder\u00e1 haver demiss\u00e3o de quem se recusar a fornecer o &hellip;<\/p>\n","protected":false},"author":6,"featured_media":18269,"comment_status":"open","ping_status":"closed","sticky":false,"template":"","format":"standard","meta":{"footnotes":""},"categories":[22],"tags":[173,24278,39574,28,10855,29710],"class_list":["post-18268","post","type-post","status-publish","format-standard","has-post-thumbnail","hentry","category-justica","tag-brasil","tag-comprovante-de-vacina","tag-empregabilidade","tag-stf","tag-supremo-tribunal-federal","tag-vacinacao-contra-covid"],"yoast_head":"<!-- This site is optimized with the Yoast SEO plugin v27.5 - https:\/\/yoast.com\/product\/yoast-seo-wordpress\/ -->\n<title>Empregadores podem exigir comprovante de vacina aos empregados - Litoral SP<\/title>\n<meta name=\"description\" content=\"governo federal que determinava que\u00a0empresas n\u00e3o poderiam exigir dos funcion\u00e1rios comprovante de vacina\u00e7\u00e3o contra a Covid-19\" \/>\n<meta name=\"robots\" content=\"index, follow, max-snippet:-1, max-image-preview:large, max-video-preview:-1\" \/>\n<link rel=\"canonical\" href=\"https:\/\/redenoticiaz.com.br\/litoralsp\/2021\/11\/12\/empregadores-podem-exigir-comprovante-de-vacina-aos-empregados\" \/>\n<meta property=\"og:locale\" content=\"pt_BR\" \/>\n<meta property=\"og:type\" content=\"article\" \/>\n<meta property=\"og:title\" content=\"Empregadores podem exigir comprovante de vacina aos empregados - Litoral SP\" \/>\n<meta property=\"og:description\" content=\"governo federal que determinava que\u00a0empresas n\u00e3o poderiam exigir dos funcion\u00e1rios comprovante de vacina\u00e7\u00e3o contra a Covid-19\" \/>\n<meta property=\"og:url\" content=\"https:\/\/redenoticiaz.com.br\/litoralsp\/2021\/11\/12\/empregadores-podem-exigir-comprovante-de-vacina-aos-empregados\" \/>\n<meta property=\"og:site_name\" content=\"Litoral SP\" \/>\n<meta property=\"article:published_time\" content=\"2021-11-13T00:15:09+00:00\" \/>\n<meta property=\"article:modified_time\" content=\"2021-11-13T00:18:12+00:00\" \/>\n<meta property=\"og:image\" content=\"https:\/\/redenoticiaz.com.br\/litoralsp\/wp-content\/uploads\/sites\/3\/2021\/11\/barroso.jpg\" \/>\n\t<meta property=\"og:image:width\" content=\"984\" \/>\n\t<meta property=\"og:image:height\" content=\"616\" \/>\n\t<meta property=\"og:image:type\" content=\"image\/jpeg\" \/>\n<meta name=\"author\" content=\"Leonardo Francisco\" \/>\n<meta name=\"twitter:card\" content=\"summary_large_image\" \/>\n<meta name=\"twitter:label1\" content=\"Escrito por\" \/>\n\t<meta name=\"twitter:data1\" content=\"Leonardo Francisco\" \/>\n\t<meta name=\"twitter:label2\" content=\"Est. tempo de leitura\" \/>\n\t<meta name=\"twitter:data2\" content=\"4 minutos\" \/>\n<script type=\"application\/ld+json\" class=\"yoast-schema-graph\">{\"@context\":\"https:\\\/\\\/schema.org\",\"@graph\":[{\"@type\":\"Article\",\"@id\":\"https:\\\/\\\/redenoticiaz.com.br\\\/litoralsp\\\/2021\\\/11\\\/12\\\/empregadores-podem-exigir-comprovante-de-vacina-aos-empregados#article\",\"isPartOf\":{\"@id\":\"https:\\\/\\\/redenoticiaz.com.br\\\/litoralsp\\\/2021\\\/11\\\/12\\\/empregadores-podem-exigir-comprovante-de-vacina-aos-empregados\"},\"author\":{\"name\":\"Leonardo Francisco\",\"@id\":\"https:\\\/\\\/redenoticiaz.com.br\\\/litoralsp\\\/#\\\/schema\\\/person\\\/0f0b8a5bdafefe82841e07ae8d81ecb3\"},\"headline\":\"Empregadores podem exigir comprovante de vacina aos empregados\",\"datePublished\":\"2021-11-13T00:15:09+00:00\",\"dateModified\":\"2021-11-13T00:18:12+00:00\",\"mainEntityOfPage\":{\"@id\":\"https:\\\/\\\/redenoticiaz.com.br\\\/litoralsp\\\/2021\\\/11\\\/12\\\/empregadores-podem-exigir-comprovante-de-vacina-aos-empregados\"},\"wordCount\":796,\"commentCount\":0,\"publisher\":{\"@id\":\"https:\\\/\\\/redenoticiaz.com.br\\\/litoralsp\\\/#organization\"},\"image\":{\"@id\":\"https:\\\/\\\/redenoticiaz.com.br\\\/litoralsp\\\/2021\\\/11\\\/12\\\/empregadores-podem-exigir-comprovante-de-vacina-aos-empregados#primaryimage\"},\"thumbnailUrl\":\"https:\\\/\\\/redenoticiaz.com.br\\\/litoralsp\\\/wp-content\\\/uploads\\\/sites\\\/3\\\/2021\\\/11\\\/barroso.jpg\",\"keywords\":[\"Brasil\",\"COMPROVANTE DE VACINA\",\"EMPREGABILIDADE\",\"stf\",\"SUPREMO TRIBUNAL FEDERAL\",\"VACINA\u00c7\u00c3O CONTRA COVID\"],\"articleSection\":[\"Justi\u00e7a\"],\"inLanguage\":\"pt-BR\",\"potentialAction\":[{\"@type\":\"CommentAction\",\"name\":\"Comment\",\"target\":[\"https:\\\/\\\/redenoticiaz.com.br\\\/litoralsp\\\/2021\\\/11\\\/12\\\/empregadores-podem-exigir-comprovante-de-vacina-aos-empregados#respond\"]}]},{\"@type\":\"WebPage\",\"@id\":\"https:\\\/\\\/redenoticiaz.com.br\\\/litoralsp\\\/2021\\\/11\\\/12\\\/empregadores-podem-exigir-comprovante-de-vacina-aos-empregados\",\"url\":\"https:\\\/\\\/redenoticiaz.com.br\\\/litoralsp\\\/2021\\\/11\\\/12\\\/empregadores-podem-exigir-comprovante-de-vacina-aos-empregados\",\"name\":\"Empregadores podem exigir comprovante de vacina aos empregados - Litoral SP\",\"isPartOf\":{\"@id\":\"https:\\\/\\\/redenoticiaz.com.br\\\/litoralsp\\\/#website\"},\"primaryImageOfPage\":{\"@id\":\"https:\\\/\\\/redenoticiaz.com.br\\\/litoralsp\\\/2021\\\/11\\\/12\\\/empregadores-podem-exigir-comprovante-de-vacina-aos-empregados#primaryimage\"},\"image\":{\"@id\":\"https:\\\/\\\/redenoticiaz.com.br\\\/litoralsp\\\/2021\\\/11\\\/12\\\/empregadores-podem-exigir-comprovante-de-vacina-aos-empregados#primaryimage\"},\"thumbnailUrl\":\"https:\\\/\\\/redenoticiaz.com.br\\\/litoralsp\\\/wp-content\\\/uploads\\\/sites\\\/3\\\/2021\\\/11\\\/barroso.jpg\",\"datePublished\":\"2021-11-13T00:15:09+00:00\",\"dateModified\":\"2021-11-13T00:18:12+00:00\",\"description\":\"governo federal que determinava que\u00a0empresas n\u00e3o poderiam exigir dos funcion\u00e1rios comprovante de vacina\u00e7\u00e3o contra a Covid-19\",\"inLanguage\":\"pt-BR\",\"potentialAction\":[{\"@type\":\"ReadAction\",\"target\":[\"https:\\\/\\\/redenoticiaz.com.br\\\/litoralsp\\\/2021\\\/11\\\/12\\\/empregadores-podem-exigir-comprovante-de-vacina-aos-empregados\"]}]},{\"@type\":\"ImageObject\",\"inLanguage\":\"pt-BR\",\"@id\":\"https:\\\/\\\/redenoticiaz.com.br\\\/litoralsp\\\/2021\\\/11\\\/12\\\/empregadores-podem-exigir-comprovante-de-vacina-aos-empregados#primaryimage\",\"url\":\"https:\\\/\\\/redenoticiaz.com.br\\\/litoralsp\\\/wp-content\\\/uploads\\\/sites\\\/3\\\/2021\\\/11\\\/barroso.jpg\",\"contentUrl\":\"https:\\\/\\\/redenoticiaz.com.br\\\/litoralsp\\\/wp-content\\\/uploads\\\/sites\\\/3\\\/2021\\\/11\\\/barroso.jpg\",\"width\":984,\"height\":616,\"caption\":\"Cr\u00e9ditos: Divulga\u00e7\u00e3o\\\/STF\"},{\"@type\":\"WebSite\",\"@id\":\"https:\\\/\\\/redenoticiaz.com.br\\\/litoralsp\\\/#website\",\"url\":\"https:\\\/\\\/redenoticiaz.com.br\\\/litoralsp\\\/\",\"name\":\"Litoral SP\",\"description\":\"Rede NoticiaZ\",\"publisher\":{\"@id\":\"https:\\\/\\\/redenoticiaz.com.br\\\/litoralsp\\\/#organization\"},\"potentialAction\":[{\"@type\":\"SearchAction\",\"target\":{\"@type\":\"EntryPoint\",\"urlTemplate\":\"https:\\\/\\\/redenoticiaz.com.br\\\/litoralsp\\\/?s={search_term_string}\"},\"query-input\":{\"@type\":\"PropertyValueSpecification\",\"valueRequired\":true,\"valueName\":\"search_term_string\"}}],\"inLanguage\":\"pt-BR\"},{\"@type\":\"Organization\",\"@id\":\"https:\\\/\\\/redenoticiaz.com.br\\\/litoralsp\\\/#organization\",\"name\":\"Litoral SP\",\"url\":\"https:\\\/\\\/redenoticiaz.com.br\\\/litoralsp\\\/\",\"logo\":{\"@type\":\"ImageObject\",\"inLanguage\":\"pt-BR\",\"@id\":\"https:\\\/\\\/redenoticiaz.com.br\\\/litoralsp\\\/#\\\/schema\\\/logo\\\/image\\\/\",\"url\":\"https:\\\/\\\/redenoticiaz.com.br\\\/litoralsp\\\/wp-content\\\/uploads\\\/sites\\\/3\\\/2020\\\/11\\\/logo.jpg\",\"contentUrl\":\"https:\\\/\\\/redenoticiaz.com.br\\\/litoralsp\\\/wp-content\\\/uploads\\\/sites\\\/3\\\/2020\\\/11\\\/logo.jpg\",\"width\":400,\"height\":250,\"caption\":\"Litoral SP\"},\"image\":{\"@id\":\"https:\\\/\\\/redenoticiaz.com.br\\\/litoralsp\\\/#\\\/schema\\\/logo\\\/image\\\/\"}},{\"@type\":\"Person\",\"@id\":\"https:\\\/\\\/redenoticiaz.com.br\\\/litoralsp\\\/#\\\/schema\\\/person\\\/0f0b8a5bdafefe82841e07ae8d81ecb3\",\"name\":\"Leonardo Francisco\",\"image\":{\"@type\":\"ImageObject\",\"inLanguage\":\"pt-BR\",\"@id\":\"https:\\\/\\\/secure.gravatar.com\\\/avatar\\\/a7358cb406a99b682ec6df1e77e31ae82e63601f6784e8a3df411d72b37864da?s=96&d=mm&r=g\",\"url\":\"https:\\\/\\\/secure.gravatar.com\\\/avatar\\\/a7358cb406a99b682ec6df1e77e31ae82e63601f6784e8a3df411d72b37864da?s=96&d=mm&r=g\",\"contentUrl\":\"https:\\\/\\\/secure.gravatar.com\\\/avatar\\\/a7358cb406a99b682ec6df1e77e31ae82e63601f6784e8a3df411d72b37864da?s=96&d=mm&r=g\",\"caption\":\"Leonardo Francisco\"},\"url\":\"https:\\\/\\\/redenoticiaz.com.br\\\/litoralsp\\\/author\\\/leonardo-francisco\"}]}<\/script>\n<!-- \/ Yoast SEO plugin. -->","yoast_head_json":{"title":"Empregadores podem exigir comprovante de vacina aos empregados - Litoral SP","description":"governo federal que determinava que\u00a0empresas n\u00e3o poderiam exigir dos funcion\u00e1rios comprovante de vacina\u00e7\u00e3o contra a Covid-19","robots":{"index":"index","follow":"follow","max-snippet":"max-snippet:-1","max-image-preview":"max-image-preview:large","max-video-preview":"max-video-preview:-1"},"canonical":"https:\/\/redenoticiaz.com.br\/litoralsp\/2021\/11\/12\/empregadores-podem-exigir-comprovante-de-vacina-aos-empregados","og_locale":"pt_BR","og_type":"article","og_title":"Empregadores podem exigir comprovante de vacina aos empregados - Litoral SP","og_description":"governo federal que determinava que\u00a0empresas n\u00e3o poderiam exigir dos funcion\u00e1rios comprovante de vacina\u00e7\u00e3o contra a Covid-19","og_url":"https:\/\/redenoticiaz.com.br\/litoralsp\/2021\/11\/12\/empregadores-podem-exigir-comprovante-de-vacina-aos-empregados","og_site_name":"Litoral SP","article_published_time":"2021-11-13T00:15:09+00:00","article_modified_time":"2021-11-13T00:18:12+00:00","og_image":[{"width":984,"height":616,"url":"https:\/\/redenoticiaz.com.br\/litoralsp\/wp-content\/uploads\/sites\/3\/2021\/11\/barroso.jpg","type":"image\/jpeg"}],"author":"Leonardo Francisco","twitter_card":"summary_large_image","twitter_misc":{"Escrito por":"Leonardo Francisco","Est. tempo de leitura":"4 minutos"},"schema":{"@context":"https:\/\/schema.org","@graph":[{"@type":"Article","@id":"https:\/\/redenoticiaz.com.br\/litoralsp\/2021\/11\/12\/empregadores-podem-exigir-comprovante-de-vacina-aos-empregados#article","isPartOf":{"@id":"https:\/\/redenoticiaz.com.br\/litoralsp\/2021\/11\/12\/empregadores-podem-exigir-comprovante-de-vacina-aos-empregados"},"author":{"name":"Leonardo Francisco","@id":"https:\/\/redenoticiaz.com.br\/litoralsp\/#\/schema\/person\/0f0b8a5bdafefe82841e07ae8d81ecb3"},"headline":"Empregadores podem exigir comprovante de vacina aos empregados","datePublished":"2021-11-13T00:15:09+00:00","dateModified":"2021-11-13T00:18:12+00:00","mainEntityOfPage":{"@id":"https:\/\/redenoticiaz.com.br\/litoralsp\/2021\/11\/12\/empregadores-podem-exigir-comprovante-de-vacina-aos-empregados"},"wordCount":796,"commentCount":0,"publisher":{"@id":"https:\/\/redenoticiaz.com.br\/litoralsp\/#organization"},"image":{"@id":"https:\/\/redenoticiaz.com.br\/litoralsp\/2021\/11\/12\/empregadores-podem-exigir-comprovante-de-vacina-aos-empregados#primaryimage"},"thumbnailUrl":"https:\/\/redenoticiaz.com.br\/litoralsp\/wp-content\/uploads\/sites\/3\/2021\/11\/barroso.jpg","keywords":["Brasil","COMPROVANTE DE VACINA","EMPREGABILIDADE","stf","SUPREMO TRIBUNAL FEDERAL","VACINA\u00c7\u00c3O CONTRA COVID"],"articleSection":["Justi\u00e7a"],"inLanguage":"pt-BR","potentialAction":[{"@type":"CommentAction","name":"Comment","target":["https:\/\/redenoticiaz.com.br\/litoralsp\/2021\/11\/12\/empregadores-podem-exigir-comprovante-de-vacina-aos-empregados#respond"]}]},{"@type":"WebPage","@id":"https:\/\/redenoticiaz.com.br\/litoralsp\/2021\/11\/12\/empregadores-podem-exigir-comprovante-de-vacina-aos-empregados","url":"https:\/\/redenoticiaz.com.br\/litoralsp\/2021\/11\/12\/empregadores-podem-exigir-comprovante-de-vacina-aos-empregados","name":"Empregadores podem exigir comprovante de vacina aos empregados - Litoral SP","isPartOf":{"@id":"https:\/\/redenoticiaz.com.br\/litoralsp\/#website"},"primaryImageOfPage":{"@id":"https:\/\/redenoticiaz.com.br\/litoralsp\/2021\/11\/12\/empregadores-podem-exigir-comprovante-de-vacina-aos-empregados#primaryimage"},"image":{"@id":"https:\/\/redenoticiaz.com.br\/litoralsp\/2021\/11\/12\/empregadores-podem-exigir-comprovante-de-vacina-aos-empregados#primaryimage"},"thumbnailUrl":"https:\/\/redenoticiaz.com.br\/litoralsp\/wp-content\/uploads\/sites\/3\/2021\/11\/barroso.jpg","datePublished":"2021-11-13T00:15:09+00:00","dateModified":"2021-11-13T00:18:12+00:00","description":"governo federal que determinava que\u00a0empresas n\u00e3o poderiam exigir dos funcion\u00e1rios comprovante de vacina\u00e7\u00e3o contra a Covid-19","inLanguage":"pt-BR","potentialAction":[{"@type":"ReadAction","target":["https:\/\/redenoticiaz.com.br\/litoralsp\/2021\/11\/12\/empregadores-podem-exigir-comprovante-de-vacina-aos-empregados"]}]},{"@type":"ImageObject","inLanguage":"pt-BR","@id":"https:\/\/redenoticiaz.com.br\/litoralsp\/2021\/11\/12\/empregadores-podem-exigir-comprovante-de-vacina-aos-empregados#primaryimage","url":"https:\/\/redenoticiaz.com.br\/litoralsp\/wp-content\/uploads\/sites\/3\/2021\/11\/barroso.jpg","contentUrl":"https:\/\/redenoticiaz.com.br\/litoralsp\/wp-content\/uploads\/sites\/3\/2021\/11\/barroso.jpg","width":984,"height":616,"caption":"Cr\u00e9ditos: Divulga\u00e7\u00e3o\/STF"},{"@type":"WebSite","@id":"https:\/\/redenoticiaz.com.br\/litoralsp\/#website","url":"https:\/\/redenoticiaz.com.br\/litoralsp\/","name":"Litoral SP","description":"Rede NoticiaZ","publisher":{"@id":"https:\/\/redenoticiaz.com.br\/litoralsp\/#organization"},"potentialAction":[{"@type":"SearchAction","target":{"@type":"EntryPoint","urlTemplate":"https:\/\/redenoticiaz.com.br\/litoralsp\/?s={search_term_string}"},"query-input":{"@type":"PropertyValueSpecification","valueRequired":true,"valueName":"search_term_string"}}],"inLanguage":"pt-BR"},{"@type":"Organization","@id":"https:\/\/redenoticiaz.com.br\/litoralsp\/#organization","name":"Litoral SP","url":"https:\/\/redenoticiaz.com.br\/litoralsp\/","logo":{"@type":"ImageObject","inLanguage":"pt-BR","@id":"https:\/\/redenoticiaz.com.br\/litoralsp\/#\/schema\/logo\/image\/","url":"https:\/\/redenoticiaz.com.br\/litoralsp\/wp-content\/uploads\/sites\/3\/2020\/11\/logo.jpg","contentUrl":"https:\/\/redenoticiaz.com.br\/litoralsp\/wp-content\/uploads\/sites\/3\/2020\/11\/logo.jpg","width":400,"height":250,"caption":"Litoral SP"},"image":{"@id":"https:\/\/redenoticiaz.com.br\/litoralsp\/#\/schema\/logo\/image\/"}},{"@type":"Person","@id":"https:\/\/redenoticiaz.com.br\/litoralsp\/#\/schema\/person\/0f0b8a5bdafefe82841e07ae8d81ecb3","name":"Leonardo Francisco","image":{"@type":"ImageObject","inLanguage":"pt-BR","@id":"https:\/\/secure.gravatar.com\/avatar\/a7358cb406a99b682ec6df1e77e31ae82e63601f6784e8a3df411d72b37864da?s=96&d=mm&r=g","url":"https:\/\/secure.gravatar.com\/avatar\/a7358cb406a99b682ec6df1e77e31ae82e63601f6784e8a3df411d72b37864da?s=96&d=mm&r=g","contentUrl":"https:\/\/secure.gravatar.com\/avatar\/a7358cb406a99b682ec6df1e77e31ae82e63601f6784e8a3df411d72b37864da?s=96&d=mm&r=g","caption":"Leonardo Francisco"},"url":"https:\/\/redenoticiaz.com.br\/litoralsp\/author\/leonardo-francisco"}]}},"_links":{"self":[{"href":"https:\/\/redenoticiaz.com.br\/litoralsp\/wp-json\/wp\/v2\/posts\/18268","targetHints":{"allow":["GET"]}}],"collection":[{"href":"https:\/\/redenoticiaz.com.br\/litoralsp\/wp-json\/wp\/v2\/posts"}],"about":[{"href":"https:\/\/redenoticiaz.com.br\/litoralsp\/wp-json\/wp\/v2\/types\/post"}],"author":[{"embeddable":true,"href":"https:\/\/redenoticiaz.com.br\/litoralsp\/wp-json\/wp\/v2\/users\/6"}],"replies":[{"embeddable":true,"href":"https:\/\/redenoticiaz.com.br\/litoralsp\/wp-json\/wp\/v2\/comments?post=18268"}],"version-history":[{"count":1,"href":"https:\/\/redenoticiaz.com.br\/litoralsp\/wp-json\/wp\/v2\/posts\/18268\/revisions"}],"predecessor-version":[{"id":18270,"href":"https:\/\/redenoticiaz.com.br\/litoralsp\/wp-json\/wp\/v2\/posts\/18268\/revisions\/18270"}],"wp:featuredmedia":[{"embeddable":true,"href":"https:\/\/redenoticiaz.com.br\/litoralsp\/wp-json\/wp\/v2\/media\/18269"}],"wp:attachment":[{"href":"https:\/\/redenoticiaz.com.br\/litoralsp\/wp-json\/wp\/v2\/media?parent=18268"}],"wp:term":[{"taxonomy":"category","embeddable":true,"href":"https:\/\/redenoticiaz.com.br\/litoralsp\/wp-json\/wp\/v2\/categories?post=18268"},{"taxonomy":"post_tag","embeddable":true,"href":"https:\/\/redenoticiaz.com.br\/litoralsp\/wp-json\/wp\/v2\/tags?post=18268"}],"curies":[{"name":"wp","href":"https:\/\/api.w.org\/{rel}","templated":true}]}}