{"id":18280,"date":"2021-11-13T12:42:44","date_gmt":"2021-11-13T15:42:44","guid":{"rendered":"https:\/\/redenoticiaz.com.br\/litoralsp\/?p=18280"},"modified":"2021-11-13T12:43:06","modified_gmt":"2021-11-13T15:43:06","slug":"seis-homens-sao-presos-por-associacao-ao-trafico-em-santos","status":"publish","type":"post","link":"https:\/\/redenoticiaz.com.br\/litoralsp\/2021\/11\/13\/seis-homens-sao-presos-por-associacao-ao-trafico-em-santos","title":{"rendered":"Seis homens s\u00e3o presos por associa\u00e7\u00e3o ao tr\u00e1fico em Santos"},"content":{"rendered":"<p>A Pol\u00edcia Civil de <a href=\"https:\/\/www.santos.sp.gov.br\/\">Santos<\/a> conseguiu prender <strong>seis homens<\/strong> em flagrante na Alemoa. Eles s\u00e3o suspeitos de integrarem uma quadrilha e de envolvimento com o tr\u00e1fico e associa\u00e7\u00e3o ao tr\u00e1fico de drogas no bairro. Com eles foram encontrados e apreendidos tijolos de coca\u00edna.<\/p>\n<p>Segundo a Pol\u00edcia Civil, a a\u00e7\u00e3o foi da equipe da 1\u00aa Delegacia de Investiga\u00e7\u00f5es Gerais da DEIC. Nas investiga\u00e7\u00f5es foi descoberto que indiv\u00edduos estariam ocupando um terreno no final de uma rua, e que estariam escondendo drogas dentro de um container refrigerado no local. Os policiais civis localizaram esse terreno, e na sexta-feira (12) eles chegaram ao endere\u00e7o apurado.<\/p>\n<p>Ap\u00f3s sa\u00edrem das viaturas, os policiais prosseguiram a p\u00e9 e avistaram quatro homens em volta do caminh\u00e3o apontado nas investiga\u00e7\u00f5es. Diante do flagrante, a equipe foi at\u00e9 o terreno, quando os suspeitos tentaram fugir, Contudo, os policiais conseguiram alcan\u00e7\u00e1-los.<\/p>\n<figure id=\"attachment_18282\" aria-describedby=\"caption-attachment-18282\" style=\"width: 225px\" class=\"wp-caption alignleft\"><img loading=\"lazy\" decoding=\"async\" class=\"size-medium wp-image-18282\" src=\"https:\/\/redenoticiaz.com.br\/litoralsp\/wp-content\/uploads\/sites\/3\/2021\/11\/whatsapp-image-2021-11-12-at-21-34-00-225x300.jpeg\" alt=\"\" width=\"225\" height=\"300\" srcset=\"https:\/\/redenoticiaz.com.br\/litoralsp\/wp-content\/uploads\/sites\/3\/2021\/11\/whatsapp-image-2021-11-12-at-21-34-00-225x300.jpeg 225w, https:\/\/redenoticiaz.com.br\/litoralsp\/wp-content\/uploads\/sites\/3\/2021\/11\/whatsapp-image-2021-11-12-at-21-34-00-768x1024.jpeg 768w, https:\/\/redenoticiaz.com.br\/litoralsp\/wp-content\/uploads\/sites\/3\/2021\/11\/whatsapp-image-2021-11-12-at-21-34-00.jpeg 810w\" sizes=\"auto, (max-width: 225px) 100vw, 225px\" \/><figcaption id=\"caption-attachment-18282\" class=\"wp-caption-text\">Entorpecentes foram encontrados em um cont\u00eainer. Cr\u00e9ditos: Divulga\u00e7\u00e3o\/Pol\u00edcia Civil<\/figcaption><\/figure>\n<p>Na abordagem, um container foi vistoriado e os agentes escutaram um barulho. Foi neste momento que verificaram que havia mais dois indiv\u00edduos no interior do container. Eles tamb\u00e9m foram abordados, quando foi verificado que haviam acabado que quebrar os seus telefones celulares com um martelo, que estava bem ao lado deles.<\/p>\n<p>Mais buscas foram feitas no interior do container os policiais verificaram que uma placa met\u00e1lica estava sendo arrebitada, onde ficava o motor de refrigera\u00e7\u00e3o. Conseguiram retirar essa placa, e encontraram acondicionadas em meio a espumas pl\u00e1sticas 13 tijolos de coca\u00edna.<\/p>\n<p>Os seis homens receberam voz em pris\u00e3o em flagrante delito aos suspeitos. Um dos envolvidos era propriet\u00e1rio do terreno. Todo material apreendido foi encaminhado \u00e0 per\u00edcia t\u00e9cnica e os suspeitos conduzidos ao sistema penitenci\u00e1rio. Ainda de acordo com a Pol\u00edcia Civil, as investiga\u00e7\u00f5es prosseguem.<\/p>\n<p><strong>LEIA TAMB\u00c9M<\/strong><\/p>\n<p><a href=\"https:\/\/redenoticiaz.com.br\/litoralsp\/2021\/11\/12\/homem-e-preso-por-contrabando-de-cigarros-em-sao-vicente\">Homem \u00e9 preso por contrabando de Cigarros em S\u00e3o Vicente<\/a><\/p>\n","protected":false},"excerpt":{"rendered":"<p>A Pol\u00edcia Civil de Santos conseguiu prender seis homens em flagrante na Alemoa. Eles s\u00e3o suspeitos de integrarem uma quadrilha e de envolvimento com o tr\u00e1fico e associa\u00e7\u00e3o ao tr\u00e1fico de drogas no bairro. Com eles foram encontrados e apreendidos tijolos de coca\u00edna. Segundo a Pol\u00edcia Civil, a a\u00e7\u00e3o foi da equipe da 1\u00aa Delegacia &hellip;<\/p>\n","protected":false},"author":6,"featured_media":18281,"comment_status":"open","ping_status":"closed","sticky":false,"template":"","format":"standard","meta":{"footnotes":""},"categories":[10,180],"tags":[19703,28869,1762,6005,986],"class_list":["post-18280","post","type-post","status-publish","format-standard","has-post-thumbnail","hentry","category-policia","category-santos","tag-alemoa","tag-cocaina-apreendida","tag-policia-civil","tag-quadrilha-presa","tag-santos"],"yoast_head":"<!-- This site is optimized with the Yoast SEO plugin v27.5 - https:\/\/yoast.com\/product\/yoast-seo-wordpress\/ -->\n<title>Seis homens s\u00e3o presos por associa\u00e7\u00e3o ao tr\u00e1fico em Santos - Litoral SP<\/title>\n<meta name=\"description\" content=\"Pol\u00edcia Civil de Santos conseguiu prender seis homens em flagrante na Alemoa. Eles s\u00e3o suspeitos de integrarem uma quadrilha\" \/>\n<meta name=\"robots\" content=\"index, follow, max-snippet:-1, max-image-preview:large, max-video-preview:-1\" \/>\n<link rel=\"canonical\" href=\"https:\/\/redenoticiaz.com.br\/litoralsp\/2021\/11\/13\/seis-homens-sao-presos-por-associacao-ao-trafico-em-santos\" \/>\n<meta property=\"og:locale\" content=\"pt_BR\" \/>\n<meta property=\"og:type\" content=\"article\" \/>\n<meta property=\"og:title\" content=\"Seis homens s\u00e3o presos por associa\u00e7\u00e3o ao tr\u00e1fico em Santos - Litoral SP\" \/>\n<meta property=\"og:description\" content=\"Pol\u00edcia Civil de Santos conseguiu prender seis homens em flagrante na Alemoa. Eles s\u00e3o suspeitos de integrarem uma quadrilha\" \/>\n<meta property=\"og:url\" content=\"https:\/\/redenoticiaz.com.br\/litoralsp\/2021\/11\/13\/seis-homens-sao-presos-por-associacao-ao-trafico-em-santos\" \/>\n<meta property=\"og:site_name\" content=\"Litoral SP\" \/>\n<meta property=\"article:published_time\" content=\"2021-11-13T15:42:44+00:00\" \/>\n<meta property=\"article:modified_time\" content=\"2021-11-13T15:43:06+00:00\" \/>\n<meta property=\"og:image\" content=\"https:\/\/redenoticiaz.com.br\/litoralsp\/wp-content\/uploads\/sites\/3\/2021\/11\/whatsapp-image-2021-11-12-at-21-34-01.jpeg\" \/>\n\t<meta property=\"og:image:width\" content=\"1440\" \/>\n\t<meta property=\"og:image:height\" content=\"1080\" \/>\n\t<meta property=\"og:image:type\" content=\"image\/jpeg\" \/>\n<meta name=\"author\" content=\"Leonardo Francisco\" \/>\n<meta name=\"twitter:card\" content=\"summary_large_image\" \/>\n<meta name=\"twitter:label1\" content=\"Escrito por\" \/>\n\t<meta name=\"twitter:data1\" content=\"Leonardo Francisco\" \/>\n\t<meta name=\"twitter:label2\" content=\"Est. tempo de leitura\" \/>\n\t<meta name=\"twitter:data2\" content=\"2 minutos\" \/>\n<script type=\"application\/ld+json\" class=\"yoast-schema-graph\">{\"@context\":\"https:\\\/\\\/schema.org\",\"@graph\":[{\"@type\":\"Article\",\"@id\":\"https:\\\/\\\/redenoticiaz.com.br\\\/litoralsp\\\/2021\\\/11\\\/13\\\/seis-homens-sao-presos-por-associacao-ao-trafico-em-santos#article\",\"isPartOf\":{\"@id\":\"https:\\\/\\\/redenoticiaz.com.br\\\/litoralsp\\\/2021\\\/11\\\/13\\\/seis-homens-sao-presos-por-associacao-ao-trafico-em-santos\"},\"author\":{\"name\":\"Leonardo Francisco\",\"@id\":\"https:\\\/\\\/redenoticiaz.com.br\\\/litoralsp\\\/#\\\/schema\\\/person\\\/0f0b8a5bdafefe82841e07ae8d81ecb3\"},\"headline\":\"Seis homens s\u00e3o presos por associa\u00e7\u00e3o ao tr\u00e1fico em Santos\",\"datePublished\":\"2021-11-13T15:42:44+00:00\",\"dateModified\":\"2021-11-13T15:43:06+00:00\",\"mainEntityOfPage\":{\"@id\":\"https:\\\/\\\/redenoticiaz.com.br\\\/litoralsp\\\/2021\\\/11\\\/13\\\/seis-homens-sao-presos-por-associacao-ao-trafico-em-santos\"},\"wordCount\":349,\"commentCount\":0,\"publisher\":{\"@id\":\"https:\\\/\\\/redenoticiaz.com.br\\\/litoralsp\\\/#organization\"},\"image\":{\"@id\":\"https:\\\/\\\/redenoticiaz.com.br\\\/litoralsp\\\/2021\\\/11\\\/13\\\/seis-homens-sao-presos-por-associacao-ao-trafico-em-santos#primaryimage\"},\"thumbnailUrl\":\"https:\\\/\\\/redenoticiaz.com.br\\\/litoralsp\\\/wp-content\\\/uploads\\\/sites\\\/3\\\/2021\\\/11\\\/whatsapp-image-2021-11-12-at-21-34-01.jpeg\",\"keywords\":[\"ALEMOA\",\"COCA\u00cdNA APREENDIDA\",\"POL\u00cdCIA CIVIL\",\"QUADRILHA PRESA\",\"Santos\"],\"articleSection\":[\"Pol\u00edcia\",\"Santos\"],\"inLanguage\":\"pt-BR\",\"potentialAction\":[{\"@type\":\"CommentAction\",\"name\":\"Comment\",\"target\":[\"https:\\\/\\\/redenoticiaz.com.br\\\/litoralsp\\\/2021\\\/11\\\/13\\\/seis-homens-sao-presos-por-associacao-ao-trafico-em-santos#respond\"]}]},{\"@type\":\"WebPage\",\"@id\":\"https:\\\/\\\/redenoticiaz.com.br\\\/litoralsp\\\/2021\\\/11\\\/13\\\/seis-homens-sao-presos-por-associacao-ao-trafico-em-santos\",\"url\":\"https:\\\/\\\/redenoticiaz.com.br\\\/litoralsp\\\/2021\\\/11\\\/13\\\/seis-homens-sao-presos-por-associacao-ao-trafico-em-santos\",\"name\":\"Seis homens s\u00e3o presos por associa\u00e7\u00e3o ao tr\u00e1fico em Santos - Litoral SP\",\"isPartOf\":{\"@id\":\"https:\\\/\\\/redenoticiaz.com.br\\\/litoralsp\\\/#website\"},\"primaryImageOfPage\":{\"@id\":\"https:\\\/\\\/redenoticiaz.com.br\\\/litoralsp\\\/2021\\\/11\\\/13\\\/seis-homens-sao-presos-por-associacao-ao-trafico-em-santos#primaryimage\"},\"image\":{\"@id\":\"https:\\\/\\\/redenoticiaz.com.br\\\/litoralsp\\\/2021\\\/11\\\/13\\\/seis-homens-sao-presos-por-associacao-ao-trafico-em-santos#primaryimage\"},\"thumbnailUrl\":\"https:\\\/\\\/redenoticiaz.com.br\\\/litoralsp\\\/wp-content\\\/uploads\\\/sites\\\/3\\\/2021\\\/11\\\/whatsapp-image-2021-11-12-at-21-34-01.jpeg\",\"datePublished\":\"2021-11-13T15:42:44+00:00\",\"dateModified\":\"2021-11-13T15:43:06+00:00\",\"description\":\"Pol\u00edcia Civil de Santos conseguiu prender seis homens em flagrante na Alemoa. Eles s\u00e3o suspeitos de integrarem uma quadrilha\",\"inLanguage\":\"pt-BR\",\"potentialAction\":[{\"@type\":\"ReadAction\",\"target\":[\"https:\\\/\\\/redenoticiaz.com.br\\\/litoralsp\\\/2021\\\/11\\\/13\\\/seis-homens-sao-presos-por-associacao-ao-trafico-em-santos\"]}]},{\"@type\":\"ImageObject\",\"inLanguage\":\"pt-BR\",\"@id\":\"https:\\\/\\\/redenoticiaz.com.br\\\/litoralsp\\\/2021\\\/11\\\/13\\\/seis-homens-sao-presos-por-associacao-ao-trafico-em-santos#primaryimage\",\"url\":\"https:\\\/\\\/redenoticiaz.com.br\\\/litoralsp\\\/wp-content\\\/uploads\\\/sites\\\/3\\\/2021\\\/11\\\/whatsapp-image-2021-11-12-at-21-34-01.jpeg\",\"contentUrl\":\"https:\\\/\\\/redenoticiaz.com.br\\\/litoralsp\\\/wp-content\\\/uploads\\\/sites\\\/3\\\/2021\\\/11\\\/whatsapp-image-2021-11-12-at-21-34-01.jpeg\",\"width\":1440,\"height\":1080,\"caption\":\"Investiga\u00e7\u00f5es ir\u00e3o continuar, Cr\u00e9ditos: Divulga\u00e7\u00e3o\\\/Pol\u00edcia Civil\"},{\"@type\":\"WebSite\",\"@id\":\"https:\\\/\\\/redenoticiaz.com.br\\\/litoralsp\\\/#website\",\"url\":\"https:\\\/\\\/redenoticiaz.com.br\\\/litoralsp\\\/\",\"name\":\"Litoral SP\",\"description\":\"Rede NoticiaZ\",\"publisher\":{\"@id\":\"https:\\\/\\\/redenoticiaz.com.br\\\/litoralsp\\\/#organization\"},\"potentialAction\":[{\"@type\":\"SearchAction\",\"target\":{\"@type\":\"EntryPoint\",\"urlTemplate\":\"https:\\\/\\\/redenoticiaz.com.br\\\/litoralsp\\\/?s={search_term_string}\"},\"query-input\":{\"@type\":\"PropertyValueSpecification\",\"valueRequired\":true,\"valueName\":\"search_term_string\"}}],\"inLanguage\":\"pt-BR\"},{\"@type\":\"Organization\",\"@id\":\"https:\\\/\\\/redenoticiaz.com.br\\\/litoralsp\\\/#organization\",\"name\":\"Litoral SP\",\"url\":\"https:\\\/\\\/redenoticiaz.com.br\\\/litoralsp\\\/\",\"logo\":{\"@type\":\"ImageObject\",\"inLanguage\":\"pt-BR\",\"@id\":\"https:\\\/\\\/redenoticiaz.com.br\\\/litoralsp\\\/#\\\/schema\\\/logo\\\/image\\\/\",\"url\":\"https:\\\/\\\/redenoticiaz.com.br\\\/litoralsp\\\/wp-content\\\/uploads\\\/sites\\\/3\\\/2020\\\/11\\\/logo.jpg\",\"contentUrl\":\"https:\\\/\\\/redenoticiaz.com.br\\\/litoralsp\\\/wp-content\\\/uploads\\\/sites\\\/3\\\/2020\\\/11\\\/logo.jpg\",\"width\":400,\"height\":250,\"caption\":\"Litoral SP\"},\"image\":{\"@id\":\"https:\\\/\\\/redenoticiaz.com.br\\\/litoralsp\\\/#\\\/schema\\\/logo\\\/image\\\/\"}},{\"@type\":\"Person\",\"@id\":\"https:\\\/\\\/redenoticiaz.com.br\\\/litoralsp\\\/#\\\/schema\\\/person\\\/0f0b8a5bdafefe82841e07ae8d81ecb3\",\"name\":\"Leonardo Francisco\",\"image\":{\"@type\":\"ImageObject\",\"inLanguage\":\"pt-BR\",\"@id\":\"https:\\\/\\\/secure.gravatar.com\\\/avatar\\\/a7358cb406a99b682ec6df1e77e31ae82e63601f6784e8a3df411d72b37864da?s=96&d=mm&r=g\",\"url\":\"https:\\\/\\\/secure.gravatar.com\\\/avatar\\\/a7358cb406a99b682ec6df1e77e31ae82e63601f6784e8a3df411d72b37864da?s=96&d=mm&r=g\",\"contentUrl\":\"https:\\\/\\\/secure.gravatar.com\\\/avatar\\\/a7358cb406a99b682ec6df1e77e31ae82e63601f6784e8a3df411d72b37864da?s=96&d=mm&r=g\",\"caption\":\"Leonardo Francisco\"},\"url\":\"https:\\\/\\\/redenoticiaz.com.br\\\/litoralsp\\\/author\\\/leonardo-francisco\"}]}<\/script>\n<!-- \/ Yoast SEO plugin. -->","yoast_head_json":{"title":"Seis homens s\u00e3o presos por associa\u00e7\u00e3o ao tr\u00e1fico em Santos - Litoral SP","description":"Pol\u00edcia Civil de Santos conseguiu prender seis homens em flagrante na Alemoa. Eles s\u00e3o suspeitos de integrarem uma quadrilha","robots":{"index":"index","follow":"follow","max-snippet":"max-snippet:-1","max-image-preview":"max-image-preview:large","max-video-preview":"max-video-preview:-1"},"canonical":"https:\/\/redenoticiaz.com.br\/litoralsp\/2021\/11\/13\/seis-homens-sao-presos-por-associacao-ao-trafico-em-santos","og_locale":"pt_BR","og_type":"article","og_title":"Seis homens s\u00e3o presos por associa\u00e7\u00e3o ao tr\u00e1fico em Santos - Litoral SP","og_description":"Pol\u00edcia Civil de Santos conseguiu prender seis homens em flagrante na Alemoa. Eles s\u00e3o suspeitos de integrarem uma quadrilha","og_url":"https:\/\/redenoticiaz.com.br\/litoralsp\/2021\/11\/13\/seis-homens-sao-presos-por-associacao-ao-trafico-em-santos","og_site_name":"Litoral SP","article_published_time":"2021-11-13T15:42:44+00:00","article_modified_time":"2021-11-13T15:43:06+00:00","og_image":[{"width":1440,"height":1080,"url":"https:\/\/redenoticiaz.com.br\/litoralsp\/wp-content\/uploads\/sites\/3\/2021\/11\/whatsapp-image-2021-11-12-at-21-34-01.jpeg","type":"image\/jpeg"}],"author":"Leonardo Francisco","twitter_card":"summary_large_image","twitter_misc":{"Escrito por":"Leonardo Francisco","Est. tempo de leitura":"2 minutos"},"schema":{"@context":"https:\/\/schema.org","@graph":[{"@type":"Article","@id":"https:\/\/redenoticiaz.com.br\/litoralsp\/2021\/11\/13\/seis-homens-sao-presos-por-associacao-ao-trafico-em-santos#article","isPartOf":{"@id":"https:\/\/redenoticiaz.com.br\/litoralsp\/2021\/11\/13\/seis-homens-sao-presos-por-associacao-ao-trafico-em-santos"},"author":{"name":"Leonardo Francisco","@id":"https:\/\/redenoticiaz.com.br\/litoralsp\/#\/schema\/person\/0f0b8a5bdafefe82841e07ae8d81ecb3"},"headline":"Seis homens s\u00e3o presos por associa\u00e7\u00e3o ao tr\u00e1fico em Santos","datePublished":"2021-11-13T15:42:44+00:00","dateModified":"2021-11-13T15:43:06+00:00","mainEntityOfPage":{"@id":"https:\/\/redenoticiaz.com.br\/litoralsp\/2021\/11\/13\/seis-homens-sao-presos-por-associacao-ao-trafico-em-santos"},"wordCount":349,"commentCount":0,"publisher":{"@id":"https:\/\/redenoticiaz.com.br\/litoralsp\/#organization"},"image":{"@id":"https:\/\/redenoticiaz.com.br\/litoralsp\/2021\/11\/13\/seis-homens-sao-presos-por-associacao-ao-trafico-em-santos#primaryimage"},"thumbnailUrl":"https:\/\/redenoticiaz.com.br\/litoralsp\/wp-content\/uploads\/sites\/3\/2021\/11\/whatsapp-image-2021-11-12-at-21-34-01.jpeg","keywords":["ALEMOA","COCA\u00cdNA APREENDIDA","POL\u00cdCIA CIVIL","QUADRILHA PRESA","Santos"],"articleSection":["Pol\u00edcia","Santos"],"inLanguage":"pt-BR","potentialAction":[{"@type":"CommentAction","name":"Comment","target":["https:\/\/redenoticiaz.com.br\/litoralsp\/2021\/11\/13\/seis-homens-sao-presos-por-associacao-ao-trafico-em-santos#respond"]}]},{"@type":"WebPage","@id":"https:\/\/redenoticiaz.com.br\/litoralsp\/2021\/11\/13\/seis-homens-sao-presos-por-associacao-ao-trafico-em-santos","url":"https:\/\/redenoticiaz.com.br\/litoralsp\/2021\/11\/13\/seis-homens-sao-presos-por-associacao-ao-trafico-em-santos","name":"Seis homens s\u00e3o presos por associa\u00e7\u00e3o ao tr\u00e1fico em Santos - Litoral SP","isPartOf":{"@id":"https:\/\/redenoticiaz.com.br\/litoralsp\/#website"},"primaryImageOfPage":{"@id":"https:\/\/redenoticiaz.com.br\/litoralsp\/2021\/11\/13\/seis-homens-sao-presos-por-associacao-ao-trafico-em-santos#primaryimage"},"image":{"@id":"https:\/\/redenoticiaz.com.br\/litoralsp\/2021\/11\/13\/seis-homens-sao-presos-por-associacao-ao-trafico-em-santos#primaryimage"},"thumbnailUrl":"https:\/\/redenoticiaz.com.br\/litoralsp\/wp-content\/uploads\/sites\/3\/2021\/11\/whatsapp-image-2021-11-12-at-21-34-01.jpeg","datePublished":"2021-11-13T15:42:44+00:00","dateModified":"2021-11-13T15:43:06+00:00","description":"Pol\u00edcia Civil de Santos conseguiu prender seis homens em flagrante na Alemoa. Eles s\u00e3o suspeitos de integrarem uma quadrilha","inLanguage":"pt-BR","potentialAction":[{"@type":"ReadAction","target":["https:\/\/redenoticiaz.com.br\/litoralsp\/2021\/11\/13\/seis-homens-sao-presos-por-associacao-ao-trafico-em-santos"]}]},{"@type":"ImageObject","inLanguage":"pt-BR","@id":"https:\/\/redenoticiaz.com.br\/litoralsp\/2021\/11\/13\/seis-homens-sao-presos-por-associacao-ao-trafico-em-santos#primaryimage","url":"https:\/\/redenoticiaz.com.br\/litoralsp\/wp-content\/uploads\/sites\/3\/2021\/11\/whatsapp-image-2021-11-12-at-21-34-01.jpeg","contentUrl":"https:\/\/redenoticiaz.com.br\/litoralsp\/wp-content\/uploads\/sites\/3\/2021\/11\/whatsapp-image-2021-11-12-at-21-34-01.jpeg","width":1440,"height":1080,"caption":"Investiga\u00e7\u00f5es ir\u00e3o continuar, Cr\u00e9ditos: Divulga\u00e7\u00e3o\/Pol\u00edcia Civil"},{"@type":"WebSite","@id":"https:\/\/redenoticiaz.com.br\/litoralsp\/#website","url":"https:\/\/redenoticiaz.com.br\/litoralsp\/","name":"Litoral SP","description":"Rede NoticiaZ","publisher":{"@id":"https:\/\/redenoticiaz.com.br\/litoralsp\/#organization"},"potentialAction":[{"@type":"SearchAction","target":{"@type":"EntryPoint","urlTemplate":"https:\/\/redenoticiaz.com.br\/litoralsp\/?s={search_term_string}"},"query-input":{"@type":"PropertyValueSpecification","valueRequired":true,"valueName":"search_term_string"}}],"inLanguage":"pt-BR"},{"@type":"Organization","@id":"https:\/\/redenoticiaz.com.br\/litoralsp\/#organization","name":"Litoral SP","url":"https:\/\/redenoticiaz.com.br\/litoralsp\/","logo":{"@type":"ImageObject","inLanguage":"pt-BR","@id":"https:\/\/redenoticiaz.com.br\/litoralsp\/#\/schema\/logo\/image\/","url":"https:\/\/redenoticiaz.com.br\/litoralsp\/wp-content\/uploads\/sites\/3\/2020\/11\/logo.jpg","contentUrl":"https:\/\/redenoticiaz.com.br\/litoralsp\/wp-content\/uploads\/sites\/3\/2020\/11\/logo.jpg","width":400,"height":250,"caption":"Litoral SP"},"image":{"@id":"https:\/\/redenoticiaz.com.br\/litoralsp\/#\/schema\/logo\/image\/"}},{"@type":"Person","@id":"https:\/\/redenoticiaz.com.br\/litoralsp\/#\/schema\/person\/0f0b8a5bdafefe82841e07ae8d81ecb3","name":"Leonardo Francisco","image":{"@type":"ImageObject","inLanguage":"pt-BR","@id":"https:\/\/secure.gravatar.com\/avatar\/a7358cb406a99b682ec6df1e77e31ae82e63601f6784e8a3df411d72b37864da?s=96&d=mm&r=g","url":"https:\/\/secure.gravatar.com\/avatar\/a7358cb406a99b682ec6df1e77e31ae82e63601f6784e8a3df411d72b37864da?s=96&d=mm&r=g","contentUrl":"https:\/\/secure.gravatar.com\/avatar\/a7358cb406a99b682ec6df1e77e31ae82e63601f6784e8a3df411d72b37864da?s=96&d=mm&r=g","caption":"Leonardo Francisco"},"url":"https:\/\/redenoticiaz.com.br\/litoralsp\/author\/leonardo-francisco"}]}},"_links":{"self":[{"href":"https:\/\/redenoticiaz.com.br\/litoralsp\/wp-json\/wp\/v2\/posts\/18280","targetHints":{"allow":["GET"]}}],"collection":[{"href":"https:\/\/redenoticiaz.com.br\/litoralsp\/wp-json\/wp\/v2\/posts"}],"about":[{"href":"https:\/\/redenoticiaz.com.br\/litoralsp\/wp-json\/wp\/v2\/types\/post"}],"author":[{"embeddable":true,"href":"https:\/\/redenoticiaz.com.br\/litoralsp\/wp-json\/wp\/v2\/users\/6"}],"replies":[{"embeddable":true,"href":"https:\/\/redenoticiaz.com.br\/litoralsp\/wp-json\/wp\/v2\/comments?post=18280"}],"version-history":[{"count":1,"href":"https:\/\/redenoticiaz.com.br\/litoralsp\/wp-json\/wp\/v2\/posts\/18280\/revisions"}],"predecessor-version":[{"id":18283,"href":"https:\/\/redenoticiaz.com.br\/litoralsp\/wp-json\/wp\/v2\/posts\/18280\/revisions\/18283"}],"wp:featuredmedia":[{"embeddable":true,"href":"https:\/\/redenoticiaz.com.br\/litoralsp\/wp-json\/wp\/v2\/media\/18281"}],"wp:attachment":[{"href":"https:\/\/redenoticiaz.com.br\/litoralsp\/wp-json\/wp\/v2\/media?parent=18280"}],"wp:term":[{"taxonomy":"category","embeddable":true,"href":"https:\/\/redenoticiaz.com.br\/litoralsp\/wp-json\/wp\/v2\/categories?post=18280"},{"taxonomy":"post_tag","embeddable":true,"href":"https:\/\/redenoticiaz.com.br\/litoralsp\/wp-json\/wp\/v2\/tags?post=18280"}],"curies":[{"name":"wp","href":"https:\/\/api.w.org\/{rel}","templated":true}]}}