{"id":18284,"date":"2021-11-13T12:57:38","date_gmt":"2021-11-13T15:57:38","guid":{"rendered":"https:\/\/redenoticiaz.com.br\/litoralsp\/?p=18284"},"modified":"2021-11-13T13:00:20","modified_gmt":"2021-11-13T16:00:20","slug":"ecovias-registra-mais-de-120-mil-veiculos-que-desceram-a-serra","status":"publish","type":"post","link":"https:\/\/redenoticiaz.com.br\/litoralsp\/2021\/11\/13\/ecovias-registra-mais-de-120-mil-veiculos-que-desceram-a-serra","title":{"rendered":"Ecovias registra mais de 120 mil ve\u00edculos que desceram a serra"},"content":{"rendered":"<p>O sol enfim deu as caras e a expectativa \u00e9 que o tempo esquente durante o feriado prolongado da Proclama\u00e7\u00e3o da Rep\u00fablica. Os turistas j\u00e1 est\u00e3o descendo a serra em dire\u00e7\u00e3o \u00e0s praias da Baixada Santista. Por enquanto, mais de <strong>120 mil ve\u00edculos<\/strong> j\u00e1 chegaram.<\/p>\n<p>A contagem come\u00e7ou \u00e0 0h de sexta-feira (12) e segundo a <a href=\"https:\/\/www.ecovias.com.br\">Ecovias<\/a>, concession\u00e1ria que administra o Sistema Anchieta-Imigrantes (SAI), entre 9h e 10h deste s\u00e1bado, mais de 6 mil motoristas realizaram a descida para a regi\u00e3o, somando mais de 122 mil ve\u00edculos desde sexta-feira. At\u00e9 segunda, \u00e9 esperado que cerca de 335 mil ve\u00edculos se dirijam \u00e0 Baixada Santista.<\/p>\n<div class=\"mc-column content-text active-extra-styles \" data-block-type=\"unstyled\" data-block-weight=\"41\" data-block-id=\"4\">\n<p class=\"content-text__container \" data-track-category=\"Link no Texto\" data-track-links=\"\">Na noite desta sexta, as\u00a0rodovias j\u00e1 apresentavam pontos de congestionamento e lentid\u00e3o. Por volta das 10h10 deste s\u00e1bado, os motoristas encontravam tr\u00e1fego congestionado na Rodovia dos Imigrantes, no sentido litoral. Mas na Via Anchieta tamb\u00e9m houve lentid\u00e3o no tr\u00e2nsito e tamb\u00e9m devido ao excesso de ve\u00edculos.<\/p>\n<\/div>\n<div class=\"mc-column content-text active-extra-styles \" data-block-type=\"unstyled\" data-block-weight=\"50\" data-block-id=\"5\">\n<p class=\"content-text__container \" data-track-category=\"Link no Texto\" data-track-links=\"\">A Ecovias implantou, na sexta-feira, a\u00a0<strong>Opera\u00e7\u00e3o Descida (7X3)<\/strong>. Os motoristas que seguem em dire\u00e7\u00e3o ao litoral devem utilizar a pista Norte e a pista Sul da Anchieta, al\u00e9m da pista Sul da Rodovia dos Imigrantes. A subida da serra, sentido Capital, \u00e9 realizada somente pela pista Norte da Imigrantes.<\/p>\n<\/div>\n<div class=\"mc-column content-text active-extra-styles \" data-block-type=\"unstyled\" data-block-weight=\"38\" data-block-id=\"6\">\n<p class=\"content-text__container \" data-track-category=\"Link no Texto\" data-track-links=\"\">A invers\u00e3o da m\u00e3o de dire\u00e7\u00e3o nas rodovias do SAI, durante as opera\u00e7\u00f5es especiais de tr\u00e1fego, ocorre apenas no trecho de serra, entre os Kms 40 e 55 da Anchieta, e do Km 40 ao 57 da Imigrantes.<\/p>\n<p data-track-category=\"Link no Texto\" data-track-links=\"\"><strong>LEIA TAMB\u00c9M<\/strong><\/p>\n<p data-track-category=\"Link no Texto\" data-track-links=\"\"><a href=\"https:\/\/redenoticiaz.com.br\/litoralsp\/2021\/11\/12\/sistema-anchieta-imigrantes-deve-ter-335-mil-veiculos-seguindo-rumo-a-baixada-santista\">Sistema Anchieta-Imigrantes deve ter 335 mil ve\u00edculos seguindo rumo \u00e0 Baixada Santista<\/a><\/p>\n<\/div>\n","protected":false},"excerpt":{"rendered":"<p>O sol enfim deu as caras e a expectativa \u00e9 que o tempo esquente durante o feriado prolongado da Proclama\u00e7\u00e3o da Rep\u00fablica. Os turistas j\u00e1 est\u00e3o descendo a serra em dire\u00e7\u00e3o \u00e0s praias da Baixada Santista. Por enquanto, mais de 120 mil ve\u00edculos j\u00e1 chegaram. A contagem come\u00e7ou \u00e0 0h de sexta-feira (12) e segundo &hellip;<\/p>\n","protected":false},"author":6,"featured_media":18285,"comment_status":"open","ping_status":"closed","sticky":false,"template":"","format":"standard","meta":{"footnotes":""},"categories":[186,5],"tags":[1480,24422,2629,117],"class_list":["post-18284","post","type-post","status-publish","format-standard","has-post-thumbnail","hentry","category-cubatao","category-transito","tag-ecovias","tag-feriado-prolongado","tag-sistema-anchieta-imigrantes","tag-transito"],"yoast_head":"<!-- This site is optimized with the Yoast SEO plugin v27.5 - https:\/\/yoast.com\/product\/yoast-seo-wordpress\/ -->\n<title>Ecovias registra mais de 120 mil ve\u00edculos que desceram a serra - Litoral SP<\/title>\n<meta name=\"description\" content=\"turistas j\u00e1 est\u00e3o descendo a serra em dire\u00e7\u00e3o \u00e0s praias da Baixada Santista. Por enquanto, mais de 120 mil ve\u00edculos j\u00e1 chegaram\" \/>\n<meta name=\"robots\" content=\"index, follow, max-snippet:-1, max-image-preview:large, max-video-preview:-1\" \/>\n<link rel=\"canonical\" href=\"https:\/\/redenoticiaz.com.br\/litoralsp\/2021\/11\/13\/ecovias-registra-mais-de-120-mil-veiculos-que-desceram-a-serra\" \/>\n<meta property=\"og:locale\" content=\"pt_BR\" \/>\n<meta property=\"og:type\" content=\"article\" \/>\n<meta property=\"og:title\" content=\"Ecovias registra mais de 120 mil ve\u00edculos que desceram a serra - Litoral SP\" \/>\n<meta property=\"og:description\" content=\"turistas j\u00e1 est\u00e3o descendo a serra em dire\u00e7\u00e3o \u00e0s praias da Baixada Santista. Por enquanto, mais de 120 mil ve\u00edculos j\u00e1 chegaram\" \/>\n<meta property=\"og:url\" content=\"https:\/\/redenoticiaz.com.br\/litoralsp\/2021\/11\/13\/ecovias-registra-mais-de-120-mil-veiculos-que-desceram-a-serra\" \/>\n<meta property=\"og:site_name\" content=\"Litoral SP\" \/>\n<meta property=\"article:published_time\" content=\"2021-11-13T15:57:38+00:00\" \/>\n<meta property=\"article:modified_time\" content=\"2021-11-13T16:00:20+00:00\" \/>\n<meta property=\"og:image\" content=\"https:\/\/redenoticiaz.com.br\/litoralsp\/wp-content\/uploads\/sites\/3\/2021\/11\/veiculos-pedagio-imigrantes.jpeg\" \/>\n\t<meta property=\"og:image:width\" content=\"984\" \/>\n\t<meta property=\"og:image:height\" content=\"682\" \/>\n\t<meta property=\"og:image:type\" content=\"image\/jpeg\" \/>\n<meta name=\"author\" content=\"Leonardo Francisco\" \/>\n<meta name=\"twitter:card\" content=\"summary_large_image\" \/>\n<meta name=\"twitter:label1\" content=\"Escrito por\" \/>\n\t<meta name=\"twitter:data1\" content=\"Leonardo Francisco\" \/>\n\t<meta name=\"twitter:label2\" content=\"Est. tempo de leitura\" \/>\n\t<meta name=\"twitter:data2\" content=\"1 minuto\" \/>\n<script type=\"application\/ld+json\" class=\"yoast-schema-graph\">{\"@context\":\"https:\\\/\\\/schema.org\",\"@graph\":[{\"@type\":\"Article\",\"@id\":\"https:\\\/\\\/redenoticiaz.com.br\\\/litoralsp\\\/2021\\\/11\\\/13\\\/ecovias-registra-mais-de-120-mil-veiculos-que-desceram-a-serra#article\",\"isPartOf\":{\"@id\":\"https:\\\/\\\/redenoticiaz.com.br\\\/litoralsp\\\/2021\\\/11\\\/13\\\/ecovias-registra-mais-de-120-mil-veiculos-que-desceram-a-serra\"},\"author\":{\"name\":\"Leonardo Francisco\",\"@id\":\"https:\\\/\\\/redenoticiaz.com.br\\\/litoralsp\\\/#\\\/schema\\\/person\\\/0f0b8a5bdafefe82841e07ae8d81ecb3\"},\"headline\":\"Ecovias registra mais de 120 mil ve\u00edculos que desceram a serra\",\"datePublished\":\"2021-11-13T15:57:38+00:00\",\"dateModified\":\"2021-11-13T16:00:20+00:00\",\"mainEntityOfPage\":{\"@id\":\"https:\\\/\\\/redenoticiaz.com.br\\\/litoralsp\\\/2021\\\/11\\\/13\\\/ecovias-registra-mais-de-120-mil-veiculos-que-desceram-a-serra\"},\"wordCount\":277,\"commentCount\":0,\"publisher\":{\"@id\":\"https:\\\/\\\/redenoticiaz.com.br\\\/litoralsp\\\/#organization\"},\"image\":{\"@id\":\"https:\\\/\\\/redenoticiaz.com.br\\\/litoralsp\\\/2021\\\/11\\\/13\\\/ecovias-registra-mais-de-120-mil-veiculos-que-desceram-a-serra#primaryimage\"},\"thumbnailUrl\":\"https:\\\/\\\/redenoticiaz.com.br\\\/litoralsp\\\/wp-content\\\/uploads\\\/sites\\\/3\\\/2021\\\/11\\\/veiculos-pedagio-imigrantes.jpeg\",\"keywords\":[\"ECOVIAS\",\"Feriado Prolongado\",\"SISTEMA ANCHIETA-IMIGRANTES\",\"transito\"],\"articleSection\":[\"Cubat\u00e3o\",\"Tr\u00e2nsito\"],\"inLanguage\":\"pt-BR\",\"potentialAction\":[{\"@type\":\"CommentAction\",\"name\":\"Comment\",\"target\":[\"https:\\\/\\\/redenoticiaz.com.br\\\/litoralsp\\\/2021\\\/11\\\/13\\\/ecovias-registra-mais-de-120-mil-veiculos-que-desceram-a-serra#respond\"]}]},{\"@type\":\"WebPage\",\"@id\":\"https:\\\/\\\/redenoticiaz.com.br\\\/litoralsp\\\/2021\\\/11\\\/13\\\/ecovias-registra-mais-de-120-mil-veiculos-que-desceram-a-serra\",\"url\":\"https:\\\/\\\/redenoticiaz.com.br\\\/litoralsp\\\/2021\\\/11\\\/13\\\/ecovias-registra-mais-de-120-mil-veiculos-que-desceram-a-serra\",\"name\":\"Ecovias registra mais de 120 mil ve\u00edculos que desceram a serra - Litoral SP\",\"isPartOf\":{\"@id\":\"https:\\\/\\\/redenoticiaz.com.br\\\/litoralsp\\\/#website\"},\"primaryImageOfPage\":{\"@id\":\"https:\\\/\\\/redenoticiaz.com.br\\\/litoralsp\\\/2021\\\/11\\\/13\\\/ecovias-registra-mais-de-120-mil-veiculos-que-desceram-a-serra#primaryimage\"},\"image\":{\"@id\":\"https:\\\/\\\/redenoticiaz.com.br\\\/litoralsp\\\/2021\\\/11\\\/13\\\/ecovias-registra-mais-de-120-mil-veiculos-que-desceram-a-serra#primaryimage\"},\"thumbnailUrl\":\"https:\\\/\\\/redenoticiaz.com.br\\\/litoralsp\\\/wp-content\\\/uploads\\\/sites\\\/3\\\/2021\\\/11\\\/veiculos-pedagio-imigrantes.jpeg\",\"datePublished\":\"2021-11-13T15:57:38+00:00\",\"dateModified\":\"2021-11-13T16:00:20+00:00\",\"description\":\"turistas j\u00e1 est\u00e3o descendo a serra em dire\u00e7\u00e3o \u00e0s praias da Baixada Santista. Por enquanto, mais de 120 mil ve\u00edculos j\u00e1 chegaram\",\"inLanguage\":\"pt-BR\",\"potentialAction\":[{\"@type\":\"ReadAction\",\"target\":[\"https:\\\/\\\/redenoticiaz.com.br\\\/litoralsp\\\/2021\\\/11\\\/13\\\/ecovias-registra-mais-de-120-mil-veiculos-que-desceram-a-serra\"]}]},{\"@type\":\"ImageObject\",\"inLanguage\":\"pt-BR\",\"@id\":\"https:\\\/\\\/redenoticiaz.com.br\\\/litoralsp\\\/2021\\\/11\\\/13\\\/ecovias-registra-mais-de-120-mil-veiculos-que-desceram-a-serra#primaryimage\",\"url\":\"https:\\\/\\\/redenoticiaz.com.br\\\/litoralsp\\\/wp-content\\\/uploads\\\/sites\\\/3\\\/2021\\\/11\\\/veiculos-pedagio-imigrantes.jpeg\",\"contentUrl\":\"https:\\\/\\\/redenoticiaz.com.br\\\/litoralsp\\\/wp-content\\\/uploads\\\/sites\\\/3\\\/2021\\\/11\\\/veiculos-pedagio-imigrantes.jpeg\",\"width\":984,\"height\":682,\"caption\":\"Cr\u00e9ditos: Reprodu\u00e7\u00e3o\\\/Ecovias\"},{\"@type\":\"WebSite\",\"@id\":\"https:\\\/\\\/redenoticiaz.com.br\\\/litoralsp\\\/#website\",\"url\":\"https:\\\/\\\/redenoticiaz.com.br\\\/litoralsp\\\/\",\"name\":\"Litoral SP\",\"description\":\"Rede NoticiaZ\",\"publisher\":{\"@id\":\"https:\\\/\\\/redenoticiaz.com.br\\\/litoralsp\\\/#organization\"},\"potentialAction\":[{\"@type\":\"SearchAction\",\"target\":{\"@type\":\"EntryPoint\",\"urlTemplate\":\"https:\\\/\\\/redenoticiaz.com.br\\\/litoralsp\\\/?s={search_term_string}\"},\"query-input\":{\"@type\":\"PropertyValueSpecification\",\"valueRequired\":true,\"valueName\":\"search_term_string\"}}],\"inLanguage\":\"pt-BR\"},{\"@type\":\"Organization\",\"@id\":\"https:\\\/\\\/redenoticiaz.com.br\\\/litoralsp\\\/#organization\",\"name\":\"Litoral SP\",\"url\":\"https:\\\/\\\/redenoticiaz.com.br\\\/litoralsp\\\/\",\"logo\":{\"@type\":\"ImageObject\",\"inLanguage\":\"pt-BR\",\"@id\":\"https:\\\/\\\/redenoticiaz.com.br\\\/litoralsp\\\/#\\\/schema\\\/logo\\\/image\\\/\",\"url\":\"https:\\\/\\\/redenoticiaz.com.br\\\/litoralsp\\\/wp-content\\\/uploads\\\/sites\\\/3\\\/2020\\\/11\\\/logo.jpg\",\"contentUrl\":\"https:\\\/\\\/redenoticiaz.com.br\\\/litoralsp\\\/wp-content\\\/uploads\\\/sites\\\/3\\\/2020\\\/11\\\/logo.jpg\",\"width\":400,\"height\":250,\"caption\":\"Litoral SP\"},\"image\":{\"@id\":\"https:\\\/\\\/redenoticiaz.com.br\\\/litoralsp\\\/#\\\/schema\\\/logo\\\/image\\\/\"}},{\"@type\":\"Person\",\"@id\":\"https:\\\/\\\/redenoticiaz.com.br\\\/litoralsp\\\/#\\\/schema\\\/person\\\/0f0b8a5bdafefe82841e07ae8d81ecb3\",\"name\":\"Leonardo Francisco\",\"image\":{\"@type\":\"ImageObject\",\"inLanguage\":\"pt-BR\",\"@id\":\"https:\\\/\\\/secure.gravatar.com\\\/avatar\\\/a7358cb406a99b682ec6df1e77e31ae82e63601f6784e8a3df411d72b37864da?s=96&d=mm&r=g\",\"url\":\"https:\\\/\\\/secure.gravatar.com\\\/avatar\\\/a7358cb406a99b682ec6df1e77e31ae82e63601f6784e8a3df411d72b37864da?s=96&d=mm&r=g\",\"contentUrl\":\"https:\\\/\\\/secure.gravatar.com\\\/avatar\\\/a7358cb406a99b682ec6df1e77e31ae82e63601f6784e8a3df411d72b37864da?s=96&d=mm&r=g\",\"caption\":\"Leonardo Francisco\"},\"url\":\"https:\\\/\\\/redenoticiaz.com.br\\\/litoralsp\\\/author\\\/leonardo-francisco\"}]}<\/script>\n<!-- \/ Yoast SEO plugin. -->","yoast_head_json":{"title":"Ecovias registra mais de 120 mil ve\u00edculos que desceram a serra - Litoral SP","description":"turistas j\u00e1 est\u00e3o descendo a serra em dire\u00e7\u00e3o \u00e0s praias da Baixada Santista. Por enquanto, mais de 120 mil ve\u00edculos j\u00e1 chegaram","robots":{"index":"index","follow":"follow","max-snippet":"max-snippet:-1","max-image-preview":"max-image-preview:large","max-video-preview":"max-video-preview:-1"},"canonical":"https:\/\/redenoticiaz.com.br\/litoralsp\/2021\/11\/13\/ecovias-registra-mais-de-120-mil-veiculos-que-desceram-a-serra","og_locale":"pt_BR","og_type":"article","og_title":"Ecovias registra mais de 120 mil ve\u00edculos que desceram a serra - Litoral SP","og_description":"turistas j\u00e1 est\u00e3o descendo a serra em dire\u00e7\u00e3o \u00e0s praias da Baixada Santista. Por enquanto, mais de 120 mil ve\u00edculos j\u00e1 chegaram","og_url":"https:\/\/redenoticiaz.com.br\/litoralsp\/2021\/11\/13\/ecovias-registra-mais-de-120-mil-veiculos-que-desceram-a-serra","og_site_name":"Litoral SP","article_published_time":"2021-11-13T15:57:38+00:00","article_modified_time":"2021-11-13T16:00:20+00:00","og_image":[{"width":984,"height":682,"url":"https:\/\/redenoticiaz.com.br\/litoralsp\/wp-content\/uploads\/sites\/3\/2021\/11\/veiculos-pedagio-imigrantes.jpeg","type":"image\/jpeg"}],"author":"Leonardo Francisco","twitter_card":"summary_large_image","twitter_misc":{"Escrito por":"Leonardo Francisco","Est. tempo de leitura":"1 minuto"},"schema":{"@context":"https:\/\/schema.org","@graph":[{"@type":"Article","@id":"https:\/\/redenoticiaz.com.br\/litoralsp\/2021\/11\/13\/ecovias-registra-mais-de-120-mil-veiculos-que-desceram-a-serra#article","isPartOf":{"@id":"https:\/\/redenoticiaz.com.br\/litoralsp\/2021\/11\/13\/ecovias-registra-mais-de-120-mil-veiculos-que-desceram-a-serra"},"author":{"name":"Leonardo Francisco","@id":"https:\/\/redenoticiaz.com.br\/litoralsp\/#\/schema\/person\/0f0b8a5bdafefe82841e07ae8d81ecb3"},"headline":"Ecovias registra mais de 120 mil ve\u00edculos que desceram a serra","datePublished":"2021-11-13T15:57:38+00:00","dateModified":"2021-11-13T16:00:20+00:00","mainEntityOfPage":{"@id":"https:\/\/redenoticiaz.com.br\/litoralsp\/2021\/11\/13\/ecovias-registra-mais-de-120-mil-veiculos-que-desceram-a-serra"},"wordCount":277,"commentCount":0,"publisher":{"@id":"https:\/\/redenoticiaz.com.br\/litoralsp\/#organization"},"image":{"@id":"https:\/\/redenoticiaz.com.br\/litoralsp\/2021\/11\/13\/ecovias-registra-mais-de-120-mil-veiculos-que-desceram-a-serra#primaryimage"},"thumbnailUrl":"https:\/\/redenoticiaz.com.br\/litoralsp\/wp-content\/uploads\/sites\/3\/2021\/11\/veiculos-pedagio-imigrantes.jpeg","keywords":["ECOVIAS","Feriado Prolongado","SISTEMA ANCHIETA-IMIGRANTES","transito"],"articleSection":["Cubat\u00e3o","Tr\u00e2nsito"],"inLanguage":"pt-BR","potentialAction":[{"@type":"CommentAction","name":"Comment","target":["https:\/\/redenoticiaz.com.br\/litoralsp\/2021\/11\/13\/ecovias-registra-mais-de-120-mil-veiculos-que-desceram-a-serra#respond"]}]},{"@type":"WebPage","@id":"https:\/\/redenoticiaz.com.br\/litoralsp\/2021\/11\/13\/ecovias-registra-mais-de-120-mil-veiculos-que-desceram-a-serra","url":"https:\/\/redenoticiaz.com.br\/litoralsp\/2021\/11\/13\/ecovias-registra-mais-de-120-mil-veiculos-que-desceram-a-serra","name":"Ecovias registra mais de 120 mil ve\u00edculos que desceram a serra - Litoral SP","isPartOf":{"@id":"https:\/\/redenoticiaz.com.br\/litoralsp\/#website"},"primaryImageOfPage":{"@id":"https:\/\/redenoticiaz.com.br\/litoralsp\/2021\/11\/13\/ecovias-registra-mais-de-120-mil-veiculos-que-desceram-a-serra#primaryimage"},"image":{"@id":"https:\/\/redenoticiaz.com.br\/litoralsp\/2021\/11\/13\/ecovias-registra-mais-de-120-mil-veiculos-que-desceram-a-serra#primaryimage"},"thumbnailUrl":"https:\/\/redenoticiaz.com.br\/litoralsp\/wp-content\/uploads\/sites\/3\/2021\/11\/veiculos-pedagio-imigrantes.jpeg","datePublished":"2021-11-13T15:57:38+00:00","dateModified":"2021-11-13T16:00:20+00:00","description":"turistas j\u00e1 est\u00e3o descendo a serra em dire\u00e7\u00e3o \u00e0s praias da Baixada Santista. Por enquanto, mais de 120 mil ve\u00edculos j\u00e1 chegaram","inLanguage":"pt-BR","potentialAction":[{"@type":"ReadAction","target":["https:\/\/redenoticiaz.com.br\/litoralsp\/2021\/11\/13\/ecovias-registra-mais-de-120-mil-veiculos-que-desceram-a-serra"]}]},{"@type":"ImageObject","inLanguage":"pt-BR","@id":"https:\/\/redenoticiaz.com.br\/litoralsp\/2021\/11\/13\/ecovias-registra-mais-de-120-mil-veiculos-que-desceram-a-serra#primaryimage","url":"https:\/\/redenoticiaz.com.br\/litoralsp\/wp-content\/uploads\/sites\/3\/2021\/11\/veiculos-pedagio-imigrantes.jpeg","contentUrl":"https:\/\/redenoticiaz.com.br\/litoralsp\/wp-content\/uploads\/sites\/3\/2021\/11\/veiculos-pedagio-imigrantes.jpeg","width":984,"height":682,"caption":"Cr\u00e9ditos: Reprodu\u00e7\u00e3o\/Ecovias"},{"@type":"WebSite","@id":"https:\/\/redenoticiaz.com.br\/litoralsp\/#website","url":"https:\/\/redenoticiaz.com.br\/litoralsp\/","name":"Litoral SP","description":"Rede NoticiaZ","publisher":{"@id":"https:\/\/redenoticiaz.com.br\/litoralsp\/#organization"},"potentialAction":[{"@type":"SearchAction","target":{"@type":"EntryPoint","urlTemplate":"https:\/\/redenoticiaz.com.br\/litoralsp\/?s={search_term_string}"},"query-input":{"@type":"PropertyValueSpecification","valueRequired":true,"valueName":"search_term_string"}}],"inLanguage":"pt-BR"},{"@type":"Organization","@id":"https:\/\/redenoticiaz.com.br\/litoralsp\/#organization","name":"Litoral SP","url":"https:\/\/redenoticiaz.com.br\/litoralsp\/","logo":{"@type":"ImageObject","inLanguage":"pt-BR","@id":"https:\/\/redenoticiaz.com.br\/litoralsp\/#\/schema\/logo\/image\/","url":"https:\/\/redenoticiaz.com.br\/litoralsp\/wp-content\/uploads\/sites\/3\/2020\/11\/logo.jpg","contentUrl":"https:\/\/redenoticiaz.com.br\/litoralsp\/wp-content\/uploads\/sites\/3\/2020\/11\/logo.jpg","width":400,"height":250,"caption":"Litoral SP"},"image":{"@id":"https:\/\/redenoticiaz.com.br\/litoralsp\/#\/schema\/logo\/image\/"}},{"@type":"Person","@id":"https:\/\/redenoticiaz.com.br\/litoralsp\/#\/schema\/person\/0f0b8a5bdafefe82841e07ae8d81ecb3","name":"Leonardo Francisco","image":{"@type":"ImageObject","inLanguage":"pt-BR","@id":"https:\/\/secure.gravatar.com\/avatar\/a7358cb406a99b682ec6df1e77e31ae82e63601f6784e8a3df411d72b37864da?s=96&d=mm&r=g","url":"https:\/\/secure.gravatar.com\/avatar\/a7358cb406a99b682ec6df1e77e31ae82e63601f6784e8a3df411d72b37864da?s=96&d=mm&r=g","contentUrl":"https:\/\/secure.gravatar.com\/avatar\/a7358cb406a99b682ec6df1e77e31ae82e63601f6784e8a3df411d72b37864da?s=96&d=mm&r=g","caption":"Leonardo Francisco"},"url":"https:\/\/redenoticiaz.com.br\/litoralsp\/author\/leonardo-francisco"}]}},"_links":{"self":[{"href":"https:\/\/redenoticiaz.com.br\/litoralsp\/wp-json\/wp\/v2\/posts\/18284","targetHints":{"allow":["GET"]}}],"collection":[{"href":"https:\/\/redenoticiaz.com.br\/litoralsp\/wp-json\/wp\/v2\/posts"}],"about":[{"href":"https:\/\/redenoticiaz.com.br\/litoralsp\/wp-json\/wp\/v2\/types\/post"}],"author":[{"embeddable":true,"href":"https:\/\/redenoticiaz.com.br\/litoralsp\/wp-json\/wp\/v2\/users\/6"}],"replies":[{"embeddable":true,"href":"https:\/\/redenoticiaz.com.br\/litoralsp\/wp-json\/wp\/v2\/comments?post=18284"}],"version-history":[{"count":1,"href":"https:\/\/redenoticiaz.com.br\/litoralsp\/wp-json\/wp\/v2\/posts\/18284\/revisions"}],"predecessor-version":[{"id":18286,"href":"https:\/\/redenoticiaz.com.br\/litoralsp\/wp-json\/wp\/v2\/posts\/18284\/revisions\/18286"}],"wp:featuredmedia":[{"embeddable":true,"href":"https:\/\/redenoticiaz.com.br\/litoralsp\/wp-json\/wp\/v2\/media\/18285"}],"wp:attachment":[{"href":"https:\/\/redenoticiaz.com.br\/litoralsp\/wp-json\/wp\/v2\/media?parent=18284"}],"wp:term":[{"taxonomy":"category","embeddable":true,"href":"https:\/\/redenoticiaz.com.br\/litoralsp\/wp-json\/wp\/v2\/categories?post=18284"},{"taxonomy":"post_tag","embeddable":true,"href":"https:\/\/redenoticiaz.com.br\/litoralsp\/wp-json\/wp\/v2\/tags?post=18284"}],"curies":[{"name":"wp","href":"https:\/\/api.w.org\/{rel}","templated":true}]}}