{"id":18467,"date":"2021-11-16T14:02:14","date_gmt":"2021-11-16T17:02:14","guid":{"rendered":"https:\/\/redenoticiaz.com.br\/litoralsp\/?p=18467"},"modified":"2021-11-16T14:02:14","modified_gmt":"2021-11-16T17:02:14","slug":"menino-de-5-anos-e-atropelada-por-motocicleta-em-praia-grande","status":"publish","type":"post","link":"https:\/\/redenoticiaz.com.br\/litoralsp\/2021\/11\/16\/menino-de-5-anos-e-atropelada-por-motocicleta-em-praia-grande","title":{"rendered":"Menino de 5 anos \u00e9 atropelada por motocicleta em Praia Grande"},"content":{"rendered":"<p>Um menino de 5 anos foi atropelado por uma motocicleta na Cidade de <a href=\"https:\/\/www.praiagrande.sp.gov.br\/index.asp\">Praia Grande<\/a> na manh\u00e3 desta segunda &#8211; feira (15). A crian\u00e7a foi encaminhada ao Hospital Irm\u00e3 Dulce.<\/p>\n<p>De acordo com o BO, o acidente aconteceu por volta de meio &#8211; dia. O pai da v\u00edtima afirma que ao atravessar a Avenida Presidente Kennedy, o menino foi atropelado pela motocicleta. Ele correu ao soltar a m\u00e3o do pai.<\/p>\n<figure id=\"attachment_18469\" aria-describedby=\"caption-attachment-18469\" style=\"width: 300px\" class=\"wp-caption alignleft\"><img loading=\"lazy\" decoding=\"async\" class=\"size-medium wp-image-18469\" src=\"https:\/\/redenoticiaz.com.br\/litoralsp\/wp-content\/uploads\/sites\/3\/2021\/11\/103355719-300x201.jpg\" alt=\"Menino de 5 anos \u00e9 atropelada por motocicleta em Praia Grande\" width=\"300\" height=\"201\" srcset=\"https:\/\/redenoticiaz.com.br\/litoralsp\/wp-content\/uploads\/sites\/3\/2021\/11\/103355719-300x201.jpg 300w, https:\/\/redenoticiaz.com.br\/litoralsp\/wp-content\/uploads\/sites\/3\/2021\/11\/103355719-768x515.jpg 768w, https:\/\/redenoticiaz.com.br\/litoralsp\/wp-content\/uploads\/sites\/3\/2021\/11\/103355719.jpg 1024w\" sizes=\"auto, (max-width: 300px) 100vw, 300px\" \/><figcaption id=\"caption-attachment-18469\" class=\"wp-caption-text\">Cr\u00e9ditos: Reprodu\u00e7\u00e3o Mapio.net<\/figcaption><\/figure>\n<p>A Pol\u00edcia Militar a os Bombeiros foram at\u00e9 o local para averiguar o acidente. O condutor da motocicleta permaneceu no local prestando os primeiros socorros e tamb\u00e9m apoio \u00e0s autoridades.<\/p>\n<p>N\u00e3o foi divulgado o atual estado de Sa\u00fade da v\u00edtima.<\/p>\n<p><strong>Leia Mais<\/strong><\/p>\n<p><a href=\"https:\/\/redenoticiaz.com.br\/litoralsp\/2021\/10\/30\/motorista-morre-e-outras-duas-pessoas-ficam-feridas-em-acidente-na-praia-grande\">Motorista morre e outras duas pessoas ficam feridas em acidente na Praia Grande<\/a><\/p>\n","protected":false},"excerpt":{"rendered":"<p>Um menino de 5 anos foi atropelado por uma motocicleta na Cidade de Praia Grande na manh\u00e3 desta segunda &#8211; feira (15). A crian\u00e7a foi encaminhada ao Hospital Irm\u00e3 Dulce. De acordo com o BO, o acidente aconteceu por volta de meio &#8211; dia. O pai da v\u00edtima afirma que ao atravessar a Avenida Presidente &hellip;<\/p>\n","protected":false},"author":12,"featured_media":18468,"comment_status":"open","ping_status":"closed","sticky":false,"template":"","format":"standard","meta":{"footnotes":""},"categories":[182],"tags":[7,4630,9383,6725,1101],"class_list":["post-18467","post","type-post","status-publish","format-standard","has-post-thumbnail","hentry","category-praia-grande","tag-acidente","tag-atropelamento","tag-moto","tag-motociclista","tag-praia-grande"],"yoast_head":"<!-- This site is optimized with the Yoast SEO plugin v27.5 - https:\/\/yoast.com\/product\/yoast-seo-wordpress\/ -->\n<title>Menino de 5 anos \u00e9 atropelada por motocicleta em Praia Grande<\/title>\n<meta name=\"description\" content=\"Um menino de 5 anos foi atropelado por uma motocicleta na Cidade de Praia Grande na manh\u00e3 desta segunda - feira (15). A crian\u00e7a foi encaminhada ao Hospital\" \/>\n<meta name=\"robots\" content=\"index, follow, max-snippet:-1, max-image-preview:large, max-video-preview:-1\" \/>\n<link rel=\"canonical\" href=\"https:\/\/redenoticiaz.com.br\/litoralsp\/2021\/11\/16\/menino-de-5-anos-e-atropelada-por-motocicleta-em-praia-grande\" \/>\n<meta property=\"og:locale\" content=\"pt_BR\" \/>\n<meta property=\"og:type\" content=\"article\" \/>\n<meta property=\"og:title\" content=\"Menino de 5 anos \u00e9 atropelada por motocicleta em Praia Grande\" \/>\n<meta property=\"og:description\" content=\"Um menino de 5 anos foi atropelado por uma motocicleta na Cidade de Praia Grande na manh\u00e3 desta segunda - feira (15). A crian\u00e7a foi encaminhada ao Hospital\" \/>\n<meta property=\"og:url\" content=\"https:\/\/redenoticiaz.com.br\/litoralsp\/2021\/11\/16\/menino-de-5-anos-e-atropelada-por-motocicleta-em-praia-grande\" \/>\n<meta property=\"og:site_name\" content=\"Litoral SP\" \/>\n<meta property=\"article:published_time\" content=\"2021-11-16T17:02:14+00:00\" \/>\n<meta property=\"og:image\" content=\"https:\/\/redenoticiaz.com.br\/litoralsp\/wp-content\/uploads\/sites\/3\/2021\/11\/crianca-atropelada-na-pg.jpg\" \/>\n\t<meta property=\"og:image:width\" content=\"800\" \/>\n\t<meta property=\"og:image:height\" content=\"403\" \/>\n\t<meta property=\"og:image:type\" content=\"image\/jpeg\" \/>\n<meta name=\"author\" content=\"Gustavo Silva\" \/>\n<meta name=\"twitter:card\" content=\"summary_large_image\" \/>\n<meta name=\"twitter:label1\" content=\"Escrito por\" \/>\n\t<meta name=\"twitter:data1\" content=\"Gustavo Silva\" \/>\n\t<meta name=\"twitter:label2\" content=\"Est. tempo de leitura\" \/>\n\t<meta name=\"twitter:data2\" content=\"1 minuto\" \/>\n<script type=\"application\/ld+json\" class=\"yoast-schema-graph\">{\"@context\":\"https:\\\/\\\/schema.org\",\"@graph\":[{\"@type\":\"Article\",\"@id\":\"https:\\\/\\\/redenoticiaz.com.br\\\/litoralsp\\\/2021\\\/11\\\/16\\\/menino-de-5-anos-e-atropelada-por-motocicleta-em-praia-grande#article\",\"isPartOf\":{\"@id\":\"https:\\\/\\\/redenoticiaz.com.br\\\/litoralsp\\\/2021\\\/11\\\/16\\\/menino-de-5-anos-e-atropelada-por-motocicleta-em-praia-grande\"},\"author\":{\"name\":\"Gustavo Silva\",\"@id\":\"https:\\\/\\\/redenoticiaz.com.br\\\/litoralsp\\\/#\\\/schema\\\/person\\\/16057b37a3c0ee6b096d7f887c566e2e\"},\"headline\":\"Menino de 5 anos \u00e9 atropelada por motocicleta em Praia Grande\",\"datePublished\":\"2021-11-16T17:02:14+00:00\",\"mainEntityOfPage\":{\"@id\":\"https:\\\/\\\/redenoticiaz.com.br\\\/litoralsp\\\/2021\\\/11\\\/16\\\/menino-de-5-anos-e-atropelada-por-motocicleta-em-praia-grande\"},\"wordCount\":153,\"commentCount\":0,\"publisher\":{\"@id\":\"https:\\\/\\\/redenoticiaz.com.br\\\/litoralsp\\\/#organization\"},\"image\":{\"@id\":\"https:\\\/\\\/redenoticiaz.com.br\\\/litoralsp\\\/2021\\\/11\\\/16\\\/menino-de-5-anos-e-atropelada-por-motocicleta-em-praia-grande#primaryimage\"},\"thumbnailUrl\":\"https:\\\/\\\/redenoticiaz.com.br\\\/litoralsp\\\/wp-content\\\/uploads\\\/sites\\\/3\\\/2021\\\/11\\\/crianca-atropelada-na-pg.jpg\",\"keywords\":[\"acidente\",\"atropelamento\",\"MOTO\",\"MOTOCICLISTA\",\"PRAIA GRANDE\"],\"articleSection\":[\"Praia Grande\"],\"inLanguage\":\"pt-BR\",\"potentialAction\":[{\"@type\":\"CommentAction\",\"name\":\"Comment\",\"target\":[\"https:\\\/\\\/redenoticiaz.com.br\\\/litoralsp\\\/2021\\\/11\\\/16\\\/menino-de-5-anos-e-atropelada-por-motocicleta-em-praia-grande#respond\"]}]},{\"@type\":\"WebPage\",\"@id\":\"https:\\\/\\\/redenoticiaz.com.br\\\/litoralsp\\\/2021\\\/11\\\/16\\\/menino-de-5-anos-e-atropelada-por-motocicleta-em-praia-grande\",\"url\":\"https:\\\/\\\/redenoticiaz.com.br\\\/litoralsp\\\/2021\\\/11\\\/16\\\/menino-de-5-anos-e-atropelada-por-motocicleta-em-praia-grande\",\"name\":\"Menino de 5 anos \u00e9 atropelada por motocicleta em Praia Grande\",\"isPartOf\":{\"@id\":\"https:\\\/\\\/redenoticiaz.com.br\\\/litoralsp\\\/#website\"},\"primaryImageOfPage\":{\"@id\":\"https:\\\/\\\/redenoticiaz.com.br\\\/litoralsp\\\/2021\\\/11\\\/16\\\/menino-de-5-anos-e-atropelada-por-motocicleta-em-praia-grande#primaryimage\"},\"image\":{\"@id\":\"https:\\\/\\\/redenoticiaz.com.br\\\/litoralsp\\\/2021\\\/11\\\/16\\\/menino-de-5-anos-e-atropelada-por-motocicleta-em-praia-grande#primaryimage\"},\"thumbnailUrl\":\"https:\\\/\\\/redenoticiaz.com.br\\\/litoralsp\\\/wp-content\\\/uploads\\\/sites\\\/3\\\/2021\\\/11\\\/crianca-atropelada-na-pg.jpg\",\"datePublished\":\"2021-11-16T17:02:14+00:00\",\"description\":\"Um menino de 5 anos foi atropelado por uma motocicleta na Cidade de Praia Grande na manh\u00e3 desta segunda - feira (15). A crian\u00e7a foi encaminhada ao Hospital\",\"inLanguage\":\"pt-BR\",\"potentialAction\":[{\"@type\":\"ReadAction\",\"target\":[\"https:\\\/\\\/redenoticiaz.com.br\\\/litoralsp\\\/2021\\\/11\\\/16\\\/menino-de-5-anos-e-atropelada-por-motocicleta-em-praia-grande\"]}]},{\"@type\":\"ImageObject\",\"inLanguage\":\"pt-BR\",\"@id\":\"https:\\\/\\\/redenoticiaz.com.br\\\/litoralsp\\\/2021\\\/11\\\/16\\\/menino-de-5-anos-e-atropelada-por-motocicleta-em-praia-grande#primaryimage\",\"url\":\"https:\\\/\\\/redenoticiaz.com.br\\\/litoralsp\\\/wp-content\\\/uploads\\\/sites\\\/3\\\/2021\\\/11\\\/crianca-atropelada-na-pg.jpg\",\"contentUrl\":\"https:\\\/\\\/redenoticiaz.com.br\\\/litoralsp\\\/wp-content\\\/uploads\\\/sites\\\/3\\\/2021\\\/11\\\/crianca-atropelada-na-pg.jpg\",\"width\":800,\"height\":403,\"caption\":\"Cr\u00e9ditos: Reprodu\u00e7\u00e3o\\\/ Pg No Ar\"},{\"@type\":\"WebSite\",\"@id\":\"https:\\\/\\\/redenoticiaz.com.br\\\/litoralsp\\\/#website\",\"url\":\"https:\\\/\\\/redenoticiaz.com.br\\\/litoralsp\\\/\",\"name\":\"Litoral SP\",\"description\":\"Rede NoticiaZ\",\"publisher\":{\"@id\":\"https:\\\/\\\/redenoticiaz.com.br\\\/litoralsp\\\/#organization\"},\"potentialAction\":[{\"@type\":\"SearchAction\",\"target\":{\"@type\":\"EntryPoint\",\"urlTemplate\":\"https:\\\/\\\/redenoticiaz.com.br\\\/litoralsp\\\/?s={search_term_string}\"},\"query-input\":{\"@type\":\"PropertyValueSpecification\",\"valueRequired\":true,\"valueName\":\"search_term_string\"}}],\"inLanguage\":\"pt-BR\"},{\"@type\":\"Organization\",\"@id\":\"https:\\\/\\\/redenoticiaz.com.br\\\/litoralsp\\\/#organization\",\"name\":\"Litoral SP\",\"url\":\"https:\\\/\\\/redenoticiaz.com.br\\\/litoralsp\\\/\",\"logo\":{\"@type\":\"ImageObject\",\"inLanguage\":\"pt-BR\",\"@id\":\"https:\\\/\\\/redenoticiaz.com.br\\\/litoralsp\\\/#\\\/schema\\\/logo\\\/image\\\/\",\"url\":\"https:\\\/\\\/redenoticiaz.com.br\\\/litoralsp\\\/wp-content\\\/uploads\\\/sites\\\/3\\\/2020\\\/11\\\/logo.jpg\",\"contentUrl\":\"https:\\\/\\\/redenoticiaz.com.br\\\/litoralsp\\\/wp-content\\\/uploads\\\/sites\\\/3\\\/2020\\\/11\\\/logo.jpg\",\"width\":400,\"height\":250,\"caption\":\"Litoral SP\"},\"image\":{\"@id\":\"https:\\\/\\\/redenoticiaz.com.br\\\/litoralsp\\\/#\\\/schema\\\/logo\\\/image\\\/\"}},{\"@type\":\"Person\",\"@id\":\"https:\\\/\\\/redenoticiaz.com.br\\\/litoralsp\\\/#\\\/schema\\\/person\\\/16057b37a3c0ee6b096d7f887c566e2e\",\"name\":\"Gustavo Silva\",\"image\":{\"@type\":\"ImageObject\",\"inLanguage\":\"pt-BR\",\"@id\":\"https:\\\/\\\/secure.gravatar.com\\\/avatar\\\/3ee4e82f93b26de0a7cf4ea5eb7893da637ed6bb0c9170c58065944c56e28a33?s=96&d=mm&r=g\",\"url\":\"https:\\\/\\\/secure.gravatar.com\\\/avatar\\\/3ee4e82f93b26de0a7cf4ea5eb7893da637ed6bb0c9170c58065944c56e28a33?s=96&d=mm&r=g\",\"contentUrl\":\"https:\\\/\\\/secure.gravatar.com\\\/avatar\\\/3ee4e82f93b26de0a7cf4ea5eb7893da637ed6bb0c9170c58065944c56e28a33?s=96&d=mm&r=g\",\"caption\":\"Gustavo Silva\"},\"url\":\"https:\\\/\\\/redenoticiaz.com.br\\\/litoralsp\\\/author\\\/gustavosilva\"}]}<\/script>\n<!-- \/ Yoast SEO plugin. -->","yoast_head_json":{"title":"Menino de 5 anos \u00e9 atropelada por motocicleta em Praia Grande","description":"Um menino de 5 anos foi atropelado por uma motocicleta na Cidade de Praia Grande na manh\u00e3 desta segunda - feira (15). A crian\u00e7a foi encaminhada ao Hospital","robots":{"index":"index","follow":"follow","max-snippet":"max-snippet:-1","max-image-preview":"max-image-preview:large","max-video-preview":"max-video-preview:-1"},"canonical":"https:\/\/redenoticiaz.com.br\/litoralsp\/2021\/11\/16\/menino-de-5-anos-e-atropelada-por-motocicleta-em-praia-grande","og_locale":"pt_BR","og_type":"article","og_title":"Menino de 5 anos \u00e9 atropelada por motocicleta em Praia Grande","og_description":"Um menino de 5 anos foi atropelado por uma motocicleta na Cidade de Praia Grande na manh\u00e3 desta segunda - feira (15). A crian\u00e7a foi encaminhada ao Hospital","og_url":"https:\/\/redenoticiaz.com.br\/litoralsp\/2021\/11\/16\/menino-de-5-anos-e-atropelada-por-motocicleta-em-praia-grande","og_site_name":"Litoral SP","article_published_time":"2021-11-16T17:02:14+00:00","og_image":[{"width":800,"height":403,"url":"https:\/\/redenoticiaz.com.br\/litoralsp\/wp-content\/uploads\/sites\/3\/2021\/11\/crianca-atropelada-na-pg.jpg","type":"image\/jpeg"}],"author":"Gustavo Silva","twitter_card":"summary_large_image","twitter_misc":{"Escrito por":"Gustavo Silva","Est. tempo de leitura":"1 minuto"},"schema":{"@context":"https:\/\/schema.org","@graph":[{"@type":"Article","@id":"https:\/\/redenoticiaz.com.br\/litoralsp\/2021\/11\/16\/menino-de-5-anos-e-atropelada-por-motocicleta-em-praia-grande#article","isPartOf":{"@id":"https:\/\/redenoticiaz.com.br\/litoralsp\/2021\/11\/16\/menino-de-5-anos-e-atropelada-por-motocicleta-em-praia-grande"},"author":{"name":"Gustavo Silva","@id":"https:\/\/redenoticiaz.com.br\/litoralsp\/#\/schema\/person\/16057b37a3c0ee6b096d7f887c566e2e"},"headline":"Menino de 5 anos \u00e9 atropelada por motocicleta em Praia Grande","datePublished":"2021-11-16T17:02:14+00:00","mainEntityOfPage":{"@id":"https:\/\/redenoticiaz.com.br\/litoralsp\/2021\/11\/16\/menino-de-5-anos-e-atropelada-por-motocicleta-em-praia-grande"},"wordCount":153,"commentCount":0,"publisher":{"@id":"https:\/\/redenoticiaz.com.br\/litoralsp\/#organization"},"image":{"@id":"https:\/\/redenoticiaz.com.br\/litoralsp\/2021\/11\/16\/menino-de-5-anos-e-atropelada-por-motocicleta-em-praia-grande#primaryimage"},"thumbnailUrl":"https:\/\/redenoticiaz.com.br\/litoralsp\/wp-content\/uploads\/sites\/3\/2021\/11\/crianca-atropelada-na-pg.jpg","keywords":["acidente","atropelamento","MOTO","MOTOCICLISTA","PRAIA GRANDE"],"articleSection":["Praia Grande"],"inLanguage":"pt-BR","potentialAction":[{"@type":"CommentAction","name":"Comment","target":["https:\/\/redenoticiaz.com.br\/litoralsp\/2021\/11\/16\/menino-de-5-anos-e-atropelada-por-motocicleta-em-praia-grande#respond"]}]},{"@type":"WebPage","@id":"https:\/\/redenoticiaz.com.br\/litoralsp\/2021\/11\/16\/menino-de-5-anos-e-atropelada-por-motocicleta-em-praia-grande","url":"https:\/\/redenoticiaz.com.br\/litoralsp\/2021\/11\/16\/menino-de-5-anos-e-atropelada-por-motocicleta-em-praia-grande","name":"Menino de 5 anos \u00e9 atropelada por motocicleta em Praia Grande","isPartOf":{"@id":"https:\/\/redenoticiaz.com.br\/litoralsp\/#website"},"primaryImageOfPage":{"@id":"https:\/\/redenoticiaz.com.br\/litoralsp\/2021\/11\/16\/menino-de-5-anos-e-atropelada-por-motocicleta-em-praia-grande#primaryimage"},"image":{"@id":"https:\/\/redenoticiaz.com.br\/litoralsp\/2021\/11\/16\/menino-de-5-anos-e-atropelada-por-motocicleta-em-praia-grande#primaryimage"},"thumbnailUrl":"https:\/\/redenoticiaz.com.br\/litoralsp\/wp-content\/uploads\/sites\/3\/2021\/11\/crianca-atropelada-na-pg.jpg","datePublished":"2021-11-16T17:02:14+00:00","description":"Um menino de 5 anos foi atropelado por uma motocicleta na Cidade de Praia Grande na manh\u00e3 desta segunda - feira (15). A crian\u00e7a foi encaminhada ao Hospital","inLanguage":"pt-BR","potentialAction":[{"@type":"ReadAction","target":["https:\/\/redenoticiaz.com.br\/litoralsp\/2021\/11\/16\/menino-de-5-anos-e-atropelada-por-motocicleta-em-praia-grande"]}]},{"@type":"ImageObject","inLanguage":"pt-BR","@id":"https:\/\/redenoticiaz.com.br\/litoralsp\/2021\/11\/16\/menino-de-5-anos-e-atropelada-por-motocicleta-em-praia-grande#primaryimage","url":"https:\/\/redenoticiaz.com.br\/litoralsp\/wp-content\/uploads\/sites\/3\/2021\/11\/crianca-atropelada-na-pg.jpg","contentUrl":"https:\/\/redenoticiaz.com.br\/litoralsp\/wp-content\/uploads\/sites\/3\/2021\/11\/crianca-atropelada-na-pg.jpg","width":800,"height":403,"caption":"Cr\u00e9ditos: Reprodu\u00e7\u00e3o\/ Pg No Ar"},{"@type":"WebSite","@id":"https:\/\/redenoticiaz.com.br\/litoralsp\/#website","url":"https:\/\/redenoticiaz.com.br\/litoralsp\/","name":"Litoral SP","description":"Rede NoticiaZ","publisher":{"@id":"https:\/\/redenoticiaz.com.br\/litoralsp\/#organization"},"potentialAction":[{"@type":"SearchAction","target":{"@type":"EntryPoint","urlTemplate":"https:\/\/redenoticiaz.com.br\/litoralsp\/?s={search_term_string}"},"query-input":{"@type":"PropertyValueSpecification","valueRequired":true,"valueName":"search_term_string"}}],"inLanguage":"pt-BR"},{"@type":"Organization","@id":"https:\/\/redenoticiaz.com.br\/litoralsp\/#organization","name":"Litoral SP","url":"https:\/\/redenoticiaz.com.br\/litoralsp\/","logo":{"@type":"ImageObject","inLanguage":"pt-BR","@id":"https:\/\/redenoticiaz.com.br\/litoralsp\/#\/schema\/logo\/image\/","url":"https:\/\/redenoticiaz.com.br\/litoralsp\/wp-content\/uploads\/sites\/3\/2020\/11\/logo.jpg","contentUrl":"https:\/\/redenoticiaz.com.br\/litoralsp\/wp-content\/uploads\/sites\/3\/2020\/11\/logo.jpg","width":400,"height":250,"caption":"Litoral SP"},"image":{"@id":"https:\/\/redenoticiaz.com.br\/litoralsp\/#\/schema\/logo\/image\/"}},{"@type":"Person","@id":"https:\/\/redenoticiaz.com.br\/litoralsp\/#\/schema\/person\/16057b37a3c0ee6b096d7f887c566e2e","name":"Gustavo Silva","image":{"@type":"ImageObject","inLanguage":"pt-BR","@id":"https:\/\/secure.gravatar.com\/avatar\/3ee4e82f93b26de0a7cf4ea5eb7893da637ed6bb0c9170c58065944c56e28a33?s=96&d=mm&r=g","url":"https:\/\/secure.gravatar.com\/avatar\/3ee4e82f93b26de0a7cf4ea5eb7893da637ed6bb0c9170c58065944c56e28a33?s=96&d=mm&r=g","contentUrl":"https:\/\/secure.gravatar.com\/avatar\/3ee4e82f93b26de0a7cf4ea5eb7893da637ed6bb0c9170c58065944c56e28a33?s=96&d=mm&r=g","caption":"Gustavo Silva"},"url":"https:\/\/redenoticiaz.com.br\/litoralsp\/author\/gustavosilva"}]}},"_links":{"self":[{"href":"https:\/\/redenoticiaz.com.br\/litoralsp\/wp-json\/wp\/v2\/posts\/18467","targetHints":{"allow":["GET"]}}],"collection":[{"href":"https:\/\/redenoticiaz.com.br\/litoralsp\/wp-json\/wp\/v2\/posts"}],"about":[{"href":"https:\/\/redenoticiaz.com.br\/litoralsp\/wp-json\/wp\/v2\/types\/post"}],"author":[{"embeddable":true,"href":"https:\/\/redenoticiaz.com.br\/litoralsp\/wp-json\/wp\/v2\/users\/12"}],"replies":[{"embeddable":true,"href":"https:\/\/redenoticiaz.com.br\/litoralsp\/wp-json\/wp\/v2\/comments?post=18467"}],"version-history":[{"count":2,"href":"https:\/\/redenoticiaz.com.br\/litoralsp\/wp-json\/wp\/v2\/posts\/18467\/revisions"}],"predecessor-version":[{"id":18474,"href":"https:\/\/redenoticiaz.com.br\/litoralsp\/wp-json\/wp\/v2\/posts\/18467\/revisions\/18474"}],"wp:featuredmedia":[{"embeddable":true,"href":"https:\/\/redenoticiaz.com.br\/litoralsp\/wp-json\/wp\/v2\/media\/18468"}],"wp:attachment":[{"href":"https:\/\/redenoticiaz.com.br\/litoralsp\/wp-json\/wp\/v2\/media?parent=18467"}],"wp:term":[{"taxonomy":"category","embeddable":true,"href":"https:\/\/redenoticiaz.com.br\/litoralsp\/wp-json\/wp\/v2\/categories?post=18467"},{"taxonomy":"post_tag","embeddable":true,"href":"https:\/\/redenoticiaz.com.br\/litoralsp\/wp-json\/wp\/v2\/tags?post=18467"}],"curies":[{"name":"wp","href":"https:\/\/api.w.org\/{rel}","templated":true}]}}