{"id":18511,"date":"2021-11-17T11:28:59","date_gmt":"2021-11-17T14:28:59","guid":{"rendered":"https:\/\/redenoticiaz.com.br\/litoralsp\/?p=18511"},"modified":"2021-11-17T11:28:59","modified_gmt":"2021-11-17T14:28:59","slug":"mutirao-limpa-nome-sera-realizado-em-sao-vicente","status":"publish","type":"post","link":"https:\/\/redenoticiaz.com.br\/litoralsp\/2021\/11\/17\/mutirao-limpa-nome-sera-realizado-em-sao-vicente","title":{"rendered":"Mutir\u00e3o Limpa Nome ser\u00e1 realizado em S\u00e3o Vicente"},"content":{"rendered":"<p>O Mutir\u00e3o Limpa Nome ser\u00e1 realizado em<a href=\"https:\/\/www.saovicente.sp.gov.br\/\"> S\u00e3o Vicente<\/a> pela primeira vez neste m\u00eas de Novembro. A a\u00e7\u00e3o come\u00e7a nesta pr\u00f3xima segunda &#8211; feira (22) e vai at\u00e9 sexta &#8211; feira (26). Contas em aberto ter\u00e3o condi\u00e7\u00f5es vantajosas para aqueles que procuram negociar as d\u00edvidas.<\/p>\n<p>O Mutir\u00e3o \u00e9 promovido pelo Procon de S\u00e3o Vicente para beneficiar a economia local. Com a Pandemia, muitas pessoas ficaram inadimplentes.<\/p>\n<p>O atendimento do Mutir\u00e3o ser\u00e1 feito por um servidor e as d\u00edvidas ser\u00e3o negociadas no pr\u00f3prio Procon. A media\u00e7\u00e3o \u00e9 realizada atrav\u00e9s do site do Consumidor.gov.br. Mais de 160 institui\u00e7\u00f5es financeiras est\u00e3o cadastradas na plataforma.<\/p>\n<figure id=\"attachment_18515\" aria-describedby=\"caption-attachment-18515\" style=\"width: 300px\" class=\"wp-caption alignleft\"><img loading=\"lazy\" decoding=\"async\" class=\"size-medium wp-image-18515\" src=\"https:\/\/redenoticiaz.com.br\/litoralsp\/wp-content\/uploads\/sites\/3\/2021\/11\/pref-300x188.jpg\" alt=\"Mutir\u00e3o Limpa Nome ser\u00e1 realizado em S\u00e3o Vicente\" width=\"300\" height=\"188\" srcset=\"https:\/\/redenoticiaz.com.br\/litoralsp\/wp-content\/uploads\/sites\/3\/2021\/11\/pref-300x188.jpg 300w, https:\/\/redenoticiaz.com.br\/litoralsp\/wp-content\/uploads\/sites\/3\/2021\/11\/pref-768x482.jpg 768w, https:\/\/redenoticiaz.com.br\/litoralsp\/wp-content\/uploads\/sites\/3\/2021\/11\/pref.jpg 1024w\" sizes=\"auto, (max-width: 300px) 100vw, 300px\" \/><figcaption id=\"caption-attachment-18515\" class=\"wp-caption-text\">Cr\u00e9ditos: Prefeitura Municipal de S\u00e3o Vicente<\/figcaption><\/figure>\n<p><strong>Documentos<\/strong><\/p>\n<p>Os interessados pelo Mutir\u00e3o poder\u00e3o comparecer ao local do evento, levando um documento com foto, CPF e o extrato dos d\u00e9bitos.<\/p>\n<p><strong>Prefeitura<\/strong><\/p>\n<p>De acordo com a Prefeitura, s\u00f3 valem as d\u00edvidas que est\u00e3o em nome de uma pessoa f\u00edsica.<\/p>\n<p>&nbsp;<\/p>\n<p><strong>Leia Mais<\/strong><\/p>\n<p><a href=\"https:\/\/redenoticiaz.com.br\/litoralsp\/2021\/11\/14\/vereador-pede-o-programa-retoma-sp-em-sao-vicente\">Vereador pede o programa Retoma-SP em S\u00e3o Vicente<\/a><\/p>\n<div id=\"comentar\" class=\"bloco\"><\/div>\n<p>&nbsp;<\/p>\n","protected":false},"excerpt":{"rendered":"<p>O Mutir\u00e3o Limpa Nome ser\u00e1 realizado em S\u00e3o Vicente pela primeira vez neste m\u00eas de Novembro. A a\u00e7\u00e3o come\u00e7a nesta pr\u00f3xima segunda &#8211; feira (22) e vai at\u00e9 sexta &#8211; feira (26). Contas em aberto ter\u00e3o condi\u00e7\u00f5es vantajosas para aqueles que procuram negociar as d\u00edvidas. O Mutir\u00e3o \u00e9 promovido pelo Procon de S\u00e3o Vicente para &hellip;<\/p>\n","protected":false},"author":12,"featured_media":18514,"comment_status":"open","ping_status":"closed","sticky":false,"template":"","format":"standard","meta":{"footnotes":""},"categories":[181],"tags":[31577,31590,42033,10718,1451,33],"class_list":["post-18511","post","type-post","status-publish","format-standard","has-post-thumbnail","hentry","category-sao-vicente","tag-contas","tag-dividas","tag-limpanome","tag-mutirao","tag-procon","tag-sao-vicente"],"yoast_head":"<!-- This site is optimized with the Yoast SEO plugin v27.5 - https:\/\/yoast.com\/product\/yoast-seo-wordpress\/ -->\n<title>Mutir\u00e3o Limpa Nome ser\u00e1 realizado em S\u00e3o Vicente - Litoral SP<\/title>\n<meta name=\"description\" content=\"O Mutir\u00e3o Limpa Nome ser\u00e1 realizado em S\u00e3o Vicente pela primeira vez neste m\u00eas de Novembro. A a\u00e7\u00e3o come\u00e7a nesta pr\u00f3xima segunda - feira (22) e vai at\u00e9 sexta\" \/>\n<meta name=\"robots\" content=\"index, follow, max-snippet:-1, max-image-preview:large, max-video-preview:-1\" \/>\n<link rel=\"canonical\" href=\"https:\/\/redenoticiaz.com.br\/litoralsp\/2021\/11\/17\/mutirao-limpa-nome-sera-realizado-em-sao-vicente\" \/>\n<meta property=\"og:locale\" content=\"pt_BR\" \/>\n<meta property=\"og:type\" content=\"article\" \/>\n<meta property=\"og:title\" content=\"Mutir\u00e3o Limpa Nome ser\u00e1 realizado em S\u00e3o Vicente - Litoral SP\" \/>\n<meta property=\"og:description\" content=\"O Mutir\u00e3o Limpa Nome ser\u00e1 realizado em S\u00e3o Vicente pela primeira vez neste m\u00eas de Novembro. A a\u00e7\u00e3o come\u00e7a nesta pr\u00f3xima segunda - feira (22) e vai at\u00e9 sexta\" \/>\n<meta property=\"og:url\" content=\"https:\/\/redenoticiaz.com.br\/litoralsp\/2021\/11\/17\/mutirao-limpa-nome-sera-realizado-em-sao-vicente\" \/>\n<meta property=\"og:site_name\" content=\"Litoral SP\" \/>\n<meta property=\"article:published_time\" content=\"2021-11-17T14:28:59+00:00\" \/>\n<meta property=\"og:image\" content=\"https:\/\/redenoticiaz.com.br\/litoralsp\/wp-content\/uploads\/sites\/3\/2021\/11\/divida.jpg\" \/>\n\t<meta property=\"og:image:width\" content=\"768\" \/>\n\t<meta property=\"og:image:height\" content=\"585\" \/>\n\t<meta property=\"og:image:type\" content=\"image\/jpeg\" \/>\n<meta name=\"author\" content=\"Gustavo Silva\" \/>\n<meta name=\"twitter:card\" content=\"summary_large_image\" \/>\n<meta name=\"twitter:label1\" content=\"Escrito por\" \/>\n\t<meta name=\"twitter:data1\" content=\"Gustavo Silva\" \/>\n\t<meta name=\"twitter:label2\" content=\"Est. tempo de leitura\" \/>\n\t<meta name=\"twitter:data2\" content=\"1 minuto\" \/>\n<script type=\"application\/ld+json\" class=\"yoast-schema-graph\">{\"@context\":\"https:\\\/\\\/schema.org\",\"@graph\":[{\"@type\":\"Article\",\"@id\":\"https:\\\/\\\/redenoticiaz.com.br\\\/litoralsp\\\/2021\\\/11\\\/17\\\/mutirao-limpa-nome-sera-realizado-em-sao-vicente#article\",\"isPartOf\":{\"@id\":\"https:\\\/\\\/redenoticiaz.com.br\\\/litoralsp\\\/2021\\\/11\\\/17\\\/mutirao-limpa-nome-sera-realizado-em-sao-vicente\"},\"author\":{\"name\":\"Gustavo Silva\",\"@id\":\"https:\\\/\\\/redenoticiaz.com.br\\\/litoralsp\\\/#\\\/schema\\\/person\\\/16057b37a3c0ee6b096d7f887c566e2e\"},\"headline\":\"Mutir\u00e3o Limpa Nome ser\u00e1 realizado em S\u00e3o Vicente\",\"datePublished\":\"2021-11-17T14:28:59+00:00\",\"mainEntityOfPage\":{\"@id\":\"https:\\\/\\\/redenoticiaz.com.br\\\/litoralsp\\\/2021\\\/11\\\/17\\\/mutirao-limpa-nome-sera-realizado-em-sao-vicente\"},\"wordCount\":201,\"commentCount\":0,\"publisher\":{\"@id\":\"https:\\\/\\\/redenoticiaz.com.br\\\/litoralsp\\\/#organization\"},\"image\":{\"@id\":\"https:\\\/\\\/redenoticiaz.com.br\\\/litoralsp\\\/2021\\\/11\\\/17\\\/mutirao-limpa-nome-sera-realizado-em-sao-vicente#primaryimage\"},\"thumbnailUrl\":\"https:\\\/\\\/redenoticiaz.com.br\\\/litoralsp\\\/wp-content\\\/uploads\\\/sites\\\/3\\\/2021\\\/11\\\/divida.jpg\",\"keywords\":[\"CONTAS\",\"D\u00edvidas\",\"limpanome\",\"MUTIR\u00c3O\",\"PROCON\",\"S\u00e3o Vicente\"],\"articleSection\":[\"S\u00e3o Vicente\"],\"inLanguage\":\"pt-BR\",\"potentialAction\":[{\"@type\":\"CommentAction\",\"name\":\"Comment\",\"target\":[\"https:\\\/\\\/redenoticiaz.com.br\\\/litoralsp\\\/2021\\\/11\\\/17\\\/mutirao-limpa-nome-sera-realizado-em-sao-vicente#respond\"]}]},{\"@type\":\"WebPage\",\"@id\":\"https:\\\/\\\/redenoticiaz.com.br\\\/litoralsp\\\/2021\\\/11\\\/17\\\/mutirao-limpa-nome-sera-realizado-em-sao-vicente\",\"url\":\"https:\\\/\\\/redenoticiaz.com.br\\\/litoralsp\\\/2021\\\/11\\\/17\\\/mutirao-limpa-nome-sera-realizado-em-sao-vicente\",\"name\":\"Mutir\u00e3o Limpa Nome ser\u00e1 realizado em S\u00e3o Vicente - Litoral SP\",\"isPartOf\":{\"@id\":\"https:\\\/\\\/redenoticiaz.com.br\\\/litoralsp\\\/#website\"},\"primaryImageOfPage\":{\"@id\":\"https:\\\/\\\/redenoticiaz.com.br\\\/litoralsp\\\/2021\\\/11\\\/17\\\/mutirao-limpa-nome-sera-realizado-em-sao-vicente#primaryimage\"},\"image\":{\"@id\":\"https:\\\/\\\/redenoticiaz.com.br\\\/litoralsp\\\/2021\\\/11\\\/17\\\/mutirao-limpa-nome-sera-realizado-em-sao-vicente#primaryimage\"},\"thumbnailUrl\":\"https:\\\/\\\/redenoticiaz.com.br\\\/litoralsp\\\/wp-content\\\/uploads\\\/sites\\\/3\\\/2021\\\/11\\\/divida.jpg\",\"datePublished\":\"2021-11-17T14:28:59+00:00\",\"description\":\"O Mutir\u00e3o Limpa Nome ser\u00e1 realizado em S\u00e3o Vicente pela primeira vez neste m\u00eas de Novembro. A a\u00e7\u00e3o come\u00e7a nesta pr\u00f3xima segunda - feira (22) e vai at\u00e9 sexta\",\"inLanguage\":\"pt-BR\",\"potentialAction\":[{\"@type\":\"ReadAction\",\"target\":[\"https:\\\/\\\/redenoticiaz.com.br\\\/litoralsp\\\/2021\\\/11\\\/17\\\/mutirao-limpa-nome-sera-realizado-em-sao-vicente\"]}]},{\"@type\":\"ImageObject\",\"inLanguage\":\"pt-BR\",\"@id\":\"https:\\\/\\\/redenoticiaz.com.br\\\/litoralsp\\\/2021\\\/11\\\/17\\\/mutirao-limpa-nome-sera-realizado-em-sao-vicente#primaryimage\",\"url\":\"https:\\\/\\\/redenoticiaz.com.br\\\/litoralsp\\\/wp-content\\\/uploads\\\/sites\\\/3\\\/2021\\\/11\\\/divida.jpg\",\"contentUrl\":\"https:\\\/\\\/redenoticiaz.com.br\\\/litoralsp\\\/wp-content\\\/uploads\\\/sites\\\/3\\\/2021\\\/11\\\/divida.jpg\",\"width\":768,\"height\":585,\"caption\":\"Cr\u00e9ditos: Google imagens\"},{\"@type\":\"WebSite\",\"@id\":\"https:\\\/\\\/redenoticiaz.com.br\\\/litoralsp\\\/#website\",\"url\":\"https:\\\/\\\/redenoticiaz.com.br\\\/litoralsp\\\/\",\"name\":\"Litoral SP\",\"description\":\"Rede NoticiaZ\",\"publisher\":{\"@id\":\"https:\\\/\\\/redenoticiaz.com.br\\\/litoralsp\\\/#organization\"},\"potentialAction\":[{\"@type\":\"SearchAction\",\"target\":{\"@type\":\"EntryPoint\",\"urlTemplate\":\"https:\\\/\\\/redenoticiaz.com.br\\\/litoralsp\\\/?s={search_term_string}\"},\"query-input\":{\"@type\":\"PropertyValueSpecification\",\"valueRequired\":true,\"valueName\":\"search_term_string\"}}],\"inLanguage\":\"pt-BR\"},{\"@type\":\"Organization\",\"@id\":\"https:\\\/\\\/redenoticiaz.com.br\\\/litoralsp\\\/#organization\",\"name\":\"Litoral SP\",\"url\":\"https:\\\/\\\/redenoticiaz.com.br\\\/litoralsp\\\/\",\"logo\":{\"@type\":\"ImageObject\",\"inLanguage\":\"pt-BR\",\"@id\":\"https:\\\/\\\/redenoticiaz.com.br\\\/litoralsp\\\/#\\\/schema\\\/logo\\\/image\\\/\",\"url\":\"https:\\\/\\\/redenoticiaz.com.br\\\/litoralsp\\\/wp-content\\\/uploads\\\/sites\\\/3\\\/2020\\\/11\\\/logo.jpg\",\"contentUrl\":\"https:\\\/\\\/redenoticiaz.com.br\\\/litoralsp\\\/wp-content\\\/uploads\\\/sites\\\/3\\\/2020\\\/11\\\/logo.jpg\",\"width\":400,\"height\":250,\"caption\":\"Litoral SP\"},\"image\":{\"@id\":\"https:\\\/\\\/redenoticiaz.com.br\\\/litoralsp\\\/#\\\/schema\\\/logo\\\/image\\\/\"}},{\"@type\":\"Person\",\"@id\":\"https:\\\/\\\/redenoticiaz.com.br\\\/litoralsp\\\/#\\\/schema\\\/person\\\/16057b37a3c0ee6b096d7f887c566e2e\",\"name\":\"Gustavo Silva\",\"image\":{\"@type\":\"ImageObject\",\"inLanguage\":\"pt-BR\",\"@id\":\"https:\\\/\\\/secure.gravatar.com\\\/avatar\\\/3ee4e82f93b26de0a7cf4ea5eb7893da637ed6bb0c9170c58065944c56e28a33?s=96&d=mm&r=g\",\"url\":\"https:\\\/\\\/secure.gravatar.com\\\/avatar\\\/3ee4e82f93b26de0a7cf4ea5eb7893da637ed6bb0c9170c58065944c56e28a33?s=96&d=mm&r=g\",\"contentUrl\":\"https:\\\/\\\/secure.gravatar.com\\\/avatar\\\/3ee4e82f93b26de0a7cf4ea5eb7893da637ed6bb0c9170c58065944c56e28a33?s=96&d=mm&r=g\",\"caption\":\"Gustavo Silva\"},\"url\":\"https:\\\/\\\/redenoticiaz.com.br\\\/litoralsp\\\/author\\\/gustavosilva\"}]}<\/script>\n<!-- \/ Yoast SEO plugin. -->","yoast_head_json":{"title":"Mutir\u00e3o Limpa Nome ser\u00e1 realizado em S\u00e3o Vicente - Litoral SP","description":"O Mutir\u00e3o Limpa Nome ser\u00e1 realizado em S\u00e3o Vicente pela primeira vez neste m\u00eas de Novembro. A a\u00e7\u00e3o come\u00e7a nesta pr\u00f3xima segunda - feira (22) e vai at\u00e9 sexta","robots":{"index":"index","follow":"follow","max-snippet":"max-snippet:-1","max-image-preview":"max-image-preview:large","max-video-preview":"max-video-preview:-1"},"canonical":"https:\/\/redenoticiaz.com.br\/litoralsp\/2021\/11\/17\/mutirao-limpa-nome-sera-realizado-em-sao-vicente","og_locale":"pt_BR","og_type":"article","og_title":"Mutir\u00e3o Limpa Nome ser\u00e1 realizado em S\u00e3o Vicente - Litoral SP","og_description":"O Mutir\u00e3o Limpa Nome ser\u00e1 realizado em S\u00e3o Vicente pela primeira vez neste m\u00eas de Novembro. A a\u00e7\u00e3o come\u00e7a nesta pr\u00f3xima segunda - feira (22) e vai at\u00e9 sexta","og_url":"https:\/\/redenoticiaz.com.br\/litoralsp\/2021\/11\/17\/mutirao-limpa-nome-sera-realizado-em-sao-vicente","og_site_name":"Litoral SP","article_published_time":"2021-11-17T14:28:59+00:00","og_image":[{"width":768,"height":585,"url":"https:\/\/redenoticiaz.com.br\/litoralsp\/wp-content\/uploads\/sites\/3\/2021\/11\/divida.jpg","type":"image\/jpeg"}],"author":"Gustavo Silva","twitter_card":"summary_large_image","twitter_misc":{"Escrito por":"Gustavo Silva","Est. tempo de leitura":"1 minuto"},"schema":{"@context":"https:\/\/schema.org","@graph":[{"@type":"Article","@id":"https:\/\/redenoticiaz.com.br\/litoralsp\/2021\/11\/17\/mutirao-limpa-nome-sera-realizado-em-sao-vicente#article","isPartOf":{"@id":"https:\/\/redenoticiaz.com.br\/litoralsp\/2021\/11\/17\/mutirao-limpa-nome-sera-realizado-em-sao-vicente"},"author":{"name":"Gustavo Silva","@id":"https:\/\/redenoticiaz.com.br\/litoralsp\/#\/schema\/person\/16057b37a3c0ee6b096d7f887c566e2e"},"headline":"Mutir\u00e3o Limpa Nome ser\u00e1 realizado em S\u00e3o Vicente","datePublished":"2021-11-17T14:28:59+00:00","mainEntityOfPage":{"@id":"https:\/\/redenoticiaz.com.br\/litoralsp\/2021\/11\/17\/mutirao-limpa-nome-sera-realizado-em-sao-vicente"},"wordCount":201,"commentCount":0,"publisher":{"@id":"https:\/\/redenoticiaz.com.br\/litoralsp\/#organization"},"image":{"@id":"https:\/\/redenoticiaz.com.br\/litoralsp\/2021\/11\/17\/mutirao-limpa-nome-sera-realizado-em-sao-vicente#primaryimage"},"thumbnailUrl":"https:\/\/redenoticiaz.com.br\/litoralsp\/wp-content\/uploads\/sites\/3\/2021\/11\/divida.jpg","keywords":["CONTAS","D\u00edvidas","limpanome","MUTIR\u00c3O","PROCON","S\u00e3o Vicente"],"articleSection":["S\u00e3o Vicente"],"inLanguage":"pt-BR","potentialAction":[{"@type":"CommentAction","name":"Comment","target":["https:\/\/redenoticiaz.com.br\/litoralsp\/2021\/11\/17\/mutirao-limpa-nome-sera-realizado-em-sao-vicente#respond"]}]},{"@type":"WebPage","@id":"https:\/\/redenoticiaz.com.br\/litoralsp\/2021\/11\/17\/mutirao-limpa-nome-sera-realizado-em-sao-vicente","url":"https:\/\/redenoticiaz.com.br\/litoralsp\/2021\/11\/17\/mutirao-limpa-nome-sera-realizado-em-sao-vicente","name":"Mutir\u00e3o Limpa Nome ser\u00e1 realizado em S\u00e3o Vicente - Litoral SP","isPartOf":{"@id":"https:\/\/redenoticiaz.com.br\/litoralsp\/#website"},"primaryImageOfPage":{"@id":"https:\/\/redenoticiaz.com.br\/litoralsp\/2021\/11\/17\/mutirao-limpa-nome-sera-realizado-em-sao-vicente#primaryimage"},"image":{"@id":"https:\/\/redenoticiaz.com.br\/litoralsp\/2021\/11\/17\/mutirao-limpa-nome-sera-realizado-em-sao-vicente#primaryimage"},"thumbnailUrl":"https:\/\/redenoticiaz.com.br\/litoralsp\/wp-content\/uploads\/sites\/3\/2021\/11\/divida.jpg","datePublished":"2021-11-17T14:28:59+00:00","description":"O Mutir\u00e3o Limpa Nome ser\u00e1 realizado em S\u00e3o Vicente pela primeira vez neste m\u00eas de Novembro. A a\u00e7\u00e3o come\u00e7a nesta pr\u00f3xima segunda - feira (22) e vai at\u00e9 sexta","inLanguage":"pt-BR","potentialAction":[{"@type":"ReadAction","target":["https:\/\/redenoticiaz.com.br\/litoralsp\/2021\/11\/17\/mutirao-limpa-nome-sera-realizado-em-sao-vicente"]}]},{"@type":"ImageObject","inLanguage":"pt-BR","@id":"https:\/\/redenoticiaz.com.br\/litoralsp\/2021\/11\/17\/mutirao-limpa-nome-sera-realizado-em-sao-vicente#primaryimage","url":"https:\/\/redenoticiaz.com.br\/litoralsp\/wp-content\/uploads\/sites\/3\/2021\/11\/divida.jpg","contentUrl":"https:\/\/redenoticiaz.com.br\/litoralsp\/wp-content\/uploads\/sites\/3\/2021\/11\/divida.jpg","width":768,"height":585,"caption":"Cr\u00e9ditos: Google imagens"},{"@type":"WebSite","@id":"https:\/\/redenoticiaz.com.br\/litoralsp\/#website","url":"https:\/\/redenoticiaz.com.br\/litoralsp\/","name":"Litoral SP","description":"Rede NoticiaZ","publisher":{"@id":"https:\/\/redenoticiaz.com.br\/litoralsp\/#organization"},"potentialAction":[{"@type":"SearchAction","target":{"@type":"EntryPoint","urlTemplate":"https:\/\/redenoticiaz.com.br\/litoralsp\/?s={search_term_string}"},"query-input":{"@type":"PropertyValueSpecification","valueRequired":true,"valueName":"search_term_string"}}],"inLanguage":"pt-BR"},{"@type":"Organization","@id":"https:\/\/redenoticiaz.com.br\/litoralsp\/#organization","name":"Litoral SP","url":"https:\/\/redenoticiaz.com.br\/litoralsp\/","logo":{"@type":"ImageObject","inLanguage":"pt-BR","@id":"https:\/\/redenoticiaz.com.br\/litoralsp\/#\/schema\/logo\/image\/","url":"https:\/\/redenoticiaz.com.br\/litoralsp\/wp-content\/uploads\/sites\/3\/2020\/11\/logo.jpg","contentUrl":"https:\/\/redenoticiaz.com.br\/litoralsp\/wp-content\/uploads\/sites\/3\/2020\/11\/logo.jpg","width":400,"height":250,"caption":"Litoral SP"},"image":{"@id":"https:\/\/redenoticiaz.com.br\/litoralsp\/#\/schema\/logo\/image\/"}},{"@type":"Person","@id":"https:\/\/redenoticiaz.com.br\/litoralsp\/#\/schema\/person\/16057b37a3c0ee6b096d7f887c566e2e","name":"Gustavo Silva","image":{"@type":"ImageObject","inLanguage":"pt-BR","@id":"https:\/\/secure.gravatar.com\/avatar\/3ee4e82f93b26de0a7cf4ea5eb7893da637ed6bb0c9170c58065944c56e28a33?s=96&d=mm&r=g","url":"https:\/\/secure.gravatar.com\/avatar\/3ee4e82f93b26de0a7cf4ea5eb7893da637ed6bb0c9170c58065944c56e28a33?s=96&d=mm&r=g","contentUrl":"https:\/\/secure.gravatar.com\/avatar\/3ee4e82f93b26de0a7cf4ea5eb7893da637ed6bb0c9170c58065944c56e28a33?s=96&d=mm&r=g","caption":"Gustavo Silva"},"url":"https:\/\/redenoticiaz.com.br\/litoralsp\/author\/gustavosilva"}]}},"_links":{"self":[{"href":"https:\/\/redenoticiaz.com.br\/litoralsp\/wp-json\/wp\/v2\/posts\/18511","targetHints":{"allow":["GET"]}}],"collection":[{"href":"https:\/\/redenoticiaz.com.br\/litoralsp\/wp-json\/wp\/v2\/posts"}],"about":[{"href":"https:\/\/redenoticiaz.com.br\/litoralsp\/wp-json\/wp\/v2\/types\/post"}],"author":[{"embeddable":true,"href":"https:\/\/redenoticiaz.com.br\/litoralsp\/wp-json\/wp\/v2\/users\/12"}],"replies":[{"embeddable":true,"href":"https:\/\/redenoticiaz.com.br\/litoralsp\/wp-json\/wp\/v2\/comments?post=18511"}],"version-history":[{"count":1,"href":"https:\/\/redenoticiaz.com.br\/litoralsp\/wp-json\/wp\/v2\/posts\/18511\/revisions"}],"predecessor-version":[{"id":18516,"href":"https:\/\/redenoticiaz.com.br\/litoralsp\/wp-json\/wp\/v2\/posts\/18511\/revisions\/18516"}],"wp:featuredmedia":[{"embeddable":true,"href":"https:\/\/redenoticiaz.com.br\/litoralsp\/wp-json\/wp\/v2\/media\/18514"}],"wp:attachment":[{"href":"https:\/\/redenoticiaz.com.br\/litoralsp\/wp-json\/wp\/v2\/media?parent=18511"}],"wp:term":[{"taxonomy":"category","embeddable":true,"href":"https:\/\/redenoticiaz.com.br\/litoralsp\/wp-json\/wp\/v2\/categories?post=18511"},{"taxonomy":"post_tag","embeddable":true,"href":"https:\/\/redenoticiaz.com.br\/litoralsp\/wp-json\/wp\/v2\/tags?post=18511"}],"curies":[{"name":"wp","href":"https:\/\/api.w.org\/{rel}","templated":true}]}}