{"id":18710,"date":"2021-11-19T16:15:33","date_gmt":"2021-11-19T19:15:33","guid":{"rendered":"https:\/\/redenoticiaz.com.br\/litoralsp\/?p=18710"},"modified":"2021-11-19T16:15:33","modified_gmt":"2021-11-19T19:15:33","slug":"festival-gastronomico-sera-realizado-em-santos-neste-final-de-semana","status":"publish","type":"post","link":"https:\/\/redenoticiaz.com.br\/litoralsp\/2021\/11\/19\/festival-gastronomico-sera-realizado-em-santos-neste-final-de-semana","title":{"rendered":"Festival Gastron\u00f4mico ser\u00e1 realizado em Santos neste final de semana"},"content":{"rendered":"<p data-track-category=\"Link no Texto\" data-track-links=\"\">O Festival Gastron\u00f4mico do Imigrante ser\u00e1 realizado em Santos neste final de semana. O local escolhido para receber o evento \u00e9 no Centro Hist\u00f3rico da Cidade. M\u00fasica, dan\u00e7a e artesanato de dez pa\u00edses ser\u00e3o apresentados no local.<\/p>\n<p data-track-category=\"Link no Texto\" data-track-links=\"\">Espa\u00e7os como Pra\u00e7a Mau\u00e1, Bulevar da Rua XV de Novembro, Rua do Com\u00e9rcio, Esta\u00e7\u00e3o do Valongo, Museu Pel\u00e9, Museu do Caf\u00e9 e Rua Tuyuti ir\u00e3o homenagear diversos pa\u00edses. B\u00e9lgica, Espanha, Estados Unidos, Fran\u00e7a, It\u00e1lia, Jap\u00e3o, pa\u00edses \u00e1rabes e africanos, Portugal e Paraguai est\u00e3o entre eles.<\/p>\n<p data-track-category=\"Link no Texto\" data-track-links=\"\">Confira a Programa\u00e7\u00e3o clicando<a href=\"https:\/\/www.santos.sp.gov.br\/?q=noticia\/festival-do-imigrante-promete-atrair-milhares-de-pessoas-ao-centro-historico-de-santos\"> aqu<\/a>i!<\/p>\n<p data-track-category=\"Link no Texto\" data-track-links=\"\"><strong>OFICINAS<\/strong><\/p>\n<p>Os museus Pel\u00e9 e do Caf\u00e9 ser\u00e3o os espa\u00e7os para quem quiser aprender mais, com oficinas gastron\u00f4micas de comidas t\u00edpicas, dan\u00e7a, origami e mang\u00e1 e at\u00e9 uma palestra que ensinar\u00e1 os participantes pesquisarem sobre seus antepassados. O Museu Pel\u00e9 tamb\u00e9m receber\u00e1 uma mostra de produ\u00e7\u00f5es audiovisuais internacionais e exposi\u00e7\u00f5es de arte do festival.<\/p>\n<div class=\"mc-column content-text active-extra-styles \" data-block-type=\"unstyled\" data-block-weight=\"3\" data-block-id=\"22\"><strong>INSCRI\u00c7\u00d5ES<\/strong><\/div>\n<div data-block-type=\"unstyled\" data-block-weight=\"3\" data-block-id=\"22\"><\/div>\n<div data-block-type=\"unstyled\" data-block-weight=\"3\" data-block-id=\"22\">De acordo com a Prefeitura a bilheteria do Museu Pel\u00e9 (Largo Marqu\u00eas de Monte Alegre, Valongo) est\u00e1 dispon\u00edvel para venda e troca de bilhetes.<\/div>\n","protected":false},"excerpt":{"rendered":"<p>O Festival Gastron\u00f4mico do Imigrante ser\u00e1 realizado em Santos neste final de semana. O local escolhido para receber o evento \u00e9 no Centro Hist\u00f3rico da Cidade. M\u00fasica, dan\u00e7a e artesanato de dez pa\u00edses ser\u00e3o apresentados no local. Espa\u00e7os como Pra\u00e7a Mau\u00e1, Bulevar da Rua XV de Novembro, Rua do Com\u00e9rcio, Esta\u00e7\u00e3o do Valongo, Museu Pel\u00e9, &hellip;<\/p>\n","protected":false},"author":12,"featured_media":18711,"comment_status":"open","ping_status":"closed","sticky":false,"template":"","format":"standard","meta":{"footnotes":""},"categories":[180],"tags":[42518,42520,42519,9102],"class_list":["post-18710","post","type-post","status-publish","format-standard","has-post-thumbnail","hentry","category-santos","tag-festival","tag-festival-paises","tag-final-de-semana","tag-programacao"],"yoast_head":"<!-- This site is optimized with the Yoast SEO plugin v27.5 - https:\/\/yoast.com\/product\/yoast-seo-wordpress\/ -->\n<title>Festival Gastron\u00f4mico ser\u00e1 realizado em Santos neste final de semana -<\/title>\n<meta name=\"description\" content=\"O Festival Gastron\u00f4mico do Imigrante ser\u00e1 realizado em Santos neste final de semana. O local escolhido para receber o evento \u00e9 no Centro Hist\u00f3rico de Santos\" \/>\n<meta name=\"robots\" content=\"index, follow, max-snippet:-1, max-image-preview:large, max-video-preview:-1\" \/>\n<link rel=\"canonical\" href=\"https:\/\/redenoticiaz.com.br\/litoralsp\/2021\/11\/19\/festival-gastronomico-sera-realizado-em-santos-neste-final-de-semana\" \/>\n<meta property=\"og:locale\" content=\"pt_BR\" \/>\n<meta property=\"og:type\" content=\"article\" \/>\n<meta property=\"og:title\" content=\"Festival Gastron\u00f4mico ser\u00e1 realizado em Santos neste final de semana -\" \/>\n<meta property=\"og:description\" content=\"O Festival Gastron\u00f4mico do Imigrante ser\u00e1 realizado em Santos neste final de semana. O local escolhido para receber o evento \u00e9 no Centro Hist\u00f3rico de Santos\" \/>\n<meta property=\"og:url\" content=\"https:\/\/redenoticiaz.com.br\/litoralsp\/2021\/11\/19\/festival-gastronomico-sera-realizado-em-santos-neste-final-de-semana\" \/>\n<meta property=\"og:site_name\" content=\"Litoral SP\" \/>\n<meta property=\"article:published_time\" content=\"2021-11-19T19:15:33+00:00\" \/>\n<meta property=\"og:image\" content=\"https:\/\/redenoticiaz.com.br\/litoralsp\/wp-content\/uploads\/sites\/3\/2021\/11\/festival1.jpg\" \/>\n\t<meta property=\"og:image:width\" content=\"927\" \/>\n\t<meta property=\"og:image:height\" content=\"618\" \/>\n\t<meta property=\"og:image:type\" content=\"image\/jpeg\" \/>\n<meta name=\"author\" content=\"Gustavo Silva\" \/>\n<meta name=\"twitter:card\" content=\"summary_large_image\" \/>\n<meta name=\"twitter:label1\" content=\"Escrito por\" \/>\n\t<meta name=\"twitter:data1\" content=\"Gustavo Silva\" \/>\n\t<meta name=\"twitter:label2\" content=\"Est. tempo de leitura\" \/>\n\t<meta name=\"twitter:data2\" content=\"1 minuto\" \/>\n<script type=\"application\/ld+json\" class=\"yoast-schema-graph\">{\"@context\":\"https:\\\/\\\/schema.org\",\"@graph\":[{\"@type\":\"Article\",\"@id\":\"https:\\\/\\\/redenoticiaz.com.br\\\/litoralsp\\\/2021\\\/11\\\/19\\\/festival-gastronomico-sera-realizado-em-santos-neste-final-de-semana#article\",\"isPartOf\":{\"@id\":\"https:\\\/\\\/redenoticiaz.com.br\\\/litoralsp\\\/2021\\\/11\\\/19\\\/festival-gastronomico-sera-realizado-em-santos-neste-final-de-semana\"},\"author\":{\"name\":\"Gustavo Silva\",\"@id\":\"https:\\\/\\\/redenoticiaz.com.br\\\/litoralsp\\\/#\\\/schema\\\/person\\\/16057b37a3c0ee6b096d7f887c566e2e\"},\"headline\":\"Festival Gastron\u00f4mico ser\u00e1 realizado em Santos neste final de semana\",\"datePublished\":\"2021-11-19T19:15:33+00:00\",\"mainEntityOfPage\":{\"@id\":\"https:\\\/\\\/redenoticiaz.com.br\\\/litoralsp\\\/2021\\\/11\\\/19\\\/festival-gastronomico-sera-realizado-em-santos-neste-final-de-semana\"},\"wordCount\":206,\"commentCount\":0,\"publisher\":{\"@id\":\"https:\\\/\\\/redenoticiaz.com.br\\\/litoralsp\\\/#organization\"},\"image\":{\"@id\":\"https:\\\/\\\/redenoticiaz.com.br\\\/litoralsp\\\/2021\\\/11\\\/19\\\/festival-gastronomico-sera-realizado-em-santos-neste-final-de-semana#primaryimage\"},\"thumbnailUrl\":\"https:\\\/\\\/redenoticiaz.com.br\\\/litoralsp\\\/wp-content\\\/uploads\\\/sites\\\/3\\\/2021\\\/11\\\/festival1.jpg\",\"keywords\":[\"FESTIVAL\",\"festival pa\u00edses\",\"final de semana\",\"PROGRAMA\u00c7\u00c3O\"],\"articleSection\":[\"Santos\"],\"inLanguage\":\"pt-BR\",\"potentialAction\":[{\"@type\":\"CommentAction\",\"name\":\"Comment\",\"target\":[\"https:\\\/\\\/redenoticiaz.com.br\\\/litoralsp\\\/2021\\\/11\\\/19\\\/festival-gastronomico-sera-realizado-em-santos-neste-final-de-semana#respond\"]}]},{\"@type\":\"WebPage\",\"@id\":\"https:\\\/\\\/redenoticiaz.com.br\\\/litoralsp\\\/2021\\\/11\\\/19\\\/festival-gastronomico-sera-realizado-em-santos-neste-final-de-semana\",\"url\":\"https:\\\/\\\/redenoticiaz.com.br\\\/litoralsp\\\/2021\\\/11\\\/19\\\/festival-gastronomico-sera-realizado-em-santos-neste-final-de-semana\",\"name\":\"Festival Gastron\u00f4mico ser\u00e1 realizado em Santos neste final de semana -\",\"isPartOf\":{\"@id\":\"https:\\\/\\\/redenoticiaz.com.br\\\/litoralsp\\\/#website\"},\"primaryImageOfPage\":{\"@id\":\"https:\\\/\\\/redenoticiaz.com.br\\\/litoralsp\\\/2021\\\/11\\\/19\\\/festival-gastronomico-sera-realizado-em-santos-neste-final-de-semana#primaryimage\"},\"image\":{\"@id\":\"https:\\\/\\\/redenoticiaz.com.br\\\/litoralsp\\\/2021\\\/11\\\/19\\\/festival-gastronomico-sera-realizado-em-santos-neste-final-de-semana#primaryimage\"},\"thumbnailUrl\":\"https:\\\/\\\/redenoticiaz.com.br\\\/litoralsp\\\/wp-content\\\/uploads\\\/sites\\\/3\\\/2021\\\/11\\\/festival1.jpg\",\"datePublished\":\"2021-11-19T19:15:33+00:00\",\"description\":\"O Festival Gastron\u00f4mico do Imigrante ser\u00e1 realizado em Santos neste final de semana. O local escolhido para receber o evento \u00e9 no Centro Hist\u00f3rico de Santos\",\"inLanguage\":\"pt-BR\",\"potentialAction\":[{\"@type\":\"ReadAction\",\"target\":[\"https:\\\/\\\/redenoticiaz.com.br\\\/litoralsp\\\/2021\\\/11\\\/19\\\/festival-gastronomico-sera-realizado-em-santos-neste-final-de-semana\"]}]},{\"@type\":\"ImageObject\",\"inLanguage\":\"pt-BR\",\"@id\":\"https:\\\/\\\/redenoticiaz.com.br\\\/litoralsp\\\/2021\\\/11\\\/19\\\/festival-gastronomico-sera-realizado-em-santos-neste-final-de-semana#primaryimage\",\"url\":\"https:\\\/\\\/redenoticiaz.com.br\\\/litoralsp\\\/wp-content\\\/uploads\\\/sites\\\/3\\\/2021\\\/11\\\/festival1.jpg\",\"contentUrl\":\"https:\\\/\\\/redenoticiaz.com.br\\\/litoralsp\\\/wp-content\\\/uploads\\\/sites\\\/3\\\/2021\\\/11\\\/festival1.jpg\",\"width\":927,\"height\":618,\"caption\":\"Cr\u00e9ditos: Prefeitura Municipal de Santos\"},{\"@type\":\"WebSite\",\"@id\":\"https:\\\/\\\/redenoticiaz.com.br\\\/litoralsp\\\/#website\",\"url\":\"https:\\\/\\\/redenoticiaz.com.br\\\/litoralsp\\\/\",\"name\":\"Litoral SP\",\"description\":\"Rede NoticiaZ\",\"publisher\":{\"@id\":\"https:\\\/\\\/redenoticiaz.com.br\\\/litoralsp\\\/#organization\"},\"potentialAction\":[{\"@type\":\"SearchAction\",\"target\":{\"@type\":\"EntryPoint\",\"urlTemplate\":\"https:\\\/\\\/redenoticiaz.com.br\\\/litoralsp\\\/?s={search_term_string}\"},\"query-input\":{\"@type\":\"PropertyValueSpecification\",\"valueRequired\":true,\"valueName\":\"search_term_string\"}}],\"inLanguage\":\"pt-BR\"},{\"@type\":\"Organization\",\"@id\":\"https:\\\/\\\/redenoticiaz.com.br\\\/litoralsp\\\/#organization\",\"name\":\"Litoral SP\",\"url\":\"https:\\\/\\\/redenoticiaz.com.br\\\/litoralsp\\\/\",\"logo\":{\"@type\":\"ImageObject\",\"inLanguage\":\"pt-BR\",\"@id\":\"https:\\\/\\\/redenoticiaz.com.br\\\/litoralsp\\\/#\\\/schema\\\/logo\\\/image\\\/\",\"url\":\"https:\\\/\\\/redenoticiaz.com.br\\\/litoralsp\\\/wp-content\\\/uploads\\\/sites\\\/3\\\/2020\\\/11\\\/logo.jpg\",\"contentUrl\":\"https:\\\/\\\/redenoticiaz.com.br\\\/litoralsp\\\/wp-content\\\/uploads\\\/sites\\\/3\\\/2020\\\/11\\\/logo.jpg\",\"width\":400,\"height\":250,\"caption\":\"Litoral SP\"},\"image\":{\"@id\":\"https:\\\/\\\/redenoticiaz.com.br\\\/litoralsp\\\/#\\\/schema\\\/logo\\\/image\\\/\"}},{\"@type\":\"Person\",\"@id\":\"https:\\\/\\\/redenoticiaz.com.br\\\/litoralsp\\\/#\\\/schema\\\/person\\\/16057b37a3c0ee6b096d7f887c566e2e\",\"name\":\"Gustavo Silva\",\"image\":{\"@type\":\"ImageObject\",\"inLanguage\":\"pt-BR\",\"@id\":\"https:\\\/\\\/secure.gravatar.com\\\/avatar\\\/3ee4e82f93b26de0a7cf4ea5eb7893da637ed6bb0c9170c58065944c56e28a33?s=96&d=mm&r=g\",\"url\":\"https:\\\/\\\/secure.gravatar.com\\\/avatar\\\/3ee4e82f93b26de0a7cf4ea5eb7893da637ed6bb0c9170c58065944c56e28a33?s=96&d=mm&r=g\",\"contentUrl\":\"https:\\\/\\\/secure.gravatar.com\\\/avatar\\\/3ee4e82f93b26de0a7cf4ea5eb7893da637ed6bb0c9170c58065944c56e28a33?s=96&d=mm&r=g\",\"caption\":\"Gustavo Silva\"},\"url\":\"https:\\\/\\\/redenoticiaz.com.br\\\/litoralsp\\\/author\\\/gustavosilva\"}]}<\/script>\n<!-- \/ Yoast SEO plugin. -->","yoast_head_json":{"title":"Festival Gastron\u00f4mico ser\u00e1 realizado em Santos neste final de semana -","description":"O Festival Gastron\u00f4mico do Imigrante ser\u00e1 realizado em Santos neste final de semana. O local escolhido para receber o evento \u00e9 no Centro Hist\u00f3rico de Santos","robots":{"index":"index","follow":"follow","max-snippet":"max-snippet:-1","max-image-preview":"max-image-preview:large","max-video-preview":"max-video-preview:-1"},"canonical":"https:\/\/redenoticiaz.com.br\/litoralsp\/2021\/11\/19\/festival-gastronomico-sera-realizado-em-santos-neste-final-de-semana","og_locale":"pt_BR","og_type":"article","og_title":"Festival Gastron\u00f4mico ser\u00e1 realizado em Santos neste final de semana -","og_description":"O Festival Gastron\u00f4mico do Imigrante ser\u00e1 realizado em Santos neste final de semana. O local escolhido para receber o evento \u00e9 no Centro Hist\u00f3rico de Santos","og_url":"https:\/\/redenoticiaz.com.br\/litoralsp\/2021\/11\/19\/festival-gastronomico-sera-realizado-em-santos-neste-final-de-semana","og_site_name":"Litoral SP","article_published_time":"2021-11-19T19:15:33+00:00","og_image":[{"width":927,"height":618,"url":"https:\/\/redenoticiaz.com.br\/litoralsp\/wp-content\/uploads\/sites\/3\/2021\/11\/festival1.jpg","type":"image\/jpeg"}],"author":"Gustavo Silva","twitter_card":"summary_large_image","twitter_misc":{"Escrito por":"Gustavo Silva","Est. tempo de leitura":"1 minuto"},"schema":{"@context":"https:\/\/schema.org","@graph":[{"@type":"Article","@id":"https:\/\/redenoticiaz.com.br\/litoralsp\/2021\/11\/19\/festival-gastronomico-sera-realizado-em-santos-neste-final-de-semana#article","isPartOf":{"@id":"https:\/\/redenoticiaz.com.br\/litoralsp\/2021\/11\/19\/festival-gastronomico-sera-realizado-em-santos-neste-final-de-semana"},"author":{"name":"Gustavo Silva","@id":"https:\/\/redenoticiaz.com.br\/litoralsp\/#\/schema\/person\/16057b37a3c0ee6b096d7f887c566e2e"},"headline":"Festival Gastron\u00f4mico ser\u00e1 realizado em Santos neste final de semana","datePublished":"2021-11-19T19:15:33+00:00","mainEntityOfPage":{"@id":"https:\/\/redenoticiaz.com.br\/litoralsp\/2021\/11\/19\/festival-gastronomico-sera-realizado-em-santos-neste-final-de-semana"},"wordCount":206,"commentCount":0,"publisher":{"@id":"https:\/\/redenoticiaz.com.br\/litoralsp\/#organization"},"image":{"@id":"https:\/\/redenoticiaz.com.br\/litoralsp\/2021\/11\/19\/festival-gastronomico-sera-realizado-em-santos-neste-final-de-semana#primaryimage"},"thumbnailUrl":"https:\/\/redenoticiaz.com.br\/litoralsp\/wp-content\/uploads\/sites\/3\/2021\/11\/festival1.jpg","keywords":["FESTIVAL","festival pa\u00edses","final de semana","PROGRAMA\u00c7\u00c3O"],"articleSection":["Santos"],"inLanguage":"pt-BR","potentialAction":[{"@type":"CommentAction","name":"Comment","target":["https:\/\/redenoticiaz.com.br\/litoralsp\/2021\/11\/19\/festival-gastronomico-sera-realizado-em-santos-neste-final-de-semana#respond"]}]},{"@type":"WebPage","@id":"https:\/\/redenoticiaz.com.br\/litoralsp\/2021\/11\/19\/festival-gastronomico-sera-realizado-em-santos-neste-final-de-semana","url":"https:\/\/redenoticiaz.com.br\/litoralsp\/2021\/11\/19\/festival-gastronomico-sera-realizado-em-santos-neste-final-de-semana","name":"Festival Gastron\u00f4mico ser\u00e1 realizado em Santos neste final de semana -","isPartOf":{"@id":"https:\/\/redenoticiaz.com.br\/litoralsp\/#website"},"primaryImageOfPage":{"@id":"https:\/\/redenoticiaz.com.br\/litoralsp\/2021\/11\/19\/festival-gastronomico-sera-realizado-em-santos-neste-final-de-semana#primaryimage"},"image":{"@id":"https:\/\/redenoticiaz.com.br\/litoralsp\/2021\/11\/19\/festival-gastronomico-sera-realizado-em-santos-neste-final-de-semana#primaryimage"},"thumbnailUrl":"https:\/\/redenoticiaz.com.br\/litoralsp\/wp-content\/uploads\/sites\/3\/2021\/11\/festival1.jpg","datePublished":"2021-11-19T19:15:33+00:00","description":"O Festival Gastron\u00f4mico do Imigrante ser\u00e1 realizado em Santos neste final de semana. O local escolhido para receber o evento \u00e9 no Centro Hist\u00f3rico de Santos","inLanguage":"pt-BR","potentialAction":[{"@type":"ReadAction","target":["https:\/\/redenoticiaz.com.br\/litoralsp\/2021\/11\/19\/festival-gastronomico-sera-realizado-em-santos-neste-final-de-semana"]}]},{"@type":"ImageObject","inLanguage":"pt-BR","@id":"https:\/\/redenoticiaz.com.br\/litoralsp\/2021\/11\/19\/festival-gastronomico-sera-realizado-em-santos-neste-final-de-semana#primaryimage","url":"https:\/\/redenoticiaz.com.br\/litoralsp\/wp-content\/uploads\/sites\/3\/2021\/11\/festival1.jpg","contentUrl":"https:\/\/redenoticiaz.com.br\/litoralsp\/wp-content\/uploads\/sites\/3\/2021\/11\/festival1.jpg","width":927,"height":618,"caption":"Cr\u00e9ditos: Prefeitura Municipal de Santos"},{"@type":"WebSite","@id":"https:\/\/redenoticiaz.com.br\/litoralsp\/#website","url":"https:\/\/redenoticiaz.com.br\/litoralsp\/","name":"Litoral SP","description":"Rede NoticiaZ","publisher":{"@id":"https:\/\/redenoticiaz.com.br\/litoralsp\/#organization"},"potentialAction":[{"@type":"SearchAction","target":{"@type":"EntryPoint","urlTemplate":"https:\/\/redenoticiaz.com.br\/litoralsp\/?s={search_term_string}"},"query-input":{"@type":"PropertyValueSpecification","valueRequired":true,"valueName":"search_term_string"}}],"inLanguage":"pt-BR"},{"@type":"Organization","@id":"https:\/\/redenoticiaz.com.br\/litoralsp\/#organization","name":"Litoral SP","url":"https:\/\/redenoticiaz.com.br\/litoralsp\/","logo":{"@type":"ImageObject","inLanguage":"pt-BR","@id":"https:\/\/redenoticiaz.com.br\/litoralsp\/#\/schema\/logo\/image\/","url":"https:\/\/redenoticiaz.com.br\/litoralsp\/wp-content\/uploads\/sites\/3\/2020\/11\/logo.jpg","contentUrl":"https:\/\/redenoticiaz.com.br\/litoralsp\/wp-content\/uploads\/sites\/3\/2020\/11\/logo.jpg","width":400,"height":250,"caption":"Litoral SP"},"image":{"@id":"https:\/\/redenoticiaz.com.br\/litoralsp\/#\/schema\/logo\/image\/"}},{"@type":"Person","@id":"https:\/\/redenoticiaz.com.br\/litoralsp\/#\/schema\/person\/16057b37a3c0ee6b096d7f887c566e2e","name":"Gustavo Silva","image":{"@type":"ImageObject","inLanguage":"pt-BR","@id":"https:\/\/secure.gravatar.com\/avatar\/3ee4e82f93b26de0a7cf4ea5eb7893da637ed6bb0c9170c58065944c56e28a33?s=96&d=mm&r=g","url":"https:\/\/secure.gravatar.com\/avatar\/3ee4e82f93b26de0a7cf4ea5eb7893da637ed6bb0c9170c58065944c56e28a33?s=96&d=mm&r=g","contentUrl":"https:\/\/secure.gravatar.com\/avatar\/3ee4e82f93b26de0a7cf4ea5eb7893da637ed6bb0c9170c58065944c56e28a33?s=96&d=mm&r=g","caption":"Gustavo Silva"},"url":"https:\/\/redenoticiaz.com.br\/litoralsp\/author\/gustavosilva"}]}},"_links":{"self":[{"href":"https:\/\/redenoticiaz.com.br\/litoralsp\/wp-json\/wp\/v2\/posts\/18710","targetHints":{"allow":["GET"]}}],"collection":[{"href":"https:\/\/redenoticiaz.com.br\/litoralsp\/wp-json\/wp\/v2\/posts"}],"about":[{"href":"https:\/\/redenoticiaz.com.br\/litoralsp\/wp-json\/wp\/v2\/types\/post"}],"author":[{"embeddable":true,"href":"https:\/\/redenoticiaz.com.br\/litoralsp\/wp-json\/wp\/v2\/users\/12"}],"replies":[{"embeddable":true,"href":"https:\/\/redenoticiaz.com.br\/litoralsp\/wp-json\/wp\/v2\/comments?post=18710"}],"version-history":[{"count":1,"href":"https:\/\/redenoticiaz.com.br\/litoralsp\/wp-json\/wp\/v2\/posts\/18710\/revisions"}],"predecessor-version":[{"id":18712,"href":"https:\/\/redenoticiaz.com.br\/litoralsp\/wp-json\/wp\/v2\/posts\/18710\/revisions\/18712"}],"wp:featuredmedia":[{"embeddable":true,"href":"https:\/\/redenoticiaz.com.br\/litoralsp\/wp-json\/wp\/v2\/media\/18711"}],"wp:attachment":[{"href":"https:\/\/redenoticiaz.com.br\/litoralsp\/wp-json\/wp\/v2\/media?parent=18710"}],"wp:term":[{"taxonomy":"category","embeddable":true,"href":"https:\/\/redenoticiaz.com.br\/litoralsp\/wp-json\/wp\/v2\/categories?post=18710"},{"taxonomy":"post_tag","embeddable":true,"href":"https:\/\/redenoticiaz.com.br\/litoralsp\/wp-json\/wp\/v2\/tags?post=18710"}],"curies":[{"name":"wp","href":"https:\/\/api.w.org\/{rel}","templated":true}]}}