{"id":18830,"date":"2021-11-22T13:50:41","date_gmt":"2021-11-22T16:50:41","guid":{"rendered":"https:\/\/redenoticiaz.com.br\/litoralsp\/2021\/11\/22\/pfizer-tem-100-de-eficacia-contra-a-covid-19-em-adolescentes"},"modified":"2021-11-22T13:54:39","modified_gmt":"2021-11-22T16:54:39","slug":"pfizer-tem-100-de-eficacia-contra-a-covid-19-em-adolescentes","status":"publish","type":"post","link":"https:\/\/redenoticiaz.com.br\/litoralsp\/2021\/11\/22\/pfizer-tem-100-de-eficacia-contra-a-covid-19-em-adolescentes","title":{"rendered":"Pfizer tem 100% de efic\u00e1cia contra a Covid-19 em adolescentes"},"content":{"rendered":"<p>Nesta segunda-feira (22), os laborat\u00f3rios da <a href=\"https:\/\/www.pfizer.com.br\/\">Pfizer<\/a> e BioNTech informaram que a <strong>vacina contra a Covid-19<\/strong> delas tem 100% de efic\u00e1cia nos adolescentes de 12 a 15 anos. O imunizante tamb\u00e9m garante uma forte prote\u00e7\u00e3o de longo prazo contra o v\u00edrus.<\/p>\n<p>O resultado da pesquisa foi divulgado ap\u00f3s um estudo de fase 3, onde o p\u00fablico de 12 a 15 anos foi examinado. De acordo com o comunicado, n\u00e3o foi identificado efeito colateral relevante. Ap\u00f3s seis meses de observa\u00e7\u00e3o para seguran\u00e7a, as rea\u00e7\u00f5es foram consistentes com outros dados de seguran\u00e7a cl\u00ednica da vacina.<\/p>\n<p>Ao todo participaram 2.228 adolescentes e desses, 30 tiveram casos de Covid-19. De acordo com a Pfizer, os 30 casos confirmados de Covid-19 estavam no grupo placebo, indicando 100% de efic\u00e1cia da vacina.<\/p>\n<div class=\"mc-column content-text active-extra-styles \" data-block-type=\"unstyled\" data-block-weight=\"79\" data-block-id=\"7\">\n<p class=\"content-text__container \" data-track-category=\"Link no Texto\" data-track-links=\"\">\u201c\u00c0 medida que a comunidade global de sa\u00fade trabalha para aumentar o n\u00famero de pessoas vacinadas em todo o mundo, esses dados adicionais fornecem mais confian\u00e7a na seguran\u00e7a e no perfil de efic\u00e1cia de nossa vacina em adolescentes. Isso \u00e9 especialmente importante porque vemos as taxas de Covid-19 subindo nessa faixa et\u00e1ria em algumas regi\u00f5es. Estamos ansiosos para compartilhar esses dados com o FDA e outros reguladores&#8221;, disse Albert Bourla, presidente do conselho e diretor executivo da Pfizer.<\/p>\n<\/div>\n<div class=\"mc-column content-text active-extra-styles \" data-block-type=\"unstyled\" data-block-weight=\"10\" data-block-id=\"9\">\n<p class=\"content-text__container \" data-track-category=\"Link no Texto\" data-track-links=\"\">Pfizer e BioNTech planejam enviar os dados para revis\u00e3o cient\u00edfica. De acordo com os fabricantes, dados de 2.228 participantes do ensaio n\u00e3o identificaram nenhum caso de Covid entre os completamente vacinados, enquanto houve 30 casos sintom\u00e1ticos da doen\u00e7a no grupo que recebeu o placebo.<\/p>\n<div class=\"mc-column content-text active-extra-styles \" data-block-type=\"unstyled\" data-block-weight=\"28\" data-block-id=\"14\">\n<p class=\"content-text__container \" data-track-category=\"Link no Texto\" data-track-links=\"\">Os dados de longo prazo apoiar\u00e3o as submiss\u00f5es programadas para a aprova\u00e7\u00e3o regulat\u00f3ria total da vacina para essa faixa et\u00e1ria nos Estados Unidos e em todo o mundo.<\/p>\n<h3 data-track-category=\"Link no Texto\">Pr\u00f3ximos passos<\/h3>\n<div class=\"mc-column content-text active-extra-styles \" data-block-type=\"unstyled\" data-block-weight=\"24\" data-block-id=\"15\">\n<p class=\"content-text__container \" data-track-category=\"Link no Texto\" data-track-links=\"\">A Pfizer e a BioNTech buscar\u00e3o libera\u00e7\u00e3o para aplica\u00e7\u00e3o de uma dose de 30 microgramas da vacina em pessoas com 12 anos ou mais.<\/p>\n<\/div>\n<div class=\"mc-column content-text active-extra-styles \" data-block-type=\"unstyled\" data-block-weight=\"42\" data-block-id=\"17\">\n<p class=\"content-text__container \" data-track-category=\"Link no Texto\" data-track-links=\"\">A vacina foi autorizada para uso emergencial em adolescentes com idade entre 12 e 15 anos pela Ag\u00eancia de Alimentos e Medicamentos dos EUA (FDA) em maio, e obteve aprova\u00e7\u00e3o total para uso em pessoas com 16 anos ou mais em agosto.<\/p>\n<p data-track-category=\"Link no Texto\" data-track-links=\"\"><strong>LEIA TAMB\u00c9M<\/strong><\/p>\n<p data-track-category=\"Link no Texto\" data-track-links=\"\"><a href=\"https:\/\/redenoticiaz.com.br\/blog\/2021\/11\/22\/veja-o-cronograma-de-vacinacao-contra-a-covid-19-em-jundiai-e-regiao\">Veja o cronograma de vacina\u00e7\u00e3o contra a Covid-19 em Jundia\u00ed e Regi\u00e3o<\/a><\/p>\n<\/div>\n<\/div>\n<\/div>\n","protected":false},"excerpt":{"rendered":"<p>Nesta segunda-feira (22), os laborat\u00f3rios da Pfizer e BioNTech informaram que a vacina contra a Covid-19 delas tem 100% de efic\u00e1cia nos adolescentes de 12 a 15 anos. O imunizante tamb\u00e9m garante uma forte prote\u00e7\u00e3o de longo prazo contra o v\u00edrus. O resultado da pesquisa foi divulgado ap\u00f3s um estudo de fase 3, onde o &hellip;<\/p>\n","protected":false},"author":6,"featured_media":18831,"comment_status":"open","ping_status":"closed","sticky":false,"template":"","format":"standard","meta":{"footnotes":""},"categories":[23],"tags":[1247,1720,1249,42769,18808],"class_list":["post-18830","post","type-post","status-publish","format-standard","has-post-thumbnail","hentry","category-saude","tag-biontech","tag-estudo","tag-pfizer","tag-protecao-em-adolescentes","tag-vacina-contra-a-covid"],"yoast_head":"<!-- This site is optimized with the Yoast SEO plugin v27.4 - https:\/\/yoast.com\/product\/yoast-seo-wordpress\/ -->\n<title>Pfizer tem 100% de efic\u00e1cia contra a Covid-19 em adolescentes - Litoral SP<\/title>\n<meta name=\"description\" content=\"os laborat\u00f3rios da Pfizer e BioNTech informaram que a vacina contra a Covid-19 delas tem 100% de efic\u00e1cia nos adolescentes\" \/>\n<meta name=\"robots\" content=\"index, follow, max-snippet:-1, max-image-preview:large, max-video-preview:-1\" \/>\n<link rel=\"canonical\" href=\"https:\/\/redenoticiaz.com.br\/litoralsp\/2021\/11\/22\/pfizer-tem-100-de-eficacia-contra-a-covid-19-em-adolescentes\" \/>\n<meta property=\"og:locale\" content=\"pt_BR\" \/>\n<meta property=\"og:type\" content=\"article\" \/>\n<meta property=\"og:title\" content=\"Pfizer tem 100% de efic\u00e1cia contra a Covid-19 em adolescentes - Litoral SP\" \/>\n<meta property=\"og:description\" content=\"os laborat\u00f3rios da Pfizer e BioNTech informaram que a vacina contra a Covid-19 delas tem 100% de efic\u00e1cia nos adolescentes\" \/>\n<meta property=\"og:url\" content=\"https:\/\/redenoticiaz.com.br\/litoralsp\/2021\/11\/22\/pfizer-tem-100-de-eficacia-contra-a-covid-19-em-adolescentes\" \/>\n<meta property=\"og:site_name\" content=\"Litoral SP\" \/>\n<meta property=\"article:published_time\" content=\"2021-11-22T16:50:41+00:00\" \/>\n<meta property=\"article:modified_time\" content=\"2021-11-22T16:54:39+00:00\" \/>\n<meta property=\"og:image\" content=\"https:\/\/redenoticiaz.com.br\/litoralsp\/wp-content\/uploads\/sites\/3\/2021\/11\/pfizer-3.jpg\" \/>\n\t<meta property=\"og:image:width\" content=\"984\" \/>\n\t<meta property=\"og:image:height\" content=\"589\" \/>\n\t<meta property=\"og:image:type\" content=\"image\/jpeg\" \/>\n<meta name=\"author\" content=\"Leonardo Francisco\" \/>\n<meta name=\"twitter:card\" content=\"summary_large_image\" \/>\n<meta name=\"twitter:label1\" content=\"Escrito por\" \/>\n\t<meta name=\"twitter:data1\" content=\"Leonardo Francisco\" \/>\n\t<meta name=\"twitter:label2\" content=\"Est. tempo de leitura\" \/>\n\t<meta name=\"twitter:data2\" content=\"2 minutos\" \/>\n<script type=\"application\/ld+json\" class=\"yoast-schema-graph\">{\"@context\":\"https:\\\/\\\/schema.org\",\"@graph\":[{\"@type\":\"Article\",\"@id\":\"https:\\\/\\\/redenoticiaz.com.br\\\/litoralsp\\\/2021\\\/11\\\/22\\\/pfizer-tem-100-de-eficacia-contra-a-covid-19-em-adolescentes#article\",\"isPartOf\":{\"@id\":\"https:\\\/\\\/redenoticiaz.com.br\\\/litoralsp\\\/2021\\\/11\\\/22\\\/pfizer-tem-100-de-eficacia-contra-a-covid-19-em-adolescentes\"},\"author\":{\"name\":\"Leonardo Francisco\",\"@id\":\"https:\\\/\\\/redenoticiaz.com.br\\\/litoralsp\\\/#\\\/schema\\\/person\\\/0f0b8a5bdafefe82841e07ae8d81ecb3\"},\"headline\":\"Pfizer tem 100% de efic\u00e1cia contra a Covid-19 em adolescentes\",\"datePublished\":\"2021-11-22T16:50:41+00:00\",\"dateModified\":\"2021-11-22T16:54:39+00:00\",\"mainEntityOfPage\":{\"@id\":\"https:\\\/\\\/redenoticiaz.com.br\\\/litoralsp\\\/2021\\\/11\\\/22\\\/pfizer-tem-100-de-eficacia-contra-a-covid-19-em-adolescentes\"},\"wordCount\":389,\"commentCount\":0,\"publisher\":{\"@id\":\"https:\\\/\\\/redenoticiaz.com.br\\\/litoralsp\\\/#organization\"},\"image\":{\"@id\":\"https:\\\/\\\/redenoticiaz.com.br\\\/litoralsp\\\/2021\\\/11\\\/22\\\/pfizer-tem-100-de-eficacia-contra-a-covid-19-em-adolescentes#primaryimage\"},\"thumbnailUrl\":\"https:\\\/\\\/redenoticiaz.com.br\\\/litoralsp\\\/wp-content\\\/uploads\\\/sites\\\/3\\\/2021\\\/11\\\/pfizer-3.jpg\",\"keywords\":[\"BIONTECH\",\"ESTUDO\",\"Pfizer\",\"PROTE\u00c7\u00c3O EM ADOLESCENTES\",\"VACINA CONTRA A COVID\"],\"articleSection\":[\"Sa\u00fade\"],\"inLanguage\":\"pt-BR\",\"potentialAction\":[{\"@type\":\"CommentAction\",\"name\":\"Comment\",\"target\":[\"https:\\\/\\\/redenoticiaz.com.br\\\/litoralsp\\\/2021\\\/11\\\/22\\\/pfizer-tem-100-de-eficacia-contra-a-covid-19-em-adolescentes#respond\"]}]},{\"@type\":\"WebPage\",\"@id\":\"https:\\\/\\\/redenoticiaz.com.br\\\/litoralsp\\\/2021\\\/11\\\/22\\\/pfizer-tem-100-de-eficacia-contra-a-covid-19-em-adolescentes\",\"url\":\"https:\\\/\\\/redenoticiaz.com.br\\\/litoralsp\\\/2021\\\/11\\\/22\\\/pfizer-tem-100-de-eficacia-contra-a-covid-19-em-adolescentes\",\"name\":\"Pfizer tem 100% de efic\u00e1cia contra a Covid-19 em adolescentes - Litoral SP\",\"isPartOf\":{\"@id\":\"https:\\\/\\\/redenoticiaz.com.br\\\/litoralsp\\\/#website\"},\"primaryImageOfPage\":{\"@id\":\"https:\\\/\\\/redenoticiaz.com.br\\\/litoralsp\\\/2021\\\/11\\\/22\\\/pfizer-tem-100-de-eficacia-contra-a-covid-19-em-adolescentes#primaryimage\"},\"image\":{\"@id\":\"https:\\\/\\\/redenoticiaz.com.br\\\/litoralsp\\\/2021\\\/11\\\/22\\\/pfizer-tem-100-de-eficacia-contra-a-covid-19-em-adolescentes#primaryimage\"},\"thumbnailUrl\":\"https:\\\/\\\/redenoticiaz.com.br\\\/litoralsp\\\/wp-content\\\/uploads\\\/sites\\\/3\\\/2021\\\/11\\\/pfizer-3.jpg\",\"datePublished\":\"2021-11-22T16:50:41+00:00\",\"dateModified\":\"2021-11-22T16:54:39+00:00\",\"description\":\"os laborat\u00f3rios da Pfizer e BioNTech informaram que a vacina contra a Covid-19 delas tem 100% de efic\u00e1cia nos adolescentes\",\"inLanguage\":\"pt-BR\",\"potentialAction\":[{\"@type\":\"ReadAction\",\"target\":[\"https:\\\/\\\/redenoticiaz.com.br\\\/litoralsp\\\/2021\\\/11\\\/22\\\/pfizer-tem-100-de-eficacia-contra-a-covid-19-em-adolescentes\"]}]},{\"@type\":\"ImageObject\",\"inLanguage\":\"pt-BR\",\"@id\":\"https:\\\/\\\/redenoticiaz.com.br\\\/litoralsp\\\/2021\\\/11\\\/22\\\/pfizer-tem-100-de-eficacia-contra-a-covid-19-em-adolescentes#primaryimage\",\"url\":\"https:\\\/\\\/redenoticiaz.com.br\\\/litoralsp\\\/wp-content\\\/uploads\\\/sites\\\/3\\\/2021\\\/11\\\/pfizer-3.jpg\",\"contentUrl\":\"https:\\\/\\\/redenoticiaz.com.br\\\/litoralsp\\\/wp-content\\\/uploads\\\/sites\\\/3\\\/2021\\\/11\\\/pfizer-3.jpg\",\"width\":984,\"height\":589},{\"@type\":\"WebSite\",\"@id\":\"https:\\\/\\\/redenoticiaz.com.br\\\/litoralsp\\\/#website\",\"url\":\"https:\\\/\\\/redenoticiaz.com.br\\\/litoralsp\\\/\",\"name\":\"Litoral SP\",\"description\":\"Rede NoticiaZ\",\"publisher\":{\"@id\":\"https:\\\/\\\/redenoticiaz.com.br\\\/litoralsp\\\/#organization\"},\"potentialAction\":[{\"@type\":\"SearchAction\",\"target\":{\"@type\":\"EntryPoint\",\"urlTemplate\":\"https:\\\/\\\/redenoticiaz.com.br\\\/litoralsp\\\/?s={search_term_string}\"},\"query-input\":{\"@type\":\"PropertyValueSpecification\",\"valueRequired\":true,\"valueName\":\"search_term_string\"}}],\"inLanguage\":\"pt-BR\"},{\"@type\":\"Organization\",\"@id\":\"https:\\\/\\\/redenoticiaz.com.br\\\/litoralsp\\\/#organization\",\"name\":\"Litoral SP\",\"url\":\"https:\\\/\\\/redenoticiaz.com.br\\\/litoralsp\\\/\",\"logo\":{\"@type\":\"ImageObject\",\"inLanguage\":\"pt-BR\",\"@id\":\"https:\\\/\\\/redenoticiaz.com.br\\\/litoralsp\\\/#\\\/schema\\\/logo\\\/image\\\/\",\"url\":\"https:\\\/\\\/redenoticiaz.com.br\\\/litoralsp\\\/wp-content\\\/uploads\\\/sites\\\/3\\\/2020\\\/11\\\/logo.jpg\",\"contentUrl\":\"https:\\\/\\\/redenoticiaz.com.br\\\/litoralsp\\\/wp-content\\\/uploads\\\/sites\\\/3\\\/2020\\\/11\\\/logo.jpg\",\"width\":400,\"height\":250,\"caption\":\"Litoral SP\"},\"image\":{\"@id\":\"https:\\\/\\\/redenoticiaz.com.br\\\/litoralsp\\\/#\\\/schema\\\/logo\\\/image\\\/\"}},{\"@type\":\"Person\",\"@id\":\"https:\\\/\\\/redenoticiaz.com.br\\\/litoralsp\\\/#\\\/schema\\\/person\\\/0f0b8a5bdafefe82841e07ae8d81ecb3\",\"name\":\"Leonardo Francisco\",\"image\":{\"@type\":\"ImageObject\",\"inLanguage\":\"pt-BR\",\"@id\":\"https:\\\/\\\/secure.gravatar.com\\\/avatar\\\/a7358cb406a99b682ec6df1e77e31ae82e63601f6784e8a3df411d72b37864da?s=96&d=mm&r=g\",\"url\":\"https:\\\/\\\/secure.gravatar.com\\\/avatar\\\/a7358cb406a99b682ec6df1e77e31ae82e63601f6784e8a3df411d72b37864da?s=96&d=mm&r=g\",\"contentUrl\":\"https:\\\/\\\/secure.gravatar.com\\\/avatar\\\/a7358cb406a99b682ec6df1e77e31ae82e63601f6784e8a3df411d72b37864da?s=96&d=mm&r=g\",\"caption\":\"Leonardo Francisco\"},\"url\":\"https:\\\/\\\/redenoticiaz.com.br\\\/litoralsp\\\/author\\\/leonardo-francisco\"}]}<\/script>\n<!-- \/ Yoast SEO plugin. -->","yoast_head_json":{"title":"Pfizer tem 100% de efic\u00e1cia contra a Covid-19 em adolescentes - Litoral SP","description":"os laborat\u00f3rios da Pfizer e BioNTech informaram que a vacina contra a Covid-19 delas tem 100% de efic\u00e1cia nos adolescentes","robots":{"index":"index","follow":"follow","max-snippet":"max-snippet:-1","max-image-preview":"max-image-preview:large","max-video-preview":"max-video-preview:-1"},"canonical":"https:\/\/redenoticiaz.com.br\/litoralsp\/2021\/11\/22\/pfizer-tem-100-de-eficacia-contra-a-covid-19-em-adolescentes","og_locale":"pt_BR","og_type":"article","og_title":"Pfizer tem 100% de efic\u00e1cia contra a Covid-19 em adolescentes - Litoral SP","og_description":"os laborat\u00f3rios da Pfizer e BioNTech informaram que a vacina contra a Covid-19 delas tem 100% de efic\u00e1cia nos adolescentes","og_url":"https:\/\/redenoticiaz.com.br\/litoralsp\/2021\/11\/22\/pfizer-tem-100-de-eficacia-contra-a-covid-19-em-adolescentes","og_site_name":"Litoral SP","article_published_time":"2021-11-22T16:50:41+00:00","article_modified_time":"2021-11-22T16:54:39+00:00","og_image":[{"width":984,"height":589,"url":"https:\/\/redenoticiaz.com.br\/litoralsp\/wp-content\/uploads\/sites\/3\/2021\/11\/pfizer-3.jpg","type":"image\/jpeg"}],"author":"Leonardo Francisco","twitter_card":"summary_large_image","twitter_misc":{"Escrito por":"Leonardo Francisco","Est. tempo de leitura":"2 minutos"},"schema":{"@context":"https:\/\/schema.org","@graph":[{"@type":"Article","@id":"https:\/\/redenoticiaz.com.br\/litoralsp\/2021\/11\/22\/pfizer-tem-100-de-eficacia-contra-a-covid-19-em-adolescentes#article","isPartOf":{"@id":"https:\/\/redenoticiaz.com.br\/litoralsp\/2021\/11\/22\/pfizer-tem-100-de-eficacia-contra-a-covid-19-em-adolescentes"},"author":{"name":"Leonardo Francisco","@id":"https:\/\/redenoticiaz.com.br\/litoralsp\/#\/schema\/person\/0f0b8a5bdafefe82841e07ae8d81ecb3"},"headline":"Pfizer tem 100% de efic\u00e1cia contra a Covid-19 em adolescentes","datePublished":"2021-11-22T16:50:41+00:00","dateModified":"2021-11-22T16:54:39+00:00","mainEntityOfPage":{"@id":"https:\/\/redenoticiaz.com.br\/litoralsp\/2021\/11\/22\/pfizer-tem-100-de-eficacia-contra-a-covid-19-em-adolescentes"},"wordCount":389,"commentCount":0,"publisher":{"@id":"https:\/\/redenoticiaz.com.br\/litoralsp\/#organization"},"image":{"@id":"https:\/\/redenoticiaz.com.br\/litoralsp\/2021\/11\/22\/pfizer-tem-100-de-eficacia-contra-a-covid-19-em-adolescentes#primaryimage"},"thumbnailUrl":"https:\/\/redenoticiaz.com.br\/litoralsp\/wp-content\/uploads\/sites\/3\/2021\/11\/pfizer-3.jpg","keywords":["BIONTECH","ESTUDO","Pfizer","PROTE\u00c7\u00c3O EM ADOLESCENTES","VACINA CONTRA A COVID"],"articleSection":["Sa\u00fade"],"inLanguage":"pt-BR","potentialAction":[{"@type":"CommentAction","name":"Comment","target":["https:\/\/redenoticiaz.com.br\/litoralsp\/2021\/11\/22\/pfizer-tem-100-de-eficacia-contra-a-covid-19-em-adolescentes#respond"]}]},{"@type":"WebPage","@id":"https:\/\/redenoticiaz.com.br\/litoralsp\/2021\/11\/22\/pfizer-tem-100-de-eficacia-contra-a-covid-19-em-adolescentes","url":"https:\/\/redenoticiaz.com.br\/litoralsp\/2021\/11\/22\/pfizer-tem-100-de-eficacia-contra-a-covid-19-em-adolescentes","name":"Pfizer tem 100% de efic\u00e1cia contra a Covid-19 em adolescentes - Litoral SP","isPartOf":{"@id":"https:\/\/redenoticiaz.com.br\/litoralsp\/#website"},"primaryImageOfPage":{"@id":"https:\/\/redenoticiaz.com.br\/litoralsp\/2021\/11\/22\/pfizer-tem-100-de-eficacia-contra-a-covid-19-em-adolescentes#primaryimage"},"image":{"@id":"https:\/\/redenoticiaz.com.br\/litoralsp\/2021\/11\/22\/pfizer-tem-100-de-eficacia-contra-a-covid-19-em-adolescentes#primaryimage"},"thumbnailUrl":"https:\/\/redenoticiaz.com.br\/litoralsp\/wp-content\/uploads\/sites\/3\/2021\/11\/pfizer-3.jpg","datePublished":"2021-11-22T16:50:41+00:00","dateModified":"2021-11-22T16:54:39+00:00","description":"os laborat\u00f3rios da Pfizer e BioNTech informaram que a vacina contra a Covid-19 delas tem 100% de efic\u00e1cia nos adolescentes","inLanguage":"pt-BR","potentialAction":[{"@type":"ReadAction","target":["https:\/\/redenoticiaz.com.br\/litoralsp\/2021\/11\/22\/pfizer-tem-100-de-eficacia-contra-a-covid-19-em-adolescentes"]}]},{"@type":"ImageObject","inLanguage":"pt-BR","@id":"https:\/\/redenoticiaz.com.br\/litoralsp\/2021\/11\/22\/pfizer-tem-100-de-eficacia-contra-a-covid-19-em-adolescentes#primaryimage","url":"https:\/\/redenoticiaz.com.br\/litoralsp\/wp-content\/uploads\/sites\/3\/2021\/11\/pfizer-3.jpg","contentUrl":"https:\/\/redenoticiaz.com.br\/litoralsp\/wp-content\/uploads\/sites\/3\/2021\/11\/pfizer-3.jpg","width":984,"height":589},{"@type":"WebSite","@id":"https:\/\/redenoticiaz.com.br\/litoralsp\/#website","url":"https:\/\/redenoticiaz.com.br\/litoralsp\/","name":"Litoral SP","description":"Rede NoticiaZ","publisher":{"@id":"https:\/\/redenoticiaz.com.br\/litoralsp\/#organization"},"potentialAction":[{"@type":"SearchAction","target":{"@type":"EntryPoint","urlTemplate":"https:\/\/redenoticiaz.com.br\/litoralsp\/?s={search_term_string}"},"query-input":{"@type":"PropertyValueSpecification","valueRequired":true,"valueName":"search_term_string"}}],"inLanguage":"pt-BR"},{"@type":"Organization","@id":"https:\/\/redenoticiaz.com.br\/litoralsp\/#organization","name":"Litoral SP","url":"https:\/\/redenoticiaz.com.br\/litoralsp\/","logo":{"@type":"ImageObject","inLanguage":"pt-BR","@id":"https:\/\/redenoticiaz.com.br\/litoralsp\/#\/schema\/logo\/image\/","url":"https:\/\/redenoticiaz.com.br\/litoralsp\/wp-content\/uploads\/sites\/3\/2020\/11\/logo.jpg","contentUrl":"https:\/\/redenoticiaz.com.br\/litoralsp\/wp-content\/uploads\/sites\/3\/2020\/11\/logo.jpg","width":400,"height":250,"caption":"Litoral SP"},"image":{"@id":"https:\/\/redenoticiaz.com.br\/litoralsp\/#\/schema\/logo\/image\/"}},{"@type":"Person","@id":"https:\/\/redenoticiaz.com.br\/litoralsp\/#\/schema\/person\/0f0b8a5bdafefe82841e07ae8d81ecb3","name":"Leonardo Francisco","image":{"@type":"ImageObject","inLanguage":"pt-BR","@id":"https:\/\/secure.gravatar.com\/avatar\/a7358cb406a99b682ec6df1e77e31ae82e63601f6784e8a3df411d72b37864da?s=96&d=mm&r=g","url":"https:\/\/secure.gravatar.com\/avatar\/a7358cb406a99b682ec6df1e77e31ae82e63601f6784e8a3df411d72b37864da?s=96&d=mm&r=g","contentUrl":"https:\/\/secure.gravatar.com\/avatar\/a7358cb406a99b682ec6df1e77e31ae82e63601f6784e8a3df411d72b37864da?s=96&d=mm&r=g","caption":"Leonardo Francisco"},"url":"https:\/\/redenoticiaz.com.br\/litoralsp\/author\/leonardo-francisco"}]}},"_links":{"self":[{"href":"https:\/\/redenoticiaz.com.br\/litoralsp\/wp-json\/wp\/v2\/posts\/18830","targetHints":{"allow":["GET"]}}],"collection":[{"href":"https:\/\/redenoticiaz.com.br\/litoralsp\/wp-json\/wp\/v2\/posts"}],"about":[{"href":"https:\/\/redenoticiaz.com.br\/litoralsp\/wp-json\/wp\/v2\/types\/post"}],"author":[{"embeddable":true,"href":"https:\/\/redenoticiaz.com.br\/litoralsp\/wp-json\/wp\/v2\/users\/6"}],"replies":[{"embeddable":true,"href":"https:\/\/redenoticiaz.com.br\/litoralsp\/wp-json\/wp\/v2\/comments?post=18830"}],"version-history":[{"count":1,"href":"https:\/\/redenoticiaz.com.br\/litoralsp\/wp-json\/wp\/v2\/posts\/18830\/revisions"}],"predecessor-version":[{"id":18832,"href":"https:\/\/redenoticiaz.com.br\/litoralsp\/wp-json\/wp\/v2\/posts\/18830\/revisions\/18832"}],"wp:featuredmedia":[{"embeddable":true,"href":"https:\/\/redenoticiaz.com.br\/litoralsp\/wp-json\/wp\/v2\/media\/18831"}],"wp:attachment":[{"href":"https:\/\/redenoticiaz.com.br\/litoralsp\/wp-json\/wp\/v2\/media?parent=18830"}],"wp:term":[{"taxonomy":"category","embeddable":true,"href":"https:\/\/redenoticiaz.com.br\/litoralsp\/wp-json\/wp\/v2\/categories?post=18830"},{"taxonomy":"post_tag","embeddable":true,"href":"https:\/\/redenoticiaz.com.br\/litoralsp\/wp-json\/wp\/v2\/tags?post=18830"}],"curies":[{"name":"wp","href":"https:\/\/api.w.org\/{rel}","templated":true}]}}